{"id":200311,"date":"2024-02-07T07:09:20","date_gmt":"2024-02-07T06:09:20","guid":{"rendered":"https:\/\/newsestlyonnais.fr\/site\/?p=200311"},"modified":"2024-06-09T17:38:54","modified_gmt":"2024-06-09T16:38:54","slug":"carnaval-les-evenements-programmes-2","status":"publish","type":"post","link":"https:\/\/newsestlyonnais.fr\/site\/2024\/02\/07\/carnaval-les-evenements-programmes-2\/","title":{"rendered":"CARNAVAL | Les \u00e9v\u00e8nements programm\u00e9s"},"content":{"rendered":"<p><span style=\"background-color: #000000; color: #ffcc00; font-size: 14pt;\"><strong>C<\/strong><strong>ALUIRE<\/strong><\/span><\/p>\n<p><strong>&gt; <\/strong>Enfants, parents, seul, en famille ou entre amis, chacun est invit\u00e9 \u00e0 enfiler son plus beau d\u00e9guisement pour la grande parade emmen\u00e9e par le char du carnaval. Au programme :<\/p>\n<div class=\"field field-name-body field-type-text-with-summary field-label-hidden\">\n<div class=\"field-items\">\n<div class=\"field-item even\">\n<div class=\"field field-name-body field-type-text-with-summary field-label-hidden\">\n<div class=\"field-items\">\n<div class=\"field-item even\">\n<ul>\n<li>14 h 30 : D\u00e9fil\u00e9 au d\u00e9part de l&rsquo;aire de jeu des Droits de l&rsquo;enfant (angle Voie verte \/ avenue Jean Monnet) jusqu&rsquo;\u00e0 l&rsquo;Esplanade de l&rsquo;H\u00f4tel de Ville<\/li>\n<li>15 h 30 : Arriv\u00e9e sur l&rsquo;Esplanade<\/li>\n<li>16 h : Embrasement de \u00ab\u00a0Monsieur Carnaval\u00a0\u00bb sur l&rsquo;Esplanade<\/li>\n<\/ul>\n<\/div>\n<\/div>\n<\/div>\n<\/div>\n<\/div>\n<\/div>\n<p><span style=\"color: #ff6600;\"><strong><span style=\"background-color: #000000;\">Dimanche 3 mars 2024 \/ Square des Droits de l&rsquo;enfant et Esplanade de l&rsquo;H\u00f4tel de Ville<\/span><\/strong><\/span><\/p>\n<hr \/>\n<p><span style=\"font-size: 14pt; background-color: #000000; color: #ffcc00;\"><strong>CORBAS <\/strong><\/span><\/p>\n<p><strong>&gt; 18\u00b0 \u00e9dition \u00ab\u00a0Embarquement imm\u00e9diat\u00a0\u00bb<\/strong><\/p>\n<p>Organis\u00e9 par les Carnavaliers et la Ville, le grand Carnaval de Corbas signe son retour. <a href=\"https:\/\/corbas.fr\/vie-locale\/10741\/\"><span style=\"background-color: #000000; color: #3366ff;\"><strong>+ d&rsquo;infos<\/strong><\/span><\/a>.<strong><br \/>\n<\/strong><\/p>\n<p><strong><span style=\"background-color: #000000; color: #ff6600;\">Samedi 10 f\u00e9vrier 2024 \/ d\u00e9part \u00e0 14 h 30 \u00e0 l\u2019angle Avenue des Fr\u00e8res Lumi\u00e8re\/Corbetta<\/span><\/strong><\/p>\n<hr \/>\n<p><span style=\"font-size: 14pt;\"><strong><span style=\"background-color: #000000; color: #ffcc00;\">DECINES<\/span> <\/strong><\/span><\/p>\n<p><span style=\"font-size: 14pt;\"><strong>&gt; <\/strong><\/span><strong>Carnaval Olympique<\/strong>. Venez nombreux en famille ou entre amis passer un apr\u00e8s-midi convivial et costum\u00e9, autour du sport et de l\u2019esprit olympique<strong>. <\/strong><a href=\"https:\/\/www.decines-charpieu.fr\/evenement\/3453\/217-actualite.htm\"><span style=\"background-color: #000000; color: #3366ff;\"><strong>+ d&rsquo;infos<\/strong><\/span><\/a>.<\/p>\n<p><span style=\"color: #ff6600;\"><strong><span style=\"background-color: #000000;\"><del>Samedi 10 f\u00e9vrier 2024<\/del> \/ Report\u00e9 au samedi 2 mars 2024<br \/>\n<\/span><\/strong><\/span><\/p>\n<hr \/>\n<p><strong><span style=\"background-color: #000000; color: #ffcc00; font-size: 14pt;\">GENAS<\/span> <\/strong><\/p>\n<p>&gt; <strong>Carnaval des \u00e9coles. <\/strong>Le d\u00e9fil\u00e9 du Carnaval des 5 \u00e9coles de la commune d\u00e9ambule dans les rues jusqu\u2019\u00e0 la place de la R\u00e9publique.<\/p>\n<p><span style=\"background-color: #000000; color: #ff6600;\"><strong>Samedi 9 mars 2024 \/ \u00e0 13 h30, d\u00e9part d\u2019Azieu<\/strong><\/span><\/p>\n<hr \/>\n<p><span style=\"background-color: #000000; color: #ffcc00; font-size: 14pt;\"><strong>JONAGE<\/strong><\/span><\/p>\n<ul>\n<li><strong>Spectacle \u00ab\u00a0Ludovic le magicien \u00a0\u00bb <a href=\"https:\/\/www.mairiedejonage.com\/le-carnaval-cest-le-21-fevrier\/\"><span style=\"color: #3366ff; background-color: #000000;\">+ d&rsquo;infos<\/span>.<br \/>\n<\/a><\/strong><\/li>\n<\/ul>\n<p><strong><span style=\"background-color: #000000; color: #ff6600;\">Mercredi 21 f\u00e9vrier 2024 \/ \u00e0 14 h \/ Salle Agora II<\/span><\/strong><\/p>\n<hr \/>\n<p><span style=\"font-size: 14pt; background-color: #000000; color: #ffcc00;\"><strong>MIONS<\/strong><\/span><\/p>\n<ul>\n<li><span class=\"x193iq5w xeuugli x13faqbe x1vvkbs x1xmvt09 x1lliihq x1s928wv xhkezso x1gmr53x x1cpjm7i x1fgarty x1943h6x xudqn12 x3x7a5m x6prxxf xvq8zen xo1l8bm xzsf02u\" dir=\"auto\"><strong>\ud835\uddd6\ud835\uddee\ud835\uddff\ud835\uddfb\ud835\uddee\ud835\ude03\ud835\uddee\ud835\uddf9 \ud835\uddf1\ud835\ude02 \ud835\udde3\ud835\uddff\ud835\uddf6\ud835\uddfb\ud835\ude01\ud835\uddf2\ud835\uddfa\ud835\uddfd\ud835\ude00<\/strong> <\/span><\/li>\n<\/ul>\n<div class=\"x11i5rnm xat24cr x1mh8g0r x1vvkbs xtlvy1s\"><strong><span style=\"background-color: #000000; color: #ff6600;\">Samedi 23 mars \/ D\u00e9part de la halle Miachon \/ \u00e0 14 h 30<\/span><\/strong><\/div>\n<hr \/>\n<p><span style=\"font-size: 14pt; background-color: #000000; color: #ffcc00;\"><strong>SAINT-PIERRE-DE-CHANDIEU<\/strong> <\/span><\/p>\n<p><strong>&gt; 56\u00b0 Carnaval, th\u00e8me de cette ann\u00e9e : <\/strong><strong>\u00ab Sa majest\u00e9 Roy des \u00celes \u00bb <\/strong><span style=\"color: #3366ff;\"><a style=\"color: #3366ff;\" href=\"https:\/\/www.mairie-stpierredechandieu.com\/index.php\/accueil\/tout-l-agenda\/565-carnaval-56\"><span style=\"background-color: #000000;\"><strong>+ d&rsquo;infos<\/strong><\/span><\/a><\/span><strong>.<br \/>\n<\/strong><\/p>\n<p><strong><span style=\"background-color: #000000; color: #ff6600;\">Du vendredi 8 au dimanche 10 mars 2024<\/span><\/strong><\/p>\n<hr \/>\n","protected":false},"excerpt":{"rendered":"<p>Plusieurs communes proposent des animations dans le cadre d&rsquo;un moment fort et d\u00e9guis\u00e9 ! <\/p>\n","protected":false},"author":4,"featured_media":152947,"comment_status":"open","ping_status":"open","sticky":false,"template":"","format":"standard","meta":{"footnotes":""},"categories":[1620,4152,270,1287,21,1598,1303,1293],"tags":[2290],"class_list":["post-200311","post","type-post","status-publish","format-standard","has-post-thumbnail","hentry","category-caluire","category-caluire-rillieux-la-pape","category-cte-de-communes-c-c-e-l","category-corbas-feyzin","category-decines-charpieu","category-genas","category-jonage","category-st-pierre-de-chandieu-toussieu","tag-carnaval"],"yoast_head":"<!-- This site is optimized with the Yoast SEO plugin v27.2 - https:\/\/yoast.com\/product\/yoast-seo-wordpress\/ -->\n<title>CARNAVAL | Les \u00e9v\u00e8nements programm\u00e9s - News Est Lyonnais<\/title>\n<meta name=\"description\" content=\"CARNAVAL | Les \u00e9v\u00e8nements programm\u00e9s\" \/>\n<meta name=\"robots\" content=\"index, follow, max-snippet:-1, max-image-preview:large, max-video-preview:-1\" \/>\n<link rel=\"canonical\" href=\"https:\/\/newsestlyonnais.fr\/site\/2024\/02\/07\/carnaval-les-evenements-programmes-2\/\" \/>\n<meta property=\"og:locale\" content=\"fr_FR\" \/>\n<meta property=\"og:type\" content=\"article\" \/>\n<meta property=\"og:title\" content=\"CARNAVAL | Les \u00e9v\u00e8nements programm\u00e9s - News Est Lyonnais\" \/>\n<meta property=\"og:description\" content=\"CARNAVAL | Les \u00e9v\u00e8nements programm\u00e9s\" \/>\n<meta property=\"og:url\" content=\"https:\/\/newsestlyonnais.fr\/site\/2024\/02\/07\/carnaval-les-evenements-programmes-2\/\" \/>\n<meta property=\"og:site_name\" content=\"News Est Lyonnais\" \/>\n<meta property=\"article:author\" content=\"https:\/\/www.facebook.com\/pascal.oberson.1?fref=ts\" \/>\n<meta property=\"article:published_time\" content=\"2024-02-07T06:09:20+00:00\" \/>\n<meta property=\"article:modified_time\" content=\"2024-06-09T16:38:54+00:00\" \/>\n<meta property=\"og:image\" content=\"https:\/\/newsestlyonnais.fr\/site\/wp-content\/uploads\/2022\/04\/P1470433.jpg\" \/>\n\t<meta property=\"og:image:width\" content=\"1200\" \/>\n\t<meta property=\"og:image:height\" content=\"900\" \/>\n\t<meta property=\"og:image:type\" content=\"image\/jpeg\" \/>\n<meta name=\"author\" content=\"R\u00e9dac. NEWS\" \/>\n<meta name=\"twitter:card\" content=\"summary_large_image\" \/>\n<meta name=\"twitter:label1\" content=\"\u00c9crit par\" \/>\n\t<meta name=\"twitter:data1\" content=\"R\u00e9dac. NEWS\" \/>\n\t<meta name=\"twitter:label2\" content=\"Dur\u00e9e de lecture estim\u00e9e\" \/>\n\t<meta name=\"twitter:data2\" content=\"2 minutes\" \/>\n<script type=\"application\/ld+json\" class=\"yoast-schema-graph\">{\"@context\":\"https:\/\/schema.org\",\"@graph\":[{\"@type\":\"Article\",\"@id\":\"https:\/\/newsestlyonnais.fr\/site\/2024\/02\/07\/carnaval-les-evenements-programmes-2\/#article\",\"isPartOf\":{\"@id\":\"https:\/\/newsestlyonnais.fr\/site\/2024\/02\/07\/carnaval-les-evenements-programmes-2\/\"},\"author\":{\"name\":\"R\u00e9dac. NEWS\",\"@id\":\"https:\/\/newsestlyonnais.fr\/site\/#\/schema\/person\/3230d5615f390bb808365d673001e887\"},\"headline\":\"CARNAVAL | Les \u00e9v\u00e8nements programm\u00e9s\",\"datePublished\":\"2024-02-07T06:09:20+00:00\",\"dateModified\":\"2024-06-09T16:38:54+00:00\",\"mainEntityOfPage\":{\"@id\":\"https:\/\/newsestlyonnais.fr\/site\/2024\/02\/07\/carnaval-les-evenements-programmes-2\/\"},\"wordCount\":252,\"commentCount\":0,\"publisher\":{\"@id\":\"https:\/\/newsestlyonnais.fr\/site\/#organization\"},\"image\":{\"@id\":\"https:\/\/newsestlyonnais.fr\/site\/2024\/02\/07\/carnaval-les-evenements-programmes-2\/#primaryimage\"},\"thumbnailUrl\":\"https:\/\/newsestlyonnais.fr\/site\/wp-content\/uploads\/2022\/04\/P1470433.jpg\",\"keywords\":[\"CARNAVAL\"],\"articleSection\":[\"Caluire\",\"CALUIRE | RILLIEUX LA PAPE\",\"CCEL | Communes\",\"Corbas | Feyzin\",\"D\u00e9cines-Charpieu\",\"Genas\",\"Jonage\",\"St Pierre de Chandieu | Toussieu\"],\"inLanguage\":\"fr-FR\",\"potentialAction\":[{\"@type\":\"CommentAction\",\"name\":\"Comment\",\"target\":[\"https:\/\/newsestlyonnais.fr\/site\/2024\/02\/07\/carnaval-les-evenements-programmes-2\/#respond\"]}]},{\"@type\":\"WebPage\",\"@id\":\"https:\/\/newsestlyonnais.fr\/site\/2024\/02\/07\/carnaval-les-evenements-programmes-2\/\",\"url\":\"https:\/\/newsestlyonnais.fr\/site\/2024\/02\/07\/carnaval-les-evenements-programmes-2\/\",\"name\":\"CARNAVAL | Les \u00e9v\u00e8nements programm\u00e9s - News Est Lyonnais\",\"isPartOf\":{\"@id\":\"https:\/\/newsestlyonnais.fr\/site\/#website\"},\"primaryImageOfPage\":{\"@id\":\"https:\/\/newsestlyonnais.fr\/site\/2024\/02\/07\/carnaval-les-evenements-programmes-2\/#primaryimage\"},\"image\":{\"@id\":\"https:\/\/newsestlyonnais.fr\/site\/2024\/02\/07\/carnaval-les-evenements-programmes-2\/#primaryimage\"},\"thumbnailUrl\":\"https:\/\/newsestlyonnais.fr\/site\/wp-content\/uploads\/2022\/04\/P1470433.jpg\",\"datePublished\":\"2024-02-07T06:09:20+00:00\",\"dateModified\":\"2024-06-09T16:38:54+00:00\",\"description\":\"CARNAVAL | Les \u00e9v\u00e8nements programm\u00e9s\",\"breadcrumb\":{\"@id\":\"https:\/\/newsestlyonnais.fr\/site\/2024\/02\/07\/carnaval-les-evenements-programmes-2\/#breadcrumb\"},\"inLanguage\":\"fr-FR\",\"potentialAction\":[{\"@type\":\"ReadAction\",\"target\":[\"https:\/\/newsestlyonnais.fr\/site\/2024\/02\/07\/carnaval-les-evenements-programmes-2\/\"]}]},{\"@type\":\"ImageObject\",\"inLanguage\":\"fr-FR\",\"@id\":\"https:\/\/newsestlyonnais.fr\/site\/2024\/02\/07\/carnaval-les-evenements-programmes-2\/#primaryimage\",\"url\":\"https:\/\/newsestlyonnais.fr\/site\/wp-content\/uploads\/2022\/04\/P1470433.jpg\",\"contentUrl\":\"https:\/\/newsestlyonnais.fr\/site\/wp-content\/uploads\/2022\/04\/P1470433.jpg\",\"width\":1200,\"height\":900},{\"@type\":\"BreadcrumbList\",\"@id\":\"https:\/\/newsestlyonnais.fr\/site\/2024\/02\/07\/carnaval-les-evenements-programmes-2\/#breadcrumb\",\"itemListElement\":[{\"@type\":\"ListItem\",\"position\":1,\"name\":\"Accueil\",\"item\":\"https:\/\/newsestlyonnais.fr\/site\/\"},{\"@type\":\"ListItem\",\"position\":2,\"name\":\"CARNAVAL | Les \u00e9v\u00e8nements programm\u00e9s\"}]},{\"@type\":\"WebSite\",\"@id\":\"https:\/\/newsestlyonnais.fr\/site\/#website\",\"url\":\"https:\/\/newsestlyonnais.fr\/site\/\",\"name\":\"News Est Lyonnais\",\"description\":\"L&#039;actualit\u00e9 au plus pr\u00e8s\",\"publisher\":{\"@id\":\"https:\/\/newsestlyonnais.fr\/site\/#organization\"},\"potentialAction\":[{\"@type\":\"SearchAction\",\"target\":{\"@type\":\"EntryPoint\",\"urlTemplate\":\"https:\/\/newsestlyonnais.fr\/site\/?s={search_term_string}\"},\"query-input\":{\"@type\":\"PropertyValueSpecification\",\"valueRequired\":true,\"valueName\":\"search_term_string\"}}],\"inLanguage\":\"fr-FR\"},{\"@type\":\"Organization\",\"@id\":\"https:\/\/newsestlyonnais.fr\/site\/#organization\",\"name\":\"News EST LYONNAIS\",\"url\":\"https:\/\/newsestlyonnais.fr\/site\/\",\"logo\":{\"@type\":\"ImageObject\",\"inLanguage\":\"fr-FR\",\"@id\":\"https:\/\/newsestlyonnais.fr\/site\/#\/schema\/logo\/image\/\",\"url\":\"\",\"contentUrl\":\"\",\"caption\":\"News EST LYONNAIS\"},\"image\":{\"@id\":\"https:\/\/newsestlyonnais.fr\/site\/#\/schema\/logo\/image\/\"}},{\"@type\":\"Person\",\"@id\":\"https:\/\/newsestlyonnais.fr\/site\/#\/schema\/person\/3230d5615f390bb808365d673001e887\",\"name\":\"R\u00e9dac. NEWS\",\"sameAs\":[\"http:\/\/www.newsestlyonnais.fr\",\"https:\/\/www.facebook.com\/pascal.oberson.1?fref=ts\",\"https:\/\/fr.linkedin.com\/in\/pascal-oberson-b17045113\"],\"url\":\"https:\/\/newsestlyonnais.fr\/site\/author\/nel\/\"}]}<\/script>\n<!-- \/ Yoast SEO plugin. -->","yoast_head_json":{"title":"CARNAVAL | Les \u00e9v\u00e8nements programm\u00e9s - News Est Lyonnais","description":"CARNAVAL | Les \u00e9v\u00e8nements programm\u00e9s","robots":{"index":"index","follow":"follow","max-snippet":"max-snippet:-1","max-image-preview":"max-image-preview:large","max-video-preview":"max-video-preview:-1"},"canonical":"https:\/\/newsestlyonnais.fr\/site\/2024\/02\/07\/carnaval-les-evenements-programmes-2\/","og_locale":"fr_FR","og_type":"article","og_title":"CARNAVAL | Les \u00e9v\u00e8nements programm\u00e9s - News Est Lyonnais","og_description":"CARNAVAL | Les \u00e9v\u00e8nements programm\u00e9s","og_url":"https:\/\/newsestlyonnais.fr\/site\/2024\/02\/07\/carnaval-les-evenements-programmes-2\/","og_site_name":"News Est Lyonnais","article_author":"https:\/\/www.facebook.com\/pascal.oberson.1?fref=ts","article_published_time":"2024-02-07T06:09:20+00:00","article_modified_time":"2024-06-09T16:38:54+00:00","og_image":[{"width":1200,"height":900,"url":"https:\/\/newsestlyonnais.fr\/site\/wp-content\/uploads\/2022\/04\/P1470433.jpg","type":"image\/jpeg"}],"author":"R\u00e9dac. NEWS","twitter_card":"summary_large_image","twitter_misc":{"\u00c9crit par":"R\u00e9dac. NEWS","Dur\u00e9e de lecture estim\u00e9e":"2 minutes"},"schema":{"@context":"https:\/\/schema.org","@graph":[{"@type":"Article","@id":"https:\/\/newsestlyonnais.fr\/site\/2024\/02\/07\/carnaval-les-evenements-programmes-2\/#article","isPartOf":{"@id":"https:\/\/newsestlyonnais.fr\/site\/2024\/02\/07\/carnaval-les-evenements-programmes-2\/"},"author":{"name":"R\u00e9dac. NEWS","@id":"https:\/\/newsestlyonnais.fr\/site\/#\/schema\/person\/3230d5615f390bb808365d673001e887"},"headline":"CARNAVAL | Les \u00e9v\u00e8nements programm\u00e9s","datePublished":"2024-02-07T06:09:20+00:00","dateModified":"2024-06-09T16:38:54+00:00","mainEntityOfPage":{"@id":"https:\/\/newsestlyonnais.fr\/site\/2024\/02\/07\/carnaval-les-evenements-programmes-2\/"},"wordCount":252,"commentCount":0,"publisher":{"@id":"https:\/\/newsestlyonnais.fr\/site\/#organization"},"image":{"@id":"https:\/\/newsestlyonnais.fr\/site\/2024\/02\/07\/carnaval-les-evenements-programmes-2\/#primaryimage"},"thumbnailUrl":"https:\/\/newsestlyonnais.fr\/site\/wp-content\/uploads\/2022\/04\/P1470433.jpg","keywords":["CARNAVAL"],"articleSection":["Caluire","CALUIRE | RILLIEUX LA PAPE","CCEL | Communes","Corbas | Feyzin","D\u00e9cines-Charpieu","Genas","Jonage","St Pierre de Chandieu | Toussieu"],"inLanguage":"fr-FR","potentialAction":[{"@type":"CommentAction","name":"Comment","target":["https:\/\/newsestlyonnais.fr\/site\/2024\/02\/07\/carnaval-les-evenements-programmes-2\/#respond"]}]},{"@type":"WebPage","@id":"https:\/\/newsestlyonnais.fr\/site\/2024\/02\/07\/carnaval-les-evenements-programmes-2\/","url":"https:\/\/newsestlyonnais.fr\/site\/2024\/02\/07\/carnaval-les-evenements-programmes-2\/","name":"CARNAVAL | Les \u00e9v\u00e8nements programm\u00e9s - News Est Lyonnais","isPartOf":{"@id":"https:\/\/newsestlyonnais.fr\/site\/#website"},"primaryImageOfPage":{"@id":"https:\/\/newsestlyonnais.fr\/site\/2024\/02\/07\/carnaval-les-evenements-programmes-2\/#primaryimage"},"image":{"@id":"https:\/\/newsestlyonnais.fr\/site\/2024\/02\/07\/carnaval-les-evenements-programmes-2\/#primaryimage"},"thumbnailUrl":"https:\/\/newsestlyonnais.fr\/site\/wp-content\/uploads\/2022\/04\/P1470433.jpg","datePublished":"2024-02-07T06:09:20+00:00","dateModified":"2024-06-09T16:38:54+00:00","description":"CARNAVAL | Les \u00e9v\u00e8nements programm\u00e9s","breadcrumb":{"@id":"https:\/\/newsestlyonnais.fr\/site\/2024\/02\/07\/carnaval-les-evenements-programmes-2\/#breadcrumb"},"inLanguage":"fr-FR","potentialAction":[{"@type":"ReadAction","target":["https:\/\/newsestlyonnais.fr\/site\/2024\/02\/07\/carnaval-les-evenements-programmes-2\/"]}]},{"@type":"ImageObject","inLanguage":"fr-FR","@id":"https:\/\/newsestlyonnais.fr\/site\/2024\/02\/07\/carnaval-les-evenements-programmes-2\/#primaryimage","url":"https:\/\/newsestlyonnais.fr\/site\/wp-content\/uploads\/2022\/04\/P1470433.jpg","contentUrl":"https:\/\/newsestlyonnais.fr\/site\/wp-content\/uploads\/2022\/04\/P1470433.jpg","width":1200,"height":900},{"@type":"BreadcrumbList","@id":"https:\/\/newsestlyonnais.fr\/site\/2024\/02\/07\/carnaval-les-evenements-programmes-2\/#breadcrumb","itemListElement":[{"@type":"ListItem","position":1,"name":"Accueil","item":"https:\/\/newsestlyonnais.fr\/site\/"},{"@type":"ListItem","position":2,"name":"CARNAVAL | Les \u00e9v\u00e8nements programm\u00e9s"}]},{"@type":"WebSite","@id":"https:\/\/newsestlyonnais.fr\/site\/#website","url":"https:\/\/newsestlyonnais.fr\/site\/","name":"News Est Lyonnais","description":"L&#039;actualit\u00e9 au plus pr\u00e8s","publisher":{"@id":"https:\/\/newsestlyonnais.fr\/site\/#organization"},"potentialAction":[{"@type":"SearchAction","target":{"@type":"EntryPoint","urlTemplate":"https:\/\/newsestlyonnais.fr\/site\/?s={search_term_string}"},"query-input":{"@type":"PropertyValueSpecification","valueRequired":true,"valueName":"search_term_string"}}],"inLanguage":"fr-FR"},{"@type":"Organization","@id":"https:\/\/newsestlyonnais.fr\/site\/#organization","name":"News EST LYONNAIS","url":"https:\/\/newsestlyonnais.fr\/site\/","logo":{"@type":"ImageObject","inLanguage":"fr-FR","@id":"https:\/\/newsestlyonnais.fr\/site\/#\/schema\/logo\/image\/","url":"","contentUrl":"","caption":"News EST LYONNAIS"},"image":{"@id":"https:\/\/newsestlyonnais.fr\/site\/#\/schema\/logo\/image\/"}},{"@type":"Person","@id":"https:\/\/newsestlyonnais.fr\/site\/#\/schema\/person\/3230d5615f390bb808365d673001e887","name":"R\u00e9dac. NEWS","sameAs":["http:\/\/www.newsestlyonnais.fr","https:\/\/www.facebook.com\/pascal.oberson.1?fref=ts","https:\/\/fr.linkedin.com\/in\/pascal-oberson-b17045113"],"url":"https:\/\/newsestlyonnais.fr\/site\/author\/nel\/"}]}},"_links":{"self":[{"href":"https:\/\/newsestlyonnais.fr\/site\/wp-json\/wp\/v2\/posts\/200311","targetHints":{"allow":["GET"]}}],"collection":[{"href":"https:\/\/newsestlyonnais.fr\/site\/wp-json\/wp\/v2\/posts"}],"about":[{"href":"https:\/\/newsestlyonnais.fr\/site\/wp-json\/wp\/v2\/types\/post"}],"author":[{"embeddable":true,"href":"https:\/\/newsestlyonnais.fr\/site\/wp-json\/wp\/v2\/users\/4"}],"replies":[{"embeddable":true,"href":"https:\/\/newsestlyonnais.fr\/site\/wp-json\/wp\/v2\/comments?post=200311"}],"version-history":[{"count":0,"href":"https:\/\/newsestlyonnais.fr\/site\/wp-json\/wp\/v2\/posts\/200311\/revisions"}],"wp:featuredmedia":[{"embeddable":true,"href":"https:\/\/newsestlyonnais.fr\/site\/wp-json\/wp\/v2\/media\/152947"}],"wp:attachment":[{"href":"https:\/\/newsestlyonnais.fr\/site\/wp-json\/wp\/v2\/media?parent=200311"}],"wp:term":[{"taxonomy":"category","embeddable":true,"href":"https:\/\/newsestlyonnais.fr\/site\/wp-json\/wp\/v2\/categories?post=200311"},{"taxonomy":"post_tag","embeddable":true,"href":"https:\/\/newsestlyonnais.fr\/site\/wp-json\/wp\/v2\/tags?post=200311"}],"curies":[{"name":"wp","href":"https:\/\/api.w.org\/{rel}","templated":true}]}}