{"id":200893,"date":"2024-02-13T17:02:11","date_gmt":"2024-02-13T16:02:11","guid":{"rendered":"https:\/\/newsestlyonnais.fr\/site\/?p=200893"},"modified":"2024-02-15T11:58:18","modified_gmt":"2024-02-15T10:58:18","slug":"pusignan-toute-lactualite-de-lassociation-tennis","status":"publish","type":"post","link":"https:\/\/newsestlyonnais.fr\/site\/2024\/02\/13\/pusignan-toute-lactualite-de-lassociation-tennis\/","title":{"rendered":"PUSIGNAN | Toute l&rsquo;actualit\u00e9 de l&rsquo;Association Tennis"},"content":{"rendered":"<p><span style=\"background-color: #000000; color: #ffcc00; font-size: 14pt;\"><strong>Les classements des TMC <\/strong><\/span><\/p>\n<p><span style=\"background-color: #000000; color: #ffffff;\"><strong>(30\/1 &#8211; 15\/3) du 21 janvier (photo \u00e0 la Une)<br \/>\n<\/strong><\/span><\/p>\n<p><span style=\"font-size: 10pt;\">1- PILLON KIm-Anh 30 (TC GENAS)<\/span><\/p>\n<p><span style=\"font-size: 10pt;\">2- MARTIN Emilie 15\/5 (OZON Tennis)<\/span><\/p>\n<p><span style=\"font-size: 10pt;\">3- CHAMOLEY Maud 30 (TC Jonage)<\/span><\/p>\n<p><span style=\"font-size: 10pt;\">4- BANDY BWILA Olivia 15\/5 (Tennis Lyon 8\u00e8me)<\/span><\/p>\n<p><span style=\"font-size: 10pt;\">5- COUDERC Sophie 30\/1 (ALSIP)<\/span><\/p>\n<p><span style=\"font-size: 10pt;\">6- RICHARD Florence 30 (TC Miribel)<\/span><\/p>\n<p><span style=\"font-size: 10pt;\">7- PAGNOUX Gaelle 30\/1 (TC Jonage)<\/span><\/p>\n<p><span style=\"font-size: 10pt;\">8- POUPART S\u00e9verine 30\/1 (Meyzieu Tennis)<\/span><\/p>\n<p><span style=\"font-size: 10pt;\">9- AIB-PERRIER Vanille 30\/1 (Lyon 1 tennis)<\/span><\/p>\n<p><span style=\"font-size: 10pt;\">10- DUCROT C\u00e9line 30\/1 (AT Pusignan)<\/span><\/p>\n<p><span style=\"font-size: 10pt;\">11- BAYOUD Elodie 30\/1 (TC Amplepluis)<\/span><\/p>\n<p><span style=\"font-size: 10pt;\">12- SPAGGIARI Maryna 30\/1 (TC Bourgoin-Jallieu)<\/span><\/p>\n<p><strong><span style=\"background-color: #000000; color: #ffffff;\">(4\u00b0 s\u00e9rie) du 11 f\u00e9vrier<\/span><\/strong><\/p>\n<p><span style=\"font-size: 10pt;\"><img loading=\"lazy\" decoding=\"async\" class=\"alignright wp-image-200900\" src=\"https:\/\/newsestlyonnais.fr\/site\/wp-content\/uploads\/2024\/02\/TMC-4-SERIE-400x889.jpg\" alt=\"\" width=\"270\" height=\"600\" srcset=\"https:\/\/newsestlyonnais.fr\/site\/wp-content\/uploads\/2024\/02\/TMC-4-SERIE-400x889.jpg 400w, https:\/\/newsestlyonnais.fr\/site\/wp-content\/uploads\/2024\/02\/TMC-4-SERIE-250x556.jpg 250w, https:\/\/newsestlyonnais.fr\/site\/wp-content\/uploads\/2024\/02\/TMC-4-SERIE-150x333.jpg 150w, https:\/\/newsestlyonnais.fr\/site\/wp-content\/uploads\/2024\/02\/TMC-4-SERIE-50x111.jpg 50w, https:\/\/newsestlyonnais.fr\/site\/wp-content\/uploads\/2024\/02\/TMC-4-SERIE-100x222.jpg 100w, https:\/\/newsestlyonnais.fr\/site\/wp-content\/uploads\/2024\/02\/TMC-4-SERIE-200x444.jpg 200w, https:\/\/newsestlyonnais.fr\/site\/wp-content\/uploads\/2024\/02\/TMC-4-SERIE-300x667.jpg 300w, https:\/\/newsestlyonnais.fr\/site\/wp-content\/uploads\/2024\/02\/TMC-4-SERIE-350x778.jpg 350w, https:\/\/newsestlyonnais.fr\/site\/wp-content\/uploads\/2024\/02\/TMC-4-SERIE-450x1000.jpg 450w, https:\/\/newsestlyonnais.fr\/site\/wp-content\/uploads\/2024\/02\/TMC-4-SERIE-500x1111.jpg 500w, https:\/\/newsestlyonnais.fr\/site\/wp-content\/uploads\/2024\/02\/TMC-4-SERIE.jpg 540w\" sizes=\"auto, (max-width: 270px) 100vw, 270px\" \/>1- KOHLER Karine 30\/1 (TC Charvieu)<\/span><\/p>\n<p><span style=\"font-size: 10pt;\">2- DUCROT C\u00e9line 30\/1 (AT Pusignan)<\/span><\/p>\n<p><span style=\"font-size: 10pt;\">3- PERRAUDIN La\u00ebtitia 30\/2 (TC Jonage)<\/span><\/p>\n<p><span style=\"font-size: 10pt;\">4- MONCHAMP S\u00e9verine 30\/2 (TC Jonage)<\/span><\/p>\n<p><span style=\"font-size: 10pt;\">5- SAUZADE Audrey 30\/4 (TC Jonage)<\/span><\/p>\n<p><span style=\"font-size: 10pt;\">6- PARDINA Charl\u00e8ne 30\/3 (AT Pusignan)<\/span><\/p>\n<p><span style=\"font-size: 10pt;\">7- LOMBARD MArion 30\/2 (TC Bourgoin-Jallieu)<\/span><\/p>\n<p><span style=\"font-size: 10pt;\">8- RENAUD Anne-Sophie 30\/3 (TC Bourgoin-Jallieu)<\/span><\/p>\n<p><span style=\"font-size: 10pt;\">9- PERREON Sophie 30\/3 (TCL)<\/span><\/p>\n<p><span style=\"font-size: 10pt;\">10- EXPOSITO GASCON Lana 30\/3 (AT Tignieu- Jameyzieu)<\/span><\/p>\n<p><span style=\"font-size: 10pt;\">11- ROUHAUD Fabienne 40 (TC Colombier-Saugnieu)<\/span><\/p>\n<p><span style=\"font-size: 10pt;\">12- GUILLOT-VIGNOT Alexandra 40 (TC Miribel)<\/span><\/p>\n<hr \/>\n<div dir=\"ltr\">\n<div class=\"gmail_quote\">\n<blockquote class=\"gmail_quote\" style=\"border-left: #cccccc 1px solid; margin: 0px 0px 0px 0.8ex; padding-left: 1ex;\">\n<div dir=\"ltr\">\n<div dir=\"ltr\">\n<div>\n<div style=\"font-style: normal; display: inline; font-family: Calibri; color: #000000; font-size: small; font-weight: normal; text-decoration: none;\">\n<div style=\"text-align: center;\"><strong><span style=\"font-family: georgia, palatino, serif; font-size: 12pt; background-color: #000000; color: #ffcc00;\"><img loading=\"lazy\" decoding=\"async\" class=\"alignleft size-medium wp-image-200482\" src=\"https:\/\/newsestlyonnais.fr\/site\/wp-content\/uploads\/2024\/02\/cid_18d68b6ae7444e3bdba1-400x566.jpg\" alt=\"\" width=\"212\" height=\"300\" srcset=\"https:\/\/newsestlyonnais.fr\/site\/wp-content\/uploads\/2024\/02\/cid_18d68b6ae7444e3bdba1-400x566.jpg 400w, https:\/\/newsestlyonnais.fr\/site\/wp-content\/uploads\/2024\/02\/cid_18d68b6ae7444e3bdba1-650x919.jpg 650w, https:\/\/newsestlyonnais.fr\/site\/wp-content\/uploads\/2024\/02\/cid_18d68b6ae7444e3bdba1-250x354.jpg 250w, https:\/\/newsestlyonnais.fr\/site\/wp-content\/uploads\/2024\/02\/cid_18d68b6ae7444e3bdba1-150x212.jpg 150w, https:\/\/newsestlyonnais.fr\/site\/wp-content\/uploads\/2024\/02\/cid_18d68b6ae7444e3bdba1-50x71.jpg 50w, https:\/\/newsestlyonnais.fr\/site\/wp-content\/uploads\/2024\/02\/cid_18d68b6ae7444e3bdba1-100x141.jpg 100w, https:\/\/newsestlyonnais.fr\/site\/wp-content\/uploads\/2024\/02\/cid_18d68b6ae7444e3bdba1-200x283.jpg 200w, https:\/\/newsestlyonnais.fr\/site\/wp-content\/uploads\/2024\/02\/cid_18d68b6ae7444e3bdba1-300x424.jpg 300w, https:\/\/newsestlyonnais.fr\/site\/wp-content\/uploads\/2024\/02\/cid_18d68b6ae7444e3bdba1-350x495.jpg 350w, https:\/\/newsestlyonnais.fr\/site\/wp-content\/uploads\/2024\/02\/cid_18d68b6ae7444e3bdba1-450x636.jpg 450w, https:\/\/newsestlyonnais.fr\/site\/wp-content\/uploads\/2024\/02\/cid_18d68b6ae7444e3bdba1-500x707.jpg 500w, https:\/\/newsestlyonnais.fr\/site\/wp-content\/uploads\/2024\/02\/cid_18d68b6ae7444e3bdba1-550x778.jpg 550w, https:\/\/newsestlyonnais.fr\/site\/wp-content\/uploads\/2024\/02\/cid_18d68b6ae7444e3bdba1.jpg 724w\" sizes=\"auto, (max-width: 212px) 100vw, 212px\" \/><span style=\"font-size: 14pt;\">NOTA <\/span><\/span><\/strong><\/div>\n<\/div>\n<\/div>\n<\/div>\n<\/div>\n<\/blockquote>\n<\/div>\n<\/div>\n<div><\/div>\n<div><\/div>\n<div dir=\"ltr\">\n<div class=\"gmail_quote\">\n<blockquote class=\"gmail_quote\" style=\"border-left: #cccccc 1px solid; margin: 0px 0px 0px 0.8ex; padding-left: 1ex;\">\n<div dir=\"ltr\">\n<div dir=\"ltr\">\n<div>\n<div style=\"font-style: normal; display: inline; font-family: Calibri; color: #000000; font-size: small; font-weight: normal; text-decoration: none;\">\n<div><\/div>\n<div><span style=\"font-size: 14pt;\"><strong><span style=\"font-family: georgia, palatino, serif;\">L&rsquo;ATP organise son traditionnel loto le <\/span><span style=\"font-family: georgia, palatino, serif;\">dimanche 17 mars \u00e0 l\u2019Odyss\u00e9e. <\/span><\/strong><\/span><\/div>\n<div><\/div>\n<div><span style=\"font-size: 14pt;\"><span style=\"font-family: georgia, palatino, serif;\">&#8211; Ouverture des portes \u00e0 12 h et d\u00e9but des parties \u00e0 14 h.<\/span><\/span><\/div>\n<div>&#8211;\u00a0 <span style=\"font-size: 14pt;\"><span style=\"font-family: georgia, palatino, serif;\">\u00c0 gagner : bon d\u2019achat de 1.200 \u20ac, 450\u20ac et 250\u20ac, une trottinette \u00e9lectrique, une console PS 5.<\/span><\/span><\/div>\n<div>\n<hr \/>\n<hr \/>\n<\/div>\n<div><\/div>\n<\/div>\n<\/div>\n<\/div>\n<\/div>\n<\/blockquote>\n<\/div>\n<\/div>\n","protected":false},"excerpt":{"rendered":"<p>A l&rsquo;affiche du club, deux tournois Multi-Chances (TMC) dames organis\u00e9s en ce d\u00e9but d&rsquo;ann\u00e9e avant le loto annuel programm\u00e9 pour le 17 mars 2024.  <\/p>\n","protected":false},"author":4,"featured_media":200896,"comment_status":"open","ping_status":"open","sticky":false,"template":"","format":"standard","meta":{"footnotes":""},"categories":[270,3421,1279,2,2992,2991],"tags":[2550,2062,2049,4659,2216],"class_list":["post-200893","post","type-post","status-publish","format-standard","has-post-thumbnail","hentry","category-cte-de-communes-c-c-e-l","category-feminin-actu-au","category-jons-pusignan","category-sports","category-tennis-padel","category-tennis-tennis-table-sports","tag-at-pusignan","tag-pusignan","tag-tennis","tag-tmc","tag-tournoi"],"yoast_head":"<!-- This site is optimized with the Yoast SEO plugin v27.2 - https:\/\/yoast.com\/product\/yoast-seo-wordpress\/ -->\n<title>PUSIGNAN | Toute l&#039;actualit\u00e9 de l&#039;Association Tennis - News Est Lyonnais<\/title>\n<meta name=\"description\" content=\"PUSIGNAN | Toute l&#039;actualit\u00e9 de l&#039;Association Tennis\" \/>\n<meta name=\"robots\" content=\"index, follow, max-snippet:-1, max-image-preview:large, max-video-preview:-1\" \/>\n<link rel=\"canonical\" href=\"https:\/\/newsestlyonnais.fr\/site\/2024\/02\/13\/pusignan-toute-lactualite-de-lassociation-tennis\/\" \/>\n<meta property=\"og:locale\" content=\"fr_FR\" \/>\n<meta property=\"og:type\" content=\"article\" \/>\n<meta property=\"og:title\" content=\"PUSIGNAN | Toute l&#039;actualit\u00e9 de l&#039;Association Tennis - News Est Lyonnais\" \/>\n<meta property=\"og:description\" content=\"PUSIGNAN | Toute l&#039;actualit\u00e9 de l&#039;Association Tennis\" \/>\n<meta property=\"og:url\" content=\"https:\/\/newsestlyonnais.fr\/site\/2024\/02\/13\/pusignan-toute-lactualite-de-lassociation-tennis\/\" \/>\n<meta property=\"og:site_name\" content=\"News Est Lyonnais\" \/>\n<meta property=\"article:author\" content=\"https:\/\/www.facebook.com\/pascal.oberson.1?fref=ts\" \/>\n<meta property=\"article:published_time\" content=\"2024-02-13T16:02:11+00:00\" \/>\n<meta property=\"article:modified_time\" content=\"2024-02-15T10:58:18+00:00\" \/>\n<meta property=\"og:image\" content=\"https:\/\/newsestlyonnais.fr\/site\/wp-content\/uploads\/2024\/02\/TMC-30-1-15-3.jpg\" \/>\n\t<meta property=\"og:image:width\" content=\"1200\" \/>\n\t<meta property=\"og:image:height\" content=\"900\" \/>\n\t<meta property=\"og:image:type\" content=\"image\/jpeg\" \/>\n<meta name=\"author\" content=\"R\u00e9dac. NEWS\" \/>\n<meta name=\"twitter:card\" content=\"summary_large_image\" \/>\n<meta name=\"twitter:label1\" content=\"\u00c9crit par\" \/>\n\t<meta name=\"twitter:data1\" content=\"R\u00e9dac. NEWS\" \/>\n\t<meta name=\"twitter:label2\" content=\"Dur\u00e9e de lecture estim\u00e9e\" \/>\n\t<meta name=\"twitter:data2\" content=\"2 minutes\" \/>\n<script type=\"application\/ld+json\" class=\"yoast-schema-graph\">{\"@context\":\"https:\/\/schema.org\",\"@graph\":[{\"@type\":\"Article\",\"@id\":\"https:\/\/newsestlyonnais.fr\/site\/2024\/02\/13\/pusignan-toute-lactualite-de-lassociation-tennis\/#article\",\"isPartOf\":{\"@id\":\"https:\/\/newsestlyonnais.fr\/site\/2024\/02\/13\/pusignan-toute-lactualite-de-lassociation-tennis\/\"},\"author\":{\"name\":\"R\u00e9dac. NEWS\",\"@id\":\"https:\/\/newsestlyonnais.fr\/site\/#\/schema\/person\/3230d5615f390bb808365d673001e887\"},\"headline\":\"PUSIGNAN | Toute l&rsquo;actualit\u00e9 de l&rsquo;Association Tennis\",\"datePublished\":\"2024-02-13T16:02:11+00:00\",\"dateModified\":\"2024-02-15T10:58:18+00:00\",\"mainEntityOfPage\":{\"@id\":\"https:\/\/newsestlyonnais.fr\/site\/2024\/02\/13\/pusignan-toute-lactualite-de-lassociation-tennis\/\"},\"wordCount\":188,\"commentCount\":0,\"publisher\":{\"@id\":\"https:\/\/newsestlyonnais.fr\/site\/#organization\"},\"image\":{\"@id\":\"https:\/\/newsestlyonnais.fr\/site\/2024\/02\/13\/pusignan-toute-lactualite-de-lassociation-tennis\/#primaryimage\"},\"thumbnailUrl\":\"https:\/\/newsestlyonnais.fr\/site\/wp-content\/uploads\/2024\/02\/TMC-30-1-15-3.jpg\",\"keywords\":[\"AT PUSIGNAN\",\"PUSIGNAN\",\"TENNIS\",\"TMC\",\"TOURNOI\"],\"articleSection\":[\"CCEL | Communes\",\"F\u00e9minin (Actu au)\",\"Jons | Pusignan\",\"Sports\",\"Tennis | Padel\",\"Tennis | Tennis de table\"],\"inLanguage\":\"fr-FR\",\"potentialAction\":[{\"@type\":\"CommentAction\",\"name\":\"Comment\",\"target\":[\"https:\/\/newsestlyonnais.fr\/site\/2024\/02\/13\/pusignan-toute-lactualite-de-lassociation-tennis\/#respond\"]}]},{\"@type\":\"WebPage\",\"@id\":\"https:\/\/newsestlyonnais.fr\/site\/2024\/02\/13\/pusignan-toute-lactualite-de-lassociation-tennis\/\",\"url\":\"https:\/\/newsestlyonnais.fr\/site\/2024\/02\/13\/pusignan-toute-lactualite-de-lassociation-tennis\/\",\"name\":\"PUSIGNAN | Toute l'actualit\u00e9 de l'Association Tennis - News Est Lyonnais\",\"isPartOf\":{\"@id\":\"https:\/\/newsestlyonnais.fr\/site\/#website\"},\"primaryImageOfPage\":{\"@id\":\"https:\/\/newsestlyonnais.fr\/site\/2024\/02\/13\/pusignan-toute-lactualite-de-lassociation-tennis\/#primaryimage\"},\"image\":{\"@id\":\"https:\/\/newsestlyonnais.fr\/site\/2024\/02\/13\/pusignan-toute-lactualite-de-lassociation-tennis\/#primaryimage\"},\"thumbnailUrl\":\"https:\/\/newsestlyonnais.fr\/site\/wp-content\/uploads\/2024\/02\/TMC-30-1-15-3.jpg\",\"datePublished\":\"2024-02-13T16:02:11+00:00\",\"dateModified\":\"2024-02-15T10:58:18+00:00\",\"description\":\"PUSIGNAN | Toute l'actualit\u00e9 de l'Association Tennis\",\"breadcrumb\":{\"@id\":\"https:\/\/newsestlyonnais.fr\/site\/2024\/02\/13\/pusignan-toute-lactualite-de-lassociation-tennis\/#breadcrumb\"},\"inLanguage\":\"fr-FR\",\"potentialAction\":[{\"@type\":\"ReadAction\",\"target\":[\"https:\/\/newsestlyonnais.fr\/site\/2024\/02\/13\/pusignan-toute-lactualite-de-lassociation-tennis\/\"]}]},{\"@type\":\"ImageObject\",\"inLanguage\":\"fr-FR\",\"@id\":\"https:\/\/newsestlyonnais.fr\/site\/2024\/02\/13\/pusignan-toute-lactualite-de-lassociation-tennis\/#primaryimage\",\"url\":\"https:\/\/newsestlyonnais.fr\/site\/wp-content\/uploads\/2024\/02\/TMC-30-1-15-3.jpg\",\"contentUrl\":\"https:\/\/newsestlyonnais.fr\/site\/wp-content\/uploads\/2024\/02\/TMC-30-1-15-3.jpg\",\"width\":1200,\"height\":900},{\"@type\":\"BreadcrumbList\",\"@id\":\"https:\/\/newsestlyonnais.fr\/site\/2024\/02\/13\/pusignan-toute-lactualite-de-lassociation-tennis\/#breadcrumb\",\"itemListElement\":[{\"@type\":\"ListItem\",\"position\":1,\"name\":\"Accueil\",\"item\":\"https:\/\/newsestlyonnais.fr\/site\/\"},{\"@type\":\"ListItem\",\"position\":2,\"name\":\"PUSIGNAN | Toute l&rsquo;actualit\u00e9 de l&rsquo;Association Tennis\"}]},{\"@type\":\"WebSite\",\"@id\":\"https:\/\/newsestlyonnais.fr\/site\/#website\",\"url\":\"https:\/\/newsestlyonnais.fr\/site\/\",\"name\":\"News Est Lyonnais\",\"description\":\"L&#039;actualit\u00e9 au plus pr\u00e8s\",\"publisher\":{\"@id\":\"https:\/\/newsestlyonnais.fr\/site\/#organization\"},\"potentialAction\":[{\"@type\":\"SearchAction\",\"target\":{\"@type\":\"EntryPoint\",\"urlTemplate\":\"https:\/\/newsestlyonnais.fr\/site\/?s={search_term_string}\"},\"query-input\":{\"@type\":\"PropertyValueSpecification\",\"valueRequired\":true,\"valueName\":\"search_term_string\"}}],\"inLanguage\":\"fr-FR\"},{\"@type\":\"Organization\",\"@id\":\"https:\/\/newsestlyonnais.fr\/site\/#organization\",\"name\":\"News EST LYONNAIS\",\"url\":\"https:\/\/newsestlyonnais.fr\/site\/\",\"logo\":{\"@type\":\"ImageObject\",\"inLanguage\":\"fr-FR\",\"@id\":\"https:\/\/newsestlyonnais.fr\/site\/#\/schema\/logo\/image\/\",\"url\":\"\",\"contentUrl\":\"\",\"caption\":\"News EST LYONNAIS\"},\"image\":{\"@id\":\"https:\/\/newsestlyonnais.fr\/site\/#\/schema\/logo\/image\/\"}},{\"@type\":\"Person\",\"@id\":\"https:\/\/newsestlyonnais.fr\/site\/#\/schema\/person\/3230d5615f390bb808365d673001e887\",\"name\":\"R\u00e9dac. NEWS\",\"sameAs\":[\"http:\/\/www.newsestlyonnais.fr\",\"https:\/\/www.facebook.com\/pascal.oberson.1?fref=ts\",\"https:\/\/fr.linkedin.com\/in\/pascal-oberson-b17045113\"],\"url\":\"https:\/\/newsestlyonnais.fr\/site\/author\/nel\/\"}]}<\/script>\n<!-- \/ Yoast SEO plugin. -->","yoast_head_json":{"title":"PUSIGNAN | Toute l'actualit\u00e9 de l'Association Tennis - News Est Lyonnais","description":"PUSIGNAN | Toute l'actualit\u00e9 de l'Association Tennis","robots":{"index":"index","follow":"follow","max-snippet":"max-snippet:-1","max-image-preview":"max-image-preview:large","max-video-preview":"max-video-preview:-1"},"canonical":"https:\/\/newsestlyonnais.fr\/site\/2024\/02\/13\/pusignan-toute-lactualite-de-lassociation-tennis\/","og_locale":"fr_FR","og_type":"article","og_title":"PUSIGNAN | Toute l'actualit\u00e9 de l'Association Tennis - News Est Lyonnais","og_description":"PUSIGNAN | Toute l'actualit\u00e9 de l'Association Tennis","og_url":"https:\/\/newsestlyonnais.fr\/site\/2024\/02\/13\/pusignan-toute-lactualite-de-lassociation-tennis\/","og_site_name":"News Est Lyonnais","article_author":"https:\/\/www.facebook.com\/pascal.oberson.1?fref=ts","article_published_time":"2024-02-13T16:02:11+00:00","article_modified_time":"2024-02-15T10:58:18+00:00","og_image":[{"width":1200,"height":900,"url":"https:\/\/newsestlyonnais.fr\/site\/wp-content\/uploads\/2024\/02\/TMC-30-1-15-3.jpg","type":"image\/jpeg"}],"author":"R\u00e9dac. NEWS","twitter_card":"summary_large_image","twitter_misc":{"\u00c9crit par":"R\u00e9dac. NEWS","Dur\u00e9e de lecture estim\u00e9e":"2 minutes"},"schema":{"@context":"https:\/\/schema.org","@graph":[{"@type":"Article","@id":"https:\/\/newsestlyonnais.fr\/site\/2024\/02\/13\/pusignan-toute-lactualite-de-lassociation-tennis\/#article","isPartOf":{"@id":"https:\/\/newsestlyonnais.fr\/site\/2024\/02\/13\/pusignan-toute-lactualite-de-lassociation-tennis\/"},"author":{"name":"R\u00e9dac. NEWS","@id":"https:\/\/newsestlyonnais.fr\/site\/#\/schema\/person\/3230d5615f390bb808365d673001e887"},"headline":"PUSIGNAN | Toute l&rsquo;actualit\u00e9 de l&rsquo;Association Tennis","datePublished":"2024-02-13T16:02:11+00:00","dateModified":"2024-02-15T10:58:18+00:00","mainEntityOfPage":{"@id":"https:\/\/newsestlyonnais.fr\/site\/2024\/02\/13\/pusignan-toute-lactualite-de-lassociation-tennis\/"},"wordCount":188,"commentCount":0,"publisher":{"@id":"https:\/\/newsestlyonnais.fr\/site\/#organization"},"image":{"@id":"https:\/\/newsestlyonnais.fr\/site\/2024\/02\/13\/pusignan-toute-lactualite-de-lassociation-tennis\/#primaryimage"},"thumbnailUrl":"https:\/\/newsestlyonnais.fr\/site\/wp-content\/uploads\/2024\/02\/TMC-30-1-15-3.jpg","keywords":["AT PUSIGNAN","PUSIGNAN","TENNIS","TMC","TOURNOI"],"articleSection":["CCEL | Communes","F\u00e9minin (Actu au)","Jons | Pusignan","Sports","Tennis | Padel","Tennis | Tennis de table"],"inLanguage":"fr-FR","potentialAction":[{"@type":"CommentAction","name":"Comment","target":["https:\/\/newsestlyonnais.fr\/site\/2024\/02\/13\/pusignan-toute-lactualite-de-lassociation-tennis\/#respond"]}]},{"@type":"WebPage","@id":"https:\/\/newsestlyonnais.fr\/site\/2024\/02\/13\/pusignan-toute-lactualite-de-lassociation-tennis\/","url":"https:\/\/newsestlyonnais.fr\/site\/2024\/02\/13\/pusignan-toute-lactualite-de-lassociation-tennis\/","name":"PUSIGNAN | Toute l'actualit\u00e9 de l'Association Tennis - News Est Lyonnais","isPartOf":{"@id":"https:\/\/newsestlyonnais.fr\/site\/#website"},"primaryImageOfPage":{"@id":"https:\/\/newsestlyonnais.fr\/site\/2024\/02\/13\/pusignan-toute-lactualite-de-lassociation-tennis\/#primaryimage"},"image":{"@id":"https:\/\/newsestlyonnais.fr\/site\/2024\/02\/13\/pusignan-toute-lactualite-de-lassociation-tennis\/#primaryimage"},"thumbnailUrl":"https:\/\/newsestlyonnais.fr\/site\/wp-content\/uploads\/2024\/02\/TMC-30-1-15-3.jpg","datePublished":"2024-02-13T16:02:11+00:00","dateModified":"2024-02-15T10:58:18+00:00","description":"PUSIGNAN | Toute l'actualit\u00e9 de l'Association Tennis","breadcrumb":{"@id":"https:\/\/newsestlyonnais.fr\/site\/2024\/02\/13\/pusignan-toute-lactualite-de-lassociation-tennis\/#breadcrumb"},"inLanguage":"fr-FR","potentialAction":[{"@type":"ReadAction","target":["https:\/\/newsestlyonnais.fr\/site\/2024\/02\/13\/pusignan-toute-lactualite-de-lassociation-tennis\/"]}]},{"@type":"ImageObject","inLanguage":"fr-FR","@id":"https:\/\/newsestlyonnais.fr\/site\/2024\/02\/13\/pusignan-toute-lactualite-de-lassociation-tennis\/#primaryimage","url":"https:\/\/newsestlyonnais.fr\/site\/wp-content\/uploads\/2024\/02\/TMC-30-1-15-3.jpg","contentUrl":"https:\/\/newsestlyonnais.fr\/site\/wp-content\/uploads\/2024\/02\/TMC-30-1-15-3.jpg","width":1200,"height":900},{"@type":"BreadcrumbList","@id":"https:\/\/newsestlyonnais.fr\/site\/2024\/02\/13\/pusignan-toute-lactualite-de-lassociation-tennis\/#breadcrumb","itemListElement":[{"@type":"ListItem","position":1,"name":"Accueil","item":"https:\/\/newsestlyonnais.fr\/site\/"},{"@type":"ListItem","position":2,"name":"PUSIGNAN | Toute l&rsquo;actualit\u00e9 de l&rsquo;Association Tennis"}]},{"@type":"WebSite","@id":"https:\/\/newsestlyonnais.fr\/site\/#website","url":"https:\/\/newsestlyonnais.fr\/site\/","name":"News Est Lyonnais","description":"L&#039;actualit\u00e9 au plus pr\u00e8s","publisher":{"@id":"https:\/\/newsestlyonnais.fr\/site\/#organization"},"potentialAction":[{"@type":"SearchAction","target":{"@type":"EntryPoint","urlTemplate":"https:\/\/newsestlyonnais.fr\/site\/?s={search_term_string}"},"query-input":{"@type":"PropertyValueSpecification","valueRequired":true,"valueName":"search_term_string"}}],"inLanguage":"fr-FR"},{"@type":"Organization","@id":"https:\/\/newsestlyonnais.fr\/site\/#organization","name":"News EST LYONNAIS","url":"https:\/\/newsestlyonnais.fr\/site\/","logo":{"@type":"ImageObject","inLanguage":"fr-FR","@id":"https:\/\/newsestlyonnais.fr\/site\/#\/schema\/logo\/image\/","url":"","contentUrl":"","caption":"News EST LYONNAIS"},"image":{"@id":"https:\/\/newsestlyonnais.fr\/site\/#\/schema\/logo\/image\/"}},{"@type":"Person","@id":"https:\/\/newsestlyonnais.fr\/site\/#\/schema\/person\/3230d5615f390bb808365d673001e887","name":"R\u00e9dac. NEWS","sameAs":["http:\/\/www.newsestlyonnais.fr","https:\/\/www.facebook.com\/pascal.oberson.1?fref=ts","https:\/\/fr.linkedin.com\/in\/pascal-oberson-b17045113"],"url":"https:\/\/newsestlyonnais.fr\/site\/author\/nel\/"}]}},"_links":{"self":[{"href":"https:\/\/newsestlyonnais.fr\/site\/wp-json\/wp\/v2\/posts\/200893","targetHints":{"allow":["GET"]}}],"collection":[{"href":"https:\/\/newsestlyonnais.fr\/site\/wp-json\/wp\/v2\/posts"}],"about":[{"href":"https:\/\/newsestlyonnais.fr\/site\/wp-json\/wp\/v2\/types\/post"}],"author":[{"embeddable":true,"href":"https:\/\/newsestlyonnais.fr\/site\/wp-json\/wp\/v2\/users\/4"}],"replies":[{"embeddable":true,"href":"https:\/\/newsestlyonnais.fr\/site\/wp-json\/wp\/v2\/comments?post=200893"}],"version-history":[{"count":0,"href":"https:\/\/newsestlyonnais.fr\/site\/wp-json\/wp\/v2\/posts\/200893\/revisions"}],"wp:featuredmedia":[{"embeddable":true,"href":"https:\/\/newsestlyonnais.fr\/site\/wp-json\/wp\/v2\/media\/200896"}],"wp:attachment":[{"href":"https:\/\/newsestlyonnais.fr\/site\/wp-json\/wp\/v2\/media?parent=200893"}],"wp:term":[{"taxonomy":"category","embeddable":true,"href":"https:\/\/newsestlyonnais.fr\/site\/wp-json\/wp\/v2\/categories?post=200893"},{"taxonomy":"post_tag","embeddable":true,"href":"https:\/\/newsestlyonnais.fr\/site\/wp-json\/wp\/v2\/tags?post=200893"}],"curies":[{"name":"wp","href":"https:\/\/api.w.org\/{rel}","templated":true}]}}