{"id":20119,"date":"2017-02-01T07:35:47","date_gmt":"2017-02-01T06:35:47","guid":{"rendered":"http:\/\/newsestlyonnais.fr\/site\/?p=20119"},"modified":"2020-10-24T16:57:24","modified_gmt":"2020-10-24T15:57:24","slug":"le-bron-taekwondo-performant-en-championnat-de-region","status":"publish","type":"post","link":"https:\/\/newsestlyonnais.fr\/site\/2017\/02\/01\/le-bron-taekwondo-performant-en-championnat-de-region\/","title":{"rendered":"BRON | Le Taekwondo performant en championnat de r\u00e9gion"},"content":{"rendered":"<h4>En ce dernier samedi de Janvier se d\u00e9roulaient les championnats de r\u00e9gion (cadets, juniors &amp; seniors) de taekwondo \u00e0 Chadrac (Haute Loire).<\/h4>\n<p>Le Bron Taekwondo \u00e9tait repr\u00e9sent\u00e9 par 4 comp\u00e9titeurs: Mohamed Messahli et Leo Atchekzai en cadet, Bassem Maaloul et Julien Alcantara en senior. Sonny n\u2019ayant pu se pr\u00e9senter \u00e0 la pes\u00e9e pour cause de remise de dipl\u00f4me.<\/p>\n<p>Les objectifs n\u2019\u00e9taient pas les m\u00eames pour tous, les cadets devaient confirmer leur d\u00e9but de saison en d\u00e9crochant leurs qualifications pour les France et les seniors qui font leurs premiers pas au niveau r\u00e9gional \u00e9tait l\u00e0 pour prendre de l\u2019exp\u00e9rience tant que sur les combats que sur la gestion d\u2019une journ\u00e9e de comp\u00e9tition (stress, routine d\u2019\u00e9chauffement).<\/p>\n<p>Sur les 4 athl\u00e8tes repr\u00e9sent\u00e9s, 3 ont d\u00e9croch\u00e9 leurs qualifications :<\/p>\n<ul>\n<li><strong>Mohammed Messahli<\/strong> est devenu vice champion de r\u00e9gion en montrant une combativit\u00e9 hors du commun et des techniques spectaculaires. Malheureusement il s\u2019incline en finale 23-22 contre adversaire qui maitrisait tr\u00e8s bien sa jambe avant.<\/li>\n<li><strong>L\u00e9o Atchekzai<\/strong> a franchi un palier lors de ses championnats r\u00e9gionaux en finissant vice- champion de r\u00e9gion. Il perd en finale face a son partenaire d\u2019entrainement du DFER.<\/li>\n<li><strong>Bassem Malloul<\/strong> cr\u00e9e la surprise en finissant 3\u00b0 et en gagnant son quart de finale 8-1 contre un combattant exp\u00e9riment\u00e9 du club de Saint Fons. Il s\u2019incline en demi alors que son adversaire \u00e9tait largement \u00e0 sa port\u00e9e.<\/li>\n<li><strong>Julien Alcantara<\/strong> participait \u00e0 sa 2\u00b0 comp\u00e9tition et l\u2019objectif \u00e9tait de prendre de l\u2019exp\u00e9rience. Il perd face \u00e0 un combattant qui \u00e9tait plus fort mais il \u00e0 montr\u00e9 beaucoup de combativit\u00e9, ne l\u00e2chant rien jusqu\u2019\u00e0 la fin.<\/li>\n<\/ul>\n<p><span style=\"text-decoration: underline\">Prochaines \u00e9tapes pour les membres du Bron Taekwondo<\/span>: le passage de grade du 10 f\u00e9vrier et les diff\u00e9rents open labellis\u00e9s.<\/p>\n<ul>\n<li>Retrouvez l&rsquo;ACTU du club sur: <a href=\"http:\/\/www.brontaekwondo.org\" target=\"_blank\" rel=\"noopener noreferrer\">http:\/\/www.brontaekwondo.org<\/a><\/li>\n<\/ul>\n","protected":false},"excerpt":{"rendered":"<p>En ce dernier samedi de Janvier se d\u00e9roulaient les championnats de r\u00e9gion (cadets, juniors &amp; seniors) de taekwondo \u00e0 Chadrac (Haute Loire). Le Bron Taekwondo \u00e9tait repr\u00e9sent\u00e9 par 4 comp\u00e9titeurs: Mohamed Messahli et Leo Atchekzai en cadet, Bassem Maaloul et Julien Alcantara en senior. Sonny n\u2019ayant pu se pr\u00e9senter \u00e0 la pes\u00e9e pour cause de [&hellip;]<\/p>\n","protected":false},"author":4,"featured_media":20128,"comment_status":"open","ping_status":"open","sticky":false,"template":"","format":"standard","meta":{"footnotes":""},"categories":[19,2994,2995],"tags":[],"class_list":["post-20119","post","type-post","status-publish","format-standard","has-post-thumbnail","hentry","category-bron","category-judo-karate-taekwondo-sports","category-taekwondo-sports"],"yoast_head":"<!-- This site is optimized with the Yoast SEO plugin v27.2 - https:\/\/yoast.com\/product\/yoast-seo-wordpress\/ -->\n<title>Le BRON Taekwondo performant en championnat de r\u00e9gion<\/title>\n<meta name=\"description\" content=\"BRON Taekwondo: Tr\u00e8s bons r\u00e9sultats obtenus par ses comp\u00e9titeurs lors du championnat de r\u00e9gion disput\u00e9 ce week-end \u00e0 Chadrac (Haute Loire)\" \/>\n<meta name=\"robots\" content=\"index, follow, max-snippet:-1, max-image-preview:large, max-video-preview:-1\" \/>\n<link rel=\"canonical\" href=\"https:\/\/newsestlyonnais.fr\/site\/2017\/02\/01\/le-bron-taekwondo-performant-en-championnat-de-region\/\" \/>\n<meta property=\"og:locale\" content=\"fr_FR\" \/>\n<meta property=\"og:type\" content=\"article\" \/>\n<meta property=\"og:title\" content=\"Le BRON Taekwondo performant en championnat de r\u00e9gion\" \/>\n<meta property=\"og:description\" content=\"BRON Taekwondo: Tr\u00e8s bons r\u00e9sultats obtenus par ses comp\u00e9titeurs lors du championnat de r\u00e9gion disput\u00e9 ce week-end \u00e0 Chadrac (Haute Loire)\" \/>\n<meta property=\"og:url\" content=\"https:\/\/newsestlyonnais.fr\/site\/2017\/02\/01\/le-bron-taekwondo-performant-en-championnat-de-region\/\" \/>\n<meta property=\"og:site_name\" content=\"News Est Lyonnais\" \/>\n<meta property=\"article:author\" content=\"https:\/\/www.facebook.com\/pascal.oberson.1?fref=ts\" \/>\n<meta property=\"article:published_time\" content=\"2017-02-01T06:35:47+00:00\" \/>\n<meta property=\"article:modified_time\" content=\"2020-10-24T15:57:24+00:00\" \/>\n<meta property=\"og:image\" content=\"https:\/\/i2.wp.com\/newsestlyonnais.fr\/site\/wp-content\/uploads\/2017\/02\/NEWSESTLYONNAIS-BRON-TAEKWONDO-.jpg?fit=1000%2C750&ssl=1\" \/>\n\t<meta property=\"og:image:width\" content=\"1000\" \/>\n\t<meta property=\"og:image:height\" content=\"750\" \/>\n\t<meta property=\"og:image:type\" content=\"image\/jpeg\" \/>\n<meta name=\"author\" content=\"R\u00e9dac. NEWS\" \/>\n<meta name=\"twitter:card\" content=\"summary_large_image\" \/>\n<meta name=\"twitter:label1\" content=\"\u00c9crit par\" \/>\n\t<meta name=\"twitter:data1\" content=\"R\u00e9dac. NEWS\" \/>\n\t<meta name=\"twitter:label2\" content=\"Dur\u00e9e de lecture estim\u00e9e\" \/>\n\t<meta name=\"twitter:data2\" content=\"2 minutes\" \/>\n<script type=\"application\/ld+json\" class=\"yoast-schema-graph\">{\"@context\":\"https:\/\/schema.org\",\"@graph\":[{\"@type\":\"Article\",\"@id\":\"https:\/\/newsestlyonnais.fr\/site\/2017\/02\/01\/le-bron-taekwondo-performant-en-championnat-de-region\/#article\",\"isPartOf\":{\"@id\":\"https:\/\/newsestlyonnais.fr\/site\/2017\/02\/01\/le-bron-taekwondo-performant-en-championnat-de-region\/\"},\"author\":{\"name\":\"R\u00e9dac. NEWS\",\"@id\":\"https:\/\/newsestlyonnais.fr\/site\/#\/schema\/person\/3230d5615f390bb808365d673001e887\"},\"headline\":\"BRON | Le Taekwondo performant en championnat de r\u00e9gion\",\"datePublished\":\"2017-02-01T06:35:47+00:00\",\"dateModified\":\"2020-10-24T15:57:24+00:00\",\"mainEntityOfPage\":{\"@id\":\"https:\/\/newsestlyonnais.fr\/site\/2017\/02\/01\/le-bron-taekwondo-performant-en-championnat-de-region\/\"},\"wordCount\":330,\"commentCount\":0,\"publisher\":{\"@id\":\"https:\/\/newsestlyonnais.fr\/site\/#organization\"},\"image\":{\"@id\":\"https:\/\/newsestlyonnais.fr\/site\/2017\/02\/01\/le-bron-taekwondo-performant-en-championnat-de-region\/#primaryimage\"},\"thumbnailUrl\":\"https:\/\/newsestlyonnais.fr\/site\/wp-content\/uploads\/2017\/02\/NEWSESTLYONNAIS-BRON-TAEKWONDO-.jpg\",\"articleSection\":[\"Bron\",\"Judo| Karat\u00e9| Taekwondo\",\"Taekwondo\"],\"inLanguage\":\"fr-FR\",\"potentialAction\":[{\"@type\":\"CommentAction\",\"name\":\"Comment\",\"target\":[\"https:\/\/newsestlyonnais.fr\/site\/2017\/02\/01\/le-bron-taekwondo-performant-en-championnat-de-region\/#respond\"]}]},{\"@type\":\"WebPage\",\"@id\":\"https:\/\/newsestlyonnais.fr\/site\/2017\/02\/01\/le-bron-taekwondo-performant-en-championnat-de-region\/\",\"url\":\"https:\/\/newsestlyonnais.fr\/site\/2017\/02\/01\/le-bron-taekwondo-performant-en-championnat-de-region\/\",\"name\":\"Le BRON Taekwondo performant en championnat de r\u00e9gion\",\"isPartOf\":{\"@id\":\"https:\/\/newsestlyonnais.fr\/site\/#website\"},\"primaryImageOfPage\":{\"@id\":\"https:\/\/newsestlyonnais.fr\/site\/2017\/02\/01\/le-bron-taekwondo-performant-en-championnat-de-region\/#primaryimage\"},\"image\":{\"@id\":\"https:\/\/newsestlyonnais.fr\/site\/2017\/02\/01\/le-bron-taekwondo-performant-en-championnat-de-region\/#primaryimage\"},\"thumbnailUrl\":\"https:\/\/newsestlyonnais.fr\/site\/wp-content\/uploads\/2017\/02\/NEWSESTLYONNAIS-BRON-TAEKWONDO-.jpg\",\"datePublished\":\"2017-02-01T06:35:47+00:00\",\"dateModified\":\"2020-10-24T15:57:24+00:00\",\"description\":\"BRON Taekwondo: Tr\u00e8s bons r\u00e9sultats obtenus par ses comp\u00e9titeurs lors du championnat de r\u00e9gion disput\u00e9 ce week-end \u00e0 Chadrac (Haute Loire)\",\"breadcrumb\":{\"@id\":\"https:\/\/newsestlyonnais.fr\/site\/2017\/02\/01\/le-bron-taekwondo-performant-en-championnat-de-region\/#breadcrumb\"},\"inLanguage\":\"fr-FR\",\"potentialAction\":[{\"@type\":\"ReadAction\",\"target\":[\"https:\/\/newsestlyonnais.fr\/site\/2017\/02\/01\/le-bron-taekwondo-performant-en-championnat-de-region\/\"]}]},{\"@type\":\"ImageObject\",\"inLanguage\":\"fr-FR\",\"@id\":\"https:\/\/newsestlyonnais.fr\/site\/2017\/02\/01\/le-bron-taekwondo-performant-en-championnat-de-region\/#primaryimage\",\"url\":\"https:\/\/newsestlyonnais.fr\/site\/wp-content\/uploads\/2017\/02\/NEWSESTLYONNAIS-BRON-TAEKWONDO-.jpg\",\"contentUrl\":\"https:\/\/newsestlyonnais.fr\/site\/wp-content\/uploads\/2017\/02\/NEWSESTLYONNAIS-BRON-TAEKWONDO-.jpg\",\"width\":1000,\"height\":750,\"caption\":\"NEWSESTLYONNAIS - BRON TAEKWONDO\"},{\"@type\":\"BreadcrumbList\",\"@id\":\"https:\/\/newsestlyonnais.fr\/site\/2017\/02\/01\/le-bron-taekwondo-performant-en-championnat-de-region\/#breadcrumb\",\"itemListElement\":[{\"@type\":\"ListItem\",\"position\":1,\"name\":\"Accueil\",\"item\":\"https:\/\/newsestlyonnais.fr\/site\/\"},{\"@type\":\"ListItem\",\"position\":2,\"name\":\"BRON | Le Taekwondo performant en championnat de r\u00e9gion\"}]},{\"@type\":\"WebSite\",\"@id\":\"https:\/\/newsestlyonnais.fr\/site\/#website\",\"url\":\"https:\/\/newsestlyonnais.fr\/site\/\",\"name\":\"News Est Lyonnais\",\"description\":\"L&#039;actualit\u00e9 au plus pr\u00e8s\",\"publisher\":{\"@id\":\"https:\/\/newsestlyonnais.fr\/site\/#organization\"},\"potentialAction\":[{\"@type\":\"SearchAction\",\"target\":{\"@type\":\"EntryPoint\",\"urlTemplate\":\"https:\/\/newsestlyonnais.fr\/site\/?s={search_term_string}\"},\"query-input\":{\"@type\":\"PropertyValueSpecification\",\"valueRequired\":true,\"valueName\":\"search_term_string\"}}],\"inLanguage\":\"fr-FR\"},{\"@type\":\"Organization\",\"@id\":\"https:\/\/newsestlyonnais.fr\/site\/#organization\",\"name\":\"News EST LYONNAIS\",\"url\":\"https:\/\/newsestlyonnais.fr\/site\/\",\"logo\":{\"@type\":\"ImageObject\",\"inLanguage\":\"fr-FR\",\"@id\":\"https:\/\/newsestlyonnais.fr\/site\/#\/schema\/logo\/image\/\",\"url\":\"\",\"contentUrl\":\"\",\"caption\":\"News EST LYONNAIS\"},\"image\":{\"@id\":\"https:\/\/newsestlyonnais.fr\/site\/#\/schema\/logo\/image\/\"}},{\"@type\":\"Person\",\"@id\":\"https:\/\/newsestlyonnais.fr\/site\/#\/schema\/person\/3230d5615f390bb808365d673001e887\",\"name\":\"R\u00e9dac. NEWS\",\"sameAs\":[\"http:\/\/www.newsestlyonnais.fr\",\"https:\/\/www.facebook.com\/pascal.oberson.1?fref=ts\",\"https:\/\/fr.linkedin.com\/in\/pascal-oberson-b17045113\"],\"url\":\"https:\/\/newsestlyonnais.fr\/site\/author\/nel\/\"}]}<\/script>\n<!-- \/ Yoast SEO plugin. -->","yoast_head_json":{"title":"Le BRON Taekwondo performant en championnat de r\u00e9gion","description":"BRON Taekwondo: Tr\u00e8s bons r\u00e9sultats obtenus par ses comp\u00e9titeurs lors du championnat de r\u00e9gion disput\u00e9 ce week-end \u00e0 Chadrac (Haute Loire)","robots":{"index":"index","follow":"follow","max-snippet":"max-snippet:-1","max-image-preview":"max-image-preview:large","max-video-preview":"max-video-preview:-1"},"canonical":"https:\/\/newsestlyonnais.fr\/site\/2017\/02\/01\/le-bron-taekwondo-performant-en-championnat-de-region\/","og_locale":"fr_FR","og_type":"article","og_title":"Le BRON Taekwondo performant en championnat de r\u00e9gion","og_description":"BRON Taekwondo: Tr\u00e8s bons r\u00e9sultats obtenus par ses comp\u00e9titeurs lors du championnat de r\u00e9gion disput\u00e9 ce week-end \u00e0 Chadrac (Haute Loire)","og_url":"https:\/\/newsestlyonnais.fr\/site\/2017\/02\/01\/le-bron-taekwondo-performant-en-championnat-de-region\/","og_site_name":"News Est Lyonnais","article_author":"https:\/\/www.facebook.com\/pascal.oberson.1?fref=ts","article_published_time":"2017-02-01T06:35:47+00:00","article_modified_time":"2020-10-24T15:57:24+00:00","og_image":[{"width":1000,"height":750,"url":"https:\/\/i2.wp.com\/newsestlyonnais.fr\/site\/wp-content\/uploads\/2017\/02\/NEWSESTLYONNAIS-BRON-TAEKWONDO-.jpg?fit=1000%2C750&ssl=1","type":"image\/jpeg"}],"author":"R\u00e9dac. NEWS","twitter_card":"summary_large_image","twitter_misc":{"\u00c9crit par":"R\u00e9dac. NEWS","Dur\u00e9e de lecture estim\u00e9e":"2 minutes"},"schema":{"@context":"https:\/\/schema.org","@graph":[{"@type":"Article","@id":"https:\/\/newsestlyonnais.fr\/site\/2017\/02\/01\/le-bron-taekwondo-performant-en-championnat-de-region\/#article","isPartOf":{"@id":"https:\/\/newsestlyonnais.fr\/site\/2017\/02\/01\/le-bron-taekwondo-performant-en-championnat-de-region\/"},"author":{"name":"R\u00e9dac. NEWS","@id":"https:\/\/newsestlyonnais.fr\/site\/#\/schema\/person\/3230d5615f390bb808365d673001e887"},"headline":"BRON | Le Taekwondo performant en championnat de r\u00e9gion","datePublished":"2017-02-01T06:35:47+00:00","dateModified":"2020-10-24T15:57:24+00:00","mainEntityOfPage":{"@id":"https:\/\/newsestlyonnais.fr\/site\/2017\/02\/01\/le-bron-taekwondo-performant-en-championnat-de-region\/"},"wordCount":330,"commentCount":0,"publisher":{"@id":"https:\/\/newsestlyonnais.fr\/site\/#organization"},"image":{"@id":"https:\/\/newsestlyonnais.fr\/site\/2017\/02\/01\/le-bron-taekwondo-performant-en-championnat-de-region\/#primaryimage"},"thumbnailUrl":"https:\/\/newsestlyonnais.fr\/site\/wp-content\/uploads\/2017\/02\/NEWSESTLYONNAIS-BRON-TAEKWONDO-.jpg","articleSection":["Bron","Judo| Karat\u00e9| Taekwondo","Taekwondo"],"inLanguage":"fr-FR","potentialAction":[{"@type":"CommentAction","name":"Comment","target":["https:\/\/newsestlyonnais.fr\/site\/2017\/02\/01\/le-bron-taekwondo-performant-en-championnat-de-region\/#respond"]}]},{"@type":"WebPage","@id":"https:\/\/newsestlyonnais.fr\/site\/2017\/02\/01\/le-bron-taekwondo-performant-en-championnat-de-region\/","url":"https:\/\/newsestlyonnais.fr\/site\/2017\/02\/01\/le-bron-taekwondo-performant-en-championnat-de-region\/","name":"Le BRON Taekwondo performant en championnat de r\u00e9gion","isPartOf":{"@id":"https:\/\/newsestlyonnais.fr\/site\/#website"},"primaryImageOfPage":{"@id":"https:\/\/newsestlyonnais.fr\/site\/2017\/02\/01\/le-bron-taekwondo-performant-en-championnat-de-region\/#primaryimage"},"image":{"@id":"https:\/\/newsestlyonnais.fr\/site\/2017\/02\/01\/le-bron-taekwondo-performant-en-championnat-de-region\/#primaryimage"},"thumbnailUrl":"https:\/\/newsestlyonnais.fr\/site\/wp-content\/uploads\/2017\/02\/NEWSESTLYONNAIS-BRON-TAEKWONDO-.jpg","datePublished":"2017-02-01T06:35:47+00:00","dateModified":"2020-10-24T15:57:24+00:00","description":"BRON Taekwondo: Tr\u00e8s bons r\u00e9sultats obtenus par ses comp\u00e9titeurs lors du championnat de r\u00e9gion disput\u00e9 ce week-end \u00e0 Chadrac (Haute Loire)","breadcrumb":{"@id":"https:\/\/newsestlyonnais.fr\/site\/2017\/02\/01\/le-bron-taekwondo-performant-en-championnat-de-region\/#breadcrumb"},"inLanguage":"fr-FR","potentialAction":[{"@type":"ReadAction","target":["https:\/\/newsestlyonnais.fr\/site\/2017\/02\/01\/le-bron-taekwondo-performant-en-championnat-de-region\/"]}]},{"@type":"ImageObject","inLanguage":"fr-FR","@id":"https:\/\/newsestlyonnais.fr\/site\/2017\/02\/01\/le-bron-taekwondo-performant-en-championnat-de-region\/#primaryimage","url":"https:\/\/newsestlyonnais.fr\/site\/wp-content\/uploads\/2017\/02\/NEWSESTLYONNAIS-BRON-TAEKWONDO-.jpg","contentUrl":"https:\/\/newsestlyonnais.fr\/site\/wp-content\/uploads\/2017\/02\/NEWSESTLYONNAIS-BRON-TAEKWONDO-.jpg","width":1000,"height":750,"caption":"NEWSESTLYONNAIS - BRON TAEKWONDO"},{"@type":"BreadcrumbList","@id":"https:\/\/newsestlyonnais.fr\/site\/2017\/02\/01\/le-bron-taekwondo-performant-en-championnat-de-region\/#breadcrumb","itemListElement":[{"@type":"ListItem","position":1,"name":"Accueil","item":"https:\/\/newsestlyonnais.fr\/site\/"},{"@type":"ListItem","position":2,"name":"BRON | Le Taekwondo performant en championnat de r\u00e9gion"}]},{"@type":"WebSite","@id":"https:\/\/newsestlyonnais.fr\/site\/#website","url":"https:\/\/newsestlyonnais.fr\/site\/","name":"News Est Lyonnais","description":"L&#039;actualit\u00e9 au plus pr\u00e8s","publisher":{"@id":"https:\/\/newsestlyonnais.fr\/site\/#organization"},"potentialAction":[{"@type":"SearchAction","target":{"@type":"EntryPoint","urlTemplate":"https:\/\/newsestlyonnais.fr\/site\/?s={search_term_string}"},"query-input":{"@type":"PropertyValueSpecification","valueRequired":true,"valueName":"search_term_string"}}],"inLanguage":"fr-FR"},{"@type":"Organization","@id":"https:\/\/newsestlyonnais.fr\/site\/#organization","name":"News EST LYONNAIS","url":"https:\/\/newsestlyonnais.fr\/site\/","logo":{"@type":"ImageObject","inLanguage":"fr-FR","@id":"https:\/\/newsestlyonnais.fr\/site\/#\/schema\/logo\/image\/","url":"","contentUrl":"","caption":"News EST LYONNAIS"},"image":{"@id":"https:\/\/newsestlyonnais.fr\/site\/#\/schema\/logo\/image\/"}},{"@type":"Person","@id":"https:\/\/newsestlyonnais.fr\/site\/#\/schema\/person\/3230d5615f390bb808365d673001e887","name":"R\u00e9dac. NEWS","sameAs":["http:\/\/www.newsestlyonnais.fr","https:\/\/www.facebook.com\/pascal.oberson.1?fref=ts","https:\/\/fr.linkedin.com\/in\/pascal-oberson-b17045113"],"url":"https:\/\/newsestlyonnais.fr\/site\/author\/nel\/"}]}},"_links":{"self":[{"href":"https:\/\/newsestlyonnais.fr\/site\/wp-json\/wp\/v2\/posts\/20119","targetHints":{"allow":["GET"]}}],"collection":[{"href":"https:\/\/newsestlyonnais.fr\/site\/wp-json\/wp\/v2\/posts"}],"about":[{"href":"https:\/\/newsestlyonnais.fr\/site\/wp-json\/wp\/v2\/types\/post"}],"author":[{"embeddable":true,"href":"https:\/\/newsestlyonnais.fr\/site\/wp-json\/wp\/v2\/users\/4"}],"replies":[{"embeddable":true,"href":"https:\/\/newsestlyonnais.fr\/site\/wp-json\/wp\/v2\/comments?post=20119"}],"version-history":[{"count":0,"href":"https:\/\/newsestlyonnais.fr\/site\/wp-json\/wp\/v2\/posts\/20119\/revisions"}],"wp:featuredmedia":[{"embeddable":true,"href":"https:\/\/newsestlyonnais.fr\/site\/wp-json\/wp\/v2\/media\/20128"}],"wp:attachment":[{"href":"https:\/\/newsestlyonnais.fr\/site\/wp-json\/wp\/v2\/media?parent=20119"}],"wp:term":[{"taxonomy":"category","embeddable":true,"href":"https:\/\/newsestlyonnais.fr\/site\/wp-json\/wp\/v2\/categories?post=20119"},{"taxonomy":"post_tag","embeddable":true,"href":"https:\/\/newsestlyonnais.fr\/site\/wp-json\/wp\/v2\/tags?post=20119"}],"curies":[{"name":"wp","href":"https:\/\/api.w.org\/{rel}","templated":true}]}}