{"id":201487,"date":"2024-02-27T06:31:28","date_gmt":"2024-02-27T05:31:28","guid":{"rendered":"https:\/\/newsestlyonnais.fr\/site\/?p=201487"},"modified":"2024-02-28T08:04:56","modified_gmt":"2024-02-28T07:04:56","slug":"villeurbanne-lasvel-pelote-basque-au-championnat-de-ligues-en-trinquet","status":"publish","type":"post","link":"https:\/\/newsestlyonnais.fr\/site\/2024\/02\/27\/villeurbanne-lasvel-pelote-basque-au-championnat-de-ligues-en-trinquet\/","title":{"rendered":"VILLEURBANNE | L\u2019ASVEL Pelote Basque au championnat de ligues en trinquet"},"content":{"rendered":"<p>Dans la partie sud-est de la France, les ligues Auvergne-Rh\u00f4ne-Alpes et Corse ne comptent qu&rsquo;un club, la ligue PACA quatre (Marseille, Cannes, Grasse, Villeneuve-Loubet).<\/p>\n<p>Chaque ann\u00e9e la section ASVEL Pelote Basque participe au championnat de ligues PACA\/Corse\/ Auvergne-Rh\u00f4ne-Alpes. A noter que, comme la Corse, cette derni\u00e8re ne compte qu\u2019un club. Ce championnat se joue en \u00ab place libre \u00bb, sur un fronton comme celui du quartier Saint-Jean \u00e0 Villeurbanne, et en \u00ab trinquet \u00bb, une salle o\u00f9 l\u2019on joue sur les quatre murs, et dont seul le club de Grasse est \u00e9quip\u00e9.<\/p>\n<p><strong>3 \u00e9quipes villeurbannaises<\/strong> participaient, en deuxi\u00e8me et troisi\u00e8me s\u00e9ries, \u00e0 ces phases de poules de la comp\u00e9tition : 2 \u00e9quipes (Maylis\/Gutierrez et Bernard\/Etcheverry) en troisi\u00e8me s\u00e9rie et Jean-Marc Bareille\/Vincent Lacoste en deuxi\u00e8me s\u00e9rie, <strong>qui ont gagn\u00e9 toutes leurs parties et se retrouveront aux phases finales<\/strong> programm\u00e9es au trinquet de Plan de Grasse les 6 et 7 avril 2024.<\/p>\n<hr \/>\n<p><strong><span style=\"background-color: #000000; color: #ffffff;\">NOTA<\/span> : <\/strong>Les Villeurbannais et les lyonnais qui souhaitent d\u00e9couvrir ce sport pourront assister les 1\u00b0 et 2 juin au fronton municipal, 15 rue des jardins, au 4\u00b0 Open Jules Ma\u00efsterrena de paleta pelote de gomme pleine de Villeurbanne.<\/p>\n<hr \/>\n<p><span style=\"background-color: #000000;\"><em><span style=\"font-size: 14pt; background-color: #000000;\"><span style=\"color: #ffffff;\"><strong>+ d&rsquo;infos sur :<\/strong> <\/span><span style=\"color: #3366ff;\"><a style=\"background-color: #000000; color: #3366ff;\" href=\"https:\/\/www.pelotebasquerhone.com\">https:\/\/www.pelotebasquerhone.com<\/a><\/span><\/span><\/em><\/span><\/p>\n<p>&nbsp;<\/p>\n","protected":false},"excerpt":{"rendered":"<p>Trois \u00e9quipes de Villeurbanne participaient, en deuxi\u00e8me et troisi\u00e8me s\u00e9ries, lors du dernier week-end de f\u00e9vrier aux phases de poules de la comp\u00e9tition. <\/p>\n","protected":false},"author":4,"featured_media":201490,"comment_status":"open","ping_status":"open","sticky":false,"template":"","format":"standard","meta":{"footnotes":""},"categories":[574,166,2,29],"tags":[2833,2832,2091],"class_list":["post-201487","post","type-post","status-publish","format-standard","has-post-thumbnail","hentry","category-autres-sports","category-divers-sports","category-sports","category-villeurbanne","tag-asvel-pelote-basque","tag-pelote-basque","tag-villeurbanne"],"yoast_head":"<!-- This site is optimized with the Yoast SEO plugin v27.2 - https:\/\/yoast.com\/product\/yoast-seo-wordpress\/ -->\n<title>VILLEURBANNE | L\u2019ASVEL Pelote Basque au championnat de ligues en trinquet - News Est Lyonnais<\/title>\n<meta name=\"description\" content=\"VILLEURBANNE | L\u2019ASVEL Pelote Basque au championnat de ligues en trinquet\" \/>\n<meta name=\"robots\" content=\"index, follow, max-snippet:-1, max-image-preview:large, max-video-preview:-1\" \/>\n<link rel=\"canonical\" href=\"https:\/\/newsestlyonnais.fr\/site\/2024\/02\/27\/villeurbanne-lasvel-pelote-basque-au-championnat-de-ligues-en-trinquet\/\" \/>\n<meta property=\"og:locale\" content=\"fr_FR\" \/>\n<meta property=\"og:type\" content=\"article\" \/>\n<meta property=\"og:title\" content=\"VILLEURBANNE | L\u2019ASVEL Pelote Basque au championnat de ligues en trinquet - News Est Lyonnais\" \/>\n<meta property=\"og:description\" content=\"VILLEURBANNE | L\u2019ASVEL Pelote Basque au championnat de ligues en trinquet\" \/>\n<meta property=\"og:url\" content=\"https:\/\/newsestlyonnais.fr\/site\/2024\/02\/27\/villeurbanne-lasvel-pelote-basque-au-championnat-de-ligues-en-trinquet\/\" \/>\n<meta property=\"og:site_name\" content=\"News Est Lyonnais\" \/>\n<meta property=\"article:author\" content=\"https:\/\/www.facebook.com\/pascal.oberson.1?fref=ts\" \/>\n<meta property=\"article:published_time\" content=\"2024-02-27T05:31:28+00:00\" \/>\n<meta property=\"article:modified_time\" content=\"2024-02-28T07:04:56+00:00\" \/>\n<meta property=\"og:image\" content=\"https:\/\/newsestlyonnais.fr\/site\/wp-content\/uploads\/2024\/02\/2024-trinquet-chptligue.jpg\" \/>\n\t<meta property=\"og:image:width\" content=\"767\" \/>\n\t<meta property=\"og:image:height\" content=\"575\" \/>\n\t<meta property=\"og:image:type\" content=\"image\/jpeg\" \/>\n<meta name=\"author\" content=\"R\u00e9dac. NEWS\" \/>\n<meta name=\"twitter:card\" content=\"summary_large_image\" \/>\n<meta name=\"twitter:label1\" content=\"\u00c9crit par\" \/>\n\t<meta name=\"twitter:data1\" content=\"R\u00e9dac. NEWS\" \/>\n\t<meta name=\"twitter:label2\" content=\"Dur\u00e9e de lecture estim\u00e9e\" \/>\n\t<meta name=\"twitter:data2\" content=\"2 minutes\" \/>\n<script type=\"application\/ld+json\" class=\"yoast-schema-graph\">{\"@context\":\"https:\/\/schema.org\",\"@graph\":[{\"@type\":\"Article\",\"@id\":\"https:\/\/newsestlyonnais.fr\/site\/2024\/02\/27\/villeurbanne-lasvel-pelote-basque-au-championnat-de-ligues-en-trinquet\/#article\",\"isPartOf\":{\"@id\":\"https:\/\/newsestlyonnais.fr\/site\/2024\/02\/27\/villeurbanne-lasvel-pelote-basque-au-championnat-de-ligues-en-trinquet\/\"},\"author\":{\"name\":\"R\u00e9dac. NEWS\",\"@id\":\"https:\/\/newsestlyonnais.fr\/site\/#\/schema\/person\/3230d5615f390bb808365d673001e887\"},\"headline\":\"VILLEURBANNE | L\u2019ASVEL Pelote Basque au championnat de ligues en trinquet\",\"datePublished\":\"2024-02-27T05:31:28+00:00\",\"dateModified\":\"2024-02-28T07:04:56+00:00\",\"mainEntityOfPage\":{\"@id\":\"https:\/\/newsestlyonnais.fr\/site\/2024\/02\/27\/villeurbanne-lasvel-pelote-basque-au-championnat-de-ligues-en-trinquet\/\"},\"wordCount\":213,\"commentCount\":0,\"publisher\":{\"@id\":\"https:\/\/newsestlyonnais.fr\/site\/#organization\"},\"image\":{\"@id\":\"https:\/\/newsestlyonnais.fr\/site\/2024\/02\/27\/villeurbanne-lasvel-pelote-basque-au-championnat-de-ligues-en-trinquet\/#primaryimage\"},\"thumbnailUrl\":\"https:\/\/newsestlyonnais.fr\/site\/wp-content\/uploads\/2024\/02\/2024-trinquet-chptligue.jpg\",\"keywords\":[\"ASVEL PELOTE BASQUE\",\"PELOTE BASQUE\",\"VILLEURBANNE\"],\"articleSection\":[\"Autres sports\",\"Divers Sports\",\"Sports\",\"Villeurbanne\"],\"inLanguage\":\"fr-FR\",\"potentialAction\":[{\"@type\":\"CommentAction\",\"name\":\"Comment\",\"target\":[\"https:\/\/newsestlyonnais.fr\/site\/2024\/02\/27\/villeurbanne-lasvel-pelote-basque-au-championnat-de-ligues-en-trinquet\/#respond\"]}]},{\"@type\":\"WebPage\",\"@id\":\"https:\/\/newsestlyonnais.fr\/site\/2024\/02\/27\/villeurbanne-lasvel-pelote-basque-au-championnat-de-ligues-en-trinquet\/\",\"url\":\"https:\/\/newsestlyonnais.fr\/site\/2024\/02\/27\/villeurbanne-lasvel-pelote-basque-au-championnat-de-ligues-en-trinquet\/\",\"name\":\"VILLEURBANNE | L\u2019ASVEL Pelote Basque au championnat de ligues en trinquet - News Est Lyonnais\",\"isPartOf\":{\"@id\":\"https:\/\/newsestlyonnais.fr\/site\/#website\"},\"primaryImageOfPage\":{\"@id\":\"https:\/\/newsestlyonnais.fr\/site\/2024\/02\/27\/villeurbanne-lasvel-pelote-basque-au-championnat-de-ligues-en-trinquet\/#primaryimage\"},\"image\":{\"@id\":\"https:\/\/newsestlyonnais.fr\/site\/2024\/02\/27\/villeurbanne-lasvel-pelote-basque-au-championnat-de-ligues-en-trinquet\/#primaryimage\"},\"thumbnailUrl\":\"https:\/\/newsestlyonnais.fr\/site\/wp-content\/uploads\/2024\/02\/2024-trinquet-chptligue.jpg\",\"datePublished\":\"2024-02-27T05:31:28+00:00\",\"dateModified\":\"2024-02-28T07:04:56+00:00\",\"description\":\"VILLEURBANNE | L\u2019ASVEL Pelote Basque au championnat de ligues en trinquet\",\"breadcrumb\":{\"@id\":\"https:\/\/newsestlyonnais.fr\/site\/2024\/02\/27\/villeurbanne-lasvel-pelote-basque-au-championnat-de-ligues-en-trinquet\/#breadcrumb\"},\"inLanguage\":\"fr-FR\",\"potentialAction\":[{\"@type\":\"ReadAction\",\"target\":[\"https:\/\/newsestlyonnais.fr\/site\/2024\/02\/27\/villeurbanne-lasvel-pelote-basque-au-championnat-de-ligues-en-trinquet\/\"]}]},{\"@type\":\"ImageObject\",\"inLanguage\":\"fr-FR\",\"@id\":\"https:\/\/newsestlyonnais.fr\/site\/2024\/02\/27\/villeurbanne-lasvel-pelote-basque-au-championnat-de-ligues-en-trinquet\/#primaryimage\",\"url\":\"https:\/\/newsestlyonnais.fr\/site\/wp-content\/uploads\/2024\/02\/2024-trinquet-chptligue.jpg\",\"contentUrl\":\"https:\/\/newsestlyonnais.fr\/site\/wp-content\/uploads\/2024\/02\/2024-trinquet-chptligue.jpg\",\"width\":767,\"height\":575},{\"@type\":\"BreadcrumbList\",\"@id\":\"https:\/\/newsestlyonnais.fr\/site\/2024\/02\/27\/villeurbanne-lasvel-pelote-basque-au-championnat-de-ligues-en-trinquet\/#breadcrumb\",\"itemListElement\":[{\"@type\":\"ListItem\",\"position\":1,\"name\":\"Accueil\",\"item\":\"https:\/\/newsestlyonnais.fr\/site\/\"},{\"@type\":\"ListItem\",\"position\":2,\"name\":\"VILLEURBANNE | L\u2019ASVEL Pelote Basque au championnat de ligues en trinquet\"}]},{\"@type\":\"WebSite\",\"@id\":\"https:\/\/newsestlyonnais.fr\/site\/#website\",\"url\":\"https:\/\/newsestlyonnais.fr\/site\/\",\"name\":\"News Est Lyonnais\",\"description\":\"L&#039;actualit\u00e9 au plus pr\u00e8s\",\"publisher\":{\"@id\":\"https:\/\/newsestlyonnais.fr\/site\/#organization\"},\"potentialAction\":[{\"@type\":\"SearchAction\",\"target\":{\"@type\":\"EntryPoint\",\"urlTemplate\":\"https:\/\/newsestlyonnais.fr\/site\/?s={search_term_string}\"},\"query-input\":{\"@type\":\"PropertyValueSpecification\",\"valueRequired\":true,\"valueName\":\"search_term_string\"}}],\"inLanguage\":\"fr-FR\"},{\"@type\":\"Organization\",\"@id\":\"https:\/\/newsestlyonnais.fr\/site\/#organization\",\"name\":\"News EST LYONNAIS\",\"url\":\"https:\/\/newsestlyonnais.fr\/site\/\",\"logo\":{\"@type\":\"ImageObject\",\"inLanguage\":\"fr-FR\",\"@id\":\"https:\/\/newsestlyonnais.fr\/site\/#\/schema\/logo\/image\/\",\"url\":\"\",\"contentUrl\":\"\",\"caption\":\"News EST LYONNAIS\"},\"image\":{\"@id\":\"https:\/\/newsestlyonnais.fr\/site\/#\/schema\/logo\/image\/\"}},{\"@type\":\"Person\",\"@id\":\"https:\/\/newsestlyonnais.fr\/site\/#\/schema\/person\/3230d5615f390bb808365d673001e887\",\"name\":\"R\u00e9dac. NEWS\",\"sameAs\":[\"http:\/\/www.newsestlyonnais.fr\",\"https:\/\/www.facebook.com\/pascal.oberson.1?fref=ts\",\"https:\/\/fr.linkedin.com\/in\/pascal-oberson-b17045113\"],\"url\":\"https:\/\/newsestlyonnais.fr\/site\/author\/nel\/\"}]}<\/script>\n<!-- \/ Yoast SEO plugin. -->","yoast_head_json":{"title":"VILLEURBANNE | L\u2019ASVEL Pelote Basque au championnat de ligues en trinquet - News Est Lyonnais","description":"VILLEURBANNE | L\u2019ASVEL Pelote Basque au championnat de ligues en trinquet","robots":{"index":"index","follow":"follow","max-snippet":"max-snippet:-1","max-image-preview":"max-image-preview:large","max-video-preview":"max-video-preview:-1"},"canonical":"https:\/\/newsestlyonnais.fr\/site\/2024\/02\/27\/villeurbanne-lasvel-pelote-basque-au-championnat-de-ligues-en-trinquet\/","og_locale":"fr_FR","og_type":"article","og_title":"VILLEURBANNE | L\u2019ASVEL Pelote Basque au championnat de ligues en trinquet - News Est Lyonnais","og_description":"VILLEURBANNE | L\u2019ASVEL Pelote Basque au championnat de ligues en trinquet","og_url":"https:\/\/newsestlyonnais.fr\/site\/2024\/02\/27\/villeurbanne-lasvel-pelote-basque-au-championnat-de-ligues-en-trinquet\/","og_site_name":"News Est Lyonnais","article_author":"https:\/\/www.facebook.com\/pascal.oberson.1?fref=ts","article_published_time":"2024-02-27T05:31:28+00:00","article_modified_time":"2024-02-28T07:04:56+00:00","og_image":[{"width":767,"height":575,"url":"https:\/\/newsestlyonnais.fr\/site\/wp-content\/uploads\/2024\/02\/2024-trinquet-chptligue.jpg","type":"image\/jpeg"}],"author":"R\u00e9dac. NEWS","twitter_card":"summary_large_image","twitter_misc":{"\u00c9crit par":"R\u00e9dac. NEWS","Dur\u00e9e de lecture estim\u00e9e":"2 minutes"},"schema":{"@context":"https:\/\/schema.org","@graph":[{"@type":"Article","@id":"https:\/\/newsestlyonnais.fr\/site\/2024\/02\/27\/villeurbanne-lasvel-pelote-basque-au-championnat-de-ligues-en-trinquet\/#article","isPartOf":{"@id":"https:\/\/newsestlyonnais.fr\/site\/2024\/02\/27\/villeurbanne-lasvel-pelote-basque-au-championnat-de-ligues-en-trinquet\/"},"author":{"name":"R\u00e9dac. NEWS","@id":"https:\/\/newsestlyonnais.fr\/site\/#\/schema\/person\/3230d5615f390bb808365d673001e887"},"headline":"VILLEURBANNE | L\u2019ASVEL Pelote Basque au championnat de ligues en trinquet","datePublished":"2024-02-27T05:31:28+00:00","dateModified":"2024-02-28T07:04:56+00:00","mainEntityOfPage":{"@id":"https:\/\/newsestlyonnais.fr\/site\/2024\/02\/27\/villeurbanne-lasvel-pelote-basque-au-championnat-de-ligues-en-trinquet\/"},"wordCount":213,"commentCount":0,"publisher":{"@id":"https:\/\/newsestlyonnais.fr\/site\/#organization"},"image":{"@id":"https:\/\/newsestlyonnais.fr\/site\/2024\/02\/27\/villeurbanne-lasvel-pelote-basque-au-championnat-de-ligues-en-trinquet\/#primaryimage"},"thumbnailUrl":"https:\/\/newsestlyonnais.fr\/site\/wp-content\/uploads\/2024\/02\/2024-trinquet-chptligue.jpg","keywords":["ASVEL PELOTE BASQUE","PELOTE BASQUE","VILLEURBANNE"],"articleSection":["Autres sports","Divers Sports","Sports","Villeurbanne"],"inLanguage":"fr-FR","potentialAction":[{"@type":"CommentAction","name":"Comment","target":["https:\/\/newsestlyonnais.fr\/site\/2024\/02\/27\/villeurbanne-lasvel-pelote-basque-au-championnat-de-ligues-en-trinquet\/#respond"]}]},{"@type":"WebPage","@id":"https:\/\/newsestlyonnais.fr\/site\/2024\/02\/27\/villeurbanne-lasvel-pelote-basque-au-championnat-de-ligues-en-trinquet\/","url":"https:\/\/newsestlyonnais.fr\/site\/2024\/02\/27\/villeurbanne-lasvel-pelote-basque-au-championnat-de-ligues-en-trinquet\/","name":"VILLEURBANNE | L\u2019ASVEL Pelote Basque au championnat de ligues en trinquet - News Est Lyonnais","isPartOf":{"@id":"https:\/\/newsestlyonnais.fr\/site\/#website"},"primaryImageOfPage":{"@id":"https:\/\/newsestlyonnais.fr\/site\/2024\/02\/27\/villeurbanne-lasvel-pelote-basque-au-championnat-de-ligues-en-trinquet\/#primaryimage"},"image":{"@id":"https:\/\/newsestlyonnais.fr\/site\/2024\/02\/27\/villeurbanne-lasvel-pelote-basque-au-championnat-de-ligues-en-trinquet\/#primaryimage"},"thumbnailUrl":"https:\/\/newsestlyonnais.fr\/site\/wp-content\/uploads\/2024\/02\/2024-trinquet-chptligue.jpg","datePublished":"2024-02-27T05:31:28+00:00","dateModified":"2024-02-28T07:04:56+00:00","description":"VILLEURBANNE | L\u2019ASVEL Pelote Basque au championnat de ligues en trinquet","breadcrumb":{"@id":"https:\/\/newsestlyonnais.fr\/site\/2024\/02\/27\/villeurbanne-lasvel-pelote-basque-au-championnat-de-ligues-en-trinquet\/#breadcrumb"},"inLanguage":"fr-FR","potentialAction":[{"@type":"ReadAction","target":["https:\/\/newsestlyonnais.fr\/site\/2024\/02\/27\/villeurbanne-lasvel-pelote-basque-au-championnat-de-ligues-en-trinquet\/"]}]},{"@type":"ImageObject","inLanguage":"fr-FR","@id":"https:\/\/newsestlyonnais.fr\/site\/2024\/02\/27\/villeurbanne-lasvel-pelote-basque-au-championnat-de-ligues-en-trinquet\/#primaryimage","url":"https:\/\/newsestlyonnais.fr\/site\/wp-content\/uploads\/2024\/02\/2024-trinquet-chptligue.jpg","contentUrl":"https:\/\/newsestlyonnais.fr\/site\/wp-content\/uploads\/2024\/02\/2024-trinquet-chptligue.jpg","width":767,"height":575},{"@type":"BreadcrumbList","@id":"https:\/\/newsestlyonnais.fr\/site\/2024\/02\/27\/villeurbanne-lasvel-pelote-basque-au-championnat-de-ligues-en-trinquet\/#breadcrumb","itemListElement":[{"@type":"ListItem","position":1,"name":"Accueil","item":"https:\/\/newsestlyonnais.fr\/site\/"},{"@type":"ListItem","position":2,"name":"VILLEURBANNE | L\u2019ASVEL Pelote Basque au championnat de ligues en trinquet"}]},{"@type":"WebSite","@id":"https:\/\/newsestlyonnais.fr\/site\/#website","url":"https:\/\/newsestlyonnais.fr\/site\/","name":"News Est Lyonnais","description":"L&#039;actualit\u00e9 au plus pr\u00e8s","publisher":{"@id":"https:\/\/newsestlyonnais.fr\/site\/#organization"},"potentialAction":[{"@type":"SearchAction","target":{"@type":"EntryPoint","urlTemplate":"https:\/\/newsestlyonnais.fr\/site\/?s={search_term_string}"},"query-input":{"@type":"PropertyValueSpecification","valueRequired":true,"valueName":"search_term_string"}}],"inLanguage":"fr-FR"},{"@type":"Organization","@id":"https:\/\/newsestlyonnais.fr\/site\/#organization","name":"News EST LYONNAIS","url":"https:\/\/newsestlyonnais.fr\/site\/","logo":{"@type":"ImageObject","inLanguage":"fr-FR","@id":"https:\/\/newsestlyonnais.fr\/site\/#\/schema\/logo\/image\/","url":"","contentUrl":"","caption":"News EST LYONNAIS"},"image":{"@id":"https:\/\/newsestlyonnais.fr\/site\/#\/schema\/logo\/image\/"}},{"@type":"Person","@id":"https:\/\/newsestlyonnais.fr\/site\/#\/schema\/person\/3230d5615f390bb808365d673001e887","name":"R\u00e9dac. NEWS","sameAs":["http:\/\/www.newsestlyonnais.fr","https:\/\/www.facebook.com\/pascal.oberson.1?fref=ts","https:\/\/fr.linkedin.com\/in\/pascal-oberson-b17045113"],"url":"https:\/\/newsestlyonnais.fr\/site\/author\/nel\/"}]}},"_links":{"self":[{"href":"https:\/\/newsestlyonnais.fr\/site\/wp-json\/wp\/v2\/posts\/201487","targetHints":{"allow":["GET"]}}],"collection":[{"href":"https:\/\/newsestlyonnais.fr\/site\/wp-json\/wp\/v2\/posts"}],"about":[{"href":"https:\/\/newsestlyonnais.fr\/site\/wp-json\/wp\/v2\/types\/post"}],"author":[{"embeddable":true,"href":"https:\/\/newsestlyonnais.fr\/site\/wp-json\/wp\/v2\/users\/4"}],"replies":[{"embeddable":true,"href":"https:\/\/newsestlyonnais.fr\/site\/wp-json\/wp\/v2\/comments?post=201487"}],"version-history":[{"count":0,"href":"https:\/\/newsestlyonnais.fr\/site\/wp-json\/wp\/v2\/posts\/201487\/revisions"}],"wp:featuredmedia":[{"embeddable":true,"href":"https:\/\/newsestlyonnais.fr\/site\/wp-json\/wp\/v2\/media\/201490"}],"wp:attachment":[{"href":"https:\/\/newsestlyonnais.fr\/site\/wp-json\/wp\/v2\/media?parent=201487"}],"wp:term":[{"taxonomy":"category","embeddable":true,"href":"https:\/\/newsestlyonnais.fr\/site\/wp-json\/wp\/v2\/categories?post=201487"},{"taxonomy":"post_tag","embeddable":true,"href":"https:\/\/newsestlyonnais.fr\/site\/wp-json\/wp\/v2\/tags?post=201487"}],"curies":[{"name":"wp","href":"https:\/\/api.w.org\/{rel}","templated":true}]}}