{"id":20149,"date":"2017-02-01T14:36:10","date_gmt":"2017-02-01T13:36:10","guid":{"rendered":"http:\/\/newsestlyonnais.fr\/site\/?p=20149"},"modified":"2020-11-16T17:44:44","modified_gmt":"2020-11-16T16:44:44","slug":"vaulx-en-velin-le-nouveau-numero-du-vaulx-en-velin-journal-vient-de-sortir","status":"publish","type":"post","link":"https:\/\/newsestlyonnais.fr\/site\/2017\/02\/01\/vaulx-en-velin-le-nouveau-numero-du-vaulx-en-velin-journal-vient-de-sortir\/","title":{"rendered":"VAULX-EN-VELIN | Le nouveau num\u00e9ro du \u00ab\u00a0Vaulx en Velin Journal\u00a0\u00bb vient de sortir !"},"content":{"rendered":"<h4><span style=\"font-size: medium\"><span style=\"font-family: Arial,Helvetica,sans-serif\">Parution, ce jour, du num\u00e9ro 149 du magazine municipal \u00ab\u00a0Vaulx-en-Velin Journal\u00a0\u00bb.<\/span><\/span><\/h4>\n<p><span style=\"font-family: Arial,Helvetica,sans-serif\"><strong>Au sommaire de ce num\u00e9ro<\/strong> : <\/span><\/p>\n<ul>\n<li>La zone agricole renoue avec sa vocation mara\u00eech\u00e8re &#8211;<strong> page 3<\/strong><\/li>\n<li>A Vaulx Jazz f\u00eate ses 30 ans et prend des couleurs &#8211; <strong>pages 6 et 12<\/strong><\/li>\n<li>Boxe : Zahir Nemer reprend les gants &#8211; <strong>page 7<\/strong><\/li>\n<li><span style=\"font-size: medium\"><span style=\"font-family: Arial,Helvetica,sans-serif\">Centres sociaux : acteurs de lien entre les Vaudais &#8211; <strong>pages 8 et 9<\/strong><\/span><\/span><\/li>\n<li>Hasna Lanabi, \u00e9claireuse publique. Portrait d\u2019une habitante investie &#8211; <strong>page 13<\/strong><\/li>\n<li>Le 18 f\u00e9vrier, une journ\u00e9e pour d\u00e9couvrir les territoires et d\u00e9partements d\u2019outre-mer &#8211; <strong>page 16<\/strong><\/li>\n<\/ul>\n<p>Il est en cours de distribution dans toutes les bo\u00eetes aux lettres vaudaises et sur les pr\u00e9sentoirs des lieux publics et \u00e0 t\u00e9l\u00e9charger sur: <a href=\"http:\/\/mairie.vaulx-en-velin.net\/actualite\" target=\"_blank\" rel=\"noopener noreferrer\">http:\/\/mairie.vaulx-en-velin.net\/actualite<\/a><\/p>\n<p>&nbsp;<\/p>\n<p>&nbsp;<\/p>\n<p>&nbsp;<\/p>\n","protected":false},"excerpt":{"rendered":"<p>Parution, ce jour, du num\u00e9ro 149 du magazine municipal \u00ab\u00a0Vaulx-en-Velin Journal\u00a0\u00bb. Au sommaire de ce num\u00e9ro : La zone agricole renoue avec sa vocation mara\u00eech\u00e8re &#8211; page 3 A Vaulx Jazz f\u00eate ses 30 ans et prend des couleurs &#8211; pages 6 et 12 Boxe : Zahir Nemer reprend les gants &#8211; page 7 Centres [&hellip;]<\/p>\n","protected":false},"author":4,"featured_media":20153,"comment_status":"open","ping_status":"open","sticky":false,"template":"","format":"standard","meta":{"footnotes":""},"categories":[2983,28],"tags":[],"class_list":["post-20149","post","type-post","status-publish","format-standard","has-post-thumbnail","hentry","category-litterature-bd-mags-2","category-vaulx-en-velin"],"yoast_head":"<!-- This site is optimized with the Yoast SEO plugin v27.2 - https:\/\/yoast.com\/product\/yoast-seo-wordpress\/ -->\n<title>VAULX EN VELIN: Le nouveau num\u00e9ro du &quot;Vaulx en Velin Journal&quot; vient de sortir !<\/title>\n<meta name=\"description\" content=\"VAULX EN VELIN: Le nouveau num\u00e9ro du &quot;Vaulx en Velin Journal&quot; vient de sortir ! Num\u00e9ro 149 du 1\u00b0 F\u00e9vrier 2017 il relate toute l&#039;actualit\u00e9 de la commune\" \/>\n<meta name=\"robots\" content=\"index, follow, max-snippet:-1, max-image-preview:large, max-video-preview:-1\" \/>\n<link rel=\"canonical\" href=\"https:\/\/newsestlyonnais.fr\/site\/2017\/02\/01\/vaulx-en-velin-le-nouveau-numero-du-vaulx-en-velin-journal-vient-de-sortir\/\" \/>\n<meta property=\"og:locale\" content=\"fr_FR\" \/>\n<meta property=\"og:type\" content=\"article\" \/>\n<meta property=\"og:title\" content=\"VAULX EN VELIN: Le nouveau num\u00e9ro du &quot;Vaulx en Velin Journal&quot; vient de sortir !\" \/>\n<meta property=\"og:description\" content=\"VAULX EN VELIN: Le nouveau num\u00e9ro du &quot;Vaulx en Velin Journal&quot; vient de sortir ! Num\u00e9ro 149 du 1\u00b0 F\u00e9vrier 2017 il relate toute l&#039;actualit\u00e9 de la commune\" \/>\n<meta property=\"og:url\" content=\"https:\/\/newsestlyonnais.fr\/site\/2017\/02\/01\/vaulx-en-velin-le-nouveau-numero-du-vaulx-en-velin-journal-vient-de-sortir\/\" \/>\n<meta property=\"og:site_name\" content=\"News Est Lyonnais\" \/>\n<meta property=\"article:author\" content=\"https:\/\/www.facebook.com\/pascal.oberson.1?fref=ts\" \/>\n<meta property=\"article:published_time\" content=\"2017-02-01T13:36:10+00:00\" \/>\n<meta property=\"article:modified_time\" content=\"2020-11-16T16:44:44+00:00\" \/>\n<meta property=\"og:image\" content=\"https:\/\/i0.wp.com\/newsestlyonnais.fr\/site\/wp-content\/uploads\/2017\/02\/NEWSESTLYONNAIS-Journal-Une-149-1er-fe\u0301v-2017.jpg?fit=1000%2C750&ssl=1\" \/>\n\t<meta property=\"og:image:width\" content=\"1000\" \/>\n\t<meta property=\"og:image:height\" content=\"750\" \/>\n\t<meta property=\"og:image:type\" content=\"image\/jpeg\" \/>\n<meta name=\"author\" content=\"R\u00e9dac. NEWS\" \/>\n<meta name=\"twitter:card\" content=\"summary_large_image\" \/>\n<meta name=\"twitter:label1\" content=\"\u00c9crit par\" \/>\n\t<meta name=\"twitter:data1\" content=\"R\u00e9dac. NEWS\" \/>\n\t<meta name=\"twitter:label2\" content=\"Dur\u00e9e de lecture estim\u00e9e\" \/>\n\t<meta name=\"twitter:data2\" content=\"1 minute\" \/>\n<script type=\"application\/ld+json\" class=\"yoast-schema-graph\">{\"@context\":\"https:\/\/schema.org\",\"@graph\":[{\"@type\":\"Article\",\"@id\":\"https:\/\/newsestlyonnais.fr\/site\/2017\/02\/01\/vaulx-en-velin-le-nouveau-numero-du-vaulx-en-velin-journal-vient-de-sortir\/#article\",\"isPartOf\":{\"@id\":\"https:\/\/newsestlyonnais.fr\/site\/2017\/02\/01\/vaulx-en-velin-le-nouveau-numero-du-vaulx-en-velin-journal-vient-de-sortir\/\"},\"author\":{\"name\":\"R\u00e9dac. NEWS\",\"@id\":\"https:\/\/newsestlyonnais.fr\/site\/#\/schema\/person\/3230d5615f390bb808365d673001e887\"},\"headline\":\"VAULX-EN-VELIN | Le nouveau num\u00e9ro du \u00ab\u00a0Vaulx en Velin Journal\u00a0\u00bb vient de sortir !\",\"datePublished\":\"2017-02-01T13:36:10+00:00\",\"dateModified\":\"2020-11-16T16:44:44+00:00\",\"mainEntityOfPage\":{\"@id\":\"https:\/\/newsestlyonnais.fr\/site\/2017\/02\/01\/vaulx-en-velin-le-nouveau-numero-du-vaulx-en-velin-journal-vient-de-sortir\/\"},\"wordCount\":139,\"commentCount\":0,\"publisher\":{\"@id\":\"https:\/\/newsestlyonnais.fr\/site\/#organization\"},\"image\":{\"@id\":\"https:\/\/newsestlyonnais.fr\/site\/2017\/02\/01\/vaulx-en-velin-le-nouveau-numero-du-vaulx-en-velin-journal-vient-de-sortir\/#primaryimage\"},\"thumbnailUrl\":\"https:\/\/newsestlyonnais.fr\/site\/wp-content\/uploads\/2017\/02\/NEWSESTLYONNAIS-Journal-Une-149-1er-fe\u0301v-2017.jpg\",\"articleSection\":[\"Litt\u00e9rature | Bd | Mags\",\"Vaulx-en-Velin\"],\"inLanguage\":\"fr-FR\",\"potentialAction\":[{\"@type\":\"CommentAction\",\"name\":\"Comment\",\"target\":[\"https:\/\/newsestlyonnais.fr\/site\/2017\/02\/01\/vaulx-en-velin-le-nouveau-numero-du-vaulx-en-velin-journal-vient-de-sortir\/#respond\"]}]},{\"@type\":\"WebPage\",\"@id\":\"https:\/\/newsestlyonnais.fr\/site\/2017\/02\/01\/vaulx-en-velin-le-nouveau-numero-du-vaulx-en-velin-journal-vient-de-sortir\/\",\"url\":\"https:\/\/newsestlyonnais.fr\/site\/2017\/02\/01\/vaulx-en-velin-le-nouveau-numero-du-vaulx-en-velin-journal-vient-de-sortir\/\",\"name\":\"VAULX EN VELIN: Le nouveau num\u00e9ro du \\\"Vaulx en Velin Journal\\\" vient de sortir !\",\"isPartOf\":{\"@id\":\"https:\/\/newsestlyonnais.fr\/site\/#website\"},\"primaryImageOfPage\":{\"@id\":\"https:\/\/newsestlyonnais.fr\/site\/2017\/02\/01\/vaulx-en-velin-le-nouveau-numero-du-vaulx-en-velin-journal-vient-de-sortir\/#primaryimage\"},\"image\":{\"@id\":\"https:\/\/newsestlyonnais.fr\/site\/2017\/02\/01\/vaulx-en-velin-le-nouveau-numero-du-vaulx-en-velin-journal-vient-de-sortir\/#primaryimage\"},\"thumbnailUrl\":\"https:\/\/newsestlyonnais.fr\/site\/wp-content\/uploads\/2017\/02\/NEWSESTLYONNAIS-Journal-Une-149-1er-fe\u0301v-2017.jpg\",\"datePublished\":\"2017-02-01T13:36:10+00:00\",\"dateModified\":\"2020-11-16T16:44:44+00:00\",\"description\":\"VAULX EN VELIN: Le nouveau num\u00e9ro du \\\"Vaulx en Velin Journal\\\" vient de sortir ! Num\u00e9ro 149 du 1\u00b0 F\u00e9vrier 2017 il relate toute l'actualit\u00e9 de la commune\",\"breadcrumb\":{\"@id\":\"https:\/\/newsestlyonnais.fr\/site\/2017\/02\/01\/vaulx-en-velin-le-nouveau-numero-du-vaulx-en-velin-journal-vient-de-sortir\/#breadcrumb\"},\"inLanguage\":\"fr-FR\",\"potentialAction\":[{\"@type\":\"ReadAction\",\"target\":[\"https:\/\/newsestlyonnais.fr\/site\/2017\/02\/01\/vaulx-en-velin-le-nouveau-numero-du-vaulx-en-velin-journal-vient-de-sortir\/\"]}]},{\"@type\":\"ImageObject\",\"inLanguage\":\"fr-FR\",\"@id\":\"https:\/\/newsestlyonnais.fr\/site\/2017\/02\/01\/vaulx-en-velin-le-nouveau-numero-du-vaulx-en-velin-journal-vient-de-sortir\/#primaryimage\",\"url\":\"https:\/\/newsestlyonnais.fr\/site\/wp-content\/uploads\/2017\/02\/NEWSESTLYONNAIS-Journal-Une-149-1er-fe\u0301v-2017.jpg\",\"contentUrl\":\"https:\/\/newsestlyonnais.fr\/site\/wp-content\/uploads\/2017\/02\/NEWSESTLYONNAIS-Journal-Une-149-1er-fe\u0301v-2017.jpg\",\"width\":1000,\"height\":750,\"caption\":\"NEWSESTLYONNAIS - Journal Une 149- 1er fe\u0301v 2017\"},{\"@type\":\"BreadcrumbList\",\"@id\":\"https:\/\/newsestlyonnais.fr\/site\/2017\/02\/01\/vaulx-en-velin-le-nouveau-numero-du-vaulx-en-velin-journal-vient-de-sortir\/#breadcrumb\",\"itemListElement\":[{\"@type\":\"ListItem\",\"position\":1,\"name\":\"Accueil\",\"item\":\"https:\/\/newsestlyonnais.fr\/site\/\"},{\"@type\":\"ListItem\",\"position\":2,\"name\":\"VAULX-EN-VELIN | Le nouveau num\u00e9ro du \u00ab\u00a0Vaulx en Velin Journal\u00a0\u00bb vient de sortir !\"}]},{\"@type\":\"WebSite\",\"@id\":\"https:\/\/newsestlyonnais.fr\/site\/#website\",\"url\":\"https:\/\/newsestlyonnais.fr\/site\/\",\"name\":\"News Est Lyonnais\",\"description\":\"L&#039;actualit\u00e9 au plus pr\u00e8s\",\"publisher\":{\"@id\":\"https:\/\/newsestlyonnais.fr\/site\/#organization\"},\"potentialAction\":[{\"@type\":\"SearchAction\",\"target\":{\"@type\":\"EntryPoint\",\"urlTemplate\":\"https:\/\/newsestlyonnais.fr\/site\/?s={search_term_string}\"},\"query-input\":{\"@type\":\"PropertyValueSpecification\",\"valueRequired\":true,\"valueName\":\"search_term_string\"}}],\"inLanguage\":\"fr-FR\"},{\"@type\":\"Organization\",\"@id\":\"https:\/\/newsestlyonnais.fr\/site\/#organization\",\"name\":\"News EST LYONNAIS\",\"url\":\"https:\/\/newsestlyonnais.fr\/site\/\",\"logo\":{\"@type\":\"ImageObject\",\"inLanguage\":\"fr-FR\",\"@id\":\"https:\/\/newsestlyonnais.fr\/site\/#\/schema\/logo\/image\/\",\"url\":\"\",\"contentUrl\":\"\",\"caption\":\"News EST LYONNAIS\"},\"image\":{\"@id\":\"https:\/\/newsestlyonnais.fr\/site\/#\/schema\/logo\/image\/\"}},{\"@type\":\"Person\",\"@id\":\"https:\/\/newsestlyonnais.fr\/site\/#\/schema\/person\/3230d5615f390bb808365d673001e887\",\"name\":\"R\u00e9dac. NEWS\",\"sameAs\":[\"http:\/\/www.newsestlyonnais.fr\",\"https:\/\/www.facebook.com\/pascal.oberson.1?fref=ts\",\"https:\/\/fr.linkedin.com\/in\/pascal-oberson-b17045113\"],\"url\":\"https:\/\/newsestlyonnais.fr\/site\/author\/nel\/\"}]}<\/script>\n<!-- \/ Yoast SEO plugin. -->","yoast_head_json":{"title":"VAULX EN VELIN: Le nouveau num\u00e9ro du \"Vaulx en Velin Journal\" vient de sortir !","description":"VAULX EN VELIN: Le nouveau num\u00e9ro du \"Vaulx en Velin Journal\" vient de sortir ! Num\u00e9ro 149 du 1\u00b0 F\u00e9vrier 2017 il relate toute l'actualit\u00e9 de la commune","robots":{"index":"index","follow":"follow","max-snippet":"max-snippet:-1","max-image-preview":"max-image-preview:large","max-video-preview":"max-video-preview:-1"},"canonical":"https:\/\/newsestlyonnais.fr\/site\/2017\/02\/01\/vaulx-en-velin-le-nouveau-numero-du-vaulx-en-velin-journal-vient-de-sortir\/","og_locale":"fr_FR","og_type":"article","og_title":"VAULX EN VELIN: Le nouveau num\u00e9ro du \"Vaulx en Velin Journal\" vient de sortir !","og_description":"VAULX EN VELIN: Le nouveau num\u00e9ro du \"Vaulx en Velin Journal\" vient de sortir ! Num\u00e9ro 149 du 1\u00b0 F\u00e9vrier 2017 il relate toute l'actualit\u00e9 de la commune","og_url":"https:\/\/newsestlyonnais.fr\/site\/2017\/02\/01\/vaulx-en-velin-le-nouveau-numero-du-vaulx-en-velin-journal-vient-de-sortir\/","og_site_name":"News Est Lyonnais","article_author":"https:\/\/www.facebook.com\/pascal.oberson.1?fref=ts","article_published_time":"2017-02-01T13:36:10+00:00","article_modified_time":"2020-11-16T16:44:44+00:00","og_image":[{"width":1000,"height":750,"url":"https:\/\/i0.wp.com\/newsestlyonnais.fr\/site\/wp-content\/uploads\/2017\/02\/NEWSESTLYONNAIS-Journal-Une-149-1er-fe\u0301v-2017.jpg?fit=1000%2C750&ssl=1","type":"image\/jpeg"}],"author":"R\u00e9dac. NEWS","twitter_card":"summary_large_image","twitter_misc":{"\u00c9crit par":"R\u00e9dac. NEWS","Dur\u00e9e de lecture estim\u00e9e":"1 minute"},"schema":{"@context":"https:\/\/schema.org","@graph":[{"@type":"Article","@id":"https:\/\/newsestlyonnais.fr\/site\/2017\/02\/01\/vaulx-en-velin-le-nouveau-numero-du-vaulx-en-velin-journal-vient-de-sortir\/#article","isPartOf":{"@id":"https:\/\/newsestlyonnais.fr\/site\/2017\/02\/01\/vaulx-en-velin-le-nouveau-numero-du-vaulx-en-velin-journal-vient-de-sortir\/"},"author":{"name":"R\u00e9dac. NEWS","@id":"https:\/\/newsestlyonnais.fr\/site\/#\/schema\/person\/3230d5615f390bb808365d673001e887"},"headline":"VAULX-EN-VELIN | Le nouveau num\u00e9ro du \u00ab\u00a0Vaulx en Velin Journal\u00a0\u00bb vient de sortir !","datePublished":"2017-02-01T13:36:10+00:00","dateModified":"2020-11-16T16:44:44+00:00","mainEntityOfPage":{"@id":"https:\/\/newsestlyonnais.fr\/site\/2017\/02\/01\/vaulx-en-velin-le-nouveau-numero-du-vaulx-en-velin-journal-vient-de-sortir\/"},"wordCount":139,"commentCount":0,"publisher":{"@id":"https:\/\/newsestlyonnais.fr\/site\/#organization"},"image":{"@id":"https:\/\/newsestlyonnais.fr\/site\/2017\/02\/01\/vaulx-en-velin-le-nouveau-numero-du-vaulx-en-velin-journal-vient-de-sortir\/#primaryimage"},"thumbnailUrl":"https:\/\/newsestlyonnais.fr\/site\/wp-content\/uploads\/2017\/02\/NEWSESTLYONNAIS-Journal-Une-149-1er-fe\u0301v-2017.jpg","articleSection":["Litt\u00e9rature | Bd | Mags","Vaulx-en-Velin"],"inLanguage":"fr-FR","potentialAction":[{"@type":"CommentAction","name":"Comment","target":["https:\/\/newsestlyonnais.fr\/site\/2017\/02\/01\/vaulx-en-velin-le-nouveau-numero-du-vaulx-en-velin-journal-vient-de-sortir\/#respond"]}]},{"@type":"WebPage","@id":"https:\/\/newsestlyonnais.fr\/site\/2017\/02\/01\/vaulx-en-velin-le-nouveau-numero-du-vaulx-en-velin-journal-vient-de-sortir\/","url":"https:\/\/newsestlyonnais.fr\/site\/2017\/02\/01\/vaulx-en-velin-le-nouveau-numero-du-vaulx-en-velin-journal-vient-de-sortir\/","name":"VAULX EN VELIN: Le nouveau num\u00e9ro du \"Vaulx en Velin Journal\" vient de sortir !","isPartOf":{"@id":"https:\/\/newsestlyonnais.fr\/site\/#website"},"primaryImageOfPage":{"@id":"https:\/\/newsestlyonnais.fr\/site\/2017\/02\/01\/vaulx-en-velin-le-nouveau-numero-du-vaulx-en-velin-journal-vient-de-sortir\/#primaryimage"},"image":{"@id":"https:\/\/newsestlyonnais.fr\/site\/2017\/02\/01\/vaulx-en-velin-le-nouveau-numero-du-vaulx-en-velin-journal-vient-de-sortir\/#primaryimage"},"thumbnailUrl":"https:\/\/newsestlyonnais.fr\/site\/wp-content\/uploads\/2017\/02\/NEWSESTLYONNAIS-Journal-Une-149-1er-fe\u0301v-2017.jpg","datePublished":"2017-02-01T13:36:10+00:00","dateModified":"2020-11-16T16:44:44+00:00","description":"VAULX EN VELIN: Le nouveau num\u00e9ro du \"Vaulx en Velin Journal\" vient de sortir ! Num\u00e9ro 149 du 1\u00b0 F\u00e9vrier 2017 il relate toute l'actualit\u00e9 de la commune","breadcrumb":{"@id":"https:\/\/newsestlyonnais.fr\/site\/2017\/02\/01\/vaulx-en-velin-le-nouveau-numero-du-vaulx-en-velin-journal-vient-de-sortir\/#breadcrumb"},"inLanguage":"fr-FR","potentialAction":[{"@type":"ReadAction","target":["https:\/\/newsestlyonnais.fr\/site\/2017\/02\/01\/vaulx-en-velin-le-nouveau-numero-du-vaulx-en-velin-journal-vient-de-sortir\/"]}]},{"@type":"ImageObject","inLanguage":"fr-FR","@id":"https:\/\/newsestlyonnais.fr\/site\/2017\/02\/01\/vaulx-en-velin-le-nouveau-numero-du-vaulx-en-velin-journal-vient-de-sortir\/#primaryimage","url":"https:\/\/newsestlyonnais.fr\/site\/wp-content\/uploads\/2017\/02\/NEWSESTLYONNAIS-Journal-Une-149-1er-fe\u0301v-2017.jpg","contentUrl":"https:\/\/newsestlyonnais.fr\/site\/wp-content\/uploads\/2017\/02\/NEWSESTLYONNAIS-Journal-Une-149-1er-fe\u0301v-2017.jpg","width":1000,"height":750,"caption":"NEWSESTLYONNAIS - Journal Une 149- 1er fe\u0301v 2017"},{"@type":"BreadcrumbList","@id":"https:\/\/newsestlyonnais.fr\/site\/2017\/02\/01\/vaulx-en-velin-le-nouveau-numero-du-vaulx-en-velin-journal-vient-de-sortir\/#breadcrumb","itemListElement":[{"@type":"ListItem","position":1,"name":"Accueil","item":"https:\/\/newsestlyonnais.fr\/site\/"},{"@type":"ListItem","position":2,"name":"VAULX-EN-VELIN | Le nouveau num\u00e9ro du \u00ab\u00a0Vaulx en Velin Journal\u00a0\u00bb vient de sortir !"}]},{"@type":"WebSite","@id":"https:\/\/newsestlyonnais.fr\/site\/#website","url":"https:\/\/newsestlyonnais.fr\/site\/","name":"News Est Lyonnais","description":"L&#039;actualit\u00e9 au plus pr\u00e8s","publisher":{"@id":"https:\/\/newsestlyonnais.fr\/site\/#organization"},"potentialAction":[{"@type":"SearchAction","target":{"@type":"EntryPoint","urlTemplate":"https:\/\/newsestlyonnais.fr\/site\/?s={search_term_string}"},"query-input":{"@type":"PropertyValueSpecification","valueRequired":true,"valueName":"search_term_string"}}],"inLanguage":"fr-FR"},{"@type":"Organization","@id":"https:\/\/newsestlyonnais.fr\/site\/#organization","name":"News EST LYONNAIS","url":"https:\/\/newsestlyonnais.fr\/site\/","logo":{"@type":"ImageObject","inLanguage":"fr-FR","@id":"https:\/\/newsestlyonnais.fr\/site\/#\/schema\/logo\/image\/","url":"","contentUrl":"","caption":"News EST LYONNAIS"},"image":{"@id":"https:\/\/newsestlyonnais.fr\/site\/#\/schema\/logo\/image\/"}},{"@type":"Person","@id":"https:\/\/newsestlyonnais.fr\/site\/#\/schema\/person\/3230d5615f390bb808365d673001e887","name":"R\u00e9dac. NEWS","sameAs":["http:\/\/www.newsestlyonnais.fr","https:\/\/www.facebook.com\/pascal.oberson.1?fref=ts","https:\/\/fr.linkedin.com\/in\/pascal-oberson-b17045113"],"url":"https:\/\/newsestlyonnais.fr\/site\/author\/nel\/"}]}},"_links":{"self":[{"href":"https:\/\/newsestlyonnais.fr\/site\/wp-json\/wp\/v2\/posts\/20149","targetHints":{"allow":["GET"]}}],"collection":[{"href":"https:\/\/newsestlyonnais.fr\/site\/wp-json\/wp\/v2\/posts"}],"about":[{"href":"https:\/\/newsestlyonnais.fr\/site\/wp-json\/wp\/v2\/types\/post"}],"author":[{"embeddable":true,"href":"https:\/\/newsestlyonnais.fr\/site\/wp-json\/wp\/v2\/users\/4"}],"replies":[{"embeddable":true,"href":"https:\/\/newsestlyonnais.fr\/site\/wp-json\/wp\/v2\/comments?post=20149"}],"version-history":[{"count":0,"href":"https:\/\/newsestlyonnais.fr\/site\/wp-json\/wp\/v2\/posts\/20149\/revisions"}],"wp:featuredmedia":[{"embeddable":true,"href":"https:\/\/newsestlyonnais.fr\/site\/wp-json\/wp\/v2\/media\/20153"}],"wp:attachment":[{"href":"https:\/\/newsestlyonnais.fr\/site\/wp-json\/wp\/v2\/media?parent=20149"}],"wp:term":[{"taxonomy":"category","embeddable":true,"href":"https:\/\/newsestlyonnais.fr\/site\/wp-json\/wp\/v2\/categories?post=20149"},{"taxonomy":"post_tag","embeddable":true,"href":"https:\/\/newsestlyonnais.fr\/site\/wp-json\/wp\/v2\/tags?post=20149"}],"curies":[{"name":"wp","href":"https:\/\/api.w.org\/{rel}","templated":true}]}}