{"id":20154,"date":"2017-02-01T14:50:06","date_gmt":"2017-02-01T13:50:06","guid":{"rendered":"http:\/\/newsestlyonnais.fr\/site\/?p=20154"},"modified":"2020-11-04T07:14:30","modified_gmt":"2020-11-04T06:14:30","slug":"villeurbanne-handball-reception-du-leader-lyon-caluire-samedi-soir","status":"publish","type":"post","link":"https:\/\/newsestlyonnais.fr\/site\/2017\/02\/01\/villeurbanne-handball-reception-du-leader-lyon-caluire-samedi-soir\/","title":{"rendered":"VILLEURBANNE Handball | R\u00e9ception du leader Lyon-Caluire samedi soir"},"content":{"rendered":"<h4>Dans le cadre de la dixi\u00e8me journ\u00e9e du championnat de France de Nationale 2, l\u2019\u00e9quipe du Villeurbanne Handball accueille le leader : Lyon-Caluire.<\/h4>\n<p>L\u2019ann\u00e9e 2016 s\u2019est termin\u00e9e avec une belle victoire des Black Gones face \u00e0 Besan\u00e7on, un gain de trois points qui a permis au VHA de se d\u00e9tacher \u00e0 la seconde place du tableau. La premi\u00e8re phase de cette comp\u00e9tition compte encore deux matchs \u00e0 jouer, samedi face \u00e0 Caluire puis le week-end prochain avec la venue de Saint-Egr\u00e8ve.<br \/>\nDu c\u00f4t\u00e9 adverse, on d\u00e9couvre une \u00e9quipe \u00e9voluant en haut de tableau depuis le d\u00e9but du Championnat, avec sept victoires et un cumul de vingt-quatre points. Compos\u00e9e d\u2019anciens Villeurbannais tels que Florent Boinon et Adrien Boutic, Caluire pr\u00e9sente tous les atouts d\u2019un grand concurrent auquel il faudra faire face.<br \/>\nUn derby tr\u00e8s attendu par les supporters, et qui pourrait inverser la tendance du classement. En cas de victoire, les hommes du duo Bonnefond\/Villeminot passeraient ainsi en t\u00eate. Une reprise qui s\u2019annonce d\u00e9terminante pour la suite de la saison.<\/p>\n<hr \/>\n<h4>&#8211; Samedi 4 F\u00e9vrier \u00e0 20 h 30, Salle Gratte-Ciel, 98 rue Francis de Pr\u00e9ssens\u00e9<br \/>\nAcc\u00e8s : M\u00e9tro A \u2013 Arr\u00eat R\u00e9publique Villeurbanne \/ Parking gratuit.<\/h4>\n<p>Retrouvez toute l&rsquo;ACTU du club sur: <a href=\"http:\/\/www.villeurbanneha.fr\" target=\"_blank\" rel=\"noopener noreferrer\">http:\/\/www.villeurbanneha.fr<\/a><\/p>\n","protected":false},"excerpt":{"rendered":"<p>Dans le cadre de la dixi\u00e8me journ\u00e9e du championnat de France de Nationale 2, l\u2019\u00e9quipe du Villeurbanne Handball accueille le leader : Lyon-Caluire. L\u2019ann\u00e9e 2016 s\u2019est termin\u00e9e avec une belle victoire des Black Gones face \u00e0 Besan\u00e7on, un gain de trois points qui a permis au VHA de se d\u00e9tacher \u00e0 la seconde place du [&hellip;]<\/p>\n","protected":false},"author":4,"featured_media":13213,"comment_status":"open","ping_status":"open","sticky":false,"template":"","format":"standard","meta":{"footnotes":""},"categories":[2975,1620,1358,1625,29],"tags":[],"class_list":["post-20154","post","type-post","status-publish","format-standard","has-post-thumbnail","hentry","category-basket-hand-volley-sports","category-caluire","category-hand","category-lyon","category-villeurbanne"],"yoast_head":"<!-- This site is optimized with the Yoast SEO plugin v27.2 - https:\/\/yoast.com\/product\/yoast-seo-wordpress\/ -->\n<title>VILLEURBANNE Handball | R\u00e9ception du leader Lyon-Caluire samedi soir<\/title>\n<meta name=\"description\" content=\"Le Villeurbanne Handball re\u00e7oit le leader Lyon-Caluire samedi soir POUR LE COMPTE DE LA 10\u00b0 journ\u00e9e du championnat de nationale 2\" \/>\n<meta name=\"robots\" content=\"index, follow, max-snippet:-1, max-image-preview:large, max-video-preview:-1\" \/>\n<link rel=\"canonical\" href=\"https:\/\/newsestlyonnais.fr\/site\/2017\/02\/01\/villeurbanne-handball-reception-du-leader-lyon-caluire-samedi-soir\/\" \/>\n<meta property=\"og:locale\" content=\"fr_FR\" \/>\n<meta property=\"og:type\" content=\"article\" \/>\n<meta property=\"og:title\" content=\"VILLEURBANNE Handball | R\u00e9ception du leader Lyon-Caluire samedi soir\" \/>\n<meta property=\"og:description\" content=\"Le Villeurbanne Handball re\u00e7oit le leader Lyon-Caluire samedi soir POUR LE COMPTE DE LA 10\u00b0 journ\u00e9e du championnat de nationale 2\" \/>\n<meta property=\"og:url\" content=\"https:\/\/newsestlyonnais.fr\/site\/2017\/02\/01\/villeurbanne-handball-reception-du-leader-lyon-caluire-samedi-soir\/\" \/>\n<meta property=\"og:site_name\" content=\"News Est Lyonnais\" \/>\n<meta property=\"article:author\" content=\"https:\/\/www.facebook.com\/pascal.oberson.1?fref=ts\" \/>\n<meta property=\"article:published_time\" content=\"2017-02-01T13:50:06+00:00\" \/>\n<meta property=\"article:modified_time\" content=\"2020-11-04T06:14:30+00:00\" \/>\n<meta property=\"og:image\" content=\"https:\/\/i0.wp.com\/newsestlyonnais.fr\/site\/wp-content\/uploads\/2016\/09\/NEWSESTLYONNAIS-Logo-VHA_2015-2016.jpg?fit=1000%2C750&ssl=1\" \/>\n\t<meta property=\"og:image:width\" content=\"1000\" \/>\n\t<meta property=\"og:image:height\" content=\"750\" \/>\n\t<meta property=\"og:image:type\" content=\"image\/jpeg\" \/>\n<meta name=\"author\" content=\"R\u00e9dac. NEWS\" \/>\n<meta name=\"twitter:card\" content=\"summary_large_image\" \/>\n<meta name=\"twitter:label1\" content=\"\u00c9crit par\" \/>\n\t<meta name=\"twitter:data1\" content=\"R\u00e9dac. NEWS\" \/>\n\t<meta name=\"twitter:label2\" content=\"Dur\u00e9e de lecture estim\u00e9e\" \/>\n\t<meta name=\"twitter:data2\" content=\"1 minute\" \/>\n<script type=\"application\/ld+json\" class=\"yoast-schema-graph\">{\"@context\":\"https:\/\/schema.org\",\"@graph\":[{\"@type\":\"Article\",\"@id\":\"https:\/\/newsestlyonnais.fr\/site\/2017\/02\/01\/villeurbanne-handball-reception-du-leader-lyon-caluire-samedi-soir\/#article\",\"isPartOf\":{\"@id\":\"https:\/\/newsestlyonnais.fr\/site\/2017\/02\/01\/villeurbanne-handball-reception-du-leader-lyon-caluire-samedi-soir\/\"},\"author\":{\"name\":\"R\u00e9dac. NEWS\",\"@id\":\"https:\/\/newsestlyonnais.fr\/site\/#\/schema\/person\/3230d5615f390bb808365d673001e887\"},\"headline\":\"VILLEURBANNE Handball | R\u00e9ception du leader Lyon-Caluire samedi soir\",\"datePublished\":\"2017-02-01T13:50:06+00:00\",\"dateModified\":\"2020-11-04T06:14:30+00:00\",\"mainEntityOfPage\":{\"@id\":\"https:\/\/newsestlyonnais.fr\/site\/2017\/02\/01\/villeurbanne-handball-reception-du-leader-lyon-caluire-samedi-soir\/\"},\"wordCount\":230,\"commentCount\":0,\"publisher\":{\"@id\":\"https:\/\/newsestlyonnais.fr\/site\/#organization\"},\"image\":{\"@id\":\"https:\/\/newsestlyonnais.fr\/site\/2017\/02\/01\/villeurbanne-handball-reception-du-leader-lyon-caluire-samedi-soir\/#primaryimage\"},\"thumbnailUrl\":\"https:\/\/newsestlyonnais.fr\/site\/wp-content\/uploads\/2016\/09\/NEWSESTLYONNAIS-Logo-VHA_2015-2016.jpg\",\"articleSection\":[\"Basket | Hand | Volley\",\"Caluire\",\"Hand\",\"Lyon\",\"Villeurbanne\"],\"inLanguage\":\"fr-FR\",\"potentialAction\":[{\"@type\":\"CommentAction\",\"name\":\"Comment\",\"target\":[\"https:\/\/newsestlyonnais.fr\/site\/2017\/02\/01\/villeurbanne-handball-reception-du-leader-lyon-caluire-samedi-soir\/#respond\"]}]},{\"@type\":\"WebPage\",\"@id\":\"https:\/\/newsestlyonnais.fr\/site\/2017\/02\/01\/villeurbanne-handball-reception-du-leader-lyon-caluire-samedi-soir\/\",\"url\":\"https:\/\/newsestlyonnais.fr\/site\/2017\/02\/01\/villeurbanne-handball-reception-du-leader-lyon-caluire-samedi-soir\/\",\"name\":\"VILLEURBANNE Handball | R\u00e9ception du leader Lyon-Caluire samedi soir\",\"isPartOf\":{\"@id\":\"https:\/\/newsestlyonnais.fr\/site\/#website\"},\"primaryImageOfPage\":{\"@id\":\"https:\/\/newsestlyonnais.fr\/site\/2017\/02\/01\/villeurbanne-handball-reception-du-leader-lyon-caluire-samedi-soir\/#primaryimage\"},\"image\":{\"@id\":\"https:\/\/newsestlyonnais.fr\/site\/2017\/02\/01\/villeurbanne-handball-reception-du-leader-lyon-caluire-samedi-soir\/#primaryimage\"},\"thumbnailUrl\":\"https:\/\/newsestlyonnais.fr\/site\/wp-content\/uploads\/2016\/09\/NEWSESTLYONNAIS-Logo-VHA_2015-2016.jpg\",\"datePublished\":\"2017-02-01T13:50:06+00:00\",\"dateModified\":\"2020-11-04T06:14:30+00:00\",\"description\":\"Le Villeurbanne Handball re\u00e7oit le leader Lyon-Caluire samedi soir POUR LE COMPTE DE LA 10\u00b0 journ\u00e9e du championnat de nationale 2\",\"breadcrumb\":{\"@id\":\"https:\/\/newsestlyonnais.fr\/site\/2017\/02\/01\/villeurbanne-handball-reception-du-leader-lyon-caluire-samedi-soir\/#breadcrumb\"},\"inLanguage\":\"fr-FR\",\"potentialAction\":[{\"@type\":\"ReadAction\",\"target\":[\"https:\/\/newsestlyonnais.fr\/site\/2017\/02\/01\/villeurbanne-handball-reception-du-leader-lyon-caluire-samedi-soir\/\"]}]},{\"@type\":\"ImageObject\",\"inLanguage\":\"fr-FR\",\"@id\":\"https:\/\/newsestlyonnais.fr\/site\/2017\/02\/01\/villeurbanne-handball-reception-du-leader-lyon-caluire-samedi-soir\/#primaryimage\",\"url\":\"https:\/\/newsestlyonnais.fr\/site\/wp-content\/uploads\/2016\/09\/NEWSESTLYONNAIS-Logo-VHA_2015-2016.jpg\",\"contentUrl\":\"https:\/\/newsestlyonnais.fr\/site\/wp-content\/uploads\/2016\/09\/NEWSESTLYONNAIS-Logo-VHA_2015-2016.jpg\",\"width\":1000,\"height\":750,\"caption\":\"newsestlyonnais-logo-vha_2015-2016\"},{\"@type\":\"BreadcrumbList\",\"@id\":\"https:\/\/newsestlyonnais.fr\/site\/2017\/02\/01\/villeurbanne-handball-reception-du-leader-lyon-caluire-samedi-soir\/#breadcrumb\",\"itemListElement\":[{\"@type\":\"ListItem\",\"position\":1,\"name\":\"Accueil\",\"item\":\"https:\/\/newsestlyonnais.fr\/site\/\"},{\"@type\":\"ListItem\",\"position\":2,\"name\":\"VILLEURBANNE Handball | R\u00e9ception du leader Lyon-Caluire samedi soir\"}]},{\"@type\":\"WebSite\",\"@id\":\"https:\/\/newsestlyonnais.fr\/site\/#website\",\"url\":\"https:\/\/newsestlyonnais.fr\/site\/\",\"name\":\"News Est Lyonnais\",\"description\":\"L&#039;actualit\u00e9 au plus pr\u00e8s\",\"publisher\":{\"@id\":\"https:\/\/newsestlyonnais.fr\/site\/#organization\"},\"potentialAction\":[{\"@type\":\"SearchAction\",\"target\":{\"@type\":\"EntryPoint\",\"urlTemplate\":\"https:\/\/newsestlyonnais.fr\/site\/?s={search_term_string}\"},\"query-input\":{\"@type\":\"PropertyValueSpecification\",\"valueRequired\":true,\"valueName\":\"search_term_string\"}}],\"inLanguage\":\"fr-FR\"},{\"@type\":\"Organization\",\"@id\":\"https:\/\/newsestlyonnais.fr\/site\/#organization\",\"name\":\"News EST LYONNAIS\",\"url\":\"https:\/\/newsestlyonnais.fr\/site\/\",\"logo\":{\"@type\":\"ImageObject\",\"inLanguage\":\"fr-FR\",\"@id\":\"https:\/\/newsestlyonnais.fr\/site\/#\/schema\/logo\/image\/\",\"url\":\"\",\"contentUrl\":\"\",\"caption\":\"News EST LYONNAIS\"},\"image\":{\"@id\":\"https:\/\/newsestlyonnais.fr\/site\/#\/schema\/logo\/image\/\"}},{\"@type\":\"Person\",\"@id\":\"https:\/\/newsestlyonnais.fr\/site\/#\/schema\/person\/3230d5615f390bb808365d673001e887\",\"name\":\"R\u00e9dac. NEWS\",\"sameAs\":[\"http:\/\/www.newsestlyonnais.fr\",\"https:\/\/www.facebook.com\/pascal.oberson.1?fref=ts\",\"https:\/\/fr.linkedin.com\/in\/pascal-oberson-b17045113\"],\"url\":\"https:\/\/newsestlyonnais.fr\/site\/author\/nel\/\"}]}<\/script>\n<!-- \/ Yoast SEO plugin. -->","yoast_head_json":{"title":"VILLEURBANNE Handball | R\u00e9ception du leader Lyon-Caluire samedi soir","description":"Le Villeurbanne Handball re\u00e7oit le leader Lyon-Caluire samedi soir POUR LE COMPTE DE LA 10\u00b0 journ\u00e9e du championnat de nationale 2","robots":{"index":"index","follow":"follow","max-snippet":"max-snippet:-1","max-image-preview":"max-image-preview:large","max-video-preview":"max-video-preview:-1"},"canonical":"https:\/\/newsestlyonnais.fr\/site\/2017\/02\/01\/villeurbanne-handball-reception-du-leader-lyon-caluire-samedi-soir\/","og_locale":"fr_FR","og_type":"article","og_title":"VILLEURBANNE Handball | R\u00e9ception du leader Lyon-Caluire samedi soir","og_description":"Le Villeurbanne Handball re\u00e7oit le leader Lyon-Caluire samedi soir POUR LE COMPTE DE LA 10\u00b0 journ\u00e9e du championnat de nationale 2","og_url":"https:\/\/newsestlyonnais.fr\/site\/2017\/02\/01\/villeurbanne-handball-reception-du-leader-lyon-caluire-samedi-soir\/","og_site_name":"News Est Lyonnais","article_author":"https:\/\/www.facebook.com\/pascal.oberson.1?fref=ts","article_published_time":"2017-02-01T13:50:06+00:00","article_modified_time":"2020-11-04T06:14:30+00:00","og_image":[{"width":1000,"height":750,"url":"https:\/\/i0.wp.com\/newsestlyonnais.fr\/site\/wp-content\/uploads\/2016\/09\/NEWSESTLYONNAIS-Logo-VHA_2015-2016.jpg?fit=1000%2C750&ssl=1","type":"image\/jpeg"}],"author":"R\u00e9dac. NEWS","twitter_card":"summary_large_image","twitter_misc":{"\u00c9crit par":"R\u00e9dac. NEWS","Dur\u00e9e de lecture estim\u00e9e":"1 minute"},"schema":{"@context":"https:\/\/schema.org","@graph":[{"@type":"Article","@id":"https:\/\/newsestlyonnais.fr\/site\/2017\/02\/01\/villeurbanne-handball-reception-du-leader-lyon-caluire-samedi-soir\/#article","isPartOf":{"@id":"https:\/\/newsestlyonnais.fr\/site\/2017\/02\/01\/villeurbanne-handball-reception-du-leader-lyon-caluire-samedi-soir\/"},"author":{"name":"R\u00e9dac. NEWS","@id":"https:\/\/newsestlyonnais.fr\/site\/#\/schema\/person\/3230d5615f390bb808365d673001e887"},"headline":"VILLEURBANNE Handball | R\u00e9ception du leader Lyon-Caluire samedi soir","datePublished":"2017-02-01T13:50:06+00:00","dateModified":"2020-11-04T06:14:30+00:00","mainEntityOfPage":{"@id":"https:\/\/newsestlyonnais.fr\/site\/2017\/02\/01\/villeurbanne-handball-reception-du-leader-lyon-caluire-samedi-soir\/"},"wordCount":230,"commentCount":0,"publisher":{"@id":"https:\/\/newsestlyonnais.fr\/site\/#organization"},"image":{"@id":"https:\/\/newsestlyonnais.fr\/site\/2017\/02\/01\/villeurbanne-handball-reception-du-leader-lyon-caluire-samedi-soir\/#primaryimage"},"thumbnailUrl":"https:\/\/newsestlyonnais.fr\/site\/wp-content\/uploads\/2016\/09\/NEWSESTLYONNAIS-Logo-VHA_2015-2016.jpg","articleSection":["Basket | Hand | Volley","Caluire","Hand","Lyon","Villeurbanne"],"inLanguage":"fr-FR","potentialAction":[{"@type":"CommentAction","name":"Comment","target":["https:\/\/newsestlyonnais.fr\/site\/2017\/02\/01\/villeurbanne-handball-reception-du-leader-lyon-caluire-samedi-soir\/#respond"]}]},{"@type":"WebPage","@id":"https:\/\/newsestlyonnais.fr\/site\/2017\/02\/01\/villeurbanne-handball-reception-du-leader-lyon-caluire-samedi-soir\/","url":"https:\/\/newsestlyonnais.fr\/site\/2017\/02\/01\/villeurbanne-handball-reception-du-leader-lyon-caluire-samedi-soir\/","name":"VILLEURBANNE Handball | R\u00e9ception du leader Lyon-Caluire samedi soir","isPartOf":{"@id":"https:\/\/newsestlyonnais.fr\/site\/#website"},"primaryImageOfPage":{"@id":"https:\/\/newsestlyonnais.fr\/site\/2017\/02\/01\/villeurbanne-handball-reception-du-leader-lyon-caluire-samedi-soir\/#primaryimage"},"image":{"@id":"https:\/\/newsestlyonnais.fr\/site\/2017\/02\/01\/villeurbanne-handball-reception-du-leader-lyon-caluire-samedi-soir\/#primaryimage"},"thumbnailUrl":"https:\/\/newsestlyonnais.fr\/site\/wp-content\/uploads\/2016\/09\/NEWSESTLYONNAIS-Logo-VHA_2015-2016.jpg","datePublished":"2017-02-01T13:50:06+00:00","dateModified":"2020-11-04T06:14:30+00:00","description":"Le Villeurbanne Handball re\u00e7oit le leader Lyon-Caluire samedi soir POUR LE COMPTE DE LA 10\u00b0 journ\u00e9e du championnat de nationale 2","breadcrumb":{"@id":"https:\/\/newsestlyonnais.fr\/site\/2017\/02\/01\/villeurbanne-handball-reception-du-leader-lyon-caluire-samedi-soir\/#breadcrumb"},"inLanguage":"fr-FR","potentialAction":[{"@type":"ReadAction","target":["https:\/\/newsestlyonnais.fr\/site\/2017\/02\/01\/villeurbanne-handball-reception-du-leader-lyon-caluire-samedi-soir\/"]}]},{"@type":"ImageObject","inLanguage":"fr-FR","@id":"https:\/\/newsestlyonnais.fr\/site\/2017\/02\/01\/villeurbanne-handball-reception-du-leader-lyon-caluire-samedi-soir\/#primaryimage","url":"https:\/\/newsestlyonnais.fr\/site\/wp-content\/uploads\/2016\/09\/NEWSESTLYONNAIS-Logo-VHA_2015-2016.jpg","contentUrl":"https:\/\/newsestlyonnais.fr\/site\/wp-content\/uploads\/2016\/09\/NEWSESTLYONNAIS-Logo-VHA_2015-2016.jpg","width":1000,"height":750,"caption":"newsestlyonnais-logo-vha_2015-2016"},{"@type":"BreadcrumbList","@id":"https:\/\/newsestlyonnais.fr\/site\/2017\/02\/01\/villeurbanne-handball-reception-du-leader-lyon-caluire-samedi-soir\/#breadcrumb","itemListElement":[{"@type":"ListItem","position":1,"name":"Accueil","item":"https:\/\/newsestlyonnais.fr\/site\/"},{"@type":"ListItem","position":2,"name":"VILLEURBANNE Handball | R\u00e9ception du leader Lyon-Caluire samedi soir"}]},{"@type":"WebSite","@id":"https:\/\/newsestlyonnais.fr\/site\/#website","url":"https:\/\/newsestlyonnais.fr\/site\/","name":"News Est Lyonnais","description":"L&#039;actualit\u00e9 au plus pr\u00e8s","publisher":{"@id":"https:\/\/newsestlyonnais.fr\/site\/#organization"},"potentialAction":[{"@type":"SearchAction","target":{"@type":"EntryPoint","urlTemplate":"https:\/\/newsestlyonnais.fr\/site\/?s={search_term_string}"},"query-input":{"@type":"PropertyValueSpecification","valueRequired":true,"valueName":"search_term_string"}}],"inLanguage":"fr-FR"},{"@type":"Organization","@id":"https:\/\/newsestlyonnais.fr\/site\/#organization","name":"News EST LYONNAIS","url":"https:\/\/newsestlyonnais.fr\/site\/","logo":{"@type":"ImageObject","inLanguage":"fr-FR","@id":"https:\/\/newsestlyonnais.fr\/site\/#\/schema\/logo\/image\/","url":"","contentUrl":"","caption":"News EST LYONNAIS"},"image":{"@id":"https:\/\/newsestlyonnais.fr\/site\/#\/schema\/logo\/image\/"}},{"@type":"Person","@id":"https:\/\/newsestlyonnais.fr\/site\/#\/schema\/person\/3230d5615f390bb808365d673001e887","name":"R\u00e9dac. NEWS","sameAs":["http:\/\/www.newsestlyonnais.fr","https:\/\/www.facebook.com\/pascal.oberson.1?fref=ts","https:\/\/fr.linkedin.com\/in\/pascal-oberson-b17045113"],"url":"https:\/\/newsestlyonnais.fr\/site\/author\/nel\/"}]}},"_links":{"self":[{"href":"https:\/\/newsestlyonnais.fr\/site\/wp-json\/wp\/v2\/posts\/20154","targetHints":{"allow":["GET"]}}],"collection":[{"href":"https:\/\/newsestlyonnais.fr\/site\/wp-json\/wp\/v2\/posts"}],"about":[{"href":"https:\/\/newsestlyonnais.fr\/site\/wp-json\/wp\/v2\/types\/post"}],"author":[{"embeddable":true,"href":"https:\/\/newsestlyonnais.fr\/site\/wp-json\/wp\/v2\/users\/4"}],"replies":[{"embeddable":true,"href":"https:\/\/newsestlyonnais.fr\/site\/wp-json\/wp\/v2\/comments?post=20154"}],"version-history":[{"count":0,"href":"https:\/\/newsestlyonnais.fr\/site\/wp-json\/wp\/v2\/posts\/20154\/revisions"}],"wp:featuredmedia":[{"embeddable":true,"href":"https:\/\/newsestlyonnais.fr\/site\/wp-json\/wp\/v2\/media\/13213"}],"wp:attachment":[{"href":"https:\/\/newsestlyonnais.fr\/site\/wp-json\/wp\/v2\/media?parent=20154"}],"wp:term":[{"taxonomy":"category","embeddable":true,"href":"https:\/\/newsestlyonnais.fr\/site\/wp-json\/wp\/v2\/categories?post=20154"},{"taxonomy":"post_tag","embeddable":true,"href":"https:\/\/newsestlyonnais.fr\/site\/wp-json\/wp\/v2\/tags?post=20154"}],"curies":[{"name":"wp","href":"https:\/\/api.w.org\/{rel}","templated":true}]}}