{"id":20158,"date":"2017-02-01T15:27:52","date_gmt":"2017-02-01T14:27:52","guid":{"rendered":"http:\/\/newsestlyonnais.fr\/site\/?p=20158"},"modified":"2020-11-19T16:39:15","modified_gmt":"2020-11-19T15:39:15","slug":"bron-r-e-n-c-o-n-t-r-e-s-s-c-i-e-n-t-i-f-i-q-u-e-s-n-a-t-i-o-n-a-l-e-s-d-e-b-r-o-n-l-a-v-i-l-l-e-s-e-r-e-c-y-c-l-e-t-e-l-l-e","status":"publish","type":"post","link":"https:\/\/newsestlyonnais.fr\/site\/2017\/02\/01\/bron-r-e-n-c-o-n-t-r-e-s-s-c-i-e-n-t-i-f-i-q-u-e-s-n-a-t-i-o-n-a-l-e-s-d-e-b-r-o-n-l-a-v-i-l-l-e-s-e-r-e-c-y-c-l-e-t-e-l-l-e\/","title":{"rendered":"BRON | Rencontres Scientifiques Nationales > \u00ab\u00a0La ville se recycle-t-elle ?\u00a0\u00bb"},"content":{"rendered":"<h4>Le recyclage urbain sera au c\u0153ur de la Rencontre des Savoirs du 7 f\u00e9vrier \u00e0 la M\u00e9diath\u00e8que, programm\u00e9e dans le cadre des Rencontres Scientifiques Nationales de Bron.<\/h4>\n<div>Pour l\u2019animer et nourrir le d\u00e9bat, Laurence Rocher, Ma\u00eetre de conf\u00e9rences en Urbanisme-Am\u00e9nagement \u00e0 l\u2019Institut d\u2019Urbanisme de l\u2019Universit\u00e9 Lumi\u00e8re Lyon 2, et Cyrille Harpet, Enseignant-Chercheur \u00e0 l\u2019\u00c9cole des Hautes \u00c9tudes en Sant\u00e9 Publique de Rennes.<\/div>\n<div>\u00a0&#8211; Entr\u00e9e libre.<\/div>\n<div>\n<div><strong>Cyrille Harpet, Enseignant-Chercheur \u00e0 l\u2019\u00c9cole des Hautes \u00c9tudes en Sant\u00e9 Publique de Rennes. <\/strong>\u00ab\u00a0Le recyclage des villes permet-il de garantir la durabilit\u00e9 des espaces urbains ? Pour r\u00e9pondre \u00e0 la question, mon parti pris est de consid\u00e9rer la ville<\/div>\n<div>comme une entit\u00e9 culturelle et organique, un \u00e9cosyst\u00e8me compos\u00e9 de communaut\u00e9s humaines, <strong>avec trois dimensions<\/strong>. <strong>Historique<\/strong> d\u2019abord. Si on ne consid\u00e8re pas les \u00e9l\u00e9ments d\u2019architecture des villes du pass\u00e9 comme des vestiges, alors ils pourraient devenir des rebuts, des d\u00e9chets. La deuxi\u00e8me dimension, <strong>mat\u00e9riologique<\/strong> concerne les composants de la ville (eaux us\u00e9es, d\u00e9chets organiques, pierre, tuiles&#8230;), qui peuvent entrer dans un cycle de valorisation, de r\u00e9utilisation. Le recyclage des mat\u00e9riaux contribue \u00e0 la durabilit\u00e9 des espaces urbains (une \u00e9conomie circulaire). La troisi\u00e8me dimension,<strong> plus contemporaine<\/strong>, concerne les micropolluants \u00e9mis par les activit\u00e9s urbaines, notamment des substances de synth\u00e8se susceptibles de contaminer l\u2019air, l\u2019eau, le sol, l\u2019alimentation et donc de pr\u00e9senter des risques pour la sant\u00e9 publique\u00a0\u00bb.<\/div>\n<\/div>\n<div>\n<div><strong>Invitation \u00e0 la Rencontre<\/strong> :<span style=\"text-decoration: underline\"> mardi 7 f\u00e9vrier \u00e0 18 heures<\/span> \u00e0 la M\u00e9diath\u00e8que Jean Pr\u00e9vost<\/div>\n<div>2 place Cumbernauld tramway T2 ou T5 arr\u00eat \u201cBoutasse \/ Camille-Rousse<\/div>\n<\/div>\n","protected":false},"excerpt":{"rendered":"<p>Le recyclage urbain sera au c\u0153ur de la Rencontre des Savoirs du 7 f\u00e9vrier \u00e0 la M\u00e9diath\u00e8que, programm\u00e9e dans le cadre des Rencontres Scientifiques Nationales de Bron. Pour l\u2019animer et nourrir le d\u00e9bat, Laurence Rocher, Ma\u00eetre de conf\u00e9rences en Urbanisme-Am\u00e9nagement \u00e0 l\u2019Institut d\u2019Urbanisme de l\u2019Universit\u00e9 Lumi\u00e8re Lyon 2, et Cyrille Harpet, Enseignant-Chercheur \u00e0 l\u2019\u00c9cole des [&hellip;]<\/p>\n","protected":false},"author":4,"featured_media":14003,"comment_status":"open","ping_status":"open","sticky":false,"template":"","format":"standard","meta":{"footnotes":""},"categories":[3003,19,3010],"tags":[],"class_list":["post-20158","post","type-post","status-publish","format-standard","has-post-thumbnail","hentry","category-bibliotheque-mediatheque-mjc","category-bron","category-nature-environnement-culture-et-loisirs"],"yoast_head":"<!-- This site is optimized with the Yoast SEO plugin v27.2 - https:\/\/yoast.com\/product\/yoast-seo-wordpress\/ -->\n<title>BRON : R e n c o n t r e s S c i e n t i f i q u e s N a t i o n a l e s d e B r o n: \u201c L a v i l l e s e r e c y c l e - t - e l l e ?<\/title>\n<meta name=\"description\" content=\"BRON : R e n c o n t r e s S c i e n t i f i q u e s N a t i o n a l e s d e B r o n: \u201c L a v i l l e s e r e c y c l e - t - e l l e ?\" \/>\n<meta name=\"robots\" content=\"index, follow, max-snippet:-1, max-image-preview:large, max-video-preview:-1\" \/>\n<link rel=\"canonical\" href=\"https:\/\/newsestlyonnais.fr\/site\/2017\/02\/01\/bron-r-e-n-c-o-n-t-r-e-s-s-c-i-e-n-t-i-f-i-q-u-e-s-n-a-t-i-o-n-a-l-e-s-d-e-b-r-o-n-l-a-v-i-l-l-e-s-e-r-e-c-y-c-l-e-t-e-l-l-e\/\" \/>\n<meta property=\"og:locale\" content=\"fr_FR\" \/>\n<meta property=\"og:type\" content=\"article\" \/>\n<meta property=\"og:title\" content=\"BRON : R e n c o n t r e s S c i e n t i f i q u e s N a t i o n a l e s d e B r o n: \u201c L a v i l l e s e r e c y c l e - t - e l l e ?\" \/>\n<meta property=\"og:description\" content=\"BRON : R e n c o n t r e s S c i e n t i f i q u e s N a t i o n a l e s d e B r o n: \u201c L a v i l l e s e r e c y c l e - t - e l l e ?\" \/>\n<meta property=\"og:url\" content=\"https:\/\/newsestlyonnais.fr\/site\/2017\/02\/01\/bron-r-e-n-c-o-n-t-r-e-s-s-c-i-e-n-t-i-f-i-q-u-e-s-n-a-t-i-o-n-a-l-e-s-d-e-b-r-o-n-l-a-v-i-l-l-e-s-e-r-e-c-y-c-l-e-t-e-l-l-e\/\" \/>\n<meta property=\"og:site_name\" content=\"News Est Lyonnais\" \/>\n<meta property=\"article:author\" content=\"https:\/\/www.facebook.com\/pascal.oberson.1?fref=ts\" \/>\n<meta property=\"article:published_time\" content=\"2017-02-01T14:27:52+00:00\" \/>\n<meta property=\"article:modified_time\" content=\"2020-11-19T15:39:15+00:00\" \/>\n<meta property=\"og:image\" content=\"https:\/\/i0.wp.com\/newsestlyonnais.fr\/site\/wp-content\/uploads\/2016\/10\/NEWSESTLYONNAIS-BIS-PANNEAUBRON.jpg?fit=1000%2C750&ssl=1\" \/>\n\t<meta property=\"og:image:width\" content=\"1000\" \/>\n\t<meta property=\"og:image:height\" content=\"750\" \/>\n\t<meta property=\"og:image:type\" content=\"image\/jpeg\" \/>\n<meta name=\"author\" content=\"R\u00e9dac. NEWS\" \/>\n<meta name=\"twitter:card\" content=\"summary_large_image\" \/>\n<meta name=\"twitter:label1\" content=\"\u00c9crit par\" \/>\n\t<meta name=\"twitter:data1\" content=\"R\u00e9dac. NEWS\" \/>\n\t<meta name=\"twitter:label2\" content=\"Dur\u00e9e de lecture estim\u00e9e\" \/>\n\t<meta name=\"twitter:data2\" content=\"1 minute\" \/>\n<script type=\"application\/ld+json\" class=\"yoast-schema-graph\">{\"@context\":\"https:\/\/schema.org\",\"@graph\":[{\"@type\":\"Article\",\"@id\":\"https:\/\/newsestlyonnais.fr\/site\/2017\/02\/01\/bron-r-e-n-c-o-n-t-r-e-s-s-c-i-e-n-t-i-f-i-q-u-e-s-n-a-t-i-o-n-a-l-e-s-d-e-b-r-o-n-l-a-v-i-l-l-e-s-e-r-e-c-y-c-l-e-t-e-l-l-e\/#article\",\"isPartOf\":{\"@id\":\"https:\/\/newsestlyonnais.fr\/site\/2017\/02\/01\/bron-r-e-n-c-o-n-t-r-e-s-s-c-i-e-n-t-i-f-i-q-u-e-s-n-a-t-i-o-n-a-l-e-s-d-e-b-r-o-n-l-a-v-i-l-l-e-s-e-r-e-c-y-c-l-e-t-e-l-l-e\/\"},\"author\":{\"name\":\"R\u00e9dac. NEWS\",\"@id\":\"https:\/\/newsestlyonnais.fr\/site\/#\/schema\/person\/3230d5615f390bb808365d673001e887\"},\"headline\":\"BRON | Rencontres Scientifiques Nationales > \u00ab\u00a0La ville se recycle-t-elle ?\u00a0\u00bb\",\"datePublished\":\"2017-02-01T14:27:52+00:00\",\"dateModified\":\"2020-11-19T15:39:15+00:00\",\"mainEntityOfPage\":{\"@id\":\"https:\/\/newsestlyonnais.fr\/site\/2017\/02\/01\/bron-r-e-n-c-o-n-t-r-e-s-s-c-i-e-n-t-i-f-i-q-u-e-s-n-a-t-i-o-n-a-l-e-s-d-e-b-r-o-n-l-a-v-i-l-l-e-s-e-r-e-c-y-c-l-e-t-e-l-l-e\/\"},\"wordCount\":282,\"commentCount\":0,\"publisher\":{\"@id\":\"https:\/\/newsestlyonnais.fr\/site\/#organization\"},\"image\":{\"@id\":\"https:\/\/newsestlyonnais.fr\/site\/2017\/02\/01\/bron-r-e-n-c-o-n-t-r-e-s-s-c-i-e-n-t-i-f-i-q-u-e-s-n-a-t-i-o-n-a-l-e-s-d-e-b-r-o-n-l-a-v-i-l-l-e-s-e-r-e-c-y-c-l-e-t-e-l-l-e\/#primaryimage\"},\"thumbnailUrl\":\"https:\/\/newsestlyonnais.fr\/site\/wp-content\/uploads\/2016\/10\/NEWSESTLYONNAIS-BIS-PANNEAUBRON.jpg\",\"articleSection\":[\"Biblioth\u00e8que | M\u00e9diath\u00e8que | MJC\",\"Bron\",\"Nature | Environnement | Chasse\"],\"inLanguage\":\"fr-FR\",\"potentialAction\":[{\"@type\":\"CommentAction\",\"name\":\"Comment\",\"target\":[\"https:\/\/newsestlyonnais.fr\/site\/2017\/02\/01\/bron-r-e-n-c-o-n-t-r-e-s-s-c-i-e-n-t-i-f-i-q-u-e-s-n-a-t-i-o-n-a-l-e-s-d-e-b-r-o-n-l-a-v-i-l-l-e-s-e-r-e-c-y-c-l-e-t-e-l-l-e\/#respond\"]}]},{\"@type\":\"WebPage\",\"@id\":\"https:\/\/newsestlyonnais.fr\/site\/2017\/02\/01\/bron-r-e-n-c-o-n-t-r-e-s-s-c-i-e-n-t-i-f-i-q-u-e-s-n-a-t-i-o-n-a-l-e-s-d-e-b-r-o-n-l-a-v-i-l-l-e-s-e-r-e-c-y-c-l-e-t-e-l-l-e\/\",\"url\":\"https:\/\/newsestlyonnais.fr\/site\/2017\/02\/01\/bron-r-e-n-c-o-n-t-r-e-s-s-c-i-e-n-t-i-f-i-q-u-e-s-n-a-t-i-o-n-a-l-e-s-d-e-b-r-o-n-l-a-v-i-l-l-e-s-e-r-e-c-y-c-l-e-t-e-l-l-e\/\",\"name\":\"BRON : R e n c o n t r e s S c i e n t i f i q u e s N a t i o n a l e s d e B r o n: \u201c L a v i l l e s e r e c y c l e - t - e l l e ?\",\"isPartOf\":{\"@id\":\"https:\/\/newsestlyonnais.fr\/site\/#website\"},\"primaryImageOfPage\":{\"@id\":\"https:\/\/newsestlyonnais.fr\/site\/2017\/02\/01\/bron-r-e-n-c-o-n-t-r-e-s-s-c-i-e-n-t-i-f-i-q-u-e-s-n-a-t-i-o-n-a-l-e-s-d-e-b-r-o-n-l-a-v-i-l-l-e-s-e-r-e-c-y-c-l-e-t-e-l-l-e\/#primaryimage\"},\"image\":{\"@id\":\"https:\/\/newsestlyonnais.fr\/site\/2017\/02\/01\/bron-r-e-n-c-o-n-t-r-e-s-s-c-i-e-n-t-i-f-i-q-u-e-s-n-a-t-i-o-n-a-l-e-s-d-e-b-r-o-n-l-a-v-i-l-l-e-s-e-r-e-c-y-c-l-e-t-e-l-l-e\/#primaryimage\"},\"thumbnailUrl\":\"https:\/\/newsestlyonnais.fr\/site\/wp-content\/uploads\/2016\/10\/NEWSESTLYONNAIS-BIS-PANNEAUBRON.jpg\",\"datePublished\":\"2017-02-01T14:27:52+00:00\",\"dateModified\":\"2020-11-19T15:39:15+00:00\",\"description\":\"BRON : R e n c o n t r e s S c i e n t i f i q u e s N a t i o n a l e s d e B r o n: \u201c L a v i l l e s e r e c y c l e - t - e l l e ?\",\"breadcrumb\":{\"@id\":\"https:\/\/newsestlyonnais.fr\/site\/2017\/02\/01\/bron-r-e-n-c-o-n-t-r-e-s-s-c-i-e-n-t-i-f-i-q-u-e-s-n-a-t-i-o-n-a-l-e-s-d-e-b-r-o-n-l-a-v-i-l-l-e-s-e-r-e-c-y-c-l-e-t-e-l-l-e\/#breadcrumb\"},\"inLanguage\":\"fr-FR\",\"potentialAction\":[{\"@type\":\"ReadAction\",\"target\":[\"https:\/\/newsestlyonnais.fr\/site\/2017\/02\/01\/bron-r-e-n-c-o-n-t-r-e-s-s-c-i-e-n-t-i-f-i-q-u-e-s-n-a-t-i-o-n-a-l-e-s-d-e-b-r-o-n-l-a-v-i-l-l-e-s-e-r-e-c-y-c-l-e-t-e-l-l-e\/\"]}]},{\"@type\":\"ImageObject\",\"inLanguage\":\"fr-FR\",\"@id\":\"https:\/\/newsestlyonnais.fr\/site\/2017\/02\/01\/bron-r-e-n-c-o-n-t-r-e-s-s-c-i-e-n-t-i-f-i-q-u-e-s-n-a-t-i-o-n-a-l-e-s-d-e-b-r-o-n-l-a-v-i-l-l-e-s-e-r-e-c-y-c-l-e-t-e-l-l-e\/#primaryimage\",\"url\":\"https:\/\/newsestlyonnais.fr\/site\/wp-content\/uploads\/2016\/10\/NEWSESTLYONNAIS-BIS-PANNEAUBRON.jpg\",\"contentUrl\":\"https:\/\/newsestlyonnais.fr\/site\/wp-content\/uploads\/2016\/10\/NEWSESTLYONNAIS-BIS-PANNEAUBRON.jpg\",\"width\":1000,\"height\":750,\"caption\":\"newsestlyonnais-bis-panneau bron\"},{\"@type\":\"BreadcrumbList\",\"@id\":\"https:\/\/newsestlyonnais.fr\/site\/2017\/02\/01\/bron-r-e-n-c-o-n-t-r-e-s-s-c-i-e-n-t-i-f-i-q-u-e-s-n-a-t-i-o-n-a-l-e-s-d-e-b-r-o-n-l-a-v-i-l-l-e-s-e-r-e-c-y-c-l-e-t-e-l-l-e\/#breadcrumb\",\"itemListElement\":[{\"@type\":\"ListItem\",\"position\":1,\"name\":\"Accueil\",\"item\":\"https:\/\/newsestlyonnais.fr\/site\/\"},{\"@type\":\"ListItem\",\"position\":2,\"name\":\"BRON | Rencontres Scientifiques Nationales > \u00ab\u00a0La ville se recycle-t-elle ?\u00a0\u00bb\"}]},{\"@type\":\"WebSite\",\"@id\":\"https:\/\/newsestlyonnais.fr\/site\/#website\",\"url\":\"https:\/\/newsestlyonnais.fr\/site\/\",\"name\":\"News Est Lyonnais\",\"description\":\"L&#039;actualit\u00e9 au plus pr\u00e8s\",\"publisher\":{\"@id\":\"https:\/\/newsestlyonnais.fr\/site\/#organization\"},\"potentialAction\":[{\"@type\":\"SearchAction\",\"target\":{\"@type\":\"EntryPoint\",\"urlTemplate\":\"https:\/\/newsestlyonnais.fr\/site\/?s={search_term_string}\"},\"query-input\":{\"@type\":\"PropertyValueSpecification\",\"valueRequired\":true,\"valueName\":\"search_term_string\"}}],\"inLanguage\":\"fr-FR\"},{\"@type\":\"Organization\",\"@id\":\"https:\/\/newsestlyonnais.fr\/site\/#organization\",\"name\":\"News EST LYONNAIS\",\"url\":\"https:\/\/newsestlyonnais.fr\/site\/\",\"logo\":{\"@type\":\"ImageObject\",\"inLanguage\":\"fr-FR\",\"@id\":\"https:\/\/newsestlyonnais.fr\/site\/#\/schema\/logo\/image\/\",\"url\":\"\",\"contentUrl\":\"\",\"caption\":\"News EST LYONNAIS\"},\"image\":{\"@id\":\"https:\/\/newsestlyonnais.fr\/site\/#\/schema\/logo\/image\/\"}},{\"@type\":\"Person\",\"@id\":\"https:\/\/newsestlyonnais.fr\/site\/#\/schema\/person\/3230d5615f390bb808365d673001e887\",\"name\":\"R\u00e9dac. NEWS\",\"sameAs\":[\"http:\/\/www.newsestlyonnais.fr\",\"https:\/\/www.facebook.com\/pascal.oberson.1?fref=ts\",\"https:\/\/fr.linkedin.com\/in\/pascal-oberson-b17045113\"],\"url\":\"https:\/\/newsestlyonnais.fr\/site\/author\/nel\/\"}]}<\/script>\n<!-- \/ Yoast SEO plugin. -->","yoast_head_json":{"title":"BRON : R e n c o n t r e s S c i e n t i f i q u e s N a t i o n a l e s d e B r o n: \u201c L a v i l l e s e r e c y c l e - t - e l l e ?","description":"BRON : R e n c o n t r e s S c i e n t i f i q u e s N a t i o n a l e s d e B r o n: \u201c L a v i l l e s e r e c y c l e - t - e l l e ?","robots":{"index":"index","follow":"follow","max-snippet":"max-snippet:-1","max-image-preview":"max-image-preview:large","max-video-preview":"max-video-preview:-1"},"canonical":"https:\/\/newsestlyonnais.fr\/site\/2017\/02\/01\/bron-r-e-n-c-o-n-t-r-e-s-s-c-i-e-n-t-i-f-i-q-u-e-s-n-a-t-i-o-n-a-l-e-s-d-e-b-r-o-n-l-a-v-i-l-l-e-s-e-r-e-c-y-c-l-e-t-e-l-l-e\/","og_locale":"fr_FR","og_type":"article","og_title":"BRON : R e n c o n t r e s S c i e n t i f i q u e s N a t i o n a l e s d e B r o n: \u201c L a v i l l e s e r e c y c l e - t - e l l e ?","og_description":"BRON : R e n c o n t r e s S c i e n t i f i q u e s N a t i o n a l e s d e B r o n: \u201c L a v i l l e s e r e c y c l e - t - e l l e ?","og_url":"https:\/\/newsestlyonnais.fr\/site\/2017\/02\/01\/bron-r-e-n-c-o-n-t-r-e-s-s-c-i-e-n-t-i-f-i-q-u-e-s-n-a-t-i-o-n-a-l-e-s-d-e-b-r-o-n-l-a-v-i-l-l-e-s-e-r-e-c-y-c-l-e-t-e-l-l-e\/","og_site_name":"News Est Lyonnais","article_author":"https:\/\/www.facebook.com\/pascal.oberson.1?fref=ts","article_published_time":"2017-02-01T14:27:52+00:00","article_modified_time":"2020-11-19T15:39:15+00:00","og_image":[{"width":1000,"height":750,"url":"https:\/\/i0.wp.com\/newsestlyonnais.fr\/site\/wp-content\/uploads\/2016\/10\/NEWSESTLYONNAIS-BIS-PANNEAUBRON.jpg?fit=1000%2C750&ssl=1","type":"image\/jpeg"}],"author":"R\u00e9dac. NEWS","twitter_card":"summary_large_image","twitter_misc":{"\u00c9crit par":"R\u00e9dac. NEWS","Dur\u00e9e de lecture estim\u00e9e":"1 minute"},"schema":{"@context":"https:\/\/schema.org","@graph":[{"@type":"Article","@id":"https:\/\/newsestlyonnais.fr\/site\/2017\/02\/01\/bron-r-e-n-c-o-n-t-r-e-s-s-c-i-e-n-t-i-f-i-q-u-e-s-n-a-t-i-o-n-a-l-e-s-d-e-b-r-o-n-l-a-v-i-l-l-e-s-e-r-e-c-y-c-l-e-t-e-l-l-e\/#article","isPartOf":{"@id":"https:\/\/newsestlyonnais.fr\/site\/2017\/02\/01\/bron-r-e-n-c-o-n-t-r-e-s-s-c-i-e-n-t-i-f-i-q-u-e-s-n-a-t-i-o-n-a-l-e-s-d-e-b-r-o-n-l-a-v-i-l-l-e-s-e-r-e-c-y-c-l-e-t-e-l-l-e\/"},"author":{"name":"R\u00e9dac. NEWS","@id":"https:\/\/newsestlyonnais.fr\/site\/#\/schema\/person\/3230d5615f390bb808365d673001e887"},"headline":"BRON | Rencontres Scientifiques Nationales > \u00ab\u00a0La ville se recycle-t-elle ?\u00a0\u00bb","datePublished":"2017-02-01T14:27:52+00:00","dateModified":"2020-11-19T15:39:15+00:00","mainEntityOfPage":{"@id":"https:\/\/newsestlyonnais.fr\/site\/2017\/02\/01\/bron-r-e-n-c-o-n-t-r-e-s-s-c-i-e-n-t-i-f-i-q-u-e-s-n-a-t-i-o-n-a-l-e-s-d-e-b-r-o-n-l-a-v-i-l-l-e-s-e-r-e-c-y-c-l-e-t-e-l-l-e\/"},"wordCount":282,"commentCount":0,"publisher":{"@id":"https:\/\/newsestlyonnais.fr\/site\/#organization"},"image":{"@id":"https:\/\/newsestlyonnais.fr\/site\/2017\/02\/01\/bron-r-e-n-c-o-n-t-r-e-s-s-c-i-e-n-t-i-f-i-q-u-e-s-n-a-t-i-o-n-a-l-e-s-d-e-b-r-o-n-l-a-v-i-l-l-e-s-e-r-e-c-y-c-l-e-t-e-l-l-e\/#primaryimage"},"thumbnailUrl":"https:\/\/newsestlyonnais.fr\/site\/wp-content\/uploads\/2016\/10\/NEWSESTLYONNAIS-BIS-PANNEAUBRON.jpg","articleSection":["Biblioth\u00e8que | M\u00e9diath\u00e8que | MJC","Bron","Nature | Environnement | Chasse"],"inLanguage":"fr-FR","potentialAction":[{"@type":"CommentAction","name":"Comment","target":["https:\/\/newsestlyonnais.fr\/site\/2017\/02\/01\/bron-r-e-n-c-o-n-t-r-e-s-s-c-i-e-n-t-i-f-i-q-u-e-s-n-a-t-i-o-n-a-l-e-s-d-e-b-r-o-n-l-a-v-i-l-l-e-s-e-r-e-c-y-c-l-e-t-e-l-l-e\/#respond"]}]},{"@type":"WebPage","@id":"https:\/\/newsestlyonnais.fr\/site\/2017\/02\/01\/bron-r-e-n-c-o-n-t-r-e-s-s-c-i-e-n-t-i-f-i-q-u-e-s-n-a-t-i-o-n-a-l-e-s-d-e-b-r-o-n-l-a-v-i-l-l-e-s-e-r-e-c-y-c-l-e-t-e-l-l-e\/","url":"https:\/\/newsestlyonnais.fr\/site\/2017\/02\/01\/bron-r-e-n-c-o-n-t-r-e-s-s-c-i-e-n-t-i-f-i-q-u-e-s-n-a-t-i-o-n-a-l-e-s-d-e-b-r-o-n-l-a-v-i-l-l-e-s-e-r-e-c-y-c-l-e-t-e-l-l-e\/","name":"BRON : R e n c o n t r e s S c i e n t i f i q u e s N a t i o n a l e s d e B r o n: \u201c L a v i l l e s e r e c y c l e - t - e l l e ?","isPartOf":{"@id":"https:\/\/newsestlyonnais.fr\/site\/#website"},"primaryImageOfPage":{"@id":"https:\/\/newsestlyonnais.fr\/site\/2017\/02\/01\/bron-r-e-n-c-o-n-t-r-e-s-s-c-i-e-n-t-i-f-i-q-u-e-s-n-a-t-i-o-n-a-l-e-s-d-e-b-r-o-n-l-a-v-i-l-l-e-s-e-r-e-c-y-c-l-e-t-e-l-l-e\/#primaryimage"},"image":{"@id":"https:\/\/newsestlyonnais.fr\/site\/2017\/02\/01\/bron-r-e-n-c-o-n-t-r-e-s-s-c-i-e-n-t-i-f-i-q-u-e-s-n-a-t-i-o-n-a-l-e-s-d-e-b-r-o-n-l-a-v-i-l-l-e-s-e-r-e-c-y-c-l-e-t-e-l-l-e\/#primaryimage"},"thumbnailUrl":"https:\/\/newsestlyonnais.fr\/site\/wp-content\/uploads\/2016\/10\/NEWSESTLYONNAIS-BIS-PANNEAUBRON.jpg","datePublished":"2017-02-01T14:27:52+00:00","dateModified":"2020-11-19T15:39:15+00:00","description":"BRON : R e n c o n t r e s S c i e n t i f i q u e s N a t i o n a l e s d e B r o n: \u201c L a v i l l e s e r e c y c l e - t - e l l e ?","breadcrumb":{"@id":"https:\/\/newsestlyonnais.fr\/site\/2017\/02\/01\/bron-r-e-n-c-o-n-t-r-e-s-s-c-i-e-n-t-i-f-i-q-u-e-s-n-a-t-i-o-n-a-l-e-s-d-e-b-r-o-n-l-a-v-i-l-l-e-s-e-r-e-c-y-c-l-e-t-e-l-l-e\/#breadcrumb"},"inLanguage":"fr-FR","potentialAction":[{"@type":"ReadAction","target":["https:\/\/newsestlyonnais.fr\/site\/2017\/02\/01\/bron-r-e-n-c-o-n-t-r-e-s-s-c-i-e-n-t-i-f-i-q-u-e-s-n-a-t-i-o-n-a-l-e-s-d-e-b-r-o-n-l-a-v-i-l-l-e-s-e-r-e-c-y-c-l-e-t-e-l-l-e\/"]}]},{"@type":"ImageObject","inLanguage":"fr-FR","@id":"https:\/\/newsestlyonnais.fr\/site\/2017\/02\/01\/bron-r-e-n-c-o-n-t-r-e-s-s-c-i-e-n-t-i-f-i-q-u-e-s-n-a-t-i-o-n-a-l-e-s-d-e-b-r-o-n-l-a-v-i-l-l-e-s-e-r-e-c-y-c-l-e-t-e-l-l-e\/#primaryimage","url":"https:\/\/newsestlyonnais.fr\/site\/wp-content\/uploads\/2016\/10\/NEWSESTLYONNAIS-BIS-PANNEAUBRON.jpg","contentUrl":"https:\/\/newsestlyonnais.fr\/site\/wp-content\/uploads\/2016\/10\/NEWSESTLYONNAIS-BIS-PANNEAUBRON.jpg","width":1000,"height":750,"caption":"newsestlyonnais-bis-panneau bron"},{"@type":"BreadcrumbList","@id":"https:\/\/newsestlyonnais.fr\/site\/2017\/02\/01\/bron-r-e-n-c-o-n-t-r-e-s-s-c-i-e-n-t-i-f-i-q-u-e-s-n-a-t-i-o-n-a-l-e-s-d-e-b-r-o-n-l-a-v-i-l-l-e-s-e-r-e-c-y-c-l-e-t-e-l-l-e\/#breadcrumb","itemListElement":[{"@type":"ListItem","position":1,"name":"Accueil","item":"https:\/\/newsestlyonnais.fr\/site\/"},{"@type":"ListItem","position":2,"name":"BRON | Rencontres Scientifiques Nationales > \u00ab\u00a0La ville se recycle-t-elle ?\u00a0\u00bb"}]},{"@type":"WebSite","@id":"https:\/\/newsestlyonnais.fr\/site\/#website","url":"https:\/\/newsestlyonnais.fr\/site\/","name":"News Est Lyonnais","description":"L&#039;actualit\u00e9 au plus pr\u00e8s","publisher":{"@id":"https:\/\/newsestlyonnais.fr\/site\/#organization"},"potentialAction":[{"@type":"SearchAction","target":{"@type":"EntryPoint","urlTemplate":"https:\/\/newsestlyonnais.fr\/site\/?s={search_term_string}"},"query-input":{"@type":"PropertyValueSpecification","valueRequired":true,"valueName":"search_term_string"}}],"inLanguage":"fr-FR"},{"@type":"Organization","@id":"https:\/\/newsestlyonnais.fr\/site\/#organization","name":"News EST LYONNAIS","url":"https:\/\/newsestlyonnais.fr\/site\/","logo":{"@type":"ImageObject","inLanguage":"fr-FR","@id":"https:\/\/newsestlyonnais.fr\/site\/#\/schema\/logo\/image\/","url":"","contentUrl":"","caption":"News EST LYONNAIS"},"image":{"@id":"https:\/\/newsestlyonnais.fr\/site\/#\/schema\/logo\/image\/"}},{"@type":"Person","@id":"https:\/\/newsestlyonnais.fr\/site\/#\/schema\/person\/3230d5615f390bb808365d673001e887","name":"R\u00e9dac. NEWS","sameAs":["http:\/\/www.newsestlyonnais.fr","https:\/\/www.facebook.com\/pascal.oberson.1?fref=ts","https:\/\/fr.linkedin.com\/in\/pascal-oberson-b17045113"],"url":"https:\/\/newsestlyonnais.fr\/site\/author\/nel\/"}]}},"_links":{"self":[{"href":"https:\/\/newsestlyonnais.fr\/site\/wp-json\/wp\/v2\/posts\/20158","targetHints":{"allow":["GET"]}}],"collection":[{"href":"https:\/\/newsestlyonnais.fr\/site\/wp-json\/wp\/v2\/posts"}],"about":[{"href":"https:\/\/newsestlyonnais.fr\/site\/wp-json\/wp\/v2\/types\/post"}],"author":[{"embeddable":true,"href":"https:\/\/newsestlyonnais.fr\/site\/wp-json\/wp\/v2\/users\/4"}],"replies":[{"embeddable":true,"href":"https:\/\/newsestlyonnais.fr\/site\/wp-json\/wp\/v2\/comments?post=20158"}],"version-history":[{"count":0,"href":"https:\/\/newsestlyonnais.fr\/site\/wp-json\/wp\/v2\/posts\/20158\/revisions"}],"wp:featuredmedia":[{"embeddable":true,"href":"https:\/\/newsestlyonnais.fr\/site\/wp-json\/wp\/v2\/media\/14003"}],"wp:attachment":[{"href":"https:\/\/newsestlyonnais.fr\/site\/wp-json\/wp\/v2\/media?parent=20158"}],"wp:term":[{"taxonomy":"category","embeddable":true,"href":"https:\/\/newsestlyonnais.fr\/site\/wp-json\/wp\/v2\/categories?post=20158"},{"taxonomy":"post_tag","embeddable":true,"href":"https:\/\/newsestlyonnais.fr\/site\/wp-json\/wp\/v2\/tags?post=20158"}],"curies":[{"name":"wp","href":"https:\/\/api.w.org\/{rel}","templated":true}]}}