{"id":201899,"date":"2024-03-15T07:18:03","date_gmt":"2024-03-15T06:18:03","guid":{"rendered":"https:\/\/newsestlyonnais.fr\/site\/?p=201899"},"modified":"2024-03-17T18:08:06","modified_gmt":"2024-03-17T17:08:06","slug":"meyzieu-reprise-du-marche-des-producteurs-locaux-et-bourse-dechange-de-plants-et-de-graines","status":"publish","type":"post","link":"https:\/\/newsestlyonnais.fr\/site\/2024\/03\/15\/meyzieu-reprise-du-marche-des-producteurs-locaux-et-bourse-dechange-de-plants-et-de-graines\/","title":{"rendered":"MEYZIEU | Reprise du march\u00e9 des producteurs locaux et bourse d&rsquo;\u00e9change de plants et de graines"},"content":{"rendered":"<p><strong><span style=\"background-color: #000000; color: #ffffff;\">Produits 100 % locaux : Reprise du March\u00e9 D\u2019Herbens<\/span><\/strong><\/p>\n<p>Vous \u00eates \u00e0 la recherche de produits locaux et de qualit\u00e9 ?<br \/>\nApr\u00e8s une pause hivernale, le march\u00e9 alimentaire des producteurs locaux reprend, int\u00e9gr\u00e9 au cadre naturel du Grand Large, \u00e0 Meyzieu !<br \/>\nChaque dimanche matin, au bout de la rue Victor Hugo, longeant l\u2019Anneau Bleu du Grand Large, des producteurs locaux se r\u00e9unissent et proposent leurs produits en direct \u00e0 la vente.<\/p>\n<p>Pour m\u00e9moire, <strong>ce quatri\u00e8me march\u00e9 majolan cr\u00e9\u00e9 en 2019 compl\u00e8te l\u2019offre propos\u00e9e<\/strong> par les trois march\u00e9s existants : le lundi sur la place des Droits de l\u2019Homme et les mercredis et samedis au centre-ville, sur les places Charles de Gaulle et Jean Monnet.<\/p>\n<p><strong><span style=\"background-color: #000000; color: #ffcc00;\">\u00e0 partir du Dimanche 24 Mars matin \/ Face au 32 rue Victor Hugo<br \/>\n<\/span><\/strong><\/p>\n<hr \/>\n<p><span style=\"background-color: #000000; color: #ffffff;\"><strong>Bourse d&rsquo;\u00e9change de plants et de graines<\/strong><\/span><\/p>\n<p>Vous aimez r\u00e9cup\u00e9rer les graines et p\u00e9pins de vos fruits et l\u00e9gumes ?<br \/>\nVous savez bouturer, marcotter et semer ?<br \/>\nAlors, participez \u00e0 la Bourse d\u2019\u00e9change de plants et de graines organis\u00e9e sur le parvis de la M\u00e9diath\u00e8que ! Venez \u00e9changer vos<br \/>\ntr\u00e9sors afin d\u2019enrichir la biodiversit\u00e9 et partager vos savoir-faire avec d\u2019autres jardiniers !<br \/>\nL\u2019Iloz\u2019 (Grand Parc Miribel Jonage), le jardin partag\u00e9 des Plant\u00e9es (Centres sociaux et culturels de Meyzieu), l\u2019EPM (\u00c9tablissement P\u00e9nitentiaire pour Mineurs), le Jardin Partag\u00e9 Majolan (quartier Terrasses) et les Pot\u2019iront (jardin collectif associatif dans l\u2019est lyonnais) seront \u00e9galement pr\u00e9sents pour proposer leurs plants, tisanes et autres boissons.<\/p>\n<p><strong><span style=\"background-color: #000000; color: #ffcc00;\">Samedi 30 Mars de 10 h \u00e0 13 h \/ Parvis de la M\u00e9diath\u00e8que Municipale \/ 27 rue Louis Saulnier<\/span><\/strong><\/p>\n<hr \/>\n<hr \/>\n<p><span style=\"color: #3366ff; font-size: 14pt;\"><em><strong><span style=\"background-color: #000000;\">Source : Communiqu\u00e9s de la Ville de Meyzieu<\/span><\/strong><\/em><\/span><\/p>\n","protected":false},"excerpt":{"rendered":"<p>Deux \u00e9v\u00e8nements locaux programm\u00e9s d&rsquo;ici la fin du mois et avec l&rsquo;arriv\u00e9e du printemps. <\/p>\n","protected":false},"author":4,"featured_media":101256,"comment_status":"open","ping_status":"open","sticky":false,"template":"","format":"standard","meta":{"footnotes":""},"categories":[1380,24,3010,4948],"tags":[2397,2788,2081,2630],"class_list":["post-201899","post","type-post","status-publish","format-standard","has-post-thumbnail","hentry","category-marches","category-meyzieu","category-nature-environnement-culture-et-loisirs","category-que-de-breves","tag-bourse","tag-marches","tag-meyzieu","tag-pont-herbens"],"yoast_head":"<!-- This site is optimized with the Yoast SEO plugin v27.2 - https:\/\/yoast.com\/product\/yoast-seo-wordpress\/ -->\n<title>MEYZIEU | Reprise du march\u00e9 des producteurs locaux et bourse d&#039;\u00e9change de plants et de graines - News Est Lyonnais<\/title>\n<meta name=\"description\" content=\"MEYZIEU | Reprise du march\u00e9 des producteurs locaux et bourse d&#039;\u00e9change de plants et de graines\" \/>\n<meta name=\"robots\" content=\"index, follow, max-snippet:-1, max-image-preview:large, max-video-preview:-1\" \/>\n<link rel=\"canonical\" href=\"https:\/\/newsestlyonnais.fr\/site\/2024\/03\/15\/meyzieu-reprise-du-marche-des-producteurs-locaux-et-bourse-dechange-de-plants-et-de-graines\/\" \/>\n<meta property=\"og:locale\" content=\"fr_FR\" \/>\n<meta property=\"og:type\" content=\"article\" \/>\n<meta property=\"og:title\" content=\"MEYZIEU | Reprise du march\u00e9 des producteurs locaux et bourse d&#039;\u00e9change de plants et de graines - News Est Lyonnais\" \/>\n<meta property=\"og:description\" content=\"MEYZIEU | Reprise du march\u00e9 des producteurs locaux et bourse d&#039;\u00e9change de plants et de graines\" \/>\n<meta property=\"og:url\" content=\"https:\/\/newsestlyonnais.fr\/site\/2024\/03\/15\/meyzieu-reprise-du-marche-des-producteurs-locaux-et-bourse-dechange-de-plants-et-de-graines\/\" \/>\n<meta property=\"og:site_name\" content=\"News Est Lyonnais\" \/>\n<meta property=\"article:author\" content=\"https:\/\/www.facebook.com\/pascal.oberson.1?fref=ts\" \/>\n<meta property=\"article:published_time\" content=\"2024-03-15T06:18:03+00:00\" \/>\n<meta property=\"article:modified_time\" content=\"2024-03-17T17:08:06+00:00\" \/>\n<meta property=\"og:image\" content=\"https:\/\/newsestlyonnais.fr\/site\/wp-content\/uploads\/2020\/05\/NEWSESTLYONNAIS-VUE-MEYZIEU.jpg\" \/>\n\t<meta property=\"og:image:width\" content=\"1280\" \/>\n\t<meta property=\"og:image:height\" content=\"960\" \/>\n\t<meta property=\"og:image:type\" content=\"image\/jpeg\" \/>\n<meta name=\"author\" content=\"R\u00e9dac. NEWS\" \/>\n<meta name=\"twitter:card\" content=\"summary_large_image\" \/>\n<meta name=\"twitter:label1\" content=\"\u00c9crit par\" \/>\n\t<meta name=\"twitter:data1\" content=\"R\u00e9dac. NEWS\" \/>\n\t<meta name=\"twitter:label2\" content=\"Dur\u00e9e de lecture estim\u00e9e\" \/>\n\t<meta name=\"twitter:data2\" content=\"2 minutes\" \/>\n<script type=\"application\/ld+json\" class=\"yoast-schema-graph\">{\"@context\":\"https:\/\/schema.org\",\"@graph\":[{\"@type\":\"Article\",\"@id\":\"https:\/\/newsestlyonnais.fr\/site\/2024\/03\/15\/meyzieu-reprise-du-marche-des-producteurs-locaux-et-bourse-dechange-de-plants-et-de-graines\/#article\",\"isPartOf\":{\"@id\":\"https:\/\/newsestlyonnais.fr\/site\/2024\/03\/15\/meyzieu-reprise-du-marche-des-producteurs-locaux-et-bourse-dechange-de-plants-et-de-graines\/\"},\"author\":{\"name\":\"R\u00e9dac. NEWS\",\"@id\":\"https:\/\/newsestlyonnais.fr\/site\/#\/schema\/person\/3230d5615f390bb808365d673001e887\"},\"headline\":\"MEYZIEU | Reprise du march\u00e9 des producteurs locaux et bourse d&rsquo;\u00e9change de plants et de graines\",\"datePublished\":\"2024-03-15T06:18:03+00:00\",\"dateModified\":\"2024-03-17T17:08:06+00:00\",\"mainEntityOfPage\":{\"@id\":\"https:\/\/newsestlyonnais.fr\/site\/2024\/03\/15\/meyzieu-reprise-du-marche-des-producteurs-locaux-et-bourse-dechange-de-plants-et-de-graines\/\"},\"wordCount\":289,\"commentCount\":0,\"publisher\":{\"@id\":\"https:\/\/newsestlyonnais.fr\/site\/#organization\"},\"image\":{\"@id\":\"https:\/\/newsestlyonnais.fr\/site\/2024\/03\/15\/meyzieu-reprise-du-marche-des-producteurs-locaux-et-bourse-dechange-de-plants-et-de-graines\/#primaryimage\"},\"thumbnailUrl\":\"https:\/\/newsestlyonnais.fr\/site\/wp-content\/uploads\/2020\/05\/NEWSESTLYONNAIS-VUE-MEYZIEU.jpg\",\"keywords\":[\"BOURSE\",\"March\u00e9s\",\"MEYZIEU\",\"PONT HERBENS\"],\"articleSection\":[\"March\u00e9s\",\"Meyzieu\",\"Nature | Environnement | Chasse\",\"Que de br\u00e8ves ...\"],\"inLanguage\":\"fr-FR\",\"potentialAction\":[{\"@type\":\"CommentAction\",\"name\":\"Comment\",\"target\":[\"https:\/\/newsestlyonnais.fr\/site\/2024\/03\/15\/meyzieu-reprise-du-marche-des-producteurs-locaux-et-bourse-dechange-de-plants-et-de-graines\/#respond\"]}]},{\"@type\":\"WebPage\",\"@id\":\"https:\/\/newsestlyonnais.fr\/site\/2024\/03\/15\/meyzieu-reprise-du-marche-des-producteurs-locaux-et-bourse-dechange-de-plants-et-de-graines\/\",\"url\":\"https:\/\/newsestlyonnais.fr\/site\/2024\/03\/15\/meyzieu-reprise-du-marche-des-producteurs-locaux-et-bourse-dechange-de-plants-et-de-graines\/\",\"name\":\"MEYZIEU | Reprise du march\u00e9 des producteurs locaux et bourse d'\u00e9change de plants et de graines - News Est Lyonnais\",\"isPartOf\":{\"@id\":\"https:\/\/newsestlyonnais.fr\/site\/#website\"},\"primaryImageOfPage\":{\"@id\":\"https:\/\/newsestlyonnais.fr\/site\/2024\/03\/15\/meyzieu-reprise-du-marche-des-producteurs-locaux-et-bourse-dechange-de-plants-et-de-graines\/#primaryimage\"},\"image\":{\"@id\":\"https:\/\/newsestlyonnais.fr\/site\/2024\/03\/15\/meyzieu-reprise-du-marche-des-producteurs-locaux-et-bourse-dechange-de-plants-et-de-graines\/#primaryimage\"},\"thumbnailUrl\":\"https:\/\/newsestlyonnais.fr\/site\/wp-content\/uploads\/2020\/05\/NEWSESTLYONNAIS-VUE-MEYZIEU.jpg\",\"datePublished\":\"2024-03-15T06:18:03+00:00\",\"dateModified\":\"2024-03-17T17:08:06+00:00\",\"description\":\"MEYZIEU | Reprise du march\u00e9 des producteurs locaux et bourse d'\u00e9change de plants et de graines\",\"breadcrumb\":{\"@id\":\"https:\/\/newsestlyonnais.fr\/site\/2024\/03\/15\/meyzieu-reprise-du-marche-des-producteurs-locaux-et-bourse-dechange-de-plants-et-de-graines\/#breadcrumb\"},\"inLanguage\":\"fr-FR\",\"potentialAction\":[{\"@type\":\"ReadAction\",\"target\":[\"https:\/\/newsestlyonnais.fr\/site\/2024\/03\/15\/meyzieu-reprise-du-marche-des-producteurs-locaux-et-bourse-dechange-de-plants-et-de-graines\/\"]}]},{\"@type\":\"ImageObject\",\"inLanguage\":\"fr-FR\",\"@id\":\"https:\/\/newsestlyonnais.fr\/site\/2024\/03\/15\/meyzieu-reprise-du-marche-des-producteurs-locaux-et-bourse-dechange-de-plants-et-de-graines\/#primaryimage\",\"url\":\"https:\/\/newsestlyonnais.fr\/site\/wp-content\/uploads\/2020\/05\/NEWSESTLYONNAIS-VUE-MEYZIEU.jpg\",\"contentUrl\":\"https:\/\/newsestlyonnais.fr\/site\/wp-content\/uploads\/2020\/05\/NEWSESTLYONNAIS-VUE-MEYZIEU.jpg\",\"width\":1280,\"height\":960},{\"@type\":\"BreadcrumbList\",\"@id\":\"https:\/\/newsestlyonnais.fr\/site\/2024\/03\/15\/meyzieu-reprise-du-marche-des-producteurs-locaux-et-bourse-dechange-de-plants-et-de-graines\/#breadcrumb\",\"itemListElement\":[{\"@type\":\"ListItem\",\"position\":1,\"name\":\"Accueil\",\"item\":\"https:\/\/newsestlyonnais.fr\/site\/\"},{\"@type\":\"ListItem\",\"position\":2,\"name\":\"MEYZIEU | Reprise du march\u00e9 des producteurs locaux et bourse d&rsquo;\u00e9change de plants et de graines\"}]},{\"@type\":\"WebSite\",\"@id\":\"https:\/\/newsestlyonnais.fr\/site\/#website\",\"url\":\"https:\/\/newsestlyonnais.fr\/site\/\",\"name\":\"News Est Lyonnais\",\"description\":\"L&#039;actualit\u00e9 au plus pr\u00e8s\",\"publisher\":{\"@id\":\"https:\/\/newsestlyonnais.fr\/site\/#organization\"},\"potentialAction\":[{\"@type\":\"SearchAction\",\"target\":{\"@type\":\"EntryPoint\",\"urlTemplate\":\"https:\/\/newsestlyonnais.fr\/site\/?s={search_term_string}\"},\"query-input\":{\"@type\":\"PropertyValueSpecification\",\"valueRequired\":true,\"valueName\":\"search_term_string\"}}],\"inLanguage\":\"fr-FR\"},{\"@type\":\"Organization\",\"@id\":\"https:\/\/newsestlyonnais.fr\/site\/#organization\",\"name\":\"News EST LYONNAIS\",\"url\":\"https:\/\/newsestlyonnais.fr\/site\/\",\"logo\":{\"@type\":\"ImageObject\",\"inLanguage\":\"fr-FR\",\"@id\":\"https:\/\/newsestlyonnais.fr\/site\/#\/schema\/logo\/image\/\",\"url\":\"\",\"contentUrl\":\"\",\"caption\":\"News EST LYONNAIS\"},\"image\":{\"@id\":\"https:\/\/newsestlyonnais.fr\/site\/#\/schema\/logo\/image\/\"}},{\"@type\":\"Person\",\"@id\":\"https:\/\/newsestlyonnais.fr\/site\/#\/schema\/person\/3230d5615f390bb808365d673001e887\",\"name\":\"R\u00e9dac. NEWS\",\"sameAs\":[\"http:\/\/www.newsestlyonnais.fr\",\"https:\/\/www.facebook.com\/pascal.oberson.1?fref=ts\",\"https:\/\/fr.linkedin.com\/in\/pascal-oberson-b17045113\"],\"url\":\"https:\/\/newsestlyonnais.fr\/site\/author\/nel\/\"}]}<\/script>\n<!-- \/ Yoast SEO plugin. -->","yoast_head_json":{"title":"MEYZIEU | Reprise du march\u00e9 des producteurs locaux et bourse d'\u00e9change de plants et de graines - News Est Lyonnais","description":"MEYZIEU | Reprise du march\u00e9 des producteurs locaux et bourse d'\u00e9change de plants et de graines","robots":{"index":"index","follow":"follow","max-snippet":"max-snippet:-1","max-image-preview":"max-image-preview:large","max-video-preview":"max-video-preview:-1"},"canonical":"https:\/\/newsestlyonnais.fr\/site\/2024\/03\/15\/meyzieu-reprise-du-marche-des-producteurs-locaux-et-bourse-dechange-de-plants-et-de-graines\/","og_locale":"fr_FR","og_type":"article","og_title":"MEYZIEU | Reprise du march\u00e9 des producteurs locaux et bourse d'\u00e9change de plants et de graines - News Est Lyonnais","og_description":"MEYZIEU | Reprise du march\u00e9 des producteurs locaux et bourse d'\u00e9change de plants et de graines","og_url":"https:\/\/newsestlyonnais.fr\/site\/2024\/03\/15\/meyzieu-reprise-du-marche-des-producteurs-locaux-et-bourse-dechange-de-plants-et-de-graines\/","og_site_name":"News Est Lyonnais","article_author":"https:\/\/www.facebook.com\/pascal.oberson.1?fref=ts","article_published_time":"2024-03-15T06:18:03+00:00","article_modified_time":"2024-03-17T17:08:06+00:00","og_image":[{"width":1280,"height":960,"url":"https:\/\/newsestlyonnais.fr\/site\/wp-content\/uploads\/2020\/05\/NEWSESTLYONNAIS-VUE-MEYZIEU.jpg","type":"image\/jpeg"}],"author":"R\u00e9dac. NEWS","twitter_card":"summary_large_image","twitter_misc":{"\u00c9crit par":"R\u00e9dac. NEWS","Dur\u00e9e de lecture estim\u00e9e":"2 minutes"},"schema":{"@context":"https:\/\/schema.org","@graph":[{"@type":"Article","@id":"https:\/\/newsestlyonnais.fr\/site\/2024\/03\/15\/meyzieu-reprise-du-marche-des-producteurs-locaux-et-bourse-dechange-de-plants-et-de-graines\/#article","isPartOf":{"@id":"https:\/\/newsestlyonnais.fr\/site\/2024\/03\/15\/meyzieu-reprise-du-marche-des-producteurs-locaux-et-bourse-dechange-de-plants-et-de-graines\/"},"author":{"name":"R\u00e9dac. NEWS","@id":"https:\/\/newsestlyonnais.fr\/site\/#\/schema\/person\/3230d5615f390bb808365d673001e887"},"headline":"MEYZIEU | Reprise du march\u00e9 des producteurs locaux et bourse d&rsquo;\u00e9change de plants et de graines","datePublished":"2024-03-15T06:18:03+00:00","dateModified":"2024-03-17T17:08:06+00:00","mainEntityOfPage":{"@id":"https:\/\/newsestlyonnais.fr\/site\/2024\/03\/15\/meyzieu-reprise-du-marche-des-producteurs-locaux-et-bourse-dechange-de-plants-et-de-graines\/"},"wordCount":289,"commentCount":0,"publisher":{"@id":"https:\/\/newsestlyonnais.fr\/site\/#organization"},"image":{"@id":"https:\/\/newsestlyonnais.fr\/site\/2024\/03\/15\/meyzieu-reprise-du-marche-des-producteurs-locaux-et-bourse-dechange-de-plants-et-de-graines\/#primaryimage"},"thumbnailUrl":"https:\/\/newsestlyonnais.fr\/site\/wp-content\/uploads\/2020\/05\/NEWSESTLYONNAIS-VUE-MEYZIEU.jpg","keywords":["BOURSE","March\u00e9s","MEYZIEU","PONT HERBENS"],"articleSection":["March\u00e9s","Meyzieu","Nature | Environnement | Chasse","Que de br\u00e8ves ..."],"inLanguage":"fr-FR","potentialAction":[{"@type":"CommentAction","name":"Comment","target":["https:\/\/newsestlyonnais.fr\/site\/2024\/03\/15\/meyzieu-reprise-du-marche-des-producteurs-locaux-et-bourse-dechange-de-plants-et-de-graines\/#respond"]}]},{"@type":"WebPage","@id":"https:\/\/newsestlyonnais.fr\/site\/2024\/03\/15\/meyzieu-reprise-du-marche-des-producteurs-locaux-et-bourse-dechange-de-plants-et-de-graines\/","url":"https:\/\/newsestlyonnais.fr\/site\/2024\/03\/15\/meyzieu-reprise-du-marche-des-producteurs-locaux-et-bourse-dechange-de-plants-et-de-graines\/","name":"MEYZIEU | Reprise du march\u00e9 des producteurs locaux et bourse d'\u00e9change de plants et de graines - News Est Lyonnais","isPartOf":{"@id":"https:\/\/newsestlyonnais.fr\/site\/#website"},"primaryImageOfPage":{"@id":"https:\/\/newsestlyonnais.fr\/site\/2024\/03\/15\/meyzieu-reprise-du-marche-des-producteurs-locaux-et-bourse-dechange-de-plants-et-de-graines\/#primaryimage"},"image":{"@id":"https:\/\/newsestlyonnais.fr\/site\/2024\/03\/15\/meyzieu-reprise-du-marche-des-producteurs-locaux-et-bourse-dechange-de-plants-et-de-graines\/#primaryimage"},"thumbnailUrl":"https:\/\/newsestlyonnais.fr\/site\/wp-content\/uploads\/2020\/05\/NEWSESTLYONNAIS-VUE-MEYZIEU.jpg","datePublished":"2024-03-15T06:18:03+00:00","dateModified":"2024-03-17T17:08:06+00:00","description":"MEYZIEU | Reprise du march\u00e9 des producteurs locaux et bourse d'\u00e9change de plants et de graines","breadcrumb":{"@id":"https:\/\/newsestlyonnais.fr\/site\/2024\/03\/15\/meyzieu-reprise-du-marche-des-producteurs-locaux-et-bourse-dechange-de-plants-et-de-graines\/#breadcrumb"},"inLanguage":"fr-FR","potentialAction":[{"@type":"ReadAction","target":["https:\/\/newsestlyonnais.fr\/site\/2024\/03\/15\/meyzieu-reprise-du-marche-des-producteurs-locaux-et-bourse-dechange-de-plants-et-de-graines\/"]}]},{"@type":"ImageObject","inLanguage":"fr-FR","@id":"https:\/\/newsestlyonnais.fr\/site\/2024\/03\/15\/meyzieu-reprise-du-marche-des-producteurs-locaux-et-bourse-dechange-de-plants-et-de-graines\/#primaryimage","url":"https:\/\/newsestlyonnais.fr\/site\/wp-content\/uploads\/2020\/05\/NEWSESTLYONNAIS-VUE-MEYZIEU.jpg","contentUrl":"https:\/\/newsestlyonnais.fr\/site\/wp-content\/uploads\/2020\/05\/NEWSESTLYONNAIS-VUE-MEYZIEU.jpg","width":1280,"height":960},{"@type":"BreadcrumbList","@id":"https:\/\/newsestlyonnais.fr\/site\/2024\/03\/15\/meyzieu-reprise-du-marche-des-producteurs-locaux-et-bourse-dechange-de-plants-et-de-graines\/#breadcrumb","itemListElement":[{"@type":"ListItem","position":1,"name":"Accueil","item":"https:\/\/newsestlyonnais.fr\/site\/"},{"@type":"ListItem","position":2,"name":"MEYZIEU | Reprise du march\u00e9 des producteurs locaux et bourse d&rsquo;\u00e9change de plants et de graines"}]},{"@type":"WebSite","@id":"https:\/\/newsestlyonnais.fr\/site\/#website","url":"https:\/\/newsestlyonnais.fr\/site\/","name":"News Est Lyonnais","description":"L&#039;actualit\u00e9 au plus pr\u00e8s","publisher":{"@id":"https:\/\/newsestlyonnais.fr\/site\/#organization"},"potentialAction":[{"@type":"SearchAction","target":{"@type":"EntryPoint","urlTemplate":"https:\/\/newsestlyonnais.fr\/site\/?s={search_term_string}"},"query-input":{"@type":"PropertyValueSpecification","valueRequired":true,"valueName":"search_term_string"}}],"inLanguage":"fr-FR"},{"@type":"Organization","@id":"https:\/\/newsestlyonnais.fr\/site\/#organization","name":"News EST LYONNAIS","url":"https:\/\/newsestlyonnais.fr\/site\/","logo":{"@type":"ImageObject","inLanguage":"fr-FR","@id":"https:\/\/newsestlyonnais.fr\/site\/#\/schema\/logo\/image\/","url":"","contentUrl":"","caption":"News EST LYONNAIS"},"image":{"@id":"https:\/\/newsestlyonnais.fr\/site\/#\/schema\/logo\/image\/"}},{"@type":"Person","@id":"https:\/\/newsestlyonnais.fr\/site\/#\/schema\/person\/3230d5615f390bb808365d673001e887","name":"R\u00e9dac. NEWS","sameAs":["http:\/\/www.newsestlyonnais.fr","https:\/\/www.facebook.com\/pascal.oberson.1?fref=ts","https:\/\/fr.linkedin.com\/in\/pascal-oberson-b17045113"],"url":"https:\/\/newsestlyonnais.fr\/site\/author\/nel\/"}]}},"_links":{"self":[{"href":"https:\/\/newsestlyonnais.fr\/site\/wp-json\/wp\/v2\/posts\/201899","targetHints":{"allow":["GET"]}}],"collection":[{"href":"https:\/\/newsestlyonnais.fr\/site\/wp-json\/wp\/v2\/posts"}],"about":[{"href":"https:\/\/newsestlyonnais.fr\/site\/wp-json\/wp\/v2\/types\/post"}],"author":[{"embeddable":true,"href":"https:\/\/newsestlyonnais.fr\/site\/wp-json\/wp\/v2\/users\/4"}],"replies":[{"embeddable":true,"href":"https:\/\/newsestlyonnais.fr\/site\/wp-json\/wp\/v2\/comments?post=201899"}],"version-history":[{"count":0,"href":"https:\/\/newsestlyonnais.fr\/site\/wp-json\/wp\/v2\/posts\/201899\/revisions"}],"wp:featuredmedia":[{"embeddable":true,"href":"https:\/\/newsestlyonnais.fr\/site\/wp-json\/wp\/v2\/media\/101256"}],"wp:attachment":[{"href":"https:\/\/newsestlyonnais.fr\/site\/wp-json\/wp\/v2\/media?parent=201899"}],"wp:term":[{"taxonomy":"category","embeddable":true,"href":"https:\/\/newsestlyonnais.fr\/site\/wp-json\/wp\/v2\/categories?post=201899"},{"taxonomy":"post_tag","embeddable":true,"href":"https:\/\/newsestlyonnais.fr\/site\/wp-json\/wp\/v2\/tags?post=201899"}],"curies":[{"name":"wp","href":"https:\/\/api.w.org\/{rel}","templated":true}]}}