{"id":20246,"date":"2017-02-07T17:51:41","date_gmt":"2017-02-07T16:51:41","guid":{"rendered":"http:\/\/newsestlyonnais.fr\/site\/?p=20246"},"modified":"2020-11-12T20:49:59","modified_gmt":"2020-11-12T19:49:59","slug":"lyon-8-tres-debut-dannee-club-handisport-lyonnais","status":"publish","type":"post","link":"https:\/\/newsestlyonnais.fr\/site\/2017\/02\/07\/lyon-8-tres-debut-dannee-club-handisport-lyonnais\/","title":{"rendered":"LYON 8 | Tr\u00e8s bon d\u00e9but d&rsquo;ann\u00e9e pour le club \u00ab\u00a0Handisport Lyonnais\u00a0\u00bb"},"content":{"rendered":"<h4>Le club lyonnais a brill\u00e9 sur plusieurs fronts lors du premier mois de l&rsquo;ann\u00e9e 2017, \u00e0 savoir:<\/h4>\n<ul>\n<li class=\"ox-61d5727971-MsoNormal\">Les comp\u00e9titeurs de la <strong>section ski alpin<\/strong> lors de la coupe de France de Vars du 21 et 22 janvier o\u00f9 se d\u00e9roulait un slalom sp\u00e9cial et un slalom g\u00e9ant le samedi et un parall\u00e8le \u00ab\u00a0HandiVal\u00a0\u00bb le dimanche (confrontation entre un athl\u00e8te handi et un athl\u00e8te valide): Ont particip\u00e9 \u00e0 cette 1\u00b0 <strong>coupe de France<\/strong> de la saison, Juliette Raymond dans la cat\u00e9gorie \u00ab\u00a0<span style=\"text-decoration: underline;\">debout<\/span>\u00ab\u00a0, Benoit Fayolle dans la cat\u00e9gorie \u00ab\u00a0<span style=\"text-decoration: underline;\">assis<\/span>\u00a0\u00bb accompagn\u00e9 de son sherpa Michel Ducoeur et Julien Arcis et son guide pilote Emeric Garin dans la cat\u00e9gorie \u00ab\u00a0<span style=\"text-decoration: underline;\">d\u00e9ficient visuel<\/span>\u00ab\u00a0. Dans cette cat\u00e9gorie, Julien et son guide Emeric finissent premiers du slalom sp\u00e9cial et seconds du slalom g\u00e9ant. Benoit Fayolle termine deuxi\u00e8me du parall\u00e8le \u00ab\u00a0HandiVal\u00a0\u00bb.<img loading=\"lazy\" decoding=\"async\" class=\"alignleft size-full wp-image-20469\" src=\"https:\/\/newsestlyonnais.fr\/site\/medias\/2017\/02\/NEWSESTLYONNAIS-PODIUM-Vars-HANDISPORT-LYON.jpg\" alt=\"NEWSESTLYONNAIS - PODIUM Vars HANDISPORT LYON\" width=\"1000\" height=\"750\" srcset=\"https:\/\/newsestlyonnais.fr\/site\/wp-content\/uploads\/2017\/02\/NEWSESTLYONNAIS-PODIUM-Vars-HANDISPORT-LYON.jpg 1000w, https:\/\/newsestlyonnais.fr\/site\/wp-content\/uploads\/2017\/02\/NEWSESTLYONNAIS-PODIUM-Vars-HANDISPORT-LYON-400x300.jpg 400w, https:\/\/newsestlyonnais.fr\/site\/wp-content\/uploads\/2017\/02\/NEWSESTLYONNAIS-PODIUM-Vars-HANDISPORT-LYON-768x576.jpg 768w, https:\/\/newsestlyonnais.fr\/site\/wp-content\/uploads\/2017\/02\/NEWSESTLYONNAIS-PODIUM-Vars-HANDISPORT-LYON-600x450.jpg 600w, https:\/\/newsestlyonnais.fr\/site\/wp-content\/uploads\/2017\/02\/NEWSESTLYONNAIS-PODIUM-Vars-HANDISPORT-LYON-100x75.jpg 100w\" sizes=\"auto, (max-width: 1000px) 100vw, 1000px\" \/><\/li>\n<li class=\"ox-61d5727971-MsoNormal\">En<strong> Ski Alpin<\/strong>\u00a0: Jordan Broisin a particip\u00e9 aux <strong>Championnats du Monde<\/strong> de Tarvisio du 23 au 31 janvier\u00a0et s&rsquo;est class\u00e9 14\u00b0 \u00e0 la descente, 16\u00b0 au super combin\u00e9, 15\u00b0 sur le g\u00e9ant &amp; e 14\u00b0 en slalom.<img loading=\"lazy\" decoding=\"async\" class=\"alignleft size-full wp-image-20467\" src=\"https:\/\/newsestlyonnais.fr\/site\/medias\/2017\/02\/NEWSESTLYONNAIS-Jordan-Broisin-2017.jpg\" alt=\"NEWSESTLYONNAIS - Jordan Broisin 2017\" width=\"1000\" height=\"750\" srcset=\"https:\/\/newsestlyonnais.fr\/site\/wp-content\/uploads\/2017\/02\/NEWSESTLYONNAIS-Jordan-Broisin-2017.jpg 1000w, https:\/\/newsestlyonnais.fr\/site\/wp-content\/uploads\/2017\/02\/NEWSESTLYONNAIS-Jordan-Broisin-2017-400x300.jpg 400w, https:\/\/newsestlyonnais.fr\/site\/wp-content\/uploads\/2017\/02\/NEWSESTLYONNAIS-Jordan-Broisin-2017-768x576.jpg 768w, https:\/\/newsestlyonnais.fr\/site\/wp-content\/uploads\/2017\/02\/NEWSESTLYONNAIS-Jordan-Broisin-2017-600x450.jpg 600w, https:\/\/newsestlyonnais.fr\/site\/wp-content\/uploads\/2017\/02\/NEWSESTLYONNAIS-Jordan-Broisin-2017-100x75.jpg 100w\" sizes=\"auto, (max-width: 1000px) 100vw, 1000px\" \/><\/li>\n<li class=\"ox-61d5727971-MsoNormal\">Lors du <strong>championnat de France des r\u00e9gions de natation<\/strong> s\u2019est d\u00e9roul\u00e9 le samedi 21 janvier \u00e0 Valence. La r\u00e9gion Auvergne Rh\u00f4ne Alpes y \u00e9tait repr\u00e9sent\u00e9e par une \u00e9quipe f\u00e9minine et une \u00e9quipe masculine <strong>(PHOTO A LA UNE)<\/strong>.<br \/>\nCes \u00e9quipes r\u00e9gionales \u00e9taient compos\u00e9es d\u2019un ou deux repr\u00e9sentants par cat\u00e9gorie de handicap et de deux valides issus des clubs de la r\u00e9gion.<br \/>\nAu sein de ces formations dirig\u00e9es par Bernard Chaix, responsable technique r\u00e9gional et de Jean Pierre Hyvernat, son adjoint, In\u00e8s Ducatillon, 10 ans, membre du club Handisport Lyonnais a eu la chance d\u2019\u00eatre s\u00e9lectionn\u00e9e dans la cat\u00e9gorie S1\/S4 au sein de l\u2019\u00e9quipe f\u00e9minine Auvergne Rh\u00f4ne Alpes. C\u2019\u00e9tait sa premi\u00e8re participation \u00e0 cette comp\u00e9tition.<br \/>\nApr\u00e8s une lutte acharn\u00e9e, son \u00e9quipe a termin\u00e9 \u00e0 la 3\u00b0 place, d\u00e9crochant ainsi la m\u00e9daille de bronze, qui a \u00e9t\u00e9 remise \u00e0 l\u2019ensemble des filles. La r\u00e9gion Auvergne Rh\u00f4ne Alpes arrive \u00e9galement \u00e0 la seconde place du classement g\u00e9n\u00e9ral gar\u00e7ons filles\u00a0 traduite par une m\u00e9daille d\u2019argent d\u00e9cern\u00e9e aux dirigeants Bernard Chaix et Jean Pierre HYVERNAT pour leur implication au sein de la r\u00e9gion.<\/li>\n<\/ul>\n<hr \/>\n<h4>Retrouvez toute l&rsquo;ACTU du club sur: <a href=\"http:\/\/www.handisportlyonnais.com\" target=\"_blank\" rel=\"noopener noreferrer\">http:\/\/www.handisportlyonnais.com<\/a><\/h4>\n","protected":false},"excerpt":{"rendered":"<p>Le club lyonnais a brill\u00e9 sur plusieurs fronts lors du premier mois de l&rsquo;ann\u00e9e 2017, \u00e0 savoir: Les comp\u00e9titeurs de la section ski alpin lors de la coupe de France de Vars du 21 et 22 janvier o\u00f9 se d\u00e9roulait un slalom sp\u00e9cial et un slalom g\u00e9ant le samedi et un parall\u00e8le \u00ab\u00a0HandiVal\u00a0\u00bb le dimanche [&hellip;]<\/p>\n","protected":false},"author":4,"featured_media":20464,"comment_status":"open","ping_status":"open","sticky":false,"template":"","format":"standard","meta":{"footnotes":""},"categories":[574,166,3015,1625],"tags":[],"class_list":["post-20246","post","type-post","status-publish","format-standard","has-post-thumbnail","hentry","category-autres-sports","category-divers-sports","category-handi-adapte","category-lyon"],"yoast_head":"<!-- This site is optimized with the Yoast SEO plugin v27.2 - https:\/\/yoast.com\/product\/yoast-seo-wordpress\/ -->\n<title>LYON 8 | Tr\u00e8s bon d\u00e9but d&#039;ann\u00e9e pour le club &quot;Handisport Lyonnais&quot; - News Est Lyonnais<\/title>\n<meta name=\"robots\" content=\"index, follow, max-snippet:-1, max-image-preview:large, max-video-preview:-1\" \/>\n<link rel=\"canonical\" href=\"https:\/\/newsestlyonnais.fr\/site\/2017\/02\/07\/lyon-8-tres-debut-dannee-club-handisport-lyonnais\/\" \/>\n<meta property=\"og:locale\" content=\"fr_FR\" \/>\n<meta property=\"og:type\" content=\"article\" \/>\n<meta property=\"og:title\" content=\"LYON 8 | Tr\u00e8s bon d\u00e9but d&#039;ann\u00e9e pour le club &quot;Handisport Lyonnais&quot; - News Est Lyonnais\" \/>\n<meta property=\"og:description\" content=\"Le club lyonnais a brill\u00e9 sur plusieurs fronts lors du premier mois de l&rsquo;ann\u00e9e 2017, \u00e0 savoir: Les comp\u00e9titeurs de la section ski alpin lors de la coupe de France de Vars du 21 et 22 janvier o\u00f9 se d\u00e9roulait un slalom sp\u00e9cial et un slalom g\u00e9ant le samedi et un parall\u00e8le \u00ab\u00a0HandiVal\u00a0\u00bb le dimanche [&hellip;]\" \/>\n<meta property=\"og:url\" content=\"https:\/\/newsestlyonnais.fr\/site\/2017\/02\/07\/lyon-8-tres-debut-dannee-club-handisport-lyonnais\/\" \/>\n<meta property=\"og:site_name\" content=\"News Est Lyonnais\" \/>\n<meta property=\"article:author\" content=\"https:\/\/www.facebook.com\/pascal.oberson.1?fref=ts\" \/>\n<meta property=\"article:published_time\" content=\"2017-02-07T16:51:41+00:00\" \/>\n<meta property=\"article:modified_time\" content=\"2020-11-12T19:49:59+00:00\" \/>\n<meta property=\"og:image\" content=\"https:\/\/i0.wp.com\/newsestlyonnais.fr\/site\/wp-content\/uploads\/2017\/02\/NEWSESTLYONNAIS-HANDISPORT-LYONAIS-Natation-2.jpg?fit=1000%2C750&ssl=1\" \/>\n\t<meta property=\"og:image:width\" content=\"1000\" \/>\n\t<meta property=\"og:image:height\" content=\"750\" \/>\n\t<meta property=\"og:image:type\" content=\"image\/jpeg\" \/>\n<meta name=\"author\" content=\"R\u00e9dac. NEWS\" \/>\n<meta name=\"twitter:card\" content=\"summary_large_image\" \/>\n<meta name=\"twitter:label1\" content=\"\u00c9crit par\" \/>\n\t<meta name=\"twitter:data1\" content=\"R\u00e9dac. NEWS\" \/>\n\t<meta name=\"twitter:label2\" content=\"Dur\u00e9e de lecture estim\u00e9e\" \/>\n\t<meta name=\"twitter:data2\" content=\"2 minutes\" \/>\n<script type=\"application\/ld+json\" class=\"yoast-schema-graph\">{\"@context\":\"https:\/\/schema.org\",\"@graph\":[{\"@type\":\"Article\",\"@id\":\"https:\/\/newsestlyonnais.fr\/site\/2017\/02\/07\/lyon-8-tres-debut-dannee-club-handisport-lyonnais\/#article\",\"isPartOf\":{\"@id\":\"https:\/\/newsestlyonnais.fr\/site\/2017\/02\/07\/lyon-8-tres-debut-dannee-club-handisport-lyonnais\/\"},\"author\":{\"name\":\"R\u00e9dac. NEWS\",\"@id\":\"https:\/\/newsestlyonnais.fr\/site\/#\/schema\/person\/3230d5615f390bb808365d673001e887\"},\"headline\":\"LYON 8 | Tr\u00e8s bon d\u00e9but d&rsquo;ann\u00e9e pour le club \u00ab\u00a0Handisport Lyonnais\u00a0\u00bb\",\"datePublished\":\"2017-02-07T16:51:41+00:00\",\"dateModified\":\"2020-11-12T19:49:59+00:00\",\"mainEntityOfPage\":{\"@id\":\"https:\/\/newsestlyonnais.fr\/site\/2017\/02\/07\/lyon-8-tres-debut-dannee-club-handisport-lyonnais\/\"},\"wordCount\":414,\"commentCount\":0,\"publisher\":{\"@id\":\"https:\/\/newsestlyonnais.fr\/site\/#organization\"},\"image\":{\"@id\":\"https:\/\/newsestlyonnais.fr\/site\/2017\/02\/07\/lyon-8-tres-debut-dannee-club-handisport-lyonnais\/#primaryimage\"},\"thumbnailUrl\":\"https:\/\/newsestlyonnais.fr\/site\/wp-content\/uploads\/2017\/02\/NEWSESTLYONNAIS-HANDISPORT-LYONAIS-Natation-2.jpg\",\"articleSection\":[\"Autres sports\",\"Divers Sports\",\"Handi &amp; adapt\u00e9\",\"Lyon\"],\"inLanguage\":\"fr-FR\",\"potentialAction\":[{\"@type\":\"CommentAction\",\"name\":\"Comment\",\"target\":[\"https:\/\/newsestlyonnais.fr\/site\/2017\/02\/07\/lyon-8-tres-debut-dannee-club-handisport-lyonnais\/#respond\"]}]},{\"@type\":\"WebPage\",\"@id\":\"https:\/\/newsestlyonnais.fr\/site\/2017\/02\/07\/lyon-8-tres-debut-dannee-club-handisport-lyonnais\/\",\"url\":\"https:\/\/newsestlyonnais.fr\/site\/2017\/02\/07\/lyon-8-tres-debut-dannee-club-handisport-lyonnais\/\",\"name\":\"LYON 8 | Tr\u00e8s bon d\u00e9but d'ann\u00e9e pour le club \\\"Handisport Lyonnais\\\" - News Est Lyonnais\",\"isPartOf\":{\"@id\":\"https:\/\/newsestlyonnais.fr\/site\/#website\"},\"primaryImageOfPage\":{\"@id\":\"https:\/\/newsestlyonnais.fr\/site\/2017\/02\/07\/lyon-8-tres-debut-dannee-club-handisport-lyonnais\/#primaryimage\"},\"image\":{\"@id\":\"https:\/\/newsestlyonnais.fr\/site\/2017\/02\/07\/lyon-8-tres-debut-dannee-club-handisport-lyonnais\/#primaryimage\"},\"thumbnailUrl\":\"https:\/\/newsestlyonnais.fr\/site\/wp-content\/uploads\/2017\/02\/NEWSESTLYONNAIS-HANDISPORT-LYONAIS-Natation-2.jpg\",\"datePublished\":\"2017-02-07T16:51:41+00:00\",\"dateModified\":\"2020-11-12T19:49:59+00:00\",\"breadcrumb\":{\"@id\":\"https:\/\/newsestlyonnais.fr\/site\/2017\/02\/07\/lyon-8-tres-debut-dannee-club-handisport-lyonnais\/#breadcrumb\"},\"inLanguage\":\"fr-FR\",\"potentialAction\":[{\"@type\":\"ReadAction\",\"target\":[\"https:\/\/newsestlyonnais.fr\/site\/2017\/02\/07\/lyon-8-tres-debut-dannee-club-handisport-lyonnais\/\"]}]},{\"@type\":\"ImageObject\",\"inLanguage\":\"fr-FR\",\"@id\":\"https:\/\/newsestlyonnais.fr\/site\/2017\/02\/07\/lyon-8-tres-debut-dannee-club-handisport-lyonnais\/#primaryimage\",\"url\":\"https:\/\/newsestlyonnais.fr\/site\/wp-content\/uploads\/2017\/02\/NEWSESTLYONNAIS-HANDISPORT-LYONAIS-Natation-2.jpg\",\"contentUrl\":\"https:\/\/newsestlyonnais.fr\/site\/wp-content\/uploads\/2017\/02\/NEWSESTLYONNAIS-HANDISPORT-LYONAIS-Natation-2.jpg\",\"width\":1000,\"height\":750,\"caption\":\"NEWSESTLYONNAIS - HANDISPORT LYONAIS Natation 2\"},{\"@type\":\"BreadcrumbList\",\"@id\":\"https:\/\/newsestlyonnais.fr\/site\/2017\/02\/07\/lyon-8-tres-debut-dannee-club-handisport-lyonnais\/#breadcrumb\",\"itemListElement\":[{\"@type\":\"ListItem\",\"position\":1,\"name\":\"Accueil\",\"item\":\"https:\/\/newsestlyonnais.fr\/site\/\"},{\"@type\":\"ListItem\",\"position\":2,\"name\":\"LYON 8 | Tr\u00e8s bon d\u00e9but d&rsquo;ann\u00e9e pour le club \u00ab\u00a0Handisport Lyonnais\u00a0\u00bb\"}]},{\"@type\":\"WebSite\",\"@id\":\"https:\/\/newsestlyonnais.fr\/site\/#website\",\"url\":\"https:\/\/newsestlyonnais.fr\/site\/\",\"name\":\"News Est Lyonnais\",\"description\":\"L&#039;actualit\u00e9 au plus pr\u00e8s\",\"publisher\":{\"@id\":\"https:\/\/newsestlyonnais.fr\/site\/#organization\"},\"potentialAction\":[{\"@type\":\"SearchAction\",\"target\":{\"@type\":\"EntryPoint\",\"urlTemplate\":\"https:\/\/newsestlyonnais.fr\/site\/?s={search_term_string}\"},\"query-input\":{\"@type\":\"PropertyValueSpecification\",\"valueRequired\":true,\"valueName\":\"search_term_string\"}}],\"inLanguage\":\"fr-FR\"},{\"@type\":\"Organization\",\"@id\":\"https:\/\/newsestlyonnais.fr\/site\/#organization\",\"name\":\"News EST LYONNAIS\",\"url\":\"https:\/\/newsestlyonnais.fr\/site\/\",\"logo\":{\"@type\":\"ImageObject\",\"inLanguage\":\"fr-FR\",\"@id\":\"https:\/\/newsestlyonnais.fr\/site\/#\/schema\/logo\/image\/\",\"url\":\"\",\"contentUrl\":\"\",\"caption\":\"News EST LYONNAIS\"},\"image\":{\"@id\":\"https:\/\/newsestlyonnais.fr\/site\/#\/schema\/logo\/image\/\"}},{\"@type\":\"Person\",\"@id\":\"https:\/\/newsestlyonnais.fr\/site\/#\/schema\/person\/3230d5615f390bb808365d673001e887\",\"name\":\"R\u00e9dac. NEWS\",\"sameAs\":[\"http:\/\/www.newsestlyonnais.fr\",\"https:\/\/www.facebook.com\/pascal.oberson.1?fref=ts\",\"https:\/\/fr.linkedin.com\/in\/pascal-oberson-b17045113\"],\"url\":\"https:\/\/newsestlyonnais.fr\/site\/author\/nel\/\"}]}<\/script>\n<!-- \/ Yoast SEO plugin. -->","yoast_head_json":{"title":"LYON 8 | Tr\u00e8s bon d\u00e9but d'ann\u00e9e pour le club \"Handisport Lyonnais\" - News Est Lyonnais","robots":{"index":"index","follow":"follow","max-snippet":"max-snippet:-1","max-image-preview":"max-image-preview:large","max-video-preview":"max-video-preview:-1"},"canonical":"https:\/\/newsestlyonnais.fr\/site\/2017\/02\/07\/lyon-8-tres-debut-dannee-club-handisport-lyonnais\/","og_locale":"fr_FR","og_type":"article","og_title":"LYON 8 | Tr\u00e8s bon d\u00e9but d'ann\u00e9e pour le club \"Handisport Lyonnais\" - News Est Lyonnais","og_description":"Le club lyonnais a brill\u00e9 sur plusieurs fronts lors du premier mois de l&rsquo;ann\u00e9e 2017, \u00e0 savoir: Les comp\u00e9titeurs de la section ski alpin lors de la coupe de France de Vars du 21 et 22 janvier o\u00f9 se d\u00e9roulait un slalom sp\u00e9cial et un slalom g\u00e9ant le samedi et un parall\u00e8le \u00ab\u00a0HandiVal\u00a0\u00bb le dimanche [&hellip;]","og_url":"https:\/\/newsestlyonnais.fr\/site\/2017\/02\/07\/lyon-8-tres-debut-dannee-club-handisport-lyonnais\/","og_site_name":"News Est Lyonnais","article_author":"https:\/\/www.facebook.com\/pascal.oberson.1?fref=ts","article_published_time":"2017-02-07T16:51:41+00:00","article_modified_time":"2020-11-12T19:49:59+00:00","og_image":[{"width":1000,"height":750,"url":"https:\/\/i0.wp.com\/newsestlyonnais.fr\/site\/wp-content\/uploads\/2017\/02\/NEWSESTLYONNAIS-HANDISPORT-LYONAIS-Natation-2.jpg?fit=1000%2C750&ssl=1","type":"image\/jpeg"}],"author":"R\u00e9dac. NEWS","twitter_card":"summary_large_image","twitter_misc":{"\u00c9crit par":"R\u00e9dac. NEWS","Dur\u00e9e de lecture estim\u00e9e":"2 minutes"},"schema":{"@context":"https:\/\/schema.org","@graph":[{"@type":"Article","@id":"https:\/\/newsestlyonnais.fr\/site\/2017\/02\/07\/lyon-8-tres-debut-dannee-club-handisport-lyonnais\/#article","isPartOf":{"@id":"https:\/\/newsestlyonnais.fr\/site\/2017\/02\/07\/lyon-8-tres-debut-dannee-club-handisport-lyonnais\/"},"author":{"name":"R\u00e9dac. NEWS","@id":"https:\/\/newsestlyonnais.fr\/site\/#\/schema\/person\/3230d5615f390bb808365d673001e887"},"headline":"LYON 8 | Tr\u00e8s bon d\u00e9but d&rsquo;ann\u00e9e pour le club \u00ab\u00a0Handisport Lyonnais\u00a0\u00bb","datePublished":"2017-02-07T16:51:41+00:00","dateModified":"2020-11-12T19:49:59+00:00","mainEntityOfPage":{"@id":"https:\/\/newsestlyonnais.fr\/site\/2017\/02\/07\/lyon-8-tres-debut-dannee-club-handisport-lyonnais\/"},"wordCount":414,"commentCount":0,"publisher":{"@id":"https:\/\/newsestlyonnais.fr\/site\/#organization"},"image":{"@id":"https:\/\/newsestlyonnais.fr\/site\/2017\/02\/07\/lyon-8-tres-debut-dannee-club-handisport-lyonnais\/#primaryimage"},"thumbnailUrl":"https:\/\/newsestlyonnais.fr\/site\/wp-content\/uploads\/2017\/02\/NEWSESTLYONNAIS-HANDISPORT-LYONAIS-Natation-2.jpg","articleSection":["Autres sports","Divers Sports","Handi &amp; adapt\u00e9","Lyon"],"inLanguage":"fr-FR","potentialAction":[{"@type":"CommentAction","name":"Comment","target":["https:\/\/newsestlyonnais.fr\/site\/2017\/02\/07\/lyon-8-tres-debut-dannee-club-handisport-lyonnais\/#respond"]}]},{"@type":"WebPage","@id":"https:\/\/newsestlyonnais.fr\/site\/2017\/02\/07\/lyon-8-tres-debut-dannee-club-handisport-lyonnais\/","url":"https:\/\/newsestlyonnais.fr\/site\/2017\/02\/07\/lyon-8-tres-debut-dannee-club-handisport-lyonnais\/","name":"LYON 8 | Tr\u00e8s bon d\u00e9but d'ann\u00e9e pour le club \"Handisport Lyonnais\" - News Est Lyonnais","isPartOf":{"@id":"https:\/\/newsestlyonnais.fr\/site\/#website"},"primaryImageOfPage":{"@id":"https:\/\/newsestlyonnais.fr\/site\/2017\/02\/07\/lyon-8-tres-debut-dannee-club-handisport-lyonnais\/#primaryimage"},"image":{"@id":"https:\/\/newsestlyonnais.fr\/site\/2017\/02\/07\/lyon-8-tres-debut-dannee-club-handisport-lyonnais\/#primaryimage"},"thumbnailUrl":"https:\/\/newsestlyonnais.fr\/site\/wp-content\/uploads\/2017\/02\/NEWSESTLYONNAIS-HANDISPORT-LYONAIS-Natation-2.jpg","datePublished":"2017-02-07T16:51:41+00:00","dateModified":"2020-11-12T19:49:59+00:00","breadcrumb":{"@id":"https:\/\/newsestlyonnais.fr\/site\/2017\/02\/07\/lyon-8-tres-debut-dannee-club-handisport-lyonnais\/#breadcrumb"},"inLanguage":"fr-FR","potentialAction":[{"@type":"ReadAction","target":["https:\/\/newsestlyonnais.fr\/site\/2017\/02\/07\/lyon-8-tres-debut-dannee-club-handisport-lyonnais\/"]}]},{"@type":"ImageObject","inLanguage":"fr-FR","@id":"https:\/\/newsestlyonnais.fr\/site\/2017\/02\/07\/lyon-8-tres-debut-dannee-club-handisport-lyonnais\/#primaryimage","url":"https:\/\/newsestlyonnais.fr\/site\/wp-content\/uploads\/2017\/02\/NEWSESTLYONNAIS-HANDISPORT-LYONAIS-Natation-2.jpg","contentUrl":"https:\/\/newsestlyonnais.fr\/site\/wp-content\/uploads\/2017\/02\/NEWSESTLYONNAIS-HANDISPORT-LYONAIS-Natation-2.jpg","width":1000,"height":750,"caption":"NEWSESTLYONNAIS - HANDISPORT LYONAIS Natation 2"},{"@type":"BreadcrumbList","@id":"https:\/\/newsestlyonnais.fr\/site\/2017\/02\/07\/lyon-8-tres-debut-dannee-club-handisport-lyonnais\/#breadcrumb","itemListElement":[{"@type":"ListItem","position":1,"name":"Accueil","item":"https:\/\/newsestlyonnais.fr\/site\/"},{"@type":"ListItem","position":2,"name":"LYON 8 | Tr\u00e8s bon d\u00e9but d&rsquo;ann\u00e9e pour le club \u00ab\u00a0Handisport Lyonnais\u00a0\u00bb"}]},{"@type":"WebSite","@id":"https:\/\/newsestlyonnais.fr\/site\/#website","url":"https:\/\/newsestlyonnais.fr\/site\/","name":"News Est Lyonnais","description":"L&#039;actualit\u00e9 au plus pr\u00e8s","publisher":{"@id":"https:\/\/newsestlyonnais.fr\/site\/#organization"},"potentialAction":[{"@type":"SearchAction","target":{"@type":"EntryPoint","urlTemplate":"https:\/\/newsestlyonnais.fr\/site\/?s={search_term_string}"},"query-input":{"@type":"PropertyValueSpecification","valueRequired":true,"valueName":"search_term_string"}}],"inLanguage":"fr-FR"},{"@type":"Organization","@id":"https:\/\/newsestlyonnais.fr\/site\/#organization","name":"News EST LYONNAIS","url":"https:\/\/newsestlyonnais.fr\/site\/","logo":{"@type":"ImageObject","inLanguage":"fr-FR","@id":"https:\/\/newsestlyonnais.fr\/site\/#\/schema\/logo\/image\/","url":"","contentUrl":"","caption":"News EST LYONNAIS"},"image":{"@id":"https:\/\/newsestlyonnais.fr\/site\/#\/schema\/logo\/image\/"}},{"@type":"Person","@id":"https:\/\/newsestlyonnais.fr\/site\/#\/schema\/person\/3230d5615f390bb808365d673001e887","name":"R\u00e9dac. NEWS","sameAs":["http:\/\/www.newsestlyonnais.fr","https:\/\/www.facebook.com\/pascal.oberson.1?fref=ts","https:\/\/fr.linkedin.com\/in\/pascal-oberson-b17045113"],"url":"https:\/\/newsestlyonnais.fr\/site\/author\/nel\/"}]}},"_links":{"self":[{"href":"https:\/\/newsestlyonnais.fr\/site\/wp-json\/wp\/v2\/posts\/20246","targetHints":{"allow":["GET"]}}],"collection":[{"href":"https:\/\/newsestlyonnais.fr\/site\/wp-json\/wp\/v2\/posts"}],"about":[{"href":"https:\/\/newsestlyonnais.fr\/site\/wp-json\/wp\/v2\/types\/post"}],"author":[{"embeddable":true,"href":"https:\/\/newsestlyonnais.fr\/site\/wp-json\/wp\/v2\/users\/4"}],"replies":[{"embeddable":true,"href":"https:\/\/newsestlyonnais.fr\/site\/wp-json\/wp\/v2\/comments?post=20246"}],"version-history":[{"count":0,"href":"https:\/\/newsestlyonnais.fr\/site\/wp-json\/wp\/v2\/posts\/20246\/revisions"}],"wp:featuredmedia":[{"embeddable":true,"href":"https:\/\/newsestlyonnais.fr\/site\/wp-json\/wp\/v2\/media\/20464"}],"wp:attachment":[{"href":"https:\/\/newsestlyonnais.fr\/site\/wp-json\/wp\/v2\/media?parent=20246"}],"wp:term":[{"taxonomy":"category","embeddable":true,"href":"https:\/\/newsestlyonnais.fr\/site\/wp-json\/wp\/v2\/categories?post=20246"},{"taxonomy":"post_tag","embeddable":true,"href":"https:\/\/newsestlyonnais.fr\/site\/wp-json\/wp\/v2\/tags?post=20246"}],"curies":[{"name":"wp","href":"https:\/\/api.w.org\/{rel}","templated":true}]}}