{"id":202537,"date":"2024-04-02T05:14:47","date_gmt":"2024-04-02T04:14:47","guid":{"rendered":"https:\/\/newsestlyonnais.fr\/site\/?p=202537"},"modified":"2024-04-02T05:15:48","modified_gmt":"2024-04-02T04:15:48","slug":"miribel-les-evenements-davril-3","status":"publish","type":"post","link":"https:\/\/newsestlyonnais.fr\/site\/2024\/04\/02\/miribel-les-evenements-davril-3\/","title":{"rendered":"MIRIBEL | Les \u00e9v\u00e8nements d&rsquo;avril"},"content":{"rendered":"<p><span style=\"background-color: #000000; color: #ffffff;\"><strong>Jeudi 4 avril<\/strong><\/span><\/p>\n<ul>\n<li>17 h\/20 h : <strong>\u00a0\u00bb Portes Ouvertes \u00ab\u00a0<\/strong> (Lyc\u00e9e Professionnel Saint Joseph, 101 rue Henri Grobon).<\/li>\n<\/ul>\n<p><span style=\"background-color: #000000; color: #ffffff;\"><strong>Vendredi 5 avril<\/strong><\/span><\/p>\n<ul>\n<li>\u00a0\u00e0 20 h 30 : <strong>Spectacle de th\u00e9\u00e2tre : \u00abLa caresse et la mitraille\u00bb<\/strong> par la Cie Camino d&rsquo;apr\u00e8s le livre de Svetlana Alexievitch (Th\u00e9\u00e2tre All\u00e9gro<\/li>\n<\/ul>\n<p><strong><span style=\"background-color: #000000; color: #ffffff;\">Samedi 6 &amp; Dimanche 7 avril<\/span><\/strong><\/p>\n<ul>\n<li><strong>Exposition photos<\/strong> \/ Photo Passion des Echets (Salle des f\u00eates aux Echets).\u00a0 (Samedi 14h\/19h &#8211; Dimanche 9h\/18h).<\/li>\n<\/ul>\n<p><span style=\"background-color: #000000; color: #ffffff;\"><strong>Samedi 6 avril<\/strong><\/span><\/p>\n<ul>\n<li>\u00e0 15 h : <strong>Carnaval. <\/strong>(Place de la R\u00e9publique).<\/li>\n<li>\u00e0 18 h : <strong>Concert \u00a0\u00bb Down by the Jazzy side \u00ab\u00a0<\/strong> de l&rsquo;Acad\u00e9mie de Musique et de Danse de la CCMP (Salle polyvalente au Mas Rillier).<\/li>\n<\/ul>\n<p><span style=\"background-color: #000000; color: #ffffff;\"><strong>Dimanche 7 avril<\/strong><\/span><\/p>\n<ul>\n<li><strong>Journ\u00e9e Familiale<\/strong> \/ Anciens Combattants (Salle polyvalente).<\/li>\n<\/ul>\n<p><span style=\"color: #ffffff; background-color: #000000;\"><strong>Jeudi 11 avril<\/strong><\/span><\/p>\n<ul>\n<li>\u00e0 18 h : <strong>Concert \u00a0\u00bb Jazz Ap\u00e9ro<\/strong> \u00a0\u00bb Printemps des Arts avec l&rsquo;Acad\u00e9mie de Musique de la CCMP (Biblioth\u00e8que 17 rue J. Carre).<\/li>\n<\/ul>\n<p><strong><span style=\"background-color: #000000; color: #ffffff;\">Samedi 13 avril<\/span><\/strong><\/p>\n<ul>\n<li>\u00e0 9 h : <strong>Concours de Tarot<\/strong> \/ Tarot Club du Mas Rillier (Salle polyvalente au Mas Rillier).<\/li>\n<li>\u00e0 14 h 15 : <strong>Conf\u00e9rence sur la Madone<\/strong> (Centre socio-culturel 17 rue J. Carr\u00e9).<\/li>\n<\/ul>\n<p><strong><span style=\"background-color: #000000; color: #ffffff;\">Samedi 13 &amp; Dimanche 14 avril<\/span><\/strong><\/p>\n<ul>\n<li><strong>Concours de Boules<\/strong> \/ P\u00e9tanque Miribel C\u00f4ti\u00e8re. Championnat de l&rsquo;Ain T\u00eate \u00e0 T\u00eate (masculins &amp; doublettes f\u00e9minins) au Forum des Sports \u00e0 St Maurice de Beynost.<\/li>\n<\/ul>\n<p><span style=\"background-color: #000000; color: #ffffff;\"><strong>Samedi 20 &amp; Dimanche 21 avril<\/strong><\/span><\/p>\n<ul>\n<li><strong>Concours de Boules \/ <\/strong>P\u00e9tanque Miribel C\u00f4ti\u00e8re Championnat de l&rsquo;Ain (Doublettes Mixtes) au Forum des Sports \u00e0 St Maurice de Beynost.<\/li>\n<\/ul>\n<p><span style=\"background-color: #000000; color: #ffffff;\"><strong>Vendredi 26 &amp; Samedi 27 avril<\/strong><\/span><\/p>\n<ul>\n<li><strong>Sorties Nature <\/strong>C\u00f4ti\u00e8re PRIM&rsquo;VERT. D\u00e9couvrez les pelouses s\u00e8ches sensibles sur la Costi\u00e8re du bois de Laie. Dur\u00e9e 2 h. Rdv \u00e0 10 h.<\/li>\n<\/ul>\n<p><span style=\"background-color: #000000; color: #ffffff;\"><strong>Lundi 29 avril<\/strong><\/span><\/p>\n<ul>\n<li>de 14 h 30 \u00e0 19 h : <strong>Collecte de sang<\/strong> (All\u00e9gro).<\/li>\n<\/ul>\n<hr \/>\n<p><span style=\"background-color: #000000; font-size: 14pt;\"><strong><em><span style=\"color: #ffffff;\">Retrouvez l\u2019ACTU de la commune sur :<\/span> <span style=\"color: #3366ff;\"><a style=\"background-color: #000000; color: #3366ff;\" href=\"https:\/\/www.miribel.fr\">https:\/\/www.miribel.fr<\/a><\/span><\/em><\/strong><\/span><\/p>\n<hr \/>\n<p>&nbsp;<\/p>\n","protected":false},"excerpt":{"rendered":"<p>Nombreuses et diverses sont les programmations locales pour ce quatri\u00e8me mois de l&rsquo;ann\u00e9e.<\/p>\n","protected":false},"author":4,"featured_media":167151,"comment_status":"open","ping_status":"open","sticky":false,"template":"","format":"standard","meta":{"footnotes":""},"categories":[156,4153,4948],"tags":[1991,2120,3197],"class_list":["post-202537","post","type-post","status-publish","format-standard","has-post-thumbnail","hentry","category-ain","category-ain-isere","category-que-de-breves","tag-agenda","tag-evenements","tag-miribel"],"yoast_head":"<!-- This site is optimized with the Yoast SEO plugin v27.2 - https:\/\/yoast.com\/product\/yoast-seo-wordpress\/ -->\n<title>MIRIBEL | Les \u00e9v\u00e8nements d&#039;avril - News Est Lyonnais<\/title>\n<meta name=\"description\" content=\"MIRIBEL | Les \u00e9v\u00e8nements d&#039;avril\" \/>\n<meta name=\"robots\" content=\"index, follow, max-snippet:-1, max-image-preview:large, max-video-preview:-1\" \/>\n<link rel=\"canonical\" href=\"https:\/\/newsestlyonnais.fr\/site\/2024\/04\/02\/miribel-les-evenements-davril-3\/\" \/>\n<meta property=\"og:locale\" content=\"fr_FR\" \/>\n<meta property=\"og:type\" content=\"article\" \/>\n<meta property=\"og:title\" content=\"MIRIBEL | Les \u00e9v\u00e8nements d&#039;avril - News Est Lyonnais\" \/>\n<meta property=\"og:description\" content=\"MIRIBEL | Les \u00e9v\u00e8nements d&#039;avril\" \/>\n<meta property=\"og:url\" content=\"https:\/\/newsestlyonnais.fr\/site\/2024\/04\/02\/miribel-les-evenements-davril-3\/\" \/>\n<meta property=\"og:site_name\" content=\"News Est Lyonnais\" \/>\n<meta property=\"article:author\" content=\"https:\/\/www.facebook.com\/pascal.oberson.1?fref=ts\" \/>\n<meta property=\"article:published_time\" content=\"2024-04-02T04:14:47+00:00\" \/>\n<meta property=\"article:modified_time\" content=\"2024-04-02T04:15:48+00:00\" \/>\n<meta property=\"og:image\" content=\"https:\/\/newsestlyonnais.fr\/site\/wp-content\/uploads\/2022\/10\/20220513_084141.jpg\" \/>\n\t<meta property=\"og:image:width\" content=\"1200\" \/>\n\t<meta property=\"og:image:height\" content=\"675\" \/>\n\t<meta property=\"og:image:type\" content=\"image\/jpeg\" \/>\n<meta name=\"author\" content=\"R\u00e9dac. NEWS\" \/>\n<meta name=\"twitter:card\" content=\"summary_large_image\" \/>\n<meta name=\"twitter:label1\" content=\"\u00c9crit par\" \/>\n\t<meta name=\"twitter:data1\" content=\"R\u00e9dac. NEWS\" \/>\n\t<meta name=\"twitter:label2\" content=\"Dur\u00e9e de lecture estim\u00e9e\" \/>\n\t<meta name=\"twitter:data2\" content=\"2 minutes\" \/>\n<script type=\"application\/ld+json\" class=\"yoast-schema-graph\">{\"@context\":\"https:\/\/schema.org\",\"@graph\":[{\"@type\":\"Article\",\"@id\":\"https:\/\/newsestlyonnais.fr\/site\/2024\/04\/02\/miribel-les-evenements-davril-3\/#article\",\"isPartOf\":{\"@id\":\"https:\/\/newsestlyonnais.fr\/site\/2024\/04\/02\/miribel-les-evenements-davril-3\/\"},\"author\":{\"name\":\"R\u00e9dac. NEWS\",\"@id\":\"https:\/\/newsestlyonnais.fr\/site\/#\/schema\/person\/3230d5615f390bb808365d673001e887\"},\"headline\":\"MIRIBEL | Les \u00e9v\u00e8nements d&rsquo;avril\",\"datePublished\":\"2024-04-02T04:14:47+00:00\",\"dateModified\":\"2024-04-02T04:15:48+00:00\",\"mainEntityOfPage\":{\"@id\":\"https:\/\/newsestlyonnais.fr\/site\/2024\/04\/02\/miribel-les-evenements-davril-3\/\"},\"wordCount\":278,\"commentCount\":0,\"publisher\":{\"@id\":\"https:\/\/newsestlyonnais.fr\/site\/#organization\"},\"image\":{\"@id\":\"https:\/\/newsestlyonnais.fr\/site\/2024\/04\/02\/miribel-les-evenements-davril-3\/#primaryimage\"},\"thumbnailUrl\":\"https:\/\/newsestlyonnais.fr\/site\/wp-content\/uploads\/2022\/10\/20220513_084141.jpg\",\"keywords\":[\"AGENDA\",\"EVENEMENTS\",\"MIRIBEL\"],\"articleSection\":[\"Ain (01)\",\"Ain | Is\u00e8re\",\"Que de br\u00e8ves ...\"],\"inLanguage\":\"fr-FR\",\"potentialAction\":[{\"@type\":\"CommentAction\",\"name\":\"Comment\",\"target\":[\"https:\/\/newsestlyonnais.fr\/site\/2024\/04\/02\/miribel-les-evenements-davril-3\/#respond\"]}]},{\"@type\":\"WebPage\",\"@id\":\"https:\/\/newsestlyonnais.fr\/site\/2024\/04\/02\/miribel-les-evenements-davril-3\/\",\"url\":\"https:\/\/newsestlyonnais.fr\/site\/2024\/04\/02\/miribel-les-evenements-davril-3\/\",\"name\":\"MIRIBEL | Les \u00e9v\u00e8nements d'avril - News Est Lyonnais\",\"isPartOf\":{\"@id\":\"https:\/\/newsestlyonnais.fr\/site\/#website\"},\"primaryImageOfPage\":{\"@id\":\"https:\/\/newsestlyonnais.fr\/site\/2024\/04\/02\/miribel-les-evenements-davril-3\/#primaryimage\"},\"image\":{\"@id\":\"https:\/\/newsestlyonnais.fr\/site\/2024\/04\/02\/miribel-les-evenements-davril-3\/#primaryimage\"},\"thumbnailUrl\":\"https:\/\/newsestlyonnais.fr\/site\/wp-content\/uploads\/2022\/10\/20220513_084141.jpg\",\"datePublished\":\"2024-04-02T04:14:47+00:00\",\"dateModified\":\"2024-04-02T04:15:48+00:00\",\"description\":\"MIRIBEL | Les \u00e9v\u00e8nements d'avril\",\"breadcrumb\":{\"@id\":\"https:\/\/newsestlyonnais.fr\/site\/2024\/04\/02\/miribel-les-evenements-davril-3\/#breadcrumb\"},\"inLanguage\":\"fr-FR\",\"potentialAction\":[{\"@type\":\"ReadAction\",\"target\":[\"https:\/\/newsestlyonnais.fr\/site\/2024\/04\/02\/miribel-les-evenements-davril-3\/\"]}]},{\"@type\":\"ImageObject\",\"inLanguage\":\"fr-FR\",\"@id\":\"https:\/\/newsestlyonnais.fr\/site\/2024\/04\/02\/miribel-les-evenements-davril-3\/#primaryimage\",\"url\":\"https:\/\/newsestlyonnais.fr\/site\/wp-content\/uploads\/2022\/10\/20220513_084141.jpg\",\"contentUrl\":\"https:\/\/newsestlyonnais.fr\/site\/wp-content\/uploads\/2022\/10\/20220513_084141.jpg\",\"width\":1200,\"height\":675},{\"@type\":\"BreadcrumbList\",\"@id\":\"https:\/\/newsestlyonnais.fr\/site\/2024\/04\/02\/miribel-les-evenements-davril-3\/#breadcrumb\",\"itemListElement\":[{\"@type\":\"ListItem\",\"position\":1,\"name\":\"Accueil\",\"item\":\"https:\/\/newsestlyonnais.fr\/site\/\"},{\"@type\":\"ListItem\",\"position\":2,\"name\":\"MIRIBEL | Les \u00e9v\u00e8nements d&rsquo;avril\"}]},{\"@type\":\"WebSite\",\"@id\":\"https:\/\/newsestlyonnais.fr\/site\/#website\",\"url\":\"https:\/\/newsestlyonnais.fr\/site\/\",\"name\":\"News Est Lyonnais\",\"description\":\"L&#039;actualit\u00e9 au plus pr\u00e8s\",\"publisher\":{\"@id\":\"https:\/\/newsestlyonnais.fr\/site\/#organization\"},\"potentialAction\":[{\"@type\":\"SearchAction\",\"target\":{\"@type\":\"EntryPoint\",\"urlTemplate\":\"https:\/\/newsestlyonnais.fr\/site\/?s={search_term_string}\"},\"query-input\":{\"@type\":\"PropertyValueSpecification\",\"valueRequired\":true,\"valueName\":\"search_term_string\"}}],\"inLanguage\":\"fr-FR\"},{\"@type\":\"Organization\",\"@id\":\"https:\/\/newsestlyonnais.fr\/site\/#organization\",\"name\":\"News EST LYONNAIS\",\"url\":\"https:\/\/newsestlyonnais.fr\/site\/\",\"logo\":{\"@type\":\"ImageObject\",\"inLanguage\":\"fr-FR\",\"@id\":\"https:\/\/newsestlyonnais.fr\/site\/#\/schema\/logo\/image\/\",\"url\":\"\",\"contentUrl\":\"\",\"caption\":\"News EST LYONNAIS\"},\"image\":{\"@id\":\"https:\/\/newsestlyonnais.fr\/site\/#\/schema\/logo\/image\/\"}},{\"@type\":\"Person\",\"@id\":\"https:\/\/newsestlyonnais.fr\/site\/#\/schema\/person\/3230d5615f390bb808365d673001e887\",\"name\":\"R\u00e9dac. NEWS\",\"sameAs\":[\"http:\/\/www.newsestlyonnais.fr\",\"https:\/\/www.facebook.com\/pascal.oberson.1?fref=ts\",\"https:\/\/fr.linkedin.com\/in\/pascal-oberson-b17045113\"],\"url\":\"https:\/\/newsestlyonnais.fr\/site\/author\/nel\/\"}]}<\/script>\n<!-- \/ Yoast SEO plugin. -->","yoast_head_json":{"title":"MIRIBEL | Les \u00e9v\u00e8nements d'avril - News Est Lyonnais","description":"MIRIBEL | Les \u00e9v\u00e8nements d'avril","robots":{"index":"index","follow":"follow","max-snippet":"max-snippet:-1","max-image-preview":"max-image-preview:large","max-video-preview":"max-video-preview:-1"},"canonical":"https:\/\/newsestlyonnais.fr\/site\/2024\/04\/02\/miribel-les-evenements-davril-3\/","og_locale":"fr_FR","og_type":"article","og_title":"MIRIBEL | Les \u00e9v\u00e8nements d'avril - News Est Lyonnais","og_description":"MIRIBEL | Les \u00e9v\u00e8nements d'avril","og_url":"https:\/\/newsestlyonnais.fr\/site\/2024\/04\/02\/miribel-les-evenements-davril-3\/","og_site_name":"News Est Lyonnais","article_author":"https:\/\/www.facebook.com\/pascal.oberson.1?fref=ts","article_published_time":"2024-04-02T04:14:47+00:00","article_modified_time":"2024-04-02T04:15:48+00:00","og_image":[{"width":1200,"height":675,"url":"https:\/\/newsestlyonnais.fr\/site\/wp-content\/uploads\/2022\/10\/20220513_084141.jpg","type":"image\/jpeg"}],"author":"R\u00e9dac. NEWS","twitter_card":"summary_large_image","twitter_misc":{"\u00c9crit par":"R\u00e9dac. NEWS","Dur\u00e9e de lecture estim\u00e9e":"2 minutes"},"schema":{"@context":"https:\/\/schema.org","@graph":[{"@type":"Article","@id":"https:\/\/newsestlyonnais.fr\/site\/2024\/04\/02\/miribel-les-evenements-davril-3\/#article","isPartOf":{"@id":"https:\/\/newsestlyonnais.fr\/site\/2024\/04\/02\/miribel-les-evenements-davril-3\/"},"author":{"name":"R\u00e9dac. NEWS","@id":"https:\/\/newsestlyonnais.fr\/site\/#\/schema\/person\/3230d5615f390bb808365d673001e887"},"headline":"MIRIBEL | Les \u00e9v\u00e8nements d&rsquo;avril","datePublished":"2024-04-02T04:14:47+00:00","dateModified":"2024-04-02T04:15:48+00:00","mainEntityOfPage":{"@id":"https:\/\/newsestlyonnais.fr\/site\/2024\/04\/02\/miribel-les-evenements-davril-3\/"},"wordCount":278,"commentCount":0,"publisher":{"@id":"https:\/\/newsestlyonnais.fr\/site\/#organization"},"image":{"@id":"https:\/\/newsestlyonnais.fr\/site\/2024\/04\/02\/miribel-les-evenements-davril-3\/#primaryimage"},"thumbnailUrl":"https:\/\/newsestlyonnais.fr\/site\/wp-content\/uploads\/2022\/10\/20220513_084141.jpg","keywords":["AGENDA","EVENEMENTS","MIRIBEL"],"articleSection":["Ain (01)","Ain | Is\u00e8re","Que de br\u00e8ves ..."],"inLanguage":"fr-FR","potentialAction":[{"@type":"CommentAction","name":"Comment","target":["https:\/\/newsestlyonnais.fr\/site\/2024\/04\/02\/miribel-les-evenements-davril-3\/#respond"]}]},{"@type":"WebPage","@id":"https:\/\/newsestlyonnais.fr\/site\/2024\/04\/02\/miribel-les-evenements-davril-3\/","url":"https:\/\/newsestlyonnais.fr\/site\/2024\/04\/02\/miribel-les-evenements-davril-3\/","name":"MIRIBEL | Les \u00e9v\u00e8nements d'avril - News Est Lyonnais","isPartOf":{"@id":"https:\/\/newsestlyonnais.fr\/site\/#website"},"primaryImageOfPage":{"@id":"https:\/\/newsestlyonnais.fr\/site\/2024\/04\/02\/miribel-les-evenements-davril-3\/#primaryimage"},"image":{"@id":"https:\/\/newsestlyonnais.fr\/site\/2024\/04\/02\/miribel-les-evenements-davril-3\/#primaryimage"},"thumbnailUrl":"https:\/\/newsestlyonnais.fr\/site\/wp-content\/uploads\/2022\/10\/20220513_084141.jpg","datePublished":"2024-04-02T04:14:47+00:00","dateModified":"2024-04-02T04:15:48+00:00","description":"MIRIBEL | Les \u00e9v\u00e8nements d'avril","breadcrumb":{"@id":"https:\/\/newsestlyonnais.fr\/site\/2024\/04\/02\/miribel-les-evenements-davril-3\/#breadcrumb"},"inLanguage":"fr-FR","potentialAction":[{"@type":"ReadAction","target":["https:\/\/newsestlyonnais.fr\/site\/2024\/04\/02\/miribel-les-evenements-davril-3\/"]}]},{"@type":"ImageObject","inLanguage":"fr-FR","@id":"https:\/\/newsestlyonnais.fr\/site\/2024\/04\/02\/miribel-les-evenements-davril-3\/#primaryimage","url":"https:\/\/newsestlyonnais.fr\/site\/wp-content\/uploads\/2022\/10\/20220513_084141.jpg","contentUrl":"https:\/\/newsestlyonnais.fr\/site\/wp-content\/uploads\/2022\/10\/20220513_084141.jpg","width":1200,"height":675},{"@type":"BreadcrumbList","@id":"https:\/\/newsestlyonnais.fr\/site\/2024\/04\/02\/miribel-les-evenements-davril-3\/#breadcrumb","itemListElement":[{"@type":"ListItem","position":1,"name":"Accueil","item":"https:\/\/newsestlyonnais.fr\/site\/"},{"@type":"ListItem","position":2,"name":"MIRIBEL | Les \u00e9v\u00e8nements d&rsquo;avril"}]},{"@type":"WebSite","@id":"https:\/\/newsestlyonnais.fr\/site\/#website","url":"https:\/\/newsestlyonnais.fr\/site\/","name":"News Est Lyonnais","description":"L&#039;actualit\u00e9 au plus pr\u00e8s","publisher":{"@id":"https:\/\/newsestlyonnais.fr\/site\/#organization"},"potentialAction":[{"@type":"SearchAction","target":{"@type":"EntryPoint","urlTemplate":"https:\/\/newsestlyonnais.fr\/site\/?s={search_term_string}"},"query-input":{"@type":"PropertyValueSpecification","valueRequired":true,"valueName":"search_term_string"}}],"inLanguage":"fr-FR"},{"@type":"Organization","@id":"https:\/\/newsestlyonnais.fr\/site\/#organization","name":"News EST LYONNAIS","url":"https:\/\/newsestlyonnais.fr\/site\/","logo":{"@type":"ImageObject","inLanguage":"fr-FR","@id":"https:\/\/newsestlyonnais.fr\/site\/#\/schema\/logo\/image\/","url":"","contentUrl":"","caption":"News EST LYONNAIS"},"image":{"@id":"https:\/\/newsestlyonnais.fr\/site\/#\/schema\/logo\/image\/"}},{"@type":"Person","@id":"https:\/\/newsestlyonnais.fr\/site\/#\/schema\/person\/3230d5615f390bb808365d673001e887","name":"R\u00e9dac. NEWS","sameAs":["http:\/\/www.newsestlyonnais.fr","https:\/\/www.facebook.com\/pascal.oberson.1?fref=ts","https:\/\/fr.linkedin.com\/in\/pascal-oberson-b17045113"],"url":"https:\/\/newsestlyonnais.fr\/site\/author\/nel\/"}]}},"_links":{"self":[{"href":"https:\/\/newsestlyonnais.fr\/site\/wp-json\/wp\/v2\/posts\/202537","targetHints":{"allow":["GET"]}}],"collection":[{"href":"https:\/\/newsestlyonnais.fr\/site\/wp-json\/wp\/v2\/posts"}],"about":[{"href":"https:\/\/newsestlyonnais.fr\/site\/wp-json\/wp\/v2\/types\/post"}],"author":[{"embeddable":true,"href":"https:\/\/newsestlyonnais.fr\/site\/wp-json\/wp\/v2\/users\/4"}],"replies":[{"embeddable":true,"href":"https:\/\/newsestlyonnais.fr\/site\/wp-json\/wp\/v2\/comments?post=202537"}],"version-history":[{"count":0,"href":"https:\/\/newsestlyonnais.fr\/site\/wp-json\/wp\/v2\/posts\/202537\/revisions"}],"wp:featuredmedia":[{"embeddable":true,"href":"https:\/\/newsestlyonnais.fr\/site\/wp-json\/wp\/v2\/media\/167151"}],"wp:attachment":[{"href":"https:\/\/newsestlyonnais.fr\/site\/wp-json\/wp\/v2\/media?parent=202537"}],"wp:term":[{"taxonomy":"category","embeddable":true,"href":"https:\/\/newsestlyonnais.fr\/site\/wp-json\/wp\/v2\/categories?post=202537"},{"taxonomy":"post_tag","embeddable":true,"href":"https:\/\/newsestlyonnais.fr\/site\/wp-json\/wp\/v2\/tags?post=202537"}],"curies":[{"name":"wp","href":"https:\/\/api.w.org\/{rel}","templated":true}]}}