{"id":20254,"date":"2017-02-04T07:41:50","date_gmt":"2017-02-04T06:41:50","guid":{"rendered":"http:\/\/newsestlyonnais.fr\/site\/?p=20254"},"modified":"2020-11-03T15:57:57","modified_gmt":"2020-11-03T14:57:57","slug":"lal-meyzieu-basket-signe-partenariat-lenseigne-leclerc","status":"publish","type":"post","link":"https:\/\/newsestlyonnais.fr\/site\/2017\/02\/04\/lal-meyzieu-basket-signe-partenariat-lenseigne-leclerc\/","title":{"rendered":"L&rsquo;AL Meyzieu Basket signe un partenariat avec l&rsquo;enseigne Leclerc"},"content":{"rendered":"<h4>Dans le cadre de son d\u00e9veloppement , l&rsquo;AL Meyzieu Basket pr\u00e9sid\u00e9 par Laurence Lagarde vient de concr\u00e9tiser un bel accord avec une grande enseigne majolane.<\/h4>\n<p>Un partenariat a en effet \u00e9t\u00e9 sign\u00e9 mardi apr\u00e8s-midi entre le club de basket, repr\u00e9sent\u00e9 par Philippe Fortin (responsable commission communication &amp; partenariat) et Leclerc Meyzieu par son directeur Julien Boulanger.<\/p>\n<p>Une convention sign\u00e9e pour 3 ans et dont l&rsquo;initiative revient \u00e0 Alain Landais PDG des magasins de Meyzieu et Bourg en Bresse comme Adh\u00e9rent de l&rsquo;enseigne Leclerc.<\/p>\n<p>\u00ab\u00a0On est tr\u00e8s heureux d&rsquo;\u00eatre le premier partenaire officiel du club et on souhaitait rester dans le tissu local. On soutient d\u00e9j\u00e0 en effet d&rsquo;autres clubs sportifs locaux (rugby et foot)\u00a0\u00bb confiait Julien Boulanger, \u00e0 l&rsquo;issue de la signature de cet accord.<\/p>\n<p>\u00ab\u00a0Avec la nouvelle \u00e9quipe dirigeante, on reste sur notre dimension et projet sportif de viser, en trois ans, la mont\u00e9e de nos \u00e9quipes fanions, en N3 (f\u00e9minine) et en R1\u00a0 (masculine). On veut ainsi cr\u00e9er un nouveau cercle de partenaires locaux afin que le tissu \u00e9conomique et social majolan\u00a0soit notre principal soutien et dynamique pour partager ensemble, nos valeurs autour du basket-bal\u00a0\u00bb indique Philippe Fortin.<\/p>\n<p><span style=\"text-decoration: underline\"><strong>PHOTO A LA UNE<\/strong><\/span> : de gauche \u00e0 droite: Philippe Fortin (AL Meyzieu Basket) &amp; Julien Boulanger (Leclerc Meyzieu).<\/p>\n","protected":false},"excerpt":{"rendered":"<p>Dans le cadre de son d\u00e9veloppement , l&rsquo;AL Meyzieu Basket pr\u00e9sid\u00e9 par Laurence Lagarde vient de concr\u00e9tiser un bel accord avec une grande enseigne majolane. Un partenariat a en effet \u00e9t\u00e9 sign\u00e9 mardi apr\u00e8s-midi entre le club de basket, repr\u00e9sent\u00e9 par Philippe Fortin (responsable commission communication &amp; partenariat) et Leclerc Meyzieu par son directeur Julien [&hellip;]<\/p>\n","protected":false},"author":4,"featured_media":20256,"comment_status":"open","ping_status":"open","sticky":false,"template":"","format":"standard","meta":{"footnotes":""},"categories":[2970,1357,2975,1358,24],"tags":[],"class_list":["post-20254","post","type-post","status-publish","format-standard","has-post-thumbnail","hentry","category-artisans-commerces-economie","category-basket","category-basket-hand-volley-sports","category-hand","category-meyzieu"],"yoast_head":"<!-- This site is optimized with the Yoast SEO plugin v27.2 - https:\/\/yoast.com\/product\/yoast-seo-wordpress\/ -->\n<title>L&#039;AL Meyzieu Basket signe un partenariat avec l&#039;enseigne Leclerc - News Est Lyonnais<\/title>\n<meta name=\"robots\" content=\"index, follow, max-snippet:-1, max-image-preview:large, max-video-preview:-1\" \/>\n<link rel=\"canonical\" href=\"https:\/\/newsestlyonnais.fr\/site\/2017\/02\/04\/lal-meyzieu-basket-signe-partenariat-lenseigne-leclerc\/\" \/>\n<meta property=\"og:locale\" content=\"fr_FR\" \/>\n<meta property=\"og:type\" content=\"article\" \/>\n<meta property=\"og:title\" content=\"L&#039;AL Meyzieu Basket signe un partenariat avec l&#039;enseigne Leclerc - News Est Lyonnais\" \/>\n<meta property=\"og:description\" content=\"Dans le cadre de son d\u00e9veloppement , l&rsquo;AL Meyzieu Basket pr\u00e9sid\u00e9 par Laurence Lagarde vient de concr\u00e9tiser un bel accord avec une grande enseigne majolane. Un partenariat a en effet \u00e9t\u00e9 sign\u00e9 mardi apr\u00e8s-midi entre le club de basket, repr\u00e9sent\u00e9 par Philippe Fortin (responsable commission communication &amp; partenariat) et Leclerc Meyzieu par son directeur Julien [&hellip;]\" \/>\n<meta property=\"og:url\" content=\"https:\/\/newsestlyonnais.fr\/site\/2017\/02\/04\/lal-meyzieu-basket-signe-partenariat-lenseigne-leclerc\/\" \/>\n<meta property=\"og:site_name\" content=\"News Est Lyonnais\" \/>\n<meta property=\"article:author\" content=\"https:\/\/www.facebook.com\/pascal.oberson.1?fref=ts\" \/>\n<meta property=\"article:published_time\" content=\"2017-02-04T06:41:50+00:00\" \/>\n<meta property=\"article:modified_time\" content=\"2020-11-03T14:57:57+00:00\" \/>\n<meta property=\"og:image\" content=\"https:\/\/i0.wp.com\/newsestlyonnais.fr\/site\/wp-content\/uploads\/2017\/02\/NEWSESTLYONNAIS-PARTEN-AL-M-BASKET-ET-LECLERC.jpg?fit=1000%2C750&ssl=1\" \/>\n\t<meta property=\"og:image:width\" content=\"1000\" \/>\n\t<meta property=\"og:image:height\" content=\"750\" \/>\n\t<meta property=\"og:image:type\" content=\"image\/jpeg\" \/>\n<meta name=\"author\" content=\"R\u00e9dac. NEWS\" \/>\n<meta name=\"twitter:card\" content=\"summary_large_image\" \/>\n<meta name=\"twitter:label1\" content=\"\u00c9crit par\" \/>\n\t<meta name=\"twitter:data1\" content=\"R\u00e9dac. NEWS\" \/>\n\t<meta name=\"twitter:label2\" content=\"Dur\u00e9e de lecture estim\u00e9e\" \/>\n\t<meta name=\"twitter:data2\" content=\"1 minute\" \/>\n<script type=\"application\/ld+json\" class=\"yoast-schema-graph\">{\"@context\":\"https:\/\/schema.org\",\"@graph\":[{\"@type\":\"Article\",\"@id\":\"https:\/\/newsestlyonnais.fr\/site\/2017\/02\/04\/lal-meyzieu-basket-signe-partenariat-lenseigne-leclerc\/#article\",\"isPartOf\":{\"@id\":\"https:\/\/newsestlyonnais.fr\/site\/2017\/02\/04\/lal-meyzieu-basket-signe-partenariat-lenseigne-leclerc\/\"},\"author\":{\"name\":\"R\u00e9dac. NEWS\",\"@id\":\"https:\/\/newsestlyonnais.fr\/site\/#\/schema\/person\/3230d5615f390bb808365d673001e887\"},\"headline\":\"L&rsquo;AL Meyzieu Basket signe un partenariat avec l&rsquo;enseigne Leclerc\",\"datePublished\":\"2017-02-04T06:41:50+00:00\",\"dateModified\":\"2020-11-03T14:57:57+00:00\",\"mainEntityOfPage\":{\"@id\":\"https:\/\/newsestlyonnais.fr\/site\/2017\/02\/04\/lal-meyzieu-basket-signe-partenariat-lenseigne-leclerc\/\"},\"wordCount\":233,\"commentCount\":0,\"publisher\":{\"@id\":\"https:\/\/newsestlyonnais.fr\/site\/#organization\"},\"image\":{\"@id\":\"https:\/\/newsestlyonnais.fr\/site\/2017\/02\/04\/lal-meyzieu-basket-signe-partenariat-lenseigne-leclerc\/#primaryimage\"},\"thumbnailUrl\":\"https:\/\/newsestlyonnais.fr\/site\/wp-content\/uploads\/2017\/02\/NEWSESTLYONNAIS-PARTEN-AL-M-BASKET-ET-LECLERC.jpg\",\"articleSection\":[\"Artisans | Commerces\",\"Basket\",\"Basket | Hand | Volley\",\"Hand\",\"Meyzieu\"],\"inLanguage\":\"fr-FR\",\"potentialAction\":[{\"@type\":\"CommentAction\",\"name\":\"Comment\",\"target\":[\"https:\/\/newsestlyonnais.fr\/site\/2017\/02\/04\/lal-meyzieu-basket-signe-partenariat-lenseigne-leclerc\/#respond\"]}]},{\"@type\":\"WebPage\",\"@id\":\"https:\/\/newsestlyonnais.fr\/site\/2017\/02\/04\/lal-meyzieu-basket-signe-partenariat-lenseigne-leclerc\/\",\"url\":\"https:\/\/newsestlyonnais.fr\/site\/2017\/02\/04\/lal-meyzieu-basket-signe-partenariat-lenseigne-leclerc\/\",\"name\":\"L'AL Meyzieu Basket signe un partenariat avec l'enseigne Leclerc - News Est Lyonnais\",\"isPartOf\":{\"@id\":\"https:\/\/newsestlyonnais.fr\/site\/#website\"},\"primaryImageOfPage\":{\"@id\":\"https:\/\/newsestlyonnais.fr\/site\/2017\/02\/04\/lal-meyzieu-basket-signe-partenariat-lenseigne-leclerc\/#primaryimage\"},\"image\":{\"@id\":\"https:\/\/newsestlyonnais.fr\/site\/2017\/02\/04\/lal-meyzieu-basket-signe-partenariat-lenseigne-leclerc\/#primaryimage\"},\"thumbnailUrl\":\"https:\/\/newsestlyonnais.fr\/site\/wp-content\/uploads\/2017\/02\/NEWSESTLYONNAIS-PARTEN-AL-M-BASKET-ET-LECLERC.jpg\",\"datePublished\":\"2017-02-04T06:41:50+00:00\",\"dateModified\":\"2020-11-03T14:57:57+00:00\",\"breadcrumb\":{\"@id\":\"https:\/\/newsestlyonnais.fr\/site\/2017\/02\/04\/lal-meyzieu-basket-signe-partenariat-lenseigne-leclerc\/#breadcrumb\"},\"inLanguage\":\"fr-FR\",\"potentialAction\":[{\"@type\":\"ReadAction\",\"target\":[\"https:\/\/newsestlyonnais.fr\/site\/2017\/02\/04\/lal-meyzieu-basket-signe-partenariat-lenseigne-leclerc\/\"]}]},{\"@type\":\"ImageObject\",\"inLanguage\":\"fr-FR\",\"@id\":\"https:\/\/newsestlyonnais.fr\/site\/2017\/02\/04\/lal-meyzieu-basket-signe-partenariat-lenseigne-leclerc\/#primaryimage\",\"url\":\"https:\/\/newsestlyonnais.fr\/site\/wp-content\/uploads\/2017\/02\/NEWSESTLYONNAIS-PARTEN-AL-M-BASKET-ET-LECLERC.jpg\",\"contentUrl\":\"https:\/\/newsestlyonnais.fr\/site\/wp-content\/uploads\/2017\/02\/NEWSESTLYONNAIS-PARTEN-AL-M-BASKET-ET-LECLERC.jpg\",\"width\":1000,\"height\":750,\"caption\":\"NEWSESTLYONNAIS PARTEN AL M BASKET ET LECLERC\"},{\"@type\":\"BreadcrumbList\",\"@id\":\"https:\/\/newsestlyonnais.fr\/site\/2017\/02\/04\/lal-meyzieu-basket-signe-partenariat-lenseigne-leclerc\/#breadcrumb\",\"itemListElement\":[{\"@type\":\"ListItem\",\"position\":1,\"name\":\"Accueil\",\"item\":\"https:\/\/newsestlyonnais.fr\/site\/\"},{\"@type\":\"ListItem\",\"position\":2,\"name\":\"L&rsquo;AL Meyzieu Basket signe un partenariat avec l&rsquo;enseigne Leclerc\"}]},{\"@type\":\"WebSite\",\"@id\":\"https:\/\/newsestlyonnais.fr\/site\/#website\",\"url\":\"https:\/\/newsestlyonnais.fr\/site\/\",\"name\":\"News Est Lyonnais\",\"description\":\"L&#039;actualit\u00e9 au plus pr\u00e8s\",\"publisher\":{\"@id\":\"https:\/\/newsestlyonnais.fr\/site\/#organization\"},\"potentialAction\":[{\"@type\":\"SearchAction\",\"target\":{\"@type\":\"EntryPoint\",\"urlTemplate\":\"https:\/\/newsestlyonnais.fr\/site\/?s={search_term_string}\"},\"query-input\":{\"@type\":\"PropertyValueSpecification\",\"valueRequired\":true,\"valueName\":\"search_term_string\"}}],\"inLanguage\":\"fr-FR\"},{\"@type\":\"Organization\",\"@id\":\"https:\/\/newsestlyonnais.fr\/site\/#organization\",\"name\":\"News EST LYONNAIS\",\"url\":\"https:\/\/newsestlyonnais.fr\/site\/\",\"logo\":{\"@type\":\"ImageObject\",\"inLanguage\":\"fr-FR\",\"@id\":\"https:\/\/newsestlyonnais.fr\/site\/#\/schema\/logo\/image\/\",\"url\":\"\",\"contentUrl\":\"\",\"caption\":\"News EST LYONNAIS\"},\"image\":{\"@id\":\"https:\/\/newsestlyonnais.fr\/site\/#\/schema\/logo\/image\/\"}},{\"@type\":\"Person\",\"@id\":\"https:\/\/newsestlyonnais.fr\/site\/#\/schema\/person\/3230d5615f390bb808365d673001e887\",\"name\":\"R\u00e9dac. NEWS\",\"sameAs\":[\"http:\/\/www.newsestlyonnais.fr\",\"https:\/\/www.facebook.com\/pascal.oberson.1?fref=ts\",\"https:\/\/fr.linkedin.com\/in\/pascal-oberson-b17045113\"],\"url\":\"https:\/\/newsestlyonnais.fr\/site\/author\/nel\/\"}]}<\/script>\n<!-- \/ Yoast SEO plugin. -->","yoast_head_json":{"title":"L'AL Meyzieu Basket signe un partenariat avec l'enseigne Leclerc - News Est Lyonnais","robots":{"index":"index","follow":"follow","max-snippet":"max-snippet:-1","max-image-preview":"max-image-preview:large","max-video-preview":"max-video-preview:-1"},"canonical":"https:\/\/newsestlyonnais.fr\/site\/2017\/02\/04\/lal-meyzieu-basket-signe-partenariat-lenseigne-leclerc\/","og_locale":"fr_FR","og_type":"article","og_title":"L'AL Meyzieu Basket signe un partenariat avec l'enseigne Leclerc - News Est Lyonnais","og_description":"Dans le cadre de son d\u00e9veloppement , l&rsquo;AL Meyzieu Basket pr\u00e9sid\u00e9 par Laurence Lagarde vient de concr\u00e9tiser un bel accord avec une grande enseigne majolane. Un partenariat a en effet \u00e9t\u00e9 sign\u00e9 mardi apr\u00e8s-midi entre le club de basket, repr\u00e9sent\u00e9 par Philippe Fortin (responsable commission communication &amp; partenariat) et Leclerc Meyzieu par son directeur Julien [&hellip;]","og_url":"https:\/\/newsestlyonnais.fr\/site\/2017\/02\/04\/lal-meyzieu-basket-signe-partenariat-lenseigne-leclerc\/","og_site_name":"News Est Lyonnais","article_author":"https:\/\/www.facebook.com\/pascal.oberson.1?fref=ts","article_published_time":"2017-02-04T06:41:50+00:00","article_modified_time":"2020-11-03T14:57:57+00:00","og_image":[{"width":1000,"height":750,"url":"https:\/\/i0.wp.com\/newsestlyonnais.fr\/site\/wp-content\/uploads\/2017\/02\/NEWSESTLYONNAIS-PARTEN-AL-M-BASKET-ET-LECLERC.jpg?fit=1000%2C750&ssl=1","type":"image\/jpeg"}],"author":"R\u00e9dac. NEWS","twitter_card":"summary_large_image","twitter_misc":{"\u00c9crit par":"R\u00e9dac. NEWS","Dur\u00e9e de lecture estim\u00e9e":"1 minute"},"schema":{"@context":"https:\/\/schema.org","@graph":[{"@type":"Article","@id":"https:\/\/newsestlyonnais.fr\/site\/2017\/02\/04\/lal-meyzieu-basket-signe-partenariat-lenseigne-leclerc\/#article","isPartOf":{"@id":"https:\/\/newsestlyonnais.fr\/site\/2017\/02\/04\/lal-meyzieu-basket-signe-partenariat-lenseigne-leclerc\/"},"author":{"name":"R\u00e9dac. NEWS","@id":"https:\/\/newsestlyonnais.fr\/site\/#\/schema\/person\/3230d5615f390bb808365d673001e887"},"headline":"L&rsquo;AL Meyzieu Basket signe un partenariat avec l&rsquo;enseigne Leclerc","datePublished":"2017-02-04T06:41:50+00:00","dateModified":"2020-11-03T14:57:57+00:00","mainEntityOfPage":{"@id":"https:\/\/newsestlyonnais.fr\/site\/2017\/02\/04\/lal-meyzieu-basket-signe-partenariat-lenseigne-leclerc\/"},"wordCount":233,"commentCount":0,"publisher":{"@id":"https:\/\/newsestlyonnais.fr\/site\/#organization"},"image":{"@id":"https:\/\/newsestlyonnais.fr\/site\/2017\/02\/04\/lal-meyzieu-basket-signe-partenariat-lenseigne-leclerc\/#primaryimage"},"thumbnailUrl":"https:\/\/newsestlyonnais.fr\/site\/wp-content\/uploads\/2017\/02\/NEWSESTLYONNAIS-PARTEN-AL-M-BASKET-ET-LECLERC.jpg","articleSection":["Artisans | Commerces","Basket","Basket | Hand | Volley","Hand","Meyzieu"],"inLanguage":"fr-FR","potentialAction":[{"@type":"CommentAction","name":"Comment","target":["https:\/\/newsestlyonnais.fr\/site\/2017\/02\/04\/lal-meyzieu-basket-signe-partenariat-lenseigne-leclerc\/#respond"]}]},{"@type":"WebPage","@id":"https:\/\/newsestlyonnais.fr\/site\/2017\/02\/04\/lal-meyzieu-basket-signe-partenariat-lenseigne-leclerc\/","url":"https:\/\/newsestlyonnais.fr\/site\/2017\/02\/04\/lal-meyzieu-basket-signe-partenariat-lenseigne-leclerc\/","name":"L'AL Meyzieu Basket signe un partenariat avec l'enseigne Leclerc - News Est Lyonnais","isPartOf":{"@id":"https:\/\/newsestlyonnais.fr\/site\/#website"},"primaryImageOfPage":{"@id":"https:\/\/newsestlyonnais.fr\/site\/2017\/02\/04\/lal-meyzieu-basket-signe-partenariat-lenseigne-leclerc\/#primaryimage"},"image":{"@id":"https:\/\/newsestlyonnais.fr\/site\/2017\/02\/04\/lal-meyzieu-basket-signe-partenariat-lenseigne-leclerc\/#primaryimage"},"thumbnailUrl":"https:\/\/newsestlyonnais.fr\/site\/wp-content\/uploads\/2017\/02\/NEWSESTLYONNAIS-PARTEN-AL-M-BASKET-ET-LECLERC.jpg","datePublished":"2017-02-04T06:41:50+00:00","dateModified":"2020-11-03T14:57:57+00:00","breadcrumb":{"@id":"https:\/\/newsestlyonnais.fr\/site\/2017\/02\/04\/lal-meyzieu-basket-signe-partenariat-lenseigne-leclerc\/#breadcrumb"},"inLanguage":"fr-FR","potentialAction":[{"@type":"ReadAction","target":["https:\/\/newsestlyonnais.fr\/site\/2017\/02\/04\/lal-meyzieu-basket-signe-partenariat-lenseigne-leclerc\/"]}]},{"@type":"ImageObject","inLanguage":"fr-FR","@id":"https:\/\/newsestlyonnais.fr\/site\/2017\/02\/04\/lal-meyzieu-basket-signe-partenariat-lenseigne-leclerc\/#primaryimage","url":"https:\/\/newsestlyonnais.fr\/site\/wp-content\/uploads\/2017\/02\/NEWSESTLYONNAIS-PARTEN-AL-M-BASKET-ET-LECLERC.jpg","contentUrl":"https:\/\/newsestlyonnais.fr\/site\/wp-content\/uploads\/2017\/02\/NEWSESTLYONNAIS-PARTEN-AL-M-BASKET-ET-LECLERC.jpg","width":1000,"height":750,"caption":"NEWSESTLYONNAIS PARTEN AL M BASKET ET LECLERC"},{"@type":"BreadcrumbList","@id":"https:\/\/newsestlyonnais.fr\/site\/2017\/02\/04\/lal-meyzieu-basket-signe-partenariat-lenseigne-leclerc\/#breadcrumb","itemListElement":[{"@type":"ListItem","position":1,"name":"Accueil","item":"https:\/\/newsestlyonnais.fr\/site\/"},{"@type":"ListItem","position":2,"name":"L&rsquo;AL Meyzieu Basket signe un partenariat avec l&rsquo;enseigne Leclerc"}]},{"@type":"WebSite","@id":"https:\/\/newsestlyonnais.fr\/site\/#website","url":"https:\/\/newsestlyonnais.fr\/site\/","name":"News Est Lyonnais","description":"L&#039;actualit\u00e9 au plus pr\u00e8s","publisher":{"@id":"https:\/\/newsestlyonnais.fr\/site\/#organization"},"potentialAction":[{"@type":"SearchAction","target":{"@type":"EntryPoint","urlTemplate":"https:\/\/newsestlyonnais.fr\/site\/?s={search_term_string}"},"query-input":{"@type":"PropertyValueSpecification","valueRequired":true,"valueName":"search_term_string"}}],"inLanguage":"fr-FR"},{"@type":"Organization","@id":"https:\/\/newsestlyonnais.fr\/site\/#organization","name":"News EST LYONNAIS","url":"https:\/\/newsestlyonnais.fr\/site\/","logo":{"@type":"ImageObject","inLanguage":"fr-FR","@id":"https:\/\/newsestlyonnais.fr\/site\/#\/schema\/logo\/image\/","url":"","contentUrl":"","caption":"News EST LYONNAIS"},"image":{"@id":"https:\/\/newsestlyonnais.fr\/site\/#\/schema\/logo\/image\/"}},{"@type":"Person","@id":"https:\/\/newsestlyonnais.fr\/site\/#\/schema\/person\/3230d5615f390bb808365d673001e887","name":"R\u00e9dac. NEWS","sameAs":["http:\/\/www.newsestlyonnais.fr","https:\/\/www.facebook.com\/pascal.oberson.1?fref=ts","https:\/\/fr.linkedin.com\/in\/pascal-oberson-b17045113"],"url":"https:\/\/newsestlyonnais.fr\/site\/author\/nel\/"}]}},"_links":{"self":[{"href":"https:\/\/newsestlyonnais.fr\/site\/wp-json\/wp\/v2\/posts\/20254","targetHints":{"allow":["GET"]}}],"collection":[{"href":"https:\/\/newsestlyonnais.fr\/site\/wp-json\/wp\/v2\/posts"}],"about":[{"href":"https:\/\/newsestlyonnais.fr\/site\/wp-json\/wp\/v2\/types\/post"}],"author":[{"embeddable":true,"href":"https:\/\/newsestlyonnais.fr\/site\/wp-json\/wp\/v2\/users\/4"}],"replies":[{"embeddable":true,"href":"https:\/\/newsestlyonnais.fr\/site\/wp-json\/wp\/v2\/comments?post=20254"}],"version-history":[{"count":0,"href":"https:\/\/newsestlyonnais.fr\/site\/wp-json\/wp\/v2\/posts\/20254\/revisions"}],"wp:featuredmedia":[{"embeddable":true,"href":"https:\/\/newsestlyonnais.fr\/site\/wp-json\/wp\/v2\/media\/20256"}],"wp:attachment":[{"href":"https:\/\/newsestlyonnais.fr\/site\/wp-json\/wp\/v2\/media?parent=20254"}],"wp:term":[{"taxonomy":"category","embeddable":true,"href":"https:\/\/newsestlyonnais.fr\/site\/wp-json\/wp\/v2\/categories?post=20254"},{"taxonomy":"post_tag","embeddable":true,"href":"https:\/\/newsestlyonnais.fr\/site\/wp-json\/wp\/v2\/tags?post=20254"}],"curies":[{"name":"wp","href":"https:\/\/api.w.org\/{rel}","templated":true}]}}