{"id":202704,"date":"2024-04-05T17:10:41","date_gmt":"2024-04-05T16:10:41","guid":{"rendered":"https:\/\/newsestlyonnais.fr\/site\/?p=202704"},"modified":"2024-04-16T10:42:04","modified_gmt":"2024-04-16T09:42:04","slug":"grand-lyon-un-festival-des-metiers-du-prendre-soin","status":"publish","type":"post","link":"https:\/\/newsestlyonnais.fr\/site\/2024\/04\/05\/grand-lyon-un-festival-des-metiers-du-prendre-soin\/","title":{"rendered":"GRAND-LYON | Un festival des m\u00e9tiers du prendre soin"},"content":{"rendered":"<div id=\"comp-lsoshlmb\" class=\"hFQZVn comp-lsoshlmb\" data-motion-enter=\"done\">\n<div class=\"\" data-mesh-id=\"comp-lsoshlmbinlineContent\" data-testid=\"inline-content\">\n<div data-mesh-id=\"comp-lsoshlmbinlineContent-gridContainer\" data-testid=\"mesh-container-content\">\n<div id=\"comp-lsoshln1\" class=\"HcOXKn c9GqVL QxJLC3 comp-lsoshln1 wixui-rich-text\" data-testid=\"richTextElement\" data-motion-enter=\"done\">\n<p class=\"font_0 wixui-rich-text__text\"><span class=\"wixui-rich-text__text\">L&rsquo;occasion de d<span class=\"color_36 wixui-rich-text__text\">\u00e9couvrir et tester des m\u00e9tiers qui recrute<\/span><\/span><span class=\"wixui-rich-text__text\"><span class=\"color_36 wixui-rich-text__text\">nt avec de nombreuses opportunit\u00e9s de formation et d\u2019\u00e9volution. <\/span><\/span><\/p>\n<p class=\"font_0 wixui-rich-text__text\"><span class=\"wixui-rich-text__text\"><span class=\"color_36 wixui-rich-text__text\"><strong>Plus de 80 animations ludiques gratuites et ouvertes<\/strong> \u00e0 tous autour de la petite enfance, du grand \u00e2ge, du handicap pour rencontrer les publics, \u00e9changer avec des professionnels et repartir avec plein d\u2019opportunit\u00e9s !<\/span><\/span><\/p>\n<\/div>\n<\/div>\n<\/div>\n<\/div>\n<div id=\"comp-lsoshlmf\" class=\"HcOXKn c9GqVL QxJLC3 comp-lsoshlmf wixui-rich-text\" data-testid=\"richTextElement\" data-motion-enter=\"done\">\n<hr \/>\n<p><span style=\"background-color: #000000; font-size: 18pt;\"><strong><span style=\"background-color: #000000;\"><span style=\"color: #ffffff;\">+ d&rsquo;infos sur :<\/span> <span style=\"color: #3366ff;\"><a style=\"background-color: #000000; color: #3366ff;\" href=\"https:\/\/www.metiers-du-prendre-soin.fr\">https:\/\/www.metiers-du-prendre-soin.fr<\/a><\/span><\/span><\/strong><\/span><\/p>\n<hr \/>\n<hr \/>\n<p>&nbsp;<\/p>\n<\/div>\n","protected":false},"excerpt":{"rendered":"<p>Une premi\u00e8re \u00e9dition qui se d\u00e9roulera du 8 avril au 3 mai qui mettra un coup de projecteur sur la grande diversit\u00e9 des m\u00e9tiers du prendre soin dans la M\u00e9tropole de Lyon.<\/p>\n","protected":false},"author":4,"featured_media":202697,"comment_status":"open","ping_status":"open","sticky":false,"template":"","format":"standard","meta":{"footnotes":""},"categories":[10,214,1625,4948,18,29],"tags":[2123,3181,5061],"class_list":["post-202704","post","type-post","status-publish","format-standard","has-post-thumbnail","hentry","category-emplois","category-emplois-infos-diverses","category-lyon","category-que-de-breves","category-sante-bien-etre-solidarite","category-villeurbanne","tag-festival","tag-grand-lyon","tag-metiers"],"yoast_head":"<!-- This site is optimized with the Yoast SEO plugin v27.2 - https:\/\/yoast.com\/product\/yoast-seo-wordpress\/ -->\n<title>GRAND-LYON | Un festival des m\u00e9tiers du prendre soin - News Est Lyonnais<\/title>\n<meta name=\"description\" content=\"GRAND-LYON | Un festival des m\u00e9tiers du prendre soin\" \/>\n<meta name=\"robots\" content=\"index, follow, max-snippet:-1, max-image-preview:large, max-video-preview:-1\" \/>\n<link rel=\"canonical\" href=\"https:\/\/newsestlyonnais.fr\/site\/2024\/04\/05\/grand-lyon-un-festival-des-metiers-du-prendre-soin\/\" \/>\n<meta property=\"og:locale\" content=\"fr_FR\" \/>\n<meta property=\"og:type\" content=\"article\" \/>\n<meta property=\"og:title\" content=\"GRAND-LYON | Un festival des m\u00e9tiers du prendre soin - News Est Lyonnais\" \/>\n<meta property=\"og:description\" content=\"GRAND-LYON | Un festival des m\u00e9tiers du prendre soin\" \/>\n<meta property=\"og:url\" content=\"https:\/\/newsestlyonnais.fr\/site\/2024\/04\/05\/grand-lyon-un-festival-des-metiers-du-prendre-soin\/\" \/>\n<meta property=\"og:site_name\" content=\"News Est Lyonnais\" \/>\n<meta property=\"article:author\" content=\"https:\/\/www.facebook.com\/pascal.oberson.1?fref=ts\" \/>\n<meta property=\"article:published_time\" content=\"2024-04-05T16:10:41+00:00\" \/>\n<meta property=\"article:modified_time\" content=\"2024-04-16T09:42:04+00:00\" \/>\n<meta property=\"og:image\" content=\"https:\/\/newsestlyonnais.fr\/site\/wp-content\/uploads\/2024\/04\/MDL_festival-metiers-soins-macaron-partenarial.png\" \/>\n\t<meta property=\"og:image:width\" content=\"1199\" \/>\n\t<meta property=\"og:image:height\" content=\"1200\" \/>\n\t<meta property=\"og:image:type\" content=\"image\/png\" \/>\n<meta name=\"author\" content=\"R\u00e9dac. NEWS\" \/>\n<meta name=\"twitter:card\" content=\"summary_large_image\" \/>\n<meta name=\"twitter:label1\" content=\"\u00c9crit par\" \/>\n\t<meta name=\"twitter:data1\" content=\"R\u00e9dac. NEWS\" \/>\n\t<meta name=\"twitter:label2\" content=\"Dur\u00e9e de lecture estim\u00e9e\" \/>\n\t<meta name=\"twitter:data2\" content=\"1 minute\" \/>\n<script type=\"application\/ld+json\" class=\"yoast-schema-graph\">{\"@context\":\"https:\/\/schema.org\",\"@graph\":[{\"@type\":\"Article\",\"@id\":\"https:\/\/newsestlyonnais.fr\/site\/2024\/04\/05\/grand-lyon-un-festival-des-metiers-du-prendre-soin\/#article\",\"isPartOf\":{\"@id\":\"https:\/\/newsestlyonnais.fr\/site\/2024\/04\/05\/grand-lyon-un-festival-des-metiers-du-prendre-soin\/\"},\"author\":{\"name\":\"R\u00e9dac. NEWS\",\"@id\":\"https:\/\/newsestlyonnais.fr\/site\/#\/schema\/person\/3230d5615f390bb808365d673001e887\"},\"headline\":\"GRAND-LYON | Un festival des m\u00e9tiers du prendre soin\",\"datePublished\":\"2024-04-05T16:10:41+00:00\",\"dateModified\":\"2024-04-16T09:42:04+00:00\",\"mainEntityOfPage\":{\"@id\":\"https:\/\/newsestlyonnais.fr\/site\/2024\/04\/05\/grand-lyon-un-festival-des-metiers-du-prendre-soin\/\"},\"wordCount\":73,\"commentCount\":0,\"publisher\":{\"@id\":\"https:\/\/newsestlyonnais.fr\/site\/#organization\"},\"image\":{\"@id\":\"https:\/\/newsestlyonnais.fr\/site\/2024\/04\/05\/grand-lyon-un-festival-des-metiers-du-prendre-soin\/#primaryimage\"},\"thumbnailUrl\":\"https:\/\/newsestlyonnais.fr\/site\/wp-content\/uploads\/2024\/04\/MDL_festival-metiers-soins-macaron-partenarial.png\",\"keywords\":[\"FESTIVAL\",\"GRAND LYON\",\"METIERS\"],\"articleSection\":[\"Emplois\",\"Emplois (infos diverses)\",\"Lyon\",\"Que de br\u00e8ves ...\",\"Sant\u00e9 | Bien Etre | Solidarit\u00e9\",\"Villeurbanne\"],\"inLanguage\":\"fr-FR\",\"potentialAction\":[{\"@type\":\"CommentAction\",\"name\":\"Comment\",\"target\":[\"https:\/\/newsestlyonnais.fr\/site\/2024\/04\/05\/grand-lyon-un-festival-des-metiers-du-prendre-soin\/#respond\"]}]},{\"@type\":\"WebPage\",\"@id\":\"https:\/\/newsestlyonnais.fr\/site\/2024\/04\/05\/grand-lyon-un-festival-des-metiers-du-prendre-soin\/\",\"url\":\"https:\/\/newsestlyonnais.fr\/site\/2024\/04\/05\/grand-lyon-un-festival-des-metiers-du-prendre-soin\/\",\"name\":\"GRAND-LYON | Un festival des m\u00e9tiers du prendre soin - News Est Lyonnais\",\"isPartOf\":{\"@id\":\"https:\/\/newsestlyonnais.fr\/site\/#website\"},\"primaryImageOfPage\":{\"@id\":\"https:\/\/newsestlyonnais.fr\/site\/2024\/04\/05\/grand-lyon-un-festival-des-metiers-du-prendre-soin\/#primaryimage\"},\"image\":{\"@id\":\"https:\/\/newsestlyonnais.fr\/site\/2024\/04\/05\/grand-lyon-un-festival-des-metiers-du-prendre-soin\/#primaryimage\"},\"thumbnailUrl\":\"https:\/\/newsestlyonnais.fr\/site\/wp-content\/uploads\/2024\/04\/MDL_festival-metiers-soins-macaron-partenarial.png\",\"datePublished\":\"2024-04-05T16:10:41+00:00\",\"dateModified\":\"2024-04-16T09:42:04+00:00\",\"description\":\"GRAND-LYON | Un festival des m\u00e9tiers du prendre soin\",\"breadcrumb\":{\"@id\":\"https:\/\/newsestlyonnais.fr\/site\/2024\/04\/05\/grand-lyon-un-festival-des-metiers-du-prendre-soin\/#breadcrumb\"},\"inLanguage\":\"fr-FR\",\"potentialAction\":[{\"@type\":\"ReadAction\",\"target\":[\"https:\/\/newsestlyonnais.fr\/site\/2024\/04\/05\/grand-lyon-un-festival-des-metiers-du-prendre-soin\/\"]}]},{\"@type\":\"ImageObject\",\"inLanguage\":\"fr-FR\",\"@id\":\"https:\/\/newsestlyonnais.fr\/site\/2024\/04\/05\/grand-lyon-un-festival-des-metiers-du-prendre-soin\/#primaryimage\",\"url\":\"https:\/\/newsestlyonnais.fr\/site\/wp-content\/uploads\/2024\/04\/MDL_festival-metiers-soins-macaron-partenarial.png\",\"contentUrl\":\"https:\/\/newsestlyonnais.fr\/site\/wp-content\/uploads\/2024\/04\/MDL_festival-metiers-soins-macaron-partenarial.png\",\"width\":1199,\"height\":1200},{\"@type\":\"BreadcrumbList\",\"@id\":\"https:\/\/newsestlyonnais.fr\/site\/2024\/04\/05\/grand-lyon-un-festival-des-metiers-du-prendre-soin\/#breadcrumb\",\"itemListElement\":[{\"@type\":\"ListItem\",\"position\":1,\"name\":\"Accueil\",\"item\":\"https:\/\/newsestlyonnais.fr\/site\/\"},{\"@type\":\"ListItem\",\"position\":2,\"name\":\"GRAND-LYON | Un festival des m\u00e9tiers du prendre soin\"}]},{\"@type\":\"WebSite\",\"@id\":\"https:\/\/newsestlyonnais.fr\/site\/#website\",\"url\":\"https:\/\/newsestlyonnais.fr\/site\/\",\"name\":\"News Est Lyonnais\",\"description\":\"L&#039;actualit\u00e9 au plus pr\u00e8s\",\"publisher\":{\"@id\":\"https:\/\/newsestlyonnais.fr\/site\/#organization\"},\"potentialAction\":[{\"@type\":\"SearchAction\",\"target\":{\"@type\":\"EntryPoint\",\"urlTemplate\":\"https:\/\/newsestlyonnais.fr\/site\/?s={search_term_string}\"},\"query-input\":{\"@type\":\"PropertyValueSpecification\",\"valueRequired\":true,\"valueName\":\"search_term_string\"}}],\"inLanguage\":\"fr-FR\"},{\"@type\":\"Organization\",\"@id\":\"https:\/\/newsestlyonnais.fr\/site\/#organization\",\"name\":\"News EST LYONNAIS\",\"url\":\"https:\/\/newsestlyonnais.fr\/site\/\",\"logo\":{\"@type\":\"ImageObject\",\"inLanguage\":\"fr-FR\",\"@id\":\"https:\/\/newsestlyonnais.fr\/site\/#\/schema\/logo\/image\/\",\"url\":\"\",\"contentUrl\":\"\",\"caption\":\"News EST LYONNAIS\"},\"image\":{\"@id\":\"https:\/\/newsestlyonnais.fr\/site\/#\/schema\/logo\/image\/\"}},{\"@type\":\"Person\",\"@id\":\"https:\/\/newsestlyonnais.fr\/site\/#\/schema\/person\/3230d5615f390bb808365d673001e887\",\"name\":\"R\u00e9dac. NEWS\",\"sameAs\":[\"http:\/\/www.newsestlyonnais.fr\",\"https:\/\/www.facebook.com\/pascal.oberson.1?fref=ts\",\"https:\/\/fr.linkedin.com\/in\/pascal-oberson-b17045113\"],\"url\":\"https:\/\/newsestlyonnais.fr\/site\/author\/nel\/\"}]}<\/script>\n<!-- \/ Yoast SEO plugin. -->","yoast_head_json":{"title":"GRAND-LYON | Un festival des m\u00e9tiers du prendre soin - News Est Lyonnais","description":"GRAND-LYON | Un festival des m\u00e9tiers du prendre soin","robots":{"index":"index","follow":"follow","max-snippet":"max-snippet:-1","max-image-preview":"max-image-preview:large","max-video-preview":"max-video-preview:-1"},"canonical":"https:\/\/newsestlyonnais.fr\/site\/2024\/04\/05\/grand-lyon-un-festival-des-metiers-du-prendre-soin\/","og_locale":"fr_FR","og_type":"article","og_title":"GRAND-LYON | Un festival des m\u00e9tiers du prendre soin - News Est Lyonnais","og_description":"GRAND-LYON | Un festival des m\u00e9tiers du prendre soin","og_url":"https:\/\/newsestlyonnais.fr\/site\/2024\/04\/05\/grand-lyon-un-festival-des-metiers-du-prendre-soin\/","og_site_name":"News Est Lyonnais","article_author":"https:\/\/www.facebook.com\/pascal.oberson.1?fref=ts","article_published_time":"2024-04-05T16:10:41+00:00","article_modified_time":"2024-04-16T09:42:04+00:00","og_image":[{"width":1199,"height":1200,"url":"https:\/\/newsestlyonnais.fr\/site\/wp-content\/uploads\/2024\/04\/MDL_festival-metiers-soins-macaron-partenarial.png","type":"image\/png"}],"author":"R\u00e9dac. NEWS","twitter_card":"summary_large_image","twitter_misc":{"\u00c9crit par":"R\u00e9dac. NEWS","Dur\u00e9e de lecture estim\u00e9e":"1 minute"},"schema":{"@context":"https:\/\/schema.org","@graph":[{"@type":"Article","@id":"https:\/\/newsestlyonnais.fr\/site\/2024\/04\/05\/grand-lyon-un-festival-des-metiers-du-prendre-soin\/#article","isPartOf":{"@id":"https:\/\/newsestlyonnais.fr\/site\/2024\/04\/05\/grand-lyon-un-festival-des-metiers-du-prendre-soin\/"},"author":{"name":"R\u00e9dac. NEWS","@id":"https:\/\/newsestlyonnais.fr\/site\/#\/schema\/person\/3230d5615f390bb808365d673001e887"},"headline":"GRAND-LYON | Un festival des m\u00e9tiers du prendre soin","datePublished":"2024-04-05T16:10:41+00:00","dateModified":"2024-04-16T09:42:04+00:00","mainEntityOfPage":{"@id":"https:\/\/newsestlyonnais.fr\/site\/2024\/04\/05\/grand-lyon-un-festival-des-metiers-du-prendre-soin\/"},"wordCount":73,"commentCount":0,"publisher":{"@id":"https:\/\/newsestlyonnais.fr\/site\/#organization"},"image":{"@id":"https:\/\/newsestlyonnais.fr\/site\/2024\/04\/05\/grand-lyon-un-festival-des-metiers-du-prendre-soin\/#primaryimage"},"thumbnailUrl":"https:\/\/newsestlyonnais.fr\/site\/wp-content\/uploads\/2024\/04\/MDL_festival-metiers-soins-macaron-partenarial.png","keywords":["FESTIVAL","GRAND LYON","METIERS"],"articleSection":["Emplois","Emplois (infos diverses)","Lyon","Que de br\u00e8ves ...","Sant\u00e9 | Bien Etre | Solidarit\u00e9","Villeurbanne"],"inLanguage":"fr-FR","potentialAction":[{"@type":"CommentAction","name":"Comment","target":["https:\/\/newsestlyonnais.fr\/site\/2024\/04\/05\/grand-lyon-un-festival-des-metiers-du-prendre-soin\/#respond"]}]},{"@type":"WebPage","@id":"https:\/\/newsestlyonnais.fr\/site\/2024\/04\/05\/grand-lyon-un-festival-des-metiers-du-prendre-soin\/","url":"https:\/\/newsestlyonnais.fr\/site\/2024\/04\/05\/grand-lyon-un-festival-des-metiers-du-prendre-soin\/","name":"GRAND-LYON | Un festival des m\u00e9tiers du prendre soin - News Est Lyonnais","isPartOf":{"@id":"https:\/\/newsestlyonnais.fr\/site\/#website"},"primaryImageOfPage":{"@id":"https:\/\/newsestlyonnais.fr\/site\/2024\/04\/05\/grand-lyon-un-festival-des-metiers-du-prendre-soin\/#primaryimage"},"image":{"@id":"https:\/\/newsestlyonnais.fr\/site\/2024\/04\/05\/grand-lyon-un-festival-des-metiers-du-prendre-soin\/#primaryimage"},"thumbnailUrl":"https:\/\/newsestlyonnais.fr\/site\/wp-content\/uploads\/2024\/04\/MDL_festival-metiers-soins-macaron-partenarial.png","datePublished":"2024-04-05T16:10:41+00:00","dateModified":"2024-04-16T09:42:04+00:00","description":"GRAND-LYON | Un festival des m\u00e9tiers du prendre soin","breadcrumb":{"@id":"https:\/\/newsestlyonnais.fr\/site\/2024\/04\/05\/grand-lyon-un-festival-des-metiers-du-prendre-soin\/#breadcrumb"},"inLanguage":"fr-FR","potentialAction":[{"@type":"ReadAction","target":["https:\/\/newsestlyonnais.fr\/site\/2024\/04\/05\/grand-lyon-un-festival-des-metiers-du-prendre-soin\/"]}]},{"@type":"ImageObject","inLanguage":"fr-FR","@id":"https:\/\/newsestlyonnais.fr\/site\/2024\/04\/05\/grand-lyon-un-festival-des-metiers-du-prendre-soin\/#primaryimage","url":"https:\/\/newsestlyonnais.fr\/site\/wp-content\/uploads\/2024\/04\/MDL_festival-metiers-soins-macaron-partenarial.png","contentUrl":"https:\/\/newsestlyonnais.fr\/site\/wp-content\/uploads\/2024\/04\/MDL_festival-metiers-soins-macaron-partenarial.png","width":1199,"height":1200},{"@type":"BreadcrumbList","@id":"https:\/\/newsestlyonnais.fr\/site\/2024\/04\/05\/grand-lyon-un-festival-des-metiers-du-prendre-soin\/#breadcrumb","itemListElement":[{"@type":"ListItem","position":1,"name":"Accueil","item":"https:\/\/newsestlyonnais.fr\/site\/"},{"@type":"ListItem","position":2,"name":"GRAND-LYON | Un festival des m\u00e9tiers du prendre soin"}]},{"@type":"WebSite","@id":"https:\/\/newsestlyonnais.fr\/site\/#website","url":"https:\/\/newsestlyonnais.fr\/site\/","name":"News Est Lyonnais","description":"L&#039;actualit\u00e9 au plus pr\u00e8s","publisher":{"@id":"https:\/\/newsestlyonnais.fr\/site\/#organization"},"potentialAction":[{"@type":"SearchAction","target":{"@type":"EntryPoint","urlTemplate":"https:\/\/newsestlyonnais.fr\/site\/?s={search_term_string}"},"query-input":{"@type":"PropertyValueSpecification","valueRequired":true,"valueName":"search_term_string"}}],"inLanguage":"fr-FR"},{"@type":"Organization","@id":"https:\/\/newsestlyonnais.fr\/site\/#organization","name":"News EST LYONNAIS","url":"https:\/\/newsestlyonnais.fr\/site\/","logo":{"@type":"ImageObject","inLanguage":"fr-FR","@id":"https:\/\/newsestlyonnais.fr\/site\/#\/schema\/logo\/image\/","url":"","contentUrl":"","caption":"News EST LYONNAIS"},"image":{"@id":"https:\/\/newsestlyonnais.fr\/site\/#\/schema\/logo\/image\/"}},{"@type":"Person","@id":"https:\/\/newsestlyonnais.fr\/site\/#\/schema\/person\/3230d5615f390bb808365d673001e887","name":"R\u00e9dac. NEWS","sameAs":["http:\/\/www.newsestlyonnais.fr","https:\/\/www.facebook.com\/pascal.oberson.1?fref=ts","https:\/\/fr.linkedin.com\/in\/pascal-oberson-b17045113"],"url":"https:\/\/newsestlyonnais.fr\/site\/author\/nel\/"}]}},"_links":{"self":[{"href":"https:\/\/newsestlyonnais.fr\/site\/wp-json\/wp\/v2\/posts\/202704","targetHints":{"allow":["GET"]}}],"collection":[{"href":"https:\/\/newsestlyonnais.fr\/site\/wp-json\/wp\/v2\/posts"}],"about":[{"href":"https:\/\/newsestlyonnais.fr\/site\/wp-json\/wp\/v2\/types\/post"}],"author":[{"embeddable":true,"href":"https:\/\/newsestlyonnais.fr\/site\/wp-json\/wp\/v2\/users\/4"}],"replies":[{"embeddable":true,"href":"https:\/\/newsestlyonnais.fr\/site\/wp-json\/wp\/v2\/comments?post=202704"}],"version-history":[{"count":0,"href":"https:\/\/newsestlyonnais.fr\/site\/wp-json\/wp\/v2\/posts\/202704\/revisions"}],"wp:featuredmedia":[{"embeddable":true,"href":"https:\/\/newsestlyonnais.fr\/site\/wp-json\/wp\/v2\/media\/202697"}],"wp:attachment":[{"href":"https:\/\/newsestlyonnais.fr\/site\/wp-json\/wp\/v2\/media?parent=202704"}],"wp:term":[{"taxonomy":"category","embeddable":true,"href":"https:\/\/newsestlyonnais.fr\/site\/wp-json\/wp\/v2\/categories?post=202704"},{"taxonomy":"post_tag","embeddable":true,"href":"https:\/\/newsestlyonnais.fr\/site\/wp-json\/wp\/v2\/tags?post=202704"}],"curies":[{"name":"wp","href":"https:\/\/api.w.org\/{rel}","templated":true}]}}