{"id":202791,"date":"2024-04-10T10:29:34","date_gmt":"2024-04-10T09:29:34","guid":{"rendered":"https:\/\/newsestlyonnais.fr\/site\/?p=202791"},"modified":"2024-04-24T18:27:46","modified_gmt":"2024-04-24T17:27:46","slug":"lyon-7-les-evenements-a-venir-2","status":"publish","type":"post","link":"https:\/\/newsestlyonnais.fr\/site\/2024\/04\/10\/lyon-7-les-evenements-a-venir-2\/","title":{"rendered":"LYON 7 | Les \u00e9v\u00e8nements \u00e0 venir"},"content":{"rendered":"<p><span style=\"background-color: #000000; color: #ffffff;\"><strong><u>Mercredi 10 avril<\/u><\/strong><\/span><\/p>\n<ul>\n<li>14 h \u00e0 16 h 30 : <strong>Rencontre et karaok\u00e9 interg\u00e9n\u00e9rationnel<\/strong>, entre les enfants du CAE ( Conseil d\u2019arrondissement des Enfants) et les seniors de la r\u00e9sidence. Suivis d\u2019un go\u00fbter<strong>. (<\/strong>R\u00e9sidence autonomie seniors Jean Jaur\u00e8s, 186 avenue Jean Jaur\u00e8s).<\/li>\n<li>14 h \u00e0 16 h : <strong>R\u00e9union d\u2019information sur les modes d\u2019accueil pour les enfants de &#8211; 3 ans, <\/strong>organis\u00e9e par la Mairie du 7<sup>e<\/sup> et les Relais Petite Enfance du 7\u00b0. (Salle des Mariages et du Conseil, Mairie du 7).<\/li>\n<li>18 h : <strong>Assembl\u00e9e G\u00e9n\u00e9rale du CIL Gerland Guilloti\u00e8re. (<\/strong>Maison Ravier, 7 rue Ravier).<\/li>\n<\/ul>\n<p><span style=\"background-color: #000000; color: #ffffff;\"><strong><u>Jeudi 11 avril<\/u><\/strong><\/span><\/p>\n<ul>\n<li>de 13 h \u00e0 17 h : <strong>Challenge Terre Jeunesse \/ <\/strong>7\u00b0 RMAT. Manifestation sportive et solidaire (\u00e0 pied, en marchant, en v\u00e9lo ou avec tout autre moyen, m\u00eame original) dans Lyon, avec les \u00e9tudiants lyonnais, avec les Cadets de la D\u00e9fense, avec les classes de D\u00e9fense et avec tous les lyc\u00e9ens et les coll\u00e9giens qui seraient int\u00e9ress\u00e9s par cette action. (D\u00e9part : 7 boulevard de l\u2019Artillerie et &amp;<br \/>\narriv\u00e9e : n\u00e9cropole de la Doua).<\/li>\n<\/ul>\n<p><span style=\"background-color: #000000; color: #ffffff;\"><strong><u>Vendredi 12 avril<\/u><\/strong><\/span><\/p>\n<ul>\n<li>10 h 30 : <strong>Carnaval de l\u2019\u00e9cole Jean-Pierre Veyet<\/strong><strong><u>. <\/u><\/strong><u>(<\/u>D\u00e9part de l\u2019\u00e9cole puis d\u00e9ambulation dans les rues alentours<u>).<\/u><u><\/u><\/li>\n<li>de 14 h \u00e0 16 h : <strong>Cross solidaire des \u00e9colier<\/strong><strong>s \/ <\/strong>Ecole Lestonnac. (Parc Blandan).<\/li>\n<\/ul>\n<p><span style=\"background-color: #000000; color: #ffffff;\"><strong><u>Samedi 13 avril<\/u><\/strong><\/span><\/p>\n<ul>\n<li>15 h : <strong>Pr\u00e9sentation de la pi\u00e8ce \u00ab Parkinson Show \u00bb \/ <\/strong>Conseil de quartier de Gerland et France Parkinson Rh\u00f4ne, et la Compagnie Api Gones dell\u2019arte. Spectacle de chants, th\u00e9\u00e2tre et films, con\u00e7u et interpr\u00e9t\u00e9 en collaboration avec des adh\u00e9rents de France Parkinson Rh\u00f4ne. Ils vous feront partager avec humour leur v\u00e9cu \u00e0 peine caricatur\u00e9. (Maison Ravier, 7 rue Ravier).<\/li>\n<\/ul>\n<p><span style=\"background-color: #000000; color: #ffffff;\"><strong><u>Dimanche 14 avril<\/u><\/strong><\/span><\/p>\n<ul>\n<li>de 9 h 30 \u00e0 16 h 30 : <strong>Balade urbaine et sensible audioguid\u00e9e \u00ab\u00a0INTERSTICES\u00a0\u00bb<\/strong>, par l\u2019association M.U.E.S. Audioguid\u00e9e et immersive en autonomie. R\u00e9servation obligatoire par mail : <a href=\"mailto:association.mues@gmail.com\">association.mues@gmail.com<\/a><\/li>\n<\/ul>\n<hr \/>\n<p><span style=\"font-size: 14pt; background-color: #000000; color: #ffcc00;\"><strong>Jusqu\u2019au vendredi 19 avril<\/strong><\/span><\/p>\n<p><strong>Enqu\u00eate publique concernant le PLU-H de la M\u00e9tropole de Lyon<\/strong>\u2013 d\u00e9claration de projet emportant la mise en comptabilit\u00e9 \u2013 projet urbain de renouvellement des anciennes halles NEXANS. Dossier consultable au service PML au 1\u00b0<sup>r<\/sup> \u00e9tage de la Mairie<\/p>\n<hr \/>\n<p><span style=\"background-color: #000000; font-size: 14pt;\"><strong><span style=\"color: #ffffff;\">&gt;&gt; Toute l\u2019ACTU de l\u2019arrondissement sur :<\/span> <\/strong><span style=\"color: #3366ff;\"><a style=\"background-color: #000000; color: #3366ff;\" href=\"https:\/\/mairie7.lyon.fr\" target=\"_blank\" rel=\"noreferrer noopener\"><strong>https:\/\/mairie7.lyon.fr<\/strong><\/a><\/span><\/span><\/p>\n","protected":false},"excerpt":{"rendered":"<p>Plusieurs programmations sur l&rsquo;arrondissement durant les prochains jours.<\/p>\n","protected":false},"author":4,"featured_media":87412,"comment_status":"open","ping_status":"open","sticky":false,"template":"","format":"standard","meta":{"footnotes":""},"categories":[1625],"tags":[1991,2120,2077],"class_list":["post-202791","post","type-post","status-publish","format-standard","has-post-thumbnail","hentry","category-lyon","tag-agenda","tag-evenements","tag-lyon"],"yoast_head":"<!-- This site is optimized with the Yoast SEO plugin v27.2 - https:\/\/yoast.com\/product\/yoast-seo-wordpress\/ -->\n<title>LYON 7 | Les \u00e9v\u00e8nements \u00e0 venir - News Est Lyonnais<\/title>\n<meta name=\"description\" content=\"LYON 7 | Les \u00e9v\u00e8nements \u00e0 venir\" \/>\n<meta name=\"robots\" content=\"index, follow, max-snippet:-1, max-image-preview:large, max-video-preview:-1\" \/>\n<link rel=\"canonical\" href=\"https:\/\/newsestlyonnais.fr\/site\/2024\/04\/10\/lyon-7-les-evenements-a-venir-2\/\" \/>\n<meta property=\"og:locale\" content=\"fr_FR\" \/>\n<meta property=\"og:type\" content=\"article\" \/>\n<meta property=\"og:title\" content=\"LYON 7 | Les \u00e9v\u00e8nements \u00e0 venir - News Est Lyonnais\" \/>\n<meta property=\"og:description\" content=\"LYON 7 | Les \u00e9v\u00e8nements \u00e0 venir\" \/>\n<meta property=\"og:url\" content=\"https:\/\/newsestlyonnais.fr\/site\/2024\/04\/10\/lyon-7-les-evenements-a-venir-2\/\" \/>\n<meta property=\"og:site_name\" content=\"News Est Lyonnais\" \/>\n<meta property=\"article:author\" content=\"https:\/\/www.facebook.com\/pascal.oberson.1?fref=ts\" \/>\n<meta property=\"article:published_time\" content=\"2024-04-10T09:29:34+00:00\" \/>\n<meta property=\"article:modified_time\" content=\"2024-04-24T17:27:46+00:00\" \/>\n<meta property=\"og:image\" content=\"https:\/\/newsestlyonnais.fr\/site\/wp-content\/uploads\/2019\/10\/NEWSESTLYONNAIS-MAIRIE-LYON7-1.jpg\" \/>\n\t<meta property=\"og:image:width\" content=\"1200\" \/>\n\t<meta property=\"og:image:height\" content=\"800\" \/>\n\t<meta property=\"og:image:type\" content=\"image\/jpeg\" \/>\n<meta name=\"author\" content=\"R\u00e9dac. NEWS\" \/>\n<meta name=\"twitter:card\" content=\"summary_large_image\" \/>\n<meta name=\"twitter:label1\" content=\"\u00c9crit par\" \/>\n\t<meta name=\"twitter:data1\" content=\"R\u00e9dac. NEWS\" \/>\n\t<meta name=\"twitter:label2\" content=\"Dur\u00e9e de lecture estim\u00e9e\" \/>\n\t<meta name=\"twitter:data2\" content=\"2 minutes\" \/>\n<script type=\"application\/ld+json\" class=\"yoast-schema-graph\">{\"@context\":\"https:\/\/schema.org\",\"@graph\":[{\"@type\":\"Article\",\"@id\":\"https:\/\/newsestlyonnais.fr\/site\/2024\/04\/10\/lyon-7-les-evenements-a-venir-2\/#article\",\"isPartOf\":{\"@id\":\"https:\/\/newsestlyonnais.fr\/site\/2024\/04\/10\/lyon-7-les-evenements-a-venir-2\/\"},\"author\":{\"name\":\"R\u00e9dac. NEWS\",\"@id\":\"https:\/\/newsestlyonnais.fr\/site\/#\/schema\/person\/3230d5615f390bb808365d673001e887\"},\"headline\":\"LYON 7 | Les \u00e9v\u00e8nements \u00e0 venir\",\"datePublished\":\"2024-04-10T09:29:34+00:00\",\"dateModified\":\"2024-04-24T17:27:46+00:00\",\"mainEntityOfPage\":{\"@id\":\"https:\/\/newsestlyonnais.fr\/site\/2024\/04\/10\/lyon-7-les-evenements-a-venir-2\/\"},\"wordCount\":370,\"commentCount\":0,\"publisher\":{\"@id\":\"https:\/\/newsestlyonnais.fr\/site\/#organization\"},\"image\":{\"@id\":\"https:\/\/newsestlyonnais.fr\/site\/2024\/04\/10\/lyon-7-les-evenements-a-venir-2\/#primaryimage\"},\"thumbnailUrl\":\"https:\/\/newsestlyonnais.fr\/site\/wp-content\/uploads\/2019\/10\/NEWSESTLYONNAIS-MAIRIE-LYON7-1.jpg\",\"keywords\":[\"AGENDA\",\"EVENEMENTS\",\"LYON\"],\"articleSection\":[\"Lyon\"],\"inLanguage\":\"fr-FR\",\"potentialAction\":[{\"@type\":\"CommentAction\",\"name\":\"Comment\",\"target\":[\"https:\/\/newsestlyonnais.fr\/site\/2024\/04\/10\/lyon-7-les-evenements-a-venir-2\/#respond\"]}]},{\"@type\":\"WebPage\",\"@id\":\"https:\/\/newsestlyonnais.fr\/site\/2024\/04\/10\/lyon-7-les-evenements-a-venir-2\/\",\"url\":\"https:\/\/newsestlyonnais.fr\/site\/2024\/04\/10\/lyon-7-les-evenements-a-venir-2\/\",\"name\":\"LYON 7 | Les \u00e9v\u00e8nements \u00e0 venir - News Est Lyonnais\",\"isPartOf\":{\"@id\":\"https:\/\/newsestlyonnais.fr\/site\/#website\"},\"primaryImageOfPage\":{\"@id\":\"https:\/\/newsestlyonnais.fr\/site\/2024\/04\/10\/lyon-7-les-evenements-a-venir-2\/#primaryimage\"},\"image\":{\"@id\":\"https:\/\/newsestlyonnais.fr\/site\/2024\/04\/10\/lyon-7-les-evenements-a-venir-2\/#primaryimage\"},\"thumbnailUrl\":\"https:\/\/newsestlyonnais.fr\/site\/wp-content\/uploads\/2019\/10\/NEWSESTLYONNAIS-MAIRIE-LYON7-1.jpg\",\"datePublished\":\"2024-04-10T09:29:34+00:00\",\"dateModified\":\"2024-04-24T17:27:46+00:00\",\"description\":\"LYON 7 | Les \u00e9v\u00e8nements \u00e0 venir\",\"breadcrumb\":{\"@id\":\"https:\/\/newsestlyonnais.fr\/site\/2024\/04\/10\/lyon-7-les-evenements-a-venir-2\/#breadcrumb\"},\"inLanguage\":\"fr-FR\",\"potentialAction\":[{\"@type\":\"ReadAction\",\"target\":[\"https:\/\/newsestlyonnais.fr\/site\/2024\/04\/10\/lyon-7-les-evenements-a-venir-2\/\"]}]},{\"@type\":\"ImageObject\",\"inLanguage\":\"fr-FR\",\"@id\":\"https:\/\/newsestlyonnais.fr\/site\/2024\/04\/10\/lyon-7-les-evenements-a-venir-2\/#primaryimage\",\"url\":\"https:\/\/newsestlyonnais.fr\/site\/wp-content\/uploads\/2019\/10\/NEWSESTLYONNAIS-MAIRIE-LYON7-1.jpg\",\"contentUrl\":\"https:\/\/newsestlyonnais.fr\/site\/wp-content\/uploads\/2019\/10\/NEWSESTLYONNAIS-MAIRIE-LYON7-1.jpg\",\"width\":1200,\"height\":800},{\"@type\":\"BreadcrumbList\",\"@id\":\"https:\/\/newsestlyonnais.fr\/site\/2024\/04\/10\/lyon-7-les-evenements-a-venir-2\/#breadcrumb\",\"itemListElement\":[{\"@type\":\"ListItem\",\"position\":1,\"name\":\"Accueil\",\"item\":\"https:\/\/newsestlyonnais.fr\/site\/\"},{\"@type\":\"ListItem\",\"position\":2,\"name\":\"LYON 7 | Les \u00e9v\u00e8nements \u00e0 venir\"}]},{\"@type\":\"WebSite\",\"@id\":\"https:\/\/newsestlyonnais.fr\/site\/#website\",\"url\":\"https:\/\/newsestlyonnais.fr\/site\/\",\"name\":\"News Est Lyonnais\",\"description\":\"L&#039;actualit\u00e9 au plus pr\u00e8s\",\"publisher\":{\"@id\":\"https:\/\/newsestlyonnais.fr\/site\/#organization\"},\"potentialAction\":[{\"@type\":\"SearchAction\",\"target\":{\"@type\":\"EntryPoint\",\"urlTemplate\":\"https:\/\/newsestlyonnais.fr\/site\/?s={search_term_string}\"},\"query-input\":{\"@type\":\"PropertyValueSpecification\",\"valueRequired\":true,\"valueName\":\"search_term_string\"}}],\"inLanguage\":\"fr-FR\"},{\"@type\":\"Organization\",\"@id\":\"https:\/\/newsestlyonnais.fr\/site\/#organization\",\"name\":\"News EST LYONNAIS\",\"url\":\"https:\/\/newsestlyonnais.fr\/site\/\",\"logo\":{\"@type\":\"ImageObject\",\"inLanguage\":\"fr-FR\",\"@id\":\"https:\/\/newsestlyonnais.fr\/site\/#\/schema\/logo\/image\/\",\"url\":\"\",\"contentUrl\":\"\",\"caption\":\"News EST LYONNAIS\"},\"image\":{\"@id\":\"https:\/\/newsestlyonnais.fr\/site\/#\/schema\/logo\/image\/\"}},{\"@type\":\"Person\",\"@id\":\"https:\/\/newsestlyonnais.fr\/site\/#\/schema\/person\/3230d5615f390bb808365d673001e887\",\"name\":\"R\u00e9dac. NEWS\",\"sameAs\":[\"http:\/\/www.newsestlyonnais.fr\",\"https:\/\/www.facebook.com\/pascal.oberson.1?fref=ts\",\"https:\/\/fr.linkedin.com\/in\/pascal-oberson-b17045113\"],\"url\":\"https:\/\/newsestlyonnais.fr\/site\/author\/nel\/\"}]}<\/script>\n<!-- \/ Yoast SEO plugin. -->","yoast_head_json":{"title":"LYON 7 | Les \u00e9v\u00e8nements \u00e0 venir - News Est Lyonnais","description":"LYON 7 | Les \u00e9v\u00e8nements \u00e0 venir","robots":{"index":"index","follow":"follow","max-snippet":"max-snippet:-1","max-image-preview":"max-image-preview:large","max-video-preview":"max-video-preview:-1"},"canonical":"https:\/\/newsestlyonnais.fr\/site\/2024\/04\/10\/lyon-7-les-evenements-a-venir-2\/","og_locale":"fr_FR","og_type":"article","og_title":"LYON 7 | Les \u00e9v\u00e8nements \u00e0 venir - News Est Lyonnais","og_description":"LYON 7 | Les \u00e9v\u00e8nements \u00e0 venir","og_url":"https:\/\/newsestlyonnais.fr\/site\/2024\/04\/10\/lyon-7-les-evenements-a-venir-2\/","og_site_name":"News Est Lyonnais","article_author":"https:\/\/www.facebook.com\/pascal.oberson.1?fref=ts","article_published_time":"2024-04-10T09:29:34+00:00","article_modified_time":"2024-04-24T17:27:46+00:00","og_image":[{"width":1200,"height":800,"url":"https:\/\/newsestlyonnais.fr\/site\/wp-content\/uploads\/2019\/10\/NEWSESTLYONNAIS-MAIRIE-LYON7-1.jpg","type":"image\/jpeg"}],"author":"R\u00e9dac. NEWS","twitter_card":"summary_large_image","twitter_misc":{"\u00c9crit par":"R\u00e9dac. NEWS","Dur\u00e9e de lecture estim\u00e9e":"2 minutes"},"schema":{"@context":"https:\/\/schema.org","@graph":[{"@type":"Article","@id":"https:\/\/newsestlyonnais.fr\/site\/2024\/04\/10\/lyon-7-les-evenements-a-venir-2\/#article","isPartOf":{"@id":"https:\/\/newsestlyonnais.fr\/site\/2024\/04\/10\/lyon-7-les-evenements-a-venir-2\/"},"author":{"name":"R\u00e9dac. NEWS","@id":"https:\/\/newsestlyonnais.fr\/site\/#\/schema\/person\/3230d5615f390bb808365d673001e887"},"headline":"LYON 7 | Les \u00e9v\u00e8nements \u00e0 venir","datePublished":"2024-04-10T09:29:34+00:00","dateModified":"2024-04-24T17:27:46+00:00","mainEntityOfPage":{"@id":"https:\/\/newsestlyonnais.fr\/site\/2024\/04\/10\/lyon-7-les-evenements-a-venir-2\/"},"wordCount":370,"commentCount":0,"publisher":{"@id":"https:\/\/newsestlyonnais.fr\/site\/#organization"},"image":{"@id":"https:\/\/newsestlyonnais.fr\/site\/2024\/04\/10\/lyon-7-les-evenements-a-venir-2\/#primaryimage"},"thumbnailUrl":"https:\/\/newsestlyonnais.fr\/site\/wp-content\/uploads\/2019\/10\/NEWSESTLYONNAIS-MAIRIE-LYON7-1.jpg","keywords":["AGENDA","EVENEMENTS","LYON"],"articleSection":["Lyon"],"inLanguage":"fr-FR","potentialAction":[{"@type":"CommentAction","name":"Comment","target":["https:\/\/newsestlyonnais.fr\/site\/2024\/04\/10\/lyon-7-les-evenements-a-venir-2\/#respond"]}]},{"@type":"WebPage","@id":"https:\/\/newsestlyonnais.fr\/site\/2024\/04\/10\/lyon-7-les-evenements-a-venir-2\/","url":"https:\/\/newsestlyonnais.fr\/site\/2024\/04\/10\/lyon-7-les-evenements-a-venir-2\/","name":"LYON 7 | Les \u00e9v\u00e8nements \u00e0 venir - News Est Lyonnais","isPartOf":{"@id":"https:\/\/newsestlyonnais.fr\/site\/#website"},"primaryImageOfPage":{"@id":"https:\/\/newsestlyonnais.fr\/site\/2024\/04\/10\/lyon-7-les-evenements-a-venir-2\/#primaryimage"},"image":{"@id":"https:\/\/newsestlyonnais.fr\/site\/2024\/04\/10\/lyon-7-les-evenements-a-venir-2\/#primaryimage"},"thumbnailUrl":"https:\/\/newsestlyonnais.fr\/site\/wp-content\/uploads\/2019\/10\/NEWSESTLYONNAIS-MAIRIE-LYON7-1.jpg","datePublished":"2024-04-10T09:29:34+00:00","dateModified":"2024-04-24T17:27:46+00:00","description":"LYON 7 | Les \u00e9v\u00e8nements \u00e0 venir","breadcrumb":{"@id":"https:\/\/newsestlyonnais.fr\/site\/2024\/04\/10\/lyon-7-les-evenements-a-venir-2\/#breadcrumb"},"inLanguage":"fr-FR","potentialAction":[{"@type":"ReadAction","target":["https:\/\/newsestlyonnais.fr\/site\/2024\/04\/10\/lyon-7-les-evenements-a-venir-2\/"]}]},{"@type":"ImageObject","inLanguage":"fr-FR","@id":"https:\/\/newsestlyonnais.fr\/site\/2024\/04\/10\/lyon-7-les-evenements-a-venir-2\/#primaryimage","url":"https:\/\/newsestlyonnais.fr\/site\/wp-content\/uploads\/2019\/10\/NEWSESTLYONNAIS-MAIRIE-LYON7-1.jpg","contentUrl":"https:\/\/newsestlyonnais.fr\/site\/wp-content\/uploads\/2019\/10\/NEWSESTLYONNAIS-MAIRIE-LYON7-1.jpg","width":1200,"height":800},{"@type":"BreadcrumbList","@id":"https:\/\/newsestlyonnais.fr\/site\/2024\/04\/10\/lyon-7-les-evenements-a-venir-2\/#breadcrumb","itemListElement":[{"@type":"ListItem","position":1,"name":"Accueil","item":"https:\/\/newsestlyonnais.fr\/site\/"},{"@type":"ListItem","position":2,"name":"LYON 7 | Les \u00e9v\u00e8nements \u00e0 venir"}]},{"@type":"WebSite","@id":"https:\/\/newsestlyonnais.fr\/site\/#website","url":"https:\/\/newsestlyonnais.fr\/site\/","name":"News Est Lyonnais","description":"L&#039;actualit\u00e9 au plus pr\u00e8s","publisher":{"@id":"https:\/\/newsestlyonnais.fr\/site\/#organization"},"potentialAction":[{"@type":"SearchAction","target":{"@type":"EntryPoint","urlTemplate":"https:\/\/newsestlyonnais.fr\/site\/?s={search_term_string}"},"query-input":{"@type":"PropertyValueSpecification","valueRequired":true,"valueName":"search_term_string"}}],"inLanguage":"fr-FR"},{"@type":"Organization","@id":"https:\/\/newsestlyonnais.fr\/site\/#organization","name":"News EST LYONNAIS","url":"https:\/\/newsestlyonnais.fr\/site\/","logo":{"@type":"ImageObject","inLanguage":"fr-FR","@id":"https:\/\/newsestlyonnais.fr\/site\/#\/schema\/logo\/image\/","url":"","contentUrl":"","caption":"News EST LYONNAIS"},"image":{"@id":"https:\/\/newsestlyonnais.fr\/site\/#\/schema\/logo\/image\/"}},{"@type":"Person","@id":"https:\/\/newsestlyonnais.fr\/site\/#\/schema\/person\/3230d5615f390bb808365d673001e887","name":"R\u00e9dac. NEWS","sameAs":["http:\/\/www.newsestlyonnais.fr","https:\/\/www.facebook.com\/pascal.oberson.1?fref=ts","https:\/\/fr.linkedin.com\/in\/pascal-oberson-b17045113"],"url":"https:\/\/newsestlyonnais.fr\/site\/author\/nel\/"}]}},"_links":{"self":[{"href":"https:\/\/newsestlyonnais.fr\/site\/wp-json\/wp\/v2\/posts\/202791","targetHints":{"allow":["GET"]}}],"collection":[{"href":"https:\/\/newsestlyonnais.fr\/site\/wp-json\/wp\/v2\/posts"}],"about":[{"href":"https:\/\/newsestlyonnais.fr\/site\/wp-json\/wp\/v2\/types\/post"}],"author":[{"embeddable":true,"href":"https:\/\/newsestlyonnais.fr\/site\/wp-json\/wp\/v2\/users\/4"}],"replies":[{"embeddable":true,"href":"https:\/\/newsestlyonnais.fr\/site\/wp-json\/wp\/v2\/comments?post=202791"}],"version-history":[{"count":0,"href":"https:\/\/newsestlyonnais.fr\/site\/wp-json\/wp\/v2\/posts\/202791\/revisions"}],"wp:featuredmedia":[{"embeddable":true,"href":"https:\/\/newsestlyonnais.fr\/site\/wp-json\/wp\/v2\/media\/87412"}],"wp:attachment":[{"href":"https:\/\/newsestlyonnais.fr\/site\/wp-json\/wp\/v2\/media?parent=202791"}],"wp:term":[{"taxonomy":"category","embeddable":true,"href":"https:\/\/newsestlyonnais.fr\/site\/wp-json\/wp\/v2\/categories?post=202791"},{"taxonomy":"post_tag","embeddable":true,"href":"https:\/\/newsestlyonnais.fr\/site\/wp-json\/wp\/v2\/tags?post=202791"}],"curies":[{"name":"wp","href":"https:\/\/api.w.org\/{rel}","templated":true}]}}