{"id":202984,"date":"2024-04-17T17:48:36","date_gmt":"2024-04-17T16:48:36","guid":{"rendered":"https:\/\/newsestlyonnais.fr\/site\/?p=202984"},"modified":"2024-04-17T17:48:36","modified_gmt":"2024-04-17T16:48:36","slug":"lyon-une-semaine-de-gestes-qui-sauvent-2","status":"publish","type":"post","link":"https:\/\/newsestlyonnais.fr\/site\/2024\/04\/17\/lyon-une-semaine-de-gestes-qui-sauvent-2\/","title":{"rendered":"LYON | Une semaine de gestes qui sauvent"},"content":{"rendered":"<div class=\"field field--name-field-content field--type-entity-reference-revisions field--label-visually_hidden\">\n<div class=\"field--items\">\n<div class=\"field--item\">\n<div class=\"paragraph paragraph--type--text-block paragraph--view-mode--default\">\n<div class=\"field field--name-field-content field--type-text-long field--label-visually_hidden\">\n<div class=\"field--item\">\n<p><span style=\"background-color: #000000; color: #ffcc00; font-size: 14pt;\"><strong>Au programme de cette \u00e9dition 2024<\/strong><\/span><\/p>\n<ul>\n<li><span style=\"background-color: #000000; color: #ffffff;\"><strong>Mardi 23 avril<\/strong><\/span><\/li>\n<\/ul>\n<p><strong>6e\u00a0arrondissement :<\/strong>\u00a0Conf\u00e9rence <strong>\u00ab\u00a0L\u2019urgence cardiaque : infarctus, arr\u00eat cardiaque. Que faire ? \u00bb<\/strong> \u00e0 la Mairie du 6e \u00e0 18 h. Inscription par mail avant le 19 avril avec la r\u00e9f\u00e9rence SGQS2024<\/p>\n<ul>\n<li><span style=\"color: #ffffff; background-color: #000000;\"><strong>Mercredi 24 et Jeudi 25 avril<\/strong><\/span><\/li>\n<\/ul>\n<p><strong>3e arrondissement : <\/strong>au Centre Commercial Westfield de la Part Dieu sur la place centrale, au niveau 0, des s\u00e9ances d\u2019initiations aux gestes qui sauvent d\u2019une heure : de 11 h \u00e0 18 h.<\/p>\n<ul>\n<li><strong><span style=\"background-color: #000000; color: #ffffff;\">Samedi 27 avril<\/span><\/strong><\/li>\n<\/ul>\n<p><strong>6e arrondissement :\u00a0Village des premiers secours <\/strong>de 10 h \u00e0 18 h, au Parc de la T\u00eate d\u2019Or, entr\u00e9e de la vo\u00fbte par le boulevard Stalingrad. Au programme, initiations aux gestes qui sauvent toutes les heures, stands des premiers secours et parcours de sensibilisation \u00e0 l&rsquo;Accident Vasculaire C\u00e9r\u00e9bral (AVC), en acc\u00e8s libre.<\/p>\n<p><strong>2e, 3e, 7e\u00a0arrondissements : <\/strong>les casernes Confluence, Corneille et Rochat\u00a0proposent des cr\u00e9neaux de formation aux gestes qui sauvent.<\/p>\n<hr \/>\n<\/div>\n<\/div>\n<\/div>\n<\/div>\n<\/div>\n<\/div>\n<div class=\"field_elu\"><span style=\"background-color: #000000; font-size: 14pt;\"><span style=\"color: #ffffff;\"><strong>+ d&rsquo;infos sur :<\/strong> <\/span><span style=\"color: #3366ff;\"><a style=\"background-color: #000000; color: #3366ff;\" href=\"https:\/\/www.lyon.fr\/actualite\/sante\/semaine-des-gestes-qui-sauvent\">https:\/\/www.lyon.fr\/actualite\/sante\/semaine-des-gestes-qui-sauvent<\/a><\/span><\/span><\/div>\n<div>\n<hr \/>\n<hr \/>\n<\/div>\n<div class=\"embed-responsive embed-responsive-16by9 video-poster\"><\/div>\n","protected":false},"excerpt":{"rendered":"<p>Du 22 au 27 avril, seront propos\u00e9es des initiations, conf\u00e9rences et informations parce que sauver une vie est \u00e0 la port\u00e9e de tous ! <\/p>\n","protected":false},"author":4,"featured_media":202986,"comment_status":"open","ping_status":"open","sticky":false,"template":"","format":"standard","meta":{"footnotes":""},"categories":[1625,4948,18,1753],"tags":[2645,2077,3075],"class_list":["post-202984","post","type-post","status-publish","format-standard","has-post-thumbnail","hentry","category-lyon","category-que-de-breves","category-sante-bien-etre-solidarite","category-secours-securite","tag-gestes-qui-sauvent","tag-lyon","tag-semaine"],"yoast_head":"<!-- This site is optimized with the Yoast SEO plugin v27.2 - https:\/\/yoast.com\/product\/yoast-seo-wordpress\/ -->\n<title>LYON | Une semaine de gestes qui sauvent - News Est Lyonnais<\/title>\n<meta name=\"description\" content=\"LYON | Une semaine de gestes qui sauvent\" \/>\n<meta name=\"robots\" content=\"index, follow, max-snippet:-1, max-image-preview:large, max-video-preview:-1\" \/>\n<link rel=\"canonical\" href=\"https:\/\/newsestlyonnais.fr\/site\/2024\/04\/17\/lyon-une-semaine-de-gestes-qui-sauvent-2\/\" \/>\n<meta property=\"og:locale\" content=\"fr_FR\" \/>\n<meta property=\"og:type\" content=\"article\" \/>\n<meta property=\"og:title\" content=\"LYON | Une semaine de gestes qui sauvent - News Est Lyonnais\" \/>\n<meta property=\"og:description\" content=\"LYON | Une semaine de gestes qui sauvent\" \/>\n<meta property=\"og:url\" content=\"https:\/\/newsestlyonnais.fr\/site\/2024\/04\/17\/lyon-une-semaine-de-gestes-qui-sauvent-2\/\" \/>\n<meta property=\"og:site_name\" content=\"News Est Lyonnais\" \/>\n<meta property=\"article:author\" content=\"https:\/\/www.facebook.com\/pascal.oberson.1?fref=ts\" \/>\n<meta property=\"article:published_time\" content=\"2024-04-17T16:48:36+00:00\" \/>\n<meta property=\"og:image\" content=\"https:\/\/newsestlyonnais.fr\/site\/wp-content\/uploads\/2024\/04\/sgqs_2024_700x394.jpg\" \/>\n\t<meta property=\"og:image:width\" content=\"700\" \/>\n\t<meta property=\"og:image:height\" content=\"394\" \/>\n\t<meta property=\"og:image:type\" content=\"image\/jpeg\" \/>\n<meta name=\"author\" content=\"R\u00e9dac. NEWS\" \/>\n<meta name=\"twitter:card\" content=\"summary_large_image\" \/>\n<meta name=\"twitter:label1\" content=\"\u00c9crit par\" \/>\n\t<meta name=\"twitter:data1\" content=\"R\u00e9dac. NEWS\" \/>\n\t<meta name=\"twitter:label2\" content=\"Dur\u00e9e de lecture estim\u00e9e\" \/>\n\t<meta name=\"twitter:data2\" content=\"1 minute\" \/>\n<script type=\"application\/ld+json\" class=\"yoast-schema-graph\">{\"@context\":\"https:\/\/schema.org\",\"@graph\":[{\"@type\":\"Article\",\"@id\":\"https:\/\/newsestlyonnais.fr\/site\/2024\/04\/17\/lyon-une-semaine-de-gestes-qui-sauvent-2\/#article\",\"isPartOf\":{\"@id\":\"https:\/\/newsestlyonnais.fr\/site\/2024\/04\/17\/lyon-une-semaine-de-gestes-qui-sauvent-2\/\"},\"author\":{\"name\":\"R\u00e9dac. NEWS\",\"@id\":\"https:\/\/newsestlyonnais.fr\/site\/#\/schema\/person\/3230d5615f390bb808365d673001e887\"},\"headline\":\"LYON | Une semaine de gestes qui sauvent\",\"datePublished\":\"2024-04-17T16:48:36+00:00\",\"mainEntityOfPage\":{\"@id\":\"https:\/\/newsestlyonnais.fr\/site\/2024\/04\/17\/lyon-une-semaine-de-gestes-qui-sauvent-2\/\"},\"wordCount\":167,\"commentCount\":0,\"publisher\":{\"@id\":\"https:\/\/newsestlyonnais.fr\/site\/#organization\"},\"image\":{\"@id\":\"https:\/\/newsestlyonnais.fr\/site\/2024\/04\/17\/lyon-une-semaine-de-gestes-qui-sauvent-2\/#primaryimage\"},\"thumbnailUrl\":\"https:\/\/newsestlyonnais.fr\/site\/wp-content\/uploads\/2024\/04\/sgqs_2024_700x394.jpg\",\"keywords\":[\"GESTES QUI SAUVENT\",\"LYON\",\"SEMAINE\"],\"articleSection\":[\"Lyon\",\"Que de br\u00e8ves ...\",\"Sant\u00e9 | Bien Etre | Solidarit\u00e9\",\"Secours | S\u00e9curit\u00e9\"],\"inLanguage\":\"fr-FR\",\"potentialAction\":[{\"@type\":\"CommentAction\",\"name\":\"Comment\",\"target\":[\"https:\/\/newsestlyonnais.fr\/site\/2024\/04\/17\/lyon-une-semaine-de-gestes-qui-sauvent-2\/#respond\"]}]},{\"@type\":\"WebPage\",\"@id\":\"https:\/\/newsestlyonnais.fr\/site\/2024\/04\/17\/lyon-une-semaine-de-gestes-qui-sauvent-2\/\",\"url\":\"https:\/\/newsestlyonnais.fr\/site\/2024\/04\/17\/lyon-une-semaine-de-gestes-qui-sauvent-2\/\",\"name\":\"LYON | Une semaine de gestes qui sauvent - News Est Lyonnais\",\"isPartOf\":{\"@id\":\"https:\/\/newsestlyonnais.fr\/site\/#website\"},\"primaryImageOfPage\":{\"@id\":\"https:\/\/newsestlyonnais.fr\/site\/2024\/04\/17\/lyon-une-semaine-de-gestes-qui-sauvent-2\/#primaryimage\"},\"image\":{\"@id\":\"https:\/\/newsestlyonnais.fr\/site\/2024\/04\/17\/lyon-une-semaine-de-gestes-qui-sauvent-2\/#primaryimage\"},\"thumbnailUrl\":\"https:\/\/newsestlyonnais.fr\/site\/wp-content\/uploads\/2024\/04\/sgqs_2024_700x394.jpg\",\"datePublished\":\"2024-04-17T16:48:36+00:00\",\"description\":\"LYON | Une semaine de gestes qui sauvent\",\"breadcrumb\":{\"@id\":\"https:\/\/newsestlyonnais.fr\/site\/2024\/04\/17\/lyon-une-semaine-de-gestes-qui-sauvent-2\/#breadcrumb\"},\"inLanguage\":\"fr-FR\",\"potentialAction\":[{\"@type\":\"ReadAction\",\"target\":[\"https:\/\/newsestlyonnais.fr\/site\/2024\/04\/17\/lyon-une-semaine-de-gestes-qui-sauvent-2\/\"]}]},{\"@type\":\"ImageObject\",\"inLanguage\":\"fr-FR\",\"@id\":\"https:\/\/newsestlyonnais.fr\/site\/2024\/04\/17\/lyon-une-semaine-de-gestes-qui-sauvent-2\/#primaryimage\",\"url\":\"https:\/\/newsestlyonnais.fr\/site\/wp-content\/uploads\/2024\/04\/sgqs_2024_700x394.jpg\",\"contentUrl\":\"https:\/\/newsestlyonnais.fr\/site\/wp-content\/uploads\/2024\/04\/sgqs_2024_700x394.jpg\",\"width\":700,\"height\":394},{\"@type\":\"BreadcrumbList\",\"@id\":\"https:\/\/newsestlyonnais.fr\/site\/2024\/04\/17\/lyon-une-semaine-de-gestes-qui-sauvent-2\/#breadcrumb\",\"itemListElement\":[{\"@type\":\"ListItem\",\"position\":1,\"name\":\"Accueil\",\"item\":\"https:\/\/newsestlyonnais.fr\/site\/\"},{\"@type\":\"ListItem\",\"position\":2,\"name\":\"LYON | Une semaine de gestes qui sauvent\"}]},{\"@type\":\"WebSite\",\"@id\":\"https:\/\/newsestlyonnais.fr\/site\/#website\",\"url\":\"https:\/\/newsestlyonnais.fr\/site\/\",\"name\":\"News Est Lyonnais\",\"description\":\"L&#039;actualit\u00e9 au plus pr\u00e8s\",\"publisher\":{\"@id\":\"https:\/\/newsestlyonnais.fr\/site\/#organization\"},\"potentialAction\":[{\"@type\":\"SearchAction\",\"target\":{\"@type\":\"EntryPoint\",\"urlTemplate\":\"https:\/\/newsestlyonnais.fr\/site\/?s={search_term_string}\"},\"query-input\":{\"@type\":\"PropertyValueSpecification\",\"valueRequired\":true,\"valueName\":\"search_term_string\"}}],\"inLanguage\":\"fr-FR\"},{\"@type\":\"Organization\",\"@id\":\"https:\/\/newsestlyonnais.fr\/site\/#organization\",\"name\":\"News EST LYONNAIS\",\"url\":\"https:\/\/newsestlyonnais.fr\/site\/\",\"logo\":{\"@type\":\"ImageObject\",\"inLanguage\":\"fr-FR\",\"@id\":\"https:\/\/newsestlyonnais.fr\/site\/#\/schema\/logo\/image\/\",\"url\":\"\",\"contentUrl\":\"\",\"caption\":\"News EST LYONNAIS\"},\"image\":{\"@id\":\"https:\/\/newsestlyonnais.fr\/site\/#\/schema\/logo\/image\/\"}},{\"@type\":\"Person\",\"@id\":\"https:\/\/newsestlyonnais.fr\/site\/#\/schema\/person\/3230d5615f390bb808365d673001e887\",\"name\":\"R\u00e9dac. NEWS\",\"sameAs\":[\"http:\/\/www.newsestlyonnais.fr\",\"https:\/\/www.facebook.com\/pascal.oberson.1?fref=ts\",\"https:\/\/fr.linkedin.com\/in\/pascal-oberson-b17045113\"],\"url\":\"https:\/\/newsestlyonnais.fr\/site\/author\/nel\/\"}]}<\/script>\n<!-- \/ Yoast SEO plugin. -->","yoast_head_json":{"title":"LYON | Une semaine de gestes qui sauvent - News Est Lyonnais","description":"LYON | Une semaine de gestes qui sauvent","robots":{"index":"index","follow":"follow","max-snippet":"max-snippet:-1","max-image-preview":"max-image-preview:large","max-video-preview":"max-video-preview:-1"},"canonical":"https:\/\/newsestlyonnais.fr\/site\/2024\/04\/17\/lyon-une-semaine-de-gestes-qui-sauvent-2\/","og_locale":"fr_FR","og_type":"article","og_title":"LYON | Une semaine de gestes qui sauvent - News Est Lyonnais","og_description":"LYON | Une semaine de gestes qui sauvent","og_url":"https:\/\/newsestlyonnais.fr\/site\/2024\/04\/17\/lyon-une-semaine-de-gestes-qui-sauvent-2\/","og_site_name":"News Est Lyonnais","article_author":"https:\/\/www.facebook.com\/pascal.oberson.1?fref=ts","article_published_time":"2024-04-17T16:48:36+00:00","og_image":[{"width":700,"height":394,"url":"https:\/\/newsestlyonnais.fr\/site\/wp-content\/uploads\/2024\/04\/sgqs_2024_700x394.jpg","type":"image\/jpeg"}],"author":"R\u00e9dac. NEWS","twitter_card":"summary_large_image","twitter_misc":{"\u00c9crit par":"R\u00e9dac. NEWS","Dur\u00e9e de lecture estim\u00e9e":"1 minute"},"schema":{"@context":"https:\/\/schema.org","@graph":[{"@type":"Article","@id":"https:\/\/newsestlyonnais.fr\/site\/2024\/04\/17\/lyon-une-semaine-de-gestes-qui-sauvent-2\/#article","isPartOf":{"@id":"https:\/\/newsestlyonnais.fr\/site\/2024\/04\/17\/lyon-une-semaine-de-gestes-qui-sauvent-2\/"},"author":{"name":"R\u00e9dac. NEWS","@id":"https:\/\/newsestlyonnais.fr\/site\/#\/schema\/person\/3230d5615f390bb808365d673001e887"},"headline":"LYON | Une semaine de gestes qui sauvent","datePublished":"2024-04-17T16:48:36+00:00","mainEntityOfPage":{"@id":"https:\/\/newsestlyonnais.fr\/site\/2024\/04\/17\/lyon-une-semaine-de-gestes-qui-sauvent-2\/"},"wordCount":167,"commentCount":0,"publisher":{"@id":"https:\/\/newsestlyonnais.fr\/site\/#organization"},"image":{"@id":"https:\/\/newsestlyonnais.fr\/site\/2024\/04\/17\/lyon-une-semaine-de-gestes-qui-sauvent-2\/#primaryimage"},"thumbnailUrl":"https:\/\/newsestlyonnais.fr\/site\/wp-content\/uploads\/2024\/04\/sgqs_2024_700x394.jpg","keywords":["GESTES QUI SAUVENT","LYON","SEMAINE"],"articleSection":["Lyon","Que de br\u00e8ves ...","Sant\u00e9 | Bien Etre | Solidarit\u00e9","Secours | S\u00e9curit\u00e9"],"inLanguage":"fr-FR","potentialAction":[{"@type":"CommentAction","name":"Comment","target":["https:\/\/newsestlyonnais.fr\/site\/2024\/04\/17\/lyon-une-semaine-de-gestes-qui-sauvent-2\/#respond"]}]},{"@type":"WebPage","@id":"https:\/\/newsestlyonnais.fr\/site\/2024\/04\/17\/lyon-une-semaine-de-gestes-qui-sauvent-2\/","url":"https:\/\/newsestlyonnais.fr\/site\/2024\/04\/17\/lyon-une-semaine-de-gestes-qui-sauvent-2\/","name":"LYON | Une semaine de gestes qui sauvent - News Est Lyonnais","isPartOf":{"@id":"https:\/\/newsestlyonnais.fr\/site\/#website"},"primaryImageOfPage":{"@id":"https:\/\/newsestlyonnais.fr\/site\/2024\/04\/17\/lyon-une-semaine-de-gestes-qui-sauvent-2\/#primaryimage"},"image":{"@id":"https:\/\/newsestlyonnais.fr\/site\/2024\/04\/17\/lyon-une-semaine-de-gestes-qui-sauvent-2\/#primaryimage"},"thumbnailUrl":"https:\/\/newsestlyonnais.fr\/site\/wp-content\/uploads\/2024\/04\/sgqs_2024_700x394.jpg","datePublished":"2024-04-17T16:48:36+00:00","description":"LYON | Une semaine de gestes qui sauvent","breadcrumb":{"@id":"https:\/\/newsestlyonnais.fr\/site\/2024\/04\/17\/lyon-une-semaine-de-gestes-qui-sauvent-2\/#breadcrumb"},"inLanguage":"fr-FR","potentialAction":[{"@type":"ReadAction","target":["https:\/\/newsestlyonnais.fr\/site\/2024\/04\/17\/lyon-une-semaine-de-gestes-qui-sauvent-2\/"]}]},{"@type":"ImageObject","inLanguage":"fr-FR","@id":"https:\/\/newsestlyonnais.fr\/site\/2024\/04\/17\/lyon-une-semaine-de-gestes-qui-sauvent-2\/#primaryimage","url":"https:\/\/newsestlyonnais.fr\/site\/wp-content\/uploads\/2024\/04\/sgqs_2024_700x394.jpg","contentUrl":"https:\/\/newsestlyonnais.fr\/site\/wp-content\/uploads\/2024\/04\/sgqs_2024_700x394.jpg","width":700,"height":394},{"@type":"BreadcrumbList","@id":"https:\/\/newsestlyonnais.fr\/site\/2024\/04\/17\/lyon-une-semaine-de-gestes-qui-sauvent-2\/#breadcrumb","itemListElement":[{"@type":"ListItem","position":1,"name":"Accueil","item":"https:\/\/newsestlyonnais.fr\/site\/"},{"@type":"ListItem","position":2,"name":"LYON | Une semaine de gestes qui sauvent"}]},{"@type":"WebSite","@id":"https:\/\/newsestlyonnais.fr\/site\/#website","url":"https:\/\/newsestlyonnais.fr\/site\/","name":"News Est Lyonnais","description":"L&#039;actualit\u00e9 au plus pr\u00e8s","publisher":{"@id":"https:\/\/newsestlyonnais.fr\/site\/#organization"},"potentialAction":[{"@type":"SearchAction","target":{"@type":"EntryPoint","urlTemplate":"https:\/\/newsestlyonnais.fr\/site\/?s={search_term_string}"},"query-input":{"@type":"PropertyValueSpecification","valueRequired":true,"valueName":"search_term_string"}}],"inLanguage":"fr-FR"},{"@type":"Organization","@id":"https:\/\/newsestlyonnais.fr\/site\/#organization","name":"News EST LYONNAIS","url":"https:\/\/newsestlyonnais.fr\/site\/","logo":{"@type":"ImageObject","inLanguage":"fr-FR","@id":"https:\/\/newsestlyonnais.fr\/site\/#\/schema\/logo\/image\/","url":"","contentUrl":"","caption":"News EST LYONNAIS"},"image":{"@id":"https:\/\/newsestlyonnais.fr\/site\/#\/schema\/logo\/image\/"}},{"@type":"Person","@id":"https:\/\/newsestlyonnais.fr\/site\/#\/schema\/person\/3230d5615f390bb808365d673001e887","name":"R\u00e9dac. NEWS","sameAs":["http:\/\/www.newsestlyonnais.fr","https:\/\/www.facebook.com\/pascal.oberson.1?fref=ts","https:\/\/fr.linkedin.com\/in\/pascal-oberson-b17045113"],"url":"https:\/\/newsestlyonnais.fr\/site\/author\/nel\/"}]}},"_links":{"self":[{"href":"https:\/\/newsestlyonnais.fr\/site\/wp-json\/wp\/v2\/posts\/202984","targetHints":{"allow":["GET"]}}],"collection":[{"href":"https:\/\/newsestlyonnais.fr\/site\/wp-json\/wp\/v2\/posts"}],"about":[{"href":"https:\/\/newsestlyonnais.fr\/site\/wp-json\/wp\/v2\/types\/post"}],"author":[{"embeddable":true,"href":"https:\/\/newsestlyonnais.fr\/site\/wp-json\/wp\/v2\/users\/4"}],"replies":[{"embeddable":true,"href":"https:\/\/newsestlyonnais.fr\/site\/wp-json\/wp\/v2\/comments?post=202984"}],"version-history":[{"count":0,"href":"https:\/\/newsestlyonnais.fr\/site\/wp-json\/wp\/v2\/posts\/202984\/revisions"}],"wp:featuredmedia":[{"embeddable":true,"href":"https:\/\/newsestlyonnais.fr\/site\/wp-json\/wp\/v2\/media\/202986"}],"wp:attachment":[{"href":"https:\/\/newsestlyonnais.fr\/site\/wp-json\/wp\/v2\/media?parent=202984"}],"wp:term":[{"taxonomy":"category","embeddable":true,"href":"https:\/\/newsestlyonnais.fr\/site\/wp-json\/wp\/v2\/categories?post=202984"},{"taxonomy":"post_tag","embeddable":true,"href":"https:\/\/newsestlyonnais.fr\/site\/wp-json\/wp\/v2\/tags?post=202984"}],"curies":[{"name":"wp","href":"https:\/\/api.w.org\/{rel}","templated":true}]}}