{"id":20304,"date":"2017-02-05T09:10:55","date_gmt":"2017-02-05T08:10:55","guid":{"rendered":"http:\/\/newsestlyonnais.fr\/site\/?p=20304"},"modified":"2020-10-30T17:19:08","modified_gmt":"2020-10-30T16:19:08","slug":"vaulx-en-velin-beau-succes-de-la-3-edition-d-a-chacun-son-defi","status":"publish","type":"post","link":"https:\/\/newsestlyonnais.fr\/site\/2017\/02\/05\/vaulx-en-velin-beau-succes-de-la-3-edition-d-a-chacun-son-defi\/","title":{"rendered":"VAULX-EN-VELIN | Beau succ\u00e8s de la 3\u00b0 \u00e9dition d&rsquo; \u00ab\u00a0A chacun son d\u00e9fi\u00a0\u00bb"},"content":{"rendered":"<h4>En partenariat avec le <strong>Comit\u00e9 d\u00e9partemental du sport adapt\u00e9 et l\u2019OMS de Vaulx en Velin, le Cercle d&rsquo;Escrime Vaudais<\/strong> organisait jeudi la 3\u00b0 \u00e9dition de l\u2019op\u00e9ration \u00abA chacun son d\u00e9fi\u00bb.<\/h4>\n<p>Une journ\u00e9e d\u00e9di\u00e9e au sport adapt\u00e9 et qui a permis d\u2019accueillir au gymnase Henri Wallon une quarantaine de personnes (enfants et adultes) en situation de handicap mental. Des participants issus de divers centres de la r\u00e9gion: Espoir Plus (V\u00e9nissieux), d\u2019accueil de jour (Parilly et Les Villanelles de Caluire) et des I.M.E.: Jean Jacques Rousseau (V\u00e9nissieux), Seguin (Part-Dieu) et la Cerisaie (Bessenay). Ils ont \u00e9t\u00e9 accueillis par Jean-Yves Coutant (pr\u00e9sident du Cercle d\u2019Escrime Vaudais), d\u2019Amine et Herv\u00e9 maitres d\u2019armes et de Pauline Occelli-Rochas, conseill\u00e8re technique f\u00e9d\u00e9rale du CDSA.<\/p>\n<p>\u00abSept ateliers (<span style=\"text-decoration: underline\">photos ci-dessous<\/span>) ont \u00e9t\u00e9 mis en place pour de la d\u00e9couverte de l\u2019escrime pour certains et d\u2019autres pour perfectionner une discipline qu\u2019ils pratiquent \u00e0 l\u2019ann\u00e9e. Une activit\u00e9 o\u00f9 ils n\u2019ont pas besoin de s\u2019identifier, notamment en duel avec les masques et qui leur apporte au niveau de la coordination\u00bb confiait la conseill\u00e8re technique.<\/p>\n<p>Pour Jean-Yves Coutant, pr\u00e9sident du CEV, \u00abc\u2019est une journ\u00e9e que l\u2019on organise pour la 3\u00b0 ann\u00e9e et qui a de plus en plus de succ\u00e8s. On a ainsi pu les accueillir par l\u2019interm\u00e9diaire de notre partenaire, le Comit\u00e9 D\u00e9partemental du Sport Adapt\u00e9 et l\u2019OMS de Vaulx en Velin nous soutient puisqu\u2019il a \u00e9t\u00e9 d\u00e9cid\u00e9 de mettre en avant le handicap sur la commune\u00bb.<\/p>\n<ul>\n<li>Retrouvez toute l&rsquo;ACTU du club sur: <a href=\"http:\/\/www.escrime-vaulx.fr\" target=\"_blank\" rel=\"noopener noreferrer\">http:\/\/www.escrime-vaulx.fr<\/a><\/li>\n<\/ul>\n<p><img loading=\"lazy\" decoding=\"async\" class=\"alignleft size-full wp-image-20308\" src=\"https:\/\/newsestlyonnais.fr\/site\/medias\/2017\/02\/NEWSESTLYONNIAS-A-CHACUNSONDEFI2.jpg\" alt=\"NEWSESTLYONNIAS - A CHACUNSONDEFI2\" width=\"1000\" height=\"750\" srcset=\"https:\/\/newsestlyonnais.fr\/site\/wp-content\/uploads\/2017\/02\/NEWSESTLYONNIAS-A-CHACUNSONDEFI2.jpg 1000w, https:\/\/newsestlyonnais.fr\/site\/wp-content\/uploads\/2017\/02\/NEWSESTLYONNIAS-A-CHACUNSONDEFI2-400x300.jpg 400w, https:\/\/newsestlyonnais.fr\/site\/wp-content\/uploads\/2017\/02\/NEWSESTLYONNIAS-A-CHACUNSONDEFI2-768x576.jpg 768w, https:\/\/newsestlyonnais.fr\/site\/wp-content\/uploads\/2017\/02\/NEWSESTLYONNIAS-A-CHACUNSONDEFI2-600x450.jpg 600w, https:\/\/newsestlyonnais.fr\/site\/wp-content\/uploads\/2017\/02\/NEWSESTLYONNIAS-A-CHACUNSONDEFI2-100x75.jpg 100w\" sizes=\"auto, (max-width: 1000px) 100vw, 1000px\" \/><\/p>\n<p><img loading=\"lazy\" decoding=\"async\" class=\"alignleft size-full wp-image-20309\" src=\"https:\/\/newsestlyonnais.fr\/site\/medias\/2017\/02\/NEWSESTLYONNAIS-VAULX-ACHACUNSONDEFI3.jpg\" alt=\"NEWSESTLYONNAIS - VAULX ACHACUNSONDEFI3\" width=\"1000\" height=\"750\" srcset=\"https:\/\/newsestlyonnais.fr\/site\/wp-content\/uploads\/2017\/02\/NEWSESTLYONNAIS-VAULX-ACHACUNSONDEFI3.jpg 1000w, https:\/\/newsestlyonnais.fr\/site\/wp-content\/uploads\/2017\/02\/NEWSESTLYONNAIS-VAULX-ACHACUNSONDEFI3-400x300.jpg 400w, https:\/\/newsestlyonnais.fr\/site\/wp-content\/uploads\/2017\/02\/NEWSESTLYONNAIS-VAULX-ACHACUNSONDEFI3-768x576.jpg 768w, https:\/\/newsestlyonnais.fr\/site\/wp-content\/uploads\/2017\/02\/NEWSESTLYONNAIS-VAULX-ACHACUNSONDEFI3-600x450.jpg 600w, https:\/\/newsestlyonnais.fr\/site\/wp-content\/uploads\/2017\/02\/NEWSESTLYONNAIS-VAULX-ACHACUNSONDEFI3-100x75.jpg 100w\" sizes=\"auto, (max-width: 1000px) 100vw, 1000px\" \/><\/p>\n<p><strong>\u00a0<\/strong><\/p>\n","protected":false},"excerpt":{"rendered":"<p>En partenariat avec le Comit\u00e9 d\u00e9partemental du sport adapt\u00e9 et l\u2019OMS de Vaulx en Velin, le Cercle d&rsquo;Escrime Vaudais organisait jeudi la 3\u00b0 \u00e9dition de l\u2019op\u00e9ration \u00abA chacun son d\u00e9fi\u00bb. Une journ\u00e9e d\u00e9di\u00e9e au sport adapt\u00e9 et qui a permis d\u2019accueillir au gymnase Henri Wallon une quarantaine de personnes (enfants et adultes) en situation de [&hellip;]<\/p>\n","protected":false},"author":4,"featured_media":20307,"comment_status":"open","ping_status":"open","sticky":false,"template":"","format":"standard","meta":{"footnotes":""},"categories":[3000,166,3015,28],"tags":[],"class_list":["post-20304","post","type-post","status-publish","format-standard","has-post-thumbnail","hentry","category-billard-echecs-escrime","category-divers-sports","category-handi-adapte","category-vaulx-en-velin"],"yoast_head":"<!-- This site is optimized with the Yoast SEO plugin v27.2 - https:\/\/yoast.com\/product\/yoast-seo-wordpress\/ -->\n<title>VAULX EN VELIN : Beau succ\u00e8s de la 3\u00b0 \u00e9dition d&#039; &quot;A chacun son d\u00e9fi&quot;<\/title>\n<meta name=\"description\" content=\"VAULX EN VELIN : Beau succ\u00e8s de la 3\u00b0 \u00e9dition d&#039; &quot;A chacun son d\u00e9fi&quot;\" \/>\n<meta name=\"robots\" content=\"index, follow, max-snippet:-1, max-image-preview:large, max-video-preview:-1\" \/>\n<link rel=\"canonical\" href=\"https:\/\/newsestlyonnais.fr\/site\/2017\/02\/05\/vaulx-en-velin-beau-succes-de-la-3-edition-d-a-chacun-son-defi\/\" \/>\n<meta property=\"og:locale\" content=\"fr_FR\" \/>\n<meta property=\"og:type\" content=\"article\" \/>\n<meta property=\"og:title\" content=\"VAULX EN VELIN : Beau succ\u00e8s de la 3\u00b0 \u00e9dition d&#039; &quot;A chacun son d\u00e9fi&quot;\" \/>\n<meta property=\"og:description\" content=\"VAULX EN VELIN : Beau succ\u00e8s de la 3\u00b0 \u00e9dition d&#039; &quot;A chacun son d\u00e9fi&quot;\" \/>\n<meta property=\"og:url\" content=\"https:\/\/newsestlyonnais.fr\/site\/2017\/02\/05\/vaulx-en-velin-beau-succes-de-la-3-edition-d-a-chacun-son-defi\/\" \/>\n<meta property=\"og:site_name\" content=\"News Est Lyonnais\" \/>\n<meta property=\"article:author\" content=\"https:\/\/www.facebook.com\/pascal.oberson.1?fref=ts\" \/>\n<meta property=\"article:published_time\" content=\"2017-02-05T08:10:55+00:00\" \/>\n<meta property=\"article:modified_time\" content=\"2020-10-30T16:19:08+00:00\" \/>\n<meta property=\"og:image\" content=\"https:\/\/i1.wp.com\/newsestlyonnais.fr\/site\/wp-content\/uploads\/2017\/02\/NEWSESTLYONNAIS-VAULX-ACHACUNSONDEFI.jpg?fit=1000%2C750&ssl=1\" \/>\n\t<meta property=\"og:image:width\" content=\"1000\" \/>\n\t<meta property=\"og:image:height\" content=\"750\" \/>\n\t<meta property=\"og:image:type\" content=\"image\/jpeg\" \/>\n<meta name=\"author\" content=\"R\u00e9dac. NEWS\" \/>\n<meta name=\"twitter:card\" content=\"summary_large_image\" \/>\n<meta name=\"twitter:label1\" content=\"\u00c9crit par\" \/>\n\t<meta name=\"twitter:data1\" content=\"R\u00e9dac. NEWS\" \/>\n\t<meta name=\"twitter:label2\" content=\"Dur\u00e9e de lecture estim\u00e9e\" \/>\n\t<meta name=\"twitter:data2\" content=\"1 minute\" \/>\n<script type=\"application\/ld+json\" class=\"yoast-schema-graph\">{\"@context\":\"https:\/\/schema.org\",\"@graph\":[{\"@type\":\"Article\",\"@id\":\"https:\/\/newsestlyonnais.fr\/site\/2017\/02\/05\/vaulx-en-velin-beau-succes-de-la-3-edition-d-a-chacun-son-defi\/#article\",\"isPartOf\":{\"@id\":\"https:\/\/newsestlyonnais.fr\/site\/2017\/02\/05\/vaulx-en-velin-beau-succes-de-la-3-edition-d-a-chacun-son-defi\/\"},\"author\":{\"name\":\"R\u00e9dac. NEWS\",\"@id\":\"https:\/\/newsestlyonnais.fr\/site\/#\/schema\/person\/3230d5615f390bb808365d673001e887\"},\"headline\":\"VAULX-EN-VELIN | Beau succ\u00e8s de la 3\u00b0 \u00e9dition d&rsquo; \u00ab\u00a0A chacun son d\u00e9fi\u00a0\u00bb\",\"datePublished\":\"2017-02-05T08:10:55+00:00\",\"dateModified\":\"2020-10-30T16:19:08+00:00\",\"mainEntityOfPage\":{\"@id\":\"https:\/\/newsestlyonnais.fr\/site\/2017\/02\/05\/vaulx-en-velin-beau-succes-de-la-3-edition-d-a-chacun-son-defi\/\"},\"wordCount\":300,\"commentCount\":0,\"publisher\":{\"@id\":\"https:\/\/newsestlyonnais.fr\/site\/#organization\"},\"image\":{\"@id\":\"https:\/\/newsestlyonnais.fr\/site\/2017\/02\/05\/vaulx-en-velin-beau-succes-de-la-3-edition-d-a-chacun-son-defi\/#primaryimage\"},\"thumbnailUrl\":\"https:\/\/newsestlyonnais.fr\/site\/wp-content\/uploads\/2017\/02\/NEWSESTLYONNAIS-VAULX-ACHACUNSONDEFI.jpg\",\"articleSection\":[\"Billard | Echecs | Escrime\",\"Divers Sports\",\"Handi &amp; adapt\u00e9\",\"Vaulx-en-Velin\"],\"inLanguage\":\"fr-FR\",\"potentialAction\":[{\"@type\":\"CommentAction\",\"name\":\"Comment\",\"target\":[\"https:\/\/newsestlyonnais.fr\/site\/2017\/02\/05\/vaulx-en-velin-beau-succes-de-la-3-edition-d-a-chacun-son-defi\/#respond\"]}]},{\"@type\":\"WebPage\",\"@id\":\"https:\/\/newsestlyonnais.fr\/site\/2017\/02\/05\/vaulx-en-velin-beau-succes-de-la-3-edition-d-a-chacun-son-defi\/\",\"url\":\"https:\/\/newsestlyonnais.fr\/site\/2017\/02\/05\/vaulx-en-velin-beau-succes-de-la-3-edition-d-a-chacun-son-defi\/\",\"name\":\"VAULX EN VELIN : Beau succ\u00e8s de la 3\u00b0 \u00e9dition d' \\\"A chacun son d\u00e9fi\\\"\",\"isPartOf\":{\"@id\":\"https:\/\/newsestlyonnais.fr\/site\/#website\"},\"primaryImageOfPage\":{\"@id\":\"https:\/\/newsestlyonnais.fr\/site\/2017\/02\/05\/vaulx-en-velin-beau-succes-de-la-3-edition-d-a-chacun-son-defi\/#primaryimage\"},\"image\":{\"@id\":\"https:\/\/newsestlyonnais.fr\/site\/2017\/02\/05\/vaulx-en-velin-beau-succes-de-la-3-edition-d-a-chacun-son-defi\/#primaryimage\"},\"thumbnailUrl\":\"https:\/\/newsestlyonnais.fr\/site\/wp-content\/uploads\/2017\/02\/NEWSESTLYONNAIS-VAULX-ACHACUNSONDEFI.jpg\",\"datePublished\":\"2017-02-05T08:10:55+00:00\",\"dateModified\":\"2020-10-30T16:19:08+00:00\",\"description\":\"VAULX EN VELIN : Beau succ\u00e8s de la 3\u00b0 \u00e9dition d' \\\"A chacun son d\u00e9fi\\\"\",\"breadcrumb\":{\"@id\":\"https:\/\/newsestlyonnais.fr\/site\/2017\/02\/05\/vaulx-en-velin-beau-succes-de-la-3-edition-d-a-chacun-son-defi\/#breadcrumb\"},\"inLanguage\":\"fr-FR\",\"potentialAction\":[{\"@type\":\"ReadAction\",\"target\":[\"https:\/\/newsestlyonnais.fr\/site\/2017\/02\/05\/vaulx-en-velin-beau-succes-de-la-3-edition-d-a-chacun-son-defi\/\"]}]},{\"@type\":\"ImageObject\",\"inLanguage\":\"fr-FR\",\"@id\":\"https:\/\/newsestlyonnais.fr\/site\/2017\/02\/05\/vaulx-en-velin-beau-succes-de-la-3-edition-d-a-chacun-son-defi\/#primaryimage\",\"url\":\"https:\/\/newsestlyonnais.fr\/site\/wp-content\/uploads\/2017\/02\/NEWSESTLYONNAIS-VAULX-ACHACUNSONDEFI.jpg\",\"contentUrl\":\"https:\/\/newsestlyonnais.fr\/site\/wp-content\/uploads\/2017\/02\/NEWSESTLYONNAIS-VAULX-ACHACUNSONDEFI.jpg\",\"width\":1000,\"height\":750,\"caption\":\"NEWSESTLYONNAIS - VAULX ACHACUNSONDEFI\"},{\"@type\":\"BreadcrumbList\",\"@id\":\"https:\/\/newsestlyonnais.fr\/site\/2017\/02\/05\/vaulx-en-velin-beau-succes-de-la-3-edition-d-a-chacun-son-defi\/#breadcrumb\",\"itemListElement\":[{\"@type\":\"ListItem\",\"position\":1,\"name\":\"Accueil\",\"item\":\"https:\/\/newsestlyonnais.fr\/site\/\"},{\"@type\":\"ListItem\",\"position\":2,\"name\":\"VAULX-EN-VELIN | Beau succ\u00e8s de la 3\u00b0 \u00e9dition d&rsquo; \u00ab\u00a0A chacun son d\u00e9fi\u00a0\u00bb\"}]},{\"@type\":\"WebSite\",\"@id\":\"https:\/\/newsestlyonnais.fr\/site\/#website\",\"url\":\"https:\/\/newsestlyonnais.fr\/site\/\",\"name\":\"News Est Lyonnais\",\"description\":\"L&#039;actualit\u00e9 au plus pr\u00e8s\",\"publisher\":{\"@id\":\"https:\/\/newsestlyonnais.fr\/site\/#organization\"},\"potentialAction\":[{\"@type\":\"SearchAction\",\"target\":{\"@type\":\"EntryPoint\",\"urlTemplate\":\"https:\/\/newsestlyonnais.fr\/site\/?s={search_term_string}\"},\"query-input\":{\"@type\":\"PropertyValueSpecification\",\"valueRequired\":true,\"valueName\":\"search_term_string\"}}],\"inLanguage\":\"fr-FR\"},{\"@type\":\"Organization\",\"@id\":\"https:\/\/newsestlyonnais.fr\/site\/#organization\",\"name\":\"News EST LYONNAIS\",\"url\":\"https:\/\/newsestlyonnais.fr\/site\/\",\"logo\":{\"@type\":\"ImageObject\",\"inLanguage\":\"fr-FR\",\"@id\":\"https:\/\/newsestlyonnais.fr\/site\/#\/schema\/logo\/image\/\",\"url\":\"\",\"contentUrl\":\"\",\"caption\":\"News EST LYONNAIS\"},\"image\":{\"@id\":\"https:\/\/newsestlyonnais.fr\/site\/#\/schema\/logo\/image\/\"}},{\"@type\":\"Person\",\"@id\":\"https:\/\/newsestlyonnais.fr\/site\/#\/schema\/person\/3230d5615f390bb808365d673001e887\",\"name\":\"R\u00e9dac. NEWS\",\"sameAs\":[\"http:\/\/www.newsestlyonnais.fr\",\"https:\/\/www.facebook.com\/pascal.oberson.1?fref=ts\",\"https:\/\/fr.linkedin.com\/in\/pascal-oberson-b17045113\"],\"url\":\"https:\/\/newsestlyonnais.fr\/site\/author\/nel\/\"}]}<\/script>\n<!-- \/ Yoast SEO plugin. -->","yoast_head_json":{"title":"VAULX EN VELIN : Beau succ\u00e8s de la 3\u00b0 \u00e9dition d' \"A chacun son d\u00e9fi\"","description":"VAULX EN VELIN : Beau succ\u00e8s de la 3\u00b0 \u00e9dition d' \"A chacun son d\u00e9fi\"","robots":{"index":"index","follow":"follow","max-snippet":"max-snippet:-1","max-image-preview":"max-image-preview:large","max-video-preview":"max-video-preview:-1"},"canonical":"https:\/\/newsestlyonnais.fr\/site\/2017\/02\/05\/vaulx-en-velin-beau-succes-de-la-3-edition-d-a-chacun-son-defi\/","og_locale":"fr_FR","og_type":"article","og_title":"VAULX EN VELIN : Beau succ\u00e8s de la 3\u00b0 \u00e9dition d' \"A chacun son d\u00e9fi\"","og_description":"VAULX EN VELIN : Beau succ\u00e8s de la 3\u00b0 \u00e9dition d' \"A chacun son d\u00e9fi\"","og_url":"https:\/\/newsestlyonnais.fr\/site\/2017\/02\/05\/vaulx-en-velin-beau-succes-de-la-3-edition-d-a-chacun-son-defi\/","og_site_name":"News Est Lyonnais","article_author":"https:\/\/www.facebook.com\/pascal.oberson.1?fref=ts","article_published_time":"2017-02-05T08:10:55+00:00","article_modified_time":"2020-10-30T16:19:08+00:00","og_image":[{"width":1000,"height":750,"url":"https:\/\/i1.wp.com\/newsestlyonnais.fr\/site\/wp-content\/uploads\/2017\/02\/NEWSESTLYONNAIS-VAULX-ACHACUNSONDEFI.jpg?fit=1000%2C750&ssl=1","type":"image\/jpeg"}],"author":"R\u00e9dac. NEWS","twitter_card":"summary_large_image","twitter_misc":{"\u00c9crit par":"R\u00e9dac. NEWS","Dur\u00e9e de lecture estim\u00e9e":"1 minute"},"schema":{"@context":"https:\/\/schema.org","@graph":[{"@type":"Article","@id":"https:\/\/newsestlyonnais.fr\/site\/2017\/02\/05\/vaulx-en-velin-beau-succes-de-la-3-edition-d-a-chacun-son-defi\/#article","isPartOf":{"@id":"https:\/\/newsestlyonnais.fr\/site\/2017\/02\/05\/vaulx-en-velin-beau-succes-de-la-3-edition-d-a-chacun-son-defi\/"},"author":{"name":"R\u00e9dac. NEWS","@id":"https:\/\/newsestlyonnais.fr\/site\/#\/schema\/person\/3230d5615f390bb808365d673001e887"},"headline":"VAULX-EN-VELIN | Beau succ\u00e8s de la 3\u00b0 \u00e9dition d&rsquo; \u00ab\u00a0A chacun son d\u00e9fi\u00a0\u00bb","datePublished":"2017-02-05T08:10:55+00:00","dateModified":"2020-10-30T16:19:08+00:00","mainEntityOfPage":{"@id":"https:\/\/newsestlyonnais.fr\/site\/2017\/02\/05\/vaulx-en-velin-beau-succes-de-la-3-edition-d-a-chacun-son-defi\/"},"wordCount":300,"commentCount":0,"publisher":{"@id":"https:\/\/newsestlyonnais.fr\/site\/#organization"},"image":{"@id":"https:\/\/newsestlyonnais.fr\/site\/2017\/02\/05\/vaulx-en-velin-beau-succes-de-la-3-edition-d-a-chacun-son-defi\/#primaryimage"},"thumbnailUrl":"https:\/\/newsestlyonnais.fr\/site\/wp-content\/uploads\/2017\/02\/NEWSESTLYONNAIS-VAULX-ACHACUNSONDEFI.jpg","articleSection":["Billard | Echecs | Escrime","Divers Sports","Handi &amp; adapt\u00e9","Vaulx-en-Velin"],"inLanguage":"fr-FR","potentialAction":[{"@type":"CommentAction","name":"Comment","target":["https:\/\/newsestlyonnais.fr\/site\/2017\/02\/05\/vaulx-en-velin-beau-succes-de-la-3-edition-d-a-chacun-son-defi\/#respond"]}]},{"@type":"WebPage","@id":"https:\/\/newsestlyonnais.fr\/site\/2017\/02\/05\/vaulx-en-velin-beau-succes-de-la-3-edition-d-a-chacun-son-defi\/","url":"https:\/\/newsestlyonnais.fr\/site\/2017\/02\/05\/vaulx-en-velin-beau-succes-de-la-3-edition-d-a-chacun-son-defi\/","name":"VAULX EN VELIN : Beau succ\u00e8s de la 3\u00b0 \u00e9dition d' \"A chacun son d\u00e9fi\"","isPartOf":{"@id":"https:\/\/newsestlyonnais.fr\/site\/#website"},"primaryImageOfPage":{"@id":"https:\/\/newsestlyonnais.fr\/site\/2017\/02\/05\/vaulx-en-velin-beau-succes-de-la-3-edition-d-a-chacun-son-defi\/#primaryimage"},"image":{"@id":"https:\/\/newsestlyonnais.fr\/site\/2017\/02\/05\/vaulx-en-velin-beau-succes-de-la-3-edition-d-a-chacun-son-defi\/#primaryimage"},"thumbnailUrl":"https:\/\/newsestlyonnais.fr\/site\/wp-content\/uploads\/2017\/02\/NEWSESTLYONNAIS-VAULX-ACHACUNSONDEFI.jpg","datePublished":"2017-02-05T08:10:55+00:00","dateModified":"2020-10-30T16:19:08+00:00","description":"VAULX EN VELIN : Beau succ\u00e8s de la 3\u00b0 \u00e9dition d' \"A chacun son d\u00e9fi\"","breadcrumb":{"@id":"https:\/\/newsestlyonnais.fr\/site\/2017\/02\/05\/vaulx-en-velin-beau-succes-de-la-3-edition-d-a-chacun-son-defi\/#breadcrumb"},"inLanguage":"fr-FR","potentialAction":[{"@type":"ReadAction","target":["https:\/\/newsestlyonnais.fr\/site\/2017\/02\/05\/vaulx-en-velin-beau-succes-de-la-3-edition-d-a-chacun-son-defi\/"]}]},{"@type":"ImageObject","inLanguage":"fr-FR","@id":"https:\/\/newsestlyonnais.fr\/site\/2017\/02\/05\/vaulx-en-velin-beau-succes-de-la-3-edition-d-a-chacun-son-defi\/#primaryimage","url":"https:\/\/newsestlyonnais.fr\/site\/wp-content\/uploads\/2017\/02\/NEWSESTLYONNAIS-VAULX-ACHACUNSONDEFI.jpg","contentUrl":"https:\/\/newsestlyonnais.fr\/site\/wp-content\/uploads\/2017\/02\/NEWSESTLYONNAIS-VAULX-ACHACUNSONDEFI.jpg","width":1000,"height":750,"caption":"NEWSESTLYONNAIS - VAULX ACHACUNSONDEFI"},{"@type":"BreadcrumbList","@id":"https:\/\/newsestlyonnais.fr\/site\/2017\/02\/05\/vaulx-en-velin-beau-succes-de-la-3-edition-d-a-chacun-son-defi\/#breadcrumb","itemListElement":[{"@type":"ListItem","position":1,"name":"Accueil","item":"https:\/\/newsestlyonnais.fr\/site\/"},{"@type":"ListItem","position":2,"name":"VAULX-EN-VELIN | Beau succ\u00e8s de la 3\u00b0 \u00e9dition d&rsquo; \u00ab\u00a0A chacun son d\u00e9fi\u00a0\u00bb"}]},{"@type":"WebSite","@id":"https:\/\/newsestlyonnais.fr\/site\/#website","url":"https:\/\/newsestlyonnais.fr\/site\/","name":"News Est Lyonnais","description":"L&#039;actualit\u00e9 au plus pr\u00e8s","publisher":{"@id":"https:\/\/newsestlyonnais.fr\/site\/#organization"},"potentialAction":[{"@type":"SearchAction","target":{"@type":"EntryPoint","urlTemplate":"https:\/\/newsestlyonnais.fr\/site\/?s={search_term_string}"},"query-input":{"@type":"PropertyValueSpecification","valueRequired":true,"valueName":"search_term_string"}}],"inLanguage":"fr-FR"},{"@type":"Organization","@id":"https:\/\/newsestlyonnais.fr\/site\/#organization","name":"News EST LYONNAIS","url":"https:\/\/newsestlyonnais.fr\/site\/","logo":{"@type":"ImageObject","inLanguage":"fr-FR","@id":"https:\/\/newsestlyonnais.fr\/site\/#\/schema\/logo\/image\/","url":"","contentUrl":"","caption":"News EST LYONNAIS"},"image":{"@id":"https:\/\/newsestlyonnais.fr\/site\/#\/schema\/logo\/image\/"}},{"@type":"Person","@id":"https:\/\/newsestlyonnais.fr\/site\/#\/schema\/person\/3230d5615f390bb808365d673001e887","name":"R\u00e9dac. NEWS","sameAs":["http:\/\/www.newsestlyonnais.fr","https:\/\/www.facebook.com\/pascal.oberson.1?fref=ts","https:\/\/fr.linkedin.com\/in\/pascal-oberson-b17045113"],"url":"https:\/\/newsestlyonnais.fr\/site\/author\/nel\/"}]}},"_links":{"self":[{"href":"https:\/\/newsestlyonnais.fr\/site\/wp-json\/wp\/v2\/posts\/20304","targetHints":{"allow":["GET"]}}],"collection":[{"href":"https:\/\/newsestlyonnais.fr\/site\/wp-json\/wp\/v2\/posts"}],"about":[{"href":"https:\/\/newsestlyonnais.fr\/site\/wp-json\/wp\/v2\/types\/post"}],"author":[{"embeddable":true,"href":"https:\/\/newsestlyonnais.fr\/site\/wp-json\/wp\/v2\/users\/4"}],"replies":[{"embeddable":true,"href":"https:\/\/newsestlyonnais.fr\/site\/wp-json\/wp\/v2\/comments?post=20304"}],"version-history":[{"count":0,"href":"https:\/\/newsestlyonnais.fr\/site\/wp-json\/wp\/v2\/posts\/20304\/revisions"}],"wp:featuredmedia":[{"embeddable":true,"href":"https:\/\/newsestlyonnais.fr\/site\/wp-json\/wp\/v2\/media\/20307"}],"wp:attachment":[{"href":"https:\/\/newsestlyonnais.fr\/site\/wp-json\/wp\/v2\/media?parent=20304"}],"wp:term":[{"taxonomy":"category","embeddable":true,"href":"https:\/\/newsestlyonnais.fr\/site\/wp-json\/wp\/v2\/categories?post=20304"},{"taxonomy":"post_tag","embeddable":true,"href":"https:\/\/newsestlyonnais.fr\/site\/wp-json\/wp\/v2\/tags?post=20304"}],"curies":[{"name":"wp","href":"https:\/\/api.w.org\/{rel}","templated":true}]}}