{"id":20313,"date":"2017-02-05T09:32:46","date_gmt":"2017-02-05T08:32:46","guid":{"rendered":"http:\/\/newsestlyonnais.fr\/site\/?p=20313"},"modified":"2020-11-19T12:02:21","modified_gmt":"2020-11-19T11:02:21","slug":"venissieux-competition-de-wushu-arts-martiaux-chinois","status":"publish","type":"post","link":"https:\/\/newsestlyonnais.fr\/site\/2017\/02\/05\/venissieux-competition-de-wushu-arts-martiaux-chinois\/","title":{"rendered":"VENISSIEUX | Comp\u00e9tition de wushu (arts martiaux chinois)."},"content":{"rendered":"<h4 class=\"ox-c1445a7c68-MsoNormal\">Le dimanche 12 f\u00e9vrier 2017, le Gymnase Jacques Anquetil de V\u00e9nissieux accueillera une comp\u00e9tition de wushu (arts martiaux chinois).<\/h4>\n<p class=\"ox-c1445a7c68-MsoNormal\">Le Comit\u00e9 d\u00e9partemental du Rh\u00f4ne \/ M\u00e9tropole de Lyon de Karat\u00e9 et Disciplines Associ\u00e9es organisera la <b>Coupe d\u00e9partementale de Duan Bing<\/b> (escrime chinoise) <b>et de Taolu<\/b> (enchainements codifi\u00e9s). C\u2019est <span style=\"text-decoration: underline\">une premi\u00e8re en France concernant le Duan Bing<\/span> et cette comp\u00e9tition est ouverte aux autres d\u00e9partements.<\/p>\n<p class=\"ox-c1445a7c68-MsoNormal\">Durant cette journ\u00e9e, seront \u00e9galement organis\u00e9es une initiation gratuite au Duan Bing pour les enfants et adolescents et une d\u00e9monstration de wushu.<\/p>\n<p class=\"ox-c1445a7c68-MsoNormal\">\u00a0&#8211;\u00a0\u00a0 <b><span style=\"text-decoration: underline\">LE PROGRAMME<\/span>\u00a0:\u00a0 <\/b><\/p>\n<p class=\"ox-c1445a7c68-MsoNormal\"><b>COMPETITION DE DUAN BING ET DE TAOLU:<br \/>\n<\/b><\/p>\n<p class=\"ox-c1445a7c68-MsoNormal\">De 9 h \u00e0 12 h 30\u00a0: poussins, pupilles et benjamins &amp; de 14 h \u00e0 18 h\u00a0: minimes, cadets, juniors et seniors<\/p>\n<p class=\"ox-c1445a7c68-MsoNormal\"><b>INITIATION GRATUITE AU DUAN BING: <\/b>2<b> <\/b>sessions pour les enfants et les adolescents (de 10 h \u00e0 11 h 15 &amp; de 14 h \u00e0 15 h 30).\u00a0 <b><br \/>\n<\/b><\/p>\n<p class=\"ox-c1445a7c68-MsoNormal\"><b>UNE DEMONSTRATION DE WUSHU: v<\/b>ers 11 h 30<\/p>\n<p class=\"ox-c1445a7c68-MsoNormal\"><b>Entr\u00e9e gratuite<\/b><\/p>\n<ul>\n<li class=\"ox-c1445a7c68-MsoNormal\">Plus d&rsquo;infos sur: <a href=\"http:\/\/sites.ffkarate.fr\/rhonemetropoledelyon\" target=\"_blank\" rel=\"noopener noreferrer\">http:\/\/sites.ffkarate.fr\/rhonemetropoledelyon<\/a><\/li>\n<\/ul>\n","protected":false},"excerpt":{"rendered":"<p>Le dimanche 12 f\u00e9vrier 2017, le Gymnase Jacques Anquetil de V\u00e9nissieux accueillera une comp\u00e9tition de wushu (arts martiaux chinois). Le Comit\u00e9 d\u00e9partemental du Rh\u00f4ne \/ M\u00e9tropole de Lyon de Karat\u00e9 et Disciplines Associ\u00e9es organisera la Coupe d\u00e9partementale de Duan Bing (escrime chinoise) et de Taolu (enchainements codifi\u00e9s). C\u2019est une premi\u00e8re en France concernant le Duan [&hellip;]<\/p>\n","protected":false},"author":4,"featured_media":20312,"comment_status":"open","ping_status":"open","sticky":false,"template":"","format":"standard","meta":{"footnotes":""},"categories":[574,166,1298],"tags":[],"class_list":["post-20313","post","type-post","status-publish","format-standard","has-post-thumbnail","hentry","category-autres-sports","category-divers-sports","category-venissieux"],"yoast_head":"<!-- This site is optimized with the Yoast SEO plugin v27.2 - https:\/\/yoast.com\/product\/yoast-seo-wordpress\/ -->\n<title>VENISSIEUX : Comp\u00e9tition de wushu (arts martiaux chinois).<\/title>\n<meta name=\"description\" content=\"VENISSIEUX : Comp\u00e9tition de wushu (arts martiaux chinois).dimanche 12 f\u00e9vrier 2017 au gymnase Jacques Anquetil et grande premi\u00e8re en France\" \/>\n<meta name=\"robots\" content=\"index, follow, max-snippet:-1, max-image-preview:large, max-video-preview:-1\" \/>\n<link rel=\"canonical\" href=\"https:\/\/newsestlyonnais.fr\/site\/2017\/02\/05\/venissieux-competition-de-wushu-arts-martiaux-chinois\/\" \/>\n<meta property=\"og:locale\" content=\"fr_FR\" \/>\n<meta property=\"og:type\" content=\"article\" \/>\n<meta property=\"og:title\" content=\"VENISSIEUX : Comp\u00e9tition de wushu (arts martiaux chinois).\" \/>\n<meta property=\"og:description\" content=\"VENISSIEUX : Comp\u00e9tition de wushu (arts martiaux chinois).dimanche 12 f\u00e9vrier 2017 au gymnase Jacques Anquetil et grande premi\u00e8re en France\" \/>\n<meta property=\"og:url\" content=\"https:\/\/newsestlyonnais.fr\/site\/2017\/02\/05\/venissieux-competition-de-wushu-arts-martiaux-chinois\/\" \/>\n<meta property=\"og:site_name\" content=\"News Est Lyonnais\" \/>\n<meta property=\"article:author\" content=\"https:\/\/www.facebook.com\/pascal.oberson.1?fref=ts\" \/>\n<meta property=\"article:published_time\" content=\"2017-02-05T08:32:46+00:00\" \/>\n<meta property=\"article:modified_time\" content=\"2020-11-19T11:02:21+00:00\" \/>\n<meta property=\"og:image\" content=\"https:\/\/i1.wp.com\/newsestlyonnais.fr\/site\/wp-content\/uploads\/2017\/02\/NEWSESTLYONNAIS-ARTS-MARTIAUX-CHINOIS.jpg?fit=1000%2C750&ssl=1\" \/>\n\t<meta property=\"og:image:width\" content=\"1000\" \/>\n\t<meta property=\"og:image:height\" content=\"750\" \/>\n\t<meta property=\"og:image:type\" content=\"image\/jpeg\" \/>\n<meta name=\"author\" content=\"R\u00e9dac. NEWS\" \/>\n<meta name=\"twitter:card\" content=\"summary_large_image\" \/>\n<meta name=\"twitter:label1\" content=\"\u00c9crit par\" \/>\n\t<meta name=\"twitter:data1\" content=\"R\u00e9dac. NEWS\" \/>\n\t<meta name=\"twitter:label2\" content=\"Dur\u00e9e de lecture estim\u00e9e\" \/>\n\t<meta name=\"twitter:data2\" content=\"1 minute\" \/>\n<script type=\"application\/ld+json\" class=\"yoast-schema-graph\">{\"@context\":\"https:\/\/schema.org\",\"@graph\":[{\"@type\":\"Article\",\"@id\":\"https:\/\/newsestlyonnais.fr\/site\/2017\/02\/05\/venissieux-competition-de-wushu-arts-martiaux-chinois\/#article\",\"isPartOf\":{\"@id\":\"https:\/\/newsestlyonnais.fr\/site\/2017\/02\/05\/venissieux-competition-de-wushu-arts-martiaux-chinois\/\"},\"author\":{\"name\":\"R\u00e9dac. NEWS\",\"@id\":\"https:\/\/newsestlyonnais.fr\/site\/#\/schema\/person\/3230d5615f390bb808365d673001e887\"},\"headline\":\"VENISSIEUX | Comp\u00e9tition de wushu (arts martiaux chinois).\",\"datePublished\":\"2017-02-05T08:32:46+00:00\",\"dateModified\":\"2020-11-19T11:02:21+00:00\",\"mainEntityOfPage\":{\"@id\":\"https:\/\/newsestlyonnais.fr\/site\/2017\/02\/05\/venissieux-competition-de-wushu-arts-martiaux-chinois\/\"},\"wordCount\":170,\"commentCount\":0,\"publisher\":{\"@id\":\"https:\/\/newsestlyonnais.fr\/site\/#organization\"},\"image\":{\"@id\":\"https:\/\/newsestlyonnais.fr\/site\/2017\/02\/05\/venissieux-competition-de-wushu-arts-martiaux-chinois\/#primaryimage\"},\"thumbnailUrl\":\"https:\/\/newsestlyonnais.fr\/site\/wp-content\/uploads\/2017\/02\/NEWSESTLYONNAIS-ARTS-MARTIAUX-CHINOIS.jpg\",\"articleSection\":[\"Autres sports\",\"Divers Sports\",\"V\u00e9nissieux\"],\"inLanguage\":\"fr-FR\",\"potentialAction\":[{\"@type\":\"CommentAction\",\"name\":\"Comment\",\"target\":[\"https:\/\/newsestlyonnais.fr\/site\/2017\/02\/05\/venissieux-competition-de-wushu-arts-martiaux-chinois\/#respond\"]}]},{\"@type\":\"WebPage\",\"@id\":\"https:\/\/newsestlyonnais.fr\/site\/2017\/02\/05\/venissieux-competition-de-wushu-arts-martiaux-chinois\/\",\"url\":\"https:\/\/newsestlyonnais.fr\/site\/2017\/02\/05\/venissieux-competition-de-wushu-arts-martiaux-chinois\/\",\"name\":\"VENISSIEUX : Comp\u00e9tition de wushu (arts martiaux chinois).\",\"isPartOf\":{\"@id\":\"https:\/\/newsestlyonnais.fr\/site\/#website\"},\"primaryImageOfPage\":{\"@id\":\"https:\/\/newsestlyonnais.fr\/site\/2017\/02\/05\/venissieux-competition-de-wushu-arts-martiaux-chinois\/#primaryimage\"},\"image\":{\"@id\":\"https:\/\/newsestlyonnais.fr\/site\/2017\/02\/05\/venissieux-competition-de-wushu-arts-martiaux-chinois\/#primaryimage\"},\"thumbnailUrl\":\"https:\/\/newsestlyonnais.fr\/site\/wp-content\/uploads\/2017\/02\/NEWSESTLYONNAIS-ARTS-MARTIAUX-CHINOIS.jpg\",\"datePublished\":\"2017-02-05T08:32:46+00:00\",\"dateModified\":\"2020-11-19T11:02:21+00:00\",\"description\":\"VENISSIEUX : Comp\u00e9tition de wushu (arts martiaux chinois).dimanche 12 f\u00e9vrier 2017 au gymnase Jacques Anquetil et grande premi\u00e8re en France\",\"breadcrumb\":{\"@id\":\"https:\/\/newsestlyonnais.fr\/site\/2017\/02\/05\/venissieux-competition-de-wushu-arts-martiaux-chinois\/#breadcrumb\"},\"inLanguage\":\"fr-FR\",\"potentialAction\":[{\"@type\":\"ReadAction\",\"target\":[\"https:\/\/newsestlyonnais.fr\/site\/2017\/02\/05\/venissieux-competition-de-wushu-arts-martiaux-chinois\/\"]}]},{\"@type\":\"ImageObject\",\"inLanguage\":\"fr-FR\",\"@id\":\"https:\/\/newsestlyonnais.fr\/site\/2017\/02\/05\/venissieux-competition-de-wushu-arts-martiaux-chinois\/#primaryimage\",\"url\":\"https:\/\/newsestlyonnais.fr\/site\/wp-content\/uploads\/2017\/02\/NEWSESTLYONNAIS-ARTS-MARTIAUX-CHINOIS.jpg\",\"contentUrl\":\"https:\/\/newsestlyonnais.fr\/site\/wp-content\/uploads\/2017\/02\/NEWSESTLYONNAIS-ARTS-MARTIAUX-CHINOIS.jpg\",\"width\":1000,\"height\":750,\"caption\":\"NEWSESTLYONNAIS - ARTS MARTIAUX CHINOIS\"},{\"@type\":\"BreadcrumbList\",\"@id\":\"https:\/\/newsestlyonnais.fr\/site\/2017\/02\/05\/venissieux-competition-de-wushu-arts-martiaux-chinois\/#breadcrumb\",\"itemListElement\":[{\"@type\":\"ListItem\",\"position\":1,\"name\":\"Accueil\",\"item\":\"https:\/\/newsestlyonnais.fr\/site\/\"},{\"@type\":\"ListItem\",\"position\":2,\"name\":\"VENISSIEUX | Comp\u00e9tition de wushu (arts martiaux chinois).\"}]},{\"@type\":\"WebSite\",\"@id\":\"https:\/\/newsestlyonnais.fr\/site\/#website\",\"url\":\"https:\/\/newsestlyonnais.fr\/site\/\",\"name\":\"News Est Lyonnais\",\"description\":\"L&#039;actualit\u00e9 au plus pr\u00e8s\",\"publisher\":{\"@id\":\"https:\/\/newsestlyonnais.fr\/site\/#organization\"},\"potentialAction\":[{\"@type\":\"SearchAction\",\"target\":{\"@type\":\"EntryPoint\",\"urlTemplate\":\"https:\/\/newsestlyonnais.fr\/site\/?s={search_term_string}\"},\"query-input\":{\"@type\":\"PropertyValueSpecification\",\"valueRequired\":true,\"valueName\":\"search_term_string\"}}],\"inLanguage\":\"fr-FR\"},{\"@type\":\"Organization\",\"@id\":\"https:\/\/newsestlyonnais.fr\/site\/#organization\",\"name\":\"News EST LYONNAIS\",\"url\":\"https:\/\/newsestlyonnais.fr\/site\/\",\"logo\":{\"@type\":\"ImageObject\",\"inLanguage\":\"fr-FR\",\"@id\":\"https:\/\/newsestlyonnais.fr\/site\/#\/schema\/logo\/image\/\",\"url\":\"\",\"contentUrl\":\"\",\"caption\":\"News EST LYONNAIS\"},\"image\":{\"@id\":\"https:\/\/newsestlyonnais.fr\/site\/#\/schema\/logo\/image\/\"}},{\"@type\":\"Person\",\"@id\":\"https:\/\/newsestlyonnais.fr\/site\/#\/schema\/person\/3230d5615f390bb808365d673001e887\",\"name\":\"R\u00e9dac. NEWS\",\"sameAs\":[\"http:\/\/www.newsestlyonnais.fr\",\"https:\/\/www.facebook.com\/pascal.oberson.1?fref=ts\",\"https:\/\/fr.linkedin.com\/in\/pascal-oberson-b17045113\"],\"url\":\"https:\/\/newsestlyonnais.fr\/site\/author\/nel\/\"}]}<\/script>\n<!-- \/ Yoast SEO plugin. -->","yoast_head_json":{"title":"VENISSIEUX : Comp\u00e9tition de wushu (arts martiaux chinois).","description":"VENISSIEUX : Comp\u00e9tition de wushu (arts martiaux chinois).dimanche 12 f\u00e9vrier 2017 au gymnase Jacques Anquetil et grande premi\u00e8re en France","robots":{"index":"index","follow":"follow","max-snippet":"max-snippet:-1","max-image-preview":"max-image-preview:large","max-video-preview":"max-video-preview:-1"},"canonical":"https:\/\/newsestlyonnais.fr\/site\/2017\/02\/05\/venissieux-competition-de-wushu-arts-martiaux-chinois\/","og_locale":"fr_FR","og_type":"article","og_title":"VENISSIEUX : Comp\u00e9tition de wushu (arts martiaux chinois).","og_description":"VENISSIEUX : Comp\u00e9tition de wushu (arts martiaux chinois).dimanche 12 f\u00e9vrier 2017 au gymnase Jacques Anquetil et grande premi\u00e8re en France","og_url":"https:\/\/newsestlyonnais.fr\/site\/2017\/02\/05\/venissieux-competition-de-wushu-arts-martiaux-chinois\/","og_site_name":"News Est Lyonnais","article_author":"https:\/\/www.facebook.com\/pascal.oberson.1?fref=ts","article_published_time":"2017-02-05T08:32:46+00:00","article_modified_time":"2020-11-19T11:02:21+00:00","og_image":[{"width":1000,"height":750,"url":"https:\/\/i1.wp.com\/newsestlyonnais.fr\/site\/wp-content\/uploads\/2017\/02\/NEWSESTLYONNAIS-ARTS-MARTIAUX-CHINOIS.jpg?fit=1000%2C750&ssl=1","type":"image\/jpeg"}],"author":"R\u00e9dac. NEWS","twitter_card":"summary_large_image","twitter_misc":{"\u00c9crit par":"R\u00e9dac. NEWS","Dur\u00e9e de lecture estim\u00e9e":"1 minute"},"schema":{"@context":"https:\/\/schema.org","@graph":[{"@type":"Article","@id":"https:\/\/newsestlyonnais.fr\/site\/2017\/02\/05\/venissieux-competition-de-wushu-arts-martiaux-chinois\/#article","isPartOf":{"@id":"https:\/\/newsestlyonnais.fr\/site\/2017\/02\/05\/venissieux-competition-de-wushu-arts-martiaux-chinois\/"},"author":{"name":"R\u00e9dac. NEWS","@id":"https:\/\/newsestlyonnais.fr\/site\/#\/schema\/person\/3230d5615f390bb808365d673001e887"},"headline":"VENISSIEUX | Comp\u00e9tition de wushu (arts martiaux chinois).","datePublished":"2017-02-05T08:32:46+00:00","dateModified":"2020-11-19T11:02:21+00:00","mainEntityOfPage":{"@id":"https:\/\/newsestlyonnais.fr\/site\/2017\/02\/05\/venissieux-competition-de-wushu-arts-martiaux-chinois\/"},"wordCount":170,"commentCount":0,"publisher":{"@id":"https:\/\/newsestlyonnais.fr\/site\/#organization"},"image":{"@id":"https:\/\/newsestlyonnais.fr\/site\/2017\/02\/05\/venissieux-competition-de-wushu-arts-martiaux-chinois\/#primaryimage"},"thumbnailUrl":"https:\/\/newsestlyonnais.fr\/site\/wp-content\/uploads\/2017\/02\/NEWSESTLYONNAIS-ARTS-MARTIAUX-CHINOIS.jpg","articleSection":["Autres sports","Divers Sports","V\u00e9nissieux"],"inLanguage":"fr-FR","potentialAction":[{"@type":"CommentAction","name":"Comment","target":["https:\/\/newsestlyonnais.fr\/site\/2017\/02\/05\/venissieux-competition-de-wushu-arts-martiaux-chinois\/#respond"]}]},{"@type":"WebPage","@id":"https:\/\/newsestlyonnais.fr\/site\/2017\/02\/05\/venissieux-competition-de-wushu-arts-martiaux-chinois\/","url":"https:\/\/newsestlyonnais.fr\/site\/2017\/02\/05\/venissieux-competition-de-wushu-arts-martiaux-chinois\/","name":"VENISSIEUX : Comp\u00e9tition de wushu (arts martiaux chinois).","isPartOf":{"@id":"https:\/\/newsestlyonnais.fr\/site\/#website"},"primaryImageOfPage":{"@id":"https:\/\/newsestlyonnais.fr\/site\/2017\/02\/05\/venissieux-competition-de-wushu-arts-martiaux-chinois\/#primaryimage"},"image":{"@id":"https:\/\/newsestlyonnais.fr\/site\/2017\/02\/05\/venissieux-competition-de-wushu-arts-martiaux-chinois\/#primaryimage"},"thumbnailUrl":"https:\/\/newsestlyonnais.fr\/site\/wp-content\/uploads\/2017\/02\/NEWSESTLYONNAIS-ARTS-MARTIAUX-CHINOIS.jpg","datePublished":"2017-02-05T08:32:46+00:00","dateModified":"2020-11-19T11:02:21+00:00","description":"VENISSIEUX : Comp\u00e9tition de wushu (arts martiaux chinois).dimanche 12 f\u00e9vrier 2017 au gymnase Jacques Anquetil et grande premi\u00e8re en France","breadcrumb":{"@id":"https:\/\/newsestlyonnais.fr\/site\/2017\/02\/05\/venissieux-competition-de-wushu-arts-martiaux-chinois\/#breadcrumb"},"inLanguage":"fr-FR","potentialAction":[{"@type":"ReadAction","target":["https:\/\/newsestlyonnais.fr\/site\/2017\/02\/05\/venissieux-competition-de-wushu-arts-martiaux-chinois\/"]}]},{"@type":"ImageObject","inLanguage":"fr-FR","@id":"https:\/\/newsestlyonnais.fr\/site\/2017\/02\/05\/venissieux-competition-de-wushu-arts-martiaux-chinois\/#primaryimage","url":"https:\/\/newsestlyonnais.fr\/site\/wp-content\/uploads\/2017\/02\/NEWSESTLYONNAIS-ARTS-MARTIAUX-CHINOIS.jpg","contentUrl":"https:\/\/newsestlyonnais.fr\/site\/wp-content\/uploads\/2017\/02\/NEWSESTLYONNAIS-ARTS-MARTIAUX-CHINOIS.jpg","width":1000,"height":750,"caption":"NEWSESTLYONNAIS - ARTS MARTIAUX CHINOIS"},{"@type":"BreadcrumbList","@id":"https:\/\/newsestlyonnais.fr\/site\/2017\/02\/05\/venissieux-competition-de-wushu-arts-martiaux-chinois\/#breadcrumb","itemListElement":[{"@type":"ListItem","position":1,"name":"Accueil","item":"https:\/\/newsestlyonnais.fr\/site\/"},{"@type":"ListItem","position":2,"name":"VENISSIEUX | Comp\u00e9tition de wushu (arts martiaux chinois)."}]},{"@type":"WebSite","@id":"https:\/\/newsestlyonnais.fr\/site\/#website","url":"https:\/\/newsestlyonnais.fr\/site\/","name":"News Est Lyonnais","description":"L&#039;actualit\u00e9 au plus pr\u00e8s","publisher":{"@id":"https:\/\/newsestlyonnais.fr\/site\/#organization"},"potentialAction":[{"@type":"SearchAction","target":{"@type":"EntryPoint","urlTemplate":"https:\/\/newsestlyonnais.fr\/site\/?s={search_term_string}"},"query-input":{"@type":"PropertyValueSpecification","valueRequired":true,"valueName":"search_term_string"}}],"inLanguage":"fr-FR"},{"@type":"Organization","@id":"https:\/\/newsestlyonnais.fr\/site\/#organization","name":"News EST LYONNAIS","url":"https:\/\/newsestlyonnais.fr\/site\/","logo":{"@type":"ImageObject","inLanguage":"fr-FR","@id":"https:\/\/newsestlyonnais.fr\/site\/#\/schema\/logo\/image\/","url":"","contentUrl":"","caption":"News EST LYONNAIS"},"image":{"@id":"https:\/\/newsestlyonnais.fr\/site\/#\/schema\/logo\/image\/"}},{"@type":"Person","@id":"https:\/\/newsestlyonnais.fr\/site\/#\/schema\/person\/3230d5615f390bb808365d673001e887","name":"R\u00e9dac. NEWS","sameAs":["http:\/\/www.newsestlyonnais.fr","https:\/\/www.facebook.com\/pascal.oberson.1?fref=ts","https:\/\/fr.linkedin.com\/in\/pascal-oberson-b17045113"],"url":"https:\/\/newsestlyonnais.fr\/site\/author\/nel\/"}]}},"_links":{"self":[{"href":"https:\/\/newsestlyonnais.fr\/site\/wp-json\/wp\/v2\/posts\/20313","targetHints":{"allow":["GET"]}}],"collection":[{"href":"https:\/\/newsestlyonnais.fr\/site\/wp-json\/wp\/v2\/posts"}],"about":[{"href":"https:\/\/newsestlyonnais.fr\/site\/wp-json\/wp\/v2\/types\/post"}],"author":[{"embeddable":true,"href":"https:\/\/newsestlyonnais.fr\/site\/wp-json\/wp\/v2\/users\/4"}],"replies":[{"embeddable":true,"href":"https:\/\/newsestlyonnais.fr\/site\/wp-json\/wp\/v2\/comments?post=20313"}],"version-history":[{"count":0,"href":"https:\/\/newsestlyonnais.fr\/site\/wp-json\/wp\/v2\/posts\/20313\/revisions"}],"wp:featuredmedia":[{"embeddable":true,"href":"https:\/\/newsestlyonnais.fr\/site\/wp-json\/wp\/v2\/media\/20312"}],"wp:attachment":[{"href":"https:\/\/newsestlyonnais.fr\/site\/wp-json\/wp\/v2\/media?parent=20313"}],"wp:term":[{"taxonomy":"category","embeddable":true,"href":"https:\/\/newsestlyonnais.fr\/site\/wp-json\/wp\/v2\/categories?post=20313"},{"taxonomy":"post_tag","embeddable":true,"href":"https:\/\/newsestlyonnais.fr\/site\/wp-json\/wp\/v2\/tags?post=20313"}],"curies":[{"name":"wp","href":"https:\/\/api.w.org\/{rel}","templated":true}]}}