{"id":20316,"date":"2017-02-05T12:27:27","date_gmt":"2017-02-05T11:27:27","guid":{"rendered":"http:\/\/newsestlyonnais.fr\/site\/?p=20316"},"modified":"2020-11-09T09:09:26","modified_gmt":"2020-11-09T08:09:26","slug":"genas-programme-de-laccueil-jeunesse-pour-les-vacances-dhiver","status":"publish","type":"post","link":"https:\/\/newsestlyonnais.fr\/site\/2017\/02\/05\/genas-programme-de-laccueil-jeunesse-pour-les-vacances-dhiver\/","title":{"rendered":"GENAS | Programme de l&rsquo;accueil jeunesse pour les vacances d&rsquo;hiver"},"content":{"rendered":"<h5>Tu as entre 11 et 17 ans ? Tu souhaites organiser des activit\u00e9s ou monter des projets pendant tes vacances, avec l\u2019aide d\u2019une \u00e9quipe d\u2019animation dynamique et \u00e0 l\u2019\u00e9coute ? Le Service Jeunesse de la Ville de Genas te propose de participer \u00e0 des activit\u00e9s, sorties, stages, <strong>du 20 f\u00e9vrier au 3 mars 2017.<\/strong><\/h5>\n<ul>\n<li><span style=\"text-decoration: underline\"><strong>Accueil pr\u00e9-ados pour les 11-13 ans<\/strong><\/span>: Sur inscription. Nombre de places limit\u00e9.<br \/>\nAu complexe sportif Marcel Gonzales en salle n\u00b03 entre 14 h et 17 h 30 (possibilit\u00e9 d\u2019arriver et de partir \u00e0 des horaires diff\u00e9rents mais l\u2019information doit \u00eatre communiqu\u00e9e aux animateurs). \u00c0 disposition : tennis de table, baby-foot, lecture, jeux de soci\u00e9t\u00e9, jeux vid\u00e9o, sports collectifs. Plusieurs animations sont propos\u00e9es : activit\u00e9s manuelles comme la cr\u00e9ation d\u2019une pi\u00f1ata, jeux en bois ou encore p\u00e2tisserie\u2026 Des activit\u00e9s sportives comme hand, foot, basket, d\u00e9couverte de nouveaux sports<br \/>\n(disque-golf\u2026).<br \/>\nLa ludoth\u00e8que est pr\u00e9sente les jeudis pour faire d\u00e9couvrir de nouveaux jeux de soci\u00e9t\u00e9.<br \/>\nLes jeunes peuvent \u00e9galement proposer des activit\u00e9s.<br \/>\nDepuis octobre 2016 : une participation financi\u00e8re annuelle est demand\u00e9e pour l\u2019accueil Pr\u00e9-Ados, lors des vacances scolaires. Le tarif est appliqu\u00e9 selon le quotient familial. B\u00e9n\u00e9ficiez d\u2019un apr\u00e8s-midi d\u00e9couverte, gratuitement !<\/li>\n<li><span style=\"text-decoration: underline\"><strong>Accueil Jeunesse pour les plus de 14 ans<\/strong>:<\/span> Au complexe sportif Marcel Gonzales en salle n\u00b02 du complexe sportif Marcel Gonzales, de 14 h \u00e0 17 h 30.<br \/>\nAcc\u00e8s libre et gratuit. \u00c0 disposition : tennis de table, baby-foot, lecture, connexion Internet, jeux de soci\u00e9t\u00e9, jeux vid\u00e9o. Une \u00e9quipe d\u2019encadrement est \u00e0 l\u2019\u00e9coute des jeunes. Possibilit\u00e9 de pratiquer toutes sortes d\u2019activit\u00e9s : sportives, manuelles, d\u2019expression ou autres.<\/li>\n<li><strong>Activit\u00e9s, sorties et stages (pour les 11-17 ans)<\/strong>:<\/li>\n<li><span style=\"text-decoration: underline\"><strong><em>1\u00b0 semaine : du lundi 20 au Vendredi 24 f\u00e9vrier<\/em><\/strong>.\u00a0 <\/span><\/li>\n<li><span style=\"text-decoration: underline\">Nouveaut\u00e9 2017<\/span>: \u00a0<strong>S\u00e9jour Snow \u00e0 Autrans-M\u00e9audre (38) <\/strong><span style=\"text-decoration: underline\">du mardi 21 au mercredi 22 f\u00e9vrier.<\/span> Rdv \u00e0 9 h le mardi et retour \u00e0 18 h 30 le mercredi<br \/>\nApprends \u00e0 surfer \u00e0 flancs de montagne ! Tarif : 125 \u20ac pour les Genassiens &amp; 187.50 \u20ac pour les ext\u00e9rieurs (Location de mat\u00e9riel et forfait compris). Repas tir\u00e9 du sac pour le 1\u00b0 d\u00e9jeuner. <strong>Activit\u00e9 manuelle \u00ab d\u00e9copatch \u00bb<\/strong>:\u00a0 <span style=\"text-decoration: underline\">mardi 21 f\u00e9vrier de 14 h \u00e0 17 h<\/span>. Donne une seconde vie \u00e0 des objets !\u00a0 Tarif : 4 \u20ac. <strong>Escape Game OL<\/strong>: <span style=\"text-decoration: underline\">mardi 21 f\u00e9vrier de 14 h 30 \u00e0 17 h 30<\/span>: Sur le th\u00e8me de l\u2019OL, trouve la cl\u00e9 avec ton \u00e9quipe et sors de la pi\u00e8ce avant le temps imparti ! Tarif : 16 \u20ac. <strong>Cr\u00e9ation de bougie<\/strong>:<span style=\"text-decoration: underline\"> mercredi 22 f\u00e9vrier de 10 h \u00e0 12 h<\/span>. Confectionne ta propre bougie. Tarif : 4 \u20ac\u00a0 <strong>Journ\u00e9e chaud-froid \u00e0 Villard-de-Lans (38)<\/strong>: <span style=\"text-decoration: underline\">mercredi 22 f\u00e9vrier de 8 h \u00e0 18 h<\/span>. Le matin, \u00e0 fond sur la luge. Et, l\u2019apr\u00e8s-midi, en commando au Laser Game. Tarif : 16 \u20ac. Repas tir\u00e9 du sac. <strong>Sortie ski \u00e0 Lans-en-Vercors (38):<\/strong>\u00a0 <span style=\"text-decoration: underline\">jeudi 23 f\u00e9vrier de 8 h \u00e0 18 h<\/span>. Place au ski dans un site magnifique !\u00a0 Niveau d\u00e9butant : pistes vertes et\/ou bleues cibl\u00e9es. Tarif : 16 \u20ac (location de mat\u00e9riel et forfait compris). Repas tir\u00e9 du sac. <strong>Match OL \/ AZ ALKMAAR: <\/strong><span style=\"text-decoration: underline\">jeudi 23 f\u00e9vrier de 18 h 45 \u00e0 23 h.<\/span> Bleu et rouge au programme de cette soir\u00e9e. Viens supporter l\u2019OL pour ce match d\u2019Europa Ligue. Tarif : 10 \u20ac. <strong>Trampoline Park<\/strong>: <span style=\"text-decoration: underline\">vendredi 24 f\u00e9vrier de 9 h 15 \u00e0 12 h 30<\/span>. Nouveau lieu pour cette activit\u00e9 si appr\u00e9ci\u00e9e ! Tarif : 8 \u20ac. <strong>Atelier photos + mus\u00e9e de la photographie<\/strong>: <span style=\"text-decoration: underline\">vendredi 24 f\u00e9vrier de 9 h 30 \u00e0 16 h<\/span>. Connais-tu les diff\u00e9rentes techniques de la photographie ? Tarif : 8 \u20ac. <strong>Go\u00fbter avec les Moussaillons<\/strong>: <span style=\"text-decoration: underline\">vendredi 24 f\u00e9vrier de 13 h 30 \u00e0 17 h<\/span>.\u00a0 Cr\u00eapes party avec les enfants de l\u2019accueil de loisirs des Moussaillons. Tarif : 2 \u20ac<span style=\"text-decoration: underline\"><br \/>\n<\/span><\/li>\n<li><em><strong><span style=\"text-decoration: underline\">2\u00b0 semaine: du lundi 27 au Vendredi 3 mars<\/span>: Coque de t\u00e9l\u00e9phone portable<\/strong><br \/>\n<span style=\"text-decoration: underline\">lundi 27 f\u00e9vrier de 14 h \u00e0 17 h<\/span>: Envie d\u2019une coque de t\u00e9l\u00e9phone originale ?<br \/>\nPrends plaisir \u00e0 la cr\u00e9er ! Tarif : 4 \u20ac. <strong>Patinoire Charlemagne<\/strong>: <span style=\"text-decoration: underline\">lundi 27 f\u00e9vrier de 13 h \u00e0 17 h<\/span>. Muni(e) de tes patins \u00e0 glace, laisse-toi filer sur la glace ! Tarif : 4 \u20ac. <strong>Cin\u00e9ma<\/strong>: <span style=\"text-decoration: underline\">lundi 27 f\u00e9vrier de 13 h \u00e0 17 h 30.<\/span> Le film sera choisi lors de cet apr\u00e8s-midi plac\u00e9 sous le signe du 7\u00e8me art. Tarif : 4 \u20ac.\u00a0 <strong>Apr\u00e8s-midi aux tennis de la rue du Repos<\/strong>: <span style=\"text-decoration: underline\">mardi 28 f\u00e9vrier de 14 h \u00e0 17 h<\/span>. Initiation au tennis dans la nouvelle halle ! Tarif : 2 \u20ac. RDV directement rue du repos.<strong> Sortie ski \u00e0 Villard-de-Lans (38)<br \/>\n<\/strong><span style=\"text-decoration: underline\">mardi 28 f\u00e9vrier de 7 h 30 \u00e0 18 h<\/span>. D\u00e9vale les pentes de Villard-de-Lans !<br \/>\nR\u00e9serv\u00e9e aux skieurs confirm\u00e9s : savoir descendre une piste rouge facilement. Tarif : 16 \u20ac (location de mat\u00e9riel et forfait compris). Repas tir\u00e9 du sac.<strong> Journ\u00e9e interg\u00e9n\u00e9rationnelle:<\/strong> <span style=\"text-decoration: underline\">mercredi 1er mars de 11 h \u00e0 17 h<\/span>. La matin\u00e9e sera consacr\u00e9e \u00e0 la confection de cr\u00eapes et \u00e0 la cr\u00e9ation d\u2019un p\u00eale-m\u00eale que tu auras la joie d\u2019offrir aux r\u00e9sidents du Verger, l\u2019 apr\u00e8s -midi. Tarif : 2 \u20ac. Repas tir\u00e9 du sac<strong>. Course d\u2019orientation en raquette \u00e0 Villard-de-Lans (38). <\/strong><span style=\"text-decoration: underline\">mercredi 1er mars de 11 h \u00e0 19 h.<\/span> Carte et boussole en main, participe \u00e0 une course d\u2019orientation au coeur du Vercors. Tarif : 10 \u20ac. Repas tir\u00e9 du sac.<strong> Soir\u00e9e casino: <\/strong><span style=\"text-decoration: underline\">mercredi 1er mars de 18 h 30 \u00e0 21 h 30<\/span>. Entre hasard, bluff et chance, sauras-tu tirer ton \u00e9pingle du jeu ? Tarif : 4 \u20ac. Repas compris<strong>. Cuisine:<\/strong> <span style=\"text-decoration: underline\">jeudi 2 mars de 14 h \u00e0 17 h<\/span>. Confectionne de bons g\u00e2teaux et soigne leurs d\u00e9corations. Tarif : 4 \u20ac.<strong> Visite du Parc Olympique Lyonnais + Repas. <\/strong><span style=\"text-decoration: underline\">jeudi 2 mars de 10 h 30 \u00e0 14 h 30.<\/span> Visite guid\u00e9e du stade par un membre du staff de l\u2019OL. D\u00e9couvre les coulisses du stade et acc\u00e8de au bord de pelouse. Tarif : 14 \u20ac. Repas compris.<strong> Course d\u2019orientation dans Genas<br \/>\n<\/strong><span style=\"text-decoration: underline\">jeudi 2 mars de 14 h 30 \u00e0 17 h<\/span>. Explore Genas, muni(e) de ton plan et d\u00e9couvre des lieux insolites. Tarif : 2 \u20ac.<strong> Cadre v\u00e9g\u00e9tal. <\/strong><span style=\"text-decoration: underline\">vendredi 3 mars de 13 h 30 \u00e0 17 h.<\/span> Botanique et bricolage garantis pour une activit\u00e9 cr\u00e9ative ! Tarif : 10 \u20ac<strong><br \/>\n<\/strong><\/em><\/li>\n<\/ul>\n<p><span style=\"text-decoration: underline\">Activit\u00e9s et sorties<\/span>: Les jeunes peuvent construire eux-m\u00eames le programme des vacances. Les activit\u00e9s prennent forme tout au long des vacances. Des tarifs pr\u00e9f\u00e9rentiels sont propos\u00e9s. Quelques exemples d\u2019activit\u00e9s : sortie laser Game, cin\u00e9ma, activit\u00e9 manuelle et bien plus encore !<br \/>\n<span style=\"text-decoration: underline\"><strong>Inscriptions<\/strong><\/span><br \/>\nD\u00e8s le <strong>samedi 4 f\u00e9vrier pour les Genassiens, et le samedi 11 f\u00e9vrier pour les ext\u00e9rieurs<\/strong>, au Guichet unique. \u00c0 partir du lundi 20 f\u00e9vrier, inscriptions uniquement \u00e0 l\u2019Accueil Jeunesse &#8211; complexe sportif : 2 rue de la Fraternit\u00e9 &#8211; entre 14 h et 17 h 30.<br \/>\n<span style=\"text-decoration: underline\"><strong>Informations et renseignements: <\/strong><\/span>Guichet unique en mairie : 04.72.47.11.11<br \/>\nguichet.unique@ville-genas.fr. <strong>\u00c0 partir du 20 f\u00e9vrier 2017<\/strong> &gt; Service Jeunesse : 06.77.87.59.24. Mairie \u2013 Secr\u00e9tariat de la Direction de la Politique \u00c9ducative Locale (DPEL) \/<br \/>\nService Jeunesse : 04 72 47 11 11 \u2013 jeunesse@ville-genas.fr<\/p>\n","protected":false},"excerpt":{"rendered":"<p>Tu as entre 11 et 17 ans ? Tu souhaites organiser des activit\u00e9s ou monter des projets pendant tes vacances, avec l\u2019aide d\u2019une \u00e9quipe d\u2019animation dynamique et \u00e0 l\u2019\u00e9coute ? Le Service Jeunesse de la Ville de Genas te propose de participer \u00e0 des activit\u00e9s, sorties, stages, du 20 f\u00e9vrier au 3 mars 2017. Accueil [&hellip;]<\/p>\n","protected":false},"author":4,"featured_media":8137,"comment_status":"open","ping_status":"open","sticky":false,"template":"","format":"standard","meta":{"footnotes":""},"categories":[270,171,1598],"tags":[],"class_list":["post-20316","post","type-post","status-publish","format-standard","has-post-thumbnail","hentry","category-cte-de-communes-c-c-e-l","category-enfance-jeunesse","category-genas"],"yoast_head":"<!-- This site is optimized with the Yoast SEO plugin v27.2 - https:\/\/yoast.com\/product\/yoast-seo-wordpress\/ -->\n<title>GENAS : Le programme de l&#039;accueil jeunesse pour les vacances d&#039;hiver<\/title>\n<meta name=\"description\" content=\"GENAS : Le programme de l&#039;accueil jeunesse (pour les 11\/17 ans) pour les vacances d&#039;hiver qui auront lieu du 20 F\u00e9vrier au 3 Mars 2017\" \/>\n<meta name=\"robots\" content=\"index, follow, max-snippet:-1, max-image-preview:large, max-video-preview:-1\" \/>\n<link rel=\"canonical\" href=\"https:\/\/newsestlyonnais.fr\/site\/2017\/02\/05\/genas-programme-de-laccueil-jeunesse-pour-les-vacances-dhiver\/\" \/>\n<meta property=\"og:locale\" content=\"fr_FR\" \/>\n<meta property=\"og:type\" content=\"article\" \/>\n<meta property=\"og:title\" content=\"GENAS : Le programme de l&#039;accueil jeunesse pour les vacances d&#039;hiver\" \/>\n<meta property=\"og:description\" content=\"GENAS : Le programme de l&#039;accueil jeunesse (pour les 11\/17 ans) pour les vacances d&#039;hiver qui auront lieu du 20 F\u00e9vrier au 3 Mars 2017\" \/>\n<meta property=\"og:url\" content=\"https:\/\/newsestlyonnais.fr\/site\/2017\/02\/05\/genas-programme-de-laccueil-jeunesse-pour-les-vacances-dhiver\/\" \/>\n<meta property=\"og:site_name\" content=\"News Est Lyonnais\" \/>\n<meta property=\"article:author\" content=\"https:\/\/www.facebook.com\/pascal.oberson.1?fref=ts\" \/>\n<meta property=\"article:published_time\" content=\"2017-02-05T11:27:27+00:00\" \/>\n<meta property=\"article:modified_time\" content=\"2020-11-09T08:09:26+00:00\" \/>\n<meta property=\"og:image\" content=\"https:\/\/i0.wp.com\/newsestlyonnais.fr\/site\/wp-content\/uploads\/2016\/05\/NEWSESTLYONNAISPANNEAUGENAS-1.jpg?fit=1000%2C750&ssl=1\" \/>\n\t<meta property=\"og:image:width\" content=\"1000\" \/>\n\t<meta property=\"og:image:height\" content=\"750\" \/>\n\t<meta property=\"og:image:type\" content=\"image\/jpeg\" \/>\n<meta name=\"author\" content=\"R\u00e9dac. NEWS\" \/>\n<meta name=\"twitter:card\" content=\"summary_large_image\" \/>\n<meta name=\"twitter:label1\" content=\"\u00c9crit par\" \/>\n\t<meta name=\"twitter:data1\" content=\"R\u00e9dac. NEWS\" \/>\n\t<meta name=\"twitter:label2\" content=\"Dur\u00e9e de lecture estim\u00e9e\" \/>\n\t<meta name=\"twitter:data2\" content=\"5 minutes\" \/>\n<script type=\"application\/ld+json\" class=\"yoast-schema-graph\">{\"@context\":\"https:\/\/schema.org\",\"@graph\":[{\"@type\":\"Article\",\"@id\":\"https:\/\/newsestlyonnais.fr\/site\/2017\/02\/05\/genas-programme-de-laccueil-jeunesse-pour-les-vacances-dhiver\/#article\",\"isPartOf\":{\"@id\":\"https:\/\/newsestlyonnais.fr\/site\/2017\/02\/05\/genas-programme-de-laccueil-jeunesse-pour-les-vacances-dhiver\/\"},\"author\":{\"name\":\"R\u00e9dac. NEWS\",\"@id\":\"https:\/\/newsestlyonnais.fr\/site\/#\/schema\/person\/3230d5615f390bb808365d673001e887\"},\"headline\":\"GENAS | Programme de l&rsquo;accueil jeunesse pour les vacances d&rsquo;hiver\",\"datePublished\":\"2017-02-05T11:27:27+00:00\",\"dateModified\":\"2020-11-09T08:09:26+00:00\",\"mainEntityOfPage\":{\"@id\":\"https:\/\/newsestlyonnais.fr\/site\/2017\/02\/05\/genas-programme-de-laccueil-jeunesse-pour-les-vacances-dhiver\/\"},\"wordCount\":1061,\"commentCount\":0,\"publisher\":{\"@id\":\"https:\/\/newsestlyonnais.fr\/site\/#organization\"},\"image\":{\"@id\":\"https:\/\/newsestlyonnais.fr\/site\/2017\/02\/05\/genas-programme-de-laccueil-jeunesse-pour-les-vacances-dhiver\/#primaryimage\"},\"thumbnailUrl\":\"https:\/\/newsestlyonnais.fr\/site\/wp-content\/uploads\/2016\/05\/NEWSESTLYONNAISPANNEAUGENAS-1.jpg\",\"articleSection\":[\"CCEL | Communes\",\"Enfance | Jeunesse\",\"Genas\"],\"inLanguage\":\"fr-FR\",\"potentialAction\":[{\"@type\":\"CommentAction\",\"name\":\"Comment\",\"target\":[\"https:\/\/newsestlyonnais.fr\/site\/2017\/02\/05\/genas-programme-de-laccueil-jeunesse-pour-les-vacances-dhiver\/#respond\"]}]},{\"@type\":\"WebPage\",\"@id\":\"https:\/\/newsestlyonnais.fr\/site\/2017\/02\/05\/genas-programme-de-laccueil-jeunesse-pour-les-vacances-dhiver\/\",\"url\":\"https:\/\/newsestlyonnais.fr\/site\/2017\/02\/05\/genas-programme-de-laccueil-jeunesse-pour-les-vacances-dhiver\/\",\"name\":\"GENAS : Le programme de l'accueil jeunesse pour les vacances d'hiver\",\"isPartOf\":{\"@id\":\"https:\/\/newsestlyonnais.fr\/site\/#website\"},\"primaryImageOfPage\":{\"@id\":\"https:\/\/newsestlyonnais.fr\/site\/2017\/02\/05\/genas-programme-de-laccueil-jeunesse-pour-les-vacances-dhiver\/#primaryimage\"},\"image\":{\"@id\":\"https:\/\/newsestlyonnais.fr\/site\/2017\/02\/05\/genas-programme-de-laccueil-jeunesse-pour-les-vacances-dhiver\/#primaryimage\"},\"thumbnailUrl\":\"https:\/\/newsestlyonnais.fr\/site\/wp-content\/uploads\/2016\/05\/NEWSESTLYONNAISPANNEAUGENAS-1.jpg\",\"datePublished\":\"2017-02-05T11:27:27+00:00\",\"dateModified\":\"2020-11-09T08:09:26+00:00\",\"description\":\"GENAS : Le programme de l'accueil jeunesse (pour les 11\/17 ans) pour les vacances d'hiver qui auront lieu du 20 F\u00e9vrier au 3 Mars 2017\",\"breadcrumb\":{\"@id\":\"https:\/\/newsestlyonnais.fr\/site\/2017\/02\/05\/genas-programme-de-laccueil-jeunesse-pour-les-vacances-dhiver\/#breadcrumb\"},\"inLanguage\":\"fr-FR\",\"potentialAction\":[{\"@type\":\"ReadAction\",\"target\":[\"https:\/\/newsestlyonnais.fr\/site\/2017\/02\/05\/genas-programme-de-laccueil-jeunesse-pour-les-vacances-dhiver\/\"]}]},{\"@type\":\"ImageObject\",\"inLanguage\":\"fr-FR\",\"@id\":\"https:\/\/newsestlyonnais.fr\/site\/2017\/02\/05\/genas-programme-de-laccueil-jeunesse-pour-les-vacances-dhiver\/#primaryimage\",\"url\":\"https:\/\/newsestlyonnais.fr\/site\/wp-content\/uploads\/2016\/05\/NEWSESTLYONNAISPANNEAUGENAS-1.jpg\",\"contentUrl\":\"https:\/\/newsestlyonnais.fr\/site\/wp-content\/uploads\/2016\/05\/NEWSESTLYONNAISPANNEAUGENAS-1.jpg\",\"width\":1000,\"height\":750,\"caption\":\"NEWSESTLYONNAISPANNEAUGENAS\"},{\"@type\":\"BreadcrumbList\",\"@id\":\"https:\/\/newsestlyonnais.fr\/site\/2017\/02\/05\/genas-programme-de-laccueil-jeunesse-pour-les-vacances-dhiver\/#breadcrumb\",\"itemListElement\":[{\"@type\":\"ListItem\",\"position\":1,\"name\":\"Accueil\",\"item\":\"https:\/\/newsestlyonnais.fr\/site\/\"},{\"@type\":\"ListItem\",\"position\":2,\"name\":\"GENAS | Programme de l&rsquo;accueil jeunesse pour les vacances d&rsquo;hiver\"}]},{\"@type\":\"WebSite\",\"@id\":\"https:\/\/newsestlyonnais.fr\/site\/#website\",\"url\":\"https:\/\/newsestlyonnais.fr\/site\/\",\"name\":\"News Est Lyonnais\",\"description\":\"L&#039;actualit\u00e9 au plus pr\u00e8s\",\"publisher\":{\"@id\":\"https:\/\/newsestlyonnais.fr\/site\/#organization\"},\"potentialAction\":[{\"@type\":\"SearchAction\",\"target\":{\"@type\":\"EntryPoint\",\"urlTemplate\":\"https:\/\/newsestlyonnais.fr\/site\/?s={search_term_string}\"},\"query-input\":{\"@type\":\"PropertyValueSpecification\",\"valueRequired\":true,\"valueName\":\"search_term_string\"}}],\"inLanguage\":\"fr-FR\"},{\"@type\":\"Organization\",\"@id\":\"https:\/\/newsestlyonnais.fr\/site\/#organization\",\"name\":\"News EST LYONNAIS\",\"url\":\"https:\/\/newsestlyonnais.fr\/site\/\",\"logo\":{\"@type\":\"ImageObject\",\"inLanguage\":\"fr-FR\",\"@id\":\"https:\/\/newsestlyonnais.fr\/site\/#\/schema\/logo\/image\/\",\"url\":\"\",\"contentUrl\":\"\",\"caption\":\"News EST LYONNAIS\"},\"image\":{\"@id\":\"https:\/\/newsestlyonnais.fr\/site\/#\/schema\/logo\/image\/\"}},{\"@type\":\"Person\",\"@id\":\"https:\/\/newsestlyonnais.fr\/site\/#\/schema\/person\/3230d5615f390bb808365d673001e887\",\"name\":\"R\u00e9dac. NEWS\",\"sameAs\":[\"http:\/\/www.newsestlyonnais.fr\",\"https:\/\/www.facebook.com\/pascal.oberson.1?fref=ts\",\"https:\/\/fr.linkedin.com\/in\/pascal-oberson-b17045113\"],\"url\":\"https:\/\/newsestlyonnais.fr\/site\/author\/nel\/\"}]}<\/script>\n<!-- \/ Yoast SEO plugin. -->","yoast_head_json":{"title":"GENAS : Le programme de l'accueil jeunesse pour les vacances d'hiver","description":"GENAS : Le programme de l'accueil jeunesse (pour les 11\/17 ans) pour les vacances d'hiver qui auront lieu du 20 F\u00e9vrier au 3 Mars 2017","robots":{"index":"index","follow":"follow","max-snippet":"max-snippet:-1","max-image-preview":"max-image-preview:large","max-video-preview":"max-video-preview:-1"},"canonical":"https:\/\/newsestlyonnais.fr\/site\/2017\/02\/05\/genas-programme-de-laccueil-jeunesse-pour-les-vacances-dhiver\/","og_locale":"fr_FR","og_type":"article","og_title":"GENAS : Le programme de l'accueil jeunesse pour les vacances d'hiver","og_description":"GENAS : Le programme de l'accueil jeunesse (pour les 11\/17 ans) pour les vacances d'hiver qui auront lieu du 20 F\u00e9vrier au 3 Mars 2017","og_url":"https:\/\/newsestlyonnais.fr\/site\/2017\/02\/05\/genas-programme-de-laccueil-jeunesse-pour-les-vacances-dhiver\/","og_site_name":"News Est Lyonnais","article_author":"https:\/\/www.facebook.com\/pascal.oberson.1?fref=ts","article_published_time":"2017-02-05T11:27:27+00:00","article_modified_time":"2020-11-09T08:09:26+00:00","og_image":[{"width":1000,"height":750,"url":"https:\/\/i0.wp.com\/newsestlyonnais.fr\/site\/wp-content\/uploads\/2016\/05\/NEWSESTLYONNAISPANNEAUGENAS-1.jpg?fit=1000%2C750&ssl=1","type":"image\/jpeg"}],"author":"R\u00e9dac. NEWS","twitter_card":"summary_large_image","twitter_misc":{"\u00c9crit par":"R\u00e9dac. NEWS","Dur\u00e9e de lecture estim\u00e9e":"5 minutes"},"schema":{"@context":"https:\/\/schema.org","@graph":[{"@type":"Article","@id":"https:\/\/newsestlyonnais.fr\/site\/2017\/02\/05\/genas-programme-de-laccueil-jeunesse-pour-les-vacances-dhiver\/#article","isPartOf":{"@id":"https:\/\/newsestlyonnais.fr\/site\/2017\/02\/05\/genas-programme-de-laccueil-jeunesse-pour-les-vacances-dhiver\/"},"author":{"name":"R\u00e9dac. NEWS","@id":"https:\/\/newsestlyonnais.fr\/site\/#\/schema\/person\/3230d5615f390bb808365d673001e887"},"headline":"GENAS | Programme de l&rsquo;accueil jeunesse pour les vacances d&rsquo;hiver","datePublished":"2017-02-05T11:27:27+00:00","dateModified":"2020-11-09T08:09:26+00:00","mainEntityOfPage":{"@id":"https:\/\/newsestlyonnais.fr\/site\/2017\/02\/05\/genas-programme-de-laccueil-jeunesse-pour-les-vacances-dhiver\/"},"wordCount":1061,"commentCount":0,"publisher":{"@id":"https:\/\/newsestlyonnais.fr\/site\/#organization"},"image":{"@id":"https:\/\/newsestlyonnais.fr\/site\/2017\/02\/05\/genas-programme-de-laccueil-jeunesse-pour-les-vacances-dhiver\/#primaryimage"},"thumbnailUrl":"https:\/\/newsestlyonnais.fr\/site\/wp-content\/uploads\/2016\/05\/NEWSESTLYONNAISPANNEAUGENAS-1.jpg","articleSection":["CCEL | Communes","Enfance | Jeunesse","Genas"],"inLanguage":"fr-FR","potentialAction":[{"@type":"CommentAction","name":"Comment","target":["https:\/\/newsestlyonnais.fr\/site\/2017\/02\/05\/genas-programme-de-laccueil-jeunesse-pour-les-vacances-dhiver\/#respond"]}]},{"@type":"WebPage","@id":"https:\/\/newsestlyonnais.fr\/site\/2017\/02\/05\/genas-programme-de-laccueil-jeunesse-pour-les-vacances-dhiver\/","url":"https:\/\/newsestlyonnais.fr\/site\/2017\/02\/05\/genas-programme-de-laccueil-jeunesse-pour-les-vacances-dhiver\/","name":"GENAS : Le programme de l'accueil jeunesse pour les vacances d'hiver","isPartOf":{"@id":"https:\/\/newsestlyonnais.fr\/site\/#website"},"primaryImageOfPage":{"@id":"https:\/\/newsestlyonnais.fr\/site\/2017\/02\/05\/genas-programme-de-laccueil-jeunesse-pour-les-vacances-dhiver\/#primaryimage"},"image":{"@id":"https:\/\/newsestlyonnais.fr\/site\/2017\/02\/05\/genas-programme-de-laccueil-jeunesse-pour-les-vacances-dhiver\/#primaryimage"},"thumbnailUrl":"https:\/\/newsestlyonnais.fr\/site\/wp-content\/uploads\/2016\/05\/NEWSESTLYONNAISPANNEAUGENAS-1.jpg","datePublished":"2017-02-05T11:27:27+00:00","dateModified":"2020-11-09T08:09:26+00:00","description":"GENAS : Le programme de l'accueil jeunesse (pour les 11\/17 ans) pour les vacances d'hiver qui auront lieu du 20 F\u00e9vrier au 3 Mars 2017","breadcrumb":{"@id":"https:\/\/newsestlyonnais.fr\/site\/2017\/02\/05\/genas-programme-de-laccueil-jeunesse-pour-les-vacances-dhiver\/#breadcrumb"},"inLanguage":"fr-FR","potentialAction":[{"@type":"ReadAction","target":["https:\/\/newsestlyonnais.fr\/site\/2017\/02\/05\/genas-programme-de-laccueil-jeunesse-pour-les-vacances-dhiver\/"]}]},{"@type":"ImageObject","inLanguage":"fr-FR","@id":"https:\/\/newsestlyonnais.fr\/site\/2017\/02\/05\/genas-programme-de-laccueil-jeunesse-pour-les-vacances-dhiver\/#primaryimage","url":"https:\/\/newsestlyonnais.fr\/site\/wp-content\/uploads\/2016\/05\/NEWSESTLYONNAISPANNEAUGENAS-1.jpg","contentUrl":"https:\/\/newsestlyonnais.fr\/site\/wp-content\/uploads\/2016\/05\/NEWSESTLYONNAISPANNEAUGENAS-1.jpg","width":1000,"height":750,"caption":"NEWSESTLYONNAISPANNEAUGENAS"},{"@type":"BreadcrumbList","@id":"https:\/\/newsestlyonnais.fr\/site\/2017\/02\/05\/genas-programme-de-laccueil-jeunesse-pour-les-vacances-dhiver\/#breadcrumb","itemListElement":[{"@type":"ListItem","position":1,"name":"Accueil","item":"https:\/\/newsestlyonnais.fr\/site\/"},{"@type":"ListItem","position":2,"name":"GENAS | Programme de l&rsquo;accueil jeunesse pour les vacances d&rsquo;hiver"}]},{"@type":"WebSite","@id":"https:\/\/newsestlyonnais.fr\/site\/#website","url":"https:\/\/newsestlyonnais.fr\/site\/","name":"News Est Lyonnais","description":"L&#039;actualit\u00e9 au plus pr\u00e8s","publisher":{"@id":"https:\/\/newsestlyonnais.fr\/site\/#organization"},"potentialAction":[{"@type":"SearchAction","target":{"@type":"EntryPoint","urlTemplate":"https:\/\/newsestlyonnais.fr\/site\/?s={search_term_string}"},"query-input":{"@type":"PropertyValueSpecification","valueRequired":true,"valueName":"search_term_string"}}],"inLanguage":"fr-FR"},{"@type":"Organization","@id":"https:\/\/newsestlyonnais.fr\/site\/#organization","name":"News EST LYONNAIS","url":"https:\/\/newsestlyonnais.fr\/site\/","logo":{"@type":"ImageObject","inLanguage":"fr-FR","@id":"https:\/\/newsestlyonnais.fr\/site\/#\/schema\/logo\/image\/","url":"","contentUrl":"","caption":"News EST LYONNAIS"},"image":{"@id":"https:\/\/newsestlyonnais.fr\/site\/#\/schema\/logo\/image\/"}},{"@type":"Person","@id":"https:\/\/newsestlyonnais.fr\/site\/#\/schema\/person\/3230d5615f390bb808365d673001e887","name":"R\u00e9dac. NEWS","sameAs":["http:\/\/www.newsestlyonnais.fr","https:\/\/www.facebook.com\/pascal.oberson.1?fref=ts","https:\/\/fr.linkedin.com\/in\/pascal-oberson-b17045113"],"url":"https:\/\/newsestlyonnais.fr\/site\/author\/nel\/"}]}},"_links":{"self":[{"href":"https:\/\/newsestlyonnais.fr\/site\/wp-json\/wp\/v2\/posts\/20316","targetHints":{"allow":["GET"]}}],"collection":[{"href":"https:\/\/newsestlyonnais.fr\/site\/wp-json\/wp\/v2\/posts"}],"about":[{"href":"https:\/\/newsestlyonnais.fr\/site\/wp-json\/wp\/v2\/types\/post"}],"author":[{"embeddable":true,"href":"https:\/\/newsestlyonnais.fr\/site\/wp-json\/wp\/v2\/users\/4"}],"replies":[{"embeddable":true,"href":"https:\/\/newsestlyonnais.fr\/site\/wp-json\/wp\/v2\/comments?post=20316"}],"version-history":[{"count":0,"href":"https:\/\/newsestlyonnais.fr\/site\/wp-json\/wp\/v2\/posts\/20316\/revisions"}],"wp:featuredmedia":[{"embeddable":true,"href":"https:\/\/newsestlyonnais.fr\/site\/wp-json\/wp\/v2\/media\/8137"}],"wp:attachment":[{"href":"https:\/\/newsestlyonnais.fr\/site\/wp-json\/wp\/v2\/media?parent=20316"}],"wp:term":[{"taxonomy":"category","embeddable":true,"href":"https:\/\/newsestlyonnais.fr\/site\/wp-json\/wp\/v2\/categories?post=20316"},{"taxonomy":"post_tag","embeddable":true,"href":"https:\/\/newsestlyonnais.fr\/site\/wp-json\/wp\/v2\/tags?post=20316"}],"curies":[{"name":"wp","href":"https:\/\/api.w.org\/{rel}","templated":true}]}}