{"id":203830,"date":"2024-05-13T17:45:54","date_gmt":"2024-05-13T16:45:54","guid":{"rendered":"https:\/\/newsestlyonnais.fr\/site\/?p=203830"},"modified":"2024-05-30T10:46:36","modified_gmt":"2024-05-30T09:46:36","slug":"lyon-7-les-prochains-evenements-9","status":"publish","type":"post","link":"https:\/\/newsestlyonnais.fr\/site\/2024\/05\/13\/lyon-7-les-prochains-evenements-9\/","title":{"rendered":"LYON 7 | Les prochains \u00e9v\u00e8nements"},"content":{"rendered":"<p><span style=\"background-color: #000000; color: #ffffff;\"><strong><u>Mardi 14 mai<\/u><\/strong><\/span><\/p>\n<ul>\n<li>18 h 30 : <strong>Conseil d\u2019arrondissement. <\/strong>(Salle des Mariages et du Conseil, Mairie du 7<sup>e).<\/sup><\/li>\n<\/ul>\n<p><span style=\"background-color: #000000; color: #ffffff;\"><strong><u>Mercredi 15 mai<\/u><\/strong><\/span><\/p>\n<ul>\n<li>17 h : <strong>Assembl\u00e9e g\u00e9n\u00e9rale de la Maison de l\u2019Enfance du 7<sup>e. <\/sup><\/strong>Pr\u00e9sentation du bilan 2023 sous forme d\u2019ateliers ludiques avec des animations parents\/enfants. (Ecole Jean-Pierre Veyet, entr\u00e9e place Kergomard).<\/li>\n<li>18 h : <strong>Soir\u00e9e de la citoyennet\u00e9<\/strong> \u2013 \u00e9dition sp\u00e9ciale Europe. Soir\u00e9e qui s\u2019adresse aux jeunes majeurs.es depuis 2022. Activit\u00e9 sur l\u2019Union Europ\u00e9enne, remise des cartes \u00e9lectorales, exposition sur les droits europ\u00e9ens. (Salle des Mariages et du Conseil, Mairie du 7<sup>e).<\/sup><\/li>\n<\/ul>\n<p><span style=\"background-color: #000000; color: #ffffff;\"><strong><u>Vendredi 17 mai<\/u><\/strong><\/span><\/p>\n<ul>\n<li>8 h 30 \u00e0 13 h : <strong>Course contre la faim,<\/strong> organis\u00e9e par le Coll\u00e8ge Clemenceau et des \u00e9l\u00e8ves de l\u2019\u00e9cole Veyet. R\u00e9colte de dons pour l\u2019association Action Contre la Faim. (Place d\u2019armes du Parc Blandan).<\/li>\n<li>de 13 h 30 \u00e0 17 h 30<strong> : <\/strong><strong>Apr\u00e8s-midi audacieuse autour de l\u2019art du Drag<\/strong>, organis\u00e9e par Les Audacieuses et les Audacieux, en collaboration avec le CCAS de la Ville de Lyon. (R\u00e9sidence Marc Bloch, 13 rue Marc Bloch).<\/li>\n<\/ul>\n<p><span style=\"background-color: #000000; color: #ffffff;\"><strong><u>Mardi 21 mai<\/u><\/strong><\/span><\/p>\n<ul>\n<li>de 18 h \u00e0 20 h : <strong>Atelier organis\u00e9 dans le cadre de la concertation du Parc des Balan\u00e7oires. <\/strong>\u00ab Fabriquer l\u2019imaginaire du parc de demain \u00bb<strong>. <\/strong>Gr\u00e2ce au photolangage, venez cr\u00e9er le futur des parcs de la Ville de Lyon. Ouvert \u00e0 toutes et \u00e0 tous. (Cit\u00e9 des Halles, 124 avenue Jean Jaur\u00e8s).<\/li>\n<\/ul>\n<p><span style=\"background-color: #000000; color: #ffffff;\"><strong><u>Mercredi 22 mai<\/u><\/strong><\/span><\/p>\n<ul>\n<li>de 9 h \u00e0 13 h : <strong>Place de l\u2019Emploi et de la Formation<\/strong>, organis\u00e9e par France Travail (ex P\u00f4le Emploi). (Place des Pavillons).<\/li>\n<li>de 13 h 30 \u00e0 16 h 30 : <strong>Atelier organis\u00e9 dans le cadre de la concertation du Parc des Balan\u00e7oires. <\/strong>\u00ab Place aux enfants \u00bb. (Parvis de l\u2019\u00e9cole Fran\u00e7oise H\u00e9ritier).<\/li>\n<\/ul>\n<p><span style=\"background-color: #000000; color: #ffffff;\"><strong><u>Jeudi 23 mai<\/u><\/strong><\/span><\/p>\n<ul>\n<li>10 h : <strong>Pr\u00e9sentation Block Party. Par les \u00e9l\u00e8ves de CM1 et de CM2 de l\u2019\u00e9cole Gilbert Dru. <\/strong>Mise en sc\u00e8ne et en voix des questionnements des \u00e9l\u00e8ves sur les injustices et de la d\u00e9couverte de leurs r\u00e9ponses l\u00e9gales issues du bloc de constitutionnalit\u00e9 (DDHC de 1789, Constitution de 1646, Constitution de 1958, Chartre de l&rsquo;environnement de 2004, Convention Internationale des Droits de l&rsquo;enfant). (Devant l\u2019\u00e9cole Gilbert Dru, dans la rue Saint Michel).<\/li>\n<li>11 h 30 \u00e0 12 h 30<strong> : <\/strong><strong>Inauguration de la 2<sup>e<\/sup> \u00e9dition de la Biennale des langues,<\/strong> par la Caravane des dix mots. (Cour du centre Berthelot, 14 avenue Berthelot). 2<sup>e<\/sup> \u00e9dition de la Biennale des Langues, du 21 au 26 mai. Programme : <a href=\"https:\/\/caravanedesdixmots.com\/biennale-2024\/\"><strong>https:\/\/caravanedesdixmots.com\/biennale-2024\/<\/strong><\/a><\/li>\n<\/ul>\n<p><span style=\"background-color: #000000; color: #ffffff;\"><strong><u>Vendredi 24 mai<\/u><\/strong><\/span><\/p>\n<ul>\n<li>16 h \u00e0 19 h : <strong>Street for kids, <\/strong>organis\u00e9 par Alternatiba Rh\u00f4ne. Pi\u00e9tonisation d&rsquo;un bout de la rue Pasteur (devant l&rsquo;\u00e9cole Berthelot) pour y proposer des activit\u00e9s pour les enfants \u00e0 la sortie de l&rsquo;\u00e9cole. Dessins, jeux, possible parcours en v\u00e9lo, coin lecture. (Rue Pasteur, devant l\u2019\u00e9cole Berthelot).<\/li>\n<\/ul>\n<p><span style=\"background-color: #000000; color: #ffffff;\"><strong><u>Samedi 25 mai<\/u><\/strong><\/span><\/p>\n<ul>\n<li>11 h : <strong>Assembl\u00e9e G\u00e9n\u00e9rale du Centre Social de Gerland. <\/strong>(Ecole Aristide Briand, 293 avenue Jean Jaur\u00e8s).<\/li>\n<li>14 h<strong> : <\/strong><strong>F\u00eate du Centre Social de Gerland. <\/strong>(Ecole Aristide Briand, 293 avenue Jean Jaur\u00e8s).<\/li>\n<li>de 11 h 30 \u00e0 21 h : <strong>Village musical du Quasar. <\/strong>(MJC Jean Mac\u00e9).<\/li>\n<\/ul>\n<hr \/>\n<p><span style=\"background-color: #000000; color: #ffcc00; font-size: 14pt;\"><strong><span style=\"color: #ff6600;\">NOTA :<\/span> <\/strong><\/span><\/p>\n<p><strong><span style=\"background-color: #000000; color: #ffcc00;\">Jusqu\u2019au 20 mai<\/span> :<\/strong> <strong>Exposition de photographies<\/strong>, par la MJC Jean Mac\u00e9, \u00ab Objectif Cin\u00e9ma \u00bb. (Comoedia, 13 avenue Berthelot).<\/p>\n<p><span style=\"color: #ffcc00; background-color: #000000;\"><strong>Jusqu\u2019au 22 mai :<\/strong><\/span> La M\u00e9tropole de Lyon ouvre une <strong><a href=\"https:\/\/jeparticipe.grandlyon.com\/project\/lyon-7e-quels-amenagements-pour-les-places-chavant-et-abd-el-kader\/questionnaire\/je-contribue\">concertation en ligne<\/a><\/strong> concernant le projet d\u2019embellissement et de v\u00e9g\u00e9talisation des Places Abd El-Kader et Jean-Marie Chavant<\/p>\n<p><span style=\"color: #ffcc00; background-color: #000000;\"><strong>Jusqu\u2019au 28 mai inclus<\/strong><\/span> : <strong>Enqu\u00eate publique relative au projet de modification n\u00b04 du PLU-H<\/strong> de la M\u00e9tropole de Lyon, et au projet de cr\u00e9ation des p\u00e9rim\u00e8tres d\u00e9limit\u00e9s des abords (PDA) de monuments historiques. Dossier consultable au service PML au 1<sup>er<\/sup> \u00e9tage de la Mairie.<\/p>\n<p><span style=\"color: #ffcc00; background-color: #000000;\"><strong>Jusqu\u2019au 7 juin<\/strong><\/span><\/p>\n<p><strong>Concertation sur le futur Parc des Balan\u00e7oires \u00e0 Gerland Nord<\/strong><strong><br \/>\n<\/strong>Dans le cadre de la r\u00e9habilitation des anciennes usines Nexans, un parc d\u20191 hectare et demi appel\u00e9 provisoirement Parc des Balan\u00e7oires viendra v\u00e9g\u00e9taliser le quartier de Gerland nord.<br \/>\nLa Ville de Lyon et la Mairie du 7e organisent depuis le 22 avril jusqu&rsquo;au 7 juin 2024 une concertation pour imaginer les parcs du futur et le parc des Balan\u00e7oires<strong>. <\/strong><a href=\"https:\/\/oye.participer.lyon.fr\/processes\/parcdesbalancoires\"><strong>https:\/\/oye.participer.lyon.fr\/processes\/parcdesbalancoires<\/strong><\/a><\/p>\n<hr \/>\n<p><span style=\"background-color: #000000; font-size: 14pt;\"><span style=\"color: #ffffff;\"><strong>Toute l\u2019ACTU de l\u2019arrondissement sur : <\/strong><\/span><span style=\"color: #3366ff;\"><a style=\"background-color: #000000; color: #3366ff;\" href=\"https:\/\/mairie7.lyon.fr\" target=\"_blank\" rel=\"noreferrer noopener\"><strong>https:\/\/mairie7.lyon.fr<\/strong><\/a><\/span><\/span><\/p>\n<hr \/>\n<hr \/>\n<p>&nbsp;<\/p>\n","protected":false},"excerpt":{"rendered":"<p>Plusieurs programmations sur l&rsquo;arrondissement durant les jours \u00e0 venir, jusqu&rsquo;\u00e0 fin mai.<\/p>\n","protected":false},"author":4,"featured_media":87412,"comment_status":"open","ping_status":"open","sticky":false,"template":"","format":"standard","meta":{"footnotes":""},"categories":[1625],"tags":[1991,2120,2077],"class_list":["post-203830","post","type-post","status-publish","format-standard","has-post-thumbnail","hentry","category-lyon","tag-agenda","tag-evenements","tag-lyon"],"yoast_head":"<!-- This site is optimized with the Yoast SEO plugin v27.2 - https:\/\/yoast.com\/product\/yoast-seo-wordpress\/ -->\n<title>LYON 7 | Les prochains \u00e9v\u00e8nements - News Est Lyonnais<\/title>\n<meta name=\"description\" content=\"LYON 7 | Les prochains \u00e9v\u00e8nements\" \/>\n<meta name=\"robots\" content=\"index, follow, max-snippet:-1, max-image-preview:large, max-video-preview:-1\" \/>\n<link rel=\"canonical\" href=\"https:\/\/newsestlyonnais.fr\/site\/2024\/05\/13\/lyon-7-les-prochains-evenements-9\/\" \/>\n<meta property=\"og:locale\" content=\"fr_FR\" \/>\n<meta property=\"og:type\" content=\"article\" \/>\n<meta property=\"og:title\" content=\"LYON 7 | Les prochains \u00e9v\u00e8nements - News Est Lyonnais\" \/>\n<meta property=\"og:description\" content=\"LYON 7 | Les prochains \u00e9v\u00e8nements\" \/>\n<meta property=\"og:url\" content=\"https:\/\/newsestlyonnais.fr\/site\/2024\/05\/13\/lyon-7-les-prochains-evenements-9\/\" \/>\n<meta property=\"og:site_name\" content=\"News Est Lyonnais\" \/>\n<meta property=\"article:author\" content=\"https:\/\/www.facebook.com\/pascal.oberson.1?fref=ts\" \/>\n<meta property=\"article:published_time\" content=\"2024-05-13T16:45:54+00:00\" \/>\n<meta property=\"article:modified_time\" content=\"2024-05-30T09:46:36+00:00\" \/>\n<meta property=\"og:image\" content=\"https:\/\/newsestlyonnais.fr\/site\/wp-content\/uploads\/2019\/10\/NEWSESTLYONNAIS-MAIRIE-LYON7-1.jpg\" \/>\n\t<meta property=\"og:image:width\" content=\"1200\" \/>\n\t<meta property=\"og:image:height\" content=\"800\" \/>\n\t<meta property=\"og:image:type\" content=\"image\/jpeg\" \/>\n<meta name=\"author\" content=\"R\u00e9dac. NEWS\" \/>\n<meta name=\"twitter:card\" content=\"summary_large_image\" \/>\n<meta name=\"twitter:label1\" content=\"\u00c9crit par\" \/>\n\t<meta name=\"twitter:data1\" content=\"R\u00e9dac. NEWS\" \/>\n\t<meta name=\"twitter:label2\" content=\"Dur\u00e9e de lecture estim\u00e9e\" \/>\n\t<meta name=\"twitter:data2\" content=\"4 minutes\" \/>\n<script type=\"application\/ld+json\" class=\"yoast-schema-graph\">{\"@context\":\"https:\/\/schema.org\",\"@graph\":[{\"@type\":\"Article\",\"@id\":\"https:\/\/newsestlyonnais.fr\/site\/2024\/05\/13\/lyon-7-les-prochains-evenements-9\/#article\",\"isPartOf\":{\"@id\":\"https:\/\/newsestlyonnais.fr\/site\/2024\/05\/13\/lyon-7-les-prochains-evenements-9\/\"},\"author\":{\"name\":\"R\u00e9dac. NEWS\",\"@id\":\"https:\/\/newsestlyonnais.fr\/site\/#\/schema\/person\/3230d5615f390bb808365d673001e887\"},\"headline\":\"LYON 7 | Les prochains \u00e9v\u00e8nements\",\"datePublished\":\"2024-05-13T16:45:54+00:00\",\"dateModified\":\"2024-05-30T09:46:36+00:00\",\"mainEntityOfPage\":{\"@id\":\"https:\/\/newsestlyonnais.fr\/site\/2024\/05\/13\/lyon-7-les-prochains-evenements-9\/\"},\"wordCount\":694,\"commentCount\":0,\"publisher\":{\"@id\":\"https:\/\/newsestlyonnais.fr\/site\/#organization\"},\"image\":{\"@id\":\"https:\/\/newsestlyonnais.fr\/site\/2024\/05\/13\/lyon-7-les-prochains-evenements-9\/#primaryimage\"},\"thumbnailUrl\":\"https:\/\/newsestlyonnais.fr\/site\/wp-content\/uploads\/2019\/10\/NEWSESTLYONNAIS-MAIRIE-LYON7-1.jpg\",\"keywords\":[\"AGENDA\",\"EVENEMENTS\",\"LYON\"],\"articleSection\":[\"Lyon\"],\"inLanguage\":\"fr-FR\",\"potentialAction\":[{\"@type\":\"CommentAction\",\"name\":\"Comment\",\"target\":[\"https:\/\/newsestlyonnais.fr\/site\/2024\/05\/13\/lyon-7-les-prochains-evenements-9\/#respond\"]}]},{\"@type\":\"WebPage\",\"@id\":\"https:\/\/newsestlyonnais.fr\/site\/2024\/05\/13\/lyon-7-les-prochains-evenements-9\/\",\"url\":\"https:\/\/newsestlyonnais.fr\/site\/2024\/05\/13\/lyon-7-les-prochains-evenements-9\/\",\"name\":\"LYON 7 | Les prochains \u00e9v\u00e8nements - News Est Lyonnais\",\"isPartOf\":{\"@id\":\"https:\/\/newsestlyonnais.fr\/site\/#website\"},\"primaryImageOfPage\":{\"@id\":\"https:\/\/newsestlyonnais.fr\/site\/2024\/05\/13\/lyon-7-les-prochains-evenements-9\/#primaryimage\"},\"image\":{\"@id\":\"https:\/\/newsestlyonnais.fr\/site\/2024\/05\/13\/lyon-7-les-prochains-evenements-9\/#primaryimage\"},\"thumbnailUrl\":\"https:\/\/newsestlyonnais.fr\/site\/wp-content\/uploads\/2019\/10\/NEWSESTLYONNAIS-MAIRIE-LYON7-1.jpg\",\"datePublished\":\"2024-05-13T16:45:54+00:00\",\"dateModified\":\"2024-05-30T09:46:36+00:00\",\"description\":\"LYON 7 | Les prochains \u00e9v\u00e8nements\",\"breadcrumb\":{\"@id\":\"https:\/\/newsestlyonnais.fr\/site\/2024\/05\/13\/lyon-7-les-prochains-evenements-9\/#breadcrumb\"},\"inLanguage\":\"fr-FR\",\"potentialAction\":[{\"@type\":\"ReadAction\",\"target\":[\"https:\/\/newsestlyonnais.fr\/site\/2024\/05\/13\/lyon-7-les-prochains-evenements-9\/\"]}]},{\"@type\":\"ImageObject\",\"inLanguage\":\"fr-FR\",\"@id\":\"https:\/\/newsestlyonnais.fr\/site\/2024\/05\/13\/lyon-7-les-prochains-evenements-9\/#primaryimage\",\"url\":\"https:\/\/newsestlyonnais.fr\/site\/wp-content\/uploads\/2019\/10\/NEWSESTLYONNAIS-MAIRIE-LYON7-1.jpg\",\"contentUrl\":\"https:\/\/newsestlyonnais.fr\/site\/wp-content\/uploads\/2019\/10\/NEWSESTLYONNAIS-MAIRIE-LYON7-1.jpg\",\"width\":1200,\"height\":800},{\"@type\":\"BreadcrumbList\",\"@id\":\"https:\/\/newsestlyonnais.fr\/site\/2024\/05\/13\/lyon-7-les-prochains-evenements-9\/#breadcrumb\",\"itemListElement\":[{\"@type\":\"ListItem\",\"position\":1,\"name\":\"Accueil\",\"item\":\"https:\/\/newsestlyonnais.fr\/site\/\"},{\"@type\":\"ListItem\",\"position\":2,\"name\":\"LYON 7 | Les prochains \u00e9v\u00e8nements\"}]},{\"@type\":\"WebSite\",\"@id\":\"https:\/\/newsestlyonnais.fr\/site\/#website\",\"url\":\"https:\/\/newsestlyonnais.fr\/site\/\",\"name\":\"News Est Lyonnais\",\"description\":\"L&#039;actualit\u00e9 au plus pr\u00e8s\",\"publisher\":{\"@id\":\"https:\/\/newsestlyonnais.fr\/site\/#organization\"},\"potentialAction\":[{\"@type\":\"SearchAction\",\"target\":{\"@type\":\"EntryPoint\",\"urlTemplate\":\"https:\/\/newsestlyonnais.fr\/site\/?s={search_term_string}\"},\"query-input\":{\"@type\":\"PropertyValueSpecification\",\"valueRequired\":true,\"valueName\":\"search_term_string\"}}],\"inLanguage\":\"fr-FR\"},{\"@type\":\"Organization\",\"@id\":\"https:\/\/newsestlyonnais.fr\/site\/#organization\",\"name\":\"News EST LYONNAIS\",\"url\":\"https:\/\/newsestlyonnais.fr\/site\/\",\"logo\":{\"@type\":\"ImageObject\",\"inLanguage\":\"fr-FR\",\"@id\":\"https:\/\/newsestlyonnais.fr\/site\/#\/schema\/logo\/image\/\",\"url\":\"\",\"contentUrl\":\"\",\"caption\":\"News EST LYONNAIS\"},\"image\":{\"@id\":\"https:\/\/newsestlyonnais.fr\/site\/#\/schema\/logo\/image\/\"}},{\"@type\":\"Person\",\"@id\":\"https:\/\/newsestlyonnais.fr\/site\/#\/schema\/person\/3230d5615f390bb808365d673001e887\",\"name\":\"R\u00e9dac. NEWS\",\"sameAs\":[\"http:\/\/www.newsestlyonnais.fr\",\"https:\/\/www.facebook.com\/pascal.oberson.1?fref=ts\",\"https:\/\/fr.linkedin.com\/in\/pascal-oberson-b17045113\"],\"url\":\"https:\/\/newsestlyonnais.fr\/site\/author\/nel\/\"}]}<\/script>\n<!-- \/ Yoast SEO plugin. -->","yoast_head_json":{"title":"LYON 7 | Les prochains \u00e9v\u00e8nements - News Est Lyonnais","description":"LYON 7 | Les prochains \u00e9v\u00e8nements","robots":{"index":"index","follow":"follow","max-snippet":"max-snippet:-1","max-image-preview":"max-image-preview:large","max-video-preview":"max-video-preview:-1"},"canonical":"https:\/\/newsestlyonnais.fr\/site\/2024\/05\/13\/lyon-7-les-prochains-evenements-9\/","og_locale":"fr_FR","og_type":"article","og_title":"LYON 7 | Les prochains \u00e9v\u00e8nements - News Est Lyonnais","og_description":"LYON 7 | Les prochains \u00e9v\u00e8nements","og_url":"https:\/\/newsestlyonnais.fr\/site\/2024\/05\/13\/lyon-7-les-prochains-evenements-9\/","og_site_name":"News Est Lyonnais","article_author":"https:\/\/www.facebook.com\/pascal.oberson.1?fref=ts","article_published_time":"2024-05-13T16:45:54+00:00","article_modified_time":"2024-05-30T09:46:36+00:00","og_image":[{"width":1200,"height":800,"url":"https:\/\/newsestlyonnais.fr\/site\/wp-content\/uploads\/2019\/10\/NEWSESTLYONNAIS-MAIRIE-LYON7-1.jpg","type":"image\/jpeg"}],"author":"R\u00e9dac. NEWS","twitter_card":"summary_large_image","twitter_misc":{"\u00c9crit par":"R\u00e9dac. NEWS","Dur\u00e9e de lecture estim\u00e9e":"4 minutes"},"schema":{"@context":"https:\/\/schema.org","@graph":[{"@type":"Article","@id":"https:\/\/newsestlyonnais.fr\/site\/2024\/05\/13\/lyon-7-les-prochains-evenements-9\/#article","isPartOf":{"@id":"https:\/\/newsestlyonnais.fr\/site\/2024\/05\/13\/lyon-7-les-prochains-evenements-9\/"},"author":{"name":"R\u00e9dac. NEWS","@id":"https:\/\/newsestlyonnais.fr\/site\/#\/schema\/person\/3230d5615f390bb808365d673001e887"},"headline":"LYON 7 | Les prochains \u00e9v\u00e8nements","datePublished":"2024-05-13T16:45:54+00:00","dateModified":"2024-05-30T09:46:36+00:00","mainEntityOfPage":{"@id":"https:\/\/newsestlyonnais.fr\/site\/2024\/05\/13\/lyon-7-les-prochains-evenements-9\/"},"wordCount":694,"commentCount":0,"publisher":{"@id":"https:\/\/newsestlyonnais.fr\/site\/#organization"},"image":{"@id":"https:\/\/newsestlyonnais.fr\/site\/2024\/05\/13\/lyon-7-les-prochains-evenements-9\/#primaryimage"},"thumbnailUrl":"https:\/\/newsestlyonnais.fr\/site\/wp-content\/uploads\/2019\/10\/NEWSESTLYONNAIS-MAIRIE-LYON7-1.jpg","keywords":["AGENDA","EVENEMENTS","LYON"],"articleSection":["Lyon"],"inLanguage":"fr-FR","potentialAction":[{"@type":"CommentAction","name":"Comment","target":["https:\/\/newsestlyonnais.fr\/site\/2024\/05\/13\/lyon-7-les-prochains-evenements-9\/#respond"]}]},{"@type":"WebPage","@id":"https:\/\/newsestlyonnais.fr\/site\/2024\/05\/13\/lyon-7-les-prochains-evenements-9\/","url":"https:\/\/newsestlyonnais.fr\/site\/2024\/05\/13\/lyon-7-les-prochains-evenements-9\/","name":"LYON 7 | Les prochains \u00e9v\u00e8nements - News Est Lyonnais","isPartOf":{"@id":"https:\/\/newsestlyonnais.fr\/site\/#website"},"primaryImageOfPage":{"@id":"https:\/\/newsestlyonnais.fr\/site\/2024\/05\/13\/lyon-7-les-prochains-evenements-9\/#primaryimage"},"image":{"@id":"https:\/\/newsestlyonnais.fr\/site\/2024\/05\/13\/lyon-7-les-prochains-evenements-9\/#primaryimage"},"thumbnailUrl":"https:\/\/newsestlyonnais.fr\/site\/wp-content\/uploads\/2019\/10\/NEWSESTLYONNAIS-MAIRIE-LYON7-1.jpg","datePublished":"2024-05-13T16:45:54+00:00","dateModified":"2024-05-30T09:46:36+00:00","description":"LYON 7 | Les prochains \u00e9v\u00e8nements","breadcrumb":{"@id":"https:\/\/newsestlyonnais.fr\/site\/2024\/05\/13\/lyon-7-les-prochains-evenements-9\/#breadcrumb"},"inLanguage":"fr-FR","potentialAction":[{"@type":"ReadAction","target":["https:\/\/newsestlyonnais.fr\/site\/2024\/05\/13\/lyon-7-les-prochains-evenements-9\/"]}]},{"@type":"ImageObject","inLanguage":"fr-FR","@id":"https:\/\/newsestlyonnais.fr\/site\/2024\/05\/13\/lyon-7-les-prochains-evenements-9\/#primaryimage","url":"https:\/\/newsestlyonnais.fr\/site\/wp-content\/uploads\/2019\/10\/NEWSESTLYONNAIS-MAIRIE-LYON7-1.jpg","contentUrl":"https:\/\/newsestlyonnais.fr\/site\/wp-content\/uploads\/2019\/10\/NEWSESTLYONNAIS-MAIRIE-LYON7-1.jpg","width":1200,"height":800},{"@type":"BreadcrumbList","@id":"https:\/\/newsestlyonnais.fr\/site\/2024\/05\/13\/lyon-7-les-prochains-evenements-9\/#breadcrumb","itemListElement":[{"@type":"ListItem","position":1,"name":"Accueil","item":"https:\/\/newsestlyonnais.fr\/site\/"},{"@type":"ListItem","position":2,"name":"LYON 7 | Les prochains \u00e9v\u00e8nements"}]},{"@type":"WebSite","@id":"https:\/\/newsestlyonnais.fr\/site\/#website","url":"https:\/\/newsestlyonnais.fr\/site\/","name":"News Est Lyonnais","description":"L&#039;actualit\u00e9 au plus pr\u00e8s","publisher":{"@id":"https:\/\/newsestlyonnais.fr\/site\/#organization"},"potentialAction":[{"@type":"SearchAction","target":{"@type":"EntryPoint","urlTemplate":"https:\/\/newsestlyonnais.fr\/site\/?s={search_term_string}"},"query-input":{"@type":"PropertyValueSpecification","valueRequired":true,"valueName":"search_term_string"}}],"inLanguage":"fr-FR"},{"@type":"Organization","@id":"https:\/\/newsestlyonnais.fr\/site\/#organization","name":"News EST LYONNAIS","url":"https:\/\/newsestlyonnais.fr\/site\/","logo":{"@type":"ImageObject","inLanguage":"fr-FR","@id":"https:\/\/newsestlyonnais.fr\/site\/#\/schema\/logo\/image\/","url":"","contentUrl":"","caption":"News EST LYONNAIS"},"image":{"@id":"https:\/\/newsestlyonnais.fr\/site\/#\/schema\/logo\/image\/"}},{"@type":"Person","@id":"https:\/\/newsestlyonnais.fr\/site\/#\/schema\/person\/3230d5615f390bb808365d673001e887","name":"R\u00e9dac. NEWS","sameAs":["http:\/\/www.newsestlyonnais.fr","https:\/\/www.facebook.com\/pascal.oberson.1?fref=ts","https:\/\/fr.linkedin.com\/in\/pascal-oberson-b17045113"],"url":"https:\/\/newsestlyonnais.fr\/site\/author\/nel\/"}]}},"_links":{"self":[{"href":"https:\/\/newsestlyonnais.fr\/site\/wp-json\/wp\/v2\/posts\/203830","targetHints":{"allow":["GET"]}}],"collection":[{"href":"https:\/\/newsestlyonnais.fr\/site\/wp-json\/wp\/v2\/posts"}],"about":[{"href":"https:\/\/newsestlyonnais.fr\/site\/wp-json\/wp\/v2\/types\/post"}],"author":[{"embeddable":true,"href":"https:\/\/newsestlyonnais.fr\/site\/wp-json\/wp\/v2\/users\/4"}],"replies":[{"embeddable":true,"href":"https:\/\/newsestlyonnais.fr\/site\/wp-json\/wp\/v2\/comments?post=203830"}],"version-history":[{"count":0,"href":"https:\/\/newsestlyonnais.fr\/site\/wp-json\/wp\/v2\/posts\/203830\/revisions"}],"wp:featuredmedia":[{"embeddable":true,"href":"https:\/\/newsestlyonnais.fr\/site\/wp-json\/wp\/v2\/media\/87412"}],"wp:attachment":[{"href":"https:\/\/newsestlyonnais.fr\/site\/wp-json\/wp\/v2\/media?parent=203830"}],"wp:term":[{"taxonomy":"category","embeddable":true,"href":"https:\/\/newsestlyonnais.fr\/site\/wp-json\/wp\/v2\/categories?post=203830"},{"taxonomy":"post_tag","embeddable":true,"href":"https:\/\/newsestlyonnais.fr\/site\/wp-json\/wp\/v2\/tags?post=203830"}],"curies":[{"name":"wp","href":"https:\/\/api.w.org\/{rel}","templated":true}]}}