{"id":20413,"date":"2017-02-06T13:51:04","date_gmt":"2017-02-06T12:51:04","guid":{"rendered":"http:\/\/newsestlyonnais.fr\/site\/?p=20413"},"modified":"2020-11-20T13:23:58","modified_gmt":"2020-11-20T12:23:58","slug":"vaulx-en-velin-la-section-voile-mjc-salon-des-loisirs-deau","status":"publish","type":"post","link":"https:\/\/newsestlyonnais.fr\/site\/2017\/02\/06\/vaulx-en-velin-la-section-voile-mjc-salon-des-loisirs-deau\/","title":{"rendered":"VAULX-EN-VELIN | La section Voile MJC au Salon des Loisirs d&rsquo;Eau"},"content":{"rendered":"<h4>La section voile de la MJC de Vaulx en Velin vient de participer pour la 3\u00b0 ann\u00e9e au Salon des Loisirs d&rsquo;Eau \u00e0 Eurexpo.<\/h4>\n<p>\u00a0\u00bb Ceci gr\u00e2ce au Comit\u00e9 D\u00e9partemental Olympique et Sportif (CDOS) qui a mis \u00e0 disposition du Comit\u00e9 voile M\u00e9tropole et Rh\u00f4ne un stand pour les clubs nautiques du d\u00e9partement\u00a0\u00bb confie son pr\u00e9sident Pierre Bertocchi.<\/p>\n<p>\u00ab\u00a0Nous avions pr\u00e9par\u00e9 pour l\u2019occasion notre Micro Neptune Adomph ainsi que 2 VRC (voile mod\u00e8le) ; un classe M et un classe 1m. Chaque ann\u00e9e nous nous am\u00e9liorons pour cette repr\u00e9sentation du club afin d\u2019\u00eatre le plus visible possible et d\u2019avoir des bonnes retomb\u00e9es pour nous, la MJC et la Ville (Flocage du bateau, ordinateur et \u00e9cran pour les diaporamas documents mis \u00e0 disposition du public).<\/p>\n<p>Nous commen\u00e7ons \u00e0 avoir une bonne expertise en ce domaine et les contacts ont \u00e9t\u00e9 pleinS de promesses. Nous avons partag\u00e9 le stand avec l\u2019ASPTT (planches \u00e0 voile) et dispos\u00e9 les flyers des autres clubs qui le d\u00e9siraient. Un grand merci \u00e0 toute l\u2019\u00e9quipe de la section voile sans qui ce genre d\u2019op\u00e9ration serait impossible : Jean Claude Carvajol, Jean Claude Nazos, Jean Luc Genand, Alain Blazere, Philippe Buin, Jean Micolon. Egalement aux autres membres du CNVV qui sont pass\u00e9s nous voir et soutenir pendant ce salon.<br \/>\nMerci au pr\u00e9sident de la MJC, Michel Rocher avec qui nous avons pu nous projeter dans<br \/>\nl\u2019avenir. Nous avons vu avec les repr\u00e9sentants du CDOS les am\u00e9liorations \u00e0 apporter,<br \/>\nentre autre une pr\u00e9sence de ventilateurs sur la pi\u00e8ce d\u2019eau de d\u00e9monstration qui pourrait<br \/>\nrendre possible une r\u00e9gate de voile mod\u00e8le\u00a0\u00bb. conclut le pr\u00e9sident.<\/p>\n<ul>\n<li>Retrouvez toute l&rsquo;ACTU du club sur: <a href=\"http:\/\/www.cnvv.fr\" target=\"_blank\" rel=\"noopener noreferrer\">http:\/\/www.cnvv.fr<img loading=\"lazy\" decoding=\"async\" class=\"alignleft size-full wp-image-20427\" src=\"https:\/\/newsestlyonnais.fr\/site\/medias\/2017\/02\/NEWSESTLYONNAIS-SALON-VOILE-2017.png\" alt=\"NEWSESTLYONNAIS - SALON VOILE 2017\" width=\"1000\" height=\"750\" srcset=\"https:\/\/newsestlyonnais.fr\/site\/wp-content\/uploads\/2017\/02\/NEWSESTLYONNAIS-SALON-VOILE-2017.png 1000w, https:\/\/newsestlyonnais.fr\/site\/wp-content\/uploads\/2017\/02\/NEWSESTLYONNAIS-SALON-VOILE-2017-400x300.png 400w, https:\/\/newsestlyonnais.fr\/site\/wp-content\/uploads\/2017\/02\/NEWSESTLYONNAIS-SALON-VOILE-2017-768x576.png 768w, https:\/\/newsestlyonnais.fr\/site\/wp-content\/uploads\/2017\/02\/NEWSESTLYONNAIS-SALON-VOILE-2017-600x450.png 600w, https:\/\/newsestlyonnais.fr\/site\/wp-content\/uploads\/2017\/02\/NEWSESTLYONNAIS-SALON-VOILE-2017-100x75.png 100w\" sizes=\"auto, (max-width: 1000px) 100vw, 1000px\" \/><\/a><\/li>\n<\/ul>\n","protected":false},"excerpt":{"rendered":"<p>La section voile de la MJC de Vaulx en Velin vient de participer pour la 3\u00b0 ann\u00e9e au Salon des Loisirs d&rsquo;Eau \u00e0 Eurexpo. \u00a0\u00bb Ceci gr\u00e2ce au Comit\u00e9 D\u00e9partemental Olympique et Sportif (CDOS) qui a mis \u00e0 disposition du Comit\u00e9 voile M\u00e9tropole et Rh\u00f4ne un stand pour les clubs nautiques du d\u00e9partement\u00a0\u00bb confie son [&hellip;]<\/p>\n","protected":false},"author":4,"featured_media":20418,"comment_status":"open","ping_status":"open","sticky":false,"template":"","format":"standard","meta":{"footnotes":""},"categories":[3443,2973,3003,3329,2,28,1349],"tags":[],"class_list":["post-20413","post","type-post","status-publish","format-standard","has-post-thumbnail","hentry","category-aviation-nautisme","category-aviron-kayak-voile-sports","category-bibliotheque-mediatheque-mjc","category-expos-foires-musees-salons","category-sports","category-vaulx-en-velin","category-voile"],"yoast_head":"<!-- This site is optimized with the Yoast SEO plugin v27.2 - https:\/\/yoast.com\/product\/yoast-seo-wordpress\/ -->\n<title>VAULX EN VELIN: La section Voile de la MJC pr\u00e9sente au Salon des Loisirs d&#039;Eau 2017<\/title>\n<meta name=\"description\" content=\"VAULX EN VELIN: La section Voile de la MJC pr\u00e9sente au Salon des Loisirs d&#039;Eau 2017\" \/>\n<meta name=\"robots\" content=\"index, follow, max-snippet:-1, max-image-preview:large, max-video-preview:-1\" \/>\n<link rel=\"canonical\" href=\"https:\/\/newsestlyonnais.fr\/site\/2017\/02\/06\/vaulx-en-velin-la-section-voile-mjc-salon-des-loisirs-deau\/\" \/>\n<meta property=\"og:locale\" content=\"fr_FR\" \/>\n<meta property=\"og:type\" content=\"article\" \/>\n<meta property=\"og:title\" content=\"VAULX EN VELIN: La section Voile de la MJC pr\u00e9sente au Salon des Loisirs d&#039;Eau 2017\" \/>\n<meta property=\"og:description\" content=\"VAULX EN VELIN: La section Voile de la MJC pr\u00e9sente au Salon des Loisirs d&#039;Eau 2017\" \/>\n<meta property=\"og:url\" content=\"https:\/\/newsestlyonnais.fr\/site\/2017\/02\/06\/vaulx-en-velin-la-section-voile-mjc-salon-des-loisirs-deau\/\" \/>\n<meta property=\"og:site_name\" content=\"News Est Lyonnais\" \/>\n<meta property=\"article:author\" content=\"https:\/\/www.facebook.com\/pascal.oberson.1?fref=ts\" \/>\n<meta property=\"article:published_time\" content=\"2017-02-06T12:51:04+00:00\" \/>\n<meta property=\"article:modified_time\" content=\"2020-11-20T12:23:58+00:00\" \/>\n<meta property=\"og:image\" content=\"https:\/\/i1.wp.com\/newsestlyonnais.fr\/site\/wp-content\/uploads\/2017\/02\/NEWSESTLYONNAIS-SALON-voile-salon-2017-bis.png?fit=1000%2C750&ssl=1\" \/>\n\t<meta property=\"og:image:width\" content=\"1000\" \/>\n\t<meta property=\"og:image:height\" content=\"750\" \/>\n\t<meta property=\"og:image:type\" content=\"image\/png\" \/>\n<meta name=\"author\" content=\"R\u00e9dac. NEWS\" \/>\n<meta name=\"twitter:card\" content=\"summary_large_image\" \/>\n<meta name=\"twitter:label1\" content=\"\u00c9crit par\" \/>\n\t<meta name=\"twitter:data1\" content=\"R\u00e9dac. NEWS\" \/>\n\t<meta name=\"twitter:label2\" content=\"Dur\u00e9e de lecture estim\u00e9e\" \/>\n\t<meta name=\"twitter:data2\" content=\"1 minute\" \/>\n<script type=\"application\/ld+json\" class=\"yoast-schema-graph\">{\"@context\":\"https:\/\/schema.org\",\"@graph\":[{\"@type\":\"Article\",\"@id\":\"https:\/\/newsestlyonnais.fr\/site\/2017\/02\/06\/vaulx-en-velin-la-section-voile-mjc-salon-des-loisirs-deau\/#article\",\"isPartOf\":{\"@id\":\"https:\/\/newsestlyonnais.fr\/site\/2017\/02\/06\/vaulx-en-velin-la-section-voile-mjc-salon-des-loisirs-deau\/\"},\"author\":{\"name\":\"R\u00e9dac. NEWS\",\"@id\":\"https:\/\/newsestlyonnais.fr\/site\/#\/schema\/person\/3230d5615f390bb808365d673001e887\"},\"headline\":\"VAULX-EN-VELIN | La section Voile MJC au Salon des Loisirs d&rsquo;Eau\",\"datePublished\":\"2017-02-06T12:51:04+00:00\",\"dateModified\":\"2020-11-20T12:23:58+00:00\",\"mainEntityOfPage\":{\"@id\":\"https:\/\/newsestlyonnais.fr\/site\/2017\/02\/06\/vaulx-en-velin-la-section-voile-mjc-salon-des-loisirs-deau\/\"},\"wordCount\":309,\"commentCount\":0,\"publisher\":{\"@id\":\"https:\/\/newsestlyonnais.fr\/site\/#organization\"},\"image\":{\"@id\":\"https:\/\/newsestlyonnais.fr\/site\/2017\/02\/06\/vaulx-en-velin-la-section-voile-mjc-salon-des-loisirs-deau\/#primaryimage\"},\"thumbnailUrl\":\"https:\/\/newsestlyonnais.fr\/site\/wp-content\/uploads\/2017\/02\/NEWSESTLYONNAIS-SALON-voile-salon-2017-bis.png\",\"articleSection\":[\"Aviation | Nautisme\",\"Aviron | Kayak | Voile\",\"Biblioth\u00e8que | M\u00e9diath\u00e8que | MJC\",\"Expos | Foires | Mus\u00e9es | Salons\",\"Sports\",\"Vaulx-en-Velin\",\"Voile\"],\"inLanguage\":\"fr-FR\",\"potentialAction\":[{\"@type\":\"CommentAction\",\"name\":\"Comment\",\"target\":[\"https:\/\/newsestlyonnais.fr\/site\/2017\/02\/06\/vaulx-en-velin-la-section-voile-mjc-salon-des-loisirs-deau\/#respond\"]}]},{\"@type\":\"WebPage\",\"@id\":\"https:\/\/newsestlyonnais.fr\/site\/2017\/02\/06\/vaulx-en-velin-la-section-voile-mjc-salon-des-loisirs-deau\/\",\"url\":\"https:\/\/newsestlyonnais.fr\/site\/2017\/02\/06\/vaulx-en-velin-la-section-voile-mjc-salon-des-loisirs-deau\/\",\"name\":\"VAULX EN VELIN: La section Voile de la MJC pr\u00e9sente au Salon des Loisirs d'Eau 2017\",\"isPartOf\":{\"@id\":\"https:\/\/newsestlyonnais.fr\/site\/#website\"},\"primaryImageOfPage\":{\"@id\":\"https:\/\/newsestlyonnais.fr\/site\/2017\/02\/06\/vaulx-en-velin-la-section-voile-mjc-salon-des-loisirs-deau\/#primaryimage\"},\"image\":{\"@id\":\"https:\/\/newsestlyonnais.fr\/site\/2017\/02\/06\/vaulx-en-velin-la-section-voile-mjc-salon-des-loisirs-deau\/#primaryimage\"},\"thumbnailUrl\":\"https:\/\/newsestlyonnais.fr\/site\/wp-content\/uploads\/2017\/02\/NEWSESTLYONNAIS-SALON-voile-salon-2017-bis.png\",\"datePublished\":\"2017-02-06T12:51:04+00:00\",\"dateModified\":\"2020-11-20T12:23:58+00:00\",\"description\":\"VAULX EN VELIN: La section Voile de la MJC pr\u00e9sente au Salon des Loisirs d'Eau 2017\",\"breadcrumb\":{\"@id\":\"https:\/\/newsestlyonnais.fr\/site\/2017\/02\/06\/vaulx-en-velin-la-section-voile-mjc-salon-des-loisirs-deau\/#breadcrumb\"},\"inLanguage\":\"fr-FR\",\"potentialAction\":[{\"@type\":\"ReadAction\",\"target\":[\"https:\/\/newsestlyonnais.fr\/site\/2017\/02\/06\/vaulx-en-velin-la-section-voile-mjc-salon-des-loisirs-deau\/\"]}]},{\"@type\":\"ImageObject\",\"inLanguage\":\"fr-FR\",\"@id\":\"https:\/\/newsestlyonnais.fr\/site\/2017\/02\/06\/vaulx-en-velin-la-section-voile-mjc-salon-des-loisirs-deau\/#primaryimage\",\"url\":\"https:\/\/newsestlyonnais.fr\/site\/wp-content\/uploads\/2017\/02\/NEWSESTLYONNAIS-SALON-voile-salon-2017-bis.png\",\"contentUrl\":\"https:\/\/newsestlyonnais.fr\/site\/wp-content\/uploads\/2017\/02\/NEWSESTLYONNAIS-SALON-voile-salon-2017-bis.png\",\"width\":1000,\"height\":750,\"caption\":\"NEWSESTLYONNAIS - SALON voile salon 2017 bis\"},{\"@type\":\"BreadcrumbList\",\"@id\":\"https:\/\/newsestlyonnais.fr\/site\/2017\/02\/06\/vaulx-en-velin-la-section-voile-mjc-salon-des-loisirs-deau\/#breadcrumb\",\"itemListElement\":[{\"@type\":\"ListItem\",\"position\":1,\"name\":\"Accueil\",\"item\":\"https:\/\/newsestlyonnais.fr\/site\/\"},{\"@type\":\"ListItem\",\"position\":2,\"name\":\"VAULX-EN-VELIN | La section Voile MJC au Salon des Loisirs d&rsquo;Eau\"}]},{\"@type\":\"WebSite\",\"@id\":\"https:\/\/newsestlyonnais.fr\/site\/#website\",\"url\":\"https:\/\/newsestlyonnais.fr\/site\/\",\"name\":\"News Est Lyonnais\",\"description\":\"L&#039;actualit\u00e9 au plus pr\u00e8s\",\"publisher\":{\"@id\":\"https:\/\/newsestlyonnais.fr\/site\/#organization\"},\"potentialAction\":[{\"@type\":\"SearchAction\",\"target\":{\"@type\":\"EntryPoint\",\"urlTemplate\":\"https:\/\/newsestlyonnais.fr\/site\/?s={search_term_string}\"},\"query-input\":{\"@type\":\"PropertyValueSpecification\",\"valueRequired\":true,\"valueName\":\"search_term_string\"}}],\"inLanguage\":\"fr-FR\"},{\"@type\":\"Organization\",\"@id\":\"https:\/\/newsestlyonnais.fr\/site\/#organization\",\"name\":\"News EST LYONNAIS\",\"url\":\"https:\/\/newsestlyonnais.fr\/site\/\",\"logo\":{\"@type\":\"ImageObject\",\"inLanguage\":\"fr-FR\",\"@id\":\"https:\/\/newsestlyonnais.fr\/site\/#\/schema\/logo\/image\/\",\"url\":\"\",\"contentUrl\":\"\",\"caption\":\"News EST LYONNAIS\"},\"image\":{\"@id\":\"https:\/\/newsestlyonnais.fr\/site\/#\/schema\/logo\/image\/\"}},{\"@type\":\"Person\",\"@id\":\"https:\/\/newsestlyonnais.fr\/site\/#\/schema\/person\/3230d5615f390bb808365d673001e887\",\"name\":\"R\u00e9dac. NEWS\",\"sameAs\":[\"http:\/\/www.newsestlyonnais.fr\",\"https:\/\/www.facebook.com\/pascal.oberson.1?fref=ts\",\"https:\/\/fr.linkedin.com\/in\/pascal-oberson-b17045113\"],\"url\":\"https:\/\/newsestlyonnais.fr\/site\/author\/nel\/\"}]}<\/script>\n<!-- \/ Yoast SEO plugin. -->","yoast_head_json":{"title":"VAULX EN VELIN: La section Voile de la MJC pr\u00e9sente au Salon des Loisirs d'Eau 2017","description":"VAULX EN VELIN: La section Voile de la MJC pr\u00e9sente au Salon des Loisirs d'Eau 2017","robots":{"index":"index","follow":"follow","max-snippet":"max-snippet:-1","max-image-preview":"max-image-preview:large","max-video-preview":"max-video-preview:-1"},"canonical":"https:\/\/newsestlyonnais.fr\/site\/2017\/02\/06\/vaulx-en-velin-la-section-voile-mjc-salon-des-loisirs-deau\/","og_locale":"fr_FR","og_type":"article","og_title":"VAULX EN VELIN: La section Voile de la MJC pr\u00e9sente au Salon des Loisirs d'Eau 2017","og_description":"VAULX EN VELIN: La section Voile de la MJC pr\u00e9sente au Salon des Loisirs d'Eau 2017","og_url":"https:\/\/newsestlyonnais.fr\/site\/2017\/02\/06\/vaulx-en-velin-la-section-voile-mjc-salon-des-loisirs-deau\/","og_site_name":"News Est Lyonnais","article_author":"https:\/\/www.facebook.com\/pascal.oberson.1?fref=ts","article_published_time":"2017-02-06T12:51:04+00:00","article_modified_time":"2020-11-20T12:23:58+00:00","og_image":[{"width":1000,"height":750,"url":"https:\/\/i1.wp.com\/newsestlyonnais.fr\/site\/wp-content\/uploads\/2017\/02\/NEWSESTLYONNAIS-SALON-voile-salon-2017-bis.png?fit=1000%2C750&ssl=1","type":"image\/png"}],"author":"R\u00e9dac. NEWS","twitter_card":"summary_large_image","twitter_misc":{"\u00c9crit par":"R\u00e9dac. NEWS","Dur\u00e9e de lecture estim\u00e9e":"1 minute"},"schema":{"@context":"https:\/\/schema.org","@graph":[{"@type":"Article","@id":"https:\/\/newsestlyonnais.fr\/site\/2017\/02\/06\/vaulx-en-velin-la-section-voile-mjc-salon-des-loisirs-deau\/#article","isPartOf":{"@id":"https:\/\/newsestlyonnais.fr\/site\/2017\/02\/06\/vaulx-en-velin-la-section-voile-mjc-salon-des-loisirs-deau\/"},"author":{"name":"R\u00e9dac. NEWS","@id":"https:\/\/newsestlyonnais.fr\/site\/#\/schema\/person\/3230d5615f390bb808365d673001e887"},"headline":"VAULX-EN-VELIN | La section Voile MJC au Salon des Loisirs d&rsquo;Eau","datePublished":"2017-02-06T12:51:04+00:00","dateModified":"2020-11-20T12:23:58+00:00","mainEntityOfPage":{"@id":"https:\/\/newsestlyonnais.fr\/site\/2017\/02\/06\/vaulx-en-velin-la-section-voile-mjc-salon-des-loisirs-deau\/"},"wordCount":309,"commentCount":0,"publisher":{"@id":"https:\/\/newsestlyonnais.fr\/site\/#organization"},"image":{"@id":"https:\/\/newsestlyonnais.fr\/site\/2017\/02\/06\/vaulx-en-velin-la-section-voile-mjc-salon-des-loisirs-deau\/#primaryimage"},"thumbnailUrl":"https:\/\/newsestlyonnais.fr\/site\/wp-content\/uploads\/2017\/02\/NEWSESTLYONNAIS-SALON-voile-salon-2017-bis.png","articleSection":["Aviation | Nautisme","Aviron | Kayak | Voile","Biblioth\u00e8que | M\u00e9diath\u00e8que | MJC","Expos | Foires | Mus\u00e9es | Salons","Sports","Vaulx-en-Velin","Voile"],"inLanguage":"fr-FR","potentialAction":[{"@type":"CommentAction","name":"Comment","target":["https:\/\/newsestlyonnais.fr\/site\/2017\/02\/06\/vaulx-en-velin-la-section-voile-mjc-salon-des-loisirs-deau\/#respond"]}]},{"@type":"WebPage","@id":"https:\/\/newsestlyonnais.fr\/site\/2017\/02\/06\/vaulx-en-velin-la-section-voile-mjc-salon-des-loisirs-deau\/","url":"https:\/\/newsestlyonnais.fr\/site\/2017\/02\/06\/vaulx-en-velin-la-section-voile-mjc-salon-des-loisirs-deau\/","name":"VAULX EN VELIN: La section Voile de la MJC pr\u00e9sente au Salon des Loisirs d'Eau 2017","isPartOf":{"@id":"https:\/\/newsestlyonnais.fr\/site\/#website"},"primaryImageOfPage":{"@id":"https:\/\/newsestlyonnais.fr\/site\/2017\/02\/06\/vaulx-en-velin-la-section-voile-mjc-salon-des-loisirs-deau\/#primaryimage"},"image":{"@id":"https:\/\/newsestlyonnais.fr\/site\/2017\/02\/06\/vaulx-en-velin-la-section-voile-mjc-salon-des-loisirs-deau\/#primaryimage"},"thumbnailUrl":"https:\/\/newsestlyonnais.fr\/site\/wp-content\/uploads\/2017\/02\/NEWSESTLYONNAIS-SALON-voile-salon-2017-bis.png","datePublished":"2017-02-06T12:51:04+00:00","dateModified":"2020-11-20T12:23:58+00:00","description":"VAULX EN VELIN: La section Voile de la MJC pr\u00e9sente au Salon des Loisirs d'Eau 2017","breadcrumb":{"@id":"https:\/\/newsestlyonnais.fr\/site\/2017\/02\/06\/vaulx-en-velin-la-section-voile-mjc-salon-des-loisirs-deau\/#breadcrumb"},"inLanguage":"fr-FR","potentialAction":[{"@type":"ReadAction","target":["https:\/\/newsestlyonnais.fr\/site\/2017\/02\/06\/vaulx-en-velin-la-section-voile-mjc-salon-des-loisirs-deau\/"]}]},{"@type":"ImageObject","inLanguage":"fr-FR","@id":"https:\/\/newsestlyonnais.fr\/site\/2017\/02\/06\/vaulx-en-velin-la-section-voile-mjc-salon-des-loisirs-deau\/#primaryimage","url":"https:\/\/newsestlyonnais.fr\/site\/wp-content\/uploads\/2017\/02\/NEWSESTLYONNAIS-SALON-voile-salon-2017-bis.png","contentUrl":"https:\/\/newsestlyonnais.fr\/site\/wp-content\/uploads\/2017\/02\/NEWSESTLYONNAIS-SALON-voile-salon-2017-bis.png","width":1000,"height":750,"caption":"NEWSESTLYONNAIS - SALON voile salon 2017 bis"},{"@type":"BreadcrumbList","@id":"https:\/\/newsestlyonnais.fr\/site\/2017\/02\/06\/vaulx-en-velin-la-section-voile-mjc-salon-des-loisirs-deau\/#breadcrumb","itemListElement":[{"@type":"ListItem","position":1,"name":"Accueil","item":"https:\/\/newsestlyonnais.fr\/site\/"},{"@type":"ListItem","position":2,"name":"VAULX-EN-VELIN | La section Voile MJC au Salon des Loisirs d&rsquo;Eau"}]},{"@type":"WebSite","@id":"https:\/\/newsestlyonnais.fr\/site\/#website","url":"https:\/\/newsestlyonnais.fr\/site\/","name":"News Est Lyonnais","description":"L&#039;actualit\u00e9 au plus pr\u00e8s","publisher":{"@id":"https:\/\/newsestlyonnais.fr\/site\/#organization"},"potentialAction":[{"@type":"SearchAction","target":{"@type":"EntryPoint","urlTemplate":"https:\/\/newsestlyonnais.fr\/site\/?s={search_term_string}"},"query-input":{"@type":"PropertyValueSpecification","valueRequired":true,"valueName":"search_term_string"}}],"inLanguage":"fr-FR"},{"@type":"Organization","@id":"https:\/\/newsestlyonnais.fr\/site\/#organization","name":"News EST LYONNAIS","url":"https:\/\/newsestlyonnais.fr\/site\/","logo":{"@type":"ImageObject","inLanguage":"fr-FR","@id":"https:\/\/newsestlyonnais.fr\/site\/#\/schema\/logo\/image\/","url":"","contentUrl":"","caption":"News EST LYONNAIS"},"image":{"@id":"https:\/\/newsestlyonnais.fr\/site\/#\/schema\/logo\/image\/"}},{"@type":"Person","@id":"https:\/\/newsestlyonnais.fr\/site\/#\/schema\/person\/3230d5615f390bb808365d673001e887","name":"R\u00e9dac. NEWS","sameAs":["http:\/\/www.newsestlyonnais.fr","https:\/\/www.facebook.com\/pascal.oberson.1?fref=ts","https:\/\/fr.linkedin.com\/in\/pascal-oberson-b17045113"],"url":"https:\/\/newsestlyonnais.fr\/site\/author\/nel\/"}]}},"_links":{"self":[{"href":"https:\/\/newsestlyonnais.fr\/site\/wp-json\/wp\/v2\/posts\/20413","targetHints":{"allow":["GET"]}}],"collection":[{"href":"https:\/\/newsestlyonnais.fr\/site\/wp-json\/wp\/v2\/posts"}],"about":[{"href":"https:\/\/newsestlyonnais.fr\/site\/wp-json\/wp\/v2\/types\/post"}],"author":[{"embeddable":true,"href":"https:\/\/newsestlyonnais.fr\/site\/wp-json\/wp\/v2\/users\/4"}],"replies":[{"embeddable":true,"href":"https:\/\/newsestlyonnais.fr\/site\/wp-json\/wp\/v2\/comments?post=20413"}],"version-history":[{"count":0,"href":"https:\/\/newsestlyonnais.fr\/site\/wp-json\/wp\/v2\/posts\/20413\/revisions"}],"wp:featuredmedia":[{"embeddable":true,"href":"https:\/\/newsestlyonnais.fr\/site\/wp-json\/wp\/v2\/media\/20418"}],"wp:attachment":[{"href":"https:\/\/newsestlyonnais.fr\/site\/wp-json\/wp\/v2\/media?parent=20413"}],"wp:term":[{"taxonomy":"category","embeddable":true,"href":"https:\/\/newsestlyonnais.fr\/site\/wp-json\/wp\/v2\/categories?post=20413"},{"taxonomy":"post_tag","embeddable":true,"href":"https:\/\/newsestlyonnais.fr\/site\/wp-json\/wp\/v2\/tags?post=20413"}],"curies":[{"name":"wp","href":"https:\/\/api.w.org\/{rel}","templated":true}]}}