{"id":204237,"date":"2024-05-23T11:07:29","date_gmt":"2024-05-23T10:07:29","guid":{"rendered":"https:\/\/newsestlyonnais.fr\/site\/?p=204237"},"modified":"2024-06-06T16:28:01","modified_gmt":"2024-06-06T15:28:01","slug":"mions-une-semaine-de-la-nature","status":"publish","type":"post","link":"https:\/\/newsestlyonnais.fr\/site\/2024\/05\/23\/mions-une-semaine-de-la-nature\/","title":{"rendered":"MIONS | Une semaine de la nature"},"content":{"rendered":"<p><strong><span style=\"background-color: #000000; color: #ffffff;\">Dans le cadre de cette semaine de la nature, la ville de Mions a programm\u00e9 :<\/span><\/strong><\/p>\n<ul>\n<li>\ud835\udde0\ud835\uddee\ud835\uddff\ud835\uddf1\ud835\uddf6 \ud835\udfee\ud835\udff1 \ud835\uddfa\ud835\uddee\ud835\uddf6 \ud835\uddee\u0300 \ud835\udfed\ud835\udfec \ud835\uddf5 \ud835\udfef\ud835\udfec (\ud835\uddee\u0300 \ud835\uddf9\ud835\uddee \ud835\uddfa\ud835\uddf2\u0301\ud835\uddf1\ud835\uddf6\ud835\uddee\ud835\ude01\ud835\uddf5\ud835\uddf2\u0300\ud835\uddfe\ud835\ude02\ud835\uddf2) : atelier \u00ab\u00a0C&rsquo;est quoi ces salades ?\u00a0\u00bb venez d\u00e9couvrir les plantes du potager et apprendre \u00e0 pr\u00e9parer et consommer diff\u00e9remment les l\u00e9gumes ! anim\u00e9 par le Collectif Sp\u00e9cimen(s).<\/li>\n<li>\ud835\udddf\ud835\ude02\ud835\uddfb\ud835\uddf1\ud835\uddf6 \ud835\udfee\ud835\udff3 \ud835\uddee\ud835\ude02 \ud835\udfef\ud835\udfed \ud835\uddfa\ud835\uddee\ud835\uddf6 (\ud835\uddf1\ud835\uddee\ud835\uddfb\ud835\ude00 \ud835\uddf9\ud835\uddf2\ud835\ude00 \ud835\uddf2\u0301\ud835\uddf0\ud835\uddfc\ud835\uddf9\ud835\uddf2\ud835\ude00 \ud835\uddf2\ud835\ude01 \ud835\uddff\ud835\uddf2\ud835\ude00\ud835\ude01\ud835\uddee\ud835\ude02\ud835\uddff\ud835\uddee\ud835\uddfb\ud835\ude01\ud835\ude00 \ud835\ude00\ud835\uddf0\ud835\uddfc\ud835\uddf9\ud835\uddee\ud835\uddf6\ud835\uddff\ud835\uddf2\ud835\ude00) : animations et repas \u00ab\u00a0circuit court\u00a0\u00bb.<\/li>\n<li>\ud835\udde0\ud835\uddee\ud835\uddff\ud835\uddf1\ud835\uddf6 \ud835\udfee\ud835\udff4 \ud835\uddfa\ud835\uddee\ud835\uddf6 \ud835\uddee\u0300 \ud835\udfee\ud835\udfec \ud835\uddf5 (\ud835\uddee\ud835\ude02 \ud835\uddd6\ud835\uddf6\ud835\uddfb\ud835\uddf2\u0301\ud835\uddfa\ud835\uddee) : projection du film \u00ab\u00a0La th\u00e9orie du boxer\u00a0\u00bb suivie d&rsquo;une rencontre-d\u00e9bat avec Samuel Douville de l&rsquo;association \u00ab\u00a0Semons l&rsquo;avenir\u00a0\u00bb.<\/li>\n<li>\ud835\udde0\ud835\uddf2\ud835\uddff\ud835\uddf0\ud835\uddff\ud835\uddf2\ud835\uddf1\ud835\uddf6 \ud835\udfee\ud835\udff5 \ud835\uddfa\ud835\uddee\ud835\uddf6 \ud835\uddee\u0300 \ud835\uddfd\ud835\uddee\ud835\uddff\ud835\ude01\ud835\uddf6\ud835\uddff \ud835\uddf1\ud835\uddf2 \ud835\udff5 \ud835\uddf5 (\ud835\ude00\ud835\uddfc\ud835\ude02\ud835\ude00 \ud835\uddf9\ud835\uddee \ud835\uddf5\ud835\uddee\ud835\uddf9\ud835\uddf9\ud835\uddf2 \ud835\udddf. \ud835\udde0\ud835\uddf6\ud835\uddee\ud835\uddf0\ud835\uddf5\ud835\uddfc\ud835\uddfb) : caf\u00e9 jardinage<\/li>\n<li>\ud835\udde0\ud835\uddf2\ud835\uddff\ud835\uddf0\ud835\uddff\ud835\uddf2\ud835\uddf1\ud835\uddf6 \ud835\udfee\ud835\udff5 \ud835\uddfa\ud835\uddee\ud835\uddf6 \ud835\uddee\u0300 \ud835\udfed\ud835\udff1 \ud835\uddf5 (\ud835\uddee\u0300 \ud835\uddf9\ud835\uddee \ud835\uddfa\ud835\uddf2\u0301\ud835\uddf1\ud835\uddf6\ud835\uddee\ud835\ude01\ud835\uddf5\ud835\uddf2\u0300\ud835\uddfe\ud835\ude02\ud835\uddf2) : atelier \u00ab\u00a0Comme une fleur\u00a0\u00bb cr\u00e9ations florales avec des bouteilles en plastique recycl\u00e9.<\/li>\n<li>\ud835\udde9\ud835\uddf2\ud835\uddfb\ud835\uddf1\ud835\uddff\ud835\uddf2\ud835\uddf1\ud835\uddf6 \ud835\udfef\ud835\udfed \ud835\uddfa\ud835\uddee\ud835\uddf6 \ud835\uddee\u0300 \ud835\udfed\ud835\udff0 \ud835\uddf5 \ud835\udfef\ud835\udfec (\ud835\uddee\ud835\ude02 \ud835\uddf0\ud835\uddf6\ud835\uddfb\ud835\uddf2\u0301\ud835\uddfa\ud835\uddee) : projection du film \u00ab\u00a0La promesse verte\u00a0\u00bb pr\u00e9sent\u00e9 par Aure et Maxime \/Uni&rsquo;cit\u00e9.<\/li>\n<li>\ud835\udde6\ud835\uddee\ud835\uddfa\ud835\uddf2\ud835\uddf1\ud835\uddf6 \ud835\udfed\u00b0 \ud835\uddf7\ud835\ude02\ud835\uddf6\ud835\uddfb \ud835\uddee\u0300 \ud835\udff5 \ud835\uddf5 \ud835\udfef\ud835\udfec (\ud835\uddee\ud835\ude02 \ud835\uddfd\ud835\uddee\ud835\uddff\ud835\uddf0 \ud835\uddf1\ud835\ude02 \ud835\uddf0\ud835\uddf2\ud835\uddfb\ud835\ude01\ud835\uddff\ud835\uddf2 \ud835\uddf1\ud835\uddf2 \ud835\uddf9\ud835\uddfc\ud835\uddf6\ud835\ude00\ud835\uddf6\ud835\uddff\ud835\ude00) : balade nature avec la LPO -&gt; sur inscriptions : planclimat@mions.fr<\/li>\n<\/ul>\n<hr \/>\n<hr \/>\n<p>&nbsp;<\/p>\n","protected":false},"excerpt":{"rendered":"<p>7 rendez-vous \u00e0 ne pas manquer du \ud835\udfee\ud835\udff1 \ud835\uddfa\ud835\uddee\ud835\uddf6 \ud835\uddee\ud835\ude02 \ud835\udfed\ud835\uddf2\ud835\uddff \ud835\uddf7\ud835\ude02\ud835\uddf6\ud835\uddfb avec des animations autour de la th\u00e9matique \u00ab\u00a0\ud835\ude56\ud835\ude61\ud835\ude5e\ud835\ude62\ud835\ude5a\ud835\ude63\ud835\ude69\ud835\ude56\ud835\ude69\ud835\ude5e\ud835\ude64\ud835\ude63 \ud835\ude59\ud835\ude6a\ud835\ude67\ud835\ude56\ud835\ude57\ud835\ude61\ud835\ude5a\u00a0\u00bb !<\/p>\n","protected":false},"author":4,"featured_media":204230,"comment_status":"open","ping_status":"open","sticky":false,"template":"","format":"standard","meta":{"footnotes":""},"categories":[1286,3010],"tags":[2002,2128,2359,3075],"class_list":["post-204237","post","type-post","status-publish","format-standard","has-post-thumbnail","hentry","category-mions","category-nature-environnement-culture-et-loisirs","tag-animations","tag-mions","tag-nature","tag-semaine"],"yoast_head":"<!-- This site is optimized with the Yoast SEO plugin v27.2 - https:\/\/yoast.com\/product\/yoast-seo-wordpress\/ -->\n<title>MIONS | Une semaine de la nature - News Est Lyonnais<\/title>\n<meta name=\"robots\" content=\"index, follow, max-snippet:-1, max-image-preview:large, max-video-preview:-1\" \/>\n<link rel=\"canonical\" href=\"https:\/\/newsestlyonnais.fr\/site\/2024\/05\/23\/mions-une-semaine-de-la-nature\/\" \/>\n<meta property=\"og:locale\" content=\"fr_FR\" \/>\n<meta property=\"og:type\" content=\"article\" \/>\n<meta property=\"og:title\" content=\"MIONS | Une semaine de la nature - News Est Lyonnais\" \/>\n<meta property=\"og:description\" content=\"7 rendez-vous \u00e0 ne pas manquer du \ud835\udfee\ud835\udff1 \ud835\uddfa\ud835\uddee\ud835\uddf6 \ud835\uddee\ud835\ude02 \ud835\udfed\ud835\uddf2\ud835\uddff \ud835\uddf7\ud835\ude02\ud835\uddf6\ud835\uddfb avec des animations autour de la th\u00e9matique &quot;\ud835\ude56\ud835\ude61\ud835\ude5e\ud835\ude62\ud835\ude5a\ud835\ude63\ud835\ude69\ud835\ude56\ud835\ude69\ud835\ude5e\ud835\ude64\ud835\ude63 \ud835\ude59\ud835\ude6a\ud835\ude67\ud835\ude56\ud835\ude57\ud835\ude61\ud835\ude5a&quot; !\" \/>\n<meta property=\"og:url\" content=\"https:\/\/newsestlyonnais.fr\/site\/2024\/05\/23\/mions-une-semaine-de-la-nature\/\" \/>\n<meta property=\"og:site_name\" content=\"News Est Lyonnais\" \/>\n<meta property=\"article:author\" content=\"https:\/\/www.facebook.com\/pascal.oberson.1?fref=ts\" \/>\n<meta property=\"article:published_time\" content=\"2024-05-23T10:07:29+00:00\" \/>\n<meta property=\"article:modified_time\" content=\"2024-06-06T15:28:01+00:00\" \/>\n<meta property=\"og:image\" content=\"https:\/\/newsestlyonnais.fr\/site\/wp-content\/uploads\/2024\/01\/443732146_859296782903351_8311990611960321767_n.jpg\" \/>\n\t<meta property=\"og:image:width\" content=\"960\" \/>\n\t<meta property=\"og:image:height\" content=\"502\" \/>\n\t<meta property=\"og:image:type\" content=\"image\/jpeg\" \/>\n<meta name=\"author\" content=\"R\u00e9dac. NEWS\" \/>\n<meta name=\"twitter:card\" content=\"summary_large_image\" \/>\n<meta name=\"twitter:label1\" content=\"\u00c9crit par\" \/>\n\t<meta name=\"twitter:data1\" content=\"R\u00e9dac. NEWS\" \/>\n\t<meta name=\"twitter:label2\" content=\"Dur\u00e9e de lecture estim\u00e9e\" \/>\n\t<meta name=\"twitter:data2\" content=\"2 minutes\" \/>\n<script type=\"application\/ld+json\" class=\"yoast-schema-graph\">{\"@context\":\"https:\/\/schema.org\",\"@graph\":[{\"@type\":\"Article\",\"@id\":\"https:\/\/newsestlyonnais.fr\/site\/2024\/05\/23\/mions-une-semaine-de-la-nature\/#article\",\"isPartOf\":{\"@id\":\"https:\/\/newsestlyonnais.fr\/site\/2024\/05\/23\/mions-une-semaine-de-la-nature\/\"},\"author\":{\"name\":\"R\u00e9dac. NEWS\",\"@id\":\"https:\/\/newsestlyonnais.fr\/site\/#\/schema\/person\/3230d5615f390bb808365d673001e887\"},\"headline\":\"MIONS | Une semaine de la nature\",\"datePublished\":\"2024-05-23T10:07:29+00:00\",\"dateModified\":\"2024-06-06T15:28:01+00:00\",\"mainEntityOfPage\":{\"@id\":\"https:\/\/newsestlyonnais.fr\/site\/2024\/05\/23\/mions-une-semaine-de-la-nature\/\"},\"wordCount\":121,\"commentCount\":0,\"publisher\":{\"@id\":\"https:\/\/newsestlyonnais.fr\/site\/#organization\"},\"image\":{\"@id\":\"https:\/\/newsestlyonnais.fr\/site\/2024\/05\/23\/mions-une-semaine-de-la-nature\/#primaryimage\"},\"thumbnailUrl\":\"https:\/\/newsestlyonnais.fr\/site\/wp-content\/uploads\/2024\/01\/443732146_859296782903351_8311990611960321767_n.jpg\",\"keywords\":[\"ANIMATIONS\",\"MIONS\",\"NATURE\",\"SEMAINE\"],\"articleSection\":[\"Mions\",\"Nature | Environnement | Chasse\"],\"inLanguage\":\"fr-FR\",\"potentialAction\":[{\"@type\":\"CommentAction\",\"name\":\"Comment\",\"target\":[\"https:\/\/newsestlyonnais.fr\/site\/2024\/05\/23\/mions-une-semaine-de-la-nature\/#respond\"]}]},{\"@type\":\"WebPage\",\"@id\":\"https:\/\/newsestlyonnais.fr\/site\/2024\/05\/23\/mions-une-semaine-de-la-nature\/\",\"url\":\"https:\/\/newsestlyonnais.fr\/site\/2024\/05\/23\/mions-une-semaine-de-la-nature\/\",\"name\":\"MIONS | Une semaine de la nature - News Est Lyonnais\",\"isPartOf\":{\"@id\":\"https:\/\/newsestlyonnais.fr\/site\/#website\"},\"primaryImageOfPage\":{\"@id\":\"https:\/\/newsestlyonnais.fr\/site\/2024\/05\/23\/mions-une-semaine-de-la-nature\/#primaryimage\"},\"image\":{\"@id\":\"https:\/\/newsestlyonnais.fr\/site\/2024\/05\/23\/mions-une-semaine-de-la-nature\/#primaryimage\"},\"thumbnailUrl\":\"https:\/\/newsestlyonnais.fr\/site\/wp-content\/uploads\/2024\/01\/443732146_859296782903351_8311990611960321767_n.jpg\",\"datePublished\":\"2024-05-23T10:07:29+00:00\",\"dateModified\":\"2024-06-06T15:28:01+00:00\",\"breadcrumb\":{\"@id\":\"https:\/\/newsestlyonnais.fr\/site\/2024\/05\/23\/mions-une-semaine-de-la-nature\/#breadcrumb\"},\"inLanguage\":\"fr-FR\",\"potentialAction\":[{\"@type\":\"ReadAction\",\"target\":[\"https:\/\/newsestlyonnais.fr\/site\/2024\/05\/23\/mions-une-semaine-de-la-nature\/\"]}]},{\"@type\":\"ImageObject\",\"inLanguage\":\"fr-FR\",\"@id\":\"https:\/\/newsestlyonnais.fr\/site\/2024\/05\/23\/mions-une-semaine-de-la-nature\/#primaryimage\",\"url\":\"https:\/\/newsestlyonnais.fr\/site\/wp-content\/uploads\/2024\/01\/443732146_859296782903351_8311990611960321767_n.jpg\",\"contentUrl\":\"https:\/\/newsestlyonnais.fr\/site\/wp-content\/uploads\/2024\/01\/443732146_859296782903351_8311990611960321767_n.jpg\",\"width\":960,\"height\":502},{\"@type\":\"BreadcrumbList\",\"@id\":\"https:\/\/newsestlyonnais.fr\/site\/2024\/05\/23\/mions-une-semaine-de-la-nature\/#breadcrumb\",\"itemListElement\":[{\"@type\":\"ListItem\",\"position\":1,\"name\":\"Accueil\",\"item\":\"https:\/\/newsestlyonnais.fr\/site\/\"},{\"@type\":\"ListItem\",\"position\":2,\"name\":\"MIONS | Une semaine de la nature\"}]},{\"@type\":\"WebSite\",\"@id\":\"https:\/\/newsestlyonnais.fr\/site\/#website\",\"url\":\"https:\/\/newsestlyonnais.fr\/site\/\",\"name\":\"News Est Lyonnais\",\"description\":\"L&#039;actualit\u00e9 au plus pr\u00e8s\",\"publisher\":{\"@id\":\"https:\/\/newsestlyonnais.fr\/site\/#organization\"},\"potentialAction\":[{\"@type\":\"SearchAction\",\"target\":{\"@type\":\"EntryPoint\",\"urlTemplate\":\"https:\/\/newsestlyonnais.fr\/site\/?s={search_term_string}\"},\"query-input\":{\"@type\":\"PropertyValueSpecification\",\"valueRequired\":true,\"valueName\":\"search_term_string\"}}],\"inLanguage\":\"fr-FR\"},{\"@type\":\"Organization\",\"@id\":\"https:\/\/newsestlyonnais.fr\/site\/#organization\",\"name\":\"News EST LYONNAIS\",\"url\":\"https:\/\/newsestlyonnais.fr\/site\/\",\"logo\":{\"@type\":\"ImageObject\",\"inLanguage\":\"fr-FR\",\"@id\":\"https:\/\/newsestlyonnais.fr\/site\/#\/schema\/logo\/image\/\",\"url\":\"\",\"contentUrl\":\"\",\"caption\":\"News EST LYONNAIS\"},\"image\":{\"@id\":\"https:\/\/newsestlyonnais.fr\/site\/#\/schema\/logo\/image\/\"}},{\"@type\":\"Person\",\"@id\":\"https:\/\/newsestlyonnais.fr\/site\/#\/schema\/person\/3230d5615f390bb808365d673001e887\",\"name\":\"R\u00e9dac. NEWS\",\"sameAs\":[\"http:\/\/www.newsestlyonnais.fr\",\"https:\/\/www.facebook.com\/pascal.oberson.1?fref=ts\",\"https:\/\/fr.linkedin.com\/in\/pascal-oberson-b17045113\"],\"url\":\"https:\/\/newsestlyonnais.fr\/site\/author\/nel\/\"}]}<\/script>\n<!-- \/ Yoast SEO plugin. -->","yoast_head_json":{"title":"MIONS | Une semaine de la nature - News Est Lyonnais","robots":{"index":"index","follow":"follow","max-snippet":"max-snippet:-1","max-image-preview":"max-image-preview:large","max-video-preview":"max-video-preview:-1"},"canonical":"https:\/\/newsestlyonnais.fr\/site\/2024\/05\/23\/mions-une-semaine-de-la-nature\/","og_locale":"fr_FR","og_type":"article","og_title":"MIONS | Une semaine de la nature - News Est Lyonnais","og_description":"7 rendez-vous \u00e0 ne pas manquer du \ud835\udfee\ud835\udff1 \ud835\uddfa\ud835\uddee\ud835\uddf6 \ud835\uddee\ud835\ude02 \ud835\udfed\ud835\uddf2\ud835\uddff \ud835\uddf7\ud835\ude02\ud835\uddf6\ud835\uddfb avec des animations autour de la th\u00e9matique \"\ud835\ude56\ud835\ude61\ud835\ude5e\ud835\ude62\ud835\ude5a\ud835\ude63\ud835\ude69\ud835\ude56\ud835\ude69\ud835\ude5e\ud835\ude64\ud835\ude63 \ud835\ude59\ud835\ude6a\ud835\ude67\ud835\ude56\ud835\ude57\ud835\ude61\ud835\ude5a\" !","og_url":"https:\/\/newsestlyonnais.fr\/site\/2024\/05\/23\/mions-une-semaine-de-la-nature\/","og_site_name":"News Est Lyonnais","article_author":"https:\/\/www.facebook.com\/pascal.oberson.1?fref=ts","article_published_time":"2024-05-23T10:07:29+00:00","article_modified_time":"2024-06-06T15:28:01+00:00","og_image":[{"width":960,"height":502,"url":"https:\/\/newsestlyonnais.fr\/site\/wp-content\/uploads\/2024\/01\/443732146_859296782903351_8311990611960321767_n.jpg","type":"image\/jpeg"}],"author":"R\u00e9dac. NEWS","twitter_card":"summary_large_image","twitter_misc":{"\u00c9crit par":"R\u00e9dac. NEWS","Dur\u00e9e de lecture estim\u00e9e":"2 minutes"},"schema":{"@context":"https:\/\/schema.org","@graph":[{"@type":"Article","@id":"https:\/\/newsestlyonnais.fr\/site\/2024\/05\/23\/mions-une-semaine-de-la-nature\/#article","isPartOf":{"@id":"https:\/\/newsestlyonnais.fr\/site\/2024\/05\/23\/mions-une-semaine-de-la-nature\/"},"author":{"name":"R\u00e9dac. NEWS","@id":"https:\/\/newsestlyonnais.fr\/site\/#\/schema\/person\/3230d5615f390bb808365d673001e887"},"headline":"MIONS | Une semaine de la nature","datePublished":"2024-05-23T10:07:29+00:00","dateModified":"2024-06-06T15:28:01+00:00","mainEntityOfPage":{"@id":"https:\/\/newsestlyonnais.fr\/site\/2024\/05\/23\/mions-une-semaine-de-la-nature\/"},"wordCount":121,"commentCount":0,"publisher":{"@id":"https:\/\/newsestlyonnais.fr\/site\/#organization"},"image":{"@id":"https:\/\/newsestlyonnais.fr\/site\/2024\/05\/23\/mions-une-semaine-de-la-nature\/#primaryimage"},"thumbnailUrl":"https:\/\/newsestlyonnais.fr\/site\/wp-content\/uploads\/2024\/01\/443732146_859296782903351_8311990611960321767_n.jpg","keywords":["ANIMATIONS","MIONS","NATURE","SEMAINE"],"articleSection":["Mions","Nature | Environnement | Chasse"],"inLanguage":"fr-FR","potentialAction":[{"@type":"CommentAction","name":"Comment","target":["https:\/\/newsestlyonnais.fr\/site\/2024\/05\/23\/mions-une-semaine-de-la-nature\/#respond"]}]},{"@type":"WebPage","@id":"https:\/\/newsestlyonnais.fr\/site\/2024\/05\/23\/mions-une-semaine-de-la-nature\/","url":"https:\/\/newsestlyonnais.fr\/site\/2024\/05\/23\/mions-une-semaine-de-la-nature\/","name":"MIONS | Une semaine de la nature - News Est Lyonnais","isPartOf":{"@id":"https:\/\/newsestlyonnais.fr\/site\/#website"},"primaryImageOfPage":{"@id":"https:\/\/newsestlyonnais.fr\/site\/2024\/05\/23\/mions-une-semaine-de-la-nature\/#primaryimage"},"image":{"@id":"https:\/\/newsestlyonnais.fr\/site\/2024\/05\/23\/mions-une-semaine-de-la-nature\/#primaryimage"},"thumbnailUrl":"https:\/\/newsestlyonnais.fr\/site\/wp-content\/uploads\/2024\/01\/443732146_859296782903351_8311990611960321767_n.jpg","datePublished":"2024-05-23T10:07:29+00:00","dateModified":"2024-06-06T15:28:01+00:00","breadcrumb":{"@id":"https:\/\/newsestlyonnais.fr\/site\/2024\/05\/23\/mions-une-semaine-de-la-nature\/#breadcrumb"},"inLanguage":"fr-FR","potentialAction":[{"@type":"ReadAction","target":["https:\/\/newsestlyonnais.fr\/site\/2024\/05\/23\/mions-une-semaine-de-la-nature\/"]}]},{"@type":"ImageObject","inLanguage":"fr-FR","@id":"https:\/\/newsestlyonnais.fr\/site\/2024\/05\/23\/mions-une-semaine-de-la-nature\/#primaryimage","url":"https:\/\/newsestlyonnais.fr\/site\/wp-content\/uploads\/2024\/01\/443732146_859296782903351_8311990611960321767_n.jpg","contentUrl":"https:\/\/newsestlyonnais.fr\/site\/wp-content\/uploads\/2024\/01\/443732146_859296782903351_8311990611960321767_n.jpg","width":960,"height":502},{"@type":"BreadcrumbList","@id":"https:\/\/newsestlyonnais.fr\/site\/2024\/05\/23\/mions-une-semaine-de-la-nature\/#breadcrumb","itemListElement":[{"@type":"ListItem","position":1,"name":"Accueil","item":"https:\/\/newsestlyonnais.fr\/site\/"},{"@type":"ListItem","position":2,"name":"MIONS | Une semaine de la nature"}]},{"@type":"WebSite","@id":"https:\/\/newsestlyonnais.fr\/site\/#website","url":"https:\/\/newsestlyonnais.fr\/site\/","name":"News Est Lyonnais","description":"L&#039;actualit\u00e9 au plus pr\u00e8s","publisher":{"@id":"https:\/\/newsestlyonnais.fr\/site\/#organization"},"potentialAction":[{"@type":"SearchAction","target":{"@type":"EntryPoint","urlTemplate":"https:\/\/newsestlyonnais.fr\/site\/?s={search_term_string}"},"query-input":{"@type":"PropertyValueSpecification","valueRequired":true,"valueName":"search_term_string"}}],"inLanguage":"fr-FR"},{"@type":"Organization","@id":"https:\/\/newsestlyonnais.fr\/site\/#organization","name":"News EST LYONNAIS","url":"https:\/\/newsestlyonnais.fr\/site\/","logo":{"@type":"ImageObject","inLanguage":"fr-FR","@id":"https:\/\/newsestlyonnais.fr\/site\/#\/schema\/logo\/image\/","url":"","contentUrl":"","caption":"News EST LYONNAIS"},"image":{"@id":"https:\/\/newsestlyonnais.fr\/site\/#\/schema\/logo\/image\/"}},{"@type":"Person","@id":"https:\/\/newsestlyonnais.fr\/site\/#\/schema\/person\/3230d5615f390bb808365d673001e887","name":"R\u00e9dac. NEWS","sameAs":["http:\/\/www.newsestlyonnais.fr","https:\/\/www.facebook.com\/pascal.oberson.1?fref=ts","https:\/\/fr.linkedin.com\/in\/pascal-oberson-b17045113"],"url":"https:\/\/newsestlyonnais.fr\/site\/author\/nel\/"}]}},"_links":{"self":[{"href":"https:\/\/newsestlyonnais.fr\/site\/wp-json\/wp\/v2\/posts\/204237","targetHints":{"allow":["GET"]}}],"collection":[{"href":"https:\/\/newsestlyonnais.fr\/site\/wp-json\/wp\/v2\/posts"}],"about":[{"href":"https:\/\/newsestlyonnais.fr\/site\/wp-json\/wp\/v2\/types\/post"}],"author":[{"embeddable":true,"href":"https:\/\/newsestlyonnais.fr\/site\/wp-json\/wp\/v2\/users\/4"}],"replies":[{"embeddable":true,"href":"https:\/\/newsestlyonnais.fr\/site\/wp-json\/wp\/v2\/comments?post=204237"}],"version-history":[{"count":0,"href":"https:\/\/newsestlyonnais.fr\/site\/wp-json\/wp\/v2\/posts\/204237\/revisions"}],"wp:featuredmedia":[{"embeddable":true,"href":"https:\/\/newsestlyonnais.fr\/site\/wp-json\/wp\/v2\/media\/204230"}],"wp:attachment":[{"href":"https:\/\/newsestlyonnais.fr\/site\/wp-json\/wp\/v2\/media?parent=204237"}],"wp:term":[{"taxonomy":"category","embeddable":true,"href":"https:\/\/newsestlyonnais.fr\/site\/wp-json\/wp\/v2\/categories?post=204237"},{"taxonomy":"post_tag","embeddable":true,"href":"https:\/\/newsestlyonnais.fr\/site\/wp-json\/wp\/v2\/tags?post=204237"}],"curies":[{"name":"wp","href":"https:\/\/api.w.org\/{rel}","templated":true}]}}