{"id":204277,"date":"2024-05-04T14:30:13","date_gmt":"2024-05-04T13:30:13","guid":{"rendered":"https:\/\/newsestlyonnais.fr\/site\/?p=204277"},"modified":"2024-07-22T05:21:07","modified_gmt":"2024-07-22T04:21:07","slug":"open-seniors-du-tc-genas","status":"publish","type":"post","link":"https:\/\/newsestlyonnais.fr\/site\/2024\/05\/04\/open-seniors-du-tc-genas\/","title":{"rendered":"Open seniors du TC Genas"},"content":{"rendered":"<p><span style=\"font-size: 14pt; background-color: #000000; color: #ffcc00;\"><strong>Derni\u00e8re semaine<\/strong><\/span><\/p>\n<p class=\"entry-title post-title\"><a href=\"https:\/\/newsestlyonnais.fr\/site\/2024\/06\/15\/genas-clap-de-fin-pour-lopen-seniors-de-tennis\/\"><span style=\"color: #0000ff;\"><strong><img loading=\"lazy\" decoding=\"async\" class=\"alignleft wp-image-206733\" src=\"https:\/\/newsestlyonnais.fr\/site\/wp-content\/uploads\/2024\/06\/P1500795-250x114.jpg\" alt=\"\" width=\"187\" height=\"85\" srcset=\"https:\/\/newsestlyonnais.fr\/site\/wp-content\/uploads\/2024\/06\/P1500795-250x114.jpg 250w, https:\/\/newsestlyonnais.fr\/site\/wp-content\/uploads\/2024\/06\/P1500795-400x182.jpg 400w, https:\/\/newsestlyonnais.fr\/site\/wp-content\/uploads\/2024\/06\/P1500795-650x296.jpg 650w, https:\/\/newsestlyonnais.fr\/site\/wp-content\/uploads\/2024\/06\/P1500795-768x349.jpg 768w, https:\/\/newsestlyonnais.fr\/site\/wp-content\/uploads\/2024\/06\/P1500795-150x68.jpg 150w, https:\/\/newsestlyonnais.fr\/site\/wp-content\/uploads\/2024\/06\/P1500795-50x23.jpg 50w, https:\/\/newsestlyonnais.fr\/site\/wp-content\/uploads\/2024\/06\/P1500795-100x45.jpg 100w, https:\/\/newsestlyonnais.fr\/site\/wp-content\/uploads\/2024\/06\/P1500795-200x91.jpg 200w, https:\/\/newsestlyonnais.fr\/site\/wp-content\/uploads\/2024\/06\/P1500795-300x136.jpg 300w, https:\/\/newsestlyonnais.fr\/site\/wp-content\/uploads\/2024\/06\/P1500795-350x159.jpg 350w, https:\/\/newsestlyonnais.fr\/site\/wp-content\/uploads\/2024\/06\/P1500795-450x205.jpg 450w, https:\/\/newsestlyonnais.fr\/site\/wp-content\/uploads\/2024\/06\/P1500795-500x227.jpg 500w, https:\/\/newsestlyonnais.fr\/site\/wp-content\/uploads\/2024\/06\/P1500795-550x250.jpg 550w, https:\/\/newsestlyonnais.fr\/site\/wp-content\/uploads\/2024\/06\/P1500795-800x364.jpg 800w, https:\/\/newsestlyonnais.fr\/site\/wp-content\/uploads\/2024\/06\/P1500795.jpg 950w\" sizes=\"auto, (max-width: 187px) 100vw, 187px\" \/><\/strong><\/span><\/a><\/p>\n<p>&nbsp;<\/p>\n<p class=\"entry-title post-title\"><a href=\"https:\/\/newsestlyonnais.fr\/site\/2024\/06\/15\/genas-clap-de-fin-pour-lopen-seniors-de-tennis\/\"><span style=\"color: #0000ff;\"><strong>Clap de fin pour l\u2019open seniors de tennis<\/strong><\/span><\/a><\/p>\n<p><a href=\"https:\/\/newsestlyonnais.fr\/site\/2024\/06\/15\/genas-lopen-seniors-de-tennis-prend-fin-ce-samedi\/\"><strong><span style=\"color: #0000ff;\">Vendredi 14 juin 2024<\/span><\/strong><\/a> \/ <a href=\"https:\/\/newsestlyonnais.fr\/site\/2024\/06\/14\/genas-les-resultats-de-jeudi-de-lopen-seniors-de-tennis\/\"><span style=\"color: #3366ff;\"><strong><span style=\"color: #0000ff;\">Jeudi 13 juin 2024<\/span><\/strong><\/span><\/a> \/\u00a0<a href=\"https:\/\/newsestlyonnais.fr\/site\/2024\/06\/13\/genas-derniere-ligne-droite-pour-lopen-seniors-de-tennis\/\"><strong><span style=\"color: #0000ff;\">Mercredi 12 juin 2024<\/span><\/strong><\/a> \/ <a href=\"https:\/\/newsestlyonnais.fr\/site\/2024\/06\/12\/genas-les-resultats-de-mardi-a-lopen-seniors-de-tennis-3\/\"><span style=\"color: #0000ff;\"><strong>Mardi 11 juin 2024<\/strong><\/span><\/a> \/ <a href=\"https:\/\/newsestlyonnais.fr\/site\/2024\/06\/11\/genas-les-resultats-de-lundi-a-lopen-seniors-de-tennis-3\/\"><strong><span style=\"color: #0000ff;\">Lundi 10 juin 2024<\/span><\/strong><\/a><\/p>\n<p><span style=\"background-color: #000000; color: #ffcc00; font-size: 14pt;\"><strong>3\u00b0 semaine<\/strong><\/span><\/p>\n<p><a href=\"https:\/\/newsestlyonnais.fr\/site\/2024\/06\/10\/genas-les-resultats-de-ce-dimanche-a-lopen-seniors-de-tennis\/\"><span style=\"color: #3366ff;\"><strong><span style=\"color: #0000ff;\">Dimanche 9 juin 2024<\/span><\/strong><\/span><\/a> \/ <a href=\"https:\/\/newsestlyonnais.fr\/site\/2024\/06\/09\/genas-les-resultats-de-samedi-a-lopen-seniors-de-tennis-3\/\"><span style=\"color: #0000ff;\"><strong>Samedi 8 juin 2024<\/strong><\/span><\/a> \/ <a href=\"https:\/\/newsestlyonnais.fr\/site\/2024\/06\/08\/genas-les-resultats-de-vendredi-a-lopen-seniors-de-tennis-3\/\"><span style=\"color: #0000ff;\"><strong>Vendredi 7 juin 2024<\/strong><\/span><\/a> \/ <a href=\"https:\/\/newsestlyonnais.fr\/site\/2024\/06\/07\/genas-les-resultats-de-jeudi-a-lopen-seniors-de-tennis-3\/\"><span style=\"color: #0000ff;\"><strong>Jeudi 6 juin 2024<\/strong><\/span><\/a> \/ <a href=\"https:\/\/newsestlyonnais.fr\/site\/2024\/06\/06\/genas-les-resultats-de-mercredi-a-lopen-seniors-de-tennis-3\/\"><strong><span style=\"color: #0000ff;\">Mercredi 5 juin 2024<\/span><\/strong><\/a> \/ <a href=\"https:\/\/newsestlyonnais.fr\/site\/2024\/06\/05\/genas-les-resultats-de-mardi-a-lopen-seniors-de-tennis-2\/\"><strong><span style=\"color: #0000ff;\">Mardi 4 juin 2024 <\/span><\/strong><\/a>\/ <a href=\"https:\/\/newsestlyonnais.fr\/site\/2024\/06\/04\/genas-les-resultats-de-lundi-a-lopen-seniors-de-tennis-2\/\"><span style=\"color: #0000ff;\"><strong>Lundi 3 juin 2024<\/strong><\/span><\/a><\/p>\n<p><span style=\"font-size: 14pt; background-color: #000000; color: #ffcc00;\"><strong>2\u00b0 semaine<\/strong><\/span><\/p>\n<p><a href=\"https:\/\/newsestlyonnais.fr\/site\/2024\/06\/02\/genas-les-resultats-de-dimanche-a-lopen-seniors-de-tennis-2\/\"><span style=\"color: #0000ff;\"><strong>Dimanche 2 juin 2024<\/strong><\/span><\/a> \/ <a href=\"https:\/\/newsestlyonnais.fr\/site\/2024\/06\/02\/genas-les-resultats-de-samedi-a-lopen-seniors-de-tennis-2\/\"><span style=\"color: #0000ff;\"><strong>Samedi 1\u00b0 juin 2024<\/strong><\/span><\/a> \/ <a href=\"https:\/\/newsestlyonnais.fr\/site\/2024\/06\/01\/genas-les-resultats-de-vendredi-a-lopen-seniors-de-tennis-2\/\"><span style=\"color: #0000ff;\"><strong>Vendredi 31 mai 2024\u00a0<\/strong><\/span><\/a>\/ <span style=\"color: #0000ff;\"><strong><a style=\"color: #0000ff;\" href=\"https:\/\/newsestlyonnais.fr\/site\/2024\/05\/31\/genas-les-resultats-de-jeudi-a-lopen-seniors-de-tennis-2\/\">Jeudi 30 mai 2024\u00a0<\/a><\/strong><\/span>\/ <a href=\"https:\/\/newsestlyonnais.fr\/site\/2024\/05\/30\/genas-les-resultats-de-mercredi-a-lopen-seniors-de-tennis-2\/\"><span style=\"color: #3366ff;\"><strong><span style=\"color: #0000ff;\">Mercredi 29 mai 2024 <\/span><\/strong><\/span><\/a>\/ <a href=\"https:\/\/newsestlyonnais.fr\/site\/2024\/05\/29\/genas-les-resultats-de-mardi-a-lopen-seniors-de-tennis\/\"><span style=\"color: #0000ff;\"><strong>Mardi 28 mai 2024\u00a0<\/strong><\/span><\/a>\/ <a href=\"https:\/\/newsestlyonnais.fr\/site\/2024\/05\/28\/genas-les-resultats-de-lundi-a-lopen-seniors-de-tennis\/\"><span style=\"color: #0000ff;\"><strong>Lundi 27 mai 2024<\/strong><\/span><\/a><\/p>\n<p><span style=\"background-color: #000000; color: #ffcc00;\"><strong><span style=\"font-size: 14pt; background-color: #000000;\">1\u00b0 semaine<\/span><\/strong><\/span><\/p>\n<p><a href=\"https:\/\/newsestlyonnais.fr\/site\/2024\/05\/27\/genas-les-resultats-de-dimanche-a-lopen-seniors-de-tennis\/\"><span style=\"color: #0000ff;\"><strong>Dimanche 26 mai 2024\u00a0<\/strong><\/span><\/a>\/ <a href=\"https:\/\/newsestlyonnais.fr\/site\/2024\/05\/26\/genas-les-resultats-de-samedi-a-lopen-seniors-de-tennis\/\"><strong><span style=\"color: #0000ff;\">Samedi 25 mai 2024<\/span><\/strong><\/a>\u00a0\/ <a href=\"https:\/\/newsestlyonnais.fr\/site\/2024\/05\/25\/genas-les-resultats-de-vendredi-a-lopen-seniors-de-tennis\/\"><span style=\"color: #0000ff;\"><strong>Vendredi 24 mai 2024\u00a0<\/strong><\/span><\/a>\/ <span style=\"color: #0000ff;\"><a style=\"color: #0000ff;\" href=\"https:\/\/newsestlyonnais.fr\/site\/2024\/05\/24\/genas-les-resultats-de-jeudi-a-lopen-seniors-de-tennis\/\"><strong>Jeudi 23 mai 2024\u00a0<\/strong><\/a><\/span>\/ <a href=\"https:\/\/newsestlyonnais.fr\/site\/2024\/05\/23\/genas-les-resultats-de-mercredi-a-lopen-seniors-de-tennis\/\"><span style=\"color: #0000ff;\"><strong>Mercredi 22 mai 2024\u00a0<\/strong><\/span><\/a>\/ <strong>R\u00e9sultats de la 1\u00b0 journ\u00e9e<\/strong> &gt; <strong><a href=\"https:\/\/newsestlyonnais.fr\/site\/2024\/05\/22\/genas-premiers-resultats-de-lopen-seniors-de-tennis\/\"><span style=\"color: #0000ff;\"><span style=\"color: #0000ff;\">mardi 21 mai 2024<\/span><\/span><\/a><\/strong><\/p>\n<hr \/>\n<p><strong><img loading=\"lazy\" decoding=\"async\" class=\"alignleft wp-image-204079 size-thumbnail\" src=\"https:\/\/newsestlyonnais.fr\/site\/wp-content\/uploads\/2024\/05\/P1500760-250x188.jpg\" alt=\"\" width=\"150\" height=\"113\" srcset=\"https:\/\/newsestlyonnais.fr\/site\/wp-content\/uploads\/2024\/05\/P1500760-250x188.jpg 250w, https:\/\/newsestlyonnais.fr\/site\/wp-content\/uploads\/2024\/05\/P1500760-400x300.jpg 400w, https:\/\/newsestlyonnais.fr\/site\/wp-content\/uploads\/2024\/05\/P1500760-650x488.jpg 650w, https:\/\/newsestlyonnais.fr\/site\/wp-content\/uploads\/2024\/05\/P1500760-768x576.jpg 768w, https:\/\/newsestlyonnais.fr\/site\/wp-content\/uploads\/2024\/05\/P1500760-150x113.jpg 150w, https:\/\/newsestlyonnais.fr\/site\/wp-content\/uploads\/2024\/05\/P1500760-50x38.jpg 50w, https:\/\/newsestlyonnais.fr\/site\/wp-content\/uploads\/2024\/05\/P1500760-100x75.jpg 100w, https:\/\/newsestlyonnais.fr\/site\/wp-content\/uploads\/2024\/05\/P1500760-200x150.jpg 200w, https:\/\/newsestlyonnais.fr\/site\/wp-content\/uploads\/2024\/05\/P1500760-300x225.jpg 300w, https:\/\/newsestlyonnais.fr\/site\/wp-content\/uploads\/2024\/05\/P1500760-350x263.jpg 350w, https:\/\/newsestlyonnais.fr\/site\/wp-content\/uploads\/2024\/05\/P1500760-450x338.jpg 450w, https:\/\/newsestlyonnais.fr\/site\/wp-content\/uploads\/2024\/05\/P1500760-500x375.jpg 500w, https:\/\/newsestlyonnais.fr\/site\/wp-content\/uploads\/2024\/05\/P1500760-550x413.jpg 550w, https:\/\/newsestlyonnais.fr\/site\/wp-content\/uploads\/2024\/05\/P1500760-800x600.jpg 800w, https:\/\/newsestlyonnais.fr\/site\/wp-content\/uploads\/2024\/05\/P1500760.jpg 1200w\" sizes=\"auto, (max-width: 150px) 100vw, 150px\" \/><span style=\"background-color: #000000; color: #ffcc00;\">Annonce du tournoi<\/span><\/strong><span style=\"background-color: #000000; color: #ffcc00;\"> :<\/span><\/p>\n<p><strong><span style=\"font-size: 14pt;\"><a href=\"https:\/\/newsestlyonnais.fr\/site\/2024\/05\/20\/genas-top-depart-ce-mardi-de-lopen-seniors-de-tennis\/\"><span style=\"color: #0000ff;\">Top d\u00e9part ce mardi de l\u2019Open seniors de tennis<\/span><\/a><\/span><\/strong><\/p>\n<hr \/>\n<hr \/>\n<p>&nbsp;<\/p>\n<p><img loading=\"lazy\" decoding=\"async\" class=\"aligncenter size-large wp-image-201984\" src=\"https:\/\/newsestlyonnais.fr\/site\/wp-content\/uploads\/2024\/01\/431484285_808359701331519_5467842399124790661_n-650x917.jpg\" alt=\"\" width=\"532\" height=\"750\" srcset=\"https:\/\/newsestlyonnais.fr\/site\/wp-content\/uploads\/2024\/01\/431484285_808359701331519_5467842399124790661_n-650x917.jpg 650w, https:\/\/newsestlyonnais.fr\/site\/wp-content\/uploads\/2024\/01\/431484285_808359701331519_5467842399124790661_n-400x564.jpg 400w, https:\/\/newsestlyonnais.fr\/site\/wp-content\/uploads\/2024\/01\/431484285_808359701331519_5467842399124790661_n-250x353.jpg 250w, https:\/\/newsestlyonnais.fr\/site\/wp-content\/uploads\/2024\/01\/431484285_808359701331519_5467842399124790661_n-768x1083.jpg 768w, https:\/\/newsestlyonnais.fr\/site\/wp-content\/uploads\/2024\/01\/431484285_808359701331519_5467842399124790661_n-150x212.jpg 150w, https:\/\/newsestlyonnais.fr\/site\/wp-content\/uploads\/2024\/01\/431484285_808359701331519_5467842399124790661_n.jpg 851w\" sizes=\"auto, (max-width: 532px) 100vw, 532px\" \/><\/p>\n","protected":false},"excerpt":{"rendered":"<p>Tous les r\u00e9sultats de ce tournoi, 1\u00b0 \u00e9tape du Master Tour de l&rsquo;Est Lyonnais, qui a eu lieu du 21 mai au 15 juin 2024.<\/p>\n","protected":false},"author":4,"featured_media":155727,"comment_status":"open","ping_status":"open","sticky":false,"template":"","format":"standard","meta":{"footnotes":""},"categories":[4879,270,1598,2992,2991,4801],"tags":[2049],"class_list":["post-204277","post","type-post","status-publish","format-standard","has-post-thumbnail","hentry","category-animation","category-cte-de-communes-c-c-e-l","category-genas","category-tennis-padel","category-tennis-tennis-table-sports","category-tennis-circuit-est-lyonnais","tag-tennis"],"yoast_head":"<!-- This site is optimized with the Yoast SEO plugin v27.2 - https:\/\/yoast.com\/product\/yoast-seo-wordpress\/ -->\n<title>Open seniors du TC Genas - News Est Lyonnais<\/title>\n<meta name=\"robots\" content=\"index, follow, max-snippet:-1, max-image-preview:large, max-video-preview:-1\" \/>\n<link rel=\"canonical\" href=\"https:\/\/newsestlyonnais.fr\/site\/2024\/05\/04\/open-seniors-du-tc-genas\/\" \/>\n<meta property=\"og:locale\" content=\"fr_FR\" \/>\n<meta property=\"og:type\" content=\"article\" \/>\n<meta property=\"og:title\" content=\"Open seniors du TC Genas - News Est Lyonnais\" \/>\n<meta property=\"og:description\" content=\"Tous les r\u00e9sultats de ce tournoi, 1\u00b0 \u00e9tape du Master Tour de l&#039;Est Lyonnais, qui a eu lieu du 21 mai au 15 juin 2024.\" \/>\n<meta property=\"og:url\" content=\"https:\/\/newsestlyonnais.fr\/site\/2024\/05\/04\/open-seniors-du-tc-genas\/\" \/>\n<meta property=\"og:site_name\" content=\"News Est Lyonnais\" \/>\n<meta property=\"article:author\" content=\"https:\/\/www.facebook.com\/pascal.oberson.1?fref=ts\" \/>\n<meta property=\"article:published_time\" content=\"2024-05-04T13:30:13+00:00\" \/>\n<meta property=\"article:modified_time\" content=\"2024-07-22T04:21:07+00:00\" \/>\n<meta property=\"og:image\" content=\"https:\/\/newsestlyonnais.fr\/site\/wp-content\/uploads\/2022\/05\/NEWSESTLYONNAIS-HALLE-TENNIS-GENAS.jpg\" \/>\n\t<meta property=\"og:image:width\" content=\"1200\" \/>\n\t<meta property=\"og:image:height\" content=\"900\" \/>\n\t<meta property=\"og:image:type\" content=\"image\/jpeg\" \/>\n<meta name=\"author\" content=\"R\u00e9dac. NEWS\" \/>\n<meta name=\"twitter:card\" content=\"summary_large_image\" \/>\n<meta name=\"twitter:label1\" content=\"\u00c9crit par\" \/>\n\t<meta name=\"twitter:data1\" content=\"R\u00e9dac. NEWS\" \/>\n\t<meta name=\"twitter:label2\" content=\"Dur\u00e9e de lecture estim\u00e9e\" \/>\n\t<meta name=\"twitter:data2\" content=\"2 minutes\" \/>\n<script type=\"application\/ld+json\" class=\"yoast-schema-graph\">{\"@context\":\"https:\/\/schema.org\",\"@graph\":[{\"@type\":\"Article\",\"@id\":\"https:\/\/newsestlyonnais.fr\/site\/2024\/05\/04\/open-seniors-du-tc-genas\/#article\",\"isPartOf\":{\"@id\":\"https:\/\/newsestlyonnais.fr\/site\/2024\/05\/04\/open-seniors-du-tc-genas\/\"},\"author\":{\"name\":\"R\u00e9dac. NEWS\",\"@id\":\"https:\/\/newsestlyonnais.fr\/site\/#\/schema\/person\/3230d5615f390bb808365d673001e887\"},\"headline\":\"Open seniors du TC Genas\",\"datePublished\":\"2024-05-04T13:30:13+00:00\",\"dateModified\":\"2024-07-22T04:21:07+00:00\",\"mainEntityOfPage\":{\"@id\":\"https:\/\/newsestlyonnais.fr\/site\/2024\/05\/04\/open-seniors-du-tc-genas\/\"},\"wordCount\":93,\"commentCount\":0,\"publisher\":{\"@id\":\"https:\/\/newsestlyonnais.fr\/site\/#organization\"},\"image\":{\"@id\":\"https:\/\/newsestlyonnais.fr\/site\/2024\/05\/04\/open-seniors-du-tc-genas\/#primaryimage\"},\"thumbnailUrl\":\"https:\/\/newsestlyonnais.fr\/site\/wp-content\/uploads\/2022\/05\/NEWSESTLYONNAIS-HALLE-TENNIS-GENAS.jpg\",\"keywords\":[\"TENNIS\"],\"articleSection\":[\"Animation\",\"CCEL | Communes\",\"Genas\",\"Tennis | Padel\",\"Tennis | Tennis de table\",\"Tennis circuit est lyonnais\"],\"inLanguage\":\"fr-FR\",\"potentialAction\":[{\"@type\":\"CommentAction\",\"name\":\"Comment\",\"target\":[\"https:\/\/newsestlyonnais.fr\/site\/2024\/05\/04\/open-seniors-du-tc-genas\/#respond\"]}]},{\"@type\":\"WebPage\",\"@id\":\"https:\/\/newsestlyonnais.fr\/site\/2024\/05\/04\/open-seniors-du-tc-genas\/\",\"url\":\"https:\/\/newsestlyonnais.fr\/site\/2024\/05\/04\/open-seniors-du-tc-genas\/\",\"name\":\"Open seniors du TC Genas - News Est Lyonnais\",\"isPartOf\":{\"@id\":\"https:\/\/newsestlyonnais.fr\/site\/#website\"},\"primaryImageOfPage\":{\"@id\":\"https:\/\/newsestlyonnais.fr\/site\/2024\/05\/04\/open-seniors-du-tc-genas\/#primaryimage\"},\"image\":{\"@id\":\"https:\/\/newsestlyonnais.fr\/site\/2024\/05\/04\/open-seniors-du-tc-genas\/#primaryimage\"},\"thumbnailUrl\":\"https:\/\/newsestlyonnais.fr\/site\/wp-content\/uploads\/2022\/05\/NEWSESTLYONNAIS-HALLE-TENNIS-GENAS.jpg\",\"datePublished\":\"2024-05-04T13:30:13+00:00\",\"dateModified\":\"2024-07-22T04:21:07+00:00\",\"breadcrumb\":{\"@id\":\"https:\/\/newsestlyonnais.fr\/site\/2024\/05\/04\/open-seniors-du-tc-genas\/#breadcrumb\"},\"inLanguage\":\"fr-FR\",\"potentialAction\":[{\"@type\":\"ReadAction\",\"target\":[\"https:\/\/newsestlyonnais.fr\/site\/2024\/05\/04\/open-seniors-du-tc-genas\/\"]}]},{\"@type\":\"ImageObject\",\"inLanguage\":\"fr-FR\",\"@id\":\"https:\/\/newsestlyonnais.fr\/site\/2024\/05\/04\/open-seniors-du-tc-genas\/#primaryimage\",\"url\":\"https:\/\/newsestlyonnais.fr\/site\/wp-content\/uploads\/2022\/05\/NEWSESTLYONNAIS-HALLE-TENNIS-GENAS.jpg\",\"contentUrl\":\"https:\/\/newsestlyonnais.fr\/site\/wp-content\/uploads\/2022\/05\/NEWSESTLYONNAIS-HALLE-TENNIS-GENAS.jpg\",\"width\":1200,\"height\":900},{\"@type\":\"BreadcrumbList\",\"@id\":\"https:\/\/newsestlyonnais.fr\/site\/2024\/05\/04\/open-seniors-du-tc-genas\/#breadcrumb\",\"itemListElement\":[{\"@type\":\"ListItem\",\"position\":1,\"name\":\"Accueil\",\"item\":\"https:\/\/newsestlyonnais.fr\/site\/\"},{\"@type\":\"ListItem\",\"position\":2,\"name\":\"Open seniors du TC Genas\"}]},{\"@type\":\"WebSite\",\"@id\":\"https:\/\/newsestlyonnais.fr\/site\/#website\",\"url\":\"https:\/\/newsestlyonnais.fr\/site\/\",\"name\":\"News Est Lyonnais\",\"description\":\"L&#039;actualit\u00e9 au plus pr\u00e8s\",\"publisher\":{\"@id\":\"https:\/\/newsestlyonnais.fr\/site\/#organization\"},\"potentialAction\":[{\"@type\":\"SearchAction\",\"target\":{\"@type\":\"EntryPoint\",\"urlTemplate\":\"https:\/\/newsestlyonnais.fr\/site\/?s={search_term_string}\"},\"query-input\":{\"@type\":\"PropertyValueSpecification\",\"valueRequired\":true,\"valueName\":\"search_term_string\"}}],\"inLanguage\":\"fr-FR\"},{\"@type\":\"Organization\",\"@id\":\"https:\/\/newsestlyonnais.fr\/site\/#organization\",\"name\":\"News EST LYONNAIS\",\"url\":\"https:\/\/newsestlyonnais.fr\/site\/\",\"logo\":{\"@type\":\"ImageObject\",\"inLanguage\":\"fr-FR\",\"@id\":\"https:\/\/newsestlyonnais.fr\/site\/#\/schema\/logo\/image\/\",\"url\":\"\",\"contentUrl\":\"\",\"caption\":\"News EST LYONNAIS\"},\"image\":{\"@id\":\"https:\/\/newsestlyonnais.fr\/site\/#\/schema\/logo\/image\/\"}},{\"@type\":\"Person\",\"@id\":\"https:\/\/newsestlyonnais.fr\/site\/#\/schema\/person\/3230d5615f390bb808365d673001e887\",\"name\":\"R\u00e9dac. NEWS\",\"sameAs\":[\"http:\/\/www.newsestlyonnais.fr\",\"https:\/\/www.facebook.com\/pascal.oberson.1?fref=ts\",\"https:\/\/fr.linkedin.com\/in\/pascal-oberson-b17045113\"],\"url\":\"https:\/\/newsestlyonnais.fr\/site\/author\/nel\/\"}]}<\/script>\n<!-- \/ Yoast SEO plugin. -->","yoast_head_json":{"title":"Open seniors du TC Genas - News Est Lyonnais","robots":{"index":"index","follow":"follow","max-snippet":"max-snippet:-1","max-image-preview":"max-image-preview:large","max-video-preview":"max-video-preview:-1"},"canonical":"https:\/\/newsestlyonnais.fr\/site\/2024\/05\/04\/open-seniors-du-tc-genas\/","og_locale":"fr_FR","og_type":"article","og_title":"Open seniors du TC Genas - News Est Lyonnais","og_description":"Tous les r\u00e9sultats de ce tournoi, 1\u00b0 \u00e9tape du Master Tour de l'Est Lyonnais, qui a eu lieu du 21 mai au 15 juin 2024.","og_url":"https:\/\/newsestlyonnais.fr\/site\/2024\/05\/04\/open-seniors-du-tc-genas\/","og_site_name":"News Est Lyonnais","article_author":"https:\/\/www.facebook.com\/pascal.oberson.1?fref=ts","article_published_time":"2024-05-04T13:30:13+00:00","article_modified_time":"2024-07-22T04:21:07+00:00","og_image":[{"width":1200,"height":900,"url":"https:\/\/newsestlyonnais.fr\/site\/wp-content\/uploads\/2022\/05\/NEWSESTLYONNAIS-HALLE-TENNIS-GENAS.jpg","type":"image\/jpeg"}],"author":"R\u00e9dac. NEWS","twitter_card":"summary_large_image","twitter_misc":{"\u00c9crit par":"R\u00e9dac. NEWS","Dur\u00e9e de lecture estim\u00e9e":"2 minutes"},"schema":{"@context":"https:\/\/schema.org","@graph":[{"@type":"Article","@id":"https:\/\/newsestlyonnais.fr\/site\/2024\/05\/04\/open-seniors-du-tc-genas\/#article","isPartOf":{"@id":"https:\/\/newsestlyonnais.fr\/site\/2024\/05\/04\/open-seniors-du-tc-genas\/"},"author":{"name":"R\u00e9dac. NEWS","@id":"https:\/\/newsestlyonnais.fr\/site\/#\/schema\/person\/3230d5615f390bb808365d673001e887"},"headline":"Open seniors du TC Genas","datePublished":"2024-05-04T13:30:13+00:00","dateModified":"2024-07-22T04:21:07+00:00","mainEntityOfPage":{"@id":"https:\/\/newsestlyonnais.fr\/site\/2024\/05\/04\/open-seniors-du-tc-genas\/"},"wordCount":93,"commentCount":0,"publisher":{"@id":"https:\/\/newsestlyonnais.fr\/site\/#organization"},"image":{"@id":"https:\/\/newsestlyonnais.fr\/site\/2024\/05\/04\/open-seniors-du-tc-genas\/#primaryimage"},"thumbnailUrl":"https:\/\/newsestlyonnais.fr\/site\/wp-content\/uploads\/2022\/05\/NEWSESTLYONNAIS-HALLE-TENNIS-GENAS.jpg","keywords":["TENNIS"],"articleSection":["Animation","CCEL | Communes","Genas","Tennis | Padel","Tennis | Tennis de table","Tennis circuit est lyonnais"],"inLanguage":"fr-FR","potentialAction":[{"@type":"CommentAction","name":"Comment","target":["https:\/\/newsestlyonnais.fr\/site\/2024\/05\/04\/open-seniors-du-tc-genas\/#respond"]}]},{"@type":"WebPage","@id":"https:\/\/newsestlyonnais.fr\/site\/2024\/05\/04\/open-seniors-du-tc-genas\/","url":"https:\/\/newsestlyonnais.fr\/site\/2024\/05\/04\/open-seniors-du-tc-genas\/","name":"Open seniors du TC Genas - News Est Lyonnais","isPartOf":{"@id":"https:\/\/newsestlyonnais.fr\/site\/#website"},"primaryImageOfPage":{"@id":"https:\/\/newsestlyonnais.fr\/site\/2024\/05\/04\/open-seniors-du-tc-genas\/#primaryimage"},"image":{"@id":"https:\/\/newsestlyonnais.fr\/site\/2024\/05\/04\/open-seniors-du-tc-genas\/#primaryimage"},"thumbnailUrl":"https:\/\/newsestlyonnais.fr\/site\/wp-content\/uploads\/2022\/05\/NEWSESTLYONNAIS-HALLE-TENNIS-GENAS.jpg","datePublished":"2024-05-04T13:30:13+00:00","dateModified":"2024-07-22T04:21:07+00:00","breadcrumb":{"@id":"https:\/\/newsestlyonnais.fr\/site\/2024\/05\/04\/open-seniors-du-tc-genas\/#breadcrumb"},"inLanguage":"fr-FR","potentialAction":[{"@type":"ReadAction","target":["https:\/\/newsestlyonnais.fr\/site\/2024\/05\/04\/open-seniors-du-tc-genas\/"]}]},{"@type":"ImageObject","inLanguage":"fr-FR","@id":"https:\/\/newsestlyonnais.fr\/site\/2024\/05\/04\/open-seniors-du-tc-genas\/#primaryimage","url":"https:\/\/newsestlyonnais.fr\/site\/wp-content\/uploads\/2022\/05\/NEWSESTLYONNAIS-HALLE-TENNIS-GENAS.jpg","contentUrl":"https:\/\/newsestlyonnais.fr\/site\/wp-content\/uploads\/2022\/05\/NEWSESTLYONNAIS-HALLE-TENNIS-GENAS.jpg","width":1200,"height":900},{"@type":"BreadcrumbList","@id":"https:\/\/newsestlyonnais.fr\/site\/2024\/05\/04\/open-seniors-du-tc-genas\/#breadcrumb","itemListElement":[{"@type":"ListItem","position":1,"name":"Accueil","item":"https:\/\/newsestlyonnais.fr\/site\/"},{"@type":"ListItem","position":2,"name":"Open seniors du TC Genas"}]},{"@type":"WebSite","@id":"https:\/\/newsestlyonnais.fr\/site\/#website","url":"https:\/\/newsestlyonnais.fr\/site\/","name":"News Est Lyonnais","description":"L&#039;actualit\u00e9 au plus pr\u00e8s","publisher":{"@id":"https:\/\/newsestlyonnais.fr\/site\/#organization"},"potentialAction":[{"@type":"SearchAction","target":{"@type":"EntryPoint","urlTemplate":"https:\/\/newsestlyonnais.fr\/site\/?s={search_term_string}"},"query-input":{"@type":"PropertyValueSpecification","valueRequired":true,"valueName":"search_term_string"}}],"inLanguage":"fr-FR"},{"@type":"Organization","@id":"https:\/\/newsestlyonnais.fr\/site\/#organization","name":"News EST LYONNAIS","url":"https:\/\/newsestlyonnais.fr\/site\/","logo":{"@type":"ImageObject","inLanguage":"fr-FR","@id":"https:\/\/newsestlyonnais.fr\/site\/#\/schema\/logo\/image\/","url":"","contentUrl":"","caption":"News EST LYONNAIS"},"image":{"@id":"https:\/\/newsestlyonnais.fr\/site\/#\/schema\/logo\/image\/"}},{"@type":"Person","@id":"https:\/\/newsestlyonnais.fr\/site\/#\/schema\/person\/3230d5615f390bb808365d673001e887","name":"R\u00e9dac. NEWS","sameAs":["http:\/\/www.newsestlyonnais.fr","https:\/\/www.facebook.com\/pascal.oberson.1?fref=ts","https:\/\/fr.linkedin.com\/in\/pascal-oberson-b17045113"],"url":"https:\/\/newsestlyonnais.fr\/site\/author\/nel\/"}]}},"_links":{"self":[{"href":"https:\/\/newsestlyonnais.fr\/site\/wp-json\/wp\/v2\/posts\/204277","targetHints":{"allow":["GET"]}}],"collection":[{"href":"https:\/\/newsestlyonnais.fr\/site\/wp-json\/wp\/v2\/posts"}],"about":[{"href":"https:\/\/newsestlyonnais.fr\/site\/wp-json\/wp\/v2\/types\/post"}],"author":[{"embeddable":true,"href":"https:\/\/newsestlyonnais.fr\/site\/wp-json\/wp\/v2\/users\/4"}],"replies":[{"embeddable":true,"href":"https:\/\/newsestlyonnais.fr\/site\/wp-json\/wp\/v2\/comments?post=204277"}],"version-history":[{"count":0,"href":"https:\/\/newsestlyonnais.fr\/site\/wp-json\/wp\/v2\/posts\/204277\/revisions"}],"wp:featuredmedia":[{"embeddable":true,"href":"https:\/\/newsestlyonnais.fr\/site\/wp-json\/wp\/v2\/media\/155727"}],"wp:attachment":[{"href":"https:\/\/newsestlyonnais.fr\/site\/wp-json\/wp\/v2\/media?parent=204277"}],"wp:term":[{"taxonomy":"category","embeddable":true,"href":"https:\/\/newsestlyonnais.fr\/site\/wp-json\/wp\/v2\/categories?post=204277"},{"taxonomy":"post_tag","embeddable":true,"href":"https:\/\/newsestlyonnais.fr\/site\/wp-json\/wp\/v2\/tags?post=204277"}],"curies":[{"name":"wp","href":"https:\/\/api.w.org\/{rel}","templated":true}]}}