{"id":20438,"date":"2017-02-07T06:27:02","date_gmt":"2017-02-07T05:27:02","guid":{"rendered":"http:\/\/newsestlyonnais.fr\/site\/?p=20438"},"modified":"2021-09-16T14:07:06","modified_gmt":"2021-09-16T13:07:06","slug":"chassieu-trois-archers-chasselands-qualifies-championnats-de-france","status":"publish","type":"post","link":"https:\/\/newsestlyonnais.fr\/site\/2017\/02\/07\/chassieu-trois-archers-chasselands-qualifies-championnats-de-france\/","title":{"rendered":"CHASSIEU | Trois archers chasselands sur le podium !"},"content":{"rendered":"<div dir=\"ltr\">\n<div style=\"font-family: 'Calibri';color: #000000;font-size: 12pt\">\n<h4>Plus de 200 archers se sont donn\u00e9s rendez vous ce week-end au gymnase du Raquin pour participer au concours annuel qualificatif au championnat de France de tir en salle (tir \u00e0 18m) organis\u00e9 par le Club de Chassieu tir \u00e0 l\u2019arc.<\/h4>\n<div>Une affluence record avec l\u2019ajout cette ann\u00e9e d\u2019un cinqui\u00e8me d\u00e9part le samedi matin et l\u2019accueil d\u2019une manche de la Coupe Rh\u00f4ne Alpes Jeunes le samedi apr\u00e8s midi. Il faut noter \u00e9galement la participation de 16 archers du club. Pour certains il s\u2019agissait de leur premier concours, pour d\u2019autres d\u2019un retour apr\u00e8s une longue absence loin des pas de tir.<\/div>\n<div>Les r\u00e9compenses ont \u00e9t\u00e9 remises le samedi en fin d&rsquo;apr\u00e8s-midi pour la coupe des jeunes et le dimanche pour les autres. <strong>Le club de Chassieu tir \u00e0 l\u2019arc<\/strong> a r\u00e9colt\u00e9 <span style=\"text-decoration: underline\">3 m\u00e9dailles dans 3 armes<\/span> diff\u00e9rentes : une premi\u00e8re place pour Paul Jeannot (en jeunes arc nu), une seconde place pour Armando Sampaio (en v\u00e9t\u00e9ran arc classique), et une seconde place pour Roger Paepe (en super v\u00e9t\u00e9ran arc \u00e0 poulies). Le concours s\u2019est d\u00e9roul\u00e9 dans une bonne ambiance \u00e0 la grande satisfaction de tous, et gr\u00e2ce au travail de tous les b\u00e9n\u00e9voles sans lesquels rien ne serait possible.<\/div>\n<div><\/div>\n<div>Rendez vous est donn\u00e9 pour la prochaine comp\u00e9tition du club, \u00e9galement qualificative au championnat de France FITA (tir \u00e0 70m) et F\u00e9d\u00e9ral (tir \u00e0 50m) organis\u00e9e cette fois en ext\u00e9rieur au stade Tisserand le dimanche 9 avril 2017.<\/div>\n<\/div>\n<\/div>\n<div><\/div>\n<h4>Retrouvez toute l&rsquo;ACTU du club sur: <a href=\"http:\/\/chassieutiralarc.e-monsite.com\" target=\"_blank\" rel=\"noopener noreferrer\">http:\/\/chassieutiralarc.e-monsite.com<\/a><\/h4>\n","protected":false},"excerpt":{"rendered":"<p>Plus de 200 archers se sont donn\u00e9s rendez vous ce week-end au gymnase du Raquin pour participer au concours annuel qualificatif au championnat de France de tir en salle (tir \u00e0 18m) organis\u00e9 par le Club de Chassieu tir \u00e0 l\u2019arc. Une affluence record avec l\u2019ajout cette ann\u00e9e d\u2019un cinqui\u00e8me d\u00e9part le samedi matin et [&hellip;]<\/p>\n","protected":false},"author":4,"featured_media":20441,"comment_status":"open","ping_status":"open","sticky":false,"template":"","format":"standard","meta":{"footnotes":""},"categories":[574,1283,166,3894],"tags":[],"class_list":["post-20438","post","type-post","status-publish","format-standard","has-post-thumbnail","hentry","category-autres-sports","category-chassieu-communes-diverses","category-divers-sports","category-tir-a-larc"],"yoast_head":"<!-- This site is optimized with the Yoast SEO plugin v27.2 - https:\/\/yoast.com\/product\/yoast-seo-wordpress\/ -->\n<title>CHASSIEU | Trois archers chasselands sur le podium ! - News Est Lyonnais<\/title>\n<meta name=\"robots\" content=\"index, follow, max-snippet:-1, max-image-preview:large, max-video-preview:-1\" \/>\n<link rel=\"canonical\" href=\"https:\/\/newsestlyonnais.fr\/site\/2017\/02\/07\/chassieu-trois-archers-chasselands-qualifies-championnats-de-france\/\" \/>\n<meta property=\"og:locale\" content=\"fr_FR\" \/>\n<meta property=\"og:type\" content=\"article\" \/>\n<meta property=\"og:title\" content=\"CHASSIEU | Trois archers chasselands sur le podium ! - News Est Lyonnais\" \/>\n<meta property=\"og:description\" content=\"Plus de 200 archers se sont donn\u00e9s rendez vous ce week-end au gymnase du Raquin pour participer au concours annuel qualificatif au championnat de France de tir en salle (tir \u00e0 18m) organis\u00e9 par le Club de Chassieu tir \u00e0 l\u2019arc. Une affluence record avec l\u2019ajout cette ann\u00e9e d\u2019un cinqui\u00e8me d\u00e9part le samedi matin et [&hellip;]\" \/>\n<meta property=\"og:url\" content=\"https:\/\/newsestlyonnais.fr\/site\/2017\/02\/07\/chassieu-trois-archers-chasselands-qualifies-championnats-de-france\/\" \/>\n<meta property=\"og:site_name\" content=\"News Est Lyonnais\" \/>\n<meta property=\"article:author\" content=\"https:\/\/www.facebook.com\/pascal.oberson.1?fref=ts\" \/>\n<meta property=\"article:published_time\" content=\"2017-02-07T05:27:02+00:00\" \/>\n<meta property=\"article:modified_time\" content=\"2021-09-16T13:07:06+00:00\" \/>\n<meta property=\"og:image\" content=\"https:\/\/i0.wp.com\/newsestlyonnais.fr\/site\/wp-content\/uploads\/2017\/02\/NEWSESTLYONNAIS-CHASSIEU-TIR-A-ARC.jpg?fit=1000%2C750&ssl=1\" \/>\n\t<meta property=\"og:image:width\" content=\"1000\" \/>\n\t<meta property=\"og:image:height\" content=\"750\" \/>\n\t<meta property=\"og:image:type\" content=\"image\/jpeg\" \/>\n<meta name=\"author\" content=\"R\u00e9dac. NEWS\" \/>\n<meta name=\"twitter:card\" content=\"summary_large_image\" \/>\n<meta name=\"twitter:label1\" content=\"\u00c9crit par\" \/>\n\t<meta name=\"twitter:data1\" content=\"R\u00e9dac. NEWS\" \/>\n\t<meta name=\"twitter:label2\" content=\"Dur\u00e9e de lecture estim\u00e9e\" \/>\n\t<meta name=\"twitter:data2\" content=\"1 minute\" \/>\n<script type=\"application\/ld+json\" class=\"yoast-schema-graph\">{\"@context\":\"https:\/\/schema.org\",\"@graph\":[{\"@type\":\"Article\",\"@id\":\"https:\/\/newsestlyonnais.fr\/site\/2017\/02\/07\/chassieu-trois-archers-chasselands-qualifies-championnats-de-france\/#article\",\"isPartOf\":{\"@id\":\"https:\/\/newsestlyonnais.fr\/site\/2017\/02\/07\/chassieu-trois-archers-chasselands-qualifies-championnats-de-france\/\"},\"author\":{\"name\":\"R\u00e9dac. NEWS\",\"@id\":\"https:\/\/newsestlyonnais.fr\/site\/#\/schema\/person\/3230d5615f390bb808365d673001e887\"},\"headline\":\"CHASSIEU | Trois archers chasselands sur le podium !\",\"datePublished\":\"2017-02-07T05:27:02+00:00\",\"dateModified\":\"2021-09-16T13:07:06+00:00\",\"mainEntityOfPage\":{\"@id\":\"https:\/\/newsestlyonnais.fr\/site\/2017\/02\/07\/chassieu-trois-archers-chasselands-qualifies-championnats-de-france\/\"},\"wordCount\":277,\"commentCount\":0,\"publisher\":{\"@id\":\"https:\/\/newsestlyonnais.fr\/site\/#organization\"},\"image\":{\"@id\":\"https:\/\/newsestlyonnais.fr\/site\/2017\/02\/07\/chassieu-trois-archers-chasselands-qualifies-championnats-de-france\/#primaryimage\"},\"thumbnailUrl\":\"https:\/\/newsestlyonnais.fr\/site\/wp-content\/uploads\/2017\/02\/NEWSESTLYONNAIS-CHASSIEU-TIR-A-ARC.jpg\",\"articleSection\":[\"Autres sports\",\"Chassieu | Communes diverses\",\"Divers Sports\",\"Tir \u00e0 l'arc\"],\"inLanguage\":\"fr-FR\",\"potentialAction\":[{\"@type\":\"CommentAction\",\"name\":\"Comment\",\"target\":[\"https:\/\/newsestlyonnais.fr\/site\/2017\/02\/07\/chassieu-trois-archers-chasselands-qualifies-championnats-de-france\/#respond\"]}]},{\"@type\":\"WebPage\",\"@id\":\"https:\/\/newsestlyonnais.fr\/site\/2017\/02\/07\/chassieu-trois-archers-chasselands-qualifies-championnats-de-france\/\",\"url\":\"https:\/\/newsestlyonnais.fr\/site\/2017\/02\/07\/chassieu-trois-archers-chasselands-qualifies-championnats-de-france\/\",\"name\":\"CHASSIEU | Trois archers chasselands sur le podium ! - News Est Lyonnais\",\"isPartOf\":{\"@id\":\"https:\/\/newsestlyonnais.fr\/site\/#website\"},\"primaryImageOfPage\":{\"@id\":\"https:\/\/newsestlyonnais.fr\/site\/2017\/02\/07\/chassieu-trois-archers-chasselands-qualifies-championnats-de-france\/#primaryimage\"},\"image\":{\"@id\":\"https:\/\/newsestlyonnais.fr\/site\/2017\/02\/07\/chassieu-trois-archers-chasselands-qualifies-championnats-de-france\/#primaryimage\"},\"thumbnailUrl\":\"https:\/\/newsestlyonnais.fr\/site\/wp-content\/uploads\/2017\/02\/NEWSESTLYONNAIS-CHASSIEU-TIR-A-ARC.jpg\",\"datePublished\":\"2017-02-07T05:27:02+00:00\",\"dateModified\":\"2021-09-16T13:07:06+00:00\",\"breadcrumb\":{\"@id\":\"https:\/\/newsestlyonnais.fr\/site\/2017\/02\/07\/chassieu-trois-archers-chasselands-qualifies-championnats-de-france\/#breadcrumb\"},\"inLanguage\":\"fr-FR\",\"potentialAction\":[{\"@type\":\"ReadAction\",\"target\":[\"https:\/\/newsestlyonnais.fr\/site\/2017\/02\/07\/chassieu-trois-archers-chasselands-qualifies-championnats-de-france\/\"]}]},{\"@type\":\"ImageObject\",\"inLanguage\":\"fr-FR\",\"@id\":\"https:\/\/newsestlyonnais.fr\/site\/2017\/02\/07\/chassieu-trois-archers-chasselands-qualifies-championnats-de-france\/#primaryimage\",\"url\":\"https:\/\/newsestlyonnais.fr\/site\/wp-content\/uploads\/2017\/02\/NEWSESTLYONNAIS-CHASSIEU-TIR-A-ARC.jpg\",\"contentUrl\":\"https:\/\/newsestlyonnais.fr\/site\/wp-content\/uploads\/2017\/02\/NEWSESTLYONNAIS-CHASSIEU-TIR-A-ARC.jpg\",\"width\":1000,\"height\":750,\"caption\":\"NEWSESTLYONNAIS - CHASSIEU TIR A ARC\"},{\"@type\":\"BreadcrumbList\",\"@id\":\"https:\/\/newsestlyonnais.fr\/site\/2017\/02\/07\/chassieu-trois-archers-chasselands-qualifies-championnats-de-france\/#breadcrumb\",\"itemListElement\":[{\"@type\":\"ListItem\",\"position\":1,\"name\":\"Accueil\",\"item\":\"https:\/\/newsestlyonnais.fr\/site\/\"},{\"@type\":\"ListItem\",\"position\":2,\"name\":\"CHASSIEU | Trois archers chasselands sur le podium !\"}]},{\"@type\":\"WebSite\",\"@id\":\"https:\/\/newsestlyonnais.fr\/site\/#website\",\"url\":\"https:\/\/newsestlyonnais.fr\/site\/\",\"name\":\"News Est Lyonnais\",\"description\":\"L&#039;actualit\u00e9 au plus pr\u00e8s\",\"publisher\":{\"@id\":\"https:\/\/newsestlyonnais.fr\/site\/#organization\"},\"potentialAction\":[{\"@type\":\"SearchAction\",\"target\":{\"@type\":\"EntryPoint\",\"urlTemplate\":\"https:\/\/newsestlyonnais.fr\/site\/?s={search_term_string}\"},\"query-input\":{\"@type\":\"PropertyValueSpecification\",\"valueRequired\":true,\"valueName\":\"search_term_string\"}}],\"inLanguage\":\"fr-FR\"},{\"@type\":\"Organization\",\"@id\":\"https:\/\/newsestlyonnais.fr\/site\/#organization\",\"name\":\"News EST LYONNAIS\",\"url\":\"https:\/\/newsestlyonnais.fr\/site\/\",\"logo\":{\"@type\":\"ImageObject\",\"inLanguage\":\"fr-FR\",\"@id\":\"https:\/\/newsestlyonnais.fr\/site\/#\/schema\/logo\/image\/\",\"url\":\"\",\"contentUrl\":\"\",\"caption\":\"News EST LYONNAIS\"},\"image\":{\"@id\":\"https:\/\/newsestlyonnais.fr\/site\/#\/schema\/logo\/image\/\"}},{\"@type\":\"Person\",\"@id\":\"https:\/\/newsestlyonnais.fr\/site\/#\/schema\/person\/3230d5615f390bb808365d673001e887\",\"name\":\"R\u00e9dac. NEWS\",\"sameAs\":[\"http:\/\/www.newsestlyonnais.fr\",\"https:\/\/www.facebook.com\/pascal.oberson.1?fref=ts\",\"https:\/\/fr.linkedin.com\/in\/pascal-oberson-b17045113\"],\"url\":\"https:\/\/newsestlyonnais.fr\/site\/author\/nel\/\"}]}<\/script>\n<!-- \/ Yoast SEO plugin. -->","yoast_head_json":{"title":"CHASSIEU | Trois archers chasselands sur le podium ! - News Est Lyonnais","robots":{"index":"index","follow":"follow","max-snippet":"max-snippet:-1","max-image-preview":"max-image-preview:large","max-video-preview":"max-video-preview:-1"},"canonical":"https:\/\/newsestlyonnais.fr\/site\/2017\/02\/07\/chassieu-trois-archers-chasselands-qualifies-championnats-de-france\/","og_locale":"fr_FR","og_type":"article","og_title":"CHASSIEU | Trois archers chasselands sur le podium ! - News Est Lyonnais","og_description":"Plus de 200 archers se sont donn\u00e9s rendez vous ce week-end au gymnase du Raquin pour participer au concours annuel qualificatif au championnat de France de tir en salle (tir \u00e0 18m) organis\u00e9 par le Club de Chassieu tir \u00e0 l\u2019arc. Une affluence record avec l\u2019ajout cette ann\u00e9e d\u2019un cinqui\u00e8me d\u00e9part le samedi matin et [&hellip;]","og_url":"https:\/\/newsestlyonnais.fr\/site\/2017\/02\/07\/chassieu-trois-archers-chasselands-qualifies-championnats-de-france\/","og_site_name":"News Est Lyonnais","article_author":"https:\/\/www.facebook.com\/pascal.oberson.1?fref=ts","article_published_time":"2017-02-07T05:27:02+00:00","article_modified_time":"2021-09-16T13:07:06+00:00","og_image":[{"width":1000,"height":750,"url":"https:\/\/i0.wp.com\/newsestlyonnais.fr\/site\/wp-content\/uploads\/2017\/02\/NEWSESTLYONNAIS-CHASSIEU-TIR-A-ARC.jpg?fit=1000%2C750&ssl=1","type":"image\/jpeg"}],"author":"R\u00e9dac. NEWS","twitter_card":"summary_large_image","twitter_misc":{"\u00c9crit par":"R\u00e9dac. NEWS","Dur\u00e9e de lecture estim\u00e9e":"1 minute"},"schema":{"@context":"https:\/\/schema.org","@graph":[{"@type":"Article","@id":"https:\/\/newsestlyonnais.fr\/site\/2017\/02\/07\/chassieu-trois-archers-chasselands-qualifies-championnats-de-france\/#article","isPartOf":{"@id":"https:\/\/newsestlyonnais.fr\/site\/2017\/02\/07\/chassieu-trois-archers-chasselands-qualifies-championnats-de-france\/"},"author":{"name":"R\u00e9dac. NEWS","@id":"https:\/\/newsestlyonnais.fr\/site\/#\/schema\/person\/3230d5615f390bb808365d673001e887"},"headline":"CHASSIEU | Trois archers chasselands sur le podium !","datePublished":"2017-02-07T05:27:02+00:00","dateModified":"2021-09-16T13:07:06+00:00","mainEntityOfPage":{"@id":"https:\/\/newsestlyonnais.fr\/site\/2017\/02\/07\/chassieu-trois-archers-chasselands-qualifies-championnats-de-france\/"},"wordCount":277,"commentCount":0,"publisher":{"@id":"https:\/\/newsestlyonnais.fr\/site\/#organization"},"image":{"@id":"https:\/\/newsestlyonnais.fr\/site\/2017\/02\/07\/chassieu-trois-archers-chasselands-qualifies-championnats-de-france\/#primaryimage"},"thumbnailUrl":"https:\/\/newsestlyonnais.fr\/site\/wp-content\/uploads\/2017\/02\/NEWSESTLYONNAIS-CHASSIEU-TIR-A-ARC.jpg","articleSection":["Autres sports","Chassieu | Communes diverses","Divers Sports","Tir \u00e0 l'arc"],"inLanguage":"fr-FR","potentialAction":[{"@type":"CommentAction","name":"Comment","target":["https:\/\/newsestlyonnais.fr\/site\/2017\/02\/07\/chassieu-trois-archers-chasselands-qualifies-championnats-de-france\/#respond"]}]},{"@type":"WebPage","@id":"https:\/\/newsestlyonnais.fr\/site\/2017\/02\/07\/chassieu-trois-archers-chasselands-qualifies-championnats-de-france\/","url":"https:\/\/newsestlyonnais.fr\/site\/2017\/02\/07\/chassieu-trois-archers-chasselands-qualifies-championnats-de-france\/","name":"CHASSIEU | Trois archers chasselands sur le podium ! - News Est Lyonnais","isPartOf":{"@id":"https:\/\/newsestlyonnais.fr\/site\/#website"},"primaryImageOfPage":{"@id":"https:\/\/newsestlyonnais.fr\/site\/2017\/02\/07\/chassieu-trois-archers-chasselands-qualifies-championnats-de-france\/#primaryimage"},"image":{"@id":"https:\/\/newsestlyonnais.fr\/site\/2017\/02\/07\/chassieu-trois-archers-chasselands-qualifies-championnats-de-france\/#primaryimage"},"thumbnailUrl":"https:\/\/newsestlyonnais.fr\/site\/wp-content\/uploads\/2017\/02\/NEWSESTLYONNAIS-CHASSIEU-TIR-A-ARC.jpg","datePublished":"2017-02-07T05:27:02+00:00","dateModified":"2021-09-16T13:07:06+00:00","breadcrumb":{"@id":"https:\/\/newsestlyonnais.fr\/site\/2017\/02\/07\/chassieu-trois-archers-chasselands-qualifies-championnats-de-france\/#breadcrumb"},"inLanguage":"fr-FR","potentialAction":[{"@type":"ReadAction","target":["https:\/\/newsestlyonnais.fr\/site\/2017\/02\/07\/chassieu-trois-archers-chasselands-qualifies-championnats-de-france\/"]}]},{"@type":"ImageObject","inLanguage":"fr-FR","@id":"https:\/\/newsestlyonnais.fr\/site\/2017\/02\/07\/chassieu-trois-archers-chasselands-qualifies-championnats-de-france\/#primaryimage","url":"https:\/\/newsestlyonnais.fr\/site\/wp-content\/uploads\/2017\/02\/NEWSESTLYONNAIS-CHASSIEU-TIR-A-ARC.jpg","contentUrl":"https:\/\/newsestlyonnais.fr\/site\/wp-content\/uploads\/2017\/02\/NEWSESTLYONNAIS-CHASSIEU-TIR-A-ARC.jpg","width":1000,"height":750,"caption":"NEWSESTLYONNAIS - CHASSIEU TIR A ARC"},{"@type":"BreadcrumbList","@id":"https:\/\/newsestlyonnais.fr\/site\/2017\/02\/07\/chassieu-trois-archers-chasselands-qualifies-championnats-de-france\/#breadcrumb","itemListElement":[{"@type":"ListItem","position":1,"name":"Accueil","item":"https:\/\/newsestlyonnais.fr\/site\/"},{"@type":"ListItem","position":2,"name":"CHASSIEU | Trois archers chasselands sur le podium !"}]},{"@type":"WebSite","@id":"https:\/\/newsestlyonnais.fr\/site\/#website","url":"https:\/\/newsestlyonnais.fr\/site\/","name":"News Est Lyonnais","description":"L&#039;actualit\u00e9 au plus pr\u00e8s","publisher":{"@id":"https:\/\/newsestlyonnais.fr\/site\/#organization"},"potentialAction":[{"@type":"SearchAction","target":{"@type":"EntryPoint","urlTemplate":"https:\/\/newsestlyonnais.fr\/site\/?s={search_term_string}"},"query-input":{"@type":"PropertyValueSpecification","valueRequired":true,"valueName":"search_term_string"}}],"inLanguage":"fr-FR"},{"@type":"Organization","@id":"https:\/\/newsestlyonnais.fr\/site\/#organization","name":"News EST LYONNAIS","url":"https:\/\/newsestlyonnais.fr\/site\/","logo":{"@type":"ImageObject","inLanguage":"fr-FR","@id":"https:\/\/newsestlyonnais.fr\/site\/#\/schema\/logo\/image\/","url":"","contentUrl":"","caption":"News EST LYONNAIS"},"image":{"@id":"https:\/\/newsestlyonnais.fr\/site\/#\/schema\/logo\/image\/"}},{"@type":"Person","@id":"https:\/\/newsestlyonnais.fr\/site\/#\/schema\/person\/3230d5615f390bb808365d673001e887","name":"R\u00e9dac. NEWS","sameAs":["http:\/\/www.newsestlyonnais.fr","https:\/\/www.facebook.com\/pascal.oberson.1?fref=ts","https:\/\/fr.linkedin.com\/in\/pascal-oberson-b17045113"],"url":"https:\/\/newsestlyonnais.fr\/site\/author\/nel\/"}]}},"_links":{"self":[{"href":"https:\/\/newsestlyonnais.fr\/site\/wp-json\/wp\/v2\/posts\/20438","targetHints":{"allow":["GET"]}}],"collection":[{"href":"https:\/\/newsestlyonnais.fr\/site\/wp-json\/wp\/v2\/posts"}],"about":[{"href":"https:\/\/newsestlyonnais.fr\/site\/wp-json\/wp\/v2\/types\/post"}],"author":[{"embeddable":true,"href":"https:\/\/newsestlyonnais.fr\/site\/wp-json\/wp\/v2\/users\/4"}],"replies":[{"embeddable":true,"href":"https:\/\/newsestlyonnais.fr\/site\/wp-json\/wp\/v2\/comments?post=20438"}],"version-history":[{"count":0,"href":"https:\/\/newsestlyonnais.fr\/site\/wp-json\/wp\/v2\/posts\/20438\/revisions"}],"wp:featuredmedia":[{"embeddable":true,"href":"https:\/\/newsestlyonnais.fr\/site\/wp-json\/wp\/v2\/media\/20441"}],"wp:attachment":[{"href":"https:\/\/newsestlyonnais.fr\/site\/wp-json\/wp\/v2\/media?parent=20438"}],"wp:term":[{"taxonomy":"category","embeddable":true,"href":"https:\/\/newsestlyonnais.fr\/site\/wp-json\/wp\/v2\/categories?post=20438"},{"taxonomy":"post_tag","embeddable":true,"href":"https:\/\/newsestlyonnais.fr\/site\/wp-json\/wp\/v2\/tags?post=20438"}],"curies":[{"name":"wp","href":"https:\/\/api.w.org\/{rel}","templated":true}]}}