{"id":204698,"date":"2024-05-30T07:23:27","date_gmt":"2024-05-30T06:23:27","guid":{"rendered":"https:\/\/newsestlyonnais.fr\/site\/?p=204698"},"modified":"2024-06-01T07:41:02","modified_gmt":"2024-06-01T06:41:02","slug":"villeurbanne-un-week-end-de-pelote-basque","status":"publish","type":"post","link":"https:\/\/newsestlyonnais.fr\/site\/2024\/05\/30\/villeurbanne-un-week-end-de-pelote-basque\/","title":{"rendered":"VILLEURBANNE | Un week-end de pelote basque"},"content":{"rendered":"<p>Commenc\u00e9e en 2019, et reprise en 2022 apr\u00e8s l\u2019interruption due au Covid, <strong>cette comp\u00e9tition rassemble<\/strong>, et oppose dans la convivialit\u00e9, <strong>des \u00e9quipes des ligues PACA, Corse et quelques autres<\/strong>. Cette ann\u00e9e ce sont <strong>16 \u00e9quipes de Villeurbanne, Marseille, Grasse, Corse, Massy, Villenave (Landes) qui se rencontreront en 2\u00b0, 3\u00b0 et 4\u00b0 s\u00e9ries<\/strong> sur le fronton du quartier Saint-Jean, qui a \u00e9t\u00e9 inaugur\u00e9 en 2016.<\/p>\n<p><strong>Les 50 licenci\u00e9s de la section<\/strong> se retrouveront avec leurs familles et amis autour de la <em>cancha<\/em> pour soutenir leurs \u00e9quipes, et autour d\u2019une pa\u00eblla \u00e0 midi pour \u00e9changer leurs impressions et leurs souvenirs.<\/p>\n<p><strong>L\u2019entr\u00e9e est gratuite<\/strong> et toutes les personnes int\u00e9ress\u00e9es sont bien s\u00fbr invit\u00e9es \u00e0 d\u00e9couvrir ce sport qui se d\u00e9veloppe de plus en plus \u00e0 Villeurbanne et dans la r\u00e9gion\u00a0: initiations dans les \u00e9coles, sport-sant\u00e9 et sport adapt\u00e9, stages au fronton pour les associations et entreprises.<\/p>\n<hr \/>\n<p><span style=\"background-color: #000000; color: #ffcc00;\">Samedi 1\u00b0 &amp; dimanche 2 juin 2024 \/ 8 h \u00e0 20 h \/ Fronton municipal de Villeurbanne (15 rue des Jardins)<\/span><\/p>\n<hr \/>\n<p><strong><span style=\"background-color: #000000; color: #ffffff;\">+ d&rsquo;infos<\/span><\/strong> : <strong>site<\/strong> : <strong><span style=\"color: #0000ff;\"><a style=\"color: #0000ff;\" href=\"http:\/\/www.pelotebasquerhone.com\">www.pelotebasquerhone.com<\/a><\/span><\/strong>\u00a0 \/ <strong><span style=\"background-color: #000000; color: #ffffff;\">Contact<\/span><\/strong> : <strong>T\u00e9l<\/strong> : 06\/32\/11\/60\/47.<\/p>\n<p><img loading=\"lazy\" decoding=\"async\" class=\"aligncenter size-full wp-image-201750\" src=\"https:\/\/newsestlyonnais.fr\/site\/wp-content\/uploads\/2024\/01\/2024-OpenJM-1.jpg\" alt=\"\" width=\"407\" height=\"575\" srcset=\"https:\/\/newsestlyonnais.fr\/site\/wp-content\/uploads\/2024\/01\/2024-OpenJM-1.jpg 407w, https:\/\/newsestlyonnais.fr\/site\/wp-content\/uploads\/2024\/01\/2024-OpenJM-1-400x565.jpg 400w, https:\/\/newsestlyonnais.fr\/site\/wp-content\/uploads\/2024\/01\/2024-OpenJM-1-250x353.jpg 250w, https:\/\/newsestlyonnais.fr\/site\/wp-content\/uploads\/2024\/01\/2024-OpenJM-1-150x212.jpg 150w, https:\/\/newsestlyonnais.fr\/site\/wp-content\/uploads\/2024\/01\/2024-OpenJM-1-50x71.jpg 50w, https:\/\/newsestlyonnais.fr\/site\/wp-content\/uploads\/2024\/01\/2024-OpenJM-1-100x141.jpg 100w, https:\/\/newsestlyonnais.fr\/site\/wp-content\/uploads\/2024\/01\/2024-OpenJM-1-200x283.jpg 200w, https:\/\/newsestlyonnais.fr\/site\/wp-content\/uploads\/2024\/01\/2024-OpenJM-1-300x424.jpg 300w, https:\/\/newsestlyonnais.fr\/site\/wp-content\/uploads\/2024\/01\/2024-OpenJM-1-350x494.jpg 350w\" sizes=\"auto, (max-width: 407px) 100vw, 407px\" \/><\/p>\n<hr \/>\n<hr \/>\n<p>&nbsp;<\/p>\n","protected":false},"excerpt":{"rendered":"<p>Le 4\u00b0 tournoi Open Jules Ma\u00efsterrena de paleta pelote de gomme pleine, organis\u00e9 par l\u2019ASVEL Pelote Basque, aura lieu au fronton municipal.<\/p>\n","protected":false},"author":4,"featured_media":204699,"comment_status":"open","ping_status":"open","sticky":false,"template":"","format":"standard","meta":{"footnotes":""},"categories":[574,166,2,29],"tags":[2833,2832,2216,2091],"class_list":["post-204698","post","type-post","status-publish","format-standard","has-post-thumbnail","hentry","category-autres-sports","category-divers-sports","category-sports","category-villeurbanne","tag-asvel-pelote-basque","tag-pelote-basque","tag-tournoi","tag-villeurbanne"],"yoast_head":"<!-- This site is optimized with the Yoast SEO plugin v27.2 - https:\/\/yoast.com\/product\/yoast-seo-wordpress\/ -->\n<title>VILLEURBANNE | Un week-end de pelote basque - News Est Lyonnais<\/title>\n<meta name=\"description\" content=\"VILLEURBANNE | Un week-end de pelote basque\" \/>\n<meta name=\"robots\" content=\"index, follow, max-snippet:-1, max-image-preview:large, max-video-preview:-1\" \/>\n<link rel=\"canonical\" href=\"https:\/\/newsestlyonnais.fr\/site\/2024\/05\/30\/villeurbanne-un-week-end-de-pelote-basque\/\" \/>\n<meta property=\"og:locale\" content=\"fr_FR\" \/>\n<meta property=\"og:type\" content=\"article\" \/>\n<meta property=\"og:title\" content=\"VILLEURBANNE | Un week-end de pelote basque - News Est Lyonnais\" \/>\n<meta property=\"og:description\" content=\"VILLEURBANNE | Un week-end de pelote basque\" \/>\n<meta property=\"og:url\" content=\"https:\/\/newsestlyonnais.fr\/site\/2024\/05\/30\/villeurbanne-un-week-end-de-pelote-basque\/\" \/>\n<meta property=\"og:site_name\" content=\"News Est Lyonnais\" \/>\n<meta property=\"article:author\" content=\"https:\/\/www.facebook.com\/pascal.oberson.1?fref=ts\" \/>\n<meta property=\"article:published_time\" content=\"2024-05-30T06:23:27+00:00\" \/>\n<meta property=\"article:modified_time\" content=\"2024-06-01T06:41:02+00:00\" \/>\n<meta property=\"og:image\" content=\"https:\/\/newsestlyonnais.fr\/site\/wp-content\/uploads\/2024\/05\/NEWSESTLYONANIS-PELOTE-BASQUE-ASVEL-.jpg\" \/>\n\t<meta property=\"og:image:width\" content=\"1200\" \/>\n\t<meta property=\"og:image:height\" content=\"900\" \/>\n\t<meta property=\"og:image:type\" content=\"image\/jpeg\" \/>\n<meta name=\"author\" content=\"R\u00e9dac. NEWS\" \/>\n<meta name=\"twitter:card\" content=\"summary_large_image\" \/>\n<meta name=\"twitter:label1\" content=\"\u00c9crit par\" \/>\n\t<meta name=\"twitter:data1\" content=\"R\u00e9dac. NEWS\" \/>\n\t<meta name=\"twitter:label2\" content=\"Dur\u00e9e de lecture estim\u00e9e\" \/>\n\t<meta name=\"twitter:data2\" content=\"2 minutes\" \/>\n<script type=\"application\/ld+json\" class=\"yoast-schema-graph\">{\"@context\":\"https:\/\/schema.org\",\"@graph\":[{\"@type\":\"Article\",\"@id\":\"https:\/\/newsestlyonnais.fr\/site\/2024\/05\/30\/villeurbanne-un-week-end-de-pelote-basque\/#article\",\"isPartOf\":{\"@id\":\"https:\/\/newsestlyonnais.fr\/site\/2024\/05\/30\/villeurbanne-un-week-end-de-pelote-basque\/\"},\"author\":{\"name\":\"R\u00e9dac. NEWS\",\"@id\":\"https:\/\/newsestlyonnais.fr\/site\/#\/schema\/person\/3230d5615f390bb808365d673001e887\"},\"headline\":\"VILLEURBANNE | Un week-end de pelote basque\",\"datePublished\":\"2024-05-30T06:23:27+00:00\",\"dateModified\":\"2024-06-01T06:41:02+00:00\",\"mainEntityOfPage\":{\"@id\":\"https:\/\/newsestlyonnais.fr\/site\/2024\/05\/30\/villeurbanne-un-week-end-de-pelote-basque\/\"},\"wordCount\":179,\"commentCount\":0,\"publisher\":{\"@id\":\"https:\/\/newsestlyonnais.fr\/site\/#organization\"},\"image\":{\"@id\":\"https:\/\/newsestlyonnais.fr\/site\/2024\/05\/30\/villeurbanne-un-week-end-de-pelote-basque\/#primaryimage\"},\"thumbnailUrl\":\"https:\/\/newsestlyonnais.fr\/site\/wp-content\/uploads\/2024\/05\/NEWSESTLYONANIS-PELOTE-BASQUE-ASVEL-.jpg\",\"keywords\":[\"ASVEL PELOTE BASQUE\",\"PELOTE BASQUE\",\"TOURNOI\",\"VILLEURBANNE\"],\"articleSection\":[\"Autres sports\",\"Divers Sports\",\"Sports\",\"Villeurbanne\"],\"inLanguage\":\"fr-FR\",\"potentialAction\":[{\"@type\":\"CommentAction\",\"name\":\"Comment\",\"target\":[\"https:\/\/newsestlyonnais.fr\/site\/2024\/05\/30\/villeurbanne-un-week-end-de-pelote-basque\/#respond\"]}]},{\"@type\":\"WebPage\",\"@id\":\"https:\/\/newsestlyonnais.fr\/site\/2024\/05\/30\/villeurbanne-un-week-end-de-pelote-basque\/\",\"url\":\"https:\/\/newsestlyonnais.fr\/site\/2024\/05\/30\/villeurbanne-un-week-end-de-pelote-basque\/\",\"name\":\"VILLEURBANNE | Un week-end de pelote basque - News Est Lyonnais\",\"isPartOf\":{\"@id\":\"https:\/\/newsestlyonnais.fr\/site\/#website\"},\"primaryImageOfPage\":{\"@id\":\"https:\/\/newsestlyonnais.fr\/site\/2024\/05\/30\/villeurbanne-un-week-end-de-pelote-basque\/#primaryimage\"},\"image\":{\"@id\":\"https:\/\/newsestlyonnais.fr\/site\/2024\/05\/30\/villeurbanne-un-week-end-de-pelote-basque\/#primaryimage\"},\"thumbnailUrl\":\"https:\/\/newsestlyonnais.fr\/site\/wp-content\/uploads\/2024\/05\/NEWSESTLYONANIS-PELOTE-BASQUE-ASVEL-.jpg\",\"datePublished\":\"2024-05-30T06:23:27+00:00\",\"dateModified\":\"2024-06-01T06:41:02+00:00\",\"description\":\"VILLEURBANNE | Un week-end de pelote basque\",\"breadcrumb\":{\"@id\":\"https:\/\/newsestlyonnais.fr\/site\/2024\/05\/30\/villeurbanne-un-week-end-de-pelote-basque\/#breadcrumb\"},\"inLanguage\":\"fr-FR\",\"potentialAction\":[{\"@type\":\"ReadAction\",\"target\":[\"https:\/\/newsestlyonnais.fr\/site\/2024\/05\/30\/villeurbanne-un-week-end-de-pelote-basque\/\"]}]},{\"@type\":\"ImageObject\",\"inLanguage\":\"fr-FR\",\"@id\":\"https:\/\/newsestlyonnais.fr\/site\/2024\/05\/30\/villeurbanne-un-week-end-de-pelote-basque\/#primaryimage\",\"url\":\"https:\/\/newsestlyonnais.fr\/site\/wp-content\/uploads\/2024\/05\/NEWSESTLYONANIS-PELOTE-BASQUE-ASVEL-.jpg\",\"contentUrl\":\"https:\/\/newsestlyonnais.fr\/site\/wp-content\/uploads\/2024\/05\/NEWSESTLYONANIS-PELOTE-BASQUE-ASVEL-.jpg\",\"width\":1200,\"height\":900},{\"@type\":\"BreadcrumbList\",\"@id\":\"https:\/\/newsestlyonnais.fr\/site\/2024\/05\/30\/villeurbanne-un-week-end-de-pelote-basque\/#breadcrumb\",\"itemListElement\":[{\"@type\":\"ListItem\",\"position\":1,\"name\":\"Accueil\",\"item\":\"https:\/\/newsestlyonnais.fr\/site\/\"},{\"@type\":\"ListItem\",\"position\":2,\"name\":\"VILLEURBANNE | Un week-end de pelote basque\"}]},{\"@type\":\"WebSite\",\"@id\":\"https:\/\/newsestlyonnais.fr\/site\/#website\",\"url\":\"https:\/\/newsestlyonnais.fr\/site\/\",\"name\":\"News Est Lyonnais\",\"description\":\"L&#039;actualit\u00e9 au plus pr\u00e8s\",\"publisher\":{\"@id\":\"https:\/\/newsestlyonnais.fr\/site\/#organization\"},\"potentialAction\":[{\"@type\":\"SearchAction\",\"target\":{\"@type\":\"EntryPoint\",\"urlTemplate\":\"https:\/\/newsestlyonnais.fr\/site\/?s={search_term_string}\"},\"query-input\":{\"@type\":\"PropertyValueSpecification\",\"valueRequired\":true,\"valueName\":\"search_term_string\"}}],\"inLanguage\":\"fr-FR\"},{\"@type\":\"Organization\",\"@id\":\"https:\/\/newsestlyonnais.fr\/site\/#organization\",\"name\":\"News EST LYONNAIS\",\"url\":\"https:\/\/newsestlyonnais.fr\/site\/\",\"logo\":{\"@type\":\"ImageObject\",\"inLanguage\":\"fr-FR\",\"@id\":\"https:\/\/newsestlyonnais.fr\/site\/#\/schema\/logo\/image\/\",\"url\":\"\",\"contentUrl\":\"\",\"caption\":\"News EST LYONNAIS\"},\"image\":{\"@id\":\"https:\/\/newsestlyonnais.fr\/site\/#\/schema\/logo\/image\/\"}},{\"@type\":\"Person\",\"@id\":\"https:\/\/newsestlyonnais.fr\/site\/#\/schema\/person\/3230d5615f390bb808365d673001e887\",\"name\":\"R\u00e9dac. NEWS\",\"sameAs\":[\"http:\/\/www.newsestlyonnais.fr\",\"https:\/\/www.facebook.com\/pascal.oberson.1?fref=ts\",\"https:\/\/fr.linkedin.com\/in\/pascal-oberson-b17045113\"],\"url\":\"https:\/\/newsestlyonnais.fr\/site\/author\/nel\/\"}]}<\/script>\n<!-- \/ Yoast SEO plugin. -->","yoast_head_json":{"title":"VILLEURBANNE | Un week-end de pelote basque - News Est Lyonnais","description":"VILLEURBANNE | Un week-end de pelote basque","robots":{"index":"index","follow":"follow","max-snippet":"max-snippet:-1","max-image-preview":"max-image-preview:large","max-video-preview":"max-video-preview:-1"},"canonical":"https:\/\/newsestlyonnais.fr\/site\/2024\/05\/30\/villeurbanne-un-week-end-de-pelote-basque\/","og_locale":"fr_FR","og_type":"article","og_title":"VILLEURBANNE | Un week-end de pelote basque - News Est Lyonnais","og_description":"VILLEURBANNE | Un week-end de pelote basque","og_url":"https:\/\/newsestlyonnais.fr\/site\/2024\/05\/30\/villeurbanne-un-week-end-de-pelote-basque\/","og_site_name":"News Est Lyonnais","article_author":"https:\/\/www.facebook.com\/pascal.oberson.1?fref=ts","article_published_time":"2024-05-30T06:23:27+00:00","article_modified_time":"2024-06-01T06:41:02+00:00","og_image":[{"width":1200,"height":900,"url":"https:\/\/newsestlyonnais.fr\/site\/wp-content\/uploads\/2024\/05\/NEWSESTLYONANIS-PELOTE-BASQUE-ASVEL-.jpg","type":"image\/jpeg"}],"author":"R\u00e9dac. NEWS","twitter_card":"summary_large_image","twitter_misc":{"\u00c9crit par":"R\u00e9dac. NEWS","Dur\u00e9e de lecture estim\u00e9e":"2 minutes"},"schema":{"@context":"https:\/\/schema.org","@graph":[{"@type":"Article","@id":"https:\/\/newsestlyonnais.fr\/site\/2024\/05\/30\/villeurbanne-un-week-end-de-pelote-basque\/#article","isPartOf":{"@id":"https:\/\/newsestlyonnais.fr\/site\/2024\/05\/30\/villeurbanne-un-week-end-de-pelote-basque\/"},"author":{"name":"R\u00e9dac. NEWS","@id":"https:\/\/newsestlyonnais.fr\/site\/#\/schema\/person\/3230d5615f390bb808365d673001e887"},"headline":"VILLEURBANNE | Un week-end de pelote basque","datePublished":"2024-05-30T06:23:27+00:00","dateModified":"2024-06-01T06:41:02+00:00","mainEntityOfPage":{"@id":"https:\/\/newsestlyonnais.fr\/site\/2024\/05\/30\/villeurbanne-un-week-end-de-pelote-basque\/"},"wordCount":179,"commentCount":0,"publisher":{"@id":"https:\/\/newsestlyonnais.fr\/site\/#organization"},"image":{"@id":"https:\/\/newsestlyonnais.fr\/site\/2024\/05\/30\/villeurbanne-un-week-end-de-pelote-basque\/#primaryimage"},"thumbnailUrl":"https:\/\/newsestlyonnais.fr\/site\/wp-content\/uploads\/2024\/05\/NEWSESTLYONANIS-PELOTE-BASQUE-ASVEL-.jpg","keywords":["ASVEL PELOTE BASQUE","PELOTE BASQUE","TOURNOI","VILLEURBANNE"],"articleSection":["Autres sports","Divers Sports","Sports","Villeurbanne"],"inLanguage":"fr-FR","potentialAction":[{"@type":"CommentAction","name":"Comment","target":["https:\/\/newsestlyonnais.fr\/site\/2024\/05\/30\/villeurbanne-un-week-end-de-pelote-basque\/#respond"]}]},{"@type":"WebPage","@id":"https:\/\/newsestlyonnais.fr\/site\/2024\/05\/30\/villeurbanne-un-week-end-de-pelote-basque\/","url":"https:\/\/newsestlyonnais.fr\/site\/2024\/05\/30\/villeurbanne-un-week-end-de-pelote-basque\/","name":"VILLEURBANNE | Un week-end de pelote basque - News Est Lyonnais","isPartOf":{"@id":"https:\/\/newsestlyonnais.fr\/site\/#website"},"primaryImageOfPage":{"@id":"https:\/\/newsestlyonnais.fr\/site\/2024\/05\/30\/villeurbanne-un-week-end-de-pelote-basque\/#primaryimage"},"image":{"@id":"https:\/\/newsestlyonnais.fr\/site\/2024\/05\/30\/villeurbanne-un-week-end-de-pelote-basque\/#primaryimage"},"thumbnailUrl":"https:\/\/newsestlyonnais.fr\/site\/wp-content\/uploads\/2024\/05\/NEWSESTLYONANIS-PELOTE-BASQUE-ASVEL-.jpg","datePublished":"2024-05-30T06:23:27+00:00","dateModified":"2024-06-01T06:41:02+00:00","description":"VILLEURBANNE | Un week-end de pelote basque","breadcrumb":{"@id":"https:\/\/newsestlyonnais.fr\/site\/2024\/05\/30\/villeurbanne-un-week-end-de-pelote-basque\/#breadcrumb"},"inLanguage":"fr-FR","potentialAction":[{"@type":"ReadAction","target":["https:\/\/newsestlyonnais.fr\/site\/2024\/05\/30\/villeurbanne-un-week-end-de-pelote-basque\/"]}]},{"@type":"ImageObject","inLanguage":"fr-FR","@id":"https:\/\/newsestlyonnais.fr\/site\/2024\/05\/30\/villeurbanne-un-week-end-de-pelote-basque\/#primaryimage","url":"https:\/\/newsestlyonnais.fr\/site\/wp-content\/uploads\/2024\/05\/NEWSESTLYONANIS-PELOTE-BASQUE-ASVEL-.jpg","contentUrl":"https:\/\/newsestlyonnais.fr\/site\/wp-content\/uploads\/2024\/05\/NEWSESTLYONANIS-PELOTE-BASQUE-ASVEL-.jpg","width":1200,"height":900},{"@type":"BreadcrumbList","@id":"https:\/\/newsestlyonnais.fr\/site\/2024\/05\/30\/villeurbanne-un-week-end-de-pelote-basque\/#breadcrumb","itemListElement":[{"@type":"ListItem","position":1,"name":"Accueil","item":"https:\/\/newsestlyonnais.fr\/site\/"},{"@type":"ListItem","position":2,"name":"VILLEURBANNE | Un week-end de pelote basque"}]},{"@type":"WebSite","@id":"https:\/\/newsestlyonnais.fr\/site\/#website","url":"https:\/\/newsestlyonnais.fr\/site\/","name":"News Est Lyonnais","description":"L&#039;actualit\u00e9 au plus pr\u00e8s","publisher":{"@id":"https:\/\/newsestlyonnais.fr\/site\/#organization"},"potentialAction":[{"@type":"SearchAction","target":{"@type":"EntryPoint","urlTemplate":"https:\/\/newsestlyonnais.fr\/site\/?s={search_term_string}"},"query-input":{"@type":"PropertyValueSpecification","valueRequired":true,"valueName":"search_term_string"}}],"inLanguage":"fr-FR"},{"@type":"Organization","@id":"https:\/\/newsestlyonnais.fr\/site\/#organization","name":"News EST LYONNAIS","url":"https:\/\/newsestlyonnais.fr\/site\/","logo":{"@type":"ImageObject","inLanguage":"fr-FR","@id":"https:\/\/newsestlyonnais.fr\/site\/#\/schema\/logo\/image\/","url":"","contentUrl":"","caption":"News EST LYONNAIS"},"image":{"@id":"https:\/\/newsestlyonnais.fr\/site\/#\/schema\/logo\/image\/"}},{"@type":"Person","@id":"https:\/\/newsestlyonnais.fr\/site\/#\/schema\/person\/3230d5615f390bb808365d673001e887","name":"R\u00e9dac. NEWS","sameAs":["http:\/\/www.newsestlyonnais.fr","https:\/\/www.facebook.com\/pascal.oberson.1?fref=ts","https:\/\/fr.linkedin.com\/in\/pascal-oberson-b17045113"],"url":"https:\/\/newsestlyonnais.fr\/site\/author\/nel\/"}]}},"_links":{"self":[{"href":"https:\/\/newsestlyonnais.fr\/site\/wp-json\/wp\/v2\/posts\/204698","targetHints":{"allow":["GET"]}}],"collection":[{"href":"https:\/\/newsestlyonnais.fr\/site\/wp-json\/wp\/v2\/posts"}],"about":[{"href":"https:\/\/newsestlyonnais.fr\/site\/wp-json\/wp\/v2\/types\/post"}],"author":[{"embeddable":true,"href":"https:\/\/newsestlyonnais.fr\/site\/wp-json\/wp\/v2\/users\/4"}],"replies":[{"embeddable":true,"href":"https:\/\/newsestlyonnais.fr\/site\/wp-json\/wp\/v2\/comments?post=204698"}],"version-history":[{"count":0,"href":"https:\/\/newsestlyonnais.fr\/site\/wp-json\/wp\/v2\/posts\/204698\/revisions"}],"wp:featuredmedia":[{"embeddable":true,"href":"https:\/\/newsestlyonnais.fr\/site\/wp-json\/wp\/v2\/media\/204699"}],"wp:attachment":[{"href":"https:\/\/newsestlyonnais.fr\/site\/wp-json\/wp\/v2\/media?parent=204698"}],"wp:term":[{"taxonomy":"category","embeddable":true,"href":"https:\/\/newsestlyonnais.fr\/site\/wp-json\/wp\/v2\/categories?post=204698"},{"taxonomy":"post_tag","embeddable":true,"href":"https:\/\/newsestlyonnais.fr\/site\/wp-json\/wp\/v2\/tags?post=204698"}],"curies":[{"name":"wp","href":"https:\/\/api.w.org\/{rel}","templated":true}]}}