{"id":20473,"date":"2017-02-07T19:24:05","date_gmt":"2017-02-07T18:24:05","guid":{"rendered":"http:\/\/newsestlyonnais.fr\/site\/?p=20473"},"modified":"2020-10-27T18:25:30","modified_gmt":"2020-10-27T17:25:30","slug":"lyon-melina-robert-michon-lionne-dor-du-sport-de-lannee-2016","status":"publish","type":"post","link":"https:\/\/newsestlyonnais.fr\/site\/2017\/02\/07\/lyon-melina-robert-michon-lionne-dor-du-sport-de-lannee-2016\/","title":{"rendered":"LYON | M\u00e9lina Robert-Michon \u00e9lue Lionne d&rsquo;Or du Sport pour 2016"},"content":{"rendered":"<h4>C\u00e9r\u00e9monie de remise des troph\u00e9es aux meilleurs sportifs et sportives lyonnais(e)s lundi soir \u00e0 La Sucri\u00e8re , \u00e0 laquelle \u00e9tait pr\u00e9sente la r\u00e9daction de \u00ab\u00a0<a href=\"http:\/\/newsestlyonnais.fr\" target=\"_blank\" rel=\"noopener noreferrer\">http:\/\/newsestlyonnais.fr<\/a>\u00ab\u00a0.<\/h4>\n<p>La 14\u00b0 \u00e9dition d&rsquo;une soir\u00e9e qui honorait le gratin lyonnais du sport pour l&rsquo;ann\u00e9e 2016 qui s&rsquo;est d\u00e9roul\u00e9e devant pr\u00e8s de 800 personnes et en pr\u00e9sence de Thierry Braillard (secr\u00e9taire d&rsquo;\u00e9tat charg\u00e9 des sports), G\u00e9rard Collomb (maire de Lyon), ses adjoints Georges Kepenekian (culture) et Yann Cucherat (sports) et Jean-Michel Aulas (OL).<\/p>\n<p>3 coll\u00e8ges ont vot\u00e9 et permis de d\u00e9signer le laur\u00e9at pour l&rsquo;an \u00e9coul\u00e9: le monde du sport lyonnais (offices des sports, responsables), le public (sur le site de la Ville de Lyon) et un jury sp\u00e9cial compos\u00e9 de 5 personnes (Gr\u00e9gory Coupet, Vincent Duluc, Sandrine Martinet, Marie Lorphelin et Gr\u00e9gory Cuilleron) et pr\u00e9sentes sur la sc\u00e8ne.<\/p>\n<p>Ann\u00e9e olympique oblige, deux places du podium ont \u00e9t\u00e9 attribu\u00e9es \u00e0 de r\u00e9cent(e)s m\u00e9daill\u00e9(e)s des JO de Rio. Ainsi M\u00e9lina Robert-Michon, 2\u00b0 ex-aequo l&rsquo;an dernier et vice championne olympique du disque a \u00e9t\u00e9 \u00e9lue sportive de l&rsquo;ann\u00e9e 2016, devant les footballeuses de l&rsquo;OL et le rameur Franck Solforosi.<\/p>\n<p>Les r\u00e9compens\u00e9s:<\/p>\n<ul>\n<li>Lion d&rsquo;Or : <strong>M\u00e9lina Robert-Michon<\/strong> (Lyon Athl\u00e9tisme)<img loading=\"lazy\" decoding=\"async\" class=\"alignleft size-full wp-image-20481\" src=\"https:\/\/newsestlyonnais.fr\/site\/medias\/2017\/02\/NEWSESTLYONNAIS-melina-lion-or-2017-1.jpg\" alt=\"NEWSESTLYONNAIS - melina lion or 2017\" width=\"1000\" height=\"750\" srcset=\"https:\/\/newsestlyonnais.fr\/site\/wp-content\/uploads\/2017\/02\/NEWSESTLYONNAIS-melina-lion-or-2017-1.jpg 1000w, https:\/\/newsestlyonnais.fr\/site\/wp-content\/uploads\/2017\/02\/NEWSESTLYONNAIS-melina-lion-or-2017-1-400x300.jpg 400w, https:\/\/newsestlyonnais.fr\/site\/wp-content\/uploads\/2017\/02\/NEWSESTLYONNAIS-melina-lion-or-2017-1-768x576.jpg 768w, https:\/\/newsestlyonnais.fr\/site\/wp-content\/uploads\/2017\/02\/NEWSESTLYONNAIS-melina-lion-or-2017-1-600x450.jpg 600w, https:\/\/newsestlyonnais.fr\/site\/wp-content\/uploads\/2017\/02\/NEWSESTLYONNAIS-melina-lion-or-2017-1-100x75.jpg 100w\" sizes=\"auto, (max-width: 1000px) 100vw, 1000px\" \/><\/li>\n<li>Lion d&rsquo;Argent: <strong>Olympique Lyonnais<\/strong> F\u00e9minin (Foot)<img loading=\"lazy\" decoding=\"async\" class=\"alignleft size-full wp-image-20491\" src=\"https:\/\/newsestlyonnais.fr\/site\/medias\/2017\/02\/NEWSESTLYONNAIS-OL-FEMININ-2016.jpg\" alt=\"NEWSESTLYONNAIS - OL FEMININ 2016\" width=\"1000\" height=\"750\" srcset=\"https:\/\/newsestlyonnais.fr\/site\/wp-content\/uploads\/2017\/02\/NEWSESTLYONNAIS-OL-FEMININ-2016.jpg 1000w, https:\/\/newsestlyonnais.fr\/site\/wp-content\/uploads\/2017\/02\/NEWSESTLYONNAIS-OL-FEMININ-2016-400x300.jpg 400w, https:\/\/newsestlyonnais.fr\/site\/wp-content\/uploads\/2017\/02\/NEWSESTLYONNAIS-OL-FEMININ-2016-768x576.jpg 768w, https:\/\/newsestlyonnais.fr\/site\/wp-content\/uploads\/2017\/02\/NEWSESTLYONNAIS-OL-FEMININ-2016-600x450.jpg 600w, https:\/\/newsestlyonnais.fr\/site\/wp-content\/uploads\/2017\/02\/NEWSESTLYONNAIS-OL-FEMININ-2016-100x75.jpg 100w\" sizes=\"auto, (max-width: 1000px) 100vw, 1000px\" \/><\/li>\n<li>Lion de Bronze: <strong>Franck Soloforosi<\/strong> (Aviron UN Lyon) <img loading=\"lazy\" decoding=\"async\" class=\"alignleft size-full wp-image-20493\" src=\"https:\/\/newsestlyonnais.fr\/site\/medias\/2017\/02\/NEWSESTLYONNAIS-SOLFOROSI-LIONS-DU-SPORT.jpg\" alt=\"NEWSESTLYONNAIS - SOLFOROSI LIONS DU SPORT\" width=\"1000\" height=\"750\" srcset=\"https:\/\/newsestlyonnais.fr\/site\/wp-content\/uploads\/2017\/02\/NEWSESTLYONNAIS-SOLFOROSI-LIONS-DU-SPORT.jpg 1000w, https:\/\/newsestlyonnais.fr\/site\/wp-content\/uploads\/2017\/02\/NEWSESTLYONNAIS-SOLFOROSI-LIONS-DU-SPORT-400x300.jpg 400w, https:\/\/newsestlyonnais.fr\/site\/wp-content\/uploads\/2017\/02\/NEWSESTLYONNAIS-SOLFOROSI-LIONS-DU-SPORT-768x576.jpg 768w, https:\/\/newsestlyonnais.fr\/site\/wp-content\/uploads\/2017\/02\/NEWSESTLYONNAIS-SOLFOROSI-LIONS-DU-SPORT-600x450.jpg 600w, https:\/\/newsestlyonnais.fr\/site\/wp-content\/uploads\/2017\/02\/NEWSESTLYONNAIS-SOLFOROSI-LIONS-DU-SPORT-100x75.jpg 100w\" sizes=\"auto, (max-width: 1000px) 100vw, 1000px\" \/><\/li>\n<\/ul>\n<p>&nbsp;<\/p>\n<ul>\n<li>Coup de Coeur: <strong>Maxime Thomas<\/strong> (Pongiste Handi, CS Charcot)<img loading=\"lazy\" decoding=\"async\" class=\"alignleft size-full wp-image-20495\" src=\"https:\/\/newsestlyonnais.fr\/site\/medias\/2017\/02\/NEWSESTLYONNAIS-coup-coeur-lions-sport.jpg\" alt=\"NEWSESTLYONNAIS - coup coeur lions sport\" width=\"1000\" height=\"750\" srcset=\"https:\/\/newsestlyonnais.fr\/site\/wp-content\/uploads\/2017\/02\/NEWSESTLYONNAIS-coup-coeur-lions-sport.jpg 1000w, https:\/\/newsestlyonnais.fr\/site\/wp-content\/uploads\/2017\/02\/NEWSESTLYONNAIS-coup-coeur-lions-sport-400x300.jpg 400w, https:\/\/newsestlyonnais.fr\/site\/wp-content\/uploads\/2017\/02\/NEWSESTLYONNAIS-coup-coeur-lions-sport-768x576.jpg 768w, https:\/\/newsestlyonnais.fr\/site\/wp-content\/uploads\/2017\/02\/NEWSESTLYONNAIS-coup-coeur-lions-sport-600x450.jpg 600w, https:\/\/newsestlyonnais.fr\/site\/wp-content\/uploads\/2017\/02\/NEWSESTLYONNAIS-coup-coeur-lions-sport-100x75.jpg 100w\" sizes=\"auto, (max-width: 1000px) 100vw, 1000px\" \/><\/li>\n<li>Les autres nomin\u00e9s: <strong>Julien Correia<\/strong> (Lyon Hockey Club), <strong>Charles Kahudi<\/strong> (Asvel Basket), <strong>Alexandre Lacazette<\/strong> (OL), <strong>Hemani Paea<\/strong> (Lou Rugby), <strong>M\u00e9lanie Plea<\/strong> (Lyon Basket), <strong>Cyril Tommasone<\/strong> (Convention Gymnique de Lyon).<\/li>\n<\/ul>\n<figure id=\"attachment_20497\" aria-describedby=\"caption-attachment-20497\" style=\"width: 1000px\" class=\"wp-caption alignleft\"><img loading=\"lazy\" decoding=\"async\" class=\"size-full wp-image-20497\" src=\"https:\/\/newsestlyonnais.fr\/site\/medias\/2017\/02\/NEWSESTLYONNAIS-laureats-lions-2016.jpg\" alt=\"NEWSESTLYONNAIS - laureats lions 2016\" width=\"1000\" height=\"750\" srcset=\"https:\/\/newsestlyonnais.fr\/site\/wp-content\/uploads\/2017\/02\/NEWSESTLYONNAIS-laureats-lions-2016.jpg 1000w, https:\/\/newsestlyonnais.fr\/site\/wp-content\/uploads\/2017\/02\/NEWSESTLYONNAIS-laureats-lions-2016-400x300.jpg 400w, https:\/\/newsestlyonnais.fr\/site\/wp-content\/uploads\/2017\/02\/NEWSESTLYONNAIS-laureats-lions-2016-768x576.jpg 768w, https:\/\/newsestlyonnais.fr\/site\/wp-content\/uploads\/2017\/02\/NEWSESTLYONNAIS-laureats-lions-2016-600x450.jpg 600w, https:\/\/newsestlyonnais.fr\/site\/wp-content\/uploads\/2017\/02\/NEWSESTLYONNAIS-laureats-lions-2016-100x75.jpg 100w\" sizes=\"auto, (max-width: 1000px) 100vw, 1000px\" \/><figcaption id=\"caption-attachment-20497\" class=\"wp-caption-text\">Yann Cucherat (ajoint aux sports), G\u00e9rard Collomb (maire de Lyon), M\u00e9lina Robert-Michon (Lion d&rsquo;Or 2016) et Eric Nallet (pr\u00e9sident de Lyon Athl\u00e9tisme)<\/figcaption><\/figure>\n<figure id=\"attachment_20499\" aria-describedby=\"caption-attachment-20499\" style=\"width: 1000px\" class=\"wp-caption alignleft\"><img loading=\"lazy\" decoding=\"async\" class=\"size-full wp-image-20499\" src=\"https:\/\/newsestlyonnais.fr\/site\/medias\/2017\/02\/NEWSESTLYONNAIS-LAUREATS-BIS-2016.jpg\" alt=\"NEWSESTLYONNAIS - LAUREATS BIS 2016\" width=\"1000\" height=\"750\" srcset=\"https:\/\/newsestlyonnais.fr\/site\/wp-content\/uploads\/2017\/02\/NEWSESTLYONNAIS-LAUREATS-BIS-2016.jpg 1000w, https:\/\/newsestlyonnais.fr\/site\/wp-content\/uploads\/2017\/02\/NEWSESTLYONNAIS-LAUREATS-BIS-2016-400x300.jpg 400w, https:\/\/newsestlyonnais.fr\/site\/wp-content\/uploads\/2017\/02\/NEWSESTLYONNAIS-LAUREATS-BIS-2016-768x576.jpg 768w, https:\/\/newsestlyonnais.fr\/site\/wp-content\/uploads\/2017\/02\/NEWSESTLYONNAIS-LAUREATS-BIS-2016-600x450.jpg 600w, https:\/\/newsestlyonnais.fr\/site\/wp-content\/uploads\/2017\/02\/NEWSESTLYONNAIS-LAUREATS-BIS-2016-100x75.jpg 100w\" sizes=\"auto, (max-width: 1000px) 100vw, 1000px\" \/><figcaption id=\"caption-attachment-20499\" class=\"wp-caption-text\">Franck Solforosi (Lion de Bronze), Gr\u00e9gory Coupet (ex gardien de l&rsquo;OL) et Eric Nallet (pr\u00e9sident de Lyon Athl\u00e9tisme)<\/figcaption><\/figure>\n<p>&nbsp;<\/p>\n<p>&nbsp;<\/p>\n<p>&nbsp;<\/p>\n<p>&nbsp;<\/p>\n<p>&nbsp;<\/p>\n<p>&nbsp;<\/p>\n<p>&nbsp;<\/p>\n<p>&nbsp;<\/p>\n<p>&nbsp;<\/p>\n<p>&nbsp;<\/p>\n<p>&nbsp;<\/p>\n<p>&nbsp;<\/p>\n<p>&nbsp;<\/p>\n<p>&nbsp;<\/p>\n<p>&nbsp;<\/p>\n<p>&nbsp;<\/p>\n<p>&nbsp;<\/p>\n<p>&nbsp;<\/p>\n","protected":false},"excerpt":{"rendered":"<p>C\u00e9r\u00e9monie de remise des troph\u00e9es aux meilleurs sportifs et sportives lyonnais(e)s lundi soir \u00e0 La Sucri\u00e8re , \u00e0 laquelle \u00e9tait pr\u00e9sente la r\u00e9daction de \u00ab\u00a0http:\/\/newsestlyonnais.fr\u00ab\u00a0. La 14\u00b0 \u00e9dition d&rsquo;une soir\u00e9e qui honorait le gratin lyonnais du sport pour l&rsquo;ann\u00e9e 2016 qui s&rsquo;est d\u00e9roul\u00e9e devant pr\u00e8s de 800 personnes et en pr\u00e9sence de Thierry Braillard (secr\u00e9taire [&hellip;]<\/p>\n","protected":false},"author":4,"featured_media":20482,"comment_status":"open","ping_status":"open","sticky":false,"template":"","format":"standard","meta":{"footnotes":""},"categories":[2968,166,3421,3015,3016,1625],"tags":[],"class_list":["post-20473","post","type-post","status-publish","format-standard","has-post-thumbnail","hentry","category-athle-course-pied-marche","category-divers-sports","category-feminin-actu-au","category-handi-adapte","category-institutions-trophees-jo","category-lyon"],"yoast_head":"<!-- This site is optimized with the Yoast SEO plugin v27.2 - https:\/\/yoast.com\/product\/yoast-seo-wordpress\/ -->\n<title>LYON : M\u00e9lina Robert-Michon Lionne d&#039;Or du Sport de l&#039;ann\u00e9e 2016 !<\/title>\n<meta name=\"description\" content=\"LYON : M\u00e9lina Robert-Michon Lionne d&#039;Or du Sport de l&#039;ann\u00e9e 2016 !\" \/>\n<meta name=\"robots\" content=\"index, follow, max-snippet:-1, max-image-preview:large, max-video-preview:-1\" \/>\n<link rel=\"canonical\" href=\"https:\/\/newsestlyonnais.fr\/site\/2017\/02\/07\/lyon-melina-robert-michon-lionne-dor-du-sport-de-lannee-2016\/\" \/>\n<meta property=\"og:locale\" content=\"fr_FR\" \/>\n<meta property=\"og:type\" content=\"article\" \/>\n<meta property=\"og:title\" content=\"LYON : M\u00e9lina Robert-Michon Lionne d&#039;Or du Sport de l&#039;ann\u00e9e 2016 !\" \/>\n<meta property=\"og:description\" content=\"LYON : M\u00e9lina Robert-Michon Lionne d&#039;Or du Sport de l&#039;ann\u00e9e 2016 !\" \/>\n<meta property=\"og:url\" content=\"https:\/\/newsestlyonnais.fr\/site\/2017\/02\/07\/lyon-melina-robert-michon-lionne-dor-du-sport-de-lannee-2016\/\" \/>\n<meta property=\"og:site_name\" content=\"News Est Lyonnais\" \/>\n<meta property=\"article:author\" content=\"https:\/\/www.facebook.com\/pascal.oberson.1?fref=ts\" \/>\n<meta property=\"article:published_time\" content=\"2017-02-07T18:24:05+00:00\" \/>\n<meta property=\"article:modified_time\" content=\"2020-10-27T17:25:30+00:00\" \/>\n<meta property=\"og:image\" content=\"https:\/\/i1.wp.com\/newsestlyonnais.fr\/site\/wp-content\/uploads\/2017\/02\/NEWSESTLYONNAIS-LIONS-SPORT-2016.jpg?fit=1000%2C750&ssl=1\" \/>\n\t<meta property=\"og:image:width\" content=\"1000\" \/>\n\t<meta property=\"og:image:height\" content=\"750\" \/>\n\t<meta property=\"og:image:type\" content=\"image\/jpeg\" \/>\n<meta name=\"author\" content=\"R\u00e9dac. NEWS\" \/>\n<meta name=\"twitter:card\" content=\"summary_large_image\" \/>\n<meta name=\"twitter:label1\" content=\"\u00c9crit par\" \/>\n\t<meta name=\"twitter:data1\" content=\"R\u00e9dac. NEWS\" \/>\n\t<meta name=\"twitter:label2\" content=\"Dur\u00e9e de lecture estim\u00e9e\" \/>\n\t<meta name=\"twitter:data2\" content=\"2 minutes\" \/>\n<script type=\"application\/ld+json\" class=\"yoast-schema-graph\">{\"@context\":\"https:\/\/schema.org\",\"@graph\":[{\"@type\":\"Article\",\"@id\":\"https:\/\/newsestlyonnais.fr\/site\/2017\/02\/07\/lyon-melina-robert-michon-lionne-dor-du-sport-de-lannee-2016\/#article\",\"isPartOf\":{\"@id\":\"https:\/\/newsestlyonnais.fr\/site\/2017\/02\/07\/lyon-melina-robert-michon-lionne-dor-du-sport-de-lannee-2016\/\"},\"author\":{\"name\":\"R\u00e9dac. NEWS\",\"@id\":\"https:\/\/newsestlyonnais.fr\/site\/#\/schema\/person\/3230d5615f390bb808365d673001e887\"},\"headline\":\"LYON | M\u00e9lina Robert-Michon \u00e9lue Lionne d&rsquo;Or du Sport pour 2016\",\"datePublished\":\"2017-02-07T18:24:05+00:00\",\"dateModified\":\"2020-10-27T17:25:30+00:00\",\"mainEntityOfPage\":{\"@id\":\"https:\/\/newsestlyonnais.fr\/site\/2017\/02\/07\/lyon-melina-robert-michon-lionne-dor-du-sport-de-lannee-2016\/\"},\"wordCount\":375,\"commentCount\":0,\"publisher\":{\"@id\":\"https:\/\/newsestlyonnais.fr\/site\/#organization\"},\"image\":{\"@id\":\"https:\/\/newsestlyonnais.fr\/site\/2017\/02\/07\/lyon-melina-robert-michon-lionne-dor-du-sport-de-lannee-2016\/#primaryimage\"},\"thumbnailUrl\":\"https:\/\/newsestlyonnais.fr\/site\/wp-content\/uploads\/2017\/02\/NEWSESTLYONNAIS-LIONS-SPORT-2016.jpg\",\"articleSection\":[\"Athl\u00e9 | Course pied | Marche\",\"Divers Sports\",\"F\u00e9minin (Actu au)\",\"Handi &amp; adapt\u00e9\",\"Institutions | Troph\u00e9es | J.O.\",\"Lyon\"],\"inLanguage\":\"fr-FR\",\"potentialAction\":[{\"@type\":\"CommentAction\",\"name\":\"Comment\",\"target\":[\"https:\/\/newsestlyonnais.fr\/site\/2017\/02\/07\/lyon-melina-robert-michon-lionne-dor-du-sport-de-lannee-2016\/#respond\"]}]},{\"@type\":\"WebPage\",\"@id\":\"https:\/\/newsestlyonnais.fr\/site\/2017\/02\/07\/lyon-melina-robert-michon-lionne-dor-du-sport-de-lannee-2016\/\",\"url\":\"https:\/\/newsestlyonnais.fr\/site\/2017\/02\/07\/lyon-melina-robert-michon-lionne-dor-du-sport-de-lannee-2016\/\",\"name\":\"LYON : M\u00e9lina Robert-Michon Lionne d'Or du Sport de l'ann\u00e9e 2016 !\",\"isPartOf\":{\"@id\":\"https:\/\/newsestlyonnais.fr\/site\/#website\"},\"primaryImageOfPage\":{\"@id\":\"https:\/\/newsestlyonnais.fr\/site\/2017\/02\/07\/lyon-melina-robert-michon-lionne-dor-du-sport-de-lannee-2016\/#primaryimage\"},\"image\":{\"@id\":\"https:\/\/newsestlyonnais.fr\/site\/2017\/02\/07\/lyon-melina-robert-michon-lionne-dor-du-sport-de-lannee-2016\/#primaryimage\"},\"thumbnailUrl\":\"https:\/\/newsestlyonnais.fr\/site\/wp-content\/uploads\/2017\/02\/NEWSESTLYONNAIS-LIONS-SPORT-2016.jpg\",\"datePublished\":\"2017-02-07T18:24:05+00:00\",\"dateModified\":\"2020-10-27T17:25:30+00:00\",\"description\":\"LYON : M\u00e9lina Robert-Michon Lionne d'Or du Sport de l'ann\u00e9e 2016 !\",\"breadcrumb\":{\"@id\":\"https:\/\/newsestlyonnais.fr\/site\/2017\/02\/07\/lyon-melina-robert-michon-lionne-dor-du-sport-de-lannee-2016\/#breadcrumb\"},\"inLanguage\":\"fr-FR\",\"potentialAction\":[{\"@type\":\"ReadAction\",\"target\":[\"https:\/\/newsestlyonnais.fr\/site\/2017\/02\/07\/lyon-melina-robert-michon-lionne-dor-du-sport-de-lannee-2016\/\"]}]},{\"@type\":\"ImageObject\",\"inLanguage\":\"fr-FR\",\"@id\":\"https:\/\/newsestlyonnais.fr\/site\/2017\/02\/07\/lyon-melina-robert-michon-lionne-dor-du-sport-de-lannee-2016\/#primaryimage\",\"url\":\"https:\/\/newsestlyonnais.fr\/site\/wp-content\/uploads\/2017\/02\/NEWSESTLYONNAIS-LIONS-SPORT-2016.jpg\",\"contentUrl\":\"https:\/\/newsestlyonnais.fr\/site\/wp-content\/uploads\/2017\/02\/NEWSESTLYONNAIS-LIONS-SPORT-2016.jpg\",\"width\":1000,\"height\":750,\"caption\":\"NEWSESTLYONNAIS - LIONS SPORT 2016\"},{\"@type\":\"BreadcrumbList\",\"@id\":\"https:\/\/newsestlyonnais.fr\/site\/2017\/02\/07\/lyon-melina-robert-michon-lionne-dor-du-sport-de-lannee-2016\/#breadcrumb\",\"itemListElement\":[{\"@type\":\"ListItem\",\"position\":1,\"name\":\"Accueil\",\"item\":\"https:\/\/newsestlyonnais.fr\/site\/\"},{\"@type\":\"ListItem\",\"position\":2,\"name\":\"LYON | M\u00e9lina Robert-Michon \u00e9lue Lionne d&rsquo;Or du Sport pour 2016\"}]},{\"@type\":\"WebSite\",\"@id\":\"https:\/\/newsestlyonnais.fr\/site\/#website\",\"url\":\"https:\/\/newsestlyonnais.fr\/site\/\",\"name\":\"News Est Lyonnais\",\"description\":\"L&#039;actualit\u00e9 au plus pr\u00e8s\",\"publisher\":{\"@id\":\"https:\/\/newsestlyonnais.fr\/site\/#organization\"},\"potentialAction\":[{\"@type\":\"SearchAction\",\"target\":{\"@type\":\"EntryPoint\",\"urlTemplate\":\"https:\/\/newsestlyonnais.fr\/site\/?s={search_term_string}\"},\"query-input\":{\"@type\":\"PropertyValueSpecification\",\"valueRequired\":true,\"valueName\":\"search_term_string\"}}],\"inLanguage\":\"fr-FR\"},{\"@type\":\"Organization\",\"@id\":\"https:\/\/newsestlyonnais.fr\/site\/#organization\",\"name\":\"News EST LYONNAIS\",\"url\":\"https:\/\/newsestlyonnais.fr\/site\/\",\"logo\":{\"@type\":\"ImageObject\",\"inLanguage\":\"fr-FR\",\"@id\":\"https:\/\/newsestlyonnais.fr\/site\/#\/schema\/logo\/image\/\",\"url\":\"\",\"contentUrl\":\"\",\"caption\":\"News EST LYONNAIS\"},\"image\":{\"@id\":\"https:\/\/newsestlyonnais.fr\/site\/#\/schema\/logo\/image\/\"}},{\"@type\":\"Person\",\"@id\":\"https:\/\/newsestlyonnais.fr\/site\/#\/schema\/person\/3230d5615f390bb808365d673001e887\",\"name\":\"R\u00e9dac. NEWS\",\"sameAs\":[\"http:\/\/www.newsestlyonnais.fr\",\"https:\/\/www.facebook.com\/pascal.oberson.1?fref=ts\",\"https:\/\/fr.linkedin.com\/in\/pascal-oberson-b17045113\"],\"url\":\"https:\/\/newsestlyonnais.fr\/site\/author\/nel\/\"}]}<\/script>\n<!-- \/ Yoast SEO plugin. -->","yoast_head_json":{"title":"LYON : M\u00e9lina Robert-Michon Lionne d'Or du Sport de l'ann\u00e9e 2016 !","description":"LYON : M\u00e9lina Robert-Michon Lionne d'Or du Sport de l'ann\u00e9e 2016 !","robots":{"index":"index","follow":"follow","max-snippet":"max-snippet:-1","max-image-preview":"max-image-preview:large","max-video-preview":"max-video-preview:-1"},"canonical":"https:\/\/newsestlyonnais.fr\/site\/2017\/02\/07\/lyon-melina-robert-michon-lionne-dor-du-sport-de-lannee-2016\/","og_locale":"fr_FR","og_type":"article","og_title":"LYON : M\u00e9lina Robert-Michon Lionne d'Or du Sport de l'ann\u00e9e 2016 !","og_description":"LYON : M\u00e9lina Robert-Michon Lionne d'Or du Sport de l'ann\u00e9e 2016 !","og_url":"https:\/\/newsestlyonnais.fr\/site\/2017\/02\/07\/lyon-melina-robert-michon-lionne-dor-du-sport-de-lannee-2016\/","og_site_name":"News Est Lyonnais","article_author":"https:\/\/www.facebook.com\/pascal.oberson.1?fref=ts","article_published_time":"2017-02-07T18:24:05+00:00","article_modified_time":"2020-10-27T17:25:30+00:00","og_image":[{"width":1000,"height":750,"url":"https:\/\/i1.wp.com\/newsestlyonnais.fr\/site\/wp-content\/uploads\/2017\/02\/NEWSESTLYONNAIS-LIONS-SPORT-2016.jpg?fit=1000%2C750&ssl=1","type":"image\/jpeg"}],"author":"R\u00e9dac. NEWS","twitter_card":"summary_large_image","twitter_misc":{"\u00c9crit par":"R\u00e9dac. NEWS","Dur\u00e9e de lecture estim\u00e9e":"2 minutes"},"schema":{"@context":"https:\/\/schema.org","@graph":[{"@type":"Article","@id":"https:\/\/newsestlyonnais.fr\/site\/2017\/02\/07\/lyon-melina-robert-michon-lionne-dor-du-sport-de-lannee-2016\/#article","isPartOf":{"@id":"https:\/\/newsestlyonnais.fr\/site\/2017\/02\/07\/lyon-melina-robert-michon-lionne-dor-du-sport-de-lannee-2016\/"},"author":{"name":"R\u00e9dac. NEWS","@id":"https:\/\/newsestlyonnais.fr\/site\/#\/schema\/person\/3230d5615f390bb808365d673001e887"},"headline":"LYON | M\u00e9lina Robert-Michon \u00e9lue Lionne d&rsquo;Or du Sport pour 2016","datePublished":"2017-02-07T18:24:05+00:00","dateModified":"2020-10-27T17:25:30+00:00","mainEntityOfPage":{"@id":"https:\/\/newsestlyonnais.fr\/site\/2017\/02\/07\/lyon-melina-robert-michon-lionne-dor-du-sport-de-lannee-2016\/"},"wordCount":375,"commentCount":0,"publisher":{"@id":"https:\/\/newsestlyonnais.fr\/site\/#organization"},"image":{"@id":"https:\/\/newsestlyonnais.fr\/site\/2017\/02\/07\/lyon-melina-robert-michon-lionne-dor-du-sport-de-lannee-2016\/#primaryimage"},"thumbnailUrl":"https:\/\/newsestlyonnais.fr\/site\/wp-content\/uploads\/2017\/02\/NEWSESTLYONNAIS-LIONS-SPORT-2016.jpg","articleSection":["Athl\u00e9 | Course pied | Marche","Divers Sports","F\u00e9minin (Actu au)","Handi &amp; adapt\u00e9","Institutions | Troph\u00e9es | J.O.","Lyon"],"inLanguage":"fr-FR","potentialAction":[{"@type":"CommentAction","name":"Comment","target":["https:\/\/newsestlyonnais.fr\/site\/2017\/02\/07\/lyon-melina-robert-michon-lionne-dor-du-sport-de-lannee-2016\/#respond"]}]},{"@type":"WebPage","@id":"https:\/\/newsestlyonnais.fr\/site\/2017\/02\/07\/lyon-melina-robert-michon-lionne-dor-du-sport-de-lannee-2016\/","url":"https:\/\/newsestlyonnais.fr\/site\/2017\/02\/07\/lyon-melina-robert-michon-lionne-dor-du-sport-de-lannee-2016\/","name":"LYON : M\u00e9lina Robert-Michon Lionne d'Or du Sport de l'ann\u00e9e 2016 !","isPartOf":{"@id":"https:\/\/newsestlyonnais.fr\/site\/#website"},"primaryImageOfPage":{"@id":"https:\/\/newsestlyonnais.fr\/site\/2017\/02\/07\/lyon-melina-robert-michon-lionne-dor-du-sport-de-lannee-2016\/#primaryimage"},"image":{"@id":"https:\/\/newsestlyonnais.fr\/site\/2017\/02\/07\/lyon-melina-robert-michon-lionne-dor-du-sport-de-lannee-2016\/#primaryimage"},"thumbnailUrl":"https:\/\/newsestlyonnais.fr\/site\/wp-content\/uploads\/2017\/02\/NEWSESTLYONNAIS-LIONS-SPORT-2016.jpg","datePublished":"2017-02-07T18:24:05+00:00","dateModified":"2020-10-27T17:25:30+00:00","description":"LYON : M\u00e9lina Robert-Michon Lionne d'Or du Sport de l'ann\u00e9e 2016 !","breadcrumb":{"@id":"https:\/\/newsestlyonnais.fr\/site\/2017\/02\/07\/lyon-melina-robert-michon-lionne-dor-du-sport-de-lannee-2016\/#breadcrumb"},"inLanguage":"fr-FR","potentialAction":[{"@type":"ReadAction","target":["https:\/\/newsestlyonnais.fr\/site\/2017\/02\/07\/lyon-melina-robert-michon-lionne-dor-du-sport-de-lannee-2016\/"]}]},{"@type":"ImageObject","inLanguage":"fr-FR","@id":"https:\/\/newsestlyonnais.fr\/site\/2017\/02\/07\/lyon-melina-robert-michon-lionne-dor-du-sport-de-lannee-2016\/#primaryimage","url":"https:\/\/newsestlyonnais.fr\/site\/wp-content\/uploads\/2017\/02\/NEWSESTLYONNAIS-LIONS-SPORT-2016.jpg","contentUrl":"https:\/\/newsestlyonnais.fr\/site\/wp-content\/uploads\/2017\/02\/NEWSESTLYONNAIS-LIONS-SPORT-2016.jpg","width":1000,"height":750,"caption":"NEWSESTLYONNAIS - LIONS SPORT 2016"},{"@type":"BreadcrumbList","@id":"https:\/\/newsestlyonnais.fr\/site\/2017\/02\/07\/lyon-melina-robert-michon-lionne-dor-du-sport-de-lannee-2016\/#breadcrumb","itemListElement":[{"@type":"ListItem","position":1,"name":"Accueil","item":"https:\/\/newsestlyonnais.fr\/site\/"},{"@type":"ListItem","position":2,"name":"LYON | M\u00e9lina Robert-Michon \u00e9lue Lionne d&rsquo;Or du Sport pour 2016"}]},{"@type":"WebSite","@id":"https:\/\/newsestlyonnais.fr\/site\/#website","url":"https:\/\/newsestlyonnais.fr\/site\/","name":"News Est Lyonnais","description":"L&#039;actualit\u00e9 au plus pr\u00e8s","publisher":{"@id":"https:\/\/newsestlyonnais.fr\/site\/#organization"},"potentialAction":[{"@type":"SearchAction","target":{"@type":"EntryPoint","urlTemplate":"https:\/\/newsestlyonnais.fr\/site\/?s={search_term_string}"},"query-input":{"@type":"PropertyValueSpecification","valueRequired":true,"valueName":"search_term_string"}}],"inLanguage":"fr-FR"},{"@type":"Organization","@id":"https:\/\/newsestlyonnais.fr\/site\/#organization","name":"News EST LYONNAIS","url":"https:\/\/newsestlyonnais.fr\/site\/","logo":{"@type":"ImageObject","inLanguage":"fr-FR","@id":"https:\/\/newsestlyonnais.fr\/site\/#\/schema\/logo\/image\/","url":"","contentUrl":"","caption":"News EST LYONNAIS"},"image":{"@id":"https:\/\/newsestlyonnais.fr\/site\/#\/schema\/logo\/image\/"}},{"@type":"Person","@id":"https:\/\/newsestlyonnais.fr\/site\/#\/schema\/person\/3230d5615f390bb808365d673001e887","name":"R\u00e9dac. NEWS","sameAs":["http:\/\/www.newsestlyonnais.fr","https:\/\/www.facebook.com\/pascal.oberson.1?fref=ts","https:\/\/fr.linkedin.com\/in\/pascal-oberson-b17045113"],"url":"https:\/\/newsestlyonnais.fr\/site\/author\/nel\/"}]}},"_links":{"self":[{"href":"https:\/\/newsestlyonnais.fr\/site\/wp-json\/wp\/v2\/posts\/20473","targetHints":{"allow":["GET"]}}],"collection":[{"href":"https:\/\/newsestlyonnais.fr\/site\/wp-json\/wp\/v2\/posts"}],"about":[{"href":"https:\/\/newsestlyonnais.fr\/site\/wp-json\/wp\/v2\/types\/post"}],"author":[{"embeddable":true,"href":"https:\/\/newsestlyonnais.fr\/site\/wp-json\/wp\/v2\/users\/4"}],"replies":[{"embeddable":true,"href":"https:\/\/newsestlyonnais.fr\/site\/wp-json\/wp\/v2\/comments?post=20473"}],"version-history":[{"count":0,"href":"https:\/\/newsestlyonnais.fr\/site\/wp-json\/wp\/v2\/posts\/20473\/revisions"}],"wp:featuredmedia":[{"embeddable":true,"href":"https:\/\/newsestlyonnais.fr\/site\/wp-json\/wp\/v2\/media\/20482"}],"wp:attachment":[{"href":"https:\/\/newsestlyonnais.fr\/site\/wp-json\/wp\/v2\/media?parent=20473"}],"wp:term":[{"taxonomy":"category","embeddable":true,"href":"https:\/\/newsestlyonnais.fr\/site\/wp-json\/wp\/v2\/categories?post=20473"},{"taxonomy":"post_tag","embeddable":true,"href":"https:\/\/newsestlyonnais.fr\/site\/wp-json\/wp\/v2\/tags?post=20473"}],"curies":[{"name":"wp","href":"https:\/\/api.w.org\/{rel}","templated":true}]}}