{"id":20567,"date":"2017-02-08T19:15:42","date_gmt":"2017-02-08T18:15:42","guid":{"rendered":"http:\/\/newsestlyonnais.fr\/site\/?p=20567"},"modified":"2020-11-01T18:33:53","modified_gmt":"2020-11-01T17:33:53","slug":"villeurbanne-course-nature-de-feyssine","status":"publish","type":"post","link":"https:\/\/newsestlyonnais.fr\/site\/2017\/02\/08\/villeurbanne-course-nature-de-feyssine\/","title":{"rendered":"VILLEURBANNE | 1\u00b0 \u00e9dition dimanche de la Course de la Feyssine"},"content":{"rendered":"<h4>Pour la premi\u00e8re fois, l&rsquo;ASVEL Athl\u00e9tisme proposera \u00e0 tous les mordus de course \u00e0 pied (licenci\u00e9s ou non) une \u00e9preuve nature de 11 kilom\u00e8tres.<\/h4>\n<p>Celle-ci aura lieu en ouverture en ouverture du cross de la Feyssine (courses FFA)d\u00e8s 8 heures 45.<br \/>\nCe sera l&rsquo;occasion pour tous les concurrents de (re)d\u00e9couvrir le magnifique parc naturel urbain en empruntant chemins et sentiers sur une boucle de 5,5 km \u00e0 parcourir deux fois. Ce parcours pr\u00e9sente peu de d\u00e9nivel\u00e9, mais n\u00e9cessite beaucoup de relances.<br \/>\n&#8211; Un cadeau souvenir sera remis aux 100 premiers inscrits et un ravitaillement cons\u00e9quent attendra tous les participant(e)s \u00e0 l&rsquo;arriv\u00e9e.<br \/>\n&#8211; Course est ouverte aux licenci\u00e9s FFA, FFTri et FFCO sur pr\u00e9sentation de leur licence et \u00e0 tous les autres sur pr\u00e9sentation d&rsquo;un certificat m\u00e9dical. Droit d&rsquo;inscription: 11 \u20ac.<\/p>\n<p><strong>NOTA :<\/strong> <span style=\"text-decoration: underline\">La 12\u00b0 \u00e9dition du cross de la Feyssine<\/span> aura lieu ensuite dans le magnifique cadre du parc naturel urbain. Un millier de coureurs et coureuses sont attendus le matin pour les diverses courses FFA, depuis les \u00e9veils-athl\u00e9 jusqu&rsquo;aux masters sur des distances allant de 1200 \u00e0 6520 m.<br \/>\nComme les ann\u00e9es pr\u00e9c\u00e9dentes, le cross de la Feyssine sera la v\u00e9ritable finale du Challenge dur Rh\u00f4ne de cross entre les clubs de l&rsquo;AC Tassin, de l&rsquo;ESL, de l&rsquo;ASVEL Villeurbanne et de Lyon Athl\u00e9tisme. Une grande matin\u00e9e de cross en perspective. L&rsquo;apr\u00e8s-midi ce sont les enfants des \u00e9coles de Villeurbanne qui s&rsquo;affronteront lors des courses USEP sur le parcours de 1200 m.<\/p>\n<p>Programme des 2 premi\u00e8res courses:<\/p>\n<table width=\"100%\">\n<tbody>\n<tr>\n<td>Juniors Espoirs Seniors V\u00e9t\u00e9rans F<\/td>\n<td>Avant 2000<\/td>\n<td>4 750m<\/td>\n<td>1 PB + 2 GB<\/td>\n<td>10h15<\/td>\n<\/tr>\n<tr>\n<td>Juniors Espoirs Seniors V\u00e9t\u00e9rans M<\/td>\n<td>Avant 2000<\/td>\n<td>6 520m<\/td>\n<td>1 PB + 3 GB<\/td>\n<td>10h45<\/td>\n<\/tr>\n<\/tbody>\n<\/table>\n<p>Retrouvez l&rsquo;ACTU de l&rsquo;ASVEL Athl\u00e9tisme sur: <a href=\"http:\/\/www.asvelathle.fr\" target=\"_blank\" rel=\"noopener noreferrer\">http:\/\/www.asvelathle.fr<\/a><\/p>\n","protected":false},"excerpt":{"rendered":"<p>Pour la premi\u00e8re fois, l&rsquo;ASVEL Athl\u00e9tisme proposera \u00e0 tous les mordus de course \u00e0 pied (licenci\u00e9s ou non) une \u00e9preuve nature de 11 kilom\u00e8tres. Celle-ci aura lieu en ouverture en ouverture du cross de la Feyssine (courses FFA)d\u00e8s 8 heures 45. Ce sera l&rsquo;occasion pour tous les concurrents de (re)d\u00e9couvrir le magnifique parc naturel urbain [&hellip;]<\/p>\n","protected":false},"author":4,"featured_media":20574,"comment_status":"open","ping_status":"open","sticky":false,"template":"","format":"standard","meta":{"footnotes":""},"categories":[2968,29],"tags":[],"class_list":["post-20567","post","type-post","status-publish","format-standard","has-post-thumbnail","hentry","category-athle-course-pied-marche","category-villeurbanne"],"yoast_head":"<!-- This site is optimized with the Yoast SEO plugin v27.2 - https:\/\/yoast.com\/product\/yoast-seo-wordpress\/ -->\n<title>VILLEURBANNE : 1\u00b0 \u00e9dition dimanche de la Course de la Feyssine<\/title>\n<meta name=\"description\" content=\"VILLEURBANNE : 1\u00b0 \u00e9dition dimanche de la Course de la Feyssine\" \/>\n<meta name=\"robots\" content=\"index, follow, max-snippet:-1, max-image-preview:large, max-video-preview:-1\" \/>\n<link rel=\"canonical\" href=\"https:\/\/newsestlyonnais.fr\/site\/2017\/02\/08\/villeurbanne-course-nature-de-feyssine\/\" \/>\n<meta property=\"og:locale\" content=\"fr_FR\" \/>\n<meta property=\"og:type\" content=\"article\" \/>\n<meta property=\"og:title\" content=\"VILLEURBANNE : 1\u00b0 \u00e9dition dimanche de la Course de la Feyssine\" \/>\n<meta property=\"og:description\" content=\"VILLEURBANNE : 1\u00b0 \u00e9dition dimanche de la Course de la Feyssine\" \/>\n<meta property=\"og:url\" content=\"https:\/\/newsestlyonnais.fr\/site\/2017\/02\/08\/villeurbanne-course-nature-de-feyssine\/\" \/>\n<meta property=\"og:site_name\" content=\"News Est Lyonnais\" \/>\n<meta property=\"article:author\" content=\"https:\/\/www.facebook.com\/pascal.oberson.1?fref=ts\" \/>\n<meta property=\"article:published_time\" content=\"2017-02-08T18:15:42+00:00\" \/>\n<meta property=\"article:modified_time\" content=\"2020-11-01T17:33:53+00:00\" \/>\n<meta property=\"og:image\" content=\"https:\/\/i0.wp.com\/newsestlyonnais.fr\/site\/wp-content\/uploads\/2017\/02\/NEWSESTLYONNAIS-Course-nature-Feyssine.jpg?fit=1000%2C750&ssl=1\" \/>\n\t<meta property=\"og:image:width\" content=\"1000\" \/>\n\t<meta property=\"og:image:height\" content=\"750\" \/>\n\t<meta property=\"og:image:type\" content=\"image\/jpeg\" \/>\n<meta name=\"author\" content=\"R\u00e9dac. NEWS\" \/>\n<meta name=\"twitter:card\" content=\"summary_large_image\" \/>\n<meta name=\"twitter:label1\" content=\"\u00c9crit par\" \/>\n\t<meta name=\"twitter:data1\" content=\"R\u00e9dac. NEWS\" \/>\n\t<meta name=\"twitter:label2\" content=\"Dur\u00e9e de lecture estim\u00e9e\" \/>\n\t<meta name=\"twitter:data2\" content=\"1 minute\" \/>\n<script type=\"application\/ld+json\" class=\"yoast-schema-graph\">{\"@context\":\"https:\/\/schema.org\",\"@graph\":[{\"@type\":\"Article\",\"@id\":\"https:\/\/newsestlyonnais.fr\/site\/2017\/02\/08\/villeurbanne-course-nature-de-feyssine\/#article\",\"isPartOf\":{\"@id\":\"https:\/\/newsestlyonnais.fr\/site\/2017\/02\/08\/villeurbanne-course-nature-de-feyssine\/\"},\"author\":{\"name\":\"R\u00e9dac. NEWS\",\"@id\":\"https:\/\/newsestlyonnais.fr\/site\/#\/schema\/person\/3230d5615f390bb808365d673001e887\"},\"headline\":\"VILLEURBANNE | 1\u00b0 \u00e9dition dimanche de la Course de la Feyssine\",\"datePublished\":\"2017-02-08T18:15:42+00:00\",\"dateModified\":\"2020-11-01T17:33:53+00:00\",\"mainEntityOfPage\":{\"@id\":\"https:\/\/newsestlyonnais.fr\/site\/2017\/02\/08\/villeurbanne-course-nature-de-feyssine\/\"},\"wordCount\":313,\"commentCount\":0,\"publisher\":{\"@id\":\"https:\/\/newsestlyonnais.fr\/site\/#organization\"},\"image\":{\"@id\":\"https:\/\/newsestlyonnais.fr\/site\/2017\/02\/08\/villeurbanne-course-nature-de-feyssine\/#primaryimage\"},\"thumbnailUrl\":\"https:\/\/newsestlyonnais.fr\/site\/wp-content\/uploads\/2017\/02\/NEWSESTLYONNAIS-Course-nature-Feyssine.jpg\",\"articleSection\":[\"Athl\u00e9 | Course pied | Marche\",\"Villeurbanne\"],\"inLanguage\":\"fr-FR\",\"potentialAction\":[{\"@type\":\"CommentAction\",\"name\":\"Comment\",\"target\":[\"https:\/\/newsestlyonnais.fr\/site\/2017\/02\/08\/villeurbanne-course-nature-de-feyssine\/#respond\"]}]},{\"@type\":\"WebPage\",\"@id\":\"https:\/\/newsestlyonnais.fr\/site\/2017\/02\/08\/villeurbanne-course-nature-de-feyssine\/\",\"url\":\"https:\/\/newsestlyonnais.fr\/site\/2017\/02\/08\/villeurbanne-course-nature-de-feyssine\/\",\"name\":\"VILLEURBANNE : 1\u00b0 \u00e9dition dimanche de la Course de la Feyssine\",\"isPartOf\":{\"@id\":\"https:\/\/newsestlyonnais.fr\/site\/#website\"},\"primaryImageOfPage\":{\"@id\":\"https:\/\/newsestlyonnais.fr\/site\/2017\/02\/08\/villeurbanne-course-nature-de-feyssine\/#primaryimage\"},\"image\":{\"@id\":\"https:\/\/newsestlyonnais.fr\/site\/2017\/02\/08\/villeurbanne-course-nature-de-feyssine\/#primaryimage\"},\"thumbnailUrl\":\"https:\/\/newsestlyonnais.fr\/site\/wp-content\/uploads\/2017\/02\/NEWSESTLYONNAIS-Course-nature-Feyssine.jpg\",\"datePublished\":\"2017-02-08T18:15:42+00:00\",\"dateModified\":\"2020-11-01T17:33:53+00:00\",\"description\":\"VILLEURBANNE : 1\u00b0 \u00e9dition dimanche de la Course de la Feyssine\",\"breadcrumb\":{\"@id\":\"https:\/\/newsestlyonnais.fr\/site\/2017\/02\/08\/villeurbanne-course-nature-de-feyssine\/#breadcrumb\"},\"inLanguage\":\"fr-FR\",\"potentialAction\":[{\"@type\":\"ReadAction\",\"target\":[\"https:\/\/newsestlyonnais.fr\/site\/2017\/02\/08\/villeurbanne-course-nature-de-feyssine\/\"]}]},{\"@type\":\"ImageObject\",\"inLanguage\":\"fr-FR\",\"@id\":\"https:\/\/newsestlyonnais.fr\/site\/2017\/02\/08\/villeurbanne-course-nature-de-feyssine\/#primaryimage\",\"url\":\"https:\/\/newsestlyonnais.fr\/site\/wp-content\/uploads\/2017\/02\/NEWSESTLYONNAIS-Course-nature-Feyssine.jpg\",\"contentUrl\":\"https:\/\/newsestlyonnais.fr\/site\/wp-content\/uploads\/2017\/02\/NEWSESTLYONNAIS-Course-nature-Feyssine.jpg\",\"width\":1000,\"height\":750,\"caption\":\"NEWSESTLYONNAIS Course nature Feyssine\"},{\"@type\":\"BreadcrumbList\",\"@id\":\"https:\/\/newsestlyonnais.fr\/site\/2017\/02\/08\/villeurbanne-course-nature-de-feyssine\/#breadcrumb\",\"itemListElement\":[{\"@type\":\"ListItem\",\"position\":1,\"name\":\"Accueil\",\"item\":\"https:\/\/newsestlyonnais.fr\/site\/\"},{\"@type\":\"ListItem\",\"position\":2,\"name\":\"VILLEURBANNE | 1\u00b0 \u00e9dition dimanche de la Course de la Feyssine\"}]},{\"@type\":\"WebSite\",\"@id\":\"https:\/\/newsestlyonnais.fr\/site\/#website\",\"url\":\"https:\/\/newsestlyonnais.fr\/site\/\",\"name\":\"News Est Lyonnais\",\"description\":\"L&#039;actualit\u00e9 au plus pr\u00e8s\",\"publisher\":{\"@id\":\"https:\/\/newsestlyonnais.fr\/site\/#organization\"},\"potentialAction\":[{\"@type\":\"SearchAction\",\"target\":{\"@type\":\"EntryPoint\",\"urlTemplate\":\"https:\/\/newsestlyonnais.fr\/site\/?s={search_term_string}\"},\"query-input\":{\"@type\":\"PropertyValueSpecification\",\"valueRequired\":true,\"valueName\":\"search_term_string\"}}],\"inLanguage\":\"fr-FR\"},{\"@type\":\"Organization\",\"@id\":\"https:\/\/newsestlyonnais.fr\/site\/#organization\",\"name\":\"News EST LYONNAIS\",\"url\":\"https:\/\/newsestlyonnais.fr\/site\/\",\"logo\":{\"@type\":\"ImageObject\",\"inLanguage\":\"fr-FR\",\"@id\":\"https:\/\/newsestlyonnais.fr\/site\/#\/schema\/logo\/image\/\",\"url\":\"\",\"contentUrl\":\"\",\"caption\":\"News EST LYONNAIS\"},\"image\":{\"@id\":\"https:\/\/newsestlyonnais.fr\/site\/#\/schema\/logo\/image\/\"}},{\"@type\":\"Person\",\"@id\":\"https:\/\/newsestlyonnais.fr\/site\/#\/schema\/person\/3230d5615f390bb808365d673001e887\",\"name\":\"R\u00e9dac. NEWS\",\"sameAs\":[\"http:\/\/www.newsestlyonnais.fr\",\"https:\/\/www.facebook.com\/pascal.oberson.1?fref=ts\",\"https:\/\/fr.linkedin.com\/in\/pascal-oberson-b17045113\"],\"url\":\"https:\/\/newsestlyonnais.fr\/site\/author\/nel\/\"}]}<\/script>\n<!-- \/ Yoast SEO plugin. -->","yoast_head_json":{"title":"VILLEURBANNE : 1\u00b0 \u00e9dition dimanche de la Course de la Feyssine","description":"VILLEURBANNE : 1\u00b0 \u00e9dition dimanche de la Course de la Feyssine","robots":{"index":"index","follow":"follow","max-snippet":"max-snippet:-1","max-image-preview":"max-image-preview:large","max-video-preview":"max-video-preview:-1"},"canonical":"https:\/\/newsestlyonnais.fr\/site\/2017\/02\/08\/villeurbanne-course-nature-de-feyssine\/","og_locale":"fr_FR","og_type":"article","og_title":"VILLEURBANNE : 1\u00b0 \u00e9dition dimanche de la Course de la Feyssine","og_description":"VILLEURBANNE : 1\u00b0 \u00e9dition dimanche de la Course de la Feyssine","og_url":"https:\/\/newsestlyonnais.fr\/site\/2017\/02\/08\/villeurbanne-course-nature-de-feyssine\/","og_site_name":"News Est Lyonnais","article_author":"https:\/\/www.facebook.com\/pascal.oberson.1?fref=ts","article_published_time":"2017-02-08T18:15:42+00:00","article_modified_time":"2020-11-01T17:33:53+00:00","og_image":[{"width":1000,"height":750,"url":"https:\/\/i0.wp.com\/newsestlyonnais.fr\/site\/wp-content\/uploads\/2017\/02\/NEWSESTLYONNAIS-Course-nature-Feyssine.jpg?fit=1000%2C750&ssl=1","type":"image\/jpeg"}],"author":"R\u00e9dac. NEWS","twitter_card":"summary_large_image","twitter_misc":{"\u00c9crit par":"R\u00e9dac. NEWS","Dur\u00e9e de lecture estim\u00e9e":"1 minute"},"schema":{"@context":"https:\/\/schema.org","@graph":[{"@type":"Article","@id":"https:\/\/newsestlyonnais.fr\/site\/2017\/02\/08\/villeurbanne-course-nature-de-feyssine\/#article","isPartOf":{"@id":"https:\/\/newsestlyonnais.fr\/site\/2017\/02\/08\/villeurbanne-course-nature-de-feyssine\/"},"author":{"name":"R\u00e9dac. NEWS","@id":"https:\/\/newsestlyonnais.fr\/site\/#\/schema\/person\/3230d5615f390bb808365d673001e887"},"headline":"VILLEURBANNE | 1\u00b0 \u00e9dition dimanche de la Course de la Feyssine","datePublished":"2017-02-08T18:15:42+00:00","dateModified":"2020-11-01T17:33:53+00:00","mainEntityOfPage":{"@id":"https:\/\/newsestlyonnais.fr\/site\/2017\/02\/08\/villeurbanne-course-nature-de-feyssine\/"},"wordCount":313,"commentCount":0,"publisher":{"@id":"https:\/\/newsestlyonnais.fr\/site\/#organization"},"image":{"@id":"https:\/\/newsestlyonnais.fr\/site\/2017\/02\/08\/villeurbanne-course-nature-de-feyssine\/#primaryimage"},"thumbnailUrl":"https:\/\/newsestlyonnais.fr\/site\/wp-content\/uploads\/2017\/02\/NEWSESTLYONNAIS-Course-nature-Feyssine.jpg","articleSection":["Athl\u00e9 | Course pied | Marche","Villeurbanne"],"inLanguage":"fr-FR","potentialAction":[{"@type":"CommentAction","name":"Comment","target":["https:\/\/newsestlyonnais.fr\/site\/2017\/02\/08\/villeurbanne-course-nature-de-feyssine\/#respond"]}]},{"@type":"WebPage","@id":"https:\/\/newsestlyonnais.fr\/site\/2017\/02\/08\/villeurbanne-course-nature-de-feyssine\/","url":"https:\/\/newsestlyonnais.fr\/site\/2017\/02\/08\/villeurbanne-course-nature-de-feyssine\/","name":"VILLEURBANNE : 1\u00b0 \u00e9dition dimanche de la Course de la Feyssine","isPartOf":{"@id":"https:\/\/newsestlyonnais.fr\/site\/#website"},"primaryImageOfPage":{"@id":"https:\/\/newsestlyonnais.fr\/site\/2017\/02\/08\/villeurbanne-course-nature-de-feyssine\/#primaryimage"},"image":{"@id":"https:\/\/newsestlyonnais.fr\/site\/2017\/02\/08\/villeurbanne-course-nature-de-feyssine\/#primaryimage"},"thumbnailUrl":"https:\/\/newsestlyonnais.fr\/site\/wp-content\/uploads\/2017\/02\/NEWSESTLYONNAIS-Course-nature-Feyssine.jpg","datePublished":"2017-02-08T18:15:42+00:00","dateModified":"2020-11-01T17:33:53+00:00","description":"VILLEURBANNE : 1\u00b0 \u00e9dition dimanche de la Course de la Feyssine","breadcrumb":{"@id":"https:\/\/newsestlyonnais.fr\/site\/2017\/02\/08\/villeurbanne-course-nature-de-feyssine\/#breadcrumb"},"inLanguage":"fr-FR","potentialAction":[{"@type":"ReadAction","target":["https:\/\/newsestlyonnais.fr\/site\/2017\/02\/08\/villeurbanne-course-nature-de-feyssine\/"]}]},{"@type":"ImageObject","inLanguage":"fr-FR","@id":"https:\/\/newsestlyonnais.fr\/site\/2017\/02\/08\/villeurbanne-course-nature-de-feyssine\/#primaryimage","url":"https:\/\/newsestlyonnais.fr\/site\/wp-content\/uploads\/2017\/02\/NEWSESTLYONNAIS-Course-nature-Feyssine.jpg","contentUrl":"https:\/\/newsestlyonnais.fr\/site\/wp-content\/uploads\/2017\/02\/NEWSESTLYONNAIS-Course-nature-Feyssine.jpg","width":1000,"height":750,"caption":"NEWSESTLYONNAIS Course nature Feyssine"},{"@type":"BreadcrumbList","@id":"https:\/\/newsestlyonnais.fr\/site\/2017\/02\/08\/villeurbanne-course-nature-de-feyssine\/#breadcrumb","itemListElement":[{"@type":"ListItem","position":1,"name":"Accueil","item":"https:\/\/newsestlyonnais.fr\/site\/"},{"@type":"ListItem","position":2,"name":"VILLEURBANNE | 1\u00b0 \u00e9dition dimanche de la Course de la Feyssine"}]},{"@type":"WebSite","@id":"https:\/\/newsestlyonnais.fr\/site\/#website","url":"https:\/\/newsestlyonnais.fr\/site\/","name":"News Est Lyonnais","description":"L&#039;actualit\u00e9 au plus pr\u00e8s","publisher":{"@id":"https:\/\/newsestlyonnais.fr\/site\/#organization"},"potentialAction":[{"@type":"SearchAction","target":{"@type":"EntryPoint","urlTemplate":"https:\/\/newsestlyonnais.fr\/site\/?s={search_term_string}"},"query-input":{"@type":"PropertyValueSpecification","valueRequired":true,"valueName":"search_term_string"}}],"inLanguage":"fr-FR"},{"@type":"Organization","@id":"https:\/\/newsestlyonnais.fr\/site\/#organization","name":"News EST LYONNAIS","url":"https:\/\/newsestlyonnais.fr\/site\/","logo":{"@type":"ImageObject","inLanguage":"fr-FR","@id":"https:\/\/newsestlyonnais.fr\/site\/#\/schema\/logo\/image\/","url":"","contentUrl":"","caption":"News EST LYONNAIS"},"image":{"@id":"https:\/\/newsestlyonnais.fr\/site\/#\/schema\/logo\/image\/"}},{"@type":"Person","@id":"https:\/\/newsestlyonnais.fr\/site\/#\/schema\/person\/3230d5615f390bb808365d673001e887","name":"R\u00e9dac. NEWS","sameAs":["http:\/\/www.newsestlyonnais.fr","https:\/\/www.facebook.com\/pascal.oberson.1?fref=ts","https:\/\/fr.linkedin.com\/in\/pascal-oberson-b17045113"],"url":"https:\/\/newsestlyonnais.fr\/site\/author\/nel\/"}]}},"_links":{"self":[{"href":"https:\/\/newsestlyonnais.fr\/site\/wp-json\/wp\/v2\/posts\/20567","targetHints":{"allow":["GET"]}}],"collection":[{"href":"https:\/\/newsestlyonnais.fr\/site\/wp-json\/wp\/v2\/posts"}],"about":[{"href":"https:\/\/newsestlyonnais.fr\/site\/wp-json\/wp\/v2\/types\/post"}],"author":[{"embeddable":true,"href":"https:\/\/newsestlyonnais.fr\/site\/wp-json\/wp\/v2\/users\/4"}],"replies":[{"embeddable":true,"href":"https:\/\/newsestlyonnais.fr\/site\/wp-json\/wp\/v2\/comments?post=20567"}],"version-history":[{"count":0,"href":"https:\/\/newsestlyonnais.fr\/site\/wp-json\/wp\/v2\/posts\/20567\/revisions"}],"wp:featuredmedia":[{"embeddable":true,"href":"https:\/\/newsestlyonnais.fr\/site\/wp-json\/wp\/v2\/media\/20574"}],"wp:attachment":[{"href":"https:\/\/newsestlyonnais.fr\/site\/wp-json\/wp\/v2\/media?parent=20567"}],"wp:term":[{"taxonomy":"category","embeddable":true,"href":"https:\/\/newsestlyonnais.fr\/site\/wp-json\/wp\/v2\/categories?post=20567"},{"taxonomy":"post_tag","embeddable":true,"href":"https:\/\/newsestlyonnais.fr\/site\/wp-json\/wp\/v2\/tags?post=20567"}],"curies":[{"name":"wp","href":"https:\/\/api.w.org\/{rel}","templated":true}]}}