{"id":20699,"date":"2017-02-10T19:09:42","date_gmt":"2017-02-10T18:09:42","guid":{"rendered":"http:\/\/newsestlyonnais.fr\/site\/?p=20699"},"modified":"2020-11-05T12:32:35","modified_gmt":"2020-11-05T11:32:35","slug":"chassieu-cest-parti-pour-lopen-de-tennis","status":"publish","type":"post","link":"https:\/\/newsestlyonnais.fr\/site\/2017\/02\/10\/chassieu-cest-parti-pour-lopen-de-tennis\/","title":{"rendered":"CHASSIEU | C&rsquo;est parti pour l&rsquo;Open de Tennis"},"content":{"rendered":"<h4>Les premiers coups de raquette de l&rsquo;Open de tennis de Chassieu ont \u00e9t\u00e9 donn\u00e9s ce vendredi en fin d&rsquo;apr\u00e8s-midi.<\/h4>\n<p>Une \u00e9dition 2017 o\u00f9 pr\u00e8s de 650 participants sont attendus (joueuses et joueurs) alors que 600 sont d\u00e9j\u00e0 inscrits.<\/p>\n<p>La comp\u00e9tition disput\u00e9e en 2 tableaux seniors (simples hommes et femmes) \u00e9tant supervis\u00e9e par le juge-arbitre Pierre Procureur assist\u00e9 de Micha\u00ebl Gonguet et Isabelle Quinon.<\/p>\n<p>Les inscriptions en 3\u00b0 s\u00e9rie, \u00e0 partir de 30 sont encore possibles alors qu&rsquo;elles sont closes pour les 4\u00b0 s\u00e9rie.<\/p>\n<p>Le pr\u00e9sident Marc Michel-Durand et son \u00e9quipe accueilleront les <strong>finales le dimanche 19 Mars<\/strong> en d\u00e9but d&rsquo;apr\u00e8s-midi.<\/p>\n<p>Rencontres en acc\u00e8s libre en soir\u00e9e (la semaine) et en journ\u00e9e (le week-end).<\/p>\n<ul>\n<li>Retrouvez toute l&rsquo;ACTU du club sur: <a href=\"http:\/\/www.club.fft.fr\/chassieutennis\/17690100_a\/cms\/index_public.php?us_action=show_note_site&amp;login_off=1&amp;ui_id_site=1\" target=\"_blank\" rel=\"noopener noreferrer\">http:\/\/www.club.fft.fr\/chassieutennis\/17690100_a\/cms\/index_public.php?us_action=show_note_site&amp;login_off=1&amp;ui_id_site=1<\/a><\/li>\n<\/ul>\n","protected":false},"excerpt":{"rendered":"<p>Les premiers coups de raquette de l&rsquo;Open de tennis de Chassieu ont \u00e9t\u00e9 donn\u00e9s ce vendredi en fin d&rsquo;apr\u00e8s-midi. Une \u00e9dition 2017 o\u00f9 pr\u00e8s de 650 participants sont attendus (joueuses et joueurs) alors que 600 sont d\u00e9j\u00e0 inscrits. La comp\u00e9tition disput\u00e9e en 2 tableaux seniors (simples hommes et femmes) \u00e9tant supervis\u00e9e par le juge-arbitre Pierre [&hellip;]<\/p>\n","protected":false},"author":4,"featured_media":20705,"comment_status":"open","ping_status":"open","sticky":false,"template":"","format":"standard","meta":{"footnotes":""},"categories":[1283,2992,2991],"tags":[],"class_list":["post-20699","post","type-post","status-publish","format-standard","has-post-thumbnail","hentry","category-chassieu-communes-diverses","category-tennis-padel","category-tennis-tennis-table-sports"],"yoast_head":"<!-- This site is optimized with the Yoast SEO plugin v27.2 - https:\/\/yoast.com\/product\/yoast-seo-wordpress\/ -->\n<title>CHASSIEU : C&#039;est parti pour l&#039;Open de Tennis !<\/title>\n<meta name=\"description\" content=\"CHASSIEU : C&#039;est parti pour l&#039;Open de Tennis !\" \/>\n<meta name=\"robots\" content=\"index, follow, max-snippet:-1, max-image-preview:large, max-video-preview:-1\" \/>\n<link rel=\"canonical\" href=\"https:\/\/newsestlyonnais.fr\/site\/2017\/02\/10\/chassieu-cest-parti-pour-lopen-de-tennis\/\" \/>\n<meta property=\"og:locale\" content=\"fr_FR\" \/>\n<meta property=\"og:type\" content=\"article\" \/>\n<meta property=\"og:title\" content=\"CHASSIEU : C&#039;est parti pour l&#039;Open de Tennis !\" \/>\n<meta property=\"og:description\" content=\"CHASSIEU : C&#039;est parti pour l&#039;Open de Tennis !\" \/>\n<meta property=\"og:url\" content=\"https:\/\/newsestlyonnais.fr\/site\/2017\/02\/10\/chassieu-cest-parti-pour-lopen-de-tennis\/\" \/>\n<meta property=\"og:site_name\" content=\"News Est Lyonnais\" \/>\n<meta property=\"article:author\" content=\"https:\/\/www.facebook.com\/pascal.oberson.1?fref=ts\" \/>\n<meta property=\"article:published_time\" content=\"2017-02-10T18:09:42+00:00\" \/>\n<meta property=\"article:modified_time\" content=\"2020-11-05T11:32:35+00:00\" \/>\n<meta property=\"og:image\" content=\"https:\/\/i0.wp.com\/newsestlyonnais.fr\/site\/wp-content\/uploads\/2017\/02\/NEWSESTLYONNAIS-logo_chassieu_tennis.jpg?fit=1000%2C750&ssl=1\" \/>\n\t<meta property=\"og:image:width\" content=\"1000\" \/>\n\t<meta property=\"og:image:height\" content=\"750\" \/>\n\t<meta property=\"og:image:type\" content=\"image\/jpeg\" \/>\n<meta name=\"author\" content=\"R\u00e9dac. NEWS\" \/>\n<meta name=\"twitter:card\" content=\"summary_large_image\" \/>\n<meta name=\"twitter:label1\" content=\"\u00c9crit par\" \/>\n\t<meta name=\"twitter:data1\" content=\"R\u00e9dac. NEWS\" \/>\n\t<meta name=\"twitter:label2\" content=\"Dur\u00e9e de lecture estim\u00e9e\" \/>\n\t<meta name=\"twitter:data2\" content=\"1 minute\" \/>\n<script type=\"application\/ld+json\" class=\"yoast-schema-graph\">{\"@context\":\"https:\/\/schema.org\",\"@graph\":[{\"@type\":\"Article\",\"@id\":\"https:\/\/newsestlyonnais.fr\/site\/2017\/02\/10\/chassieu-cest-parti-pour-lopen-de-tennis\/#article\",\"isPartOf\":{\"@id\":\"https:\/\/newsestlyonnais.fr\/site\/2017\/02\/10\/chassieu-cest-parti-pour-lopen-de-tennis\/\"},\"author\":{\"name\":\"R\u00e9dac. NEWS\",\"@id\":\"https:\/\/newsestlyonnais.fr\/site\/#\/schema\/person\/3230d5615f390bb808365d673001e887\"},\"headline\":\"CHASSIEU | C&rsquo;est parti pour l&rsquo;Open de Tennis\",\"datePublished\":\"2017-02-10T18:09:42+00:00\",\"dateModified\":\"2020-11-05T11:32:35+00:00\",\"mainEntityOfPage\":{\"@id\":\"https:\/\/newsestlyonnais.fr\/site\/2017\/02\/10\/chassieu-cest-parti-pour-lopen-de-tennis\/\"},\"wordCount\":163,\"commentCount\":0,\"publisher\":{\"@id\":\"https:\/\/newsestlyonnais.fr\/site\/#organization\"},\"image\":{\"@id\":\"https:\/\/newsestlyonnais.fr\/site\/2017\/02\/10\/chassieu-cest-parti-pour-lopen-de-tennis\/#primaryimage\"},\"thumbnailUrl\":\"https:\/\/newsestlyonnais.fr\/site\/wp-content\/uploads\/2017\/02\/NEWSESTLYONNAIS-logo_chassieu_tennis.jpg\",\"articleSection\":[\"Chassieu | Communes diverses\",\"Tennis | Padel\",\"Tennis | Tennis de table\"],\"inLanguage\":\"fr-FR\",\"potentialAction\":[{\"@type\":\"CommentAction\",\"name\":\"Comment\",\"target\":[\"https:\/\/newsestlyonnais.fr\/site\/2017\/02\/10\/chassieu-cest-parti-pour-lopen-de-tennis\/#respond\"]}]},{\"@type\":\"WebPage\",\"@id\":\"https:\/\/newsestlyonnais.fr\/site\/2017\/02\/10\/chassieu-cest-parti-pour-lopen-de-tennis\/\",\"url\":\"https:\/\/newsestlyonnais.fr\/site\/2017\/02\/10\/chassieu-cest-parti-pour-lopen-de-tennis\/\",\"name\":\"CHASSIEU : C'est parti pour l'Open de Tennis !\",\"isPartOf\":{\"@id\":\"https:\/\/newsestlyonnais.fr\/site\/#website\"},\"primaryImageOfPage\":{\"@id\":\"https:\/\/newsestlyonnais.fr\/site\/2017\/02\/10\/chassieu-cest-parti-pour-lopen-de-tennis\/#primaryimage\"},\"image\":{\"@id\":\"https:\/\/newsestlyonnais.fr\/site\/2017\/02\/10\/chassieu-cest-parti-pour-lopen-de-tennis\/#primaryimage\"},\"thumbnailUrl\":\"https:\/\/newsestlyonnais.fr\/site\/wp-content\/uploads\/2017\/02\/NEWSESTLYONNAIS-logo_chassieu_tennis.jpg\",\"datePublished\":\"2017-02-10T18:09:42+00:00\",\"dateModified\":\"2020-11-05T11:32:35+00:00\",\"description\":\"CHASSIEU : C'est parti pour l'Open de Tennis !\",\"breadcrumb\":{\"@id\":\"https:\/\/newsestlyonnais.fr\/site\/2017\/02\/10\/chassieu-cest-parti-pour-lopen-de-tennis\/#breadcrumb\"},\"inLanguage\":\"fr-FR\",\"potentialAction\":[{\"@type\":\"ReadAction\",\"target\":[\"https:\/\/newsestlyonnais.fr\/site\/2017\/02\/10\/chassieu-cest-parti-pour-lopen-de-tennis\/\"]}]},{\"@type\":\"ImageObject\",\"inLanguage\":\"fr-FR\",\"@id\":\"https:\/\/newsestlyonnais.fr\/site\/2017\/02\/10\/chassieu-cest-parti-pour-lopen-de-tennis\/#primaryimage\",\"url\":\"https:\/\/newsestlyonnais.fr\/site\/wp-content\/uploads\/2017\/02\/NEWSESTLYONNAIS-logo_chassieu_tennis.jpg\",\"contentUrl\":\"https:\/\/newsestlyonnais.fr\/site\/wp-content\/uploads\/2017\/02\/NEWSESTLYONNAIS-logo_chassieu_tennis.jpg\",\"width\":1000,\"height\":750,\"caption\":\"NEWSESTLYONNAIS-logo_chassieu_tennis\"},{\"@type\":\"BreadcrumbList\",\"@id\":\"https:\/\/newsestlyonnais.fr\/site\/2017\/02\/10\/chassieu-cest-parti-pour-lopen-de-tennis\/#breadcrumb\",\"itemListElement\":[{\"@type\":\"ListItem\",\"position\":1,\"name\":\"Accueil\",\"item\":\"https:\/\/newsestlyonnais.fr\/site\/\"},{\"@type\":\"ListItem\",\"position\":2,\"name\":\"CHASSIEU | C&rsquo;est parti pour l&rsquo;Open de Tennis\"}]},{\"@type\":\"WebSite\",\"@id\":\"https:\/\/newsestlyonnais.fr\/site\/#website\",\"url\":\"https:\/\/newsestlyonnais.fr\/site\/\",\"name\":\"News Est Lyonnais\",\"description\":\"L&#039;actualit\u00e9 au plus pr\u00e8s\",\"publisher\":{\"@id\":\"https:\/\/newsestlyonnais.fr\/site\/#organization\"},\"potentialAction\":[{\"@type\":\"SearchAction\",\"target\":{\"@type\":\"EntryPoint\",\"urlTemplate\":\"https:\/\/newsestlyonnais.fr\/site\/?s={search_term_string}\"},\"query-input\":{\"@type\":\"PropertyValueSpecification\",\"valueRequired\":true,\"valueName\":\"search_term_string\"}}],\"inLanguage\":\"fr-FR\"},{\"@type\":\"Organization\",\"@id\":\"https:\/\/newsestlyonnais.fr\/site\/#organization\",\"name\":\"News EST LYONNAIS\",\"url\":\"https:\/\/newsestlyonnais.fr\/site\/\",\"logo\":{\"@type\":\"ImageObject\",\"inLanguage\":\"fr-FR\",\"@id\":\"https:\/\/newsestlyonnais.fr\/site\/#\/schema\/logo\/image\/\",\"url\":\"\",\"contentUrl\":\"\",\"caption\":\"News EST LYONNAIS\"},\"image\":{\"@id\":\"https:\/\/newsestlyonnais.fr\/site\/#\/schema\/logo\/image\/\"}},{\"@type\":\"Person\",\"@id\":\"https:\/\/newsestlyonnais.fr\/site\/#\/schema\/person\/3230d5615f390bb808365d673001e887\",\"name\":\"R\u00e9dac. NEWS\",\"sameAs\":[\"http:\/\/www.newsestlyonnais.fr\",\"https:\/\/www.facebook.com\/pascal.oberson.1?fref=ts\",\"https:\/\/fr.linkedin.com\/in\/pascal-oberson-b17045113\"],\"url\":\"https:\/\/newsestlyonnais.fr\/site\/author\/nel\/\"}]}<\/script>\n<!-- \/ Yoast SEO plugin. -->","yoast_head_json":{"title":"CHASSIEU : C'est parti pour l'Open de Tennis !","description":"CHASSIEU : C'est parti pour l'Open de Tennis !","robots":{"index":"index","follow":"follow","max-snippet":"max-snippet:-1","max-image-preview":"max-image-preview:large","max-video-preview":"max-video-preview:-1"},"canonical":"https:\/\/newsestlyonnais.fr\/site\/2017\/02\/10\/chassieu-cest-parti-pour-lopen-de-tennis\/","og_locale":"fr_FR","og_type":"article","og_title":"CHASSIEU : C'est parti pour l'Open de Tennis !","og_description":"CHASSIEU : C'est parti pour l'Open de Tennis !","og_url":"https:\/\/newsestlyonnais.fr\/site\/2017\/02\/10\/chassieu-cest-parti-pour-lopen-de-tennis\/","og_site_name":"News Est Lyonnais","article_author":"https:\/\/www.facebook.com\/pascal.oberson.1?fref=ts","article_published_time":"2017-02-10T18:09:42+00:00","article_modified_time":"2020-11-05T11:32:35+00:00","og_image":[{"width":1000,"height":750,"url":"https:\/\/i0.wp.com\/newsestlyonnais.fr\/site\/wp-content\/uploads\/2017\/02\/NEWSESTLYONNAIS-logo_chassieu_tennis.jpg?fit=1000%2C750&ssl=1","type":"image\/jpeg"}],"author":"R\u00e9dac. NEWS","twitter_card":"summary_large_image","twitter_misc":{"\u00c9crit par":"R\u00e9dac. NEWS","Dur\u00e9e de lecture estim\u00e9e":"1 minute"},"schema":{"@context":"https:\/\/schema.org","@graph":[{"@type":"Article","@id":"https:\/\/newsestlyonnais.fr\/site\/2017\/02\/10\/chassieu-cest-parti-pour-lopen-de-tennis\/#article","isPartOf":{"@id":"https:\/\/newsestlyonnais.fr\/site\/2017\/02\/10\/chassieu-cest-parti-pour-lopen-de-tennis\/"},"author":{"name":"R\u00e9dac. NEWS","@id":"https:\/\/newsestlyonnais.fr\/site\/#\/schema\/person\/3230d5615f390bb808365d673001e887"},"headline":"CHASSIEU | C&rsquo;est parti pour l&rsquo;Open de Tennis","datePublished":"2017-02-10T18:09:42+00:00","dateModified":"2020-11-05T11:32:35+00:00","mainEntityOfPage":{"@id":"https:\/\/newsestlyonnais.fr\/site\/2017\/02\/10\/chassieu-cest-parti-pour-lopen-de-tennis\/"},"wordCount":163,"commentCount":0,"publisher":{"@id":"https:\/\/newsestlyonnais.fr\/site\/#organization"},"image":{"@id":"https:\/\/newsestlyonnais.fr\/site\/2017\/02\/10\/chassieu-cest-parti-pour-lopen-de-tennis\/#primaryimage"},"thumbnailUrl":"https:\/\/newsestlyonnais.fr\/site\/wp-content\/uploads\/2017\/02\/NEWSESTLYONNAIS-logo_chassieu_tennis.jpg","articleSection":["Chassieu | Communes diverses","Tennis | Padel","Tennis | Tennis de table"],"inLanguage":"fr-FR","potentialAction":[{"@type":"CommentAction","name":"Comment","target":["https:\/\/newsestlyonnais.fr\/site\/2017\/02\/10\/chassieu-cest-parti-pour-lopen-de-tennis\/#respond"]}]},{"@type":"WebPage","@id":"https:\/\/newsestlyonnais.fr\/site\/2017\/02\/10\/chassieu-cest-parti-pour-lopen-de-tennis\/","url":"https:\/\/newsestlyonnais.fr\/site\/2017\/02\/10\/chassieu-cest-parti-pour-lopen-de-tennis\/","name":"CHASSIEU : C'est parti pour l'Open de Tennis !","isPartOf":{"@id":"https:\/\/newsestlyonnais.fr\/site\/#website"},"primaryImageOfPage":{"@id":"https:\/\/newsestlyonnais.fr\/site\/2017\/02\/10\/chassieu-cest-parti-pour-lopen-de-tennis\/#primaryimage"},"image":{"@id":"https:\/\/newsestlyonnais.fr\/site\/2017\/02\/10\/chassieu-cest-parti-pour-lopen-de-tennis\/#primaryimage"},"thumbnailUrl":"https:\/\/newsestlyonnais.fr\/site\/wp-content\/uploads\/2017\/02\/NEWSESTLYONNAIS-logo_chassieu_tennis.jpg","datePublished":"2017-02-10T18:09:42+00:00","dateModified":"2020-11-05T11:32:35+00:00","description":"CHASSIEU : C'est parti pour l'Open de Tennis !","breadcrumb":{"@id":"https:\/\/newsestlyonnais.fr\/site\/2017\/02\/10\/chassieu-cest-parti-pour-lopen-de-tennis\/#breadcrumb"},"inLanguage":"fr-FR","potentialAction":[{"@type":"ReadAction","target":["https:\/\/newsestlyonnais.fr\/site\/2017\/02\/10\/chassieu-cest-parti-pour-lopen-de-tennis\/"]}]},{"@type":"ImageObject","inLanguage":"fr-FR","@id":"https:\/\/newsestlyonnais.fr\/site\/2017\/02\/10\/chassieu-cest-parti-pour-lopen-de-tennis\/#primaryimage","url":"https:\/\/newsestlyonnais.fr\/site\/wp-content\/uploads\/2017\/02\/NEWSESTLYONNAIS-logo_chassieu_tennis.jpg","contentUrl":"https:\/\/newsestlyonnais.fr\/site\/wp-content\/uploads\/2017\/02\/NEWSESTLYONNAIS-logo_chassieu_tennis.jpg","width":1000,"height":750,"caption":"NEWSESTLYONNAIS-logo_chassieu_tennis"},{"@type":"BreadcrumbList","@id":"https:\/\/newsestlyonnais.fr\/site\/2017\/02\/10\/chassieu-cest-parti-pour-lopen-de-tennis\/#breadcrumb","itemListElement":[{"@type":"ListItem","position":1,"name":"Accueil","item":"https:\/\/newsestlyonnais.fr\/site\/"},{"@type":"ListItem","position":2,"name":"CHASSIEU | C&rsquo;est parti pour l&rsquo;Open de Tennis"}]},{"@type":"WebSite","@id":"https:\/\/newsestlyonnais.fr\/site\/#website","url":"https:\/\/newsestlyonnais.fr\/site\/","name":"News Est Lyonnais","description":"L&#039;actualit\u00e9 au plus pr\u00e8s","publisher":{"@id":"https:\/\/newsestlyonnais.fr\/site\/#organization"},"potentialAction":[{"@type":"SearchAction","target":{"@type":"EntryPoint","urlTemplate":"https:\/\/newsestlyonnais.fr\/site\/?s={search_term_string}"},"query-input":{"@type":"PropertyValueSpecification","valueRequired":true,"valueName":"search_term_string"}}],"inLanguage":"fr-FR"},{"@type":"Organization","@id":"https:\/\/newsestlyonnais.fr\/site\/#organization","name":"News EST LYONNAIS","url":"https:\/\/newsestlyonnais.fr\/site\/","logo":{"@type":"ImageObject","inLanguage":"fr-FR","@id":"https:\/\/newsestlyonnais.fr\/site\/#\/schema\/logo\/image\/","url":"","contentUrl":"","caption":"News EST LYONNAIS"},"image":{"@id":"https:\/\/newsestlyonnais.fr\/site\/#\/schema\/logo\/image\/"}},{"@type":"Person","@id":"https:\/\/newsestlyonnais.fr\/site\/#\/schema\/person\/3230d5615f390bb808365d673001e887","name":"R\u00e9dac. NEWS","sameAs":["http:\/\/www.newsestlyonnais.fr","https:\/\/www.facebook.com\/pascal.oberson.1?fref=ts","https:\/\/fr.linkedin.com\/in\/pascal-oberson-b17045113"],"url":"https:\/\/newsestlyonnais.fr\/site\/author\/nel\/"}]}},"_links":{"self":[{"href":"https:\/\/newsestlyonnais.fr\/site\/wp-json\/wp\/v2\/posts\/20699","targetHints":{"allow":["GET"]}}],"collection":[{"href":"https:\/\/newsestlyonnais.fr\/site\/wp-json\/wp\/v2\/posts"}],"about":[{"href":"https:\/\/newsestlyonnais.fr\/site\/wp-json\/wp\/v2\/types\/post"}],"author":[{"embeddable":true,"href":"https:\/\/newsestlyonnais.fr\/site\/wp-json\/wp\/v2\/users\/4"}],"replies":[{"embeddable":true,"href":"https:\/\/newsestlyonnais.fr\/site\/wp-json\/wp\/v2\/comments?post=20699"}],"version-history":[{"count":0,"href":"https:\/\/newsestlyonnais.fr\/site\/wp-json\/wp\/v2\/posts\/20699\/revisions"}],"wp:featuredmedia":[{"embeddable":true,"href":"https:\/\/newsestlyonnais.fr\/site\/wp-json\/wp\/v2\/media\/20705"}],"wp:attachment":[{"href":"https:\/\/newsestlyonnais.fr\/site\/wp-json\/wp\/v2\/media?parent=20699"}],"wp:term":[{"taxonomy":"category","embeddable":true,"href":"https:\/\/newsestlyonnais.fr\/site\/wp-json\/wp\/v2\/categories?post=20699"},{"taxonomy":"post_tag","embeddable":true,"href":"https:\/\/newsestlyonnais.fr\/site\/wp-json\/wp\/v2\/tags?post=20699"}],"curies":[{"name":"wp","href":"https:\/\/api.w.org\/{rel}","templated":true}]}}