{"id":20757,"date":"2017-02-11T18:31:26","date_gmt":"2017-02-11T17:31:26","guid":{"rendered":"http:\/\/newsestlyonnais.fr\/site\/?p=20757"},"modified":"2020-11-19T09:12:15","modified_gmt":"2020-11-19T08:12:15","slug":"lyon-8-lagenda-manifestations-17-19-fevrier","status":"publish","type":"post","link":"https:\/\/newsestlyonnais.fr\/site\/2017\/02\/11\/lyon-8-lagenda-manifestations-17-19-fevrier\/","title":{"rendered":"LYON 8 | Agenda des manifestations du 17 au 19 f\u00e9vrier"},"content":{"rendered":"<h4>Plusieurs manifestations et \u00e9v\u00e9nements sont pr\u00e9vus sur le 8\u00b0 arrondissement pour la semaine \u00e0 venir:<\/h4>\n<ul>\n<li>\u00a0<span style=\"text-decoration: underline\"><em><strong>Vendredi 17 f\u00e9vrier<\/strong><\/em><\/span>: <strong>de 12 h \u00e0 18 h<\/strong>: <span style=\"text-decoration: underline\">F\u00eate de l\u2019association Vivre Ensemble<\/span><strong> (<\/strong><em>Espace 101, 101 boulevard des \u00c9tats-Unis). de\u00a0 <\/em><strong>18 \u00e0 20 h:<\/strong><span style=\"text-decoration: underline\"> Le Positif Caf\u00e9<\/span><strong>.<\/strong>\u00ab Vivre aujourd\u2019hui : logement, revenu, travail, salaire, solidarit\u00e9&#8230; \u00bb avec Fatiha Belmessous, historienne, lectures musicales par Florence Meier, com\u00e9dienne, et Jean-Luc Peilhon, musicien. (<em>Centre Social Langlet-Santy , 96, avenue Paul Santy). de <\/em><strong>18 h 30 \u00e0 22 h:\u00a0 <\/strong><span style=\"text-decoration: underline\">R\u00e9ception de M.-F. Deharo dans l\u2019Ordre national du m\u00e9rite<\/span><strong>. <\/strong>Remise de l\u2019insigne de Chevalier de l\u2019Ordre national du m\u00e9rite \u00e0 Marie-Fran\u00e7oise Deharo, par Louis L\u00e9v\u00eaque, en pr\u00e9sence de Christian Coulon et Jean-Louis Touraine. (<em>NTH8, 22 rue du Commandant P\u00e9gout).<\/em><\/li>\n<li><span style=\"text-decoration: underline\"><strong>Samedi 18 f\u00e9vrier<\/strong><\/span>: <strong>8 h 30 \u00e0 16 h:<\/strong><span style=\"text-decoration: underline\"> Concours UFOLEP<\/span><strong> .<\/strong>UFOLEP, 1<sup>\u00e8re<\/sup> f\u00e9d\u00e9ration sportive multisports de France. (<em>ALBEU, 3 rue Rochambeau). de <\/em><strong>12 h \u00e0 15 h: <\/strong><span style=\"text-decoration: underline\">Repas Loisirs et Solidarit\u00e9s des retrait\u00e9s 7\u00b0\/8\u00b0<\/span><strong>\u00a0<\/strong> (<em>Espace 101, <\/em><em>101 boulevard des \u00c9tats-Unis)<\/em><\/li>\n<li><strong>Dimanche 19 f\u00e9vrier<\/strong>: <strong>10 h \u00e0 19 h:<\/strong><span style=\"text-decoration: underline\"> Loto des Amiti\u00e9s Corses. (<\/span><em>Espace 101, <\/em><em>101 bd des \u00c9tats-Unis). \u00e0 <\/em><strong>14 h 45: <\/strong><span style=\"text-decoration: underline\">Grand Concert du 8\u00b0:<\/span> <em>Venez assister au Grand Concert du 8\u00b0 avec la participation des chorales et des \u00e9coles de musiques de l\u2019arrondissement. (<\/em>Maison de la Danse).<\/li>\n<\/ul>\n<p>Retrouvez l&rsquo;ACTU du 8\u00b0 arrondissement sur: <a href=\"http:\/\/www.mairie8.lyon.fr\/page\/accueil_8.html\" target=\"_blank\" rel=\"noopener noreferrer\">http:\/\/www.mairie8.lyon.fr\/page\/accueil_8.html<\/a><\/p>\n","protected":false},"excerpt":{"rendered":"<p>Plusieurs manifestations et \u00e9v\u00e9nements sont pr\u00e9vus sur le 8\u00b0 arrondissement pour la semaine \u00e0 venir: \u00a0Vendredi 17 f\u00e9vrier: de 12 h \u00e0 18 h: F\u00eate de l\u2019association Vivre Ensemble (Espace 101, 101 boulevard des \u00c9tats-Unis). de\u00a0 18 \u00e0 20 h: Le Positif Caf\u00e9.\u00ab Vivre aujourd\u2019hui : logement, revenu, travail, salaire, solidarit\u00e9&#8230; \u00bb avec Fatiha Belmessous, [&hellip;]<\/p>\n","protected":false},"author":4,"featured_media":19917,"comment_status":"open","ping_status":"open","sticky":false,"template":"","format":"standard","meta":{"footnotes":""},"categories":[1625],"tags":[],"class_list":["post-20757","post","type-post","status-publish","format-standard","has-post-thumbnail","hentry","category-lyon"],"yoast_head":"<!-- This site is optimized with the Yoast SEO plugin v27.2 - https:\/\/yoast.com\/product\/yoast-seo-wordpress\/ -->\n<title>LYON 8\u00b0 : L&#039;agenda des manifestations du 17 au 19 f\u00e9vrier<\/title>\n<meta name=\"description\" content=\"LYON 8\u00b0 : L&#039;agenda des manifestations du 17 au 19 f\u00e9vrier\" \/>\n<meta name=\"robots\" content=\"index, follow, max-snippet:-1, max-image-preview:large, max-video-preview:-1\" \/>\n<link rel=\"canonical\" href=\"https:\/\/newsestlyonnais.fr\/site\/2017\/02\/11\/lyon-8-lagenda-manifestations-17-19-fevrier\/\" \/>\n<meta property=\"og:locale\" content=\"fr_FR\" \/>\n<meta property=\"og:type\" content=\"article\" \/>\n<meta property=\"og:title\" content=\"LYON 8\u00b0 : L&#039;agenda des manifestations du 17 au 19 f\u00e9vrier\" \/>\n<meta property=\"og:description\" content=\"LYON 8\u00b0 : L&#039;agenda des manifestations du 17 au 19 f\u00e9vrier\" \/>\n<meta property=\"og:url\" content=\"https:\/\/newsestlyonnais.fr\/site\/2017\/02\/11\/lyon-8-lagenda-manifestations-17-19-fevrier\/\" \/>\n<meta property=\"og:site_name\" content=\"News Est Lyonnais\" \/>\n<meta property=\"article:author\" content=\"https:\/\/www.facebook.com\/pascal.oberson.1?fref=ts\" \/>\n<meta property=\"article:published_time\" content=\"2017-02-11T17:31:26+00:00\" \/>\n<meta property=\"article:modified_time\" content=\"2020-11-19T08:12:15+00:00\" \/>\n<meta property=\"og:image\" content=\"https:\/\/i2.wp.com\/newsestlyonnais.fr\/site\/wp-content\/uploads\/2017\/01\/NEWSESTLYONNAIS-LOGO-LYON-8\u00b0.png?fit=1000%2C750&ssl=1\" \/>\n\t<meta property=\"og:image:width\" content=\"1000\" \/>\n\t<meta property=\"og:image:height\" content=\"750\" \/>\n\t<meta property=\"og:image:type\" content=\"image\/png\" \/>\n<meta name=\"author\" content=\"R\u00e9dac. NEWS\" \/>\n<meta name=\"twitter:card\" content=\"summary_large_image\" \/>\n<meta name=\"twitter:label1\" content=\"\u00c9crit par\" \/>\n\t<meta name=\"twitter:data1\" content=\"R\u00e9dac. NEWS\" \/>\n\t<meta name=\"twitter:label2\" content=\"Dur\u00e9e de lecture estim\u00e9e\" \/>\n\t<meta name=\"twitter:data2\" content=\"1 minute\" \/>\n<script type=\"application\/ld+json\" class=\"yoast-schema-graph\">{\"@context\":\"https:\/\/schema.org\",\"@graph\":[{\"@type\":\"Article\",\"@id\":\"https:\/\/newsestlyonnais.fr\/site\/2017\/02\/11\/lyon-8-lagenda-manifestations-17-19-fevrier\/#article\",\"isPartOf\":{\"@id\":\"https:\/\/newsestlyonnais.fr\/site\/2017\/02\/11\/lyon-8-lagenda-manifestations-17-19-fevrier\/\"},\"author\":{\"name\":\"R\u00e9dac. NEWS\",\"@id\":\"https:\/\/newsestlyonnais.fr\/site\/#\/schema\/person\/3230d5615f390bb808365d673001e887\"},\"headline\":\"LYON 8 | Agenda des manifestations du 17 au 19 f\u00e9vrier\",\"datePublished\":\"2017-02-11T17:31:26+00:00\",\"dateModified\":\"2020-11-19T08:12:15+00:00\",\"mainEntityOfPage\":{\"@id\":\"https:\/\/newsestlyonnais.fr\/site\/2017\/02\/11\/lyon-8-lagenda-manifestations-17-19-fevrier\/\"},\"wordCount\":215,\"commentCount\":0,\"publisher\":{\"@id\":\"https:\/\/newsestlyonnais.fr\/site\/#organization\"},\"image\":{\"@id\":\"https:\/\/newsestlyonnais.fr\/site\/2017\/02\/11\/lyon-8-lagenda-manifestations-17-19-fevrier\/#primaryimage\"},\"thumbnailUrl\":\"https:\/\/newsestlyonnais.fr\/site\/wp-content\/uploads\/2017\/01\/NEWSESTLYONNAIS-LOGO-LYON-8\u00b0.png\",\"articleSection\":[\"Lyon\"],\"inLanguage\":\"fr-FR\",\"potentialAction\":[{\"@type\":\"CommentAction\",\"name\":\"Comment\",\"target\":[\"https:\/\/newsestlyonnais.fr\/site\/2017\/02\/11\/lyon-8-lagenda-manifestations-17-19-fevrier\/#respond\"]}]},{\"@type\":\"WebPage\",\"@id\":\"https:\/\/newsestlyonnais.fr\/site\/2017\/02\/11\/lyon-8-lagenda-manifestations-17-19-fevrier\/\",\"url\":\"https:\/\/newsestlyonnais.fr\/site\/2017\/02\/11\/lyon-8-lagenda-manifestations-17-19-fevrier\/\",\"name\":\"LYON 8\u00b0 : L'agenda des manifestations du 17 au 19 f\u00e9vrier\",\"isPartOf\":{\"@id\":\"https:\/\/newsestlyonnais.fr\/site\/#website\"},\"primaryImageOfPage\":{\"@id\":\"https:\/\/newsestlyonnais.fr\/site\/2017\/02\/11\/lyon-8-lagenda-manifestations-17-19-fevrier\/#primaryimage\"},\"image\":{\"@id\":\"https:\/\/newsestlyonnais.fr\/site\/2017\/02\/11\/lyon-8-lagenda-manifestations-17-19-fevrier\/#primaryimage\"},\"thumbnailUrl\":\"https:\/\/newsestlyonnais.fr\/site\/wp-content\/uploads\/2017\/01\/NEWSESTLYONNAIS-LOGO-LYON-8\u00b0.png\",\"datePublished\":\"2017-02-11T17:31:26+00:00\",\"dateModified\":\"2020-11-19T08:12:15+00:00\",\"description\":\"LYON 8\u00b0 : L'agenda des manifestations du 17 au 19 f\u00e9vrier\",\"breadcrumb\":{\"@id\":\"https:\/\/newsestlyonnais.fr\/site\/2017\/02\/11\/lyon-8-lagenda-manifestations-17-19-fevrier\/#breadcrumb\"},\"inLanguage\":\"fr-FR\",\"potentialAction\":[{\"@type\":\"ReadAction\",\"target\":[\"https:\/\/newsestlyonnais.fr\/site\/2017\/02\/11\/lyon-8-lagenda-manifestations-17-19-fevrier\/\"]}]},{\"@type\":\"ImageObject\",\"inLanguage\":\"fr-FR\",\"@id\":\"https:\/\/newsestlyonnais.fr\/site\/2017\/02\/11\/lyon-8-lagenda-manifestations-17-19-fevrier\/#primaryimage\",\"url\":\"https:\/\/newsestlyonnais.fr\/site\/wp-content\/uploads\/2017\/01\/NEWSESTLYONNAIS-LOGO-LYON-8\u00b0.png\",\"contentUrl\":\"https:\/\/newsestlyonnais.fr\/site\/wp-content\/uploads\/2017\/01\/NEWSESTLYONNAIS-LOGO-LYON-8\u00b0.png\",\"width\":1000,\"height\":750,\"caption\":\"NEWSESTLYONNAIS - LOGO LYON 8\u00b0\"},{\"@type\":\"BreadcrumbList\",\"@id\":\"https:\/\/newsestlyonnais.fr\/site\/2017\/02\/11\/lyon-8-lagenda-manifestations-17-19-fevrier\/#breadcrumb\",\"itemListElement\":[{\"@type\":\"ListItem\",\"position\":1,\"name\":\"Accueil\",\"item\":\"https:\/\/newsestlyonnais.fr\/site\/\"},{\"@type\":\"ListItem\",\"position\":2,\"name\":\"LYON 8 | Agenda des manifestations du 17 au 19 f\u00e9vrier\"}]},{\"@type\":\"WebSite\",\"@id\":\"https:\/\/newsestlyonnais.fr\/site\/#website\",\"url\":\"https:\/\/newsestlyonnais.fr\/site\/\",\"name\":\"News Est Lyonnais\",\"description\":\"L&#039;actualit\u00e9 au plus pr\u00e8s\",\"publisher\":{\"@id\":\"https:\/\/newsestlyonnais.fr\/site\/#organization\"},\"potentialAction\":[{\"@type\":\"SearchAction\",\"target\":{\"@type\":\"EntryPoint\",\"urlTemplate\":\"https:\/\/newsestlyonnais.fr\/site\/?s={search_term_string}\"},\"query-input\":{\"@type\":\"PropertyValueSpecification\",\"valueRequired\":true,\"valueName\":\"search_term_string\"}}],\"inLanguage\":\"fr-FR\"},{\"@type\":\"Organization\",\"@id\":\"https:\/\/newsestlyonnais.fr\/site\/#organization\",\"name\":\"News EST LYONNAIS\",\"url\":\"https:\/\/newsestlyonnais.fr\/site\/\",\"logo\":{\"@type\":\"ImageObject\",\"inLanguage\":\"fr-FR\",\"@id\":\"https:\/\/newsestlyonnais.fr\/site\/#\/schema\/logo\/image\/\",\"url\":\"\",\"contentUrl\":\"\",\"caption\":\"News EST LYONNAIS\"},\"image\":{\"@id\":\"https:\/\/newsestlyonnais.fr\/site\/#\/schema\/logo\/image\/\"}},{\"@type\":\"Person\",\"@id\":\"https:\/\/newsestlyonnais.fr\/site\/#\/schema\/person\/3230d5615f390bb808365d673001e887\",\"name\":\"R\u00e9dac. NEWS\",\"sameAs\":[\"http:\/\/www.newsestlyonnais.fr\",\"https:\/\/www.facebook.com\/pascal.oberson.1?fref=ts\",\"https:\/\/fr.linkedin.com\/in\/pascal-oberson-b17045113\"],\"url\":\"https:\/\/newsestlyonnais.fr\/site\/author\/nel\/\"}]}<\/script>\n<!-- \/ Yoast SEO plugin. -->","yoast_head_json":{"title":"LYON 8\u00b0 : L'agenda des manifestations du 17 au 19 f\u00e9vrier","description":"LYON 8\u00b0 : L'agenda des manifestations du 17 au 19 f\u00e9vrier","robots":{"index":"index","follow":"follow","max-snippet":"max-snippet:-1","max-image-preview":"max-image-preview:large","max-video-preview":"max-video-preview:-1"},"canonical":"https:\/\/newsestlyonnais.fr\/site\/2017\/02\/11\/lyon-8-lagenda-manifestations-17-19-fevrier\/","og_locale":"fr_FR","og_type":"article","og_title":"LYON 8\u00b0 : L'agenda des manifestations du 17 au 19 f\u00e9vrier","og_description":"LYON 8\u00b0 : L'agenda des manifestations du 17 au 19 f\u00e9vrier","og_url":"https:\/\/newsestlyonnais.fr\/site\/2017\/02\/11\/lyon-8-lagenda-manifestations-17-19-fevrier\/","og_site_name":"News Est Lyonnais","article_author":"https:\/\/www.facebook.com\/pascal.oberson.1?fref=ts","article_published_time":"2017-02-11T17:31:26+00:00","article_modified_time":"2020-11-19T08:12:15+00:00","og_image":[{"width":1000,"height":750,"url":"https:\/\/i2.wp.com\/newsestlyonnais.fr\/site\/wp-content\/uploads\/2017\/01\/NEWSESTLYONNAIS-LOGO-LYON-8\u00b0.png?fit=1000%2C750&ssl=1","type":"image\/png"}],"author":"R\u00e9dac. NEWS","twitter_card":"summary_large_image","twitter_misc":{"\u00c9crit par":"R\u00e9dac. NEWS","Dur\u00e9e de lecture estim\u00e9e":"1 minute"},"schema":{"@context":"https:\/\/schema.org","@graph":[{"@type":"Article","@id":"https:\/\/newsestlyonnais.fr\/site\/2017\/02\/11\/lyon-8-lagenda-manifestations-17-19-fevrier\/#article","isPartOf":{"@id":"https:\/\/newsestlyonnais.fr\/site\/2017\/02\/11\/lyon-8-lagenda-manifestations-17-19-fevrier\/"},"author":{"name":"R\u00e9dac. NEWS","@id":"https:\/\/newsestlyonnais.fr\/site\/#\/schema\/person\/3230d5615f390bb808365d673001e887"},"headline":"LYON 8 | Agenda des manifestations du 17 au 19 f\u00e9vrier","datePublished":"2017-02-11T17:31:26+00:00","dateModified":"2020-11-19T08:12:15+00:00","mainEntityOfPage":{"@id":"https:\/\/newsestlyonnais.fr\/site\/2017\/02\/11\/lyon-8-lagenda-manifestations-17-19-fevrier\/"},"wordCount":215,"commentCount":0,"publisher":{"@id":"https:\/\/newsestlyonnais.fr\/site\/#organization"},"image":{"@id":"https:\/\/newsestlyonnais.fr\/site\/2017\/02\/11\/lyon-8-lagenda-manifestations-17-19-fevrier\/#primaryimage"},"thumbnailUrl":"https:\/\/newsestlyonnais.fr\/site\/wp-content\/uploads\/2017\/01\/NEWSESTLYONNAIS-LOGO-LYON-8\u00b0.png","articleSection":["Lyon"],"inLanguage":"fr-FR","potentialAction":[{"@type":"CommentAction","name":"Comment","target":["https:\/\/newsestlyonnais.fr\/site\/2017\/02\/11\/lyon-8-lagenda-manifestations-17-19-fevrier\/#respond"]}]},{"@type":"WebPage","@id":"https:\/\/newsestlyonnais.fr\/site\/2017\/02\/11\/lyon-8-lagenda-manifestations-17-19-fevrier\/","url":"https:\/\/newsestlyonnais.fr\/site\/2017\/02\/11\/lyon-8-lagenda-manifestations-17-19-fevrier\/","name":"LYON 8\u00b0 : L'agenda des manifestations du 17 au 19 f\u00e9vrier","isPartOf":{"@id":"https:\/\/newsestlyonnais.fr\/site\/#website"},"primaryImageOfPage":{"@id":"https:\/\/newsestlyonnais.fr\/site\/2017\/02\/11\/lyon-8-lagenda-manifestations-17-19-fevrier\/#primaryimage"},"image":{"@id":"https:\/\/newsestlyonnais.fr\/site\/2017\/02\/11\/lyon-8-lagenda-manifestations-17-19-fevrier\/#primaryimage"},"thumbnailUrl":"https:\/\/newsestlyonnais.fr\/site\/wp-content\/uploads\/2017\/01\/NEWSESTLYONNAIS-LOGO-LYON-8\u00b0.png","datePublished":"2017-02-11T17:31:26+00:00","dateModified":"2020-11-19T08:12:15+00:00","description":"LYON 8\u00b0 : L'agenda des manifestations du 17 au 19 f\u00e9vrier","breadcrumb":{"@id":"https:\/\/newsestlyonnais.fr\/site\/2017\/02\/11\/lyon-8-lagenda-manifestations-17-19-fevrier\/#breadcrumb"},"inLanguage":"fr-FR","potentialAction":[{"@type":"ReadAction","target":["https:\/\/newsestlyonnais.fr\/site\/2017\/02\/11\/lyon-8-lagenda-manifestations-17-19-fevrier\/"]}]},{"@type":"ImageObject","inLanguage":"fr-FR","@id":"https:\/\/newsestlyonnais.fr\/site\/2017\/02\/11\/lyon-8-lagenda-manifestations-17-19-fevrier\/#primaryimage","url":"https:\/\/newsestlyonnais.fr\/site\/wp-content\/uploads\/2017\/01\/NEWSESTLYONNAIS-LOGO-LYON-8\u00b0.png","contentUrl":"https:\/\/newsestlyonnais.fr\/site\/wp-content\/uploads\/2017\/01\/NEWSESTLYONNAIS-LOGO-LYON-8\u00b0.png","width":1000,"height":750,"caption":"NEWSESTLYONNAIS - LOGO LYON 8\u00b0"},{"@type":"BreadcrumbList","@id":"https:\/\/newsestlyonnais.fr\/site\/2017\/02\/11\/lyon-8-lagenda-manifestations-17-19-fevrier\/#breadcrumb","itemListElement":[{"@type":"ListItem","position":1,"name":"Accueil","item":"https:\/\/newsestlyonnais.fr\/site\/"},{"@type":"ListItem","position":2,"name":"LYON 8 | Agenda des manifestations du 17 au 19 f\u00e9vrier"}]},{"@type":"WebSite","@id":"https:\/\/newsestlyonnais.fr\/site\/#website","url":"https:\/\/newsestlyonnais.fr\/site\/","name":"News Est Lyonnais","description":"L&#039;actualit\u00e9 au plus pr\u00e8s","publisher":{"@id":"https:\/\/newsestlyonnais.fr\/site\/#organization"},"potentialAction":[{"@type":"SearchAction","target":{"@type":"EntryPoint","urlTemplate":"https:\/\/newsestlyonnais.fr\/site\/?s={search_term_string}"},"query-input":{"@type":"PropertyValueSpecification","valueRequired":true,"valueName":"search_term_string"}}],"inLanguage":"fr-FR"},{"@type":"Organization","@id":"https:\/\/newsestlyonnais.fr\/site\/#organization","name":"News EST LYONNAIS","url":"https:\/\/newsestlyonnais.fr\/site\/","logo":{"@type":"ImageObject","inLanguage":"fr-FR","@id":"https:\/\/newsestlyonnais.fr\/site\/#\/schema\/logo\/image\/","url":"","contentUrl":"","caption":"News EST LYONNAIS"},"image":{"@id":"https:\/\/newsestlyonnais.fr\/site\/#\/schema\/logo\/image\/"}},{"@type":"Person","@id":"https:\/\/newsestlyonnais.fr\/site\/#\/schema\/person\/3230d5615f390bb808365d673001e887","name":"R\u00e9dac. NEWS","sameAs":["http:\/\/www.newsestlyonnais.fr","https:\/\/www.facebook.com\/pascal.oberson.1?fref=ts","https:\/\/fr.linkedin.com\/in\/pascal-oberson-b17045113"],"url":"https:\/\/newsestlyonnais.fr\/site\/author\/nel\/"}]}},"_links":{"self":[{"href":"https:\/\/newsestlyonnais.fr\/site\/wp-json\/wp\/v2\/posts\/20757","targetHints":{"allow":["GET"]}}],"collection":[{"href":"https:\/\/newsestlyonnais.fr\/site\/wp-json\/wp\/v2\/posts"}],"about":[{"href":"https:\/\/newsestlyonnais.fr\/site\/wp-json\/wp\/v2\/types\/post"}],"author":[{"embeddable":true,"href":"https:\/\/newsestlyonnais.fr\/site\/wp-json\/wp\/v2\/users\/4"}],"replies":[{"embeddable":true,"href":"https:\/\/newsestlyonnais.fr\/site\/wp-json\/wp\/v2\/comments?post=20757"}],"version-history":[{"count":0,"href":"https:\/\/newsestlyonnais.fr\/site\/wp-json\/wp\/v2\/posts\/20757\/revisions"}],"wp:featuredmedia":[{"embeddable":true,"href":"https:\/\/newsestlyonnais.fr\/site\/wp-json\/wp\/v2\/media\/19917"}],"wp:attachment":[{"href":"https:\/\/newsestlyonnais.fr\/site\/wp-json\/wp\/v2\/media?parent=20757"}],"wp:term":[{"taxonomy":"category","embeddable":true,"href":"https:\/\/newsestlyonnais.fr\/site\/wp-json\/wp\/v2\/categories?post=20757"},{"taxonomy":"post_tag","embeddable":true,"href":"https:\/\/newsestlyonnais.fr\/site\/wp-json\/wp\/v2\/tags?post=20757"}],"curies":[{"name":"wp","href":"https:\/\/api.w.org\/{rel}","templated":true}]}}