{"id":21003,"date":"2017-02-16T15:10:29","date_gmt":"2017-02-16T14:10:29","guid":{"rendered":"http:\/\/newsestlyonnais.fr\/site\/?p=21003"},"modified":"2020-10-27T15:21:12","modified_gmt":"2020-10-27T14:21:12","slug":"lyon-8-handisport-lyonnais-resultats-du-week-end-de-2-sections","status":"publish","type":"post","link":"https:\/\/newsestlyonnais.fr\/site\/2017\/02\/16\/lyon-8-handisport-lyonnais-resultats-du-week-end-de-2-sections\/","title":{"rendered":"LYON 8 | Handisport Lyonnais > r\u00e9sultats du week-end de 2 sections"},"content":{"rendered":"<h4 class=\"ox-951fe4d14c-MsoNormal\">Deux sections du club \u00e9voluaient en comp\u00e9tition ce dernier week-end : Basket Fauteuil et Ski Alpin, voici un compte rendu de leurs prestations:<\/h4>\n<ul>\n<li class=\"ox-951fe4d14c-MsoNormal\"><span style=\"text-decoration: underline;\"><strong>Basket Fauteuil : D\u00e9placement en Alsace les 11 et 12 f\u00e9vrier 2017<\/strong>:<\/span><\/li>\n<\/ul>\n<p class=\"ox-951fe4d14c-MsoNormal\">Samedi l&rsquo;\u00e9quipe du <b>BHL<\/b> affrontait l&rsquo;\u00e9quipe de <b>Strasbourg 2<\/b>. Match qui a bien d\u00e9but\u00e9 pour les Lyonnais avec une d\u00e9fense solide qui repoussait les tentatives adverses. Malheureusement les remont\u00e9es de balles n&rsquo;ont pas pu offrir de tirs faciles pour l&rsquo;\u00e9quipe Lyonnaise. Apr\u00e8s quelques efforts au court de la seconde mi-temps le BHL a sur rattraper le retard et coller un peu au score. L&rsquo;\u00e9quipe alsacienne a de suite r\u00e9agi en faisant rentrer de nouveau des joueurs de son \u00e9quipe premi\u00e8re leur permettant de prendre le large. Un bon match dans l&rsquo;ensemble des Lyonnais avec une d\u00e9fense agressive, de beaux progr\u00e8s de matchs en matchs. <strong>Score final : Strasbourg bat BHL 66-38: <\/strong>Top scoreur lyonnais: Abdel : 17 pts, Max 8, Ludo 5, Oumy 4, Sagio 2, Salim 2.<\/p>\n<p class=\"ox-951fe4d14c-MsoNormal\">Second match le dimanche d&rsquo;un week-end alsacien qui opposait cette fois le <b>BHL<\/b> \u00e0 l&rsquo;\u00e9quipe d&rsquo;<b>Illkirch<\/b>. D\u00e8s le d\u00e9but du match, les Lyonnais ont mis de l&rsquo;intensit\u00e9 en d\u00e9fense et en attaque, ce qui leur a permis de vite mener au score. Score des quarts (2-14\/4-14\/4-24\/6-14). Un tr\u00e8s bon match avec un engagement tr\u00e8s important c\u00f4t\u00e9 Lyonnais, qui a permis de produire du tr\u00e8s beau jeu pour cl\u00f4turer ce long week-end.<\/p>\n<p class=\"ox-951fe4d14c-MsoNormal\"><strong>Score final : 16-66 pour le BHL.<\/strong> Top Scoreur : Ludo: 18 pts, Max 14, Oumy 12, Abdel 10, Serge 8.<\/p>\n<hr \/>\n<p class=\"ox-951fe4d14c-MsoNormal\">\u00a0&#8211;\u00a0 <span style=\"text-decoration: underline;\"><strong>R\u00e9sultats coupe de France Ski Alpin \u00e0 Combloux<\/strong><\/span>:<\/p>\n<p class=\"ox-951fe4d14c-MsoNormal\">Les conditions m\u00e9t\u00e9o et d&rsquo;enneigement \u00e9taient excellentes tout comme, cette ann\u00e9e encore, l&rsquo;accueil, l&rsquo;organisation des courses et la g\u00e9n\u00e9rosit\u00e9 des b\u00e9n\u00e9voles sur place qui ont propos\u00e9, apr\u00e8s la comp\u00e9tition, un buffet \u00ab\u00a0royal\u00a0\u00bb avec notamment une tartiflette g\u00e9ante !<\/p>\n<p class=\"ox-951fe4d14c-MsoNormal\">Ont particip\u00e9 \u00e0 cette 2\u00b0 coupe de France de la saison, Juliette Raymond et Jordan Broisin, dans la cat\u00e9gorie \u00ab\u00a0debout\u00a0\u00bb, Benoit Fayolle et Herv\u00e9 Gauthier, accompagn\u00e9s de leur sherpa Mathieu Vieugue, dans la cat\u00e9gorie \u00ab\u00a0assis\u00a0\u00bb et Julien Arcis, accompagn\u00e9 de son guide Emeric Garin, dans la cat\u00e9gorie \u00ab\u00a0d\u00e9ficient visuel\u00a0\u00bb.<\/p>\n<p class=\"ox-951fe4d14c-MsoNormal\">&#8211; Dans la cat\u00e9gorie \u00ab\u00a0debout\u00a0\u00bb, <b>Juliette <\/b>obtient deux bons r\u00e9sultats en terminant 2\u00b0 <b>du slalom g\u00e9ant et 3\u00b0 du slalom sp\u00e9cial.<\/b><\/p>\n<p class=\"ox-951fe4d14c-MsoNormal\">&#8211; Dans la cat\u00e9gorie \u00ab\u00a0debout\u00a0\u00bb, <b>Jordan<\/b> finit 3\u00b0 <b>du slalom g\u00e9ant<\/b> et pour des raisons mat\u00e9rielles, n&rsquo;a pu particip\u00e9 malheureusement au slalom sp\u00e9cial.<\/p>\n<p class=\"ox-951fe4d14c-MsoNormal\">&#8211; Dans la cat\u00e9gorie \u00ab\u00a0d\u00e9ficient visuel\u00a0\u00bb, <b>Julien et son guide Emeric<\/b> prennent la 3\u00b0 place du<b> slalom g\u00e9ant et la deuxi\u00e8me place du slalom sp\u00e9cial.<\/b><\/p>\n<p class=\"ox-951fe4d14c-MsoNormal\">Benoit et Herv\u00e9 n&rsquo;obtiennent pas de podium mais continuent leur progression et leur apprentissage notamment pour Herv\u00e9 qui participait seulement \u00e0 sa deuxi\u00e8me comp\u00e9tition.<\/p>\n<p class=\"ox-951fe4d14c-MsoNormal\">\u00c0 signaler que Juliette Raymond, qui a int\u00e9gr\u00e9 le groupe \u00ab\u00a0jeune\u00a0\u00bb de l&rsquo;\u00e9quipe de France la saison derni\u00e8re et Jordan Broisin, membre de l&rsquo;\u00e9quipe de France, participent actuellement \u00e0 la coupe d&rsquo;Europe de Kransjka (Slov\u00e9nie).<\/p>\n<p class=\"ox-951fe4d14c-MsoNormal\">La prochaine coupe de France aura lieu le 24 f\u00e9vrier prochain \u00e0 Saint-Fran\u00e7ois Longchamp o\u00f9 se d\u00e9rouleront 2 slaloms sp\u00e9ciaux.<\/p>\n<hr \/>\n<ul>\n<li class=\"ox-951fe4d14c-MsoNormal\">\n<h4>Retrouvez toute l&rsquo;ACTU du club sur: <a href=\"http:\/\/www.handisportlyonnais.com\" target=\"_blank\" rel=\"noopener noreferrer\">http:\/\/www.handisportlyonnais.com<\/a><\/h4>\n<\/li>\n<\/ul>\n","protected":false},"excerpt":{"rendered":"<p>Deux sections du club \u00e9voluaient en comp\u00e9tition ce dernier week-end : Basket Fauteuil et Ski Alpin, voici un compte rendu de leurs prestations: Basket Fauteuil : D\u00e9placement en Alsace les 11 et 12 f\u00e9vrier 2017: Samedi l&rsquo;\u00e9quipe du BHL affrontait l&rsquo;\u00e9quipe de Strasbourg 2. Match qui a bien d\u00e9but\u00e9 pour les Lyonnais avec une d\u00e9fense [&hellip;]<\/p>\n","protected":false},"author":4,"featured_media":15700,"comment_status":"open","ping_status":"open","sticky":false,"template":"","format":"standard","meta":{"footnotes":""},"categories":[574,1357,2975,166,3015,1625],"tags":[],"class_list":["post-21003","post","type-post","status-publish","format-standard","has-post-thumbnail","hentry","category-autres-sports","category-basket","category-basket-hand-volley-sports","category-divers-sports","category-handi-adapte","category-lyon"],"yoast_head":"<!-- This site is optimized with the Yoast SEO plugin v27.2 - https:\/\/yoast.com\/product\/yoast-seo-wordpress\/ -->\n<title>LYON 8 | Handisport Lyonnais &gt; r\u00e9sultats du week-end de 2 sections<\/title>\n<meta name=\"description\" content=\"LYON 8 | Handisport Lyonnais &gt; r\u00e9sultats du week-end de 2 sections\" \/>\n<meta name=\"robots\" content=\"index, follow, max-snippet:-1, max-image-preview:large, max-video-preview:-1\" \/>\n<link rel=\"canonical\" href=\"https:\/\/newsestlyonnais.fr\/site\/2017\/02\/16\/lyon-8-handisport-lyonnais-resultats-du-week-end-de-2-sections\/\" \/>\n<meta property=\"og:locale\" content=\"fr_FR\" \/>\n<meta property=\"og:type\" content=\"article\" \/>\n<meta property=\"og:title\" content=\"LYON 8 | Handisport Lyonnais &gt; r\u00e9sultats du week-end de 2 sections\" \/>\n<meta property=\"og:description\" content=\"LYON 8 | Handisport Lyonnais &gt; r\u00e9sultats du week-end de 2 sections\" \/>\n<meta property=\"og:url\" content=\"https:\/\/newsestlyonnais.fr\/site\/2017\/02\/16\/lyon-8-handisport-lyonnais-resultats-du-week-end-de-2-sections\/\" \/>\n<meta property=\"og:site_name\" content=\"News Est Lyonnais\" \/>\n<meta property=\"article:author\" content=\"https:\/\/www.facebook.com\/pascal.oberson.1?fref=ts\" \/>\n<meta property=\"article:published_time\" content=\"2017-02-16T14:10:29+00:00\" \/>\n<meta property=\"article:modified_time\" content=\"2020-10-27T14:21:12+00:00\" \/>\n<meta property=\"og:image\" content=\"https:\/\/i2.wp.com\/newsestlyonnais.fr\/site\/wp-content\/uploads\/2016\/11\/NEWSESTLYONNAIS-Logo_Handisport_Lyonnais_203x150.jpg?fit=1000%2C750&ssl=1\" \/>\n\t<meta property=\"og:image:width\" content=\"1000\" \/>\n\t<meta property=\"og:image:height\" content=\"750\" \/>\n\t<meta property=\"og:image:type\" content=\"image\/jpeg\" \/>\n<meta name=\"author\" content=\"R\u00e9dac. NEWS\" \/>\n<meta name=\"twitter:card\" content=\"summary_large_image\" \/>\n<meta name=\"twitter:label1\" content=\"\u00c9crit par\" \/>\n\t<meta name=\"twitter:data1\" content=\"R\u00e9dac. NEWS\" \/>\n\t<meta name=\"twitter:label2\" content=\"Dur\u00e9e de lecture estim\u00e9e\" \/>\n\t<meta name=\"twitter:data2\" content=\"3 minutes\" \/>\n<script type=\"application\/ld+json\" class=\"yoast-schema-graph\">{\"@context\":\"https:\/\/schema.org\",\"@graph\":[{\"@type\":\"Article\",\"@id\":\"https:\/\/newsestlyonnais.fr\/site\/2017\/02\/16\/lyon-8-handisport-lyonnais-resultats-du-week-end-de-2-sections\/#article\",\"isPartOf\":{\"@id\":\"https:\/\/newsestlyonnais.fr\/site\/2017\/02\/16\/lyon-8-handisport-lyonnais-resultats-du-week-end-de-2-sections\/\"},\"author\":{\"name\":\"R\u00e9dac. NEWS\",\"@id\":\"https:\/\/newsestlyonnais.fr\/site\/#\/schema\/person\/3230d5615f390bb808365d673001e887\"},\"headline\":\"LYON 8 | Handisport Lyonnais > r\u00e9sultats du week-end de 2 sections\",\"datePublished\":\"2017-02-16T14:10:29+00:00\",\"dateModified\":\"2020-10-27T14:21:12+00:00\",\"mainEntityOfPage\":{\"@id\":\"https:\/\/newsestlyonnais.fr\/site\/2017\/02\/16\/lyon-8-handisport-lyonnais-resultats-du-week-end-de-2-sections\/\"},\"wordCount\":561,\"commentCount\":0,\"publisher\":{\"@id\":\"https:\/\/newsestlyonnais.fr\/site\/#organization\"},\"image\":{\"@id\":\"https:\/\/newsestlyonnais.fr\/site\/2017\/02\/16\/lyon-8-handisport-lyonnais-resultats-du-week-end-de-2-sections\/#primaryimage\"},\"thumbnailUrl\":\"https:\/\/newsestlyonnais.fr\/site\/wp-content\/uploads\/2016\/11\/NEWSESTLYONNAIS-Logo_Handisport_Lyonnais_203x150.jpg\",\"articleSection\":[\"Autres sports\",\"Basket\",\"Basket | Hand | Volley\",\"Divers Sports\",\"Handi &amp; adapt\u00e9\",\"Lyon\"],\"inLanguage\":\"fr-FR\",\"potentialAction\":[{\"@type\":\"CommentAction\",\"name\":\"Comment\",\"target\":[\"https:\/\/newsestlyonnais.fr\/site\/2017\/02\/16\/lyon-8-handisport-lyonnais-resultats-du-week-end-de-2-sections\/#respond\"]}]},{\"@type\":\"WebPage\",\"@id\":\"https:\/\/newsestlyonnais.fr\/site\/2017\/02\/16\/lyon-8-handisport-lyonnais-resultats-du-week-end-de-2-sections\/\",\"url\":\"https:\/\/newsestlyonnais.fr\/site\/2017\/02\/16\/lyon-8-handisport-lyonnais-resultats-du-week-end-de-2-sections\/\",\"name\":\"LYON 8 | Handisport Lyonnais > r\u00e9sultats du week-end de 2 sections\",\"isPartOf\":{\"@id\":\"https:\/\/newsestlyonnais.fr\/site\/#website\"},\"primaryImageOfPage\":{\"@id\":\"https:\/\/newsestlyonnais.fr\/site\/2017\/02\/16\/lyon-8-handisport-lyonnais-resultats-du-week-end-de-2-sections\/#primaryimage\"},\"image\":{\"@id\":\"https:\/\/newsestlyonnais.fr\/site\/2017\/02\/16\/lyon-8-handisport-lyonnais-resultats-du-week-end-de-2-sections\/#primaryimage\"},\"thumbnailUrl\":\"https:\/\/newsestlyonnais.fr\/site\/wp-content\/uploads\/2016\/11\/NEWSESTLYONNAIS-Logo_Handisport_Lyonnais_203x150.jpg\",\"datePublished\":\"2017-02-16T14:10:29+00:00\",\"dateModified\":\"2020-10-27T14:21:12+00:00\",\"description\":\"LYON 8 | Handisport Lyonnais > r\u00e9sultats du week-end de 2 sections\",\"breadcrumb\":{\"@id\":\"https:\/\/newsestlyonnais.fr\/site\/2017\/02\/16\/lyon-8-handisport-lyonnais-resultats-du-week-end-de-2-sections\/#breadcrumb\"},\"inLanguage\":\"fr-FR\",\"potentialAction\":[{\"@type\":\"ReadAction\",\"target\":[\"https:\/\/newsestlyonnais.fr\/site\/2017\/02\/16\/lyon-8-handisport-lyonnais-resultats-du-week-end-de-2-sections\/\"]}]},{\"@type\":\"ImageObject\",\"inLanguage\":\"fr-FR\",\"@id\":\"https:\/\/newsestlyonnais.fr\/site\/2017\/02\/16\/lyon-8-handisport-lyonnais-resultats-du-week-end-de-2-sections\/#primaryimage\",\"url\":\"https:\/\/newsestlyonnais.fr\/site\/wp-content\/uploads\/2016\/11\/NEWSESTLYONNAIS-Logo_Handisport_Lyonnais_203x150.jpg\",\"contentUrl\":\"https:\/\/newsestlyonnais.fr\/site\/wp-content\/uploads\/2016\/11\/NEWSESTLYONNAIS-Logo_Handisport_Lyonnais_203x150.jpg\",\"width\":1000,\"height\":750,\"caption\":\"newsestlyonnais-logo_handisport_lyonnais_203x150\"},{\"@type\":\"BreadcrumbList\",\"@id\":\"https:\/\/newsestlyonnais.fr\/site\/2017\/02\/16\/lyon-8-handisport-lyonnais-resultats-du-week-end-de-2-sections\/#breadcrumb\",\"itemListElement\":[{\"@type\":\"ListItem\",\"position\":1,\"name\":\"Accueil\",\"item\":\"https:\/\/newsestlyonnais.fr\/site\/\"},{\"@type\":\"ListItem\",\"position\":2,\"name\":\"LYON 8 | Handisport Lyonnais > r\u00e9sultats du week-end de 2 sections\"}]},{\"@type\":\"WebSite\",\"@id\":\"https:\/\/newsestlyonnais.fr\/site\/#website\",\"url\":\"https:\/\/newsestlyonnais.fr\/site\/\",\"name\":\"News Est Lyonnais\",\"description\":\"L&#039;actualit\u00e9 au plus pr\u00e8s\",\"publisher\":{\"@id\":\"https:\/\/newsestlyonnais.fr\/site\/#organization\"},\"potentialAction\":[{\"@type\":\"SearchAction\",\"target\":{\"@type\":\"EntryPoint\",\"urlTemplate\":\"https:\/\/newsestlyonnais.fr\/site\/?s={search_term_string}\"},\"query-input\":{\"@type\":\"PropertyValueSpecification\",\"valueRequired\":true,\"valueName\":\"search_term_string\"}}],\"inLanguage\":\"fr-FR\"},{\"@type\":\"Organization\",\"@id\":\"https:\/\/newsestlyonnais.fr\/site\/#organization\",\"name\":\"News EST LYONNAIS\",\"url\":\"https:\/\/newsestlyonnais.fr\/site\/\",\"logo\":{\"@type\":\"ImageObject\",\"inLanguage\":\"fr-FR\",\"@id\":\"https:\/\/newsestlyonnais.fr\/site\/#\/schema\/logo\/image\/\",\"url\":\"\",\"contentUrl\":\"\",\"caption\":\"News EST LYONNAIS\"},\"image\":{\"@id\":\"https:\/\/newsestlyonnais.fr\/site\/#\/schema\/logo\/image\/\"}},{\"@type\":\"Person\",\"@id\":\"https:\/\/newsestlyonnais.fr\/site\/#\/schema\/person\/3230d5615f390bb808365d673001e887\",\"name\":\"R\u00e9dac. NEWS\",\"sameAs\":[\"http:\/\/www.newsestlyonnais.fr\",\"https:\/\/www.facebook.com\/pascal.oberson.1?fref=ts\",\"https:\/\/fr.linkedin.com\/in\/pascal-oberson-b17045113\"],\"url\":\"https:\/\/newsestlyonnais.fr\/site\/author\/nel\/\"}]}<\/script>\n<!-- \/ Yoast SEO plugin. -->","yoast_head_json":{"title":"LYON 8 | Handisport Lyonnais > r\u00e9sultats du week-end de 2 sections","description":"LYON 8 | Handisport Lyonnais > r\u00e9sultats du week-end de 2 sections","robots":{"index":"index","follow":"follow","max-snippet":"max-snippet:-1","max-image-preview":"max-image-preview:large","max-video-preview":"max-video-preview:-1"},"canonical":"https:\/\/newsestlyonnais.fr\/site\/2017\/02\/16\/lyon-8-handisport-lyonnais-resultats-du-week-end-de-2-sections\/","og_locale":"fr_FR","og_type":"article","og_title":"LYON 8 | Handisport Lyonnais > r\u00e9sultats du week-end de 2 sections","og_description":"LYON 8 | Handisport Lyonnais > r\u00e9sultats du week-end de 2 sections","og_url":"https:\/\/newsestlyonnais.fr\/site\/2017\/02\/16\/lyon-8-handisport-lyonnais-resultats-du-week-end-de-2-sections\/","og_site_name":"News Est Lyonnais","article_author":"https:\/\/www.facebook.com\/pascal.oberson.1?fref=ts","article_published_time":"2017-02-16T14:10:29+00:00","article_modified_time":"2020-10-27T14:21:12+00:00","og_image":[{"width":1000,"height":750,"url":"https:\/\/i2.wp.com\/newsestlyonnais.fr\/site\/wp-content\/uploads\/2016\/11\/NEWSESTLYONNAIS-Logo_Handisport_Lyonnais_203x150.jpg?fit=1000%2C750&ssl=1","type":"image\/jpeg"}],"author":"R\u00e9dac. NEWS","twitter_card":"summary_large_image","twitter_misc":{"\u00c9crit par":"R\u00e9dac. NEWS","Dur\u00e9e de lecture estim\u00e9e":"3 minutes"},"schema":{"@context":"https:\/\/schema.org","@graph":[{"@type":"Article","@id":"https:\/\/newsestlyonnais.fr\/site\/2017\/02\/16\/lyon-8-handisport-lyonnais-resultats-du-week-end-de-2-sections\/#article","isPartOf":{"@id":"https:\/\/newsestlyonnais.fr\/site\/2017\/02\/16\/lyon-8-handisport-lyonnais-resultats-du-week-end-de-2-sections\/"},"author":{"name":"R\u00e9dac. NEWS","@id":"https:\/\/newsestlyonnais.fr\/site\/#\/schema\/person\/3230d5615f390bb808365d673001e887"},"headline":"LYON 8 | Handisport Lyonnais > r\u00e9sultats du week-end de 2 sections","datePublished":"2017-02-16T14:10:29+00:00","dateModified":"2020-10-27T14:21:12+00:00","mainEntityOfPage":{"@id":"https:\/\/newsestlyonnais.fr\/site\/2017\/02\/16\/lyon-8-handisport-lyonnais-resultats-du-week-end-de-2-sections\/"},"wordCount":561,"commentCount":0,"publisher":{"@id":"https:\/\/newsestlyonnais.fr\/site\/#organization"},"image":{"@id":"https:\/\/newsestlyonnais.fr\/site\/2017\/02\/16\/lyon-8-handisport-lyonnais-resultats-du-week-end-de-2-sections\/#primaryimage"},"thumbnailUrl":"https:\/\/newsestlyonnais.fr\/site\/wp-content\/uploads\/2016\/11\/NEWSESTLYONNAIS-Logo_Handisport_Lyonnais_203x150.jpg","articleSection":["Autres sports","Basket","Basket | Hand | Volley","Divers Sports","Handi &amp; adapt\u00e9","Lyon"],"inLanguage":"fr-FR","potentialAction":[{"@type":"CommentAction","name":"Comment","target":["https:\/\/newsestlyonnais.fr\/site\/2017\/02\/16\/lyon-8-handisport-lyonnais-resultats-du-week-end-de-2-sections\/#respond"]}]},{"@type":"WebPage","@id":"https:\/\/newsestlyonnais.fr\/site\/2017\/02\/16\/lyon-8-handisport-lyonnais-resultats-du-week-end-de-2-sections\/","url":"https:\/\/newsestlyonnais.fr\/site\/2017\/02\/16\/lyon-8-handisport-lyonnais-resultats-du-week-end-de-2-sections\/","name":"LYON 8 | Handisport Lyonnais > r\u00e9sultats du week-end de 2 sections","isPartOf":{"@id":"https:\/\/newsestlyonnais.fr\/site\/#website"},"primaryImageOfPage":{"@id":"https:\/\/newsestlyonnais.fr\/site\/2017\/02\/16\/lyon-8-handisport-lyonnais-resultats-du-week-end-de-2-sections\/#primaryimage"},"image":{"@id":"https:\/\/newsestlyonnais.fr\/site\/2017\/02\/16\/lyon-8-handisport-lyonnais-resultats-du-week-end-de-2-sections\/#primaryimage"},"thumbnailUrl":"https:\/\/newsestlyonnais.fr\/site\/wp-content\/uploads\/2016\/11\/NEWSESTLYONNAIS-Logo_Handisport_Lyonnais_203x150.jpg","datePublished":"2017-02-16T14:10:29+00:00","dateModified":"2020-10-27T14:21:12+00:00","description":"LYON 8 | Handisport Lyonnais > r\u00e9sultats du week-end de 2 sections","breadcrumb":{"@id":"https:\/\/newsestlyonnais.fr\/site\/2017\/02\/16\/lyon-8-handisport-lyonnais-resultats-du-week-end-de-2-sections\/#breadcrumb"},"inLanguage":"fr-FR","potentialAction":[{"@type":"ReadAction","target":["https:\/\/newsestlyonnais.fr\/site\/2017\/02\/16\/lyon-8-handisport-lyonnais-resultats-du-week-end-de-2-sections\/"]}]},{"@type":"ImageObject","inLanguage":"fr-FR","@id":"https:\/\/newsestlyonnais.fr\/site\/2017\/02\/16\/lyon-8-handisport-lyonnais-resultats-du-week-end-de-2-sections\/#primaryimage","url":"https:\/\/newsestlyonnais.fr\/site\/wp-content\/uploads\/2016\/11\/NEWSESTLYONNAIS-Logo_Handisport_Lyonnais_203x150.jpg","contentUrl":"https:\/\/newsestlyonnais.fr\/site\/wp-content\/uploads\/2016\/11\/NEWSESTLYONNAIS-Logo_Handisport_Lyonnais_203x150.jpg","width":1000,"height":750,"caption":"newsestlyonnais-logo_handisport_lyonnais_203x150"},{"@type":"BreadcrumbList","@id":"https:\/\/newsestlyonnais.fr\/site\/2017\/02\/16\/lyon-8-handisport-lyonnais-resultats-du-week-end-de-2-sections\/#breadcrumb","itemListElement":[{"@type":"ListItem","position":1,"name":"Accueil","item":"https:\/\/newsestlyonnais.fr\/site\/"},{"@type":"ListItem","position":2,"name":"LYON 8 | Handisport Lyonnais > r\u00e9sultats du week-end de 2 sections"}]},{"@type":"WebSite","@id":"https:\/\/newsestlyonnais.fr\/site\/#website","url":"https:\/\/newsestlyonnais.fr\/site\/","name":"News Est Lyonnais","description":"L&#039;actualit\u00e9 au plus pr\u00e8s","publisher":{"@id":"https:\/\/newsestlyonnais.fr\/site\/#organization"},"potentialAction":[{"@type":"SearchAction","target":{"@type":"EntryPoint","urlTemplate":"https:\/\/newsestlyonnais.fr\/site\/?s={search_term_string}"},"query-input":{"@type":"PropertyValueSpecification","valueRequired":true,"valueName":"search_term_string"}}],"inLanguage":"fr-FR"},{"@type":"Organization","@id":"https:\/\/newsestlyonnais.fr\/site\/#organization","name":"News EST LYONNAIS","url":"https:\/\/newsestlyonnais.fr\/site\/","logo":{"@type":"ImageObject","inLanguage":"fr-FR","@id":"https:\/\/newsestlyonnais.fr\/site\/#\/schema\/logo\/image\/","url":"","contentUrl":"","caption":"News EST LYONNAIS"},"image":{"@id":"https:\/\/newsestlyonnais.fr\/site\/#\/schema\/logo\/image\/"}},{"@type":"Person","@id":"https:\/\/newsestlyonnais.fr\/site\/#\/schema\/person\/3230d5615f390bb808365d673001e887","name":"R\u00e9dac. NEWS","sameAs":["http:\/\/www.newsestlyonnais.fr","https:\/\/www.facebook.com\/pascal.oberson.1?fref=ts","https:\/\/fr.linkedin.com\/in\/pascal-oberson-b17045113"],"url":"https:\/\/newsestlyonnais.fr\/site\/author\/nel\/"}]}},"_links":{"self":[{"href":"https:\/\/newsestlyonnais.fr\/site\/wp-json\/wp\/v2\/posts\/21003","targetHints":{"allow":["GET"]}}],"collection":[{"href":"https:\/\/newsestlyonnais.fr\/site\/wp-json\/wp\/v2\/posts"}],"about":[{"href":"https:\/\/newsestlyonnais.fr\/site\/wp-json\/wp\/v2\/types\/post"}],"author":[{"embeddable":true,"href":"https:\/\/newsestlyonnais.fr\/site\/wp-json\/wp\/v2\/users\/4"}],"replies":[{"embeddable":true,"href":"https:\/\/newsestlyonnais.fr\/site\/wp-json\/wp\/v2\/comments?post=21003"}],"version-history":[{"count":0,"href":"https:\/\/newsestlyonnais.fr\/site\/wp-json\/wp\/v2\/posts\/21003\/revisions"}],"wp:featuredmedia":[{"embeddable":true,"href":"https:\/\/newsestlyonnais.fr\/site\/wp-json\/wp\/v2\/media\/15700"}],"wp:attachment":[{"href":"https:\/\/newsestlyonnais.fr\/site\/wp-json\/wp\/v2\/media?parent=21003"}],"wp:term":[{"taxonomy":"category","embeddable":true,"href":"https:\/\/newsestlyonnais.fr\/site\/wp-json\/wp\/v2\/categories?post=21003"},{"taxonomy":"post_tag","embeddable":true,"href":"https:\/\/newsestlyonnais.fr\/site\/wp-json\/wp\/v2\/tags?post=21003"}],"curies":[{"name":"wp","href":"https:\/\/api.w.org\/{rel}","templated":true}]}}