{"id":210485,"date":"2024-07-07T18:05:55","date_gmt":"2024-07-07T17:05:55","guid":{"rendered":"https:\/\/newsestlyonnais.fr\/site\/?p=210485"},"modified":"2024-09-19T13:46:51","modified_gmt":"2024-09-19T12:46:51","slug":"saint-priest-les-vainqueurs-de-ledition-2024-de-lopen-de-tennis-de-lasptt-grand-lyon-sont-connus","status":"publish","type":"post","link":"https:\/\/newsestlyonnais.fr\/site\/2024\/07\/07\/saint-priest-les-vainqueurs-de-ledition-2024-de-lopen-de-tennis-de-lasptt-grand-lyon-sont-connus\/","title":{"rendered":"SAINT-PRIEST | Les vainqueurs de l&rsquo;\u00e9dition 2024 de l\u2019open de tennis de l\u2019ASPTT Grand Lyon sont connus"},"content":{"rendered":"<p>Au palmar\u00e8s de \u00ab\u00a0cette \u00e9dition qui aura \u00e9t\u00e9 un bon cru avec un nombre record d&rsquo;inscriptions battu (242)\u00a0\u00bb selon la pr\u00e9sidente du club, El\u00e9na Martin : <strong>Le club voisin de Chassieu Tennis a r\u00e9ussi un doubl\u00e9 <\/strong>avec le succ\u00e8s en 2 sets et en 2 heures 10 d&rsquo;<strong>Anna Creuzet <\/strong>(3\/6), finaliste derni\u00e8rement \u00e0 Genas et du c\u00f4t\u00e9 masculin, nouvelle victoire, en 2 sets d&rsquo;<strong>Alexis Gerra <\/strong>(2\/6), une semaine apr\u00e8s l&rsquo;avoir emport\u00e9 \u00e0 Meyzieu.<\/p>\n<p style=\"text-align: center;\"><span style=\"background-color: #000000; color: #ffcc00; font-size: 18pt;\"><strong>Leurs impressions :<\/strong><\/span><\/p>\n<p><span style=\"background-color: #000000; color: #ffffff;\"><strong>El\u00e9na Martin (pr\u00e9sidente ASPTT Grand-Lyon Tennis) : <\/strong><\/span><\/p>\n<p>\u00a0\u00bb Cela a \u00e9t\u00e9 un bon cru et on a battu le record d&rsquo;inscriptions. Tout s&rsquo;est tr\u00e8s bien pass\u00e9 m\u00eame si c&rsquo;est toujours d\u00e9licat de trouver des b\u00e9n\u00e9voles. Heureusement on a pu compter sur une vingtaine d&rsquo;entre eux pendant ces 4 semaines, c&rsquo;est peu mais il y avait de la qualit\u00e9. Ce circuit est un beau concept, il y a une belle coordination entre les clubs et on est content du rajout du club de Bron.<\/p>\n<p>Rendez vous pour les masters en septembre (les 28 et 29) o\u00f9 on accueillera les 4 meilleurs de chaque s\u00e9rie, chez les dames et les messieurs, pour ce tableau final.\u00a0\u00bb<\/p>\n<p><span style=\"background-color: #000000; color: #ffffff;\"><strong>Vincent Mengin (juge-arbitre) :<\/strong><\/span><\/p>\n<p>\u00a0\u00bb Avec + de 20 % de participants, on a \u00e9t\u00e9 tr\u00e8s au dessus des autres ann\u00e9es, c&rsquo;\u00e9tait impr\u00e9visible. Il y a eu une super ambiance, on m\u00e9rite ce qu&rsquo;on s\u00e8me avec des joueurs sportifs et respectueux. Cette ann\u00e9e au niveau m\u00e9t\u00e9o, on a g\u00e9r\u00e9 \u00e0 3 heures pr\u00e8s, alors qu&rsquo;habituellement on est \u00e0 3 jours pr\u00e8s. On a pu proposer un tableau progressif et int\u00e9ressant. Dans l&rsquo;ensemble, on a fait jouer 3 matchs \u00e0 l&rsquo;ext\u00e9rieur du complexe (2 \u00e0 Saint-Priest et 1 \u00e0 Chassieu) car l&rsquo;entraide \u00e9tait l\u00e0. \u00a0\u00bb<\/p>\n<hr \/>\n<p style=\"text-align: center;\"><span style=\"background-color: #000000; color: #ffcc00; font-size: 18pt;\"><strong>Les r\u00e9sultats<\/strong> <\/span><\/p>\n<p style=\"text-align: left;\"><span style=\"font-size: 14pt; background-color: #000000; color: #3366ff;\"><strong data-wp-editing=\"1\"><img loading=\"lazy\" decoding=\"async\" class=\"alignleft wp-image-210776 size-medium\" src=\"https:\/\/newsestlyonnais.fr\/site\/wp-content\/uploads\/2024\/07\/P1500853-400x300.jpg\" alt=\"\" width=\"400\" height=\"300\" srcset=\"https:\/\/newsestlyonnais.fr\/site\/wp-content\/uploads\/2024\/07\/P1500853-400x300.jpg 400w, https:\/\/newsestlyonnais.fr\/site\/wp-content\/uploads\/2024\/07\/P1500853-650x488.jpg 650w, https:\/\/newsestlyonnais.fr\/site\/wp-content\/uploads\/2024\/07\/P1500853-250x188.jpg 250w, https:\/\/newsestlyonnais.fr\/site\/wp-content\/uploads\/2024\/07\/P1500853-768x576.jpg 768w, https:\/\/newsestlyonnais.fr\/site\/wp-content\/uploads\/2024\/07\/P1500853-150x113.jpg 150w, https:\/\/newsestlyonnais.fr\/site\/wp-content\/uploads\/2024\/07\/P1500853-50x38.jpg 50w, https:\/\/newsestlyonnais.fr\/site\/wp-content\/uploads\/2024\/07\/P1500853-100x75.jpg 100w, https:\/\/newsestlyonnais.fr\/site\/wp-content\/uploads\/2024\/07\/P1500853-200x150.jpg 200w, https:\/\/newsestlyonnais.fr\/site\/wp-content\/uploads\/2024\/07\/P1500853-300x225.jpg 300w, https:\/\/newsestlyonnais.fr\/site\/wp-content\/uploads\/2024\/07\/P1500853-350x263.jpg 350w, https:\/\/newsestlyonnais.fr\/site\/wp-content\/uploads\/2024\/07\/P1500853-450x338.jpg 450w, https:\/\/newsestlyonnais.fr\/site\/wp-content\/uploads\/2024\/07\/P1500853-500x375.jpg 500w, https:\/\/newsestlyonnais.fr\/site\/wp-content\/uploads\/2024\/07\/P1500853-550x413.jpg 550w, https:\/\/newsestlyonnais.fr\/site\/wp-content\/uploads\/2024\/07\/P1500853-800x600.jpg 800w, https:\/\/newsestlyonnais.fr\/site\/wp-content\/uploads\/2024\/07\/P1500853.jpg 1200w\" sizes=\"auto, (max-width: 400px) 100vw, 400px\" \/>Tableau f\u00e9minin <\/strong><\/span><\/p>\n<p><strong data-wp-editing=\"1\"><span style=\"background-color: #000000; color: #ffffff;\">Finale :<\/span><br \/>\n<\/strong><\/p>\n<ul>\n<li><strong>Anna Creuzet<\/strong> (Chassieu Tennis, 3\/6) bat L\u00e9onie Boos (TC Lagnieu, 3\/6) \u00a0 \u00a0\u00a0 <strong>7\/6, 7\/5.<\/strong><\/li>\n<\/ul>\n<p><strong><span style=\"background-color: #000000; color: #ffffff;\">Meilleurs parcours :<\/span><\/strong><\/p>\n<ul>\n<li><strong>Anissa Barre <\/strong>(Chassieu Tennis, 30\/1) &amp; <strong>Leane Monchamp<\/strong> (TC Jonage, 15\/5) : d\u00e9faite au 4\u00b0 tour.<\/li>\n<\/ul>\n<hr \/>\n<p style=\"text-align: left;\"><span style=\"font-size: 14pt; background-color: #000000; color: #3366ff;\"><strong><img loading=\"lazy\" decoding=\"async\" class=\"size-medium wp-image-210781 alignright\" src=\"https:\/\/newsestlyonnais.fr\/site\/wp-content\/uploads\/2024\/07\/P1500857-400x300.jpg\" alt=\"\" width=\"400\" height=\"300\" srcset=\"https:\/\/newsestlyonnais.fr\/site\/wp-content\/uploads\/2024\/07\/P1500857-400x300.jpg 400w, https:\/\/newsestlyonnais.fr\/site\/wp-content\/uploads\/2024\/07\/P1500857-650x488.jpg 650w, https:\/\/newsestlyonnais.fr\/site\/wp-content\/uploads\/2024\/07\/P1500857-250x188.jpg 250w, https:\/\/newsestlyonnais.fr\/site\/wp-content\/uploads\/2024\/07\/P1500857-768x576.jpg 768w, https:\/\/newsestlyonnais.fr\/site\/wp-content\/uploads\/2024\/07\/P1500857-150x113.jpg 150w, https:\/\/newsestlyonnais.fr\/site\/wp-content\/uploads\/2024\/07\/P1500857-50x38.jpg 50w, https:\/\/newsestlyonnais.fr\/site\/wp-content\/uploads\/2024\/07\/P1500857-100x75.jpg 100w, https:\/\/newsestlyonnais.fr\/site\/wp-content\/uploads\/2024\/07\/P1500857-200x150.jpg 200w, https:\/\/newsestlyonnais.fr\/site\/wp-content\/uploads\/2024\/07\/P1500857-300x225.jpg 300w, https:\/\/newsestlyonnais.fr\/site\/wp-content\/uploads\/2024\/07\/P1500857-350x263.jpg 350w, https:\/\/newsestlyonnais.fr\/site\/wp-content\/uploads\/2024\/07\/P1500857-450x338.jpg 450w, https:\/\/newsestlyonnais.fr\/site\/wp-content\/uploads\/2024\/07\/P1500857-500x375.jpg 500w, https:\/\/newsestlyonnais.fr\/site\/wp-content\/uploads\/2024\/07\/P1500857-550x413.jpg 550w, https:\/\/newsestlyonnais.fr\/site\/wp-content\/uploads\/2024\/07\/P1500857-800x600.jpg 800w, https:\/\/newsestlyonnais.fr\/site\/wp-content\/uploads\/2024\/07\/P1500857.jpg 1200w\" sizes=\"auto, (max-width: 400px) 100vw, 400px\" \/>Tableau masculin<\/strong><\/span><\/p>\n<p><span style=\"background-color: #000000; color: #ffffff;\"><strong>Demi-<\/strong><\/span><strong><span style=\"background-color: #000000; color: #ffffff;\">finales<\/span><br \/>\n<\/strong><\/p>\n<ul>\n<li><strong>Alexis Duval <\/strong>(TC D\u00e9cines, 4\/6) bat Victor Bonnet-Eymard (Annecy Tennis, 15\/2)\u00a0\u00a0\u00a0\u00a0\u00a0 <strong> 1\/6, 6\/1, 5\/1 puis abandon.<\/strong><\/li>\n<li><strong>Alexis Gerra <\/strong>(Chassieu Tennis, 2\/6) bat Marc Olivier Gabriel (TC Mions, 4\/6)\u00a0\u00a0\u00a0\u00a0\u00a0 <strong>6\/3, 6\/2<\/strong>.<\/li>\n<\/ul>\n<p><span style=\"background-color: #000000; color: #ffffff;\"><strong>Finale<\/strong><\/span><\/p>\n<ul>\n<li><strong>Alexis Gerra <\/strong>(Chassieu Tennis, 2\/6) bat Alexis Duval (TC D\u00e9cines, 4\/6)\u00a0\u00a0\u00a0<strong> 6\/3, 6\/4.<\/strong><\/li>\n<\/ul>\n<p><span style=\"background-color: #000000; color: #ffffff;\"><strong>Meilleurs parcours :<\/strong><\/span><\/p>\n<ul>\n<li><strong>Florian Fomperi<\/strong>e (ASPTT Gd Lyon Tennis, 15\/1) &amp; <strong>Alex Teillot<\/strong> (CT Vaulx-en-Velin, 30\/1) : d\u00e9faite au 4\u00b0 tour.<\/li>\n<\/ul>\n<hr \/>\n<p style=\"text-align: center;\">\u00a0<span style=\"font-size: 14pt;\"><strong><span style=\"background-color: #000000; color: #3366ff;\">Tournoi jeunes <\/span><\/strong><\/span><\/p>\n<p><strong><span style=\"background-color: #000000; color: #ffffff;\">13\/14 ans<\/span><\/strong> &gt; <strong>Adrian Villanueva<\/strong> (AT Tignieu-Jameyzieu, 15\/3) bat Thomas Vuillermet (TC La Pape, 15\/3)\u00a0 \u00a0 \u00a0 <strong>7\/6, 6\/1.<\/strong><\/p>\n<p><span style=\"background-color: #000000; color: #ffffff;\"><strong>17\/18 ans<\/strong><\/span> &gt; <strong>Raphael Lemoine<\/strong> (All In Country Club D\u00e9cines, 15\/2) bat Nathan Nachampassak (TC D\u00e9cines, 15\/3)\u00a0 \u00a0\u00a0 <strong>6\/4, 6\/0.<\/strong><\/p>\n<hr \/>\n<p><strong><span style=\"background-color: #000000;\"><span style=\"color: #ffcc00;\">Historique des r\u00e9sultats &gt;<\/span><\/span><\/strong><span style=\"font-size: 10pt;\"><strong><span style=\"background-color: #000000;\"> <span style=\"color: #3366ff;\"><a style=\"background-color: #000000; color: #3366ff;\" href=\"https:\/\/newsestlyonnais.fr\/site\/2024\/05\/11\/lopen-seniors-de-lasptt-grand-lyon-tennis-et-padel\/\">https:\/\/newsestlyonnais.fr\/site\/2024\/05\/11\/lopen-seniors-de-lasptt-grand-lyon-tennis-et-padel\/<\/a> <\/span><\/span><\/strong><\/span><\/p>\n<hr \/>\n<hr \/>\n<p>&nbsp;<\/p>\n<div id='gallery-1' class='gallery galleryid-210485 gallery-columns-3 gallery-size-large'><figure class='gallery-item'>\n\t\t\t<div class='gallery-icon portrait'>\n\t\t\t\t<a href='https:\/\/newsestlyonnais.fr\/site\/2024\/07\/07\/saint-priest-les-vainqueurs-de-ledition-2024-de-lopen-de-tennis-de-lasptt-grand-lyon-sont-connus\/p1500851\/'><img loading=\"lazy\" decoding=\"async\" width=\"640\" height=\"731\" src=\"https:\/\/newsestlyonnais.fr\/site\/wp-content\/uploads\/2024\/07\/P1500851-650x742.jpg\" class=\"attachment-large size-large\" alt=\"\" aria-describedby=\"gallery-1-210788\" srcset=\"https:\/\/newsestlyonnais.fr\/site\/wp-content\/uploads\/2024\/07\/P1500851-650x742.jpg 650w, https:\/\/newsestlyonnais.fr\/site\/wp-content\/uploads\/2024\/07\/P1500851-400x456.jpg 400w, https:\/\/newsestlyonnais.fr\/site\/wp-content\/uploads\/2024\/07\/P1500851-250x285.jpg 250w, https:\/\/newsestlyonnais.fr\/site\/wp-content\/uploads\/2024\/07\/P1500851-768x876.jpg 768w, https:\/\/newsestlyonnais.fr\/site\/wp-content\/uploads\/2024\/07\/P1500851-150x171.jpg 150w, https:\/\/newsestlyonnais.fr\/site\/wp-content\/uploads\/2024\/07\/P1500851-50x57.jpg 50w, https:\/\/newsestlyonnais.fr\/site\/wp-content\/uploads\/2024\/07\/P1500851-100x114.jpg 100w, https:\/\/newsestlyonnais.fr\/site\/wp-content\/uploads\/2024\/07\/P1500851-200x228.jpg 200w, https:\/\/newsestlyonnais.fr\/site\/wp-content\/uploads\/2024\/07\/P1500851-300x342.jpg 300w, https:\/\/newsestlyonnais.fr\/site\/wp-content\/uploads\/2024\/07\/P1500851-350x399.jpg 350w, https:\/\/newsestlyonnais.fr\/site\/wp-content\/uploads\/2024\/07\/P1500851-450x513.jpg 450w, https:\/\/newsestlyonnais.fr\/site\/wp-content\/uploads\/2024\/07\/P1500851-500x570.jpg 500w, https:\/\/newsestlyonnais.fr\/site\/wp-content\/uploads\/2024\/07\/P1500851-550x627.jpg 550w, https:\/\/newsestlyonnais.fr\/site\/wp-content\/uploads\/2024\/07\/P1500851.jpg 788w\" sizes=\"auto, (max-width: 640px) 100vw, 640px\" \/><\/a>\n\t\t\t<\/div>\n\t\t\t\t<figcaption class='wp-caption-text gallery-caption' id='gallery-1-210788'>\n\t\t\t\tRemise des r\u00e9compenses avec El\u00e9na Martin (pr\u00e9sidente) et Vincent Mengin (juge-arbitre)\n\t\t\t\t<\/figcaption><\/figure><figure class='gallery-item'>\n\t\t\t<div class='gallery-icon landscape'>\n\t\t\t\t<a href='https:\/\/newsestlyonnais.fr\/site\/2024\/07\/07\/saint-priest-les-vainqueurs-de-ledition-2024-de-lopen-de-tennis-de-lasptt-grand-lyon-sont-connus\/p1500859\/'><img loading=\"lazy\" decoding=\"async\" width=\"640\" height=\"480\" src=\"https:\/\/newsestlyonnais.fr\/site\/wp-content\/uploads\/2024\/07\/P1500859-650x488.jpg\" class=\"attachment-large size-large\" alt=\"\" aria-describedby=\"gallery-1-210791\" srcset=\"https:\/\/newsestlyonnais.fr\/site\/wp-content\/uploads\/2024\/07\/P1500859-650x488.jpg 650w, https:\/\/newsestlyonnais.fr\/site\/wp-content\/uploads\/2024\/07\/P1500859-400x300.jpg 400w, https:\/\/newsestlyonnais.fr\/site\/wp-content\/uploads\/2024\/07\/P1500859-250x188.jpg 250w, https:\/\/newsestlyonnais.fr\/site\/wp-content\/uploads\/2024\/07\/P1500859-768x576.jpg 768w, https:\/\/newsestlyonnais.fr\/site\/wp-content\/uploads\/2024\/07\/P1500859-150x113.jpg 150w, https:\/\/newsestlyonnais.fr\/site\/wp-content\/uploads\/2024\/07\/P1500859-50x38.jpg 50w, https:\/\/newsestlyonnais.fr\/site\/wp-content\/uploads\/2024\/07\/P1500859-100x75.jpg 100w, https:\/\/newsestlyonnais.fr\/site\/wp-content\/uploads\/2024\/07\/P1500859-200x150.jpg 200w, https:\/\/newsestlyonnais.fr\/site\/wp-content\/uploads\/2024\/07\/P1500859-300x225.jpg 300w, https:\/\/newsestlyonnais.fr\/site\/wp-content\/uploads\/2024\/07\/P1500859-350x263.jpg 350w, https:\/\/newsestlyonnais.fr\/site\/wp-content\/uploads\/2024\/07\/P1500859-450x338.jpg 450w, https:\/\/newsestlyonnais.fr\/site\/wp-content\/uploads\/2024\/07\/P1500859-500x375.jpg 500w, https:\/\/newsestlyonnais.fr\/site\/wp-content\/uploads\/2024\/07\/P1500859-550x413.jpg 550w, https:\/\/newsestlyonnais.fr\/site\/wp-content\/uploads\/2024\/07\/P1500859-800x600.jpg 800w, https:\/\/newsestlyonnais.fr\/site\/wp-content\/uploads\/2024\/07\/P1500859.jpg 1200w\" sizes=\"auto, (max-width: 640px) 100vw, 640px\" \/><\/a>\n\t\t\t<\/div>\n\t\t\t\t<figcaption class='wp-caption-text gallery-caption' id='gallery-1-210791'>\n\t\t\t\tLes 4 finalistes et un demi-finaliste de ce tournoi\n\t\t\t\t<\/figcaption><\/figure><figure class='gallery-item'>\n\t\t\t<div class='gallery-icon portrait'>\n\t\t\t\t<a href='https:\/\/newsestlyonnais.fr\/site\/2024\/07\/07\/saint-priest-les-vainqueurs-de-ledition-2024-de-lopen-de-tennis-de-lasptt-grand-lyon-sont-connus\/p1500856\/'><img loading=\"lazy\" decoding=\"async\" width=\"640\" height=\"676\" src=\"https:\/\/newsestlyonnais.fr\/site\/wp-content\/uploads\/2024\/07\/P1500856-650x687.jpg\" class=\"attachment-large size-large\" alt=\"\" aria-describedby=\"gallery-1-210786\" srcset=\"https:\/\/newsestlyonnais.fr\/site\/wp-content\/uploads\/2024\/07\/P1500856-650x687.jpg 650w, https:\/\/newsestlyonnais.fr\/site\/wp-content\/uploads\/2024\/07\/P1500856-400x423.jpg 400w, https:\/\/newsestlyonnais.fr\/site\/wp-content\/uploads\/2024\/07\/P1500856-250x264.jpg 250w, https:\/\/newsestlyonnais.fr\/site\/wp-content\/uploads\/2024\/07\/P1500856-768x811.jpg 768w, https:\/\/newsestlyonnais.fr\/site\/wp-content\/uploads\/2024\/07\/P1500856-150x158.jpg 150w, https:\/\/newsestlyonnais.fr\/site\/wp-content\/uploads\/2024\/07\/P1500856-50x53.jpg 50w, https:\/\/newsestlyonnais.fr\/site\/wp-content\/uploads\/2024\/07\/P1500856-100x106.jpg 100w, https:\/\/newsestlyonnais.fr\/site\/wp-content\/uploads\/2024\/07\/P1500856-200x211.jpg 200w, https:\/\/newsestlyonnais.fr\/site\/wp-content\/uploads\/2024\/07\/P1500856-300x317.jpg 300w, https:\/\/newsestlyonnais.fr\/site\/wp-content\/uploads\/2024\/07\/P1500856-350x370.jpg 350w, https:\/\/newsestlyonnais.fr\/site\/wp-content\/uploads\/2024\/07\/P1500856-450x475.jpg 450w, https:\/\/newsestlyonnais.fr\/site\/wp-content\/uploads\/2024\/07\/P1500856-500x528.jpg 500w, https:\/\/newsestlyonnais.fr\/site\/wp-content\/uploads\/2024\/07\/P1500856-550x581.jpg 550w, https:\/\/newsestlyonnais.fr\/site\/wp-content\/uploads\/2024\/07\/P1500856-800x845.jpg 800w, https:\/\/newsestlyonnais.fr\/site\/wp-content\/uploads\/2024\/07\/P1500856.jpg 851w\" sizes=\"auto, (max-width: 640px) 100vw, 640px\" \/><\/a>\n\t\t\t<\/div>\n\t\t\t\t<figcaption class='wp-caption-text gallery-caption' id='gallery-1-210786'>\n\t\t\t\tMarc Olivier Gabriel (TC Mions) demi-finaliste r\u00e9compens\u00e9 \n\t\t\t\t<\/figcaption><\/figure><figure class='gallery-item'>\n\t\t\t<div class='gallery-icon landscape'>\n\t\t\t\t<a href='https:\/\/newsestlyonnais.fr\/site\/2024\/07\/07\/saint-priest-les-vainqueurs-de-ledition-2024-de-lopen-de-tennis-de-lasptt-grand-lyon-sont-connus\/p1500845\/'><img loading=\"lazy\" decoding=\"async\" width=\"640\" height=\"480\" src=\"https:\/\/newsestlyonnais.fr\/site\/wp-content\/uploads\/2024\/07\/P1500845-650x488.jpg\" class=\"attachment-large size-large\" alt=\"\" aria-describedby=\"gallery-1-210784\" srcset=\"https:\/\/newsestlyonnais.fr\/site\/wp-content\/uploads\/2024\/07\/P1500845-650x488.jpg 650w, https:\/\/newsestlyonnais.fr\/site\/wp-content\/uploads\/2024\/07\/P1500845-400x300.jpg 400w, https:\/\/newsestlyonnais.fr\/site\/wp-content\/uploads\/2024\/07\/P1500845-250x188.jpg 250w, https:\/\/newsestlyonnais.fr\/site\/wp-content\/uploads\/2024\/07\/P1500845-768x576.jpg 768w, https:\/\/newsestlyonnais.fr\/site\/wp-content\/uploads\/2024\/07\/P1500845-150x113.jpg 150w, https:\/\/newsestlyonnais.fr\/site\/wp-content\/uploads\/2024\/07\/P1500845-50x38.jpg 50w, https:\/\/newsestlyonnais.fr\/site\/wp-content\/uploads\/2024\/07\/P1500845-100x75.jpg 100w, https:\/\/newsestlyonnais.fr\/site\/wp-content\/uploads\/2024\/07\/P1500845-200x150.jpg 200w, https:\/\/newsestlyonnais.fr\/site\/wp-content\/uploads\/2024\/07\/P1500845-300x225.jpg 300w, https:\/\/newsestlyonnais.fr\/site\/wp-content\/uploads\/2024\/07\/P1500845-350x263.jpg 350w, https:\/\/newsestlyonnais.fr\/site\/wp-content\/uploads\/2024\/07\/P1500845-450x338.jpg 450w, https:\/\/newsestlyonnais.fr\/site\/wp-content\/uploads\/2024\/07\/P1500845-500x375.jpg 500w, https:\/\/newsestlyonnais.fr\/site\/wp-content\/uploads\/2024\/07\/P1500845-550x413.jpg 550w, https:\/\/newsestlyonnais.fr\/site\/wp-content\/uploads\/2024\/07\/P1500845-800x600.jpg 800w, https:\/\/newsestlyonnais.fr\/site\/wp-content\/uploads\/2024\/07\/P1500845.jpg 1200w\" sizes=\"auto, (max-width: 640px) 100vw, 640px\" \/><\/a>\n\t\t\t<\/div>\n\t\t\t\t<figcaption class='wp-caption-text gallery-caption' id='gallery-1-210784'>\n\t\t\t\tDoubl\u00e9 de Chassieu Tennis avec Anna Creuzet et Alexis Gerra\n\t\t\t\t<\/figcaption><\/figure><figure class='gallery-item'>\n\t\t\t<div class='gallery-icon portrait'>\n\t\t\t\t<a href='https:\/\/newsestlyonnais.fr\/site\/2024\/03\/17\/est-lyonnais-le-circuit-de-tennis-se-developpe\/affiche-impr-master-tour-2024-generale\/'><img loading=\"lazy\" decoding=\"async\" width=\"530\" height=\"750\" src=\"https:\/\/newsestlyonnais.fr\/site\/wp-content\/uploads\/2024\/03\/AFFICHE-impr-master-tour-2024-generale-650x920.jpg\" class=\"attachment-large size-large\" alt=\"\" aria-describedby=\"gallery-1-202015\" srcset=\"https:\/\/newsestlyonnais.fr\/site\/wp-content\/uploads\/2024\/03\/AFFICHE-impr-master-tour-2024-generale-650x920.jpg 650w, https:\/\/newsestlyonnais.fr\/site\/wp-content\/uploads\/2024\/03\/AFFICHE-impr-master-tour-2024-generale-400x566.jpg 400w, https:\/\/newsestlyonnais.fr\/site\/wp-content\/uploads\/2024\/03\/AFFICHE-impr-master-tour-2024-generale-250x354.jpg 250w, https:\/\/newsestlyonnais.fr\/site\/wp-content\/uploads\/2024\/03\/AFFICHE-impr-master-tour-2024-generale-768x1087.jpg 768w, https:\/\/newsestlyonnais.fr\/site\/wp-content\/uploads\/2024\/03\/AFFICHE-impr-master-tour-2024-generale-150x212.jpg 150w, https:\/\/newsestlyonnais.fr\/site\/wp-content\/uploads\/2024\/03\/AFFICHE-impr-master-tour-2024-generale-50x71.jpg 50w, https:\/\/newsestlyonnais.fr\/site\/wp-content\/uploads\/2024\/03\/AFFICHE-impr-master-tour-2024-generale-100x142.jpg 100w, https:\/\/newsestlyonnais.fr\/site\/wp-content\/uploads\/2024\/03\/AFFICHE-impr-master-tour-2024-generale-200x283.jpg 200w, https:\/\/newsestlyonnais.fr\/site\/wp-content\/uploads\/2024\/03\/AFFICHE-impr-master-tour-2024-generale-300x425.jpg 300w, https:\/\/newsestlyonnais.fr\/site\/wp-content\/uploads\/2024\/03\/AFFICHE-impr-master-tour-2024-generale-350x495.jpg 350w, https:\/\/newsestlyonnais.fr\/site\/wp-content\/uploads\/2024\/03\/AFFICHE-impr-master-tour-2024-generale-450x637.jpg 450w, https:\/\/newsestlyonnais.fr\/site\/wp-content\/uploads\/2024\/03\/AFFICHE-impr-master-tour-2024-generale-500x708.jpg 500w, https:\/\/newsestlyonnais.fr\/site\/wp-content\/uploads\/2024\/03\/AFFICHE-impr-master-tour-2024-generale-550x778.jpg 550w, https:\/\/newsestlyonnais.fr\/site\/wp-content\/uploads\/2024\/03\/AFFICHE-impr-master-tour-2024-generale-800x1132.jpg 800w, https:\/\/newsestlyonnais.fr\/site\/wp-content\/uploads\/2024\/03\/AFFICHE-impr-master-tour-2024-generale.jpg 848w\" sizes=\"auto, (max-width: 530px) 100vw, 530px\" \/><\/a>\n\t\t\t<\/div>\n\t\t\t\t<figcaption class='wp-caption-text gallery-caption' id='gallery-1-202015'>\n\t\t\t\t MASTER TOUR 2024\n\t\t\t\t<\/figcaption><\/figure>\n\t\t<\/div>\n\n","protected":false},"excerpt":{"rendered":"<p>Les ultimes parties d\u00e9roul\u00e9es lors de l&rsquo;apr\u00e8s-midi du premier dimanche du mois en conclusion de ce tournoi, troisi\u00e8me \u00e9tape du circuit de tennis de l&rsquo;est lyonnais.<\/p>\n","protected":false},"author":4,"featured_media":212883,"comment_status":"open","ping_status":"open","sticky":false,"template":"","format":"standard","meta":{"footnotes":""},"categories":[1296,2,2992,2991],"tags":[3235,4301,2192,2039,2049,2216],"class_list":["post-210485","post","type-post","status-publish","format-standard","has-post-thumbnail","hentry","category-sain-priest","category-sports","category-tennis-padel","category-tennis-tennis-table-sports","tag-asptt-grand-lyon","tag-finales","tag-open","tag-saint-priest","tag-tennis","tag-tournoi"],"yoast_head":"<!-- This site is optimized with the Yoast SEO plugin v27.2 - https:\/\/yoast.com\/product\/yoast-seo-wordpress\/ -->\n<title>SAINT-PRIEST | Les vainqueurs de l&#039;\u00e9dition 2024 de l\u2019open de tennis de l\u2019ASPTT Grand Lyon sont connus - News Est Lyonnais<\/title>\n<meta name=\"description\" content=\"SAINT-PRIEST | Les vainqueurs de l&#039;\u00e9dition 2024 de l\u2019open de tennis de l\u2019ASPTT Grand Lyon sont connus\" \/>\n<meta name=\"robots\" content=\"index, follow, max-snippet:-1, max-image-preview:large, max-video-preview:-1\" \/>\n<link rel=\"canonical\" href=\"https:\/\/newsestlyonnais.fr\/site\/2024\/07\/07\/saint-priest-les-vainqueurs-de-ledition-2024-de-lopen-de-tennis-de-lasptt-grand-lyon-sont-connus\/\" \/>\n<meta property=\"og:locale\" content=\"fr_FR\" \/>\n<meta property=\"og:type\" content=\"article\" \/>\n<meta property=\"og:title\" content=\"SAINT-PRIEST | Les vainqueurs de l&#039;\u00e9dition 2024 de l\u2019open de tennis de l\u2019ASPTT Grand Lyon sont connus - News Est Lyonnais\" \/>\n<meta property=\"og:description\" content=\"SAINT-PRIEST | Les vainqueurs de l&#039;\u00e9dition 2024 de l\u2019open de tennis de l\u2019ASPTT Grand Lyon sont connus\" \/>\n<meta property=\"og:url\" content=\"https:\/\/newsestlyonnais.fr\/site\/2024\/07\/07\/saint-priest-les-vainqueurs-de-ledition-2024-de-lopen-de-tennis-de-lasptt-grand-lyon-sont-connus\/\" \/>\n<meta property=\"og:site_name\" content=\"News Est Lyonnais\" \/>\n<meta property=\"article:author\" content=\"https:\/\/www.facebook.com\/pascal.oberson.1?fref=ts\" \/>\n<meta property=\"article:published_time\" content=\"2024-07-07T17:05:55+00:00\" \/>\n<meta property=\"article:modified_time\" content=\"2024-09-19T12:46:51+00:00\" \/>\n<meta property=\"og:image\" content=\"https:\/\/newsestlyonnais.fr\/site\/wp-content\/uploads\/2024\/07\/4565293700773260914.jpg\" \/>\n\t<meta property=\"og:image:width\" content=\"500\" \/>\n\t<meta property=\"og:image:height\" content=\"261\" \/>\n\t<meta property=\"og:image:type\" content=\"image\/jpeg\" \/>\n<meta name=\"author\" content=\"R\u00e9dac. NEWS\" \/>\n<meta name=\"twitter:card\" content=\"summary_large_image\" \/>\n<meta name=\"twitter:label1\" content=\"\u00c9crit par\" \/>\n\t<meta name=\"twitter:data1\" content=\"R\u00e9dac. NEWS\" \/>\n\t<meta name=\"twitter:label2\" content=\"Dur\u00e9e de lecture estim\u00e9e\" \/>\n\t<meta name=\"twitter:data2\" content=\"3 minutes\" \/>\n<script type=\"application\/ld+json\" class=\"yoast-schema-graph\">{\"@context\":\"https:\/\/schema.org\",\"@graph\":[{\"@type\":\"Article\",\"@id\":\"https:\/\/newsestlyonnais.fr\/site\/2024\/07\/07\/saint-priest-les-vainqueurs-de-ledition-2024-de-lopen-de-tennis-de-lasptt-grand-lyon-sont-connus\/#article\",\"isPartOf\":{\"@id\":\"https:\/\/newsestlyonnais.fr\/site\/2024\/07\/07\/saint-priest-les-vainqueurs-de-ledition-2024-de-lopen-de-tennis-de-lasptt-grand-lyon-sont-connus\/\"},\"author\":{\"name\":\"R\u00e9dac. NEWS\",\"@id\":\"https:\/\/newsestlyonnais.fr\/site\/#\/schema\/person\/3230d5615f390bb808365d673001e887\"},\"headline\":\"SAINT-PRIEST | Les vainqueurs de l&rsquo;\u00e9dition 2024 de l\u2019open de tennis de l\u2019ASPTT Grand Lyon sont connus\",\"datePublished\":\"2024-07-07T17:05:55+00:00\",\"dateModified\":\"2024-09-19T12:46:51+00:00\",\"mainEntityOfPage\":{\"@id\":\"https:\/\/newsestlyonnais.fr\/site\/2024\/07\/07\/saint-priest-les-vainqueurs-de-ledition-2024-de-lopen-de-tennis-de-lasptt-grand-lyon-sont-connus\/\"},\"wordCount\":445,\"commentCount\":0,\"publisher\":{\"@id\":\"https:\/\/newsestlyonnais.fr\/site\/#organization\"},\"image\":{\"@id\":\"https:\/\/newsestlyonnais.fr\/site\/2024\/07\/07\/saint-priest-les-vainqueurs-de-ledition-2024-de-lopen-de-tennis-de-lasptt-grand-lyon-sont-connus\/#primaryimage\"},\"thumbnailUrl\":\"https:\/\/newsestlyonnais.fr\/site\/wp-content\/uploads\/2024\/07\/4565293700773260914.jpg\",\"keywords\":[\"ASPTT GRAND LYON\",\"Finales\",\"OPEN\",\"SAINT PRIEST\",\"TENNIS\",\"TOURNOI\"],\"articleSection\":[\"Saint-Priest\",\"Sports\",\"Tennis | Padel\",\"Tennis | Tennis de table\"],\"inLanguage\":\"fr-FR\",\"potentialAction\":[{\"@type\":\"CommentAction\",\"name\":\"Comment\",\"target\":[\"https:\/\/newsestlyonnais.fr\/site\/2024\/07\/07\/saint-priest-les-vainqueurs-de-ledition-2024-de-lopen-de-tennis-de-lasptt-grand-lyon-sont-connus\/#respond\"]}]},{\"@type\":\"WebPage\",\"@id\":\"https:\/\/newsestlyonnais.fr\/site\/2024\/07\/07\/saint-priest-les-vainqueurs-de-ledition-2024-de-lopen-de-tennis-de-lasptt-grand-lyon-sont-connus\/\",\"url\":\"https:\/\/newsestlyonnais.fr\/site\/2024\/07\/07\/saint-priest-les-vainqueurs-de-ledition-2024-de-lopen-de-tennis-de-lasptt-grand-lyon-sont-connus\/\",\"name\":\"SAINT-PRIEST | Les vainqueurs de l'\u00e9dition 2024 de l\u2019open de tennis de l\u2019ASPTT Grand Lyon sont connus - News Est Lyonnais\",\"isPartOf\":{\"@id\":\"https:\/\/newsestlyonnais.fr\/site\/#website\"},\"primaryImageOfPage\":{\"@id\":\"https:\/\/newsestlyonnais.fr\/site\/2024\/07\/07\/saint-priest-les-vainqueurs-de-ledition-2024-de-lopen-de-tennis-de-lasptt-grand-lyon-sont-connus\/#primaryimage\"},\"image\":{\"@id\":\"https:\/\/newsestlyonnais.fr\/site\/2024\/07\/07\/saint-priest-les-vainqueurs-de-ledition-2024-de-lopen-de-tennis-de-lasptt-grand-lyon-sont-connus\/#primaryimage\"},\"thumbnailUrl\":\"https:\/\/newsestlyonnais.fr\/site\/wp-content\/uploads\/2024\/07\/4565293700773260914.jpg\",\"datePublished\":\"2024-07-07T17:05:55+00:00\",\"dateModified\":\"2024-09-19T12:46:51+00:00\",\"description\":\"SAINT-PRIEST | Les vainqueurs de l'\u00e9dition 2024 de l\u2019open de tennis de l\u2019ASPTT Grand Lyon sont connus\",\"breadcrumb\":{\"@id\":\"https:\/\/newsestlyonnais.fr\/site\/2024\/07\/07\/saint-priest-les-vainqueurs-de-ledition-2024-de-lopen-de-tennis-de-lasptt-grand-lyon-sont-connus\/#breadcrumb\"},\"inLanguage\":\"fr-FR\",\"potentialAction\":[{\"@type\":\"ReadAction\",\"target\":[\"https:\/\/newsestlyonnais.fr\/site\/2024\/07\/07\/saint-priest-les-vainqueurs-de-ledition-2024-de-lopen-de-tennis-de-lasptt-grand-lyon-sont-connus\/\"]}]},{\"@type\":\"ImageObject\",\"inLanguage\":\"fr-FR\",\"@id\":\"https:\/\/newsestlyonnais.fr\/site\/2024\/07\/07\/saint-priest-les-vainqueurs-de-ledition-2024-de-lopen-de-tennis-de-lasptt-grand-lyon-sont-connus\/#primaryimage\",\"url\":\"https:\/\/newsestlyonnais.fr\/site\/wp-content\/uploads\/2024\/07\/4565293700773260914.jpg\",\"contentUrl\":\"https:\/\/newsestlyonnais.fr\/site\/wp-content\/uploads\/2024\/07\/4565293700773260914.jpg\",\"width\":500,\"height\":261},{\"@type\":\"BreadcrumbList\",\"@id\":\"https:\/\/newsestlyonnais.fr\/site\/2024\/07\/07\/saint-priest-les-vainqueurs-de-ledition-2024-de-lopen-de-tennis-de-lasptt-grand-lyon-sont-connus\/#breadcrumb\",\"itemListElement\":[{\"@type\":\"ListItem\",\"position\":1,\"name\":\"Accueil\",\"item\":\"https:\/\/newsestlyonnais.fr\/site\/\"},{\"@type\":\"ListItem\",\"position\":2,\"name\":\"SAINT-PRIEST | Les vainqueurs de l&rsquo;\u00e9dition 2024 de l\u2019open de tennis de l\u2019ASPTT Grand Lyon sont connus\"}]},{\"@type\":\"WebSite\",\"@id\":\"https:\/\/newsestlyonnais.fr\/site\/#website\",\"url\":\"https:\/\/newsestlyonnais.fr\/site\/\",\"name\":\"News Est Lyonnais\",\"description\":\"L&#039;actualit\u00e9 au plus pr\u00e8s\",\"publisher\":{\"@id\":\"https:\/\/newsestlyonnais.fr\/site\/#organization\"},\"potentialAction\":[{\"@type\":\"SearchAction\",\"target\":{\"@type\":\"EntryPoint\",\"urlTemplate\":\"https:\/\/newsestlyonnais.fr\/site\/?s={search_term_string}\"},\"query-input\":{\"@type\":\"PropertyValueSpecification\",\"valueRequired\":true,\"valueName\":\"search_term_string\"}}],\"inLanguage\":\"fr-FR\"},{\"@type\":\"Organization\",\"@id\":\"https:\/\/newsestlyonnais.fr\/site\/#organization\",\"name\":\"News EST LYONNAIS\",\"url\":\"https:\/\/newsestlyonnais.fr\/site\/\",\"logo\":{\"@type\":\"ImageObject\",\"inLanguage\":\"fr-FR\",\"@id\":\"https:\/\/newsestlyonnais.fr\/site\/#\/schema\/logo\/image\/\",\"url\":\"\",\"contentUrl\":\"\",\"caption\":\"News EST LYONNAIS\"},\"image\":{\"@id\":\"https:\/\/newsestlyonnais.fr\/site\/#\/schema\/logo\/image\/\"}},{\"@type\":\"Person\",\"@id\":\"https:\/\/newsestlyonnais.fr\/site\/#\/schema\/person\/3230d5615f390bb808365d673001e887\",\"name\":\"R\u00e9dac. NEWS\",\"sameAs\":[\"http:\/\/www.newsestlyonnais.fr\",\"https:\/\/www.facebook.com\/pascal.oberson.1?fref=ts\",\"https:\/\/fr.linkedin.com\/in\/pascal-oberson-b17045113\"],\"url\":\"https:\/\/newsestlyonnais.fr\/site\/author\/nel\/\"}]}<\/script>\n<!-- \/ Yoast SEO plugin. -->","yoast_head_json":{"title":"SAINT-PRIEST | Les vainqueurs de l'\u00e9dition 2024 de l\u2019open de tennis de l\u2019ASPTT Grand Lyon sont connus - News Est Lyonnais","description":"SAINT-PRIEST | Les vainqueurs de l'\u00e9dition 2024 de l\u2019open de tennis de l\u2019ASPTT Grand Lyon sont connus","robots":{"index":"index","follow":"follow","max-snippet":"max-snippet:-1","max-image-preview":"max-image-preview:large","max-video-preview":"max-video-preview:-1"},"canonical":"https:\/\/newsestlyonnais.fr\/site\/2024\/07\/07\/saint-priest-les-vainqueurs-de-ledition-2024-de-lopen-de-tennis-de-lasptt-grand-lyon-sont-connus\/","og_locale":"fr_FR","og_type":"article","og_title":"SAINT-PRIEST | Les vainqueurs de l'\u00e9dition 2024 de l\u2019open de tennis de l\u2019ASPTT Grand Lyon sont connus - News Est Lyonnais","og_description":"SAINT-PRIEST | Les vainqueurs de l'\u00e9dition 2024 de l\u2019open de tennis de l\u2019ASPTT Grand Lyon sont connus","og_url":"https:\/\/newsestlyonnais.fr\/site\/2024\/07\/07\/saint-priest-les-vainqueurs-de-ledition-2024-de-lopen-de-tennis-de-lasptt-grand-lyon-sont-connus\/","og_site_name":"News Est Lyonnais","article_author":"https:\/\/www.facebook.com\/pascal.oberson.1?fref=ts","article_published_time":"2024-07-07T17:05:55+00:00","article_modified_time":"2024-09-19T12:46:51+00:00","og_image":[{"width":500,"height":261,"url":"https:\/\/newsestlyonnais.fr\/site\/wp-content\/uploads\/2024\/07\/4565293700773260914.jpg","type":"image\/jpeg"}],"author":"R\u00e9dac. NEWS","twitter_card":"summary_large_image","twitter_misc":{"\u00c9crit par":"R\u00e9dac. NEWS","Dur\u00e9e de lecture estim\u00e9e":"3 minutes"},"schema":{"@context":"https:\/\/schema.org","@graph":[{"@type":"Article","@id":"https:\/\/newsestlyonnais.fr\/site\/2024\/07\/07\/saint-priest-les-vainqueurs-de-ledition-2024-de-lopen-de-tennis-de-lasptt-grand-lyon-sont-connus\/#article","isPartOf":{"@id":"https:\/\/newsestlyonnais.fr\/site\/2024\/07\/07\/saint-priest-les-vainqueurs-de-ledition-2024-de-lopen-de-tennis-de-lasptt-grand-lyon-sont-connus\/"},"author":{"name":"R\u00e9dac. NEWS","@id":"https:\/\/newsestlyonnais.fr\/site\/#\/schema\/person\/3230d5615f390bb808365d673001e887"},"headline":"SAINT-PRIEST | Les vainqueurs de l&rsquo;\u00e9dition 2024 de l\u2019open de tennis de l\u2019ASPTT Grand Lyon sont connus","datePublished":"2024-07-07T17:05:55+00:00","dateModified":"2024-09-19T12:46:51+00:00","mainEntityOfPage":{"@id":"https:\/\/newsestlyonnais.fr\/site\/2024\/07\/07\/saint-priest-les-vainqueurs-de-ledition-2024-de-lopen-de-tennis-de-lasptt-grand-lyon-sont-connus\/"},"wordCount":445,"commentCount":0,"publisher":{"@id":"https:\/\/newsestlyonnais.fr\/site\/#organization"},"image":{"@id":"https:\/\/newsestlyonnais.fr\/site\/2024\/07\/07\/saint-priest-les-vainqueurs-de-ledition-2024-de-lopen-de-tennis-de-lasptt-grand-lyon-sont-connus\/#primaryimage"},"thumbnailUrl":"https:\/\/newsestlyonnais.fr\/site\/wp-content\/uploads\/2024\/07\/4565293700773260914.jpg","keywords":["ASPTT GRAND LYON","Finales","OPEN","SAINT PRIEST","TENNIS","TOURNOI"],"articleSection":["Saint-Priest","Sports","Tennis | Padel","Tennis | Tennis de table"],"inLanguage":"fr-FR","potentialAction":[{"@type":"CommentAction","name":"Comment","target":["https:\/\/newsestlyonnais.fr\/site\/2024\/07\/07\/saint-priest-les-vainqueurs-de-ledition-2024-de-lopen-de-tennis-de-lasptt-grand-lyon-sont-connus\/#respond"]}]},{"@type":"WebPage","@id":"https:\/\/newsestlyonnais.fr\/site\/2024\/07\/07\/saint-priest-les-vainqueurs-de-ledition-2024-de-lopen-de-tennis-de-lasptt-grand-lyon-sont-connus\/","url":"https:\/\/newsestlyonnais.fr\/site\/2024\/07\/07\/saint-priest-les-vainqueurs-de-ledition-2024-de-lopen-de-tennis-de-lasptt-grand-lyon-sont-connus\/","name":"SAINT-PRIEST | Les vainqueurs de l'\u00e9dition 2024 de l\u2019open de tennis de l\u2019ASPTT Grand Lyon sont connus - News Est Lyonnais","isPartOf":{"@id":"https:\/\/newsestlyonnais.fr\/site\/#website"},"primaryImageOfPage":{"@id":"https:\/\/newsestlyonnais.fr\/site\/2024\/07\/07\/saint-priest-les-vainqueurs-de-ledition-2024-de-lopen-de-tennis-de-lasptt-grand-lyon-sont-connus\/#primaryimage"},"image":{"@id":"https:\/\/newsestlyonnais.fr\/site\/2024\/07\/07\/saint-priest-les-vainqueurs-de-ledition-2024-de-lopen-de-tennis-de-lasptt-grand-lyon-sont-connus\/#primaryimage"},"thumbnailUrl":"https:\/\/newsestlyonnais.fr\/site\/wp-content\/uploads\/2024\/07\/4565293700773260914.jpg","datePublished":"2024-07-07T17:05:55+00:00","dateModified":"2024-09-19T12:46:51+00:00","description":"SAINT-PRIEST | Les vainqueurs de l'\u00e9dition 2024 de l\u2019open de tennis de l\u2019ASPTT Grand Lyon sont connus","breadcrumb":{"@id":"https:\/\/newsestlyonnais.fr\/site\/2024\/07\/07\/saint-priest-les-vainqueurs-de-ledition-2024-de-lopen-de-tennis-de-lasptt-grand-lyon-sont-connus\/#breadcrumb"},"inLanguage":"fr-FR","potentialAction":[{"@type":"ReadAction","target":["https:\/\/newsestlyonnais.fr\/site\/2024\/07\/07\/saint-priest-les-vainqueurs-de-ledition-2024-de-lopen-de-tennis-de-lasptt-grand-lyon-sont-connus\/"]}]},{"@type":"ImageObject","inLanguage":"fr-FR","@id":"https:\/\/newsestlyonnais.fr\/site\/2024\/07\/07\/saint-priest-les-vainqueurs-de-ledition-2024-de-lopen-de-tennis-de-lasptt-grand-lyon-sont-connus\/#primaryimage","url":"https:\/\/newsestlyonnais.fr\/site\/wp-content\/uploads\/2024\/07\/4565293700773260914.jpg","contentUrl":"https:\/\/newsestlyonnais.fr\/site\/wp-content\/uploads\/2024\/07\/4565293700773260914.jpg","width":500,"height":261},{"@type":"BreadcrumbList","@id":"https:\/\/newsestlyonnais.fr\/site\/2024\/07\/07\/saint-priest-les-vainqueurs-de-ledition-2024-de-lopen-de-tennis-de-lasptt-grand-lyon-sont-connus\/#breadcrumb","itemListElement":[{"@type":"ListItem","position":1,"name":"Accueil","item":"https:\/\/newsestlyonnais.fr\/site\/"},{"@type":"ListItem","position":2,"name":"SAINT-PRIEST | Les vainqueurs de l&rsquo;\u00e9dition 2024 de l\u2019open de tennis de l\u2019ASPTT Grand Lyon sont connus"}]},{"@type":"WebSite","@id":"https:\/\/newsestlyonnais.fr\/site\/#website","url":"https:\/\/newsestlyonnais.fr\/site\/","name":"News Est Lyonnais","description":"L&#039;actualit\u00e9 au plus pr\u00e8s","publisher":{"@id":"https:\/\/newsestlyonnais.fr\/site\/#organization"},"potentialAction":[{"@type":"SearchAction","target":{"@type":"EntryPoint","urlTemplate":"https:\/\/newsestlyonnais.fr\/site\/?s={search_term_string}"},"query-input":{"@type":"PropertyValueSpecification","valueRequired":true,"valueName":"search_term_string"}}],"inLanguage":"fr-FR"},{"@type":"Organization","@id":"https:\/\/newsestlyonnais.fr\/site\/#organization","name":"News EST LYONNAIS","url":"https:\/\/newsestlyonnais.fr\/site\/","logo":{"@type":"ImageObject","inLanguage":"fr-FR","@id":"https:\/\/newsestlyonnais.fr\/site\/#\/schema\/logo\/image\/","url":"","contentUrl":"","caption":"News EST LYONNAIS"},"image":{"@id":"https:\/\/newsestlyonnais.fr\/site\/#\/schema\/logo\/image\/"}},{"@type":"Person","@id":"https:\/\/newsestlyonnais.fr\/site\/#\/schema\/person\/3230d5615f390bb808365d673001e887","name":"R\u00e9dac. NEWS","sameAs":["http:\/\/www.newsestlyonnais.fr","https:\/\/www.facebook.com\/pascal.oberson.1?fref=ts","https:\/\/fr.linkedin.com\/in\/pascal-oberson-b17045113"],"url":"https:\/\/newsestlyonnais.fr\/site\/author\/nel\/"}]}},"_links":{"self":[{"href":"https:\/\/newsestlyonnais.fr\/site\/wp-json\/wp\/v2\/posts\/210485","targetHints":{"allow":["GET"]}}],"collection":[{"href":"https:\/\/newsestlyonnais.fr\/site\/wp-json\/wp\/v2\/posts"}],"about":[{"href":"https:\/\/newsestlyonnais.fr\/site\/wp-json\/wp\/v2\/types\/post"}],"author":[{"embeddable":true,"href":"https:\/\/newsestlyonnais.fr\/site\/wp-json\/wp\/v2\/users\/4"}],"replies":[{"embeddable":true,"href":"https:\/\/newsestlyonnais.fr\/site\/wp-json\/wp\/v2\/comments?post=210485"}],"version-history":[{"count":0,"href":"https:\/\/newsestlyonnais.fr\/site\/wp-json\/wp\/v2\/posts\/210485\/revisions"}],"wp:featuredmedia":[{"embeddable":true,"href":"https:\/\/newsestlyonnais.fr\/site\/wp-json\/wp\/v2\/media\/212883"}],"wp:attachment":[{"href":"https:\/\/newsestlyonnais.fr\/site\/wp-json\/wp\/v2\/media?parent=210485"}],"wp:term":[{"taxonomy":"category","embeddable":true,"href":"https:\/\/newsestlyonnais.fr\/site\/wp-json\/wp\/v2\/categories?post=210485"},{"taxonomy":"post_tag","embeddable":true,"href":"https:\/\/newsestlyonnais.fr\/site\/wp-json\/wp\/v2\/tags?post=210485"}],"curies":[{"name":"wp","href":"https:\/\/api.w.org\/{rel}","templated":true}]}}