{"id":211206,"date":"2024-07-13T17:43:52","date_gmt":"2024-07-13T16:43:52","guid":{"rendered":"https:\/\/newsestlyonnais.fr\/site\/?p=211206"},"modified":"2024-09-19T13:32:27","modified_gmt":"2024-09-19T12:32:27","slug":"decines-on-connait-le-palmares-du-tournoi-seniors-de-tennis","status":"publish","type":"post","link":"https:\/\/newsestlyonnais.fr\/site\/2024\/07\/13\/decines-on-connait-le-palmares-du-tournoi-seniors-de-tennis\/","title":{"rendered":"DECINES | On connait le palmar\u00e8s du tournoi seniors de tennis"},"content":{"rendered":"<p>Ce tournoi organis\u00e9 par le <a href=\"https:\/\/www.tcdecines.com\"><span style=\"color: #0000ff;\"><strong>TC D\u00e9cines<\/strong><\/span><\/a>, club pr\u00e9sid\u00e9 par Ren\u00e9 Ferrera, a rassembl\u00e9 <strong>216 participants (169 hommes et 47 femmes) dont 63 du club d\u00e9cinois. <\/strong>Les spectateurs pr\u00e9sents ont pu assister \u00e0 la m\u00eame finale f\u00e9minine qu&rsquo;\u00e0 Saint-Priest, dimanche dernier au tournoi de l&rsquo;ASPTT Grand-Lyon, tout comme le m\u00eame finaliste du c\u00f4t\u00e9 masculin.<\/p>\n<p>Une comp\u00e9tition dont les ultimes parties ont \u00e9t\u00e9 arbitr\u00e9es par deux officiels (Ouissem et M\u00e9lanie) qui se sont d\u00e9roul\u00e9es sous le soleil au sein du complexe du Parc Raymond Troussier. \u00a0\u00bb Tout s&rsquo;est bien pass\u00e9, on a jongl\u00e9 avec les terrains couverts mais joueurs et adh\u00e9rents l&rsquo;ont bien compris et merci \u00e0 tous d&rsquo;avoir support\u00e9 la m\u00e9t\u00e9o ! \u00a0\u00bb confiait \u00e0 l&rsquo;issue du tournoi Bernard Florenson (son responsable) et J\u00e9r\u00f4me Dodane (son juge-arbitre).<\/p>\n<hr \/>\n<p style=\"text-align: center;\"><span style=\"font-size: 14pt; background-color: #000000; color: #ffcc00;\"><strong>Les r\u00e9sultats des finales disput\u00e9es ce samedi :<\/strong><\/span><\/p>\n<p style=\"text-align: right;\"><span style=\"background-color: #000000; color: #3366ff;\"><strong data-wp-editing=\"1\"><img loading=\"lazy\" decoding=\"async\" class=\"alignleft wp-image-211289\" src=\"https:\/\/newsestlyonnais.fr\/site\/wp-content\/uploads\/2024\/07\/P1500873-400x300.jpg\" alt=\"\" width=\"293\" height=\"220\" srcset=\"https:\/\/newsestlyonnais.fr\/site\/wp-content\/uploads\/2024\/07\/P1500873-400x300.jpg 400w, https:\/\/newsestlyonnais.fr\/site\/wp-content\/uploads\/2024\/07\/P1500873-650x488.jpg 650w, https:\/\/newsestlyonnais.fr\/site\/wp-content\/uploads\/2024\/07\/P1500873-250x188.jpg 250w, https:\/\/newsestlyonnais.fr\/site\/wp-content\/uploads\/2024\/07\/P1500873-768x576.jpg 768w, https:\/\/newsestlyonnais.fr\/site\/wp-content\/uploads\/2024\/07\/P1500873-150x113.jpg 150w, https:\/\/newsestlyonnais.fr\/site\/wp-content\/uploads\/2024\/07\/P1500873-50x38.jpg 50w, https:\/\/newsestlyonnais.fr\/site\/wp-content\/uploads\/2024\/07\/P1500873-100x75.jpg 100w, https:\/\/newsestlyonnais.fr\/site\/wp-content\/uploads\/2024\/07\/P1500873-200x150.jpg 200w, https:\/\/newsestlyonnais.fr\/site\/wp-content\/uploads\/2024\/07\/P1500873-300x225.jpg 300w, https:\/\/newsestlyonnais.fr\/site\/wp-content\/uploads\/2024\/07\/P1500873-350x263.jpg 350w, https:\/\/newsestlyonnais.fr\/site\/wp-content\/uploads\/2024\/07\/P1500873-450x338.jpg 450w, https:\/\/newsestlyonnais.fr\/site\/wp-content\/uploads\/2024\/07\/P1500873-500x375.jpg 500w, https:\/\/newsestlyonnais.fr\/site\/wp-content\/uploads\/2024\/07\/P1500873-550x413.jpg 550w, https:\/\/newsestlyonnais.fr\/site\/wp-content\/uploads\/2024\/07\/P1500873-800x600.jpg 800w, https:\/\/newsestlyonnais.fr\/site\/wp-content\/uploads\/2024\/07\/P1500873.jpg 1200w\" sizes=\"auto, (max-width: 293px) 100vw, 293px\" \/>Tableau f\u00e9minin<\/strong><\/span><\/p>\n<p><a class=\"a3glFf oRJe3d\" tabindex=\"0\" role=\"link\" data-ti=\"overview\" data-ved=\"2ahUKEwjSjOKbt6SHAxW7Q6QEHUXcA7UQ_coHegQIKxAD\">Bis Repetita puisque la chasselande l&#8217;emporte \u00e0 nouveau sur son ain\u00e9e \u00e0 l&rsquo;issue d&rsquo;une finale jou\u00e9e en moins d&rsquo;une heure 30.<\/a><\/p>\n<p><strong>Anna Creuzet<\/strong> (Chassieu Tennis, 3\/6) bat L\u00e9onie Boos (TC Lagnieu, 3\/6) \u00a0 \u00a0 <strong><span class=\"x4k7w5x x1h91t0o x1h9r5lt x1jfb8zj xv2umb2 x1beo9mf xaigb6o x12ejxvf x3igimt xarpa2k xedcshv x1lytzrv x1t2pt76 x7ja8zs x1qrby5j\"><span class=\"x193iq5w xeuugli x13faqbe x1vvkbs x1xmvt09 x1lliihq x1s928wv xhkezso x1gmr53x x1cpjm7i x1fgarty x1943h6x xudqn12 x3x7a5m x6prxxf xvq8zen xo1l8bm xzsf02u\" dir=\"auto\">6\/1, 6\/3<\/span><\/span>.<\/strong><\/p>\n<hr \/>\n<p><span style=\"background-color: #000000; color: #3366ff;\"><img loading=\"lazy\" decoding=\"async\" class=\"alignright wp-image-211295\" src=\"https:\/\/newsestlyonnais.fr\/site\/wp-content\/uploads\/2024\/07\/P1500876-250x188.jpg\" alt=\"\" width=\"293\" height=\"220\" srcset=\"https:\/\/newsestlyonnais.fr\/site\/wp-content\/uploads\/2024\/07\/P1500876-250x188.jpg 250w, https:\/\/newsestlyonnais.fr\/site\/wp-content\/uploads\/2024\/07\/P1500876-400x300.jpg 400w, https:\/\/newsestlyonnais.fr\/site\/wp-content\/uploads\/2024\/07\/P1500876-650x488.jpg 650w, https:\/\/newsestlyonnais.fr\/site\/wp-content\/uploads\/2024\/07\/P1500876-768x576.jpg 768w, https:\/\/newsestlyonnais.fr\/site\/wp-content\/uploads\/2024\/07\/P1500876-150x113.jpg 150w, https:\/\/newsestlyonnais.fr\/site\/wp-content\/uploads\/2024\/07\/P1500876-50x38.jpg 50w, https:\/\/newsestlyonnais.fr\/site\/wp-content\/uploads\/2024\/07\/P1500876-100x75.jpg 100w, https:\/\/newsestlyonnais.fr\/site\/wp-content\/uploads\/2024\/07\/P1500876-200x150.jpg 200w, https:\/\/newsestlyonnais.fr\/site\/wp-content\/uploads\/2024\/07\/P1500876-300x225.jpg 300w, https:\/\/newsestlyonnais.fr\/site\/wp-content\/uploads\/2024\/07\/P1500876-350x263.jpg 350w, https:\/\/newsestlyonnais.fr\/site\/wp-content\/uploads\/2024\/07\/P1500876-450x338.jpg 450w, https:\/\/newsestlyonnais.fr\/site\/wp-content\/uploads\/2024\/07\/P1500876-500x375.jpg 500w, https:\/\/newsestlyonnais.fr\/site\/wp-content\/uploads\/2024\/07\/P1500876-550x413.jpg 550w, https:\/\/newsestlyonnais.fr\/site\/wp-content\/uploads\/2024\/07\/P1500876-800x600.jpg 800w, https:\/\/newsestlyonnais.fr\/site\/wp-content\/uploads\/2024\/07\/P1500876.jpg 1200w\" sizes=\"auto, (max-width: 293px) 100vw, 293px\" \/>T<strong>ableau masculin<\/strong><\/span><\/p>\n<p>Lors de cette ultime partie, le jeune grenoblois s&rsquo;impose en moins de 2 heures et en 2 sets, ceci une nouvelle fois apr\u00e8s sa demi-finale, face \u00e0 un joueur du club organisateur.<\/p>\n<p><strong>No\u00e9 Vallier<\/strong> (Grenoble UC, 3\/6) bat Alexis Duval (TC D\u00e9cines, 4\/6) \u00a0\u00a0 <strong><span class=\"x4k7w5x x1h91t0o x1h9r5lt x1jfb8zj xv2umb2 x1beo9mf xaigb6o x12ejxvf x3igimt xarpa2k xedcshv x1lytzrv x1t2pt76 x7ja8zs x1qrby5j\"><span class=\"x193iq5w xeuugli x13faqbe x1vvkbs x1xmvt09 x1lliihq x1s928wv xhkezso x1gmr53x x1cpjm7i x1fgarty x1943h6x xudqn12 x3x7a5m x6prxxf xvq8zen xo1l8bm xzsf02u\" dir=\"auto\">6\/2, 7\/6<\/span><\/span>.<\/strong><\/p>\n<hr \/>\n<p><span style=\"background-color: #000000; color: #3366ff;\"><strong>Meilleurs parcours <\/strong><\/span><\/p>\n<ul>\n<li><strong>Mathieu Cibla<\/strong> (TC Charbonni\u00e8res, 30\/2) qui a gagn\u00e9 5 matches.<\/li>\n<\/ul>\n<hr \/>\n<p><strong><span style=\"background-color: #000000; color: #ffffff; font-size: 10pt;\">&gt;&gt; Historique des r\u00e9sultats du tournoi &gt;<\/span> <span style=\"color: #3366ff; background-color: #000000; font-size: 10pt;\"><a style=\"color: #3366ff; background-color: #000000;\" href=\"https:\/\/newsestlyonnais.fr\/site\/2024\/05\/22\/open-seniors-du-tc-decines\/\">https:\/\/newsestlyonnais.fr\/site\/2024\/05\/22\/open-seniors-du-tc-decines\/<\/a><\/span><\/strong><\/p>\n<div id='gallery-1' class='gallery galleryid-211206 gallery-columns-3 gallery-size-large'><figure class='gallery-item'>\n\t\t\t<div class='gallery-icon landscape'>\n\t\t\t\t<a href='https:\/\/newsestlyonnais.fr\/site\/2024\/07\/13\/decines-on-connait-le-palmares-du-tournoi-seniors-de-tennis\/p1500869\/'><img loading=\"lazy\" decoding=\"async\" width=\"640\" height=\"480\" src=\"https:\/\/newsestlyonnais.fr\/site\/wp-content\/uploads\/2024\/07\/P1500869-650x488.jpg\" class=\"attachment-large size-large\" alt=\"\" aria-describedby=\"gallery-1-211287\" srcset=\"https:\/\/newsestlyonnais.fr\/site\/wp-content\/uploads\/2024\/07\/P1500869-650x488.jpg 650w, https:\/\/newsestlyonnais.fr\/site\/wp-content\/uploads\/2024\/07\/P1500869-400x300.jpg 400w, https:\/\/newsestlyonnais.fr\/site\/wp-content\/uploads\/2024\/07\/P1500869-250x188.jpg 250w, https:\/\/newsestlyonnais.fr\/site\/wp-content\/uploads\/2024\/07\/P1500869-768x576.jpg 768w, https:\/\/newsestlyonnais.fr\/site\/wp-content\/uploads\/2024\/07\/P1500869-150x113.jpg 150w, https:\/\/newsestlyonnais.fr\/site\/wp-content\/uploads\/2024\/07\/P1500869-50x38.jpg 50w, https:\/\/newsestlyonnais.fr\/site\/wp-content\/uploads\/2024\/07\/P1500869-100x75.jpg 100w, https:\/\/newsestlyonnais.fr\/site\/wp-content\/uploads\/2024\/07\/P1500869-200x150.jpg 200w, https:\/\/newsestlyonnais.fr\/site\/wp-content\/uploads\/2024\/07\/P1500869-300x225.jpg 300w, https:\/\/newsestlyonnais.fr\/site\/wp-content\/uploads\/2024\/07\/P1500869-350x263.jpg 350w, https:\/\/newsestlyonnais.fr\/site\/wp-content\/uploads\/2024\/07\/P1500869-450x338.jpg 450w, https:\/\/newsestlyonnais.fr\/site\/wp-content\/uploads\/2024\/07\/P1500869-500x375.jpg 500w, https:\/\/newsestlyonnais.fr\/site\/wp-content\/uploads\/2024\/07\/P1500869-550x413.jpg 550w, https:\/\/newsestlyonnais.fr\/site\/wp-content\/uploads\/2024\/07\/P1500869-800x600.jpg 800w, https:\/\/newsestlyonnais.fr\/site\/wp-content\/uploads\/2024\/07\/P1500869.jpg 1200w\" sizes=\"auto, (max-width: 640px) 100vw, 640px\" \/><\/a>\n\t\t\t<\/div>\n\t\t\t\t<figcaption class='wp-caption-text gallery-caption' id='gallery-1-211287'>\n\t\t\t\tRemise des r\u00e9compenses du tournoi \n\t\t\t\t<\/figcaption><\/figure><figure class='gallery-item'>\n\t\t\t<div class='gallery-icon landscape'>\n\t\t\t\t<a href='https:\/\/newsestlyonnais.fr\/site\/2024\/07\/13\/decines-on-connait-le-palmares-du-tournoi-seniors-de-tennis\/p1500884\/'><img loading=\"lazy\" decoding=\"async\" width=\"640\" height=\"480\" src=\"https:\/\/newsestlyonnais.fr\/site\/wp-content\/uploads\/2024\/07\/P1500884-650x488.jpg\" class=\"attachment-large size-large\" alt=\"\" aria-describedby=\"gallery-1-211299\" srcset=\"https:\/\/newsestlyonnais.fr\/site\/wp-content\/uploads\/2024\/07\/P1500884-650x488.jpg 650w, https:\/\/newsestlyonnais.fr\/site\/wp-content\/uploads\/2024\/07\/P1500884-400x300.jpg 400w, https:\/\/newsestlyonnais.fr\/site\/wp-content\/uploads\/2024\/07\/P1500884-250x188.jpg 250w, https:\/\/newsestlyonnais.fr\/site\/wp-content\/uploads\/2024\/07\/P1500884-768x576.jpg 768w, https:\/\/newsestlyonnais.fr\/site\/wp-content\/uploads\/2024\/07\/P1500884-150x113.jpg 150w, https:\/\/newsestlyonnais.fr\/site\/wp-content\/uploads\/2024\/07\/P1500884-50x38.jpg 50w, https:\/\/newsestlyonnais.fr\/site\/wp-content\/uploads\/2024\/07\/P1500884-100x75.jpg 100w, https:\/\/newsestlyonnais.fr\/site\/wp-content\/uploads\/2024\/07\/P1500884-200x150.jpg 200w, https:\/\/newsestlyonnais.fr\/site\/wp-content\/uploads\/2024\/07\/P1500884-300x225.jpg 300w, https:\/\/newsestlyonnais.fr\/site\/wp-content\/uploads\/2024\/07\/P1500884-350x263.jpg 350w, https:\/\/newsestlyonnais.fr\/site\/wp-content\/uploads\/2024\/07\/P1500884-450x338.jpg 450w, https:\/\/newsestlyonnais.fr\/site\/wp-content\/uploads\/2024\/07\/P1500884-500x375.jpg 500w, https:\/\/newsestlyonnais.fr\/site\/wp-content\/uploads\/2024\/07\/P1500884-550x413.jpg 550w, https:\/\/newsestlyonnais.fr\/site\/wp-content\/uploads\/2024\/07\/P1500884-800x600.jpg 800w, https:\/\/newsestlyonnais.fr\/site\/wp-content\/uploads\/2024\/07\/P1500884.jpg 1200w\" sizes=\"auto, (max-width: 640px) 100vw, 640px\" \/><\/a>\n\t\t\t<\/div>\n\t\t\t\t<figcaption class='wp-caption-text gallery-caption' id='gallery-1-211299'>\n\t\t\t\tFinalistes et b\u00e9n\u00e9voles de l&rsquo;organisation\n\t\t\t\t<\/figcaption><\/figure>\n\t\t<\/div>\n\n<hr \/>\n","protected":false},"excerpt":{"rendered":"<p>Conclusion ce samedi apr\u00e8s-midi de la 4\u00b0 et avant derni\u00e8re \u00e9tape du circuit 2024 de l&rsquo;Est Lyonnais apr\u00e8s plus de trois semaines de comp\u00e9tition.<\/p>\n","protected":false},"author":4,"featured_media":212881,"comment_status":"open","ping_status":"open","sticky":false,"template":"","format":"standard","meta":{"footnotes":""},"categories":[21,2,2992,2991],"tags":[2116,2192,4331,2049,2216],"class_list":["post-211206","post","type-post","status-publish","format-standard","has-post-thumbnail","hentry","category-decines-charpieu","category-sports","category-tennis-padel","category-tennis-tennis-table-sports","tag-decines","tag-open","tag-tc-decines","tag-tennis","tag-tournoi"],"yoast_head":"<!-- This site is optimized with the Yoast SEO plugin v27.2 - https:\/\/yoast.com\/product\/yoast-seo-wordpress\/ -->\n<title>DECINES | On connait le palmar\u00e8s du tournoi seniors de tennis - News Est Lyonnais<\/title>\n<meta name=\"description\" content=\"DECINES | On connait le palmar\u00e8s du tournoi seniors de tennis\" \/>\n<meta name=\"robots\" content=\"index, follow, max-snippet:-1, max-image-preview:large, max-video-preview:-1\" \/>\n<link rel=\"canonical\" href=\"https:\/\/newsestlyonnais.fr\/site\/2024\/07\/13\/decines-on-connait-le-palmares-du-tournoi-seniors-de-tennis\/\" \/>\n<meta property=\"og:locale\" content=\"fr_FR\" \/>\n<meta property=\"og:type\" content=\"article\" \/>\n<meta property=\"og:title\" content=\"DECINES | On connait le palmar\u00e8s du tournoi seniors de tennis - News Est Lyonnais\" \/>\n<meta property=\"og:description\" content=\"DECINES | On connait le palmar\u00e8s du tournoi seniors de tennis\" \/>\n<meta property=\"og:url\" content=\"https:\/\/newsestlyonnais.fr\/site\/2024\/07\/13\/decines-on-connait-le-palmares-du-tournoi-seniors-de-tennis\/\" \/>\n<meta property=\"og:site_name\" content=\"News Est Lyonnais\" \/>\n<meta property=\"article:author\" content=\"https:\/\/www.facebook.com\/pascal.oberson.1?fref=ts\" \/>\n<meta property=\"article:published_time\" content=\"2024-07-13T16:43:52+00:00\" \/>\n<meta property=\"article:modified_time\" content=\"2024-09-19T12:32:27+00:00\" \/>\n<meta property=\"og:image\" content=\"https:\/\/newsestlyonnais.fr\/site\/wp-content\/uploads\/2024\/07\/P1500873-400x300.jpg\" \/>\n<meta name=\"author\" content=\"R\u00e9dac. NEWS\" \/>\n<meta name=\"twitter:card\" content=\"summary_large_image\" \/>\n<meta name=\"twitter:label1\" content=\"\u00c9crit par\" \/>\n\t<meta name=\"twitter:data1\" content=\"R\u00e9dac. NEWS\" \/>\n\t<meta name=\"twitter:label2\" content=\"Dur\u00e9e de lecture estim\u00e9e\" \/>\n\t<meta name=\"twitter:data2\" content=\"2 minutes\" \/>\n<script type=\"application\/ld+json\" class=\"yoast-schema-graph\">{\"@context\":\"https:\/\/schema.org\",\"@graph\":[{\"@type\":\"Article\",\"@id\":\"https:\/\/newsestlyonnais.fr\/site\/2024\/07\/13\/decines-on-connait-le-palmares-du-tournoi-seniors-de-tennis\/#article\",\"isPartOf\":{\"@id\":\"https:\/\/newsestlyonnais.fr\/site\/2024\/07\/13\/decines-on-connait-le-palmares-du-tournoi-seniors-de-tennis\/\"},\"author\":{\"name\":\"R\u00e9dac. NEWS\",\"@id\":\"https:\/\/newsestlyonnais.fr\/site\/#\/schema\/person\/3230d5615f390bb808365d673001e887\"},\"headline\":\"DECINES | On connait le palmar\u00e8s du tournoi seniors de tennis\",\"datePublished\":\"2024-07-13T16:43:52+00:00\",\"dateModified\":\"2024-09-19T12:32:27+00:00\",\"mainEntityOfPage\":{\"@id\":\"https:\/\/newsestlyonnais.fr\/site\/2024\/07\/13\/decines-on-connait-le-palmares-du-tournoi-seniors-de-tennis\/\"},\"wordCount\":271,\"commentCount\":0,\"publisher\":{\"@id\":\"https:\/\/newsestlyonnais.fr\/site\/#organization\"},\"image\":{\"@id\":\"https:\/\/newsestlyonnais.fr\/site\/2024\/07\/13\/decines-on-connait-le-palmares-du-tournoi-seniors-de-tennis\/#primaryimage\"},\"thumbnailUrl\":\"https:\/\/newsestlyonnais.fr\/site\/wp-content\/uploads\/2024\/07\/P1500879-4.jpg\",\"keywords\":[\"DECINES\",\"OPEN\",\"TC DECINES\",\"TENNIS\",\"TOURNOI\"],\"articleSection\":[\"D\u00e9cines-Charpieu\",\"Sports\",\"Tennis | Padel\",\"Tennis | Tennis de table\"],\"inLanguage\":\"fr-FR\",\"potentialAction\":[{\"@type\":\"CommentAction\",\"name\":\"Comment\",\"target\":[\"https:\/\/newsestlyonnais.fr\/site\/2024\/07\/13\/decines-on-connait-le-palmares-du-tournoi-seniors-de-tennis\/#respond\"]}]},{\"@type\":\"WebPage\",\"@id\":\"https:\/\/newsestlyonnais.fr\/site\/2024\/07\/13\/decines-on-connait-le-palmares-du-tournoi-seniors-de-tennis\/\",\"url\":\"https:\/\/newsestlyonnais.fr\/site\/2024\/07\/13\/decines-on-connait-le-palmares-du-tournoi-seniors-de-tennis\/\",\"name\":\"DECINES | On connait le palmar\u00e8s du tournoi seniors de tennis - News Est Lyonnais\",\"isPartOf\":{\"@id\":\"https:\/\/newsestlyonnais.fr\/site\/#website\"},\"primaryImageOfPage\":{\"@id\":\"https:\/\/newsestlyonnais.fr\/site\/2024\/07\/13\/decines-on-connait-le-palmares-du-tournoi-seniors-de-tennis\/#primaryimage\"},\"image\":{\"@id\":\"https:\/\/newsestlyonnais.fr\/site\/2024\/07\/13\/decines-on-connait-le-palmares-du-tournoi-seniors-de-tennis\/#primaryimage\"},\"thumbnailUrl\":\"https:\/\/newsestlyonnais.fr\/site\/wp-content\/uploads\/2024\/07\/P1500879-4.jpg\",\"datePublished\":\"2024-07-13T16:43:52+00:00\",\"dateModified\":\"2024-09-19T12:32:27+00:00\",\"description\":\"DECINES | On connait le palmar\u00e8s du tournoi seniors de tennis\",\"breadcrumb\":{\"@id\":\"https:\/\/newsestlyonnais.fr\/site\/2024\/07\/13\/decines-on-connait-le-palmares-du-tournoi-seniors-de-tennis\/#breadcrumb\"},\"inLanguage\":\"fr-FR\",\"potentialAction\":[{\"@type\":\"ReadAction\",\"target\":[\"https:\/\/newsestlyonnais.fr\/site\/2024\/07\/13\/decines-on-connait-le-palmares-du-tournoi-seniors-de-tennis\/\"]}]},{\"@type\":\"ImageObject\",\"inLanguage\":\"fr-FR\",\"@id\":\"https:\/\/newsestlyonnais.fr\/site\/2024\/07\/13\/decines-on-connait-le-palmares-du-tournoi-seniors-de-tennis\/#primaryimage\",\"url\":\"https:\/\/newsestlyonnais.fr\/site\/wp-content\/uploads\/2024\/07\/P1500879-4.jpg\",\"contentUrl\":\"https:\/\/newsestlyonnais.fr\/site\/wp-content\/uploads\/2024\/07\/P1500879-4.jpg\",\"width\":1200,\"height\":900},{\"@type\":\"BreadcrumbList\",\"@id\":\"https:\/\/newsestlyonnais.fr\/site\/2024\/07\/13\/decines-on-connait-le-palmares-du-tournoi-seniors-de-tennis\/#breadcrumb\",\"itemListElement\":[{\"@type\":\"ListItem\",\"position\":1,\"name\":\"Accueil\",\"item\":\"https:\/\/newsestlyonnais.fr\/site\/\"},{\"@type\":\"ListItem\",\"position\":2,\"name\":\"DECINES | On connait le palmar\u00e8s du tournoi seniors de tennis\"}]},{\"@type\":\"WebSite\",\"@id\":\"https:\/\/newsestlyonnais.fr\/site\/#website\",\"url\":\"https:\/\/newsestlyonnais.fr\/site\/\",\"name\":\"News Est Lyonnais\",\"description\":\"L&#039;actualit\u00e9 au plus pr\u00e8s\",\"publisher\":{\"@id\":\"https:\/\/newsestlyonnais.fr\/site\/#organization\"},\"potentialAction\":[{\"@type\":\"SearchAction\",\"target\":{\"@type\":\"EntryPoint\",\"urlTemplate\":\"https:\/\/newsestlyonnais.fr\/site\/?s={search_term_string}\"},\"query-input\":{\"@type\":\"PropertyValueSpecification\",\"valueRequired\":true,\"valueName\":\"search_term_string\"}}],\"inLanguage\":\"fr-FR\"},{\"@type\":\"Organization\",\"@id\":\"https:\/\/newsestlyonnais.fr\/site\/#organization\",\"name\":\"News EST LYONNAIS\",\"url\":\"https:\/\/newsestlyonnais.fr\/site\/\",\"logo\":{\"@type\":\"ImageObject\",\"inLanguage\":\"fr-FR\",\"@id\":\"https:\/\/newsestlyonnais.fr\/site\/#\/schema\/logo\/image\/\",\"url\":\"\",\"contentUrl\":\"\",\"caption\":\"News EST LYONNAIS\"},\"image\":{\"@id\":\"https:\/\/newsestlyonnais.fr\/site\/#\/schema\/logo\/image\/\"}},{\"@type\":\"Person\",\"@id\":\"https:\/\/newsestlyonnais.fr\/site\/#\/schema\/person\/3230d5615f390bb808365d673001e887\",\"name\":\"R\u00e9dac. NEWS\",\"sameAs\":[\"http:\/\/www.newsestlyonnais.fr\",\"https:\/\/www.facebook.com\/pascal.oberson.1?fref=ts\",\"https:\/\/fr.linkedin.com\/in\/pascal-oberson-b17045113\"],\"url\":\"https:\/\/newsestlyonnais.fr\/site\/author\/nel\/\"}]}<\/script>\n<!-- \/ Yoast SEO plugin. -->","yoast_head_json":{"title":"DECINES | On connait le palmar\u00e8s du tournoi seniors de tennis - News Est Lyonnais","description":"DECINES | On connait le palmar\u00e8s du tournoi seniors de tennis","robots":{"index":"index","follow":"follow","max-snippet":"max-snippet:-1","max-image-preview":"max-image-preview:large","max-video-preview":"max-video-preview:-1"},"canonical":"https:\/\/newsestlyonnais.fr\/site\/2024\/07\/13\/decines-on-connait-le-palmares-du-tournoi-seniors-de-tennis\/","og_locale":"fr_FR","og_type":"article","og_title":"DECINES | On connait le palmar\u00e8s du tournoi seniors de tennis - News Est Lyonnais","og_description":"DECINES | On connait le palmar\u00e8s du tournoi seniors de tennis","og_url":"https:\/\/newsestlyonnais.fr\/site\/2024\/07\/13\/decines-on-connait-le-palmares-du-tournoi-seniors-de-tennis\/","og_site_name":"News Est Lyonnais","article_author":"https:\/\/www.facebook.com\/pascal.oberson.1?fref=ts","article_published_time":"2024-07-13T16:43:52+00:00","article_modified_time":"2024-09-19T12:32:27+00:00","og_image":[{"url":"https:\/\/newsestlyonnais.fr\/site\/wp-content\/uploads\/2024\/07\/P1500873-400x300.jpg","type":"","width":"","height":""}],"author":"R\u00e9dac. NEWS","twitter_card":"summary_large_image","twitter_misc":{"\u00c9crit par":"R\u00e9dac. NEWS","Dur\u00e9e de lecture estim\u00e9e":"2 minutes"},"schema":{"@context":"https:\/\/schema.org","@graph":[{"@type":"Article","@id":"https:\/\/newsestlyonnais.fr\/site\/2024\/07\/13\/decines-on-connait-le-palmares-du-tournoi-seniors-de-tennis\/#article","isPartOf":{"@id":"https:\/\/newsestlyonnais.fr\/site\/2024\/07\/13\/decines-on-connait-le-palmares-du-tournoi-seniors-de-tennis\/"},"author":{"name":"R\u00e9dac. NEWS","@id":"https:\/\/newsestlyonnais.fr\/site\/#\/schema\/person\/3230d5615f390bb808365d673001e887"},"headline":"DECINES | On connait le palmar\u00e8s du tournoi seniors de tennis","datePublished":"2024-07-13T16:43:52+00:00","dateModified":"2024-09-19T12:32:27+00:00","mainEntityOfPage":{"@id":"https:\/\/newsestlyonnais.fr\/site\/2024\/07\/13\/decines-on-connait-le-palmares-du-tournoi-seniors-de-tennis\/"},"wordCount":271,"commentCount":0,"publisher":{"@id":"https:\/\/newsestlyonnais.fr\/site\/#organization"},"image":{"@id":"https:\/\/newsestlyonnais.fr\/site\/2024\/07\/13\/decines-on-connait-le-palmares-du-tournoi-seniors-de-tennis\/#primaryimage"},"thumbnailUrl":"https:\/\/newsestlyonnais.fr\/site\/wp-content\/uploads\/2024\/07\/P1500879-4.jpg","keywords":["DECINES","OPEN","TC DECINES","TENNIS","TOURNOI"],"articleSection":["D\u00e9cines-Charpieu","Sports","Tennis | Padel","Tennis | Tennis de table"],"inLanguage":"fr-FR","potentialAction":[{"@type":"CommentAction","name":"Comment","target":["https:\/\/newsestlyonnais.fr\/site\/2024\/07\/13\/decines-on-connait-le-palmares-du-tournoi-seniors-de-tennis\/#respond"]}]},{"@type":"WebPage","@id":"https:\/\/newsestlyonnais.fr\/site\/2024\/07\/13\/decines-on-connait-le-palmares-du-tournoi-seniors-de-tennis\/","url":"https:\/\/newsestlyonnais.fr\/site\/2024\/07\/13\/decines-on-connait-le-palmares-du-tournoi-seniors-de-tennis\/","name":"DECINES | On connait le palmar\u00e8s du tournoi seniors de tennis - News Est Lyonnais","isPartOf":{"@id":"https:\/\/newsestlyonnais.fr\/site\/#website"},"primaryImageOfPage":{"@id":"https:\/\/newsestlyonnais.fr\/site\/2024\/07\/13\/decines-on-connait-le-palmares-du-tournoi-seniors-de-tennis\/#primaryimage"},"image":{"@id":"https:\/\/newsestlyonnais.fr\/site\/2024\/07\/13\/decines-on-connait-le-palmares-du-tournoi-seniors-de-tennis\/#primaryimage"},"thumbnailUrl":"https:\/\/newsestlyonnais.fr\/site\/wp-content\/uploads\/2024\/07\/P1500879-4.jpg","datePublished":"2024-07-13T16:43:52+00:00","dateModified":"2024-09-19T12:32:27+00:00","description":"DECINES | On connait le palmar\u00e8s du tournoi seniors de tennis","breadcrumb":{"@id":"https:\/\/newsestlyonnais.fr\/site\/2024\/07\/13\/decines-on-connait-le-palmares-du-tournoi-seniors-de-tennis\/#breadcrumb"},"inLanguage":"fr-FR","potentialAction":[{"@type":"ReadAction","target":["https:\/\/newsestlyonnais.fr\/site\/2024\/07\/13\/decines-on-connait-le-palmares-du-tournoi-seniors-de-tennis\/"]}]},{"@type":"ImageObject","inLanguage":"fr-FR","@id":"https:\/\/newsestlyonnais.fr\/site\/2024\/07\/13\/decines-on-connait-le-palmares-du-tournoi-seniors-de-tennis\/#primaryimage","url":"https:\/\/newsestlyonnais.fr\/site\/wp-content\/uploads\/2024\/07\/P1500879-4.jpg","contentUrl":"https:\/\/newsestlyonnais.fr\/site\/wp-content\/uploads\/2024\/07\/P1500879-4.jpg","width":1200,"height":900},{"@type":"BreadcrumbList","@id":"https:\/\/newsestlyonnais.fr\/site\/2024\/07\/13\/decines-on-connait-le-palmares-du-tournoi-seniors-de-tennis\/#breadcrumb","itemListElement":[{"@type":"ListItem","position":1,"name":"Accueil","item":"https:\/\/newsestlyonnais.fr\/site\/"},{"@type":"ListItem","position":2,"name":"DECINES | On connait le palmar\u00e8s du tournoi seniors de tennis"}]},{"@type":"WebSite","@id":"https:\/\/newsestlyonnais.fr\/site\/#website","url":"https:\/\/newsestlyonnais.fr\/site\/","name":"News Est Lyonnais","description":"L&#039;actualit\u00e9 au plus pr\u00e8s","publisher":{"@id":"https:\/\/newsestlyonnais.fr\/site\/#organization"},"potentialAction":[{"@type":"SearchAction","target":{"@type":"EntryPoint","urlTemplate":"https:\/\/newsestlyonnais.fr\/site\/?s={search_term_string}"},"query-input":{"@type":"PropertyValueSpecification","valueRequired":true,"valueName":"search_term_string"}}],"inLanguage":"fr-FR"},{"@type":"Organization","@id":"https:\/\/newsestlyonnais.fr\/site\/#organization","name":"News EST LYONNAIS","url":"https:\/\/newsestlyonnais.fr\/site\/","logo":{"@type":"ImageObject","inLanguage":"fr-FR","@id":"https:\/\/newsestlyonnais.fr\/site\/#\/schema\/logo\/image\/","url":"","contentUrl":"","caption":"News EST LYONNAIS"},"image":{"@id":"https:\/\/newsestlyonnais.fr\/site\/#\/schema\/logo\/image\/"}},{"@type":"Person","@id":"https:\/\/newsestlyonnais.fr\/site\/#\/schema\/person\/3230d5615f390bb808365d673001e887","name":"R\u00e9dac. NEWS","sameAs":["http:\/\/www.newsestlyonnais.fr","https:\/\/www.facebook.com\/pascal.oberson.1?fref=ts","https:\/\/fr.linkedin.com\/in\/pascal-oberson-b17045113"],"url":"https:\/\/newsestlyonnais.fr\/site\/author\/nel\/"}]}},"_links":{"self":[{"href":"https:\/\/newsestlyonnais.fr\/site\/wp-json\/wp\/v2\/posts\/211206","targetHints":{"allow":["GET"]}}],"collection":[{"href":"https:\/\/newsestlyonnais.fr\/site\/wp-json\/wp\/v2\/posts"}],"about":[{"href":"https:\/\/newsestlyonnais.fr\/site\/wp-json\/wp\/v2\/types\/post"}],"author":[{"embeddable":true,"href":"https:\/\/newsestlyonnais.fr\/site\/wp-json\/wp\/v2\/users\/4"}],"replies":[{"embeddable":true,"href":"https:\/\/newsestlyonnais.fr\/site\/wp-json\/wp\/v2\/comments?post=211206"}],"version-history":[{"count":0,"href":"https:\/\/newsestlyonnais.fr\/site\/wp-json\/wp\/v2\/posts\/211206\/revisions"}],"wp:featuredmedia":[{"embeddable":true,"href":"https:\/\/newsestlyonnais.fr\/site\/wp-json\/wp\/v2\/media\/212881"}],"wp:attachment":[{"href":"https:\/\/newsestlyonnais.fr\/site\/wp-json\/wp\/v2\/media?parent=211206"}],"wp:term":[{"taxonomy":"category","embeddable":true,"href":"https:\/\/newsestlyonnais.fr\/site\/wp-json\/wp\/v2\/categories?post=211206"},{"taxonomy":"post_tag","embeddable":true,"href":"https:\/\/newsestlyonnais.fr\/site\/wp-json\/wp\/v2\/tags?post=211206"}],"curies":[{"name":"wp","href":"https:\/\/api.w.org\/{rel}","templated":true}]}}