{"id":211627,"date":"2024-07-20T06:35:58","date_gmt":"2024-07-20T05:35:58","guid":{"rendered":"https:\/\/newsestlyonnais.fr\/site\/?p=211627"},"modified":"2024-07-22T05:22:47","modified_gmt":"2024-07-22T04:22:47","slug":"bron-lopen-seniors-de-tennis-au-stade-des-finales","status":"publish","type":"post","link":"https:\/\/newsestlyonnais.fr\/site\/2024\/07\/20\/bron-lopen-seniors-de-tennis-au-stade-des-finales\/","title":{"rendered":"BRON | L\u2019open seniors de tennis au stade des finales"},"content":{"rendered":"<p><span style=\"background-color: #000000; color: #3366ff;\"><strong>Tableau f\u00e9minin<\/strong><\/span><\/p>\n<p><span style=\"background-color: #000000; color: #ffffff;\"><strong>1\/2 finales :<\/strong><\/span><\/p>\n<p>Dans ces deux parties, la logique a \u00e9t\u00e9 respect\u00e9e : pour la premi\u00e8re dans un match 100% lyonnais et du m\u00eame club et pour l&rsquo;autre avec un succ\u00e8s de la joueuse de Sa\u00f4ne et Loire face \u00e0 une autre lyonnaise.<\/p>\n<ul>\n<li><strong>Pauline Grenier<\/strong> (TC Lyon, 5\/6) bat Axelle Tourne (TC Lyon, 15\/1)\u00a0\u00a0\u00a0\u00a0\u00a0 <strong>6\/3, 6\/2<\/strong>.<\/li>\n<li><strong>Joanna Casteletto<\/strong> (TC Priss\u00e9, 5\/6) bat Metge Dujour (TC Lyon, 15)\u00a0 \u00a0 \u00a0 <strong>6\/2,6\/1.<\/strong><\/li>\n<\/ul>\n<hr \/>\n<p><strong data-wp-editing=\"1\"><span style=\"background-color: #000000; color: #3366ff;\">Tableau masculin<\/span><br \/>\n<\/strong><\/p>\n<p>Dans la matin\u00e9e le joueur dr\u00f4mois s&rsquo;\u00e9tait impos\u00e9 en quarts de finale, en 3 sets, avant de remporter en soir\u00e9e, un large succ\u00e8s (deux fois 6\/0) alors que dans la seconde rencontre, c&rsquo;\u00e9tait un affrontement entre fid\u00e9siens conclu en 2 sets.<\/p>\n<p><span style=\"background-color: #000000; color: #ffffff;\"><strong>1\/4 de finale<\/strong><\/span><\/p>\n<ul>\n<li><strong>Hugo Castello <\/strong>(Tennis et Padel Bourg les Valence, 1\/6) bat Anthony Laschamps-Gueret (TC Caluire, 4\/6)\u00a0\u00a0\u00a0\u00a0 <strong>2\/6, 6\/2, 6\/3.<\/strong><\/li>\n<\/ul>\n<p><span style=\"background-color: #000000; color: #ffffff;\"><strong>1\/2 finales : <\/strong><\/span><\/p>\n<ul>\n<li><strong>Titouan Germe<\/strong> (TC Fid\u00e9sien, 3\/6) bat Sacha Lancelot (TC Fid\u00e9sien, 3\/6) \u00a0\u00a0 \u00a0\u00a0\u00a0\u00a0 <strong>6\/3, 6\/2<\/strong>.<\/li>\n<li><strong>Hugo Castello<\/strong> (Tennis et Padel Bourg les Valence, 1\/6) bat Lucas Mpetshi-Semedo (ASUL Tennis, 4\/6) \u00a0\u00a0 \u00a0\u00a0 <strong>6\/0, 6\/0.<\/strong><\/li>\n<\/ul>\n<hr \/>\n<p><span style=\"background-color: #000000; color: #ffcc00; font-size: 14pt;\">Le programme des finales du jour (10 heures) : <\/span><\/p>\n<p><span style=\"background-color: #000000; color: #3366ff;\"><strong>Tableau f\u00e9minin<\/strong><\/span><\/p>\n<p><strong>Pauline Grenier<\/strong> (TC Lyon, 5\/6) \/<strong> Joanna Casteletto<\/strong> (TC Priss\u00e9, 5\/6).<\/p>\n<p><strong data-wp-editing=\"1\"><span style=\"background-color: #000000; color: #3366ff;\">Tableau masculin<\/span><br \/>\n<\/strong><\/p>\n<p><strong>Titouan Germe<\/strong> (TC Fid\u00e9sien, 3\/6) \/<strong> Hugo Castello<\/strong> (Tennis et Padel Bourg les Valence, 1\/6).<\/p>\n<hr \/>\n<hr \/>\n<p>&nbsp;<\/p>\n","protected":false},"excerpt":{"rendered":"<p>Cinq rencontres disput\u00e9es vendredi dans cette comp\u00e9tition qui s&rsquo;ach\u00e8ve ce samedi matin.<\/p>\n","protected":false},"author":4,"featured_media":208186,"comment_status":"open","ping_status":"open","sticky":false,"template":"","format":"standard","meta":{"footnotes":""},"categories":[19,2992,2991],"tags":[2072,2192,2670,2049,2216],"class_list":["post-211627","post","type-post","status-publish","format-standard","has-post-thumbnail","hentry","category-bron","category-tennis-padel","category-tennis-tennis-table-sports","tag-bron","tag-open","tag-tc-bron","tag-tennis","tag-tournoi"],"yoast_head":"<!-- This site is optimized with the Yoast SEO plugin v27.2 - https:\/\/yoast.com\/product\/yoast-seo-wordpress\/ -->\n<title>BRON | L\u2019open seniors de tennis au stade des finales - News Est Lyonnais<\/title>\n<meta name=\"description\" content=\"BRON | L\u2019open seniors de tennis au stade des finales\" \/>\n<meta name=\"robots\" content=\"index, follow, max-snippet:-1, max-image-preview:large, max-video-preview:-1\" \/>\n<link rel=\"canonical\" href=\"https:\/\/newsestlyonnais.fr\/site\/2024\/07\/20\/bron-lopen-seniors-de-tennis-au-stade-des-finales\/\" \/>\n<meta property=\"og:locale\" content=\"fr_FR\" \/>\n<meta property=\"og:type\" content=\"article\" \/>\n<meta property=\"og:title\" content=\"BRON | L\u2019open seniors de tennis au stade des finales - News Est Lyonnais\" \/>\n<meta property=\"og:description\" content=\"BRON | L\u2019open seniors de tennis au stade des finales\" \/>\n<meta property=\"og:url\" content=\"https:\/\/newsestlyonnais.fr\/site\/2024\/07\/20\/bron-lopen-seniors-de-tennis-au-stade-des-finales\/\" \/>\n<meta property=\"og:site_name\" content=\"News Est Lyonnais\" \/>\n<meta property=\"article:author\" content=\"https:\/\/www.facebook.com\/pascal.oberson.1?fref=ts\" \/>\n<meta property=\"article:published_time\" content=\"2024-07-20T05:35:58+00:00\" \/>\n<meta property=\"article:modified_time\" content=\"2024-07-22T04:22:47+00:00\" \/>\n<meta property=\"og:image\" content=\"https:\/\/newsestlyonnais.fr\/site\/wp-content\/uploads\/2024\/06\/P1440604.jpg\" \/>\n\t<meta property=\"og:image:width\" content=\"1200\" \/>\n\t<meta property=\"og:image:height\" content=\"900\" \/>\n\t<meta property=\"og:image:type\" content=\"image\/jpeg\" \/>\n<meta name=\"author\" content=\"R\u00e9dac. NEWS\" \/>\n<meta name=\"twitter:card\" content=\"summary_large_image\" \/>\n<meta name=\"twitter:label1\" content=\"\u00c9crit par\" \/>\n\t<meta name=\"twitter:data1\" content=\"R\u00e9dac. NEWS\" \/>\n\t<meta name=\"twitter:label2\" content=\"Dur\u00e9e de lecture estim\u00e9e\" \/>\n\t<meta name=\"twitter:data2\" content=\"2 minutes\" \/>\n<script type=\"application\/ld+json\" class=\"yoast-schema-graph\">{\"@context\":\"https:\/\/schema.org\",\"@graph\":[{\"@type\":\"Article\",\"@id\":\"https:\/\/newsestlyonnais.fr\/site\/2024\/07\/20\/bron-lopen-seniors-de-tennis-au-stade-des-finales\/#article\",\"isPartOf\":{\"@id\":\"https:\/\/newsestlyonnais.fr\/site\/2024\/07\/20\/bron-lopen-seniors-de-tennis-au-stade-des-finales\/\"},\"author\":{\"name\":\"R\u00e9dac. NEWS\",\"@id\":\"https:\/\/newsestlyonnais.fr\/site\/#\/schema\/person\/3230d5615f390bb808365d673001e887\"},\"headline\":\"BRON | L\u2019open seniors de tennis au stade des finales\",\"datePublished\":\"2024-07-20T05:35:58+00:00\",\"dateModified\":\"2024-07-22T04:22:47+00:00\",\"mainEntityOfPage\":{\"@id\":\"https:\/\/newsestlyonnais.fr\/site\/2024\/07\/20\/bron-lopen-seniors-de-tennis-au-stade-des-finales\/\"},\"wordCount\":196,\"commentCount\":0,\"publisher\":{\"@id\":\"https:\/\/newsestlyonnais.fr\/site\/#organization\"},\"image\":{\"@id\":\"https:\/\/newsestlyonnais.fr\/site\/2024\/07\/20\/bron-lopen-seniors-de-tennis-au-stade-des-finales\/#primaryimage\"},\"thumbnailUrl\":\"https:\/\/newsestlyonnais.fr\/site\/wp-content\/uploads\/2024\/06\/P1440604.jpg\",\"keywords\":[\"BRON\",\"OPEN\",\"TC BRON\",\"TENNIS\",\"TOURNOI\"],\"articleSection\":[\"Bron\",\"Tennis | Padel\",\"Tennis | Tennis de table\"],\"inLanguage\":\"fr-FR\",\"potentialAction\":[{\"@type\":\"CommentAction\",\"name\":\"Comment\",\"target\":[\"https:\/\/newsestlyonnais.fr\/site\/2024\/07\/20\/bron-lopen-seniors-de-tennis-au-stade-des-finales\/#respond\"]}]},{\"@type\":\"WebPage\",\"@id\":\"https:\/\/newsestlyonnais.fr\/site\/2024\/07\/20\/bron-lopen-seniors-de-tennis-au-stade-des-finales\/\",\"url\":\"https:\/\/newsestlyonnais.fr\/site\/2024\/07\/20\/bron-lopen-seniors-de-tennis-au-stade-des-finales\/\",\"name\":\"BRON | L\u2019open seniors de tennis au stade des finales - News Est Lyonnais\",\"isPartOf\":{\"@id\":\"https:\/\/newsestlyonnais.fr\/site\/#website\"},\"primaryImageOfPage\":{\"@id\":\"https:\/\/newsestlyonnais.fr\/site\/2024\/07\/20\/bron-lopen-seniors-de-tennis-au-stade-des-finales\/#primaryimage\"},\"image\":{\"@id\":\"https:\/\/newsestlyonnais.fr\/site\/2024\/07\/20\/bron-lopen-seniors-de-tennis-au-stade-des-finales\/#primaryimage\"},\"thumbnailUrl\":\"https:\/\/newsestlyonnais.fr\/site\/wp-content\/uploads\/2024\/06\/P1440604.jpg\",\"datePublished\":\"2024-07-20T05:35:58+00:00\",\"dateModified\":\"2024-07-22T04:22:47+00:00\",\"description\":\"BRON | L\u2019open seniors de tennis au stade des finales\",\"breadcrumb\":{\"@id\":\"https:\/\/newsestlyonnais.fr\/site\/2024\/07\/20\/bron-lopen-seniors-de-tennis-au-stade-des-finales\/#breadcrumb\"},\"inLanguage\":\"fr-FR\",\"potentialAction\":[{\"@type\":\"ReadAction\",\"target\":[\"https:\/\/newsestlyonnais.fr\/site\/2024\/07\/20\/bron-lopen-seniors-de-tennis-au-stade-des-finales\/\"]}]},{\"@type\":\"ImageObject\",\"inLanguage\":\"fr-FR\",\"@id\":\"https:\/\/newsestlyonnais.fr\/site\/2024\/07\/20\/bron-lopen-seniors-de-tennis-au-stade-des-finales\/#primaryimage\",\"url\":\"https:\/\/newsestlyonnais.fr\/site\/wp-content\/uploads\/2024\/06\/P1440604.jpg\",\"contentUrl\":\"https:\/\/newsestlyonnais.fr\/site\/wp-content\/uploads\/2024\/06\/P1440604.jpg\",\"width\":1200,\"height\":900},{\"@type\":\"BreadcrumbList\",\"@id\":\"https:\/\/newsestlyonnais.fr\/site\/2024\/07\/20\/bron-lopen-seniors-de-tennis-au-stade-des-finales\/#breadcrumb\",\"itemListElement\":[{\"@type\":\"ListItem\",\"position\":1,\"name\":\"Accueil\",\"item\":\"https:\/\/newsestlyonnais.fr\/site\/\"},{\"@type\":\"ListItem\",\"position\":2,\"name\":\"BRON | L\u2019open seniors de tennis au stade des finales\"}]},{\"@type\":\"WebSite\",\"@id\":\"https:\/\/newsestlyonnais.fr\/site\/#website\",\"url\":\"https:\/\/newsestlyonnais.fr\/site\/\",\"name\":\"News Est Lyonnais\",\"description\":\"L&#039;actualit\u00e9 au plus pr\u00e8s\",\"publisher\":{\"@id\":\"https:\/\/newsestlyonnais.fr\/site\/#organization\"},\"potentialAction\":[{\"@type\":\"SearchAction\",\"target\":{\"@type\":\"EntryPoint\",\"urlTemplate\":\"https:\/\/newsestlyonnais.fr\/site\/?s={search_term_string}\"},\"query-input\":{\"@type\":\"PropertyValueSpecification\",\"valueRequired\":true,\"valueName\":\"search_term_string\"}}],\"inLanguage\":\"fr-FR\"},{\"@type\":\"Organization\",\"@id\":\"https:\/\/newsestlyonnais.fr\/site\/#organization\",\"name\":\"News EST LYONNAIS\",\"url\":\"https:\/\/newsestlyonnais.fr\/site\/\",\"logo\":{\"@type\":\"ImageObject\",\"inLanguage\":\"fr-FR\",\"@id\":\"https:\/\/newsestlyonnais.fr\/site\/#\/schema\/logo\/image\/\",\"url\":\"\",\"contentUrl\":\"\",\"caption\":\"News EST LYONNAIS\"},\"image\":{\"@id\":\"https:\/\/newsestlyonnais.fr\/site\/#\/schema\/logo\/image\/\"}},{\"@type\":\"Person\",\"@id\":\"https:\/\/newsestlyonnais.fr\/site\/#\/schema\/person\/3230d5615f390bb808365d673001e887\",\"name\":\"R\u00e9dac. NEWS\",\"sameAs\":[\"http:\/\/www.newsestlyonnais.fr\",\"https:\/\/www.facebook.com\/pascal.oberson.1?fref=ts\",\"https:\/\/fr.linkedin.com\/in\/pascal-oberson-b17045113\"],\"url\":\"https:\/\/newsestlyonnais.fr\/site\/author\/nel\/\"}]}<\/script>\n<!-- \/ Yoast SEO plugin. -->","yoast_head_json":{"title":"BRON | L\u2019open seniors de tennis au stade des finales - News Est Lyonnais","description":"BRON | L\u2019open seniors de tennis au stade des finales","robots":{"index":"index","follow":"follow","max-snippet":"max-snippet:-1","max-image-preview":"max-image-preview:large","max-video-preview":"max-video-preview:-1"},"canonical":"https:\/\/newsestlyonnais.fr\/site\/2024\/07\/20\/bron-lopen-seniors-de-tennis-au-stade-des-finales\/","og_locale":"fr_FR","og_type":"article","og_title":"BRON | L\u2019open seniors de tennis au stade des finales - News Est Lyonnais","og_description":"BRON | L\u2019open seniors de tennis au stade des finales","og_url":"https:\/\/newsestlyonnais.fr\/site\/2024\/07\/20\/bron-lopen-seniors-de-tennis-au-stade-des-finales\/","og_site_name":"News Est Lyonnais","article_author":"https:\/\/www.facebook.com\/pascal.oberson.1?fref=ts","article_published_time":"2024-07-20T05:35:58+00:00","article_modified_time":"2024-07-22T04:22:47+00:00","og_image":[{"width":1200,"height":900,"url":"https:\/\/newsestlyonnais.fr\/site\/wp-content\/uploads\/2024\/06\/P1440604.jpg","type":"image\/jpeg"}],"author":"R\u00e9dac. NEWS","twitter_card":"summary_large_image","twitter_misc":{"\u00c9crit par":"R\u00e9dac. NEWS","Dur\u00e9e de lecture estim\u00e9e":"2 minutes"},"schema":{"@context":"https:\/\/schema.org","@graph":[{"@type":"Article","@id":"https:\/\/newsestlyonnais.fr\/site\/2024\/07\/20\/bron-lopen-seniors-de-tennis-au-stade-des-finales\/#article","isPartOf":{"@id":"https:\/\/newsestlyonnais.fr\/site\/2024\/07\/20\/bron-lopen-seniors-de-tennis-au-stade-des-finales\/"},"author":{"name":"R\u00e9dac. NEWS","@id":"https:\/\/newsestlyonnais.fr\/site\/#\/schema\/person\/3230d5615f390bb808365d673001e887"},"headline":"BRON | L\u2019open seniors de tennis au stade des finales","datePublished":"2024-07-20T05:35:58+00:00","dateModified":"2024-07-22T04:22:47+00:00","mainEntityOfPage":{"@id":"https:\/\/newsestlyonnais.fr\/site\/2024\/07\/20\/bron-lopen-seniors-de-tennis-au-stade-des-finales\/"},"wordCount":196,"commentCount":0,"publisher":{"@id":"https:\/\/newsestlyonnais.fr\/site\/#organization"},"image":{"@id":"https:\/\/newsestlyonnais.fr\/site\/2024\/07\/20\/bron-lopen-seniors-de-tennis-au-stade-des-finales\/#primaryimage"},"thumbnailUrl":"https:\/\/newsestlyonnais.fr\/site\/wp-content\/uploads\/2024\/06\/P1440604.jpg","keywords":["BRON","OPEN","TC BRON","TENNIS","TOURNOI"],"articleSection":["Bron","Tennis | Padel","Tennis | Tennis de table"],"inLanguage":"fr-FR","potentialAction":[{"@type":"CommentAction","name":"Comment","target":["https:\/\/newsestlyonnais.fr\/site\/2024\/07\/20\/bron-lopen-seniors-de-tennis-au-stade-des-finales\/#respond"]}]},{"@type":"WebPage","@id":"https:\/\/newsestlyonnais.fr\/site\/2024\/07\/20\/bron-lopen-seniors-de-tennis-au-stade-des-finales\/","url":"https:\/\/newsestlyonnais.fr\/site\/2024\/07\/20\/bron-lopen-seniors-de-tennis-au-stade-des-finales\/","name":"BRON | L\u2019open seniors de tennis au stade des finales - News Est Lyonnais","isPartOf":{"@id":"https:\/\/newsestlyonnais.fr\/site\/#website"},"primaryImageOfPage":{"@id":"https:\/\/newsestlyonnais.fr\/site\/2024\/07\/20\/bron-lopen-seniors-de-tennis-au-stade-des-finales\/#primaryimage"},"image":{"@id":"https:\/\/newsestlyonnais.fr\/site\/2024\/07\/20\/bron-lopen-seniors-de-tennis-au-stade-des-finales\/#primaryimage"},"thumbnailUrl":"https:\/\/newsestlyonnais.fr\/site\/wp-content\/uploads\/2024\/06\/P1440604.jpg","datePublished":"2024-07-20T05:35:58+00:00","dateModified":"2024-07-22T04:22:47+00:00","description":"BRON | L\u2019open seniors de tennis au stade des finales","breadcrumb":{"@id":"https:\/\/newsestlyonnais.fr\/site\/2024\/07\/20\/bron-lopen-seniors-de-tennis-au-stade-des-finales\/#breadcrumb"},"inLanguage":"fr-FR","potentialAction":[{"@type":"ReadAction","target":["https:\/\/newsestlyonnais.fr\/site\/2024\/07\/20\/bron-lopen-seniors-de-tennis-au-stade-des-finales\/"]}]},{"@type":"ImageObject","inLanguage":"fr-FR","@id":"https:\/\/newsestlyonnais.fr\/site\/2024\/07\/20\/bron-lopen-seniors-de-tennis-au-stade-des-finales\/#primaryimage","url":"https:\/\/newsestlyonnais.fr\/site\/wp-content\/uploads\/2024\/06\/P1440604.jpg","contentUrl":"https:\/\/newsestlyonnais.fr\/site\/wp-content\/uploads\/2024\/06\/P1440604.jpg","width":1200,"height":900},{"@type":"BreadcrumbList","@id":"https:\/\/newsestlyonnais.fr\/site\/2024\/07\/20\/bron-lopen-seniors-de-tennis-au-stade-des-finales\/#breadcrumb","itemListElement":[{"@type":"ListItem","position":1,"name":"Accueil","item":"https:\/\/newsestlyonnais.fr\/site\/"},{"@type":"ListItem","position":2,"name":"BRON | L\u2019open seniors de tennis au stade des finales"}]},{"@type":"WebSite","@id":"https:\/\/newsestlyonnais.fr\/site\/#website","url":"https:\/\/newsestlyonnais.fr\/site\/","name":"News Est Lyonnais","description":"L&#039;actualit\u00e9 au plus pr\u00e8s","publisher":{"@id":"https:\/\/newsestlyonnais.fr\/site\/#organization"},"potentialAction":[{"@type":"SearchAction","target":{"@type":"EntryPoint","urlTemplate":"https:\/\/newsestlyonnais.fr\/site\/?s={search_term_string}"},"query-input":{"@type":"PropertyValueSpecification","valueRequired":true,"valueName":"search_term_string"}}],"inLanguage":"fr-FR"},{"@type":"Organization","@id":"https:\/\/newsestlyonnais.fr\/site\/#organization","name":"News EST LYONNAIS","url":"https:\/\/newsestlyonnais.fr\/site\/","logo":{"@type":"ImageObject","inLanguage":"fr-FR","@id":"https:\/\/newsestlyonnais.fr\/site\/#\/schema\/logo\/image\/","url":"","contentUrl":"","caption":"News EST LYONNAIS"},"image":{"@id":"https:\/\/newsestlyonnais.fr\/site\/#\/schema\/logo\/image\/"}},{"@type":"Person","@id":"https:\/\/newsestlyonnais.fr\/site\/#\/schema\/person\/3230d5615f390bb808365d673001e887","name":"R\u00e9dac. NEWS","sameAs":["http:\/\/www.newsestlyonnais.fr","https:\/\/www.facebook.com\/pascal.oberson.1?fref=ts","https:\/\/fr.linkedin.com\/in\/pascal-oberson-b17045113"],"url":"https:\/\/newsestlyonnais.fr\/site\/author\/nel\/"}]}},"_links":{"self":[{"href":"https:\/\/newsestlyonnais.fr\/site\/wp-json\/wp\/v2\/posts\/211627","targetHints":{"allow":["GET"]}}],"collection":[{"href":"https:\/\/newsestlyonnais.fr\/site\/wp-json\/wp\/v2\/posts"}],"about":[{"href":"https:\/\/newsestlyonnais.fr\/site\/wp-json\/wp\/v2\/types\/post"}],"author":[{"embeddable":true,"href":"https:\/\/newsestlyonnais.fr\/site\/wp-json\/wp\/v2\/users\/4"}],"replies":[{"embeddable":true,"href":"https:\/\/newsestlyonnais.fr\/site\/wp-json\/wp\/v2\/comments?post=211627"}],"version-history":[{"count":0,"href":"https:\/\/newsestlyonnais.fr\/site\/wp-json\/wp\/v2\/posts\/211627\/revisions"}],"wp:featuredmedia":[{"embeddable":true,"href":"https:\/\/newsestlyonnais.fr\/site\/wp-json\/wp\/v2\/media\/208186"}],"wp:attachment":[{"href":"https:\/\/newsestlyonnais.fr\/site\/wp-json\/wp\/v2\/media?parent=211627"}],"wp:term":[{"taxonomy":"category","embeddable":true,"href":"https:\/\/newsestlyonnais.fr\/site\/wp-json\/wp\/v2\/categories?post=211627"},{"taxonomy":"post_tag","embeddable":true,"href":"https:\/\/newsestlyonnais.fr\/site\/wp-json\/wp\/v2\/tags?post=211627"}],"curies":[{"name":"wp","href":"https:\/\/api.w.org\/{rel}","templated":true}]}}