{"id":211810,"date":"2024-07-26T18:20:28","date_gmt":"2024-07-26T17:20:28","guid":{"rendered":"https:\/\/newsestlyonnais.fr\/site\/?p=211810"},"modified":"2024-09-19T12:09:56","modified_gmt":"2024-09-19T11:09:56","slug":"bron-belles-perfs-de-deux-jeunes-athletes-de-lasul","status":"publish","type":"post","link":"https:\/\/newsestlyonnais.fr\/site\/2024\/07\/26\/bron-belles-perfs-de-deux-jeunes-athletes-de-lasul\/","title":{"rendered":"BRON | Belles perfs de deux jeunes athl\u00e8tes de l&rsquo;ASUL"},"content":{"rendered":"<p><span style=\"color: #ffcc00;\"><strong><span style=\"background-color: #000000;\">Un dirigeant de l\u2019ASUL Bron Athl\u00e9tisme revient sur ces \u00a0\u00bb 2 performances exceptionnelles r\u00e9alis\u00e9es par nos jeunes athl\u00e8tes :<br \/>\n<\/span><\/strong><\/span><\/p>\n<p><strong data-wp-editing=\"1\">Roseva Bidois<\/strong> (sur la course de 100 m\u00e8tres, au centre sur la photo \u00e0 la une) notre championne d\u00e9cathlonienne prend une sublime <strong>3\u00b0 place \u00e0 Talence lors des premiers championnats de France open<\/strong> de la discipline le week-end des 13 et 14 juillet derniers.<\/p>\n<div id='gallery-1' class='gallery galleryid-211810 gallery-columns-1 gallery-size-medium'><figure class='gallery-item'>\n\t\t\t<div class='gallery-icon portrait'>\n\t\t\t\t<a href='https:\/\/newsestlyonnais.fr\/site\/2024\/07\/26\/bron-belles-perfs-de-deux-jeunes-athletes-de-lasul\/screenshot_20240726_082733_instagram\/'><img loading=\"lazy\" decoding=\"async\" width=\"291\" height=\"300\" src=\"https:\/\/newsestlyonnais.fr\/site\/wp-content\/uploads\/2024\/07\/Screenshot_20240726_082733_Instagram-400x412.jpg\" class=\"attachment-medium size-medium\" alt=\"\" aria-describedby=\"gallery-1-211828\" srcset=\"https:\/\/newsestlyonnais.fr\/site\/wp-content\/uploads\/2024\/07\/Screenshot_20240726_082733_Instagram-400x412.jpg 400w, https:\/\/newsestlyonnais.fr\/site\/wp-content\/uploads\/2024\/07\/Screenshot_20240726_082733_Instagram-250x258.jpg 250w, https:\/\/newsestlyonnais.fr\/site\/wp-content\/uploads\/2024\/07\/Screenshot_20240726_082733_Instagram-150x155.jpg 150w, https:\/\/newsestlyonnais.fr\/site\/wp-content\/uploads\/2024\/07\/Screenshot_20240726_082733_Instagram-50x52.jpg 50w, https:\/\/newsestlyonnais.fr\/site\/wp-content\/uploads\/2024\/07\/Screenshot_20240726_082733_Instagram-100x103.jpg 100w, https:\/\/newsestlyonnais.fr\/site\/wp-content\/uploads\/2024\/07\/Screenshot_20240726_082733_Instagram-200x206.jpg 200w, https:\/\/newsestlyonnais.fr\/site\/wp-content\/uploads\/2024\/07\/Screenshot_20240726_082733_Instagram-300x309.jpg 300w, https:\/\/newsestlyonnais.fr\/site\/wp-content\/uploads\/2024\/07\/Screenshot_20240726_082733_Instagram-350x361.jpg 350w, https:\/\/newsestlyonnais.fr\/site\/wp-content\/uploads\/2024\/07\/Screenshot_20240726_082733_Instagram-450x464.jpg 450w, https:\/\/newsestlyonnais.fr\/site\/wp-content\/uploads\/2024\/07\/Screenshot_20240726_082733_Instagram-500x515.jpg 500w, https:\/\/newsestlyonnais.fr\/site\/wp-content\/uploads\/2024\/07\/Screenshot_20240726_082733_Instagram-550x567.jpg 550w, https:\/\/newsestlyonnais.fr\/site\/wp-content\/uploads\/2024\/07\/Screenshot_20240726_082733_Instagram-45x45.jpg 45w, https:\/\/newsestlyonnais.fr\/site\/wp-content\/uploads\/2024\/07\/Screenshot_20240726_082733_Instagram.jpg 557w\" sizes=\"auto, (max-width: 291px) 100vw, 291px\" \/><\/a>\n\t\t\t<\/div>\n\t\t\t\t<figcaption class='wp-caption-text gallery-caption' id='gallery-1-211828'>\n\t\t\t\tM\u00e9daille autour du cou avec son coach Yann Celli\n\t\t\t\t<\/figcaption><\/figure>\n\t\t<\/div>\n\n<hr \/>\n<p>Cerise sur le g\u00e2teau : une performance de tr\u00e8s haute vol\u00e9e pour notre jeune espoir du demi fond <strong>Ylian Jacquin<\/strong> qui apr\u00e8s une course fabuleuse s\u2019offre une <strong>3\u00b0 place et donc m\u00e9daille de bronze \u00e0 Albi lors des championnats de France avenir U20 sur 5.000 m piste<\/strong>. Une grosse course de costaud dans une discipline tr\u00e8s concurrentielle au niveau tr\u00e8s relev\u00e9.<\/p>\n<div id='gallery-2' class='gallery galleryid-211810 gallery-columns-2 gallery-size-large'><figure class='gallery-item'>\n\t\t\t<div class='gallery-icon portrait'>\n\t\t\t\t<a href='https:\/\/newsestlyonnais.fr\/site\/2024\/07\/26\/bron-belles-perfs-de-deux-jeunes-athletes-de-lasul\/screenshot_20240723_094535_chrome\/'><img loading=\"lazy\" decoding=\"async\" width=\"458\" height=\"574\" src=\"https:\/\/newsestlyonnais.fr\/site\/wp-content\/uploads\/2024\/07\/Screenshot_20240723_094535_Chrome.jpg\" class=\"attachment-large size-large\" alt=\"\" aria-describedby=\"gallery-2-211835\" srcset=\"https:\/\/newsestlyonnais.fr\/site\/wp-content\/uploads\/2024\/07\/Screenshot_20240723_094535_Chrome.jpg 458w, https:\/\/newsestlyonnais.fr\/site\/wp-content\/uploads\/2024\/07\/Screenshot_20240723_094535_Chrome-400x501.jpg 400w, https:\/\/newsestlyonnais.fr\/site\/wp-content\/uploads\/2024\/07\/Screenshot_20240723_094535_Chrome-250x313.jpg 250w, https:\/\/newsestlyonnais.fr\/site\/wp-content\/uploads\/2024\/07\/Screenshot_20240723_094535_Chrome-150x188.jpg 150w, https:\/\/newsestlyonnais.fr\/site\/wp-content\/uploads\/2024\/07\/Screenshot_20240723_094535_Chrome-50x63.jpg 50w, https:\/\/newsestlyonnais.fr\/site\/wp-content\/uploads\/2024\/07\/Screenshot_20240723_094535_Chrome-100x125.jpg 100w, https:\/\/newsestlyonnais.fr\/site\/wp-content\/uploads\/2024\/07\/Screenshot_20240723_094535_Chrome-200x251.jpg 200w, https:\/\/newsestlyonnais.fr\/site\/wp-content\/uploads\/2024\/07\/Screenshot_20240723_094535_Chrome-300x376.jpg 300w, https:\/\/newsestlyonnais.fr\/site\/wp-content\/uploads\/2024\/07\/Screenshot_20240723_094535_Chrome-350x439.jpg 350w, https:\/\/newsestlyonnais.fr\/site\/wp-content\/uploads\/2024\/07\/Screenshot_20240723_094535_Chrome-450x564.jpg 450w\" sizes=\"auto, (max-width: 458px) 100vw, 458px\" \/><\/a>\n\t\t\t<\/div>\n\t\t\t\t<figcaption class='wp-caption-text gallery-caption' id='gallery-2-211835'>\n\t\t\t\tYlian Jacquin passe la ligne d\u2019arriv\u00e9e\n\t\t\t\t<\/figcaption><\/figure><figure class='gallery-item'>\n\t\t\t<div class='gallery-icon portrait'>\n\t\t\t\t<a href='https:\/\/newsestlyonnais.fr\/site\/2024\/07\/26\/bron-belles-perfs-de-deux-jeunes-athletes-de-lasul\/img-20240720-wa0005\/'><img loading=\"lazy\" decoding=\"async\" width=\"431\" height=\"574\" src=\"https:\/\/newsestlyonnais.fr\/site\/wp-content\/uploads\/2024\/07\/IMG-20240720-WA0005.jpg\" class=\"attachment-large size-large\" alt=\"\" aria-describedby=\"gallery-2-211836\" srcset=\"https:\/\/newsestlyonnais.fr\/site\/wp-content\/uploads\/2024\/07\/IMG-20240720-WA0005.jpg 431w, https:\/\/newsestlyonnais.fr\/site\/wp-content\/uploads\/2024\/07\/IMG-20240720-WA0005-400x533.jpg 400w, https:\/\/newsestlyonnais.fr\/site\/wp-content\/uploads\/2024\/07\/IMG-20240720-WA0005-250x333.jpg 250w, https:\/\/newsestlyonnais.fr\/site\/wp-content\/uploads\/2024\/07\/IMG-20240720-WA0005-150x200.jpg 150w, https:\/\/newsestlyonnais.fr\/site\/wp-content\/uploads\/2024\/07\/IMG-20240720-WA0005-50x67.jpg 50w, https:\/\/newsestlyonnais.fr\/site\/wp-content\/uploads\/2024\/07\/IMG-20240720-WA0005-100x133.jpg 100w, https:\/\/newsestlyonnais.fr\/site\/wp-content\/uploads\/2024\/07\/IMG-20240720-WA0005-200x266.jpg 200w, https:\/\/newsestlyonnais.fr\/site\/wp-content\/uploads\/2024\/07\/IMG-20240720-WA0005-300x400.jpg 300w, https:\/\/newsestlyonnais.fr\/site\/wp-content\/uploads\/2024\/07\/IMG-20240720-WA0005-350x466.jpg 350w\" sizes=\"auto, (max-width: 431px) 100vw, 431px\" \/><\/a>\n\t\t\t<\/div>\n\t\t\t\t<figcaption class='wp-caption-text gallery-caption' id='gallery-2-211836'>\n\t\t\t\tM\u00e9daille autour du cou avec son coach Olivier Gaillard et Franck Matamba (ancien coach).\n\t\t\t\t<\/figcaption><\/figure>\n\t\t<\/div>\n\n<hr \/>\n<p>Bravo nous sommes fiers de vous ! Vous \u00eates de jeunes athl\u00e8tes exemplaires au quotidien avec une force un courage et un engagement qui m\u00e9ritent d\u2019\u00eatre reconnus \u00ab\u00a0<\/p>\n","protected":false},"excerpt":{"rendered":"<p>Une d\u00e9cathlonienne et un coureur de demi-fond ont r\u00e9cemment d\u00e9croch\u00e9 une m\u00e9daille de bronze aux championnats de France.<\/p>\n","protected":false},"author":4,"featured_media":212882,"comment_status":"open","ping_status":"open","sticky":false,"template":"","format":"standard","meta":{"footnotes":""},"categories":[2968,19,2],"tags":[],"class_list":["post-211810","post","type-post","status-publish","format-standard","has-post-thumbnail","hentry","category-athle-course-pied-marche","category-bron","category-sports"],"yoast_head":"<!-- This site is optimized with the Yoast SEO plugin v27.2 - https:\/\/yoast.com\/product\/yoast-seo-wordpress\/ -->\n<title>BRON | Belles perfs de deux jeunes athl\u00e8tes de l&#039;ASUL - News Est Lyonnais<\/title>\n<meta name=\"description\" content=\"BRON | Belles perfs de deux jeunes athl\u00e8tes de l&#039;ASUL\" \/>\n<meta name=\"robots\" content=\"index, follow, max-snippet:-1, max-image-preview:large, max-video-preview:-1\" \/>\n<link rel=\"canonical\" href=\"https:\/\/newsestlyonnais.fr\/site\/2024\/07\/26\/bron-belles-perfs-de-deux-jeunes-athletes-de-lasul\/\" \/>\n<meta property=\"og:locale\" content=\"fr_FR\" \/>\n<meta property=\"og:type\" content=\"article\" \/>\n<meta property=\"og:title\" content=\"BRON | Belles perfs de deux jeunes athl\u00e8tes de l&#039;ASUL - News Est Lyonnais\" \/>\n<meta property=\"og:description\" content=\"BRON | Belles perfs de deux jeunes athl\u00e8tes de l&#039;ASUL\" \/>\n<meta property=\"og:url\" content=\"https:\/\/newsestlyonnais.fr\/site\/2024\/07\/26\/bron-belles-perfs-de-deux-jeunes-athletes-de-lasul\/\" \/>\n<meta property=\"og:site_name\" content=\"News Est Lyonnais\" \/>\n<meta property=\"article:author\" content=\"https:\/\/www.facebook.com\/pascal.oberson.1?fref=ts\" \/>\n<meta property=\"article:published_time\" content=\"2024-07-26T17:20:28+00:00\" \/>\n<meta property=\"article:modified_time\" content=\"2024-09-19T11:09:56+00:00\" \/>\n<meta name=\"author\" content=\"R\u00e9dac. NEWS\" \/>\n<meta name=\"twitter:card\" content=\"summary_large_image\" \/>\n<meta name=\"twitter:label1\" content=\"\u00c9crit par\" \/>\n\t<meta name=\"twitter:data1\" content=\"R\u00e9dac. NEWS\" \/>\n\t<meta name=\"twitter:label2\" content=\"Dur\u00e9e de lecture estim\u00e9e\" \/>\n\t<meta name=\"twitter:data2\" content=\"1 minute\" \/>\n<script type=\"application\/ld+json\" class=\"yoast-schema-graph\">{\"@context\":\"https:\/\/schema.org\",\"@graph\":[{\"@type\":\"Article\",\"@id\":\"https:\/\/newsestlyonnais.fr\/site\/2024\/07\/26\/bron-belles-perfs-de-deux-jeunes-athletes-de-lasul\/#article\",\"isPartOf\":{\"@id\":\"https:\/\/newsestlyonnais.fr\/site\/2024\/07\/26\/bron-belles-perfs-de-deux-jeunes-athletes-de-lasul\/\"},\"author\":{\"name\":\"R\u00e9dac. NEWS\",\"@id\":\"https:\/\/newsestlyonnais.fr\/site\/#\/schema\/person\/3230d5615f390bb808365d673001e887\"},\"headline\":\"BRON | Belles perfs de deux jeunes athl\u00e8tes de l&rsquo;ASUL\",\"datePublished\":\"2024-07-26T17:20:28+00:00\",\"dateModified\":\"2024-09-19T11:09:56+00:00\",\"mainEntityOfPage\":{\"@id\":\"https:\/\/newsestlyonnais.fr\/site\/2024\/07\/26\/bron-belles-perfs-de-deux-jeunes-athletes-de-lasul\/\"},\"wordCount\":180,\"commentCount\":0,\"publisher\":{\"@id\":\"https:\/\/newsestlyonnais.fr\/site\/#organization\"},\"image\":{\"@id\":\"https:\/\/newsestlyonnais.fr\/site\/2024\/07\/26\/bron-belles-perfs-de-deux-jeunes-athletes-de-lasul\/#primaryimage\"},\"thumbnailUrl\":\"https:\/\/newsestlyonnais.fr\/site\/wp-content\/uploads\/2024\/07\/6776406808483272928.jpg\",\"articleSection\":[\"Athl\u00e9 | Course pied | Marche\",\"Bron\",\"Sports\"],\"inLanguage\":\"fr-FR\",\"potentialAction\":[{\"@type\":\"CommentAction\",\"name\":\"Comment\",\"target\":[\"https:\/\/newsestlyonnais.fr\/site\/2024\/07\/26\/bron-belles-perfs-de-deux-jeunes-athletes-de-lasul\/#respond\"]}]},{\"@type\":\"WebPage\",\"@id\":\"https:\/\/newsestlyonnais.fr\/site\/2024\/07\/26\/bron-belles-perfs-de-deux-jeunes-athletes-de-lasul\/\",\"url\":\"https:\/\/newsestlyonnais.fr\/site\/2024\/07\/26\/bron-belles-perfs-de-deux-jeunes-athletes-de-lasul\/\",\"name\":\"BRON | Belles perfs de deux jeunes athl\u00e8tes de l'ASUL - News Est Lyonnais\",\"isPartOf\":{\"@id\":\"https:\/\/newsestlyonnais.fr\/site\/#website\"},\"primaryImageOfPage\":{\"@id\":\"https:\/\/newsestlyonnais.fr\/site\/2024\/07\/26\/bron-belles-perfs-de-deux-jeunes-athletes-de-lasul\/#primaryimage\"},\"image\":{\"@id\":\"https:\/\/newsestlyonnais.fr\/site\/2024\/07\/26\/bron-belles-perfs-de-deux-jeunes-athletes-de-lasul\/#primaryimage\"},\"thumbnailUrl\":\"https:\/\/newsestlyonnais.fr\/site\/wp-content\/uploads\/2024\/07\/6776406808483272928.jpg\",\"datePublished\":\"2024-07-26T17:20:28+00:00\",\"dateModified\":\"2024-09-19T11:09:56+00:00\",\"description\":\"BRON | Belles perfs de deux jeunes athl\u00e8tes de l'ASUL\",\"breadcrumb\":{\"@id\":\"https:\/\/newsestlyonnais.fr\/site\/2024\/07\/26\/bron-belles-perfs-de-deux-jeunes-athletes-de-lasul\/#breadcrumb\"},\"inLanguage\":\"fr-FR\",\"potentialAction\":[{\"@type\":\"ReadAction\",\"target\":[\"https:\/\/newsestlyonnais.fr\/site\/2024\/07\/26\/bron-belles-perfs-de-deux-jeunes-athletes-de-lasul\/\"]}]},{\"@type\":\"ImageObject\",\"inLanguage\":\"fr-FR\",\"@id\":\"https:\/\/newsestlyonnais.fr\/site\/2024\/07\/26\/bron-belles-perfs-de-deux-jeunes-athletes-de-lasul\/#primaryimage\",\"url\":\"https:\/\/newsestlyonnais.fr\/site\/wp-content\/uploads\/2024\/07\/6776406808483272928.jpg\",\"contentUrl\":\"https:\/\/newsestlyonnais.fr\/site\/wp-content\/uploads\/2024\/07\/6776406808483272928.jpg\",\"width\":500,\"height\":261},{\"@type\":\"BreadcrumbList\",\"@id\":\"https:\/\/newsestlyonnais.fr\/site\/2024\/07\/26\/bron-belles-perfs-de-deux-jeunes-athletes-de-lasul\/#breadcrumb\",\"itemListElement\":[{\"@type\":\"ListItem\",\"position\":1,\"name\":\"Accueil\",\"item\":\"https:\/\/newsestlyonnais.fr\/site\/\"},{\"@type\":\"ListItem\",\"position\":2,\"name\":\"BRON | Belles perfs de deux jeunes athl\u00e8tes de l&rsquo;ASUL\"}]},{\"@type\":\"WebSite\",\"@id\":\"https:\/\/newsestlyonnais.fr\/site\/#website\",\"url\":\"https:\/\/newsestlyonnais.fr\/site\/\",\"name\":\"News Est Lyonnais\",\"description\":\"L&#039;actualit\u00e9 au plus pr\u00e8s\",\"publisher\":{\"@id\":\"https:\/\/newsestlyonnais.fr\/site\/#organization\"},\"potentialAction\":[{\"@type\":\"SearchAction\",\"target\":{\"@type\":\"EntryPoint\",\"urlTemplate\":\"https:\/\/newsestlyonnais.fr\/site\/?s={search_term_string}\"},\"query-input\":{\"@type\":\"PropertyValueSpecification\",\"valueRequired\":true,\"valueName\":\"search_term_string\"}}],\"inLanguage\":\"fr-FR\"},{\"@type\":\"Organization\",\"@id\":\"https:\/\/newsestlyonnais.fr\/site\/#organization\",\"name\":\"News EST LYONNAIS\",\"url\":\"https:\/\/newsestlyonnais.fr\/site\/\",\"logo\":{\"@type\":\"ImageObject\",\"inLanguage\":\"fr-FR\",\"@id\":\"https:\/\/newsestlyonnais.fr\/site\/#\/schema\/logo\/image\/\",\"url\":\"\",\"contentUrl\":\"\",\"caption\":\"News EST LYONNAIS\"},\"image\":{\"@id\":\"https:\/\/newsestlyonnais.fr\/site\/#\/schema\/logo\/image\/\"}},{\"@type\":\"Person\",\"@id\":\"https:\/\/newsestlyonnais.fr\/site\/#\/schema\/person\/3230d5615f390bb808365d673001e887\",\"name\":\"R\u00e9dac. NEWS\",\"sameAs\":[\"http:\/\/www.newsestlyonnais.fr\",\"https:\/\/www.facebook.com\/pascal.oberson.1?fref=ts\",\"https:\/\/fr.linkedin.com\/in\/pascal-oberson-b17045113\"],\"url\":\"https:\/\/newsestlyonnais.fr\/site\/author\/nel\/\"}]}<\/script>\n<!-- \/ Yoast SEO plugin. -->","yoast_head_json":{"title":"BRON | Belles perfs de deux jeunes athl\u00e8tes de l'ASUL - News Est Lyonnais","description":"BRON | Belles perfs de deux jeunes athl\u00e8tes de l'ASUL","robots":{"index":"index","follow":"follow","max-snippet":"max-snippet:-1","max-image-preview":"max-image-preview:large","max-video-preview":"max-video-preview:-1"},"canonical":"https:\/\/newsestlyonnais.fr\/site\/2024\/07\/26\/bron-belles-perfs-de-deux-jeunes-athletes-de-lasul\/","og_locale":"fr_FR","og_type":"article","og_title":"BRON | Belles perfs de deux jeunes athl\u00e8tes de l'ASUL - News Est Lyonnais","og_description":"BRON | Belles perfs de deux jeunes athl\u00e8tes de l'ASUL","og_url":"https:\/\/newsestlyonnais.fr\/site\/2024\/07\/26\/bron-belles-perfs-de-deux-jeunes-athletes-de-lasul\/","og_site_name":"News Est Lyonnais","article_author":"https:\/\/www.facebook.com\/pascal.oberson.1?fref=ts","article_published_time":"2024-07-26T17:20:28+00:00","article_modified_time":"2024-09-19T11:09:56+00:00","author":"R\u00e9dac. NEWS","twitter_card":"summary_large_image","twitter_misc":{"\u00c9crit par":"R\u00e9dac. NEWS","Dur\u00e9e de lecture estim\u00e9e":"1 minute"},"schema":{"@context":"https:\/\/schema.org","@graph":[{"@type":"Article","@id":"https:\/\/newsestlyonnais.fr\/site\/2024\/07\/26\/bron-belles-perfs-de-deux-jeunes-athletes-de-lasul\/#article","isPartOf":{"@id":"https:\/\/newsestlyonnais.fr\/site\/2024\/07\/26\/bron-belles-perfs-de-deux-jeunes-athletes-de-lasul\/"},"author":{"name":"R\u00e9dac. NEWS","@id":"https:\/\/newsestlyonnais.fr\/site\/#\/schema\/person\/3230d5615f390bb808365d673001e887"},"headline":"BRON | Belles perfs de deux jeunes athl\u00e8tes de l&rsquo;ASUL","datePublished":"2024-07-26T17:20:28+00:00","dateModified":"2024-09-19T11:09:56+00:00","mainEntityOfPage":{"@id":"https:\/\/newsestlyonnais.fr\/site\/2024\/07\/26\/bron-belles-perfs-de-deux-jeunes-athletes-de-lasul\/"},"wordCount":180,"commentCount":0,"publisher":{"@id":"https:\/\/newsestlyonnais.fr\/site\/#organization"},"image":{"@id":"https:\/\/newsestlyonnais.fr\/site\/2024\/07\/26\/bron-belles-perfs-de-deux-jeunes-athletes-de-lasul\/#primaryimage"},"thumbnailUrl":"https:\/\/newsestlyonnais.fr\/site\/wp-content\/uploads\/2024\/07\/6776406808483272928.jpg","articleSection":["Athl\u00e9 | Course pied | Marche","Bron","Sports"],"inLanguage":"fr-FR","potentialAction":[{"@type":"CommentAction","name":"Comment","target":["https:\/\/newsestlyonnais.fr\/site\/2024\/07\/26\/bron-belles-perfs-de-deux-jeunes-athletes-de-lasul\/#respond"]}]},{"@type":"WebPage","@id":"https:\/\/newsestlyonnais.fr\/site\/2024\/07\/26\/bron-belles-perfs-de-deux-jeunes-athletes-de-lasul\/","url":"https:\/\/newsestlyonnais.fr\/site\/2024\/07\/26\/bron-belles-perfs-de-deux-jeunes-athletes-de-lasul\/","name":"BRON | Belles perfs de deux jeunes athl\u00e8tes de l'ASUL - News Est Lyonnais","isPartOf":{"@id":"https:\/\/newsestlyonnais.fr\/site\/#website"},"primaryImageOfPage":{"@id":"https:\/\/newsestlyonnais.fr\/site\/2024\/07\/26\/bron-belles-perfs-de-deux-jeunes-athletes-de-lasul\/#primaryimage"},"image":{"@id":"https:\/\/newsestlyonnais.fr\/site\/2024\/07\/26\/bron-belles-perfs-de-deux-jeunes-athletes-de-lasul\/#primaryimage"},"thumbnailUrl":"https:\/\/newsestlyonnais.fr\/site\/wp-content\/uploads\/2024\/07\/6776406808483272928.jpg","datePublished":"2024-07-26T17:20:28+00:00","dateModified":"2024-09-19T11:09:56+00:00","description":"BRON | Belles perfs de deux jeunes athl\u00e8tes de l'ASUL","breadcrumb":{"@id":"https:\/\/newsestlyonnais.fr\/site\/2024\/07\/26\/bron-belles-perfs-de-deux-jeunes-athletes-de-lasul\/#breadcrumb"},"inLanguage":"fr-FR","potentialAction":[{"@type":"ReadAction","target":["https:\/\/newsestlyonnais.fr\/site\/2024\/07\/26\/bron-belles-perfs-de-deux-jeunes-athletes-de-lasul\/"]}]},{"@type":"ImageObject","inLanguage":"fr-FR","@id":"https:\/\/newsestlyonnais.fr\/site\/2024\/07\/26\/bron-belles-perfs-de-deux-jeunes-athletes-de-lasul\/#primaryimage","url":"https:\/\/newsestlyonnais.fr\/site\/wp-content\/uploads\/2024\/07\/6776406808483272928.jpg","contentUrl":"https:\/\/newsestlyonnais.fr\/site\/wp-content\/uploads\/2024\/07\/6776406808483272928.jpg","width":500,"height":261},{"@type":"BreadcrumbList","@id":"https:\/\/newsestlyonnais.fr\/site\/2024\/07\/26\/bron-belles-perfs-de-deux-jeunes-athletes-de-lasul\/#breadcrumb","itemListElement":[{"@type":"ListItem","position":1,"name":"Accueil","item":"https:\/\/newsestlyonnais.fr\/site\/"},{"@type":"ListItem","position":2,"name":"BRON | Belles perfs de deux jeunes athl\u00e8tes de l&rsquo;ASUL"}]},{"@type":"WebSite","@id":"https:\/\/newsestlyonnais.fr\/site\/#website","url":"https:\/\/newsestlyonnais.fr\/site\/","name":"News Est Lyonnais","description":"L&#039;actualit\u00e9 au plus pr\u00e8s","publisher":{"@id":"https:\/\/newsestlyonnais.fr\/site\/#organization"},"potentialAction":[{"@type":"SearchAction","target":{"@type":"EntryPoint","urlTemplate":"https:\/\/newsestlyonnais.fr\/site\/?s={search_term_string}"},"query-input":{"@type":"PropertyValueSpecification","valueRequired":true,"valueName":"search_term_string"}}],"inLanguage":"fr-FR"},{"@type":"Organization","@id":"https:\/\/newsestlyonnais.fr\/site\/#organization","name":"News EST LYONNAIS","url":"https:\/\/newsestlyonnais.fr\/site\/","logo":{"@type":"ImageObject","inLanguage":"fr-FR","@id":"https:\/\/newsestlyonnais.fr\/site\/#\/schema\/logo\/image\/","url":"","contentUrl":"","caption":"News EST LYONNAIS"},"image":{"@id":"https:\/\/newsestlyonnais.fr\/site\/#\/schema\/logo\/image\/"}},{"@type":"Person","@id":"https:\/\/newsestlyonnais.fr\/site\/#\/schema\/person\/3230d5615f390bb808365d673001e887","name":"R\u00e9dac. NEWS","sameAs":["http:\/\/www.newsestlyonnais.fr","https:\/\/www.facebook.com\/pascal.oberson.1?fref=ts","https:\/\/fr.linkedin.com\/in\/pascal-oberson-b17045113"],"url":"https:\/\/newsestlyonnais.fr\/site\/author\/nel\/"}]}},"_links":{"self":[{"href":"https:\/\/newsestlyonnais.fr\/site\/wp-json\/wp\/v2\/posts\/211810","targetHints":{"allow":["GET"]}}],"collection":[{"href":"https:\/\/newsestlyonnais.fr\/site\/wp-json\/wp\/v2\/posts"}],"about":[{"href":"https:\/\/newsestlyonnais.fr\/site\/wp-json\/wp\/v2\/types\/post"}],"author":[{"embeddable":true,"href":"https:\/\/newsestlyonnais.fr\/site\/wp-json\/wp\/v2\/users\/4"}],"replies":[{"embeddable":true,"href":"https:\/\/newsestlyonnais.fr\/site\/wp-json\/wp\/v2\/comments?post=211810"}],"version-history":[{"count":0,"href":"https:\/\/newsestlyonnais.fr\/site\/wp-json\/wp\/v2\/posts\/211810\/revisions"}],"wp:featuredmedia":[{"embeddable":true,"href":"https:\/\/newsestlyonnais.fr\/site\/wp-json\/wp\/v2\/media\/212882"}],"wp:attachment":[{"href":"https:\/\/newsestlyonnais.fr\/site\/wp-json\/wp\/v2\/media?parent=211810"}],"wp:term":[{"taxonomy":"category","embeddable":true,"href":"https:\/\/newsestlyonnais.fr\/site\/wp-json\/wp\/v2\/categories?post=211810"},{"taxonomy":"post_tag","embeddable":true,"href":"https:\/\/newsestlyonnais.fr\/site\/wp-json\/wp\/v2\/tags?post=211810"}],"curies":[{"name":"wp","href":"https:\/\/api.w.org\/{rel}","templated":true}]}}