{"id":213130,"date":"2024-09-23T16:12:48","date_gmt":"2024-09-23T15:12:48","guid":{"rendered":"https:\/\/newsestlyonnais.fr\/site\/?p=213130"},"modified":"2024-10-20T18:06:48","modified_gmt":"2024-10-20T17:06:48","slug":"caluire-inscriptions-deja-ouvertes-pour-disputer-les-10-kilometres","status":"publish","type":"post","link":"https:\/\/newsestlyonnais.fr\/site\/2024\/09\/23\/caluire-inscriptions-deja-ouvertes-pour-disputer-les-10-kilometres\/","title":{"rendered":"CALUIRE | Inscriptions d\u00e9j\u00e0 ouvertes pour disputer les 10 kilom\u00e8tres"},"content":{"rendered":"<p>On ne change pas une formule gagnante et <strong>le comit\u00e9 d&rsquo;organisation<\/strong>, devant le succ\u00e8s rencontr\u00e9 lors des ann\u00e9es pr\u00e9c\u00e9dentes<strong> a ainsi maintenu les m\u00eames parcours, distances<\/strong> (dont les deux courses enfants) <strong>ainsi que les horaires<\/strong> pour la version 2024 de cet \u00e9v\u00e8nement.<\/p>\n<p>A noter que les courses des 5 &amp; 10 km seront classantes et qualificatives pour les championnats de France.<\/p>\n<hr \/>\n<p><span style=\"color: #ffcc00; font-size: 14pt;\"><strong><span style=\"background-color: #000000;\">Le programme :<\/span><\/strong><\/span><\/p>\n<ul>\n<li><strong>Courses enfants<\/strong> : 9 h\u00a0 &gt; <strong>1 km<\/strong> &amp; 9 h 10 &gt; <strong>2 km<\/strong><\/li>\n<li><strong>5 km<\/strong> &gt; 9 h 30<\/li>\n<li><strong>10 km handisport<\/strong> &gt; 10 h 25<\/li>\n<li><strong>10 km <\/strong>&gt; 10 h 30<\/li>\n<\/ul>\n<p><span style=\"font-size: 14pt;\"><strong><span style=\"background-color: #000000; color: #ffcc00;\">Les inscriptions :<\/span><\/strong><\/span><\/p>\n<ul>\n<li><strong>en ligne<\/strong> sur : <strong><span style=\"color: #0000ff;\"><a style=\"color: #0000ff;\" href=\"https:\/\/www.njuko.net\/10km2024\/select_competition\">https:\/\/www.njuko.net\/10km2024\/select_competition <\/a><\/span><\/strong><\/li>\n<li><strong>sur place au gymnase Lachaize<\/strong> le samedi 19 (13 h \u00e0 18 h) et le dimanche 20 (d\u00e8s 7 heures et une heure avant le d\u00e9part).<\/li>\n<\/ul>\n<p><strong><span style=\"background-color: #000000; color: #ffcc00;\">+ d&rsquo;infos sur :<\/span><\/strong> <span style=\"color: #0000ff;\"><strong><a style=\"color: #0000ff;\" href=\"http:\/\/athle-caluire.net\/dixkm-caluire\/\">http:\/\/athle-caluire.net\/dixkm-caluire\/<\/a><\/strong><\/span><\/p>\n<hr \/>\n<div id='gallery-1' class='gallery galleryid-213130 gallery-columns-2 gallery-size-full'><figure class='gallery-item'>\n\t\t\t<div class='gallery-icon portrait'>\n\t\t\t\t<a href='https:\/\/newsestlyonnais.fr\/site\/2025\/03\/18\/les-derniers-evenements-inseres-dans-lagenda\/dixkm2024\/'><img loading=\"lazy\" decoding=\"async\" width=\"422\" height=\"592\" src=\"https:\/\/newsestlyonnais.fr\/site\/wp-content\/uploads\/2024\/01\/dixkm2024.jpg\" class=\"attachment-full size-full\" alt=\"\" srcset=\"https:\/\/newsestlyonnais.fr\/site\/wp-content\/uploads\/2024\/01\/dixkm2024.jpg 422w, https:\/\/newsestlyonnais.fr\/site\/wp-content\/uploads\/2024\/01\/dixkm2024-400x561.jpg 400w, https:\/\/newsestlyonnais.fr\/site\/wp-content\/uploads\/2024\/01\/dixkm2024-250x351.jpg 250w, https:\/\/newsestlyonnais.fr\/site\/wp-content\/uploads\/2024\/01\/dixkm2024-150x210.jpg 150w, https:\/\/newsestlyonnais.fr\/site\/wp-content\/uploads\/2024\/01\/dixkm2024-50x70.jpg 50w, https:\/\/newsestlyonnais.fr\/site\/wp-content\/uploads\/2024\/01\/dixkm2024-100x140.jpg 100w, https:\/\/newsestlyonnais.fr\/site\/wp-content\/uploads\/2024\/01\/dixkm2024-200x281.jpg 200w, https:\/\/newsestlyonnais.fr\/site\/wp-content\/uploads\/2024\/01\/dixkm2024-300x421.jpg 300w, https:\/\/newsestlyonnais.fr\/site\/wp-content\/uploads\/2024\/01\/dixkm2024-350x491.jpg 350w\" sizes=\"auto, (max-width: 422px) 100vw, 422px\" \/><\/a>\n\t\t\t<\/div><\/figure><figure class='gallery-item'>\n\t\t\t<div class='gallery-icon landscape'>\n\t\t\t\t<a href='https:\/\/newsestlyonnais.fr\/site\/2024\/09\/23\/caluire-inscriptions-deja-ouvertes-pour-disputer-les-10-kilometres\/parcours10km-1024x616\/'><img loading=\"lazy\" decoding=\"async\" width=\"1024\" height=\"616\" src=\"https:\/\/newsestlyonnais.fr\/site\/wp-content\/uploads\/2024\/09\/Parcours10km-1024x616-1.jpg\" class=\"attachment-full size-full\" alt=\"\" srcset=\"https:\/\/newsestlyonnais.fr\/site\/wp-content\/uploads\/2024\/09\/Parcours10km-1024x616-1.jpg 1024w, https:\/\/newsestlyonnais.fr\/site\/wp-content\/uploads\/2024\/09\/Parcours10km-1024x616-1-400x241.jpg 400w, https:\/\/newsestlyonnais.fr\/site\/wp-content\/uploads\/2024\/09\/Parcours10km-1024x616-1-650x391.jpg 650w, https:\/\/newsestlyonnais.fr\/site\/wp-content\/uploads\/2024\/09\/Parcours10km-1024x616-1-250x150.jpg 250w, https:\/\/newsestlyonnais.fr\/site\/wp-content\/uploads\/2024\/09\/Parcours10km-1024x616-1-768x462.jpg 768w, https:\/\/newsestlyonnais.fr\/site\/wp-content\/uploads\/2024\/09\/Parcours10km-1024x616-1-150x90.jpg 150w, https:\/\/newsestlyonnais.fr\/site\/wp-content\/uploads\/2024\/09\/Parcours10km-1024x616-1-50x30.jpg 50w, https:\/\/newsestlyonnais.fr\/site\/wp-content\/uploads\/2024\/09\/Parcours10km-1024x616-1-100x60.jpg 100w, https:\/\/newsestlyonnais.fr\/site\/wp-content\/uploads\/2024\/09\/Parcours10km-1024x616-1-200x120.jpg 200w, https:\/\/newsestlyonnais.fr\/site\/wp-content\/uploads\/2024\/09\/Parcours10km-1024x616-1-300x180.jpg 300w, https:\/\/newsestlyonnais.fr\/site\/wp-content\/uploads\/2024\/09\/Parcours10km-1024x616-1-350x211.jpg 350w, https:\/\/newsestlyonnais.fr\/site\/wp-content\/uploads\/2024\/09\/Parcours10km-1024x616-1-450x271.jpg 450w, https:\/\/newsestlyonnais.fr\/site\/wp-content\/uploads\/2024\/09\/Parcours10km-1024x616-1-500x301.jpg 500w, https:\/\/newsestlyonnais.fr\/site\/wp-content\/uploads\/2024\/09\/Parcours10km-1024x616-1-550x331.jpg 550w, https:\/\/newsestlyonnais.fr\/site\/wp-content\/uploads\/2024\/09\/Parcours10km-1024x616-1-800x481.jpg 800w\" sizes=\"auto, (max-width: 1024px) 100vw, 1024px\" \/><\/a>\n\t\t\t<\/div><\/figure>\n\t\t<\/div>\n\n","protected":false},"excerpt":{"rendered":"<p>Pour cette 26\u00b0 \u00e9dition de l&rsquo;\u00e9preuve programm\u00e9e pour le dimanche 20 octobre, l&rsquo;AS Caluire Athl\u00e9 esp\u00e8re d\u00e9passer les 1.000 coureurs toutes courses confondues.<\/p>\n","protected":false},"author":4,"featured_media":213148,"comment_status":"open","ping_status":"open","sticky":false,"template":"","format":"standard","meta":{"footnotes":""},"categories":[2968,1620,2],"tags":[],"class_list":["post-213130","post","type-post","status-publish","format-standard","has-post-thumbnail","hentry","category-athle-course-pied-marche","category-caluire","category-sports"],"yoast_head":"<!-- This site is optimized with the Yoast SEO plugin v27.2 - https:\/\/yoast.com\/product\/yoast-seo-wordpress\/ -->\n<title>CALUIRE | Inscriptions d\u00e9j\u00e0 ouvertes pour disputer les 10 kilom\u00e8tres - News Est Lyonnais<\/title>\n<meta name=\"description\" content=\"CALUIRE | Inscriptions d\u00e9j\u00e0 ouvertes pour disputer les 10 kilom\u00e8tres\" \/>\n<meta name=\"robots\" content=\"index, follow, max-snippet:-1, max-image-preview:large, max-video-preview:-1\" \/>\n<link rel=\"canonical\" href=\"https:\/\/newsestlyonnais.fr\/site\/2024\/09\/23\/caluire-inscriptions-deja-ouvertes-pour-disputer-les-10-kilometres\/\" \/>\n<meta property=\"og:locale\" content=\"fr_FR\" \/>\n<meta property=\"og:type\" content=\"article\" \/>\n<meta property=\"og:title\" content=\"CALUIRE | Inscriptions d\u00e9j\u00e0 ouvertes pour disputer les 10 kilom\u00e8tres - News Est Lyonnais\" \/>\n<meta property=\"og:description\" content=\"CALUIRE | Inscriptions d\u00e9j\u00e0 ouvertes pour disputer les 10 kilom\u00e8tres\" \/>\n<meta property=\"og:url\" content=\"https:\/\/newsestlyonnais.fr\/site\/2024\/09\/23\/caluire-inscriptions-deja-ouvertes-pour-disputer-les-10-kilometres\/\" \/>\n<meta property=\"og:site_name\" content=\"News Est Lyonnais\" \/>\n<meta property=\"article:author\" content=\"https:\/\/www.facebook.com\/pascal.oberson.1?fref=ts\" \/>\n<meta property=\"article:published_time\" content=\"2024-09-23T15:12:48+00:00\" \/>\n<meta property=\"article:modified_time\" content=\"2024-10-20T17:06:48+00:00\" \/>\n<meta property=\"og:image\" content=\"https:\/\/newsestlyonnais.fr\/site\/wp-content\/uploads\/2024\/09\/20231015_085853.jpg\" \/>\n\t<meta property=\"og:image:width\" content=\"1200\" \/>\n\t<meta property=\"og:image:height\" content=\"675\" \/>\n\t<meta property=\"og:image:type\" content=\"image\/jpeg\" \/>\n<meta name=\"author\" content=\"R\u00e9dac. NEWS\" \/>\n<meta name=\"twitter:card\" content=\"summary_large_image\" \/>\n<meta name=\"twitter:label1\" content=\"\u00c9crit par\" \/>\n\t<meta name=\"twitter:data1\" content=\"R\u00e9dac. NEWS\" \/>\n\t<meta name=\"twitter:label2\" content=\"Dur\u00e9e de lecture estim\u00e9e\" \/>\n\t<meta name=\"twitter:data2\" content=\"1 minute\" \/>\n<script type=\"application\/ld+json\" class=\"yoast-schema-graph\">{\"@context\":\"https:\/\/schema.org\",\"@graph\":[{\"@type\":\"Article\",\"@id\":\"https:\/\/newsestlyonnais.fr\/site\/2024\/09\/23\/caluire-inscriptions-deja-ouvertes-pour-disputer-les-10-kilometres\/#article\",\"isPartOf\":{\"@id\":\"https:\/\/newsestlyonnais.fr\/site\/2024\/09\/23\/caluire-inscriptions-deja-ouvertes-pour-disputer-les-10-kilometres\/\"},\"author\":{\"name\":\"R\u00e9dac. NEWS\",\"@id\":\"https:\/\/newsestlyonnais.fr\/site\/#\/schema\/person\/3230d5615f390bb808365d673001e887\"},\"headline\":\"CALUIRE | Inscriptions d\u00e9j\u00e0 ouvertes pour disputer les 10 kilom\u00e8tres\",\"datePublished\":\"2024-09-23T15:12:48+00:00\",\"dateModified\":\"2024-10-20T17:06:48+00:00\",\"mainEntityOfPage\":{\"@id\":\"https:\/\/newsestlyonnais.fr\/site\/2024\/09\/23\/caluire-inscriptions-deja-ouvertes-pour-disputer-les-10-kilometres\/\"},\"wordCount\":144,\"commentCount\":0,\"publisher\":{\"@id\":\"https:\/\/newsestlyonnais.fr\/site\/#organization\"},\"image\":{\"@id\":\"https:\/\/newsestlyonnais.fr\/site\/2024\/09\/23\/caluire-inscriptions-deja-ouvertes-pour-disputer-les-10-kilometres\/#primaryimage\"},\"thumbnailUrl\":\"https:\/\/newsestlyonnais.fr\/site\/wp-content\/uploads\/2024\/09\/20231015_085853.jpg\",\"articleSection\":[\"Athl\u00e9 | Course pied | Marche\",\"Caluire\",\"Sports\"],\"inLanguage\":\"fr-FR\",\"potentialAction\":[{\"@type\":\"CommentAction\",\"name\":\"Comment\",\"target\":[\"https:\/\/newsestlyonnais.fr\/site\/2024\/09\/23\/caluire-inscriptions-deja-ouvertes-pour-disputer-les-10-kilometres\/#respond\"]}]},{\"@type\":\"WebPage\",\"@id\":\"https:\/\/newsestlyonnais.fr\/site\/2024\/09\/23\/caluire-inscriptions-deja-ouvertes-pour-disputer-les-10-kilometres\/\",\"url\":\"https:\/\/newsestlyonnais.fr\/site\/2024\/09\/23\/caluire-inscriptions-deja-ouvertes-pour-disputer-les-10-kilometres\/\",\"name\":\"CALUIRE | Inscriptions d\u00e9j\u00e0 ouvertes pour disputer les 10 kilom\u00e8tres - News Est Lyonnais\",\"isPartOf\":{\"@id\":\"https:\/\/newsestlyonnais.fr\/site\/#website\"},\"primaryImageOfPage\":{\"@id\":\"https:\/\/newsestlyonnais.fr\/site\/2024\/09\/23\/caluire-inscriptions-deja-ouvertes-pour-disputer-les-10-kilometres\/#primaryimage\"},\"image\":{\"@id\":\"https:\/\/newsestlyonnais.fr\/site\/2024\/09\/23\/caluire-inscriptions-deja-ouvertes-pour-disputer-les-10-kilometres\/#primaryimage\"},\"thumbnailUrl\":\"https:\/\/newsestlyonnais.fr\/site\/wp-content\/uploads\/2024\/09\/20231015_085853.jpg\",\"datePublished\":\"2024-09-23T15:12:48+00:00\",\"dateModified\":\"2024-10-20T17:06:48+00:00\",\"description\":\"CALUIRE | Inscriptions d\u00e9j\u00e0 ouvertes pour disputer les 10 kilom\u00e8tres\",\"breadcrumb\":{\"@id\":\"https:\/\/newsestlyonnais.fr\/site\/2024\/09\/23\/caluire-inscriptions-deja-ouvertes-pour-disputer-les-10-kilometres\/#breadcrumb\"},\"inLanguage\":\"fr-FR\",\"potentialAction\":[{\"@type\":\"ReadAction\",\"target\":[\"https:\/\/newsestlyonnais.fr\/site\/2024\/09\/23\/caluire-inscriptions-deja-ouvertes-pour-disputer-les-10-kilometres\/\"]}]},{\"@type\":\"ImageObject\",\"inLanguage\":\"fr-FR\",\"@id\":\"https:\/\/newsestlyonnais.fr\/site\/2024\/09\/23\/caluire-inscriptions-deja-ouvertes-pour-disputer-les-10-kilometres\/#primaryimage\",\"url\":\"https:\/\/newsestlyonnais.fr\/site\/wp-content\/uploads\/2024\/09\/20231015_085853.jpg\",\"contentUrl\":\"https:\/\/newsestlyonnais.fr\/site\/wp-content\/uploads\/2024\/09\/20231015_085853.jpg\",\"width\":1200,\"height\":675},{\"@type\":\"BreadcrumbList\",\"@id\":\"https:\/\/newsestlyonnais.fr\/site\/2024\/09\/23\/caluire-inscriptions-deja-ouvertes-pour-disputer-les-10-kilometres\/#breadcrumb\",\"itemListElement\":[{\"@type\":\"ListItem\",\"position\":1,\"name\":\"Accueil\",\"item\":\"https:\/\/newsestlyonnais.fr\/site\/\"},{\"@type\":\"ListItem\",\"position\":2,\"name\":\"CALUIRE | Inscriptions d\u00e9j\u00e0 ouvertes pour disputer les 10 kilom\u00e8tres\"}]},{\"@type\":\"WebSite\",\"@id\":\"https:\/\/newsestlyonnais.fr\/site\/#website\",\"url\":\"https:\/\/newsestlyonnais.fr\/site\/\",\"name\":\"News Est Lyonnais\",\"description\":\"L&#039;actualit\u00e9 au plus pr\u00e8s\",\"publisher\":{\"@id\":\"https:\/\/newsestlyonnais.fr\/site\/#organization\"},\"potentialAction\":[{\"@type\":\"SearchAction\",\"target\":{\"@type\":\"EntryPoint\",\"urlTemplate\":\"https:\/\/newsestlyonnais.fr\/site\/?s={search_term_string}\"},\"query-input\":{\"@type\":\"PropertyValueSpecification\",\"valueRequired\":true,\"valueName\":\"search_term_string\"}}],\"inLanguage\":\"fr-FR\"},{\"@type\":\"Organization\",\"@id\":\"https:\/\/newsestlyonnais.fr\/site\/#organization\",\"name\":\"News EST LYONNAIS\",\"url\":\"https:\/\/newsestlyonnais.fr\/site\/\",\"logo\":{\"@type\":\"ImageObject\",\"inLanguage\":\"fr-FR\",\"@id\":\"https:\/\/newsestlyonnais.fr\/site\/#\/schema\/logo\/image\/\",\"url\":\"\",\"contentUrl\":\"\",\"caption\":\"News EST LYONNAIS\"},\"image\":{\"@id\":\"https:\/\/newsestlyonnais.fr\/site\/#\/schema\/logo\/image\/\"}},{\"@type\":\"Person\",\"@id\":\"https:\/\/newsestlyonnais.fr\/site\/#\/schema\/person\/3230d5615f390bb808365d673001e887\",\"name\":\"R\u00e9dac. NEWS\",\"sameAs\":[\"http:\/\/www.newsestlyonnais.fr\",\"https:\/\/www.facebook.com\/pascal.oberson.1?fref=ts\",\"https:\/\/fr.linkedin.com\/in\/pascal-oberson-b17045113\"],\"url\":\"https:\/\/newsestlyonnais.fr\/site\/author\/nel\/\"}]}<\/script>\n<!-- \/ Yoast SEO plugin. -->","yoast_head_json":{"title":"CALUIRE | Inscriptions d\u00e9j\u00e0 ouvertes pour disputer les 10 kilom\u00e8tres - News Est Lyonnais","description":"CALUIRE | Inscriptions d\u00e9j\u00e0 ouvertes pour disputer les 10 kilom\u00e8tres","robots":{"index":"index","follow":"follow","max-snippet":"max-snippet:-1","max-image-preview":"max-image-preview:large","max-video-preview":"max-video-preview:-1"},"canonical":"https:\/\/newsestlyonnais.fr\/site\/2024\/09\/23\/caluire-inscriptions-deja-ouvertes-pour-disputer-les-10-kilometres\/","og_locale":"fr_FR","og_type":"article","og_title":"CALUIRE | Inscriptions d\u00e9j\u00e0 ouvertes pour disputer les 10 kilom\u00e8tres - News Est Lyonnais","og_description":"CALUIRE | Inscriptions d\u00e9j\u00e0 ouvertes pour disputer les 10 kilom\u00e8tres","og_url":"https:\/\/newsestlyonnais.fr\/site\/2024\/09\/23\/caluire-inscriptions-deja-ouvertes-pour-disputer-les-10-kilometres\/","og_site_name":"News Est Lyonnais","article_author":"https:\/\/www.facebook.com\/pascal.oberson.1?fref=ts","article_published_time":"2024-09-23T15:12:48+00:00","article_modified_time":"2024-10-20T17:06:48+00:00","og_image":[{"width":1200,"height":675,"url":"https:\/\/newsestlyonnais.fr\/site\/wp-content\/uploads\/2024\/09\/20231015_085853.jpg","type":"image\/jpeg"}],"author":"R\u00e9dac. NEWS","twitter_card":"summary_large_image","twitter_misc":{"\u00c9crit par":"R\u00e9dac. NEWS","Dur\u00e9e de lecture estim\u00e9e":"1 minute"},"schema":{"@context":"https:\/\/schema.org","@graph":[{"@type":"Article","@id":"https:\/\/newsestlyonnais.fr\/site\/2024\/09\/23\/caluire-inscriptions-deja-ouvertes-pour-disputer-les-10-kilometres\/#article","isPartOf":{"@id":"https:\/\/newsestlyonnais.fr\/site\/2024\/09\/23\/caluire-inscriptions-deja-ouvertes-pour-disputer-les-10-kilometres\/"},"author":{"name":"R\u00e9dac. NEWS","@id":"https:\/\/newsestlyonnais.fr\/site\/#\/schema\/person\/3230d5615f390bb808365d673001e887"},"headline":"CALUIRE | Inscriptions d\u00e9j\u00e0 ouvertes pour disputer les 10 kilom\u00e8tres","datePublished":"2024-09-23T15:12:48+00:00","dateModified":"2024-10-20T17:06:48+00:00","mainEntityOfPage":{"@id":"https:\/\/newsestlyonnais.fr\/site\/2024\/09\/23\/caluire-inscriptions-deja-ouvertes-pour-disputer-les-10-kilometres\/"},"wordCount":144,"commentCount":0,"publisher":{"@id":"https:\/\/newsestlyonnais.fr\/site\/#organization"},"image":{"@id":"https:\/\/newsestlyonnais.fr\/site\/2024\/09\/23\/caluire-inscriptions-deja-ouvertes-pour-disputer-les-10-kilometres\/#primaryimage"},"thumbnailUrl":"https:\/\/newsestlyonnais.fr\/site\/wp-content\/uploads\/2024\/09\/20231015_085853.jpg","articleSection":["Athl\u00e9 | Course pied | Marche","Caluire","Sports"],"inLanguage":"fr-FR","potentialAction":[{"@type":"CommentAction","name":"Comment","target":["https:\/\/newsestlyonnais.fr\/site\/2024\/09\/23\/caluire-inscriptions-deja-ouvertes-pour-disputer-les-10-kilometres\/#respond"]}]},{"@type":"WebPage","@id":"https:\/\/newsestlyonnais.fr\/site\/2024\/09\/23\/caluire-inscriptions-deja-ouvertes-pour-disputer-les-10-kilometres\/","url":"https:\/\/newsestlyonnais.fr\/site\/2024\/09\/23\/caluire-inscriptions-deja-ouvertes-pour-disputer-les-10-kilometres\/","name":"CALUIRE | Inscriptions d\u00e9j\u00e0 ouvertes pour disputer les 10 kilom\u00e8tres - News Est Lyonnais","isPartOf":{"@id":"https:\/\/newsestlyonnais.fr\/site\/#website"},"primaryImageOfPage":{"@id":"https:\/\/newsestlyonnais.fr\/site\/2024\/09\/23\/caluire-inscriptions-deja-ouvertes-pour-disputer-les-10-kilometres\/#primaryimage"},"image":{"@id":"https:\/\/newsestlyonnais.fr\/site\/2024\/09\/23\/caluire-inscriptions-deja-ouvertes-pour-disputer-les-10-kilometres\/#primaryimage"},"thumbnailUrl":"https:\/\/newsestlyonnais.fr\/site\/wp-content\/uploads\/2024\/09\/20231015_085853.jpg","datePublished":"2024-09-23T15:12:48+00:00","dateModified":"2024-10-20T17:06:48+00:00","description":"CALUIRE | Inscriptions d\u00e9j\u00e0 ouvertes pour disputer les 10 kilom\u00e8tres","breadcrumb":{"@id":"https:\/\/newsestlyonnais.fr\/site\/2024\/09\/23\/caluire-inscriptions-deja-ouvertes-pour-disputer-les-10-kilometres\/#breadcrumb"},"inLanguage":"fr-FR","potentialAction":[{"@type":"ReadAction","target":["https:\/\/newsestlyonnais.fr\/site\/2024\/09\/23\/caluire-inscriptions-deja-ouvertes-pour-disputer-les-10-kilometres\/"]}]},{"@type":"ImageObject","inLanguage":"fr-FR","@id":"https:\/\/newsestlyonnais.fr\/site\/2024\/09\/23\/caluire-inscriptions-deja-ouvertes-pour-disputer-les-10-kilometres\/#primaryimage","url":"https:\/\/newsestlyonnais.fr\/site\/wp-content\/uploads\/2024\/09\/20231015_085853.jpg","contentUrl":"https:\/\/newsestlyonnais.fr\/site\/wp-content\/uploads\/2024\/09\/20231015_085853.jpg","width":1200,"height":675},{"@type":"BreadcrumbList","@id":"https:\/\/newsestlyonnais.fr\/site\/2024\/09\/23\/caluire-inscriptions-deja-ouvertes-pour-disputer-les-10-kilometres\/#breadcrumb","itemListElement":[{"@type":"ListItem","position":1,"name":"Accueil","item":"https:\/\/newsestlyonnais.fr\/site\/"},{"@type":"ListItem","position":2,"name":"CALUIRE | Inscriptions d\u00e9j\u00e0 ouvertes pour disputer les 10 kilom\u00e8tres"}]},{"@type":"WebSite","@id":"https:\/\/newsestlyonnais.fr\/site\/#website","url":"https:\/\/newsestlyonnais.fr\/site\/","name":"News Est Lyonnais","description":"L&#039;actualit\u00e9 au plus pr\u00e8s","publisher":{"@id":"https:\/\/newsestlyonnais.fr\/site\/#organization"},"potentialAction":[{"@type":"SearchAction","target":{"@type":"EntryPoint","urlTemplate":"https:\/\/newsestlyonnais.fr\/site\/?s={search_term_string}"},"query-input":{"@type":"PropertyValueSpecification","valueRequired":true,"valueName":"search_term_string"}}],"inLanguage":"fr-FR"},{"@type":"Organization","@id":"https:\/\/newsestlyonnais.fr\/site\/#organization","name":"News EST LYONNAIS","url":"https:\/\/newsestlyonnais.fr\/site\/","logo":{"@type":"ImageObject","inLanguage":"fr-FR","@id":"https:\/\/newsestlyonnais.fr\/site\/#\/schema\/logo\/image\/","url":"","contentUrl":"","caption":"News EST LYONNAIS"},"image":{"@id":"https:\/\/newsestlyonnais.fr\/site\/#\/schema\/logo\/image\/"}},{"@type":"Person","@id":"https:\/\/newsestlyonnais.fr\/site\/#\/schema\/person\/3230d5615f390bb808365d673001e887","name":"R\u00e9dac. NEWS","sameAs":["http:\/\/www.newsestlyonnais.fr","https:\/\/www.facebook.com\/pascal.oberson.1?fref=ts","https:\/\/fr.linkedin.com\/in\/pascal-oberson-b17045113"],"url":"https:\/\/newsestlyonnais.fr\/site\/author\/nel\/"}]}},"_links":{"self":[{"href":"https:\/\/newsestlyonnais.fr\/site\/wp-json\/wp\/v2\/posts\/213130","targetHints":{"allow":["GET"]}}],"collection":[{"href":"https:\/\/newsestlyonnais.fr\/site\/wp-json\/wp\/v2\/posts"}],"about":[{"href":"https:\/\/newsestlyonnais.fr\/site\/wp-json\/wp\/v2\/types\/post"}],"author":[{"embeddable":true,"href":"https:\/\/newsestlyonnais.fr\/site\/wp-json\/wp\/v2\/users\/4"}],"replies":[{"embeddable":true,"href":"https:\/\/newsestlyonnais.fr\/site\/wp-json\/wp\/v2\/comments?post=213130"}],"version-history":[{"count":0,"href":"https:\/\/newsestlyonnais.fr\/site\/wp-json\/wp\/v2\/posts\/213130\/revisions"}],"wp:featuredmedia":[{"embeddable":true,"href":"https:\/\/newsestlyonnais.fr\/site\/wp-json\/wp\/v2\/media\/213148"}],"wp:attachment":[{"href":"https:\/\/newsestlyonnais.fr\/site\/wp-json\/wp\/v2\/media?parent=213130"}],"wp:term":[{"taxonomy":"category","embeddable":true,"href":"https:\/\/newsestlyonnais.fr\/site\/wp-json\/wp\/v2\/categories?post=213130"},{"taxonomy":"post_tag","embeddable":true,"href":"https:\/\/newsestlyonnais.fr\/site\/wp-json\/wp\/v2\/tags?post=213130"}],"curies":[{"name":"wp","href":"https:\/\/api.w.org\/{rel}","templated":true}]}}