{"id":21389,"date":"2017-02-23T15:40:56","date_gmt":"2017-02-23T14:40:56","guid":{"rendered":"http:\/\/newsestlyonnais.fr\/site\/?p=21389"},"modified":"2020-10-26T07:49:54","modified_gmt":"2020-10-26T06:49:54","slug":"jonagepusignan-journee-de-detection-feminine-a-lusel-foot","status":"publish","type":"post","link":"https:\/\/newsestlyonnais.fr\/site\/2017\/02\/23\/jonagepusignan-journee-de-detection-feminine-a-lusel-foot\/","title":{"rendered":"JONAGE \/ PUSIGNAN | Journ\u00e9e de d\u00e9tection f\u00e9minine \u00e0 l&rsquo;USEL Foot"},"content":{"rendered":"<h4><strong>L&rsquo; USEL Foot accueillait mercredi, au stade des Marais, une journ\u00e9e de d\u00e9tection organis\u00e9e par l\u2019\u00e9cole de football f\u00e9minine de l\u2019Olympique Lyonnais.<\/strong><\/h4>\n<p>Une d\u00e9tection qui concernait des jeunes filles, n\u00e9es entre 2007 et 2009 et toutes domicili\u00e9es dans le bassin Lyonnais. Elles ont \u00e9t\u00e9 \u00e9valu\u00e9es au cours d\u2019une s\u00e9ance d\u2019entrainement compos\u00e9e de diff\u00e9rents exercices et de matchs \u00e0 effectifs\u00a0 r\u00e9duits.<\/p>\n<p><strong>Trois joueuses de l\u2019USEL \u00e9taient inscrites pour cet apr\u00e8s-midi de d\u00e9tection\u00a0: Maeva, \u00a0Ilona et Kessie.<\/strong><\/p>\n<ul>\n<li><strong>NOTA<\/strong>: Photos (Droits r\u00e9serv\u00e9s USEL Foot)<\/li>\n<\/ul>\n<figure id=\"attachment_21400\" aria-describedby=\"caption-attachment-21400\" style=\"width: 1000px\" class=\"wp-caption alignleft\"><img loading=\"lazy\" decoding=\"async\" class=\"size-full wp-image-21400\" src=\"https:\/\/newsestlyonnais.fr\/site\/medias\/2017\/02\/NEWSESTLYONNAIS-DETECTION-FILLES-OL-1.jpg\" alt=\"NEWSESTLYONNAIS -DETECTION FILLES OL\" width=\"1000\" height=\"750\" srcset=\"https:\/\/newsestlyonnais.fr\/site\/wp-content\/uploads\/2017\/02\/NEWSESTLYONNAIS-DETECTION-FILLES-OL-1.jpg 1000w, https:\/\/newsestlyonnais.fr\/site\/wp-content\/uploads\/2017\/02\/NEWSESTLYONNAIS-DETECTION-FILLES-OL-1-400x300.jpg 400w, https:\/\/newsestlyonnais.fr\/site\/wp-content\/uploads\/2017\/02\/NEWSESTLYONNAIS-DETECTION-FILLES-OL-1-768x576.jpg 768w, https:\/\/newsestlyonnais.fr\/site\/wp-content\/uploads\/2017\/02\/NEWSESTLYONNAIS-DETECTION-FILLES-OL-1-600x450.jpg 600w, https:\/\/newsestlyonnais.fr\/site\/wp-content\/uploads\/2017\/02\/NEWSESTLYONNAIS-DETECTION-FILLES-OL-1-100x75.jpg 100w\" sizes=\"auto, (max-width: 1000px) 100vw, 1000px\" \/><figcaption id=\"caption-attachment-21400\" class=\"wp-caption-text\">L\u2019\u00e9quipe d\u2019encadrement de l\u2019OL avec Julie, Marine D., F\u00e9licie, Marine J. et Julien Legrand, responsable de cette d\u00e9tection.<\/figcaption><\/figure>\n<figure id=\"attachment_21397\" aria-describedby=\"caption-attachment-21397\" style=\"width: 1056px\" class=\"wp-caption alignnone\"><img loading=\"lazy\" decoding=\"async\" class=\"wp-image-21397 size-full\" src=\"https:\/\/newsestlyonnais.fr\/site\/medias\/2017\/02\/NEWSESTLYONNAIS-DETECTION-FILLES-02.jpg\" alt=\"NEWSESTLYONNAIS - DETECTION FILLES 02\" width=\"1056\" height=\"594\" srcset=\"https:\/\/newsestlyonnais.fr\/site\/wp-content\/uploads\/2017\/02\/NEWSESTLYONNAIS-DETECTION-FILLES-02.jpg 1056w, https:\/\/newsestlyonnais.fr\/site\/wp-content\/uploads\/2017\/02\/NEWSESTLYONNAIS-DETECTION-FILLES-02-400x225.jpg 400w, https:\/\/newsestlyonnais.fr\/site\/wp-content\/uploads\/2017\/02\/NEWSESTLYONNAIS-DETECTION-FILLES-02-768x432.jpg 768w, https:\/\/newsestlyonnais.fr\/site\/wp-content\/uploads\/2017\/02\/NEWSESTLYONNAIS-DETECTION-FILLES-02-1000x563.jpg 1000w, https:\/\/newsestlyonnais.fr\/site\/wp-content\/uploads\/2017\/02\/NEWSESTLYONNAIS-DETECTION-FILLES-02-600x338.jpg 600w\" sizes=\"auto, (max-width: 1056px) 100vw, 1056px\" \/><figcaption id=\"caption-attachment-21397\" class=\"wp-caption-text\">Groupe des 2009 avec Marine, au programme : le jonglage<\/figcaption><\/figure>\n","protected":false},"excerpt":{"rendered":"<p>L&rsquo; USEL Foot accueillait mercredi, au stade des Marais, une journ\u00e9e de d\u00e9tection organis\u00e9e par l\u2019\u00e9cole de football f\u00e9minine de l\u2019Olympique Lyonnais. Une d\u00e9tection qui concernait des jeunes filles, n\u00e9es entre 2007 et 2009 et toutes domicili\u00e9es dans le bassin Lyonnais. Elles ont \u00e9t\u00e9 \u00e9valu\u00e9es au cours d\u2019une s\u00e9ance d\u2019entrainement compos\u00e9e de diff\u00e9rents exercices et [&hellip;]<\/p>\n","protected":false},"author":4,"featured_media":21393,"comment_status":"open","ping_status":"open","sticky":false,"template":"","format":"standard","meta":{"footnotes":""},"categories":[270,3421,1329,2996,1303,1279,2],"tags":[],"class_list":["post-21389","post","type-post","status-publish","format-standard","has-post-thumbnail","hentry","category-cte-de-communes-c-c-e-l","category-feminin-actu-au","category-foot","category-football-rugby","category-jonage","category-jons-pusignan","category-sports"],"yoast_head":"<!-- This site is optimized with the Yoast SEO plugin v27.2 - https:\/\/yoast.com\/product\/yoast-seo-wordpress\/ -->\n<title>JONAGE\/PUSIGNAN : Journ\u00e9e de d\u00e9tection f\u00e9minine \u00e0 l&#039;USEL Foot<\/title>\n<meta name=\"description\" content=\"JONAGE\/PUSIGNAN : Journ\u00e9e de d\u00e9tection f\u00e9minine \u00e0 l&#039;USEL Foot\" \/>\n<meta name=\"robots\" content=\"index, follow, max-snippet:-1, max-image-preview:large, max-video-preview:-1\" \/>\n<link rel=\"canonical\" href=\"https:\/\/newsestlyonnais.fr\/site\/2017\/02\/23\/jonagepusignan-journee-de-detection-feminine-a-lusel-foot\/\" \/>\n<meta property=\"og:locale\" content=\"fr_FR\" \/>\n<meta property=\"og:type\" content=\"article\" \/>\n<meta property=\"og:title\" content=\"JONAGE\/PUSIGNAN : Journ\u00e9e de d\u00e9tection f\u00e9minine \u00e0 l&#039;USEL Foot\" \/>\n<meta property=\"og:description\" content=\"JONAGE\/PUSIGNAN : Journ\u00e9e de d\u00e9tection f\u00e9minine \u00e0 l&#039;USEL Foot\" \/>\n<meta property=\"og:url\" content=\"https:\/\/newsestlyonnais.fr\/site\/2017\/02\/23\/jonagepusignan-journee-de-detection-feminine-a-lusel-foot\/\" \/>\n<meta property=\"og:site_name\" content=\"News Est Lyonnais\" \/>\n<meta property=\"article:author\" content=\"https:\/\/www.facebook.com\/pascal.oberson.1?fref=ts\" \/>\n<meta property=\"article:published_time\" content=\"2017-02-23T14:40:56+00:00\" \/>\n<meta property=\"article:modified_time\" content=\"2020-10-26T06:49:54+00:00\" \/>\n<meta property=\"og:image\" content=\"https:\/\/i0.wp.com\/newsestlyonnais.fr\/site\/wp-content\/uploads\/2017\/02\/NEWSESTLYONNAIS-DETECTION-FILLES-OL.jpg?fit=1000%2C750&ssl=1\" \/>\n\t<meta property=\"og:image:width\" content=\"1000\" \/>\n\t<meta property=\"og:image:height\" content=\"750\" \/>\n\t<meta property=\"og:image:type\" content=\"image\/jpeg\" \/>\n<meta name=\"author\" content=\"R\u00e9dac. NEWS\" \/>\n<meta name=\"twitter:card\" content=\"summary_large_image\" \/>\n<meta name=\"twitter:label1\" content=\"\u00c9crit par\" \/>\n\t<meta name=\"twitter:data1\" content=\"R\u00e9dac. NEWS\" \/>\n\t<meta name=\"twitter:label2\" content=\"Dur\u00e9e de lecture estim\u00e9e\" \/>\n\t<meta name=\"twitter:data2\" content=\"1 minute\" \/>\n<script type=\"application\/ld+json\" class=\"yoast-schema-graph\">{\"@context\":\"https:\/\/schema.org\",\"@graph\":[{\"@type\":\"Article\",\"@id\":\"https:\/\/newsestlyonnais.fr\/site\/2017\/02\/23\/jonagepusignan-journee-de-detection-feminine-a-lusel-foot\/#article\",\"isPartOf\":{\"@id\":\"https:\/\/newsestlyonnais.fr\/site\/2017\/02\/23\/jonagepusignan-journee-de-detection-feminine-a-lusel-foot\/\"},\"author\":{\"name\":\"R\u00e9dac. NEWS\",\"@id\":\"https:\/\/newsestlyonnais.fr\/site\/#\/schema\/person\/3230d5615f390bb808365d673001e887\"},\"headline\":\"JONAGE \/ PUSIGNAN | Journ\u00e9e de d\u00e9tection f\u00e9minine \u00e0 l&rsquo;USEL Foot\",\"datePublished\":\"2017-02-23T14:40:56+00:00\",\"dateModified\":\"2020-10-26T06:49:54+00:00\",\"mainEntityOfPage\":{\"@id\":\"https:\/\/newsestlyonnais.fr\/site\/2017\/02\/23\/jonagepusignan-journee-de-detection-feminine-a-lusel-foot\/\"},\"wordCount\":156,\"commentCount\":0,\"publisher\":{\"@id\":\"https:\/\/newsestlyonnais.fr\/site\/#organization\"},\"image\":{\"@id\":\"https:\/\/newsestlyonnais.fr\/site\/2017\/02\/23\/jonagepusignan-journee-de-detection-feminine-a-lusel-foot\/#primaryimage\"},\"thumbnailUrl\":\"https:\/\/newsestlyonnais.fr\/site\/wp-content\/uploads\/2017\/02\/NEWSESTLYONNAIS-DETECTION-FILLES-OL.jpg\",\"articleSection\":[\"CCEL | Communes\",\"F\u00e9minin (Actu au)\",\"Foot | Futsal\",\"Foot | Rugby\",\"Jonage\",\"Jons | Pusignan\",\"Sports\"],\"inLanguage\":\"fr-FR\",\"potentialAction\":[{\"@type\":\"CommentAction\",\"name\":\"Comment\",\"target\":[\"https:\/\/newsestlyonnais.fr\/site\/2017\/02\/23\/jonagepusignan-journee-de-detection-feminine-a-lusel-foot\/#respond\"]}]},{\"@type\":\"WebPage\",\"@id\":\"https:\/\/newsestlyonnais.fr\/site\/2017\/02\/23\/jonagepusignan-journee-de-detection-feminine-a-lusel-foot\/\",\"url\":\"https:\/\/newsestlyonnais.fr\/site\/2017\/02\/23\/jonagepusignan-journee-de-detection-feminine-a-lusel-foot\/\",\"name\":\"JONAGE\/PUSIGNAN : Journ\u00e9e de d\u00e9tection f\u00e9minine \u00e0 l'USEL Foot\",\"isPartOf\":{\"@id\":\"https:\/\/newsestlyonnais.fr\/site\/#website\"},\"primaryImageOfPage\":{\"@id\":\"https:\/\/newsestlyonnais.fr\/site\/2017\/02\/23\/jonagepusignan-journee-de-detection-feminine-a-lusel-foot\/#primaryimage\"},\"image\":{\"@id\":\"https:\/\/newsestlyonnais.fr\/site\/2017\/02\/23\/jonagepusignan-journee-de-detection-feminine-a-lusel-foot\/#primaryimage\"},\"thumbnailUrl\":\"https:\/\/newsestlyonnais.fr\/site\/wp-content\/uploads\/2017\/02\/NEWSESTLYONNAIS-DETECTION-FILLES-OL.jpg\",\"datePublished\":\"2017-02-23T14:40:56+00:00\",\"dateModified\":\"2020-10-26T06:49:54+00:00\",\"description\":\"JONAGE\/PUSIGNAN : Journ\u00e9e de d\u00e9tection f\u00e9minine \u00e0 l'USEL Foot\",\"breadcrumb\":{\"@id\":\"https:\/\/newsestlyonnais.fr\/site\/2017\/02\/23\/jonagepusignan-journee-de-detection-feminine-a-lusel-foot\/#breadcrumb\"},\"inLanguage\":\"fr-FR\",\"potentialAction\":[{\"@type\":\"ReadAction\",\"target\":[\"https:\/\/newsestlyonnais.fr\/site\/2017\/02\/23\/jonagepusignan-journee-de-detection-feminine-a-lusel-foot\/\"]}]},{\"@type\":\"ImageObject\",\"inLanguage\":\"fr-FR\",\"@id\":\"https:\/\/newsestlyonnais.fr\/site\/2017\/02\/23\/jonagepusignan-journee-de-detection-feminine-a-lusel-foot\/#primaryimage\",\"url\":\"https:\/\/newsestlyonnais.fr\/site\/wp-content\/uploads\/2017\/02\/NEWSESTLYONNAIS-DETECTION-FILLES-OL.jpg\",\"contentUrl\":\"https:\/\/newsestlyonnais.fr\/site\/wp-content\/uploads\/2017\/02\/NEWSESTLYONNAIS-DETECTION-FILLES-OL.jpg\",\"width\":1000,\"height\":750,\"caption\":\"NEWSESTLYONNAIS - DETECTION FILLES OL\"},{\"@type\":\"BreadcrumbList\",\"@id\":\"https:\/\/newsestlyonnais.fr\/site\/2017\/02\/23\/jonagepusignan-journee-de-detection-feminine-a-lusel-foot\/#breadcrumb\",\"itemListElement\":[{\"@type\":\"ListItem\",\"position\":1,\"name\":\"Accueil\",\"item\":\"https:\/\/newsestlyonnais.fr\/site\/\"},{\"@type\":\"ListItem\",\"position\":2,\"name\":\"JONAGE \/ PUSIGNAN | Journ\u00e9e de d\u00e9tection f\u00e9minine \u00e0 l&rsquo;USEL Foot\"}]},{\"@type\":\"WebSite\",\"@id\":\"https:\/\/newsestlyonnais.fr\/site\/#website\",\"url\":\"https:\/\/newsestlyonnais.fr\/site\/\",\"name\":\"News Est Lyonnais\",\"description\":\"L&#039;actualit\u00e9 au plus pr\u00e8s\",\"publisher\":{\"@id\":\"https:\/\/newsestlyonnais.fr\/site\/#organization\"},\"potentialAction\":[{\"@type\":\"SearchAction\",\"target\":{\"@type\":\"EntryPoint\",\"urlTemplate\":\"https:\/\/newsestlyonnais.fr\/site\/?s={search_term_string}\"},\"query-input\":{\"@type\":\"PropertyValueSpecification\",\"valueRequired\":true,\"valueName\":\"search_term_string\"}}],\"inLanguage\":\"fr-FR\"},{\"@type\":\"Organization\",\"@id\":\"https:\/\/newsestlyonnais.fr\/site\/#organization\",\"name\":\"News EST LYONNAIS\",\"url\":\"https:\/\/newsestlyonnais.fr\/site\/\",\"logo\":{\"@type\":\"ImageObject\",\"inLanguage\":\"fr-FR\",\"@id\":\"https:\/\/newsestlyonnais.fr\/site\/#\/schema\/logo\/image\/\",\"url\":\"\",\"contentUrl\":\"\",\"caption\":\"News EST LYONNAIS\"},\"image\":{\"@id\":\"https:\/\/newsestlyonnais.fr\/site\/#\/schema\/logo\/image\/\"}},{\"@type\":\"Person\",\"@id\":\"https:\/\/newsestlyonnais.fr\/site\/#\/schema\/person\/3230d5615f390bb808365d673001e887\",\"name\":\"R\u00e9dac. NEWS\",\"sameAs\":[\"http:\/\/www.newsestlyonnais.fr\",\"https:\/\/www.facebook.com\/pascal.oberson.1?fref=ts\",\"https:\/\/fr.linkedin.com\/in\/pascal-oberson-b17045113\"],\"url\":\"https:\/\/newsestlyonnais.fr\/site\/author\/nel\/\"}]}<\/script>\n<!-- \/ Yoast SEO plugin. -->","yoast_head_json":{"title":"JONAGE\/PUSIGNAN : Journ\u00e9e de d\u00e9tection f\u00e9minine \u00e0 l'USEL Foot","description":"JONAGE\/PUSIGNAN : Journ\u00e9e de d\u00e9tection f\u00e9minine \u00e0 l'USEL Foot","robots":{"index":"index","follow":"follow","max-snippet":"max-snippet:-1","max-image-preview":"max-image-preview:large","max-video-preview":"max-video-preview:-1"},"canonical":"https:\/\/newsestlyonnais.fr\/site\/2017\/02\/23\/jonagepusignan-journee-de-detection-feminine-a-lusel-foot\/","og_locale":"fr_FR","og_type":"article","og_title":"JONAGE\/PUSIGNAN : Journ\u00e9e de d\u00e9tection f\u00e9minine \u00e0 l'USEL Foot","og_description":"JONAGE\/PUSIGNAN : Journ\u00e9e de d\u00e9tection f\u00e9minine \u00e0 l'USEL Foot","og_url":"https:\/\/newsestlyonnais.fr\/site\/2017\/02\/23\/jonagepusignan-journee-de-detection-feminine-a-lusel-foot\/","og_site_name":"News Est Lyonnais","article_author":"https:\/\/www.facebook.com\/pascal.oberson.1?fref=ts","article_published_time":"2017-02-23T14:40:56+00:00","article_modified_time":"2020-10-26T06:49:54+00:00","og_image":[{"width":1000,"height":750,"url":"https:\/\/i0.wp.com\/newsestlyonnais.fr\/site\/wp-content\/uploads\/2017\/02\/NEWSESTLYONNAIS-DETECTION-FILLES-OL.jpg?fit=1000%2C750&ssl=1","type":"image\/jpeg"}],"author":"R\u00e9dac. NEWS","twitter_card":"summary_large_image","twitter_misc":{"\u00c9crit par":"R\u00e9dac. NEWS","Dur\u00e9e de lecture estim\u00e9e":"1 minute"},"schema":{"@context":"https:\/\/schema.org","@graph":[{"@type":"Article","@id":"https:\/\/newsestlyonnais.fr\/site\/2017\/02\/23\/jonagepusignan-journee-de-detection-feminine-a-lusel-foot\/#article","isPartOf":{"@id":"https:\/\/newsestlyonnais.fr\/site\/2017\/02\/23\/jonagepusignan-journee-de-detection-feminine-a-lusel-foot\/"},"author":{"name":"R\u00e9dac. NEWS","@id":"https:\/\/newsestlyonnais.fr\/site\/#\/schema\/person\/3230d5615f390bb808365d673001e887"},"headline":"JONAGE \/ PUSIGNAN | Journ\u00e9e de d\u00e9tection f\u00e9minine \u00e0 l&rsquo;USEL Foot","datePublished":"2017-02-23T14:40:56+00:00","dateModified":"2020-10-26T06:49:54+00:00","mainEntityOfPage":{"@id":"https:\/\/newsestlyonnais.fr\/site\/2017\/02\/23\/jonagepusignan-journee-de-detection-feminine-a-lusel-foot\/"},"wordCount":156,"commentCount":0,"publisher":{"@id":"https:\/\/newsestlyonnais.fr\/site\/#organization"},"image":{"@id":"https:\/\/newsestlyonnais.fr\/site\/2017\/02\/23\/jonagepusignan-journee-de-detection-feminine-a-lusel-foot\/#primaryimage"},"thumbnailUrl":"https:\/\/newsestlyonnais.fr\/site\/wp-content\/uploads\/2017\/02\/NEWSESTLYONNAIS-DETECTION-FILLES-OL.jpg","articleSection":["CCEL | Communes","F\u00e9minin (Actu au)","Foot | Futsal","Foot | Rugby","Jonage","Jons | Pusignan","Sports"],"inLanguage":"fr-FR","potentialAction":[{"@type":"CommentAction","name":"Comment","target":["https:\/\/newsestlyonnais.fr\/site\/2017\/02\/23\/jonagepusignan-journee-de-detection-feminine-a-lusel-foot\/#respond"]}]},{"@type":"WebPage","@id":"https:\/\/newsestlyonnais.fr\/site\/2017\/02\/23\/jonagepusignan-journee-de-detection-feminine-a-lusel-foot\/","url":"https:\/\/newsestlyonnais.fr\/site\/2017\/02\/23\/jonagepusignan-journee-de-detection-feminine-a-lusel-foot\/","name":"JONAGE\/PUSIGNAN : Journ\u00e9e de d\u00e9tection f\u00e9minine \u00e0 l'USEL Foot","isPartOf":{"@id":"https:\/\/newsestlyonnais.fr\/site\/#website"},"primaryImageOfPage":{"@id":"https:\/\/newsestlyonnais.fr\/site\/2017\/02\/23\/jonagepusignan-journee-de-detection-feminine-a-lusel-foot\/#primaryimage"},"image":{"@id":"https:\/\/newsestlyonnais.fr\/site\/2017\/02\/23\/jonagepusignan-journee-de-detection-feminine-a-lusel-foot\/#primaryimage"},"thumbnailUrl":"https:\/\/newsestlyonnais.fr\/site\/wp-content\/uploads\/2017\/02\/NEWSESTLYONNAIS-DETECTION-FILLES-OL.jpg","datePublished":"2017-02-23T14:40:56+00:00","dateModified":"2020-10-26T06:49:54+00:00","description":"JONAGE\/PUSIGNAN : Journ\u00e9e de d\u00e9tection f\u00e9minine \u00e0 l'USEL Foot","breadcrumb":{"@id":"https:\/\/newsestlyonnais.fr\/site\/2017\/02\/23\/jonagepusignan-journee-de-detection-feminine-a-lusel-foot\/#breadcrumb"},"inLanguage":"fr-FR","potentialAction":[{"@type":"ReadAction","target":["https:\/\/newsestlyonnais.fr\/site\/2017\/02\/23\/jonagepusignan-journee-de-detection-feminine-a-lusel-foot\/"]}]},{"@type":"ImageObject","inLanguage":"fr-FR","@id":"https:\/\/newsestlyonnais.fr\/site\/2017\/02\/23\/jonagepusignan-journee-de-detection-feminine-a-lusel-foot\/#primaryimage","url":"https:\/\/newsestlyonnais.fr\/site\/wp-content\/uploads\/2017\/02\/NEWSESTLYONNAIS-DETECTION-FILLES-OL.jpg","contentUrl":"https:\/\/newsestlyonnais.fr\/site\/wp-content\/uploads\/2017\/02\/NEWSESTLYONNAIS-DETECTION-FILLES-OL.jpg","width":1000,"height":750,"caption":"NEWSESTLYONNAIS - DETECTION FILLES OL"},{"@type":"BreadcrumbList","@id":"https:\/\/newsestlyonnais.fr\/site\/2017\/02\/23\/jonagepusignan-journee-de-detection-feminine-a-lusel-foot\/#breadcrumb","itemListElement":[{"@type":"ListItem","position":1,"name":"Accueil","item":"https:\/\/newsestlyonnais.fr\/site\/"},{"@type":"ListItem","position":2,"name":"JONAGE \/ PUSIGNAN | Journ\u00e9e de d\u00e9tection f\u00e9minine \u00e0 l&rsquo;USEL Foot"}]},{"@type":"WebSite","@id":"https:\/\/newsestlyonnais.fr\/site\/#website","url":"https:\/\/newsestlyonnais.fr\/site\/","name":"News Est Lyonnais","description":"L&#039;actualit\u00e9 au plus pr\u00e8s","publisher":{"@id":"https:\/\/newsestlyonnais.fr\/site\/#organization"},"potentialAction":[{"@type":"SearchAction","target":{"@type":"EntryPoint","urlTemplate":"https:\/\/newsestlyonnais.fr\/site\/?s={search_term_string}"},"query-input":{"@type":"PropertyValueSpecification","valueRequired":true,"valueName":"search_term_string"}}],"inLanguage":"fr-FR"},{"@type":"Organization","@id":"https:\/\/newsestlyonnais.fr\/site\/#organization","name":"News EST LYONNAIS","url":"https:\/\/newsestlyonnais.fr\/site\/","logo":{"@type":"ImageObject","inLanguage":"fr-FR","@id":"https:\/\/newsestlyonnais.fr\/site\/#\/schema\/logo\/image\/","url":"","contentUrl":"","caption":"News EST LYONNAIS"},"image":{"@id":"https:\/\/newsestlyonnais.fr\/site\/#\/schema\/logo\/image\/"}},{"@type":"Person","@id":"https:\/\/newsestlyonnais.fr\/site\/#\/schema\/person\/3230d5615f390bb808365d673001e887","name":"R\u00e9dac. NEWS","sameAs":["http:\/\/www.newsestlyonnais.fr","https:\/\/www.facebook.com\/pascal.oberson.1?fref=ts","https:\/\/fr.linkedin.com\/in\/pascal-oberson-b17045113"],"url":"https:\/\/newsestlyonnais.fr\/site\/author\/nel\/"}]}},"_links":{"self":[{"href":"https:\/\/newsestlyonnais.fr\/site\/wp-json\/wp\/v2\/posts\/21389","targetHints":{"allow":["GET"]}}],"collection":[{"href":"https:\/\/newsestlyonnais.fr\/site\/wp-json\/wp\/v2\/posts"}],"about":[{"href":"https:\/\/newsestlyonnais.fr\/site\/wp-json\/wp\/v2\/types\/post"}],"author":[{"embeddable":true,"href":"https:\/\/newsestlyonnais.fr\/site\/wp-json\/wp\/v2\/users\/4"}],"replies":[{"embeddable":true,"href":"https:\/\/newsestlyonnais.fr\/site\/wp-json\/wp\/v2\/comments?post=21389"}],"version-history":[{"count":0,"href":"https:\/\/newsestlyonnais.fr\/site\/wp-json\/wp\/v2\/posts\/21389\/revisions"}],"wp:featuredmedia":[{"embeddable":true,"href":"https:\/\/newsestlyonnais.fr\/site\/wp-json\/wp\/v2\/media\/21393"}],"wp:attachment":[{"href":"https:\/\/newsestlyonnais.fr\/site\/wp-json\/wp\/v2\/media?parent=21389"}],"wp:term":[{"taxonomy":"category","embeddable":true,"href":"https:\/\/newsestlyonnais.fr\/site\/wp-json\/wp\/v2\/categories?post=21389"},{"taxonomy":"post_tag","embeddable":true,"href":"https:\/\/newsestlyonnais.fr\/site\/wp-json\/wp\/v2\/tags?post=21389"}],"curies":[{"name":"wp","href":"https:\/\/api.w.org\/{rel}","templated":true}]}}