{"id":214907,"date":"2024-11-05T14:26:23","date_gmt":"2024-11-05T13:26:23","guid":{"rendered":"https:\/\/newsestlyonnais.fr\/site\/?p=214907"},"modified":"2024-12-03T08:44:13","modified_gmt":"2024-12-03T07:44:13","slug":"saint-priest-les-evenements-de-novembre","status":"publish","type":"post","link":"https:\/\/newsestlyonnais.fr\/site\/2024\/11\/05\/saint-priest-les-evenements-de-novembre\/","title":{"rendered":"SAINT-PRIEST | Les \u00e9v\u00e8nements de novembre"},"content":{"rendered":"<p><strong><span style=\"background-color: #000000; color: #ffffff;\">Mardi 5 novembre <\/span><\/strong><\/p>\n<ul>\n<li>De 8 h 30 \u00e0 12 h \/ Th\u00e9\u00e2tre Th\u00e9o Argence &gt; <strong>ASSISES DE LA S\u00c9CURIT\u00c9 PUBLIQUE<\/strong><\/li>\n<\/ul>\n<p><span style=\"background-color: #000000; color: #ffffff;\"><strong>Lundi 11 novembre <\/strong><\/span><\/p>\n<ul>\n<li>11 h \/ Jardin de la m\u00e9moire &#8211; Ch\u00e2teau &gt; <strong>C\u00c9R\u00c9MONIE COMM\u00c9MORATIVE DU 11 NOVEMBRE 1918<\/strong><\/li>\n<\/ul>\n<p><strong><span style=\"background-color: #000000; color: #ffffff;\">Mercredi 13 novembre <\/span><\/strong><\/p>\n<ul>\n<li>\u00a0De 9 h 30 \u00e0 11 h 30 \/ ASPIE (20 rue Bel Air) &gt; <strong>GRAND QUIZ SUR LA CR\u00c9ATION D\u2019ENTREPRISES<\/strong><\/li>\n<li>15 h \/ Th\u00e9\u00e2tre Th\u00e9o Argence &gt; <strong>SPECTACLE \u00ab SOUS LA NEIGE \u00bb &#8211; COMPAGNIE LES BESTIOLES<\/strong><\/li>\n<\/ul>\n<p><strong><span style=\"background-color: #000000; color: #ffffff;\">Jeudi 14 novembre <\/span><\/strong><\/p>\n<ul>\n<li>De 9 h \u00e0 12 h 30 et de 13 h 30 \u00e0 16 h 30 \/ Espace Mosa\u00efque &gt; <strong>SALON DE L\u2019ORIENTATION ET DE LA FORMATION<\/strong>, DANS LE CADRE DU MOIS DE L\u2019\u00c9CONOMIE<\/li>\n<li>19 h \/ Salle du Conseil &#8211; Mairie &gt; <strong>CONSEIL MUNICIPAL<\/strong><\/li>\n<\/ul>\n<hr \/>\n<p><strong><span style=\"background-color: #000000; color: #ffffff;\">Du 16 novembre au 3 d\u00e9cembre<\/span><\/strong> &gt; <strong><span style=\"background-color: #000000; color: #ffcc00;\">LES SEMAINES DES HANDICAPS<\/span><\/strong><\/p>\n<ul>\n<li><strong>Samedi 16 novembre<\/strong> \/ De 14 h \u00e0 17 h 30 \/ Gymnase Jacques Brel : <strong>4\u00b0 \u00e9dition de \u00ab Osons le sport \u00bb<\/strong>. Entr\u00e9e libre et gratuite.<\/li>\n<li><strong>Mercredi 27 novembre<\/strong> \/ De 10 h \u00e0 11 h 30 \/ CAMSP (10 rue P. Corneille) : <strong>La communication am\u00e9lior\u00e9e et alternative. <\/strong>Entr\u00e9e gratuite \/ Inscription aupr\u00e8s du CCAS : 04 81 92 22 65.<strong><br \/>\n<\/strong><\/li>\n<li><strong>Jeudi 28 novembre<\/strong> \/ 14 h \/ Tennis Club de Saint-Priest : <strong>Initiation au tennis adapt\u00e9<\/strong>. Gratuit \/ Inscription : 04 78 20 38 33<\/li>\n<li><strong>Vendredi 29 novembre<\/strong> \/ 19 h 30 \/ MJC Jean Cocteau : <strong>Spectacle \u00ab Le Bal des pompiers \u00bb<\/strong>. Entr\u00e9e gratuite \/ Inscription aupr\u00e8s de la MJC : 04 78 20 07 89.<\/li>\n<li><strong>Samedi 30 novembre<\/strong> \/ 10 h \/ Espace Bulle d\u2019Air Mansart (6 rue Paul Val\u00e9ry) : <strong>Atelier Bien-\u00eatre parents \/ enfants<\/strong>. Gratuit \/ Inscription au 06 11 05 10 08 &amp; de 10 h \u00e0 17 h \/ MJC Jean Cocteau : <strong>Troubles DYS et TDAH.<\/strong> Entr\u00e9e libre.<\/li>\n<li><strong>Mardi 3 d\u00e9cembre<\/strong> \/ 18 h 30 \/ Le Grand Sc\u00e9nario : <strong>Cin\u00e9-d\u00e9bat \u00ab Un p\u2019tit truc en plus \u00bb<\/strong>. Entr\u00e9e gratuite.<\/li>\n<\/ul>\n<hr \/>\n<p><strong><span style=\"background-color: #000000; color: #ffffff;\">Samedi 16 novembre <\/span><\/strong><\/p>\n<ul>\n<li>De 14 h \u00e0 17 h \/ Parking Colette &gt; <strong>F\u00caTE DE L\u2019ARBRE ET COLLECTE PARTICIPATIVE D\u2019OLIVES<\/strong>. Animations gratuites \/ Infos : 04 72 23 48 30 \u2013 service-environnement@maire-saint-priest.fr<\/li>\n<\/ul>\n<p><strong><span style=\"background-color: #000000; color: #ffffff;\">Du 19 novembre au 16 d\u00e9cembre<\/span><\/strong> \/ M\u00e9diath\u00e8que &gt; <strong>EXPOSITION-JEUX \u00ab TOC ! TOC ! TOC ! \u00c0 LA PORTE DES CONTES \u00bb<\/strong>, DANS LE CADRE DU MOIS DE L\u2019ILLUSTRATION.<\/p>\n<p><strong><span style=\"background-color: #000000; color: #ffffff;\">Mardi 19 novembre<\/span><\/strong><\/p>\n<ul>\n<li>De 11 h 30 \u00e0 14 h 30 \/ Gymnase Fran\u00e7ois Arnaud &gt; <strong>VILLAGE HANDISPORTS<\/strong>, DANS LE CADRE DU MOIS DE L\u2019\u00c9CONOMIE. Entr\u00e9e libre et gratuite \/ Douches et vestiaires sur place.<\/li>\n<li>\u00e0 18 h et \u00e0 19 h 45 &amp; mercredi 20 novembre \u00e0 19 h 45 et 21 h 30 \/ Th\u00e9\u00e2tre Th\u00e9o Argence &gt; <strong>SPECTACLE \u00ab SHAKESPEARE\u2019S GHOSTS \u00bb <\/strong>&#8211; COMPAGNIE THESPIS. Dur\u00e9e : 1 h 15 \/Tarifs : De 11 \u00e0 23 \u20ac \/ \u00c0 partir de 14 ans.<\/li>\n<\/ul>\n<p><span style=\"background-color: #000000; color: #ffffff;\"><strong>Jeudi 21 novembre <\/strong><\/span><\/p>\n<ul>\n<li>De 9h \u00e0 12h \/ Espace Mosa\u00efque &gt; <strong>RENCONTRE EMPLOI,<\/strong> DANS LE CADRE DU MOIS DE L\u2019\u00c9CONOMIE. Entr\u00e9e libre et gratuite \/ Conseil : Venir muni de plusieurs CV.<\/li>\n<\/ul>\n<p><strong><span style=\"background-color: #000000; color: #ffffff;\">Vendredi 22 novembre <\/span><\/strong><\/p>\n<ul>\n<li>\u00c0 partir de 18 h \/ Place Salengro &gt; <strong>GOURMANDISES ET BEAUJOLAIS<\/strong>. Entr\u00e9e libre.<\/li>\n<li>De 18 h 30 \u00e0 21 h \/ Centre nautique Pierre Mend\u00e8s-France &gt; <strong>NOCTURNE ZEN<\/strong>. Soir\u00e9e r\u00e9serv\u00e9e aux 18 ans et plus \/ Tarifs habituels \/ Infos en caisse : 04 78 21 52 00.<\/li>\n<\/ul>\n<p><strong><span style=\"background-color: #000000; color: #ffffff;\">Samedi 23 novembre <\/span><\/strong><\/p>\n<ul>\n<li>11 h \/ Th\u00e9\u00e2tre Th\u00e9o Argence &gt; <strong>SPECTACLE \u00ab LE BIBLIOTH\u00c9CAIRE \u00bb<\/strong> &#8211; COMPAGNIE LE GROS ORTEIL. Dur\u00e9e : 50 minutes \/Tarifs : De 5 \u00e0 13 \u20ac \/ \u00c0 partir de 6 ans.<\/li>\n<\/ul>\n<p><span style=\"background-color: #000000; color: #ffffff;\"><strong>Dimanche 24 novembre <\/strong><\/span><\/p>\n<ul>\n<li>De 9 h 30 \u00e0 15 h 30 \/ Stade Pierre Mend\u00e8s-France &gt; <strong>LES MYRIADES<\/strong>. inscriptions pour les licenci\u00e9s FFA sur le site du Comit\u00e9 du Rh\u00f4ne : http:\/\/rhone.athle.com, pour les non-licenci\u00e9s sur : www.ville-saint-priest.fr \/ Infos : Lyon Athl\u00e9tisme &#8211; 04 72 73 11 63 &#8211; lyonathletisme@orange.fr<\/li>\n<\/ul>\n<hr \/>\n<p><strong><span style=\"background-color: #000000; color: #ffffff;\">Mardi 26 novembre<\/span><\/strong><\/p>\n<ul>\n<li>20 h \/ Th\u00e9\u00e2tre Th\u00e9o Argence &gt; <strong>SPECTACLE \u00ab LE DISCOURS \u00bb &#8211; SIMON ASTIE<\/strong>R. Dur\u00e9e : 1h15 \/Tarifs : De 21 \u00e0 37 \u20ac.<\/li>\n<\/ul>\n<p><span style=\"background-color: #000000; color: #ffffff;\"><strong>Jeudi 28 novembre <\/strong><\/span><\/p>\n<ul>\n<li>18 h 30 \/ Th\u00e9\u00e2tre Th\u00e9o Argence &gt; <strong>RENCONTRES DE L\u2019INITIATIVE \u00c9CONOMIQUE<\/strong>, DANS LE CADRE DU MOIS DE L\u2019\u00c9CONOMIE. Sur inscription par mail : economie@mairie-saint-priest.fr .<\/li>\n<\/ul>\n<p><strong><span style=\"background-color: #000000; color: #ffffff;\">Vendredi 29 novembre <\/span><\/strong><\/p>\n<ul>\n<li>18 h \/ D\u00e9part du parvis du Th\u00e9\u00e2tre Th\u00e9o Argence &gt; <strong>LES CAVALCADES<\/strong>. Gratuit.<\/li>\n<li>20 h \/ Th\u00e9\u00e2tre Th\u00e9o Argence &gt; <strong>SPECTACLE \u00ab LE REQUIEM DE FAUR\u00c9 \u00bb<\/strong> &#8211; ORCHESTRE ET CH\u0152URS DE L\u2019OP\u00c9RA DE LYON. Dur\u00e9e : 1 h 15 \/Tarifs : De 11 \u00e0 24 \u20ac \/ D\u00e8s 10 ans.<\/li>\n<\/ul>\n<p><span style=\"background-color: #000000; color: #ffffff;\"><strong>Samedi 30 novembre<\/strong><\/span><\/p>\n<ul>\n<li>19 h \/ Espace Mosa\u00efque &gt; <strong>T\u00c9L\u00c9THON \u00c0 SAINT-PRIEST<\/strong>. Tarif : 8 \u20ac &#8211; gratuit pour les -14 ans \/ Contact : telethonsaintpriest@gmail.com<\/li>\n<\/ul>\n<hr \/>\n<p><span style=\"background-color: #000000; font-size: 18pt;\"><em><strong><span style=\"color: #ffffff;\">&gt;&gt; L\u2019ACTU de la commune : <\/span><a style=\"background-color: #000000;\" href=\"http:\/\/www.ville-saint-priest.fr\/accueil.547.0.html\" target=\"_blank\" rel=\"noreferrer noopener\"><span style=\"color: #3366ff;\">http:\/\/www.ville-saint-priest.fr<\/span><\/a><\/strong><\/em><\/span><\/p>\n","protected":false},"excerpt":{"rendered":"<p>Nombreuses sont les programmations locales d&rsquo;ici la fin de ce mois.<\/p>\n","protected":false},"author":4,"featured_media":95577,"comment_status":"open","ping_status":"open","sticky":false,"template":"","format":"standard","meta":{"footnotes":""},"categories":[1296],"tags":[1991,2120,2039],"class_list":["post-214907","post","type-post","status-publish","format-standard","has-post-thumbnail","hentry","category-sain-priest","tag-agenda","tag-evenements","tag-saint-priest"],"yoast_head":"<!-- This site is optimized with the Yoast SEO plugin v27.2 - https:\/\/yoast.com\/product\/yoast-seo-wordpress\/ -->\n<title>SAINT-PRIEST | Les \u00e9v\u00e8nements de novembre - News Est Lyonnais<\/title>\n<meta name=\"description\" content=\"SAINT-PRIEST | Les \u00e9v\u00e8nements de novembre\" \/>\n<meta name=\"robots\" content=\"index, follow, max-snippet:-1, max-image-preview:large, max-video-preview:-1\" \/>\n<link rel=\"canonical\" href=\"https:\/\/newsestlyonnais.fr\/site\/2024\/11\/05\/saint-priest-les-evenements-de-novembre\/\" \/>\n<meta property=\"og:locale\" content=\"fr_FR\" \/>\n<meta property=\"og:type\" content=\"article\" \/>\n<meta property=\"og:title\" content=\"SAINT-PRIEST | Les \u00e9v\u00e8nements de novembre - News Est Lyonnais\" \/>\n<meta property=\"og:description\" content=\"SAINT-PRIEST | Les \u00e9v\u00e8nements de novembre\" \/>\n<meta property=\"og:url\" content=\"https:\/\/newsestlyonnais.fr\/site\/2024\/11\/05\/saint-priest-les-evenements-de-novembre\/\" \/>\n<meta property=\"og:site_name\" content=\"News Est Lyonnais\" \/>\n<meta property=\"article:author\" content=\"https:\/\/www.facebook.com\/pascal.oberson.1?fref=ts\" \/>\n<meta property=\"article:published_time\" content=\"2024-11-05T13:26:23+00:00\" \/>\n<meta property=\"article:modified_time\" content=\"2024-12-03T07:44:13+00:00\" \/>\n<meta property=\"og:image\" content=\"https:\/\/newsestlyonnais.fr\/site\/wp-content\/uploads\/2020\/02\/NEWSESTLYONNAIS-ST-PRIEST01.jpg\" \/>\n\t<meta property=\"og:image:width\" content=\"1200\" \/>\n\t<meta property=\"og:image:height\" content=\"800\" \/>\n\t<meta property=\"og:image:type\" content=\"image\/jpeg\" \/>\n<meta name=\"author\" content=\"R\u00e9dac. NEWS\" \/>\n<meta name=\"twitter:card\" content=\"summary_large_image\" \/>\n<meta name=\"twitter:label1\" content=\"\u00c9crit par\" \/>\n\t<meta name=\"twitter:data1\" content=\"R\u00e9dac. NEWS\" \/>\n\t<meta name=\"twitter:label2\" content=\"Dur\u00e9e de lecture estim\u00e9e\" \/>\n\t<meta name=\"twitter:data2\" content=\"4 minutes\" \/>\n<script type=\"application\/ld+json\" class=\"yoast-schema-graph\">{\"@context\":\"https:\/\/schema.org\",\"@graph\":[{\"@type\":\"Article\",\"@id\":\"https:\/\/newsestlyonnais.fr\/site\/2024\/11\/05\/saint-priest-les-evenements-de-novembre\/#article\",\"isPartOf\":{\"@id\":\"https:\/\/newsestlyonnais.fr\/site\/2024\/11\/05\/saint-priest-les-evenements-de-novembre\/\"},\"author\":{\"name\":\"R\u00e9dac. NEWS\",\"@id\":\"https:\/\/newsestlyonnais.fr\/site\/#\/schema\/person\/3230d5615f390bb808365d673001e887\"},\"headline\":\"SAINT-PRIEST | Les \u00e9v\u00e8nements de novembre\",\"datePublished\":\"2024-11-05T13:26:23+00:00\",\"dateModified\":\"2024-12-03T07:44:13+00:00\",\"mainEntityOfPage\":{\"@id\":\"https:\/\/newsestlyonnais.fr\/site\/2024\/11\/05\/saint-priest-les-evenements-de-novembre\/\"},\"wordCount\":633,\"commentCount\":0,\"publisher\":{\"@id\":\"https:\/\/newsestlyonnais.fr\/site\/#organization\"},\"image\":{\"@id\":\"https:\/\/newsestlyonnais.fr\/site\/2024\/11\/05\/saint-priest-les-evenements-de-novembre\/#primaryimage\"},\"thumbnailUrl\":\"https:\/\/newsestlyonnais.fr\/site\/wp-content\/uploads\/2020\/02\/NEWSESTLYONNAIS-ST-PRIEST01.jpg\",\"keywords\":[\"AGENDA\",\"EVENEMENTS\",\"SAINT PRIEST\"],\"articleSection\":[\"Saint-Priest\"],\"inLanguage\":\"fr-FR\",\"potentialAction\":[{\"@type\":\"CommentAction\",\"name\":\"Comment\",\"target\":[\"https:\/\/newsestlyonnais.fr\/site\/2024\/11\/05\/saint-priest-les-evenements-de-novembre\/#respond\"]}]},{\"@type\":\"WebPage\",\"@id\":\"https:\/\/newsestlyonnais.fr\/site\/2024\/11\/05\/saint-priest-les-evenements-de-novembre\/\",\"url\":\"https:\/\/newsestlyonnais.fr\/site\/2024\/11\/05\/saint-priest-les-evenements-de-novembre\/\",\"name\":\"SAINT-PRIEST | Les \u00e9v\u00e8nements de novembre - News Est Lyonnais\",\"isPartOf\":{\"@id\":\"https:\/\/newsestlyonnais.fr\/site\/#website\"},\"primaryImageOfPage\":{\"@id\":\"https:\/\/newsestlyonnais.fr\/site\/2024\/11\/05\/saint-priest-les-evenements-de-novembre\/#primaryimage\"},\"image\":{\"@id\":\"https:\/\/newsestlyonnais.fr\/site\/2024\/11\/05\/saint-priest-les-evenements-de-novembre\/#primaryimage\"},\"thumbnailUrl\":\"https:\/\/newsestlyonnais.fr\/site\/wp-content\/uploads\/2020\/02\/NEWSESTLYONNAIS-ST-PRIEST01.jpg\",\"datePublished\":\"2024-11-05T13:26:23+00:00\",\"dateModified\":\"2024-12-03T07:44:13+00:00\",\"description\":\"SAINT-PRIEST | Les \u00e9v\u00e8nements de novembre\",\"breadcrumb\":{\"@id\":\"https:\/\/newsestlyonnais.fr\/site\/2024\/11\/05\/saint-priest-les-evenements-de-novembre\/#breadcrumb\"},\"inLanguage\":\"fr-FR\",\"potentialAction\":[{\"@type\":\"ReadAction\",\"target\":[\"https:\/\/newsestlyonnais.fr\/site\/2024\/11\/05\/saint-priest-les-evenements-de-novembre\/\"]}]},{\"@type\":\"ImageObject\",\"inLanguage\":\"fr-FR\",\"@id\":\"https:\/\/newsestlyonnais.fr\/site\/2024\/11\/05\/saint-priest-les-evenements-de-novembre\/#primaryimage\",\"url\":\"https:\/\/newsestlyonnais.fr\/site\/wp-content\/uploads\/2020\/02\/NEWSESTLYONNAIS-ST-PRIEST01.jpg\",\"contentUrl\":\"https:\/\/newsestlyonnais.fr\/site\/wp-content\/uploads\/2020\/02\/NEWSESTLYONNAIS-ST-PRIEST01.jpg\",\"width\":1200,\"height\":800},{\"@type\":\"BreadcrumbList\",\"@id\":\"https:\/\/newsestlyonnais.fr\/site\/2024\/11\/05\/saint-priest-les-evenements-de-novembre\/#breadcrumb\",\"itemListElement\":[{\"@type\":\"ListItem\",\"position\":1,\"name\":\"Accueil\",\"item\":\"https:\/\/newsestlyonnais.fr\/site\/\"},{\"@type\":\"ListItem\",\"position\":2,\"name\":\"SAINT-PRIEST | Les \u00e9v\u00e8nements de novembre\"}]},{\"@type\":\"WebSite\",\"@id\":\"https:\/\/newsestlyonnais.fr\/site\/#website\",\"url\":\"https:\/\/newsestlyonnais.fr\/site\/\",\"name\":\"News Est Lyonnais\",\"description\":\"L&#039;actualit\u00e9 au plus pr\u00e8s\",\"publisher\":{\"@id\":\"https:\/\/newsestlyonnais.fr\/site\/#organization\"},\"potentialAction\":[{\"@type\":\"SearchAction\",\"target\":{\"@type\":\"EntryPoint\",\"urlTemplate\":\"https:\/\/newsestlyonnais.fr\/site\/?s={search_term_string}\"},\"query-input\":{\"@type\":\"PropertyValueSpecification\",\"valueRequired\":true,\"valueName\":\"search_term_string\"}}],\"inLanguage\":\"fr-FR\"},{\"@type\":\"Organization\",\"@id\":\"https:\/\/newsestlyonnais.fr\/site\/#organization\",\"name\":\"News EST LYONNAIS\",\"url\":\"https:\/\/newsestlyonnais.fr\/site\/\",\"logo\":{\"@type\":\"ImageObject\",\"inLanguage\":\"fr-FR\",\"@id\":\"https:\/\/newsestlyonnais.fr\/site\/#\/schema\/logo\/image\/\",\"url\":\"\",\"contentUrl\":\"\",\"caption\":\"News EST LYONNAIS\"},\"image\":{\"@id\":\"https:\/\/newsestlyonnais.fr\/site\/#\/schema\/logo\/image\/\"}},{\"@type\":\"Person\",\"@id\":\"https:\/\/newsestlyonnais.fr\/site\/#\/schema\/person\/3230d5615f390bb808365d673001e887\",\"name\":\"R\u00e9dac. NEWS\",\"sameAs\":[\"http:\/\/www.newsestlyonnais.fr\",\"https:\/\/www.facebook.com\/pascal.oberson.1?fref=ts\",\"https:\/\/fr.linkedin.com\/in\/pascal-oberson-b17045113\"],\"url\":\"https:\/\/newsestlyonnais.fr\/site\/author\/nel\/\"}]}<\/script>\n<!-- \/ Yoast SEO plugin. -->","yoast_head_json":{"title":"SAINT-PRIEST | Les \u00e9v\u00e8nements de novembre - News Est Lyonnais","description":"SAINT-PRIEST | Les \u00e9v\u00e8nements de novembre","robots":{"index":"index","follow":"follow","max-snippet":"max-snippet:-1","max-image-preview":"max-image-preview:large","max-video-preview":"max-video-preview:-1"},"canonical":"https:\/\/newsestlyonnais.fr\/site\/2024\/11\/05\/saint-priest-les-evenements-de-novembre\/","og_locale":"fr_FR","og_type":"article","og_title":"SAINT-PRIEST | Les \u00e9v\u00e8nements de novembre - News Est Lyonnais","og_description":"SAINT-PRIEST | Les \u00e9v\u00e8nements de novembre","og_url":"https:\/\/newsestlyonnais.fr\/site\/2024\/11\/05\/saint-priest-les-evenements-de-novembre\/","og_site_name":"News Est Lyonnais","article_author":"https:\/\/www.facebook.com\/pascal.oberson.1?fref=ts","article_published_time":"2024-11-05T13:26:23+00:00","article_modified_time":"2024-12-03T07:44:13+00:00","og_image":[{"width":1200,"height":800,"url":"https:\/\/newsestlyonnais.fr\/site\/wp-content\/uploads\/2020\/02\/NEWSESTLYONNAIS-ST-PRIEST01.jpg","type":"image\/jpeg"}],"author":"R\u00e9dac. NEWS","twitter_card":"summary_large_image","twitter_misc":{"\u00c9crit par":"R\u00e9dac. NEWS","Dur\u00e9e de lecture estim\u00e9e":"4 minutes"},"schema":{"@context":"https:\/\/schema.org","@graph":[{"@type":"Article","@id":"https:\/\/newsestlyonnais.fr\/site\/2024\/11\/05\/saint-priest-les-evenements-de-novembre\/#article","isPartOf":{"@id":"https:\/\/newsestlyonnais.fr\/site\/2024\/11\/05\/saint-priest-les-evenements-de-novembre\/"},"author":{"name":"R\u00e9dac. NEWS","@id":"https:\/\/newsestlyonnais.fr\/site\/#\/schema\/person\/3230d5615f390bb808365d673001e887"},"headline":"SAINT-PRIEST | Les \u00e9v\u00e8nements de novembre","datePublished":"2024-11-05T13:26:23+00:00","dateModified":"2024-12-03T07:44:13+00:00","mainEntityOfPage":{"@id":"https:\/\/newsestlyonnais.fr\/site\/2024\/11\/05\/saint-priest-les-evenements-de-novembre\/"},"wordCount":633,"commentCount":0,"publisher":{"@id":"https:\/\/newsestlyonnais.fr\/site\/#organization"},"image":{"@id":"https:\/\/newsestlyonnais.fr\/site\/2024\/11\/05\/saint-priest-les-evenements-de-novembre\/#primaryimage"},"thumbnailUrl":"https:\/\/newsestlyonnais.fr\/site\/wp-content\/uploads\/2020\/02\/NEWSESTLYONNAIS-ST-PRIEST01.jpg","keywords":["AGENDA","EVENEMENTS","SAINT PRIEST"],"articleSection":["Saint-Priest"],"inLanguage":"fr-FR","potentialAction":[{"@type":"CommentAction","name":"Comment","target":["https:\/\/newsestlyonnais.fr\/site\/2024\/11\/05\/saint-priest-les-evenements-de-novembre\/#respond"]}]},{"@type":"WebPage","@id":"https:\/\/newsestlyonnais.fr\/site\/2024\/11\/05\/saint-priest-les-evenements-de-novembre\/","url":"https:\/\/newsestlyonnais.fr\/site\/2024\/11\/05\/saint-priest-les-evenements-de-novembre\/","name":"SAINT-PRIEST | Les \u00e9v\u00e8nements de novembre - News Est Lyonnais","isPartOf":{"@id":"https:\/\/newsestlyonnais.fr\/site\/#website"},"primaryImageOfPage":{"@id":"https:\/\/newsestlyonnais.fr\/site\/2024\/11\/05\/saint-priest-les-evenements-de-novembre\/#primaryimage"},"image":{"@id":"https:\/\/newsestlyonnais.fr\/site\/2024\/11\/05\/saint-priest-les-evenements-de-novembre\/#primaryimage"},"thumbnailUrl":"https:\/\/newsestlyonnais.fr\/site\/wp-content\/uploads\/2020\/02\/NEWSESTLYONNAIS-ST-PRIEST01.jpg","datePublished":"2024-11-05T13:26:23+00:00","dateModified":"2024-12-03T07:44:13+00:00","description":"SAINT-PRIEST | Les \u00e9v\u00e8nements de novembre","breadcrumb":{"@id":"https:\/\/newsestlyonnais.fr\/site\/2024\/11\/05\/saint-priest-les-evenements-de-novembre\/#breadcrumb"},"inLanguage":"fr-FR","potentialAction":[{"@type":"ReadAction","target":["https:\/\/newsestlyonnais.fr\/site\/2024\/11\/05\/saint-priest-les-evenements-de-novembre\/"]}]},{"@type":"ImageObject","inLanguage":"fr-FR","@id":"https:\/\/newsestlyonnais.fr\/site\/2024\/11\/05\/saint-priest-les-evenements-de-novembre\/#primaryimage","url":"https:\/\/newsestlyonnais.fr\/site\/wp-content\/uploads\/2020\/02\/NEWSESTLYONNAIS-ST-PRIEST01.jpg","contentUrl":"https:\/\/newsestlyonnais.fr\/site\/wp-content\/uploads\/2020\/02\/NEWSESTLYONNAIS-ST-PRIEST01.jpg","width":1200,"height":800},{"@type":"BreadcrumbList","@id":"https:\/\/newsestlyonnais.fr\/site\/2024\/11\/05\/saint-priest-les-evenements-de-novembre\/#breadcrumb","itemListElement":[{"@type":"ListItem","position":1,"name":"Accueil","item":"https:\/\/newsestlyonnais.fr\/site\/"},{"@type":"ListItem","position":2,"name":"SAINT-PRIEST | Les \u00e9v\u00e8nements de novembre"}]},{"@type":"WebSite","@id":"https:\/\/newsestlyonnais.fr\/site\/#website","url":"https:\/\/newsestlyonnais.fr\/site\/","name":"News Est Lyonnais","description":"L&#039;actualit\u00e9 au plus pr\u00e8s","publisher":{"@id":"https:\/\/newsestlyonnais.fr\/site\/#organization"},"potentialAction":[{"@type":"SearchAction","target":{"@type":"EntryPoint","urlTemplate":"https:\/\/newsestlyonnais.fr\/site\/?s={search_term_string}"},"query-input":{"@type":"PropertyValueSpecification","valueRequired":true,"valueName":"search_term_string"}}],"inLanguage":"fr-FR"},{"@type":"Organization","@id":"https:\/\/newsestlyonnais.fr\/site\/#organization","name":"News EST LYONNAIS","url":"https:\/\/newsestlyonnais.fr\/site\/","logo":{"@type":"ImageObject","inLanguage":"fr-FR","@id":"https:\/\/newsestlyonnais.fr\/site\/#\/schema\/logo\/image\/","url":"","contentUrl":"","caption":"News EST LYONNAIS"},"image":{"@id":"https:\/\/newsestlyonnais.fr\/site\/#\/schema\/logo\/image\/"}},{"@type":"Person","@id":"https:\/\/newsestlyonnais.fr\/site\/#\/schema\/person\/3230d5615f390bb808365d673001e887","name":"R\u00e9dac. NEWS","sameAs":["http:\/\/www.newsestlyonnais.fr","https:\/\/www.facebook.com\/pascal.oberson.1?fref=ts","https:\/\/fr.linkedin.com\/in\/pascal-oberson-b17045113"],"url":"https:\/\/newsestlyonnais.fr\/site\/author\/nel\/"}]}},"_links":{"self":[{"href":"https:\/\/newsestlyonnais.fr\/site\/wp-json\/wp\/v2\/posts\/214907","targetHints":{"allow":["GET"]}}],"collection":[{"href":"https:\/\/newsestlyonnais.fr\/site\/wp-json\/wp\/v2\/posts"}],"about":[{"href":"https:\/\/newsestlyonnais.fr\/site\/wp-json\/wp\/v2\/types\/post"}],"author":[{"embeddable":true,"href":"https:\/\/newsestlyonnais.fr\/site\/wp-json\/wp\/v2\/users\/4"}],"replies":[{"embeddable":true,"href":"https:\/\/newsestlyonnais.fr\/site\/wp-json\/wp\/v2\/comments?post=214907"}],"version-history":[{"count":0,"href":"https:\/\/newsestlyonnais.fr\/site\/wp-json\/wp\/v2\/posts\/214907\/revisions"}],"wp:featuredmedia":[{"embeddable":true,"href":"https:\/\/newsestlyonnais.fr\/site\/wp-json\/wp\/v2\/media\/95577"}],"wp:attachment":[{"href":"https:\/\/newsestlyonnais.fr\/site\/wp-json\/wp\/v2\/media?parent=214907"}],"wp:term":[{"taxonomy":"category","embeddable":true,"href":"https:\/\/newsestlyonnais.fr\/site\/wp-json\/wp\/v2\/categories?post=214907"},{"taxonomy":"post_tag","embeddable":true,"href":"https:\/\/newsestlyonnais.fr\/site\/wp-json\/wp\/v2\/tags?post=214907"}],"curies":[{"name":"wp","href":"https:\/\/api.w.org\/{rel}","templated":true}]}}