{"id":21522,"date":"2017-02-25T08:57:16","date_gmt":"2017-02-25T07:57:16","guid":{"rendered":"http:\/\/newsestlyonnais.fr\/site\/?p=21522"},"modified":"2020-10-30T10:34:49","modified_gmt":"2020-10-30T09:34:49","slug":"bron-lagenda-week-end-bron-handball-4","status":"publish","type":"post","link":"https:\/\/newsestlyonnais.fr\/site\/2017\/02\/25\/bron-lagenda-week-end-bron-handball-4\/","title":{"rendered":"BRON | L&rsquo;agenda du week-end du BRON Handball"},"content":{"rendered":"<p><b>Programme \u00e0 domicile au caract\u00e8re particulier avec la minute d&rsquo;applaudissements qui honorera la m\u00e9moire de la jeune joueuse vaudaise tragiquement d\u00e9c\u00e9d\u00e9e.<\/b><\/p>\n<ul>\n<li><b><span style=\"text-decoration: underline\"><em>Samedi 25 F\u00e9vrier<\/em><\/span> :<br \/>\n<\/b><strong>A 17 h : Les s\u00e9niors Filles de l&rsquo;Excellence R\u00e9gionale (SF2)<\/strong>, 1\u00b0 de leur poule, accueillent l&rsquo;\u00e9quipe de <strong>Lyon-Caluire<\/strong>, actuellement 2\u00b0 de la Pr\u00e9nationale, pour un <span style=\"text-decoration: underline\">match amical<\/span> qui leur permettra de se confronter au niveau sup\u00e9rieur. Niveau que les Brondillantes aimeraient rejoindre d\u00e8s la saison prochaine !<b>A 20 h : <\/b><strong>La Nationale 2 Filles (7\u00b0) re\u00e7oit l&rsquo;\u00e9quipe de Cannes (2\u00b0)<\/strong> pour le compte de la 12\u00b0 journ\u00e9e. Au match aller, premier match de la saison, les Brondillantes ne s&rsquo;\u00e9taient inclin\u00e9es que d&rsquo;un seul petit but (27-26), elles auront donc \u00e0 c\u0153ur de produire du beau jeu dans leur salle pour poser des probl\u00e8mes \u00e0 leurs adversaires du soir !\u00a0\u00bb Nous vous esp\u00e9rons nombreux pour venir les encourager, votre pr\u00e9sence dans les tribunes est d\u00e9terminante pour leur permettre de livrer une belle partie de handball !!Nous profiterons \u00e9galement de cette occasion pour respecter <strong>une minute d&rsquo;applaudissements \u00e0 l&rsquo;\u00e9gard de S\u00e9phora Zozime, jeune joueuse et entra\u00eeneur de l&rsquo;ASUL Vaulx-en-Velin, d\u00e9c\u00e9d\u00e9e<\/strong> brutalement dans un accident de la circulation \u00e0 Vaulx-en-Velin dans la nuit du 18 au 19 F\u00e9vrier alors qu&rsquo;elle venait de c\u00e9l\u00e9brer son 23\u00b0 anniversaire\u00a0\u00bb selon communiqu\u00e9 du club. Plus d&rsquo;infos sur:<br \/>\n<a href=\"http:\/\/www.bronhandball.com\/saison-2016-2017\/actualites-du-club\/le-bron-handball-accompagne-le-club-de-l-asul-vaulx-en-velin-qui-a-la-tristesse-581835\" target=\"_blank\" rel=\"noopener noreferrer\">http:\/\/www.bronhandball.com\/saison-2016-2017\/actualites-du-club\/le-bron-handball-accompagne-le-club-de-l-asul-vaulx-en-velin-qui-a-la-tristesse-581835<\/a><\/li>\n<\/ul>\n<p>Retrouvez toute l&rsquo;ACTU du club sur: <a href=\"http:\/\/www.bronhandball.com\" target=\"_blank\" rel=\"noopener noreferrer\">http:\/\/www.bronhandball.com<\/a><\/p>\n","protected":false},"excerpt":{"rendered":"<p>Programme \u00e0 domicile au caract\u00e8re particulier avec la minute d&rsquo;applaudissements qui honorera la m\u00e9moire de la jeune joueuse vaudaise tragiquement d\u00e9c\u00e9d\u00e9e. Samedi 25 F\u00e9vrier : A 17 h : Les s\u00e9niors Filles de l&rsquo;Excellence R\u00e9gionale (SF2), 1\u00b0 de leur poule, accueillent l&rsquo;\u00e9quipe de Lyon-Caluire, actuellement 2\u00b0 de la Pr\u00e9nationale, pour un match amical qui leur [&hellip;]<\/p>\n","protected":false},"author":4,"featured_media":6776,"comment_status":"open","ping_status":"open","sticky":false,"template":"","format":"standard","meta":{"footnotes":""},"categories":[2975,19,1358],"tags":[],"class_list":["post-21522","post","type-post","status-publish","format-standard","has-post-thumbnail","hentry","category-basket-hand-volley-sports","category-bron","category-hand"],"yoast_head":"<!-- This site is optimized with the Yoast SEO plugin v27.2 - https:\/\/yoast.com\/product\/yoast-seo-wordpress\/ -->\n<title>BRON : L&#039;agenda du week-end du BRON HANDBALL<\/title>\n<meta name=\"description\" content=\"BRON : L&#039;agenda du week-end du BRON HANDBALL\" \/>\n<meta name=\"robots\" content=\"index, follow, max-snippet:-1, max-image-preview:large, max-video-preview:-1\" \/>\n<link rel=\"canonical\" href=\"https:\/\/newsestlyonnais.fr\/site\/2017\/02\/25\/bron-lagenda-week-end-bron-handball-4\/\" \/>\n<meta property=\"og:locale\" content=\"fr_FR\" \/>\n<meta property=\"og:type\" content=\"article\" \/>\n<meta property=\"og:title\" content=\"BRON : L&#039;agenda du week-end du BRON HANDBALL\" \/>\n<meta property=\"og:description\" content=\"BRON : L&#039;agenda du week-end du BRON HANDBALL\" \/>\n<meta property=\"og:url\" content=\"https:\/\/newsestlyonnais.fr\/site\/2017\/02\/25\/bron-lagenda-week-end-bron-handball-4\/\" \/>\n<meta property=\"og:site_name\" content=\"News Est Lyonnais\" \/>\n<meta property=\"article:author\" content=\"https:\/\/www.facebook.com\/pascal.oberson.1?fref=ts\" \/>\n<meta property=\"article:published_time\" content=\"2017-02-25T07:57:16+00:00\" \/>\n<meta property=\"article:modified_time\" content=\"2020-10-30T09:34:49+00:00\" \/>\n<meta property=\"og:image\" content=\"https:\/\/i0.wp.com\/newsestlyonnais.fr\/site\/wp-content\/uploads\/2016\/04\/NEWSESTLYONNAIS-Logo-BHB.jpg?fit=1000%2C750&ssl=1\" \/>\n\t<meta property=\"og:image:width\" content=\"1000\" \/>\n\t<meta property=\"og:image:height\" content=\"750\" \/>\n\t<meta property=\"og:image:type\" content=\"image\/jpeg\" \/>\n<meta name=\"author\" content=\"R\u00e9dac. NEWS\" \/>\n<meta name=\"twitter:card\" content=\"summary_large_image\" \/>\n<meta name=\"twitter:label1\" content=\"\u00c9crit par\" \/>\n\t<meta name=\"twitter:data1\" content=\"R\u00e9dac. NEWS\" \/>\n\t<meta name=\"twitter:label2\" content=\"Dur\u00e9e de lecture estim\u00e9e\" \/>\n\t<meta name=\"twitter:data2\" content=\"1 minute\" \/>\n<script type=\"application\/ld+json\" class=\"yoast-schema-graph\">{\"@context\":\"https:\/\/schema.org\",\"@graph\":[{\"@type\":\"Article\",\"@id\":\"https:\/\/newsestlyonnais.fr\/site\/2017\/02\/25\/bron-lagenda-week-end-bron-handball-4\/#article\",\"isPartOf\":{\"@id\":\"https:\/\/newsestlyonnais.fr\/site\/2017\/02\/25\/bron-lagenda-week-end-bron-handball-4\/\"},\"author\":{\"name\":\"R\u00e9dac. NEWS\",\"@id\":\"https:\/\/newsestlyonnais.fr\/site\/#\/schema\/person\/3230d5615f390bb808365d673001e887\"},\"headline\":\"BRON | L&rsquo;agenda du week-end du BRON Handball\",\"datePublished\":\"2017-02-25T07:57:16+00:00\",\"dateModified\":\"2020-10-30T09:34:49+00:00\",\"mainEntityOfPage\":{\"@id\":\"https:\/\/newsestlyonnais.fr\/site\/2017\/02\/25\/bron-lagenda-week-end-bron-handball-4\/\"},\"wordCount\":260,\"commentCount\":0,\"publisher\":{\"@id\":\"https:\/\/newsestlyonnais.fr\/site\/#organization\"},\"image\":{\"@id\":\"https:\/\/newsestlyonnais.fr\/site\/2017\/02\/25\/bron-lagenda-week-end-bron-handball-4\/#primaryimage\"},\"thumbnailUrl\":\"https:\/\/newsestlyonnais.fr\/site\/wp-content\/uploads\/2016\/04\/NEWSESTLYONNAIS-Logo-BHB.jpg\",\"articleSection\":[\"Basket | Hand | Volley\",\"Bron\",\"Hand\"],\"inLanguage\":\"fr-FR\",\"potentialAction\":[{\"@type\":\"CommentAction\",\"name\":\"Comment\",\"target\":[\"https:\/\/newsestlyonnais.fr\/site\/2017\/02\/25\/bron-lagenda-week-end-bron-handball-4\/#respond\"]}]},{\"@type\":\"WebPage\",\"@id\":\"https:\/\/newsestlyonnais.fr\/site\/2017\/02\/25\/bron-lagenda-week-end-bron-handball-4\/\",\"url\":\"https:\/\/newsestlyonnais.fr\/site\/2017\/02\/25\/bron-lagenda-week-end-bron-handball-4\/\",\"name\":\"BRON : L'agenda du week-end du BRON HANDBALL\",\"isPartOf\":{\"@id\":\"https:\/\/newsestlyonnais.fr\/site\/#website\"},\"primaryImageOfPage\":{\"@id\":\"https:\/\/newsestlyonnais.fr\/site\/2017\/02\/25\/bron-lagenda-week-end-bron-handball-4\/#primaryimage\"},\"image\":{\"@id\":\"https:\/\/newsestlyonnais.fr\/site\/2017\/02\/25\/bron-lagenda-week-end-bron-handball-4\/#primaryimage\"},\"thumbnailUrl\":\"https:\/\/newsestlyonnais.fr\/site\/wp-content\/uploads\/2016\/04\/NEWSESTLYONNAIS-Logo-BHB.jpg\",\"datePublished\":\"2017-02-25T07:57:16+00:00\",\"dateModified\":\"2020-10-30T09:34:49+00:00\",\"description\":\"BRON : L'agenda du week-end du BRON HANDBALL\",\"breadcrumb\":{\"@id\":\"https:\/\/newsestlyonnais.fr\/site\/2017\/02\/25\/bron-lagenda-week-end-bron-handball-4\/#breadcrumb\"},\"inLanguage\":\"fr-FR\",\"potentialAction\":[{\"@type\":\"ReadAction\",\"target\":[\"https:\/\/newsestlyonnais.fr\/site\/2017\/02\/25\/bron-lagenda-week-end-bron-handball-4\/\"]}]},{\"@type\":\"ImageObject\",\"inLanguage\":\"fr-FR\",\"@id\":\"https:\/\/newsestlyonnais.fr\/site\/2017\/02\/25\/bron-lagenda-week-end-bron-handball-4\/#primaryimage\",\"url\":\"https:\/\/newsestlyonnais.fr\/site\/wp-content\/uploads\/2016\/04\/NEWSESTLYONNAIS-Logo-BHB.jpg\",\"contentUrl\":\"https:\/\/newsestlyonnais.fr\/site\/wp-content\/uploads\/2016\/04\/NEWSESTLYONNAIS-Logo-BHB.jpg\",\"width\":1000,\"height\":750,\"caption\":\"NEWSESTLYONNAIS - Logo BHB\"},{\"@type\":\"BreadcrumbList\",\"@id\":\"https:\/\/newsestlyonnais.fr\/site\/2017\/02\/25\/bron-lagenda-week-end-bron-handball-4\/#breadcrumb\",\"itemListElement\":[{\"@type\":\"ListItem\",\"position\":1,\"name\":\"Accueil\",\"item\":\"https:\/\/newsestlyonnais.fr\/site\/\"},{\"@type\":\"ListItem\",\"position\":2,\"name\":\"BRON | L&rsquo;agenda du week-end du BRON Handball\"}]},{\"@type\":\"WebSite\",\"@id\":\"https:\/\/newsestlyonnais.fr\/site\/#website\",\"url\":\"https:\/\/newsestlyonnais.fr\/site\/\",\"name\":\"News Est Lyonnais\",\"description\":\"L&#039;actualit\u00e9 au plus pr\u00e8s\",\"publisher\":{\"@id\":\"https:\/\/newsestlyonnais.fr\/site\/#organization\"},\"potentialAction\":[{\"@type\":\"SearchAction\",\"target\":{\"@type\":\"EntryPoint\",\"urlTemplate\":\"https:\/\/newsestlyonnais.fr\/site\/?s={search_term_string}\"},\"query-input\":{\"@type\":\"PropertyValueSpecification\",\"valueRequired\":true,\"valueName\":\"search_term_string\"}}],\"inLanguage\":\"fr-FR\"},{\"@type\":\"Organization\",\"@id\":\"https:\/\/newsestlyonnais.fr\/site\/#organization\",\"name\":\"News EST LYONNAIS\",\"url\":\"https:\/\/newsestlyonnais.fr\/site\/\",\"logo\":{\"@type\":\"ImageObject\",\"inLanguage\":\"fr-FR\",\"@id\":\"https:\/\/newsestlyonnais.fr\/site\/#\/schema\/logo\/image\/\",\"url\":\"\",\"contentUrl\":\"\",\"caption\":\"News EST LYONNAIS\"},\"image\":{\"@id\":\"https:\/\/newsestlyonnais.fr\/site\/#\/schema\/logo\/image\/\"}},{\"@type\":\"Person\",\"@id\":\"https:\/\/newsestlyonnais.fr\/site\/#\/schema\/person\/3230d5615f390bb808365d673001e887\",\"name\":\"R\u00e9dac. NEWS\",\"sameAs\":[\"http:\/\/www.newsestlyonnais.fr\",\"https:\/\/www.facebook.com\/pascal.oberson.1?fref=ts\",\"https:\/\/fr.linkedin.com\/in\/pascal-oberson-b17045113\"],\"url\":\"https:\/\/newsestlyonnais.fr\/site\/author\/nel\/\"}]}<\/script>\n<!-- \/ Yoast SEO plugin. -->","yoast_head_json":{"title":"BRON : L'agenda du week-end du BRON HANDBALL","description":"BRON : L'agenda du week-end du BRON HANDBALL","robots":{"index":"index","follow":"follow","max-snippet":"max-snippet:-1","max-image-preview":"max-image-preview:large","max-video-preview":"max-video-preview:-1"},"canonical":"https:\/\/newsestlyonnais.fr\/site\/2017\/02\/25\/bron-lagenda-week-end-bron-handball-4\/","og_locale":"fr_FR","og_type":"article","og_title":"BRON : L'agenda du week-end du BRON HANDBALL","og_description":"BRON : L'agenda du week-end du BRON HANDBALL","og_url":"https:\/\/newsestlyonnais.fr\/site\/2017\/02\/25\/bron-lagenda-week-end-bron-handball-4\/","og_site_name":"News Est Lyonnais","article_author":"https:\/\/www.facebook.com\/pascal.oberson.1?fref=ts","article_published_time":"2017-02-25T07:57:16+00:00","article_modified_time":"2020-10-30T09:34:49+00:00","og_image":[{"width":1000,"height":750,"url":"https:\/\/i0.wp.com\/newsestlyonnais.fr\/site\/wp-content\/uploads\/2016\/04\/NEWSESTLYONNAIS-Logo-BHB.jpg?fit=1000%2C750&ssl=1","type":"image\/jpeg"}],"author":"R\u00e9dac. NEWS","twitter_card":"summary_large_image","twitter_misc":{"\u00c9crit par":"R\u00e9dac. NEWS","Dur\u00e9e de lecture estim\u00e9e":"1 minute"},"schema":{"@context":"https:\/\/schema.org","@graph":[{"@type":"Article","@id":"https:\/\/newsestlyonnais.fr\/site\/2017\/02\/25\/bron-lagenda-week-end-bron-handball-4\/#article","isPartOf":{"@id":"https:\/\/newsestlyonnais.fr\/site\/2017\/02\/25\/bron-lagenda-week-end-bron-handball-4\/"},"author":{"name":"R\u00e9dac. NEWS","@id":"https:\/\/newsestlyonnais.fr\/site\/#\/schema\/person\/3230d5615f390bb808365d673001e887"},"headline":"BRON | L&rsquo;agenda du week-end du BRON Handball","datePublished":"2017-02-25T07:57:16+00:00","dateModified":"2020-10-30T09:34:49+00:00","mainEntityOfPage":{"@id":"https:\/\/newsestlyonnais.fr\/site\/2017\/02\/25\/bron-lagenda-week-end-bron-handball-4\/"},"wordCount":260,"commentCount":0,"publisher":{"@id":"https:\/\/newsestlyonnais.fr\/site\/#organization"},"image":{"@id":"https:\/\/newsestlyonnais.fr\/site\/2017\/02\/25\/bron-lagenda-week-end-bron-handball-4\/#primaryimage"},"thumbnailUrl":"https:\/\/newsestlyonnais.fr\/site\/wp-content\/uploads\/2016\/04\/NEWSESTLYONNAIS-Logo-BHB.jpg","articleSection":["Basket | Hand | Volley","Bron","Hand"],"inLanguage":"fr-FR","potentialAction":[{"@type":"CommentAction","name":"Comment","target":["https:\/\/newsestlyonnais.fr\/site\/2017\/02\/25\/bron-lagenda-week-end-bron-handball-4\/#respond"]}]},{"@type":"WebPage","@id":"https:\/\/newsestlyonnais.fr\/site\/2017\/02\/25\/bron-lagenda-week-end-bron-handball-4\/","url":"https:\/\/newsestlyonnais.fr\/site\/2017\/02\/25\/bron-lagenda-week-end-bron-handball-4\/","name":"BRON : L'agenda du week-end du BRON HANDBALL","isPartOf":{"@id":"https:\/\/newsestlyonnais.fr\/site\/#website"},"primaryImageOfPage":{"@id":"https:\/\/newsestlyonnais.fr\/site\/2017\/02\/25\/bron-lagenda-week-end-bron-handball-4\/#primaryimage"},"image":{"@id":"https:\/\/newsestlyonnais.fr\/site\/2017\/02\/25\/bron-lagenda-week-end-bron-handball-4\/#primaryimage"},"thumbnailUrl":"https:\/\/newsestlyonnais.fr\/site\/wp-content\/uploads\/2016\/04\/NEWSESTLYONNAIS-Logo-BHB.jpg","datePublished":"2017-02-25T07:57:16+00:00","dateModified":"2020-10-30T09:34:49+00:00","description":"BRON : L'agenda du week-end du BRON HANDBALL","breadcrumb":{"@id":"https:\/\/newsestlyonnais.fr\/site\/2017\/02\/25\/bron-lagenda-week-end-bron-handball-4\/#breadcrumb"},"inLanguage":"fr-FR","potentialAction":[{"@type":"ReadAction","target":["https:\/\/newsestlyonnais.fr\/site\/2017\/02\/25\/bron-lagenda-week-end-bron-handball-4\/"]}]},{"@type":"ImageObject","inLanguage":"fr-FR","@id":"https:\/\/newsestlyonnais.fr\/site\/2017\/02\/25\/bron-lagenda-week-end-bron-handball-4\/#primaryimage","url":"https:\/\/newsestlyonnais.fr\/site\/wp-content\/uploads\/2016\/04\/NEWSESTLYONNAIS-Logo-BHB.jpg","contentUrl":"https:\/\/newsestlyonnais.fr\/site\/wp-content\/uploads\/2016\/04\/NEWSESTLYONNAIS-Logo-BHB.jpg","width":1000,"height":750,"caption":"NEWSESTLYONNAIS - Logo BHB"},{"@type":"BreadcrumbList","@id":"https:\/\/newsestlyonnais.fr\/site\/2017\/02\/25\/bron-lagenda-week-end-bron-handball-4\/#breadcrumb","itemListElement":[{"@type":"ListItem","position":1,"name":"Accueil","item":"https:\/\/newsestlyonnais.fr\/site\/"},{"@type":"ListItem","position":2,"name":"BRON | L&rsquo;agenda du week-end du BRON Handball"}]},{"@type":"WebSite","@id":"https:\/\/newsestlyonnais.fr\/site\/#website","url":"https:\/\/newsestlyonnais.fr\/site\/","name":"News Est Lyonnais","description":"L&#039;actualit\u00e9 au plus pr\u00e8s","publisher":{"@id":"https:\/\/newsestlyonnais.fr\/site\/#organization"},"potentialAction":[{"@type":"SearchAction","target":{"@type":"EntryPoint","urlTemplate":"https:\/\/newsestlyonnais.fr\/site\/?s={search_term_string}"},"query-input":{"@type":"PropertyValueSpecification","valueRequired":true,"valueName":"search_term_string"}}],"inLanguage":"fr-FR"},{"@type":"Organization","@id":"https:\/\/newsestlyonnais.fr\/site\/#organization","name":"News EST LYONNAIS","url":"https:\/\/newsestlyonnais.fr\/site\/","logo":{"@type":"ImageObject","inLanguage":"fr-FR","@id":"https:\/\/newsestlyonnais.fr\/site\/#\/schema\/logo\/image\/","url":"","contentUrl":"","caption":"News EST LYONNAIS"},"image":{"@id":"https:\/\/newsestlyonnais.fr\/site\/#\/schema\/logo\/image\/"}},{"@type":"Person","@id":"https:\/\/newsestlyonnais.fr\/site\/#\/schema\/person\/3230d5615f390bb808365d673001e887","name":"R\u00e9dac. NEWS","sameAs":["http:\/\/www.newsestlyonnais.fr","https:\/\/www.facebook.com\/pascal.oberson.1?fref=ts","https:\/\/fr.linkedin.com\/in\/pascal-oberson-b17045113"],"url":"https:\/\/newsestlyonnais.fr\/site\/author\/nel\/"}]}},"_links":{"self":[{"href":"https:\/\/newsestlyonnais.fr\/site\/wp-json\/wp\/v2\/posts\/21522","targetHints":{"allow":["GET"]}}],"collection":[{"href":"https:\/\/newsestlyonnais.fr\/site\/wp-json\/wp\/v2\/posts"}],"about":[{"href":"https:\/\/newsestlyonnais.fr\/site\/wp-json\/wp\/v2\/types\/post"}],"author":[{"embeddable":true,"href":"https:\/\/newsestlyonnais.fr\/site\/wp-json\/wp\/v2\/users\/4"}],"replies":[{"embeddable":true,"href":"https:\/\/newsestlyonnais.fr\/site\/wp-json\/wp\/v2\/comments?post=21522"}],"version-history":[{"count":0,"href":"https:\/\/newsestlyonnais.fr\/site\/wp-json\/wp\/v2\/posts\/21522\/revisions"}],"wp:featuredmedia":[{"embeddable":true,"href":"https:\/\/newsestlyonnais.fr\/site\/wp-json\/wp\/v2\/media\/6776"}],"wp:attachment":[{"href":"https:\/\/newsestlyonnais.fr\/site\/wp-json\/wp\/v2\/media?parent=21522"}],"wp:term":[{"taxonomy":"category","embeddable":true,"href":"https:\/\/newsestlyonnais.fr\/site\/wp-json\/wp\/v2\/categories?post=21522"},{"taxonomy":"post_tag","embeddable":true,"href":"https:\/\/newsestlyonnais.fr\/site\/wp-json\/wp\/v2\/tags?post=21522"}],"curies":[{"name":"wp","href":"https:\/\/api.w.org\/{rel}","templated":true}]}}