{"id":21574,"date":"2017-02-27T19:20:31","date_gmt":"2017-02-27T18:20:31","guid":{"rendered":"http:\/\/newsestlyonnais.fr\/site\/?p=21574"},"modified":"2020-11-05T08:00:55","modified_gmt":"2020-11-05T07:00:55","slug":"villeurbanne-249-participants-au-tournoi-dhiver-de-lasul-tennis","status":"publish","type":"post","link":"https:\/\/newsestlyonnais.fr\/site\/2017\/02\/27\/villeurbanne-249-participants-au-tournoi-dhiver-de-lasul-tennis\/","title":{"rendered":"VILLEURBANNE | 249 participants au tournoi d&rsquo;Hiver de L&rsquo;Asul Tennis"},"content":{"rendered":"<h4>D\u00e9marr\u00e9 le lundi 6 f\u00e9vrier, le tournoi d&rsquo;hiver organis\u00e9 par l&rsquo;Asul tennis s&rsquo;est achev\u00e9 samedi apr\u00e8s-midi.<\/h4>\n<p>Une comp\u00e9tition supervis\u00e9e par L\u00e9andre Salzet, juge-arbitre et son adjoint Thomas Reynaud qui s&rsquo;est disput\u00e9e sur les six terrains couverts de la section. Deux tableaux \u00e0 l&rsquo;affiche de ce tournoi, seniors f\u00e9minins et masculins des non class\u00e9s \u00e0 0. Forte participation pour cette \u00e9dition avec 249 participants (72 dames et 177 hommes) en sachant que 74 joueurs ont \u00e9t\u00e9 mis sur la liste d&rsquo;attente.<\/p>\n<p>L&rsquo;Asul Tennis a \u00e9t\u00e9 fortement repr\u00e9sent\u00e9e lors de son tournoi Open puisqu&rsquo;une vingtaine de joueuses et une soixantaine de joueurs y ont particip\u00e9. Parmi eux, on notera le succ\u00e8s en finale d&rsquo;Etienne Donnet (1\/6) et le beau parcours effectu\u00e9 par St\u00e9phanie Desage (15\/4) qui aura pass\u00e9 6 tours et perf\u00e9 jusqu&rsquo;\u00e0 15.\u00a0 <span style=\"font-family: Arial,Helvetica,sans-serif;font-size: small\"><br \/>\n<\/span><\/p>\n<ul>\n<li>Cette ann\u00e9e, \u00e0 l&rsquo;occasion de son tournoi d&rsquo;hiver, l&rsquo;Asul Tennis a souhait\u00e9 aider le Centre L\u00e9on B\u00e9rard dans leurs recherches. Sur chaque inscription, une certaine somme (1 \u20ac pour les &#8211; 18 ans &amp; 2 \u20ac pour les + de 18 ans) leur a \u00e9t\u00e9 revers\u00e9e et a permis de r\u00e9colter un montant de 450 \u20ac. Le ch\u00e8que a \u00e9t\u00e9 remis \u00e0 l&rsquo;issue des finales \u00e0 Elise Tabet, responsable du D\u00e9veloppement des Ressources du Centre de Lutte contre le Cancer au sein du centre.<\/li>\n<li>\n<div><u><b><span style=\"font-family: Arial,Helvetica,sans-serif;font-size: small\">Les R\u00e9sultats des finales: <\/span><\/b><\/u><\/div>\n<div><u><b><span style=\"font-family: Arial,Helvetica,sans-serif;font-size: small\">FEMMES<\/span><\/b><\/u><b><span style=\"font-family: Arial,Helvetica,sans-serif;font-size: small\"> :<\/span><\/b><u><b> <\/b><\/u><span style=\"font-family: Arial,Helvetica,sans-serif;font-size: small\"><strong>Rania Azziz<\/strong> (1\/6, Tennis Club de Saint-Priest) bat Capucine Galavielle (5\/6, Tennis Club d&rsquo; Annecy)<\/span><\/div>\n<div><u><b><span style=\"font-family: Arial,Helvetica,sans-serif;font-size: small\">HOMMES<\/span><\/b><\/u><b><span style=\"font-family: Arial,Helvetica,sans-serif;font-size: small\">:\u00a0<\/span><\/b><b> <\/b><span style=\"font-family: Arial,Helvetica,sans-serif;font-size: small\"><strong>Etienne Donnet<\/strong> (1\/6, ASUL) bat Alexandre Robin (1\/6, Tennis Club de Rillieux la Pape)<\/span><\/div>\n<\/li>\n<\/ul>\n<h4><span style=\"text-decoration: underline\">PHOTO A LA UNE<\/span>: Les finalistes et organisateurs de cette \u00e9dition 2017.<\/h4>\n<ul>\n<li>Retrouvez l&rsquo;ACTU du club sur: <a href=\"http:\/\/club.quomodo.com\/asultennisvilleurbanne\" target=\"_blank\" rel=\"noopener noreferrer\">http:\/\/club.quomodo.com\/asultennisvilleurbanne<\/a><\/li>\n<\/ul>\n<figure id=\"attachment_21679\" aria-describedby=\"caption-attachment-21679\" style=\"width: 1000px\" class=\"wp-caption alignleft\"><img loading=\"lazy\" decoding=\"async\" class=\"wp-image-21679 size-full\" src=\"https:\/\/newsestlyonnais.fr\/site\/medias\/2017\/02\/NEWSESTLYONNAIS-CHEQUE-LEON-BERARD.jpg\" alt=\"NEWSESTLYONNAIS - CHEQUE LEON BERARD\" width=\"1000\" height=\"750\" srcset=\"https:\/\/newsestlyonnais.fr\/site\/wp-content\/uploads\/2017\/02\/NEWSESTLYONNAIS-CHEQUE-LEON-BERARD.jpg 1000w, https:\/\/newsestlyonnais.fr\/site\/wp-content\/uploads\/2017\/02\/NEWSESTLYONNAIS-CHEQUE-LEON-BERARD-400x300.jpg 400w, https:\/\/newsestlyonnais.fr\/site\/wp-content\/uploads\/2017\/02\/NEWSESTLYONNAIS-CHEQUE-LEON-BERARD-768x576.jpg 768w, https:\/\/newsestlyonnais.fr\/site\/wp-content\/uploads\/2017\/02\/NEWSESTLYONNAIS-CHEQUE-LEON-BERARD-600x450.jpg 600w, https:\/\/newsestlyonnais.fr\/site\/wp-content\/uploads\/2017\/02\/NEWSESTLYONNAIS-CHEQUE-LEON-BERARD-100x75.jpg 100w\" sizes=\"auto, (max-width: 1000px) 100vw, 1000px\" \/><figcaption id=\"caption-attachment-21679\" class=\"wp-caption-text\">Un ch\u00e8que de 450 \u20ac a \u00e9t\u00e9 remis \u00e0 l&rsquo;issue des finales \u00e0 Elise Tabet, responsable du D\u00e9veloppement des Ressources (centre L\u00e9on B\u00e9rard)<\/figcaption><\/figure>\n<p><span style=\"font-family: Arial,Helvetica,sans-serif;font-size: small\">\u00a0<\/span><\/p>\n","protected":false},"excerpt":{"rendered":"<p>D\u00e9marr\u00e9 le lundi 6 f\u00e9vrier, le tournoi d&rsquo;hiver organis\u00e9 par l&rsquo;Asul tennis s&rsquo;est achev\u00e9 samedi apr\u00e8s-midi. Une comp\u00e9tition supervis\u00e9e par L\u00e9andre Salzet, juge-arbitre et son adjoint Thomas Reynaud qui s&rsquo;est disput\u00e9e sur les six terrains couverts de la section. Deux tableaux \u00e0 l&rsquo;affiche de ce tournoi, seniors f\u00e9minins et masculins des non class\u00e9s \u00e0 0. [&hellip;]<\/p>\n","protected":false},"author":4,"featured_media":21661,"comment_status":"open","ping_status":"open","sticky":false,"template":"","format":"standard","meta":{"footnotes":""},"categories":[2992,2991,29],"tags":[],"class_list":["post-21574","post","type-post","status-publish","format-standard","has-post-thumbnail","hentry","category-tennis-padel","category-tennis-tennis-table-sports","category-villeurbanne"],"yoast_head":"<!-- This site is optimized with the Yoast SEO plugin v27.2 - https:\/\/yoast.com\/product\/yoast-seo-wordpress\/ -->\n<title>VILLEURBANNE : 249 PARTICIPANTS AU TOURNOI D&#039;HIVER DE L&#039;Asul TENNIS<\/title>\n<meta name=\"description\" content=\"VILLEURBANNE : 249 PARTICIPANTS AU TOURNOI D&#039;HIVER DE L&#039;Asul TENNIS\" \/>\n<meta name=\"robots\" content=\"index, follow, max-snippet:-1, max-image-preview:large, max-video-preview:-1\" \/>\n<link rel=\"canonical\" href=\"https:\/\/newsestlyonnais.fr\/site\/2017\/02\/27\/villeurbanne-249-participants-au-tournoi-dhiver-de-lasul-tennis\/\" \/>\n<meta property=\"og:locale\" content=\"fr_FR\" \/>\n<meta property=\"og:type\" content=\"article\" \/>\n<meta property=\"og:title\" content=\"VILLEURBANNE : 249 PARTICIPANTS AU TOURNOI D&#039;HIVER DE L&#039;Asul TENNIS\" \/>\n<meta property=\"og:description\" content=\"VILLEURBANNE : 249 PARTICIPANTS AU TOURNOI D&#039;HIVER DE L&#039;Asul TENNIS\" \/>\n<meta property=\"og:url\" content=\"https:\/\/newsestlyonnais.fr\/site\/2017\/02\/27\/villeurbanne-249-participants-au-tournoi-dhiver-de-lasul-tennis\/\" \/>\n<meta property=\"og:site_name\" content=\"News Est Lyonnais\" \/>\n<meta property=\"article:author\" content=\"https:\/\/www.facebook.com\/pascal.oberson.1?fref=ts\" \/>\n<meta property=\"article:published_time\" content=\"2017-02-27T18:20:31+00:00\" \/>\n<meta property=\"article:modified_time\" content=\"2020-11-05T07:00:55+00:00\" \/>\n<meta property=\"og:image\" content=\"https:\/\/i2.wp.com\/newsestlyonnais.fr\/site\/wp-content\/uploads\/2017\/02\/NEWSESTLYONNAIS-FINALE-OPEN-HIVER-ASUL.jpg?fit=1000%2C750&ssl=1\" \/>\n\t<meta property=\"og:image:width\" content=\"1000\" \/>\n\t<meta property=\"og:image:height\" content=\"750\" \/>\n\t<meta property=\"og:image:type\" content=\"image\/jpeg\" \/>\n<meta name=\"author\" content=\"R\u00e9dac. NEWS\" \/>\n<meta name=\"twitter:card\" content=\"summary_large_image\" \/>\n<meta name=\"twitter:label1\" content=\"\u00c9crit par\" \/>\n\t<meta name=\"twitter:data1\" content=\"R\u00e9dac. NEWS\" \/>\n\t<meta name=\"twitter:label2\" content=\"Dur\u00e9e de lecture estim\u00e9e\" \/>\n\t<meta name=\"twitter:data2\" content=\"1 minute\" \/>\n<script type=\"application\/ld+json\" class=\"yoast-schema-graph\">{\"@context\":\"https:\/\/schema.org\",\"@graph\":[{\"@type\":\"Article\",\"@id\":\"https:\/\/newsestlyonnais.fr\/site\/2017\/02\/27\/villeurbanne-249-participants-au-tournoi-dhiver-de-lasul-tennis\/#article\",\"isPartOf\":{\"@id\":\"https:\/\/newsestlyonnais.fr\/site\/2017\/02\/27\/villeurbanne-249-participants-au-tournoi-dhiver-de-lasul-tennis\/\"},\"author\":{\"name\":\"R\u00e9dac. NEWS\",\"@id\":\"https:\/\/newsestlyonnais.fr\/site\/#\/schema\/person\/3230d5615f390bb808365d673001e887\"},\"headline\":\"VILLEURBANNE | 249 participants au tournoi d&rsquo;Hiver de L&rsquo;Asul Tennis\",\"datePublished\":\"2017-02-27T18:20:31+00:00\",\"dateModified\":\"2020-11-05T07:00:55+00:00\",\"mainEntityOfPage\":{\"@id\":\"https:\/\/newsestlyonnais.fr\/site\/2017\/02\/27\/villeurbanne-249-participants-au-tournoi-dhiver-de-lasul-tennis\/\"},\"wordCount\":320,\"commentCount\":0,\"publisher\":{\"@id\":\"https:\/\/newsestlyonnais.fr\/site\/#organization\"},\"image\":{\"@id\":\"https:\/\/newsestlyonnais.fr\/site\/2017\/02\/27\/villeurbanne-249-participants-au-tournoi-dhiver-de-lasul-tennis\/#primaryimage\"},\"thumbnailUrl\":\"https:\/\/newsestlyonnais.fr\/site\/wp-content\/uploads\/2017\/02\/NEWSESTLYONNAIS-FINALE-OPEN-HIVER-ASUL.jpg\",\"articleSection\":[\"Tennis | Padel\",\"Tennis | Tennis de table\",\"Villeurbanne\"],\"inLanguage\":\"fr-FR\",\"potentialAction\":[{\"@type\":\"CommentAction\",\"name\":\"Comment\",\"target\":[\"https:\/\/newsestlyonnais.fr\/site\/2017\/02\/27\/villeurbanne-249-participants-au-tournoi-dhiver-de-lasul-tennis\/#respond\"]}]},{\"@type\":\"WebPage\",\"@id\":\"https:\/\/newsestlyonnais.fr\/site\/2017\/02\/27\/villeurbanne-249-participants-au-tournoi-dhiver-de-lasul-tennis\/\",\"url\":\"https:\/\/newsestlyonnais.fr\/site\/2017\/02\/27\/villeurbanne-249-participants-au-tournoi-dhiver-de-lasul-tennis\/\",\"name\":\"VILLEURBANNE : 249 PARTICIPANTS AU TOURNOI D'HIVER DE L'Asul TENNIS\",\"isPartOf\":{\"@id\":\"https:\/\/newsestlyonnais.fr\/site\/#website\"},\"primaryImageOfPage\":{\"@id\":\"https:\/\/newsestlyonnais.fr\/site\/2017\/02\/27\/villeurbanne-249-participants-au-tournoi-dhiver-de-lasul-tennis\/#primaryimage\"},\"image\":{\"@id\":\"https:\/\/newsestlyonnais.fr\/site\/2017\/02\/27\/villeurbanne-249-participants-au-tournoi-dhiver-de-lasul-tennis\/#primaryimage\"},\"thumbnailUrl\":\"https:\/\/newsestlyonnais.fr\/site\/wp-content\/uploads\/2017\/02\/NEWSESTLYONNAIS-FINALE-OPEN-HIVER-ASUL.jpg\",\"datePublished\":\"2017-02-27T18:20:31+00:00\",\"dateModified\":\"2020-11-05T07:00:55+00:00\",\"description\":\"VILLEURBANNE : 249 PARTICIPANTS AU TOURNOI D'HIVER DE L'Asul TENNIS\",\"breadcrumb\":{\"@id\":\"https:\/\/newsestlyonnais.fr\/site\/2017\/02\/27\/villeurbanne-249-participants-au-tournoi-dhiver-de-lasul-tennis\/#breadcrumb\"},\"inLanguage\":\"fr-FR\",\"potentialAction\":[{\"@type\":\"ReadAction\",\"target\":[\"https:\/\/newsestlyonnais.fr\/site\/2017\/02\/27\/villeurbanne-249-participants-au-tournoi-dhiver-de-lasul-tennis\/\"]}]},{\"@type\":\"ImageObject\",\"inLanguage\":\"fr-FR\",\"@id\":\"https:\/\/newsestlyonnais.fr\/site\/2017\/02\/27\/villeurbanne-249-participants-au-tournoi-dhiver-de-lasul-tennis\/#primaryimage\",\"url\":\"https:\/\/newsestlyonnais.fr\/site\/wp-content\/uploads\/2017\/02\/NEWSESTLYONNAIS-FINALE-OPEN-HIVER-ASUL.jpg\",\"contentUrl\":\"https:\/\/newsestlyonnais.fr\/site\/wp-content\/uploads\/2017\/02\/NEWSESTLYONNAIS-FINALE-OPEN-HIVER-ASUL.jpg\",\"width\":1000,\"height\":750,\"caption\":\"NEWSESTLYONNAIS - FINALE OPEN HIVER ASUL\"},{\"@type\":\"BreadcrumbList\",\"@id\":\"https:\/\/newsestlyonnais.fr\/site\/2017\/02\/27\/villeurbanne-249-participants-au-tournoi-dhiver-de-lasul-tennis\/#breadcrumb\",\"itemListElement\":[{\"@type\":\"ListItem\",\"position\":1,\"name\":\"Accueil\",\"item\":\"https:\/\/newsestlyonnais.fr\/site\/\"},{\"@type\":\"ListItem\",\"position\":2,\"name\":\"VILLEURBANNE | 249 participants au tournoi d&rsquo;Hiver de L&rsquo;Asul Tennis\"}]},{\"@type\":\"WebSite\",\"@id\":\"https:\/\/newsestlyonnais.fr\/site\/#website\",\"url\":\"https:\/\/newsestlyonnais.fr\/site\/\",\"name\":\"News Est Lyonnais\",\"description\":\"L&#039;actualit\u00e9 au plus pr\u00e8s\",\"publisher\":{\"@id\":\"https:\/\/newsestlyonnais.fr\/site\/#organization\"},\"potentialAction\":[{\"@type\":\"SearchAction\",\"target\":{\"@type\":\"EntryPoint\",\"urlTemplate\":\"https:\/\/newsestlyonnais.fr\/site\/?s={search_term_string}\"},\"query-input\":{\"@type\":\"PropertyValueSpecification\",\"valueRequired\":true,\"valueName\":\"search_term_string\"}}],\"inLanguage\":\"fr-FR\"},{\"@type\":\"Organization\",\"@id\":\"https:\/\/newsestlyonnais.fr\/site\/#organization\",\"name\":\"News EST LYONNAIS\",\"url\":\"https:\/\/newsestlyonnais.fr\/site\/\",\"logo\":{\"@type\":\"ImageObject\",\"inLanguage\":\"fr-FR\",\"@id\":\"https:\/\/newsestlyonnais.fr\/site\/#\/schema\/logo\/image\/\",\"url\":\"\",\"contentUrl\":\"\",\"caption\":\"News EST LYONNAIS\"},\"image\":{\"@id\":\"https:\/\/newsestlyonnais.fr\/site\/#\/schema\/logo\/image\/\"}},{\"@type\":\"Person\",\"@id\":\"https:\/\/newsestlyonnais.fr\/site\/#\/schema\/person\/3230d5615f390bb808365d673001e887\",\"name\":\"R\u00e9dac. NEWS\",\"sameAs\":[\"http:\/\/www.newsestlyonnais.fr\",\"https:\/\/www.facebook.com\/pascal.oberson.1?fref=ts\",\"https:\/\/fr.linkedin.com\/in\/pascal-oberson-b17045113\"],\"url\":\"https:\/\/newsestlyonnais.fr\/site\/author\/nel\/\"}]}<\/script>\n<!-- \/ Yoast SEO plugin. -->","yoast_head_json":{"title":"VILLEURBANNE : 249 PARTICIPANTS AU TOURNOI D'HIVER DE L'Asul TENNIS","description":"VILLEURBANNE : 249 PARTICIPANTS AU TOURNOI D'HIVER DE L'Asul TENNIS","robots":{"index":"index","follow":"follow","max-snippet":"max-snippet:-1","max-image-preview":"max-image-preview:large","max-video-preview":"max-video-preview:-1"},"canonical":"https:\/\/newsestlyonnais.fr\/site\/2017\/02\/27\/villeurbanne-249-participants-au-tournoi-dhiver-de-lasul-tennis\/","og_locale":"fr_FR","og_type":"article","og_title":"VILLEURBANNE : 249 PARTICIPANTS AU TOURNOI D'HIVER DE L'Asul TENNIS","og_description":"VILLEURBANNE : 249 PARTICIPANTS AU TOURNOI D'HIVER DE L'Asul TENNIS","og_url":"https:\/\/newsestlyonnais.fr\/site\/2017\/02\/27\/villeurbanne-249-participants-au-tournoi-dhiver-de-lasul-tennis\/","og_site_name":"News Est Lyonnais","article_author":"https:\/\/www.facebook.com\/pascal.oberson.1?fref=ts","article_published_time":"2017-02-27T18:20:31+00:00","article_modified_time":"2020-11-05T07:00:55+00:00","og_image":[{"width":1000,"height":750,"url":"https:\/\/i2.wp.com\/newsestlyonnais.fr\/site\/wp-content\/uploads\/2017\/02\/NEWSESTLYONNAIS-FINALE-OPEN-HIVER-ASUL.jpg?fit=1000%2C750&ssl=1","type":"image\/jpeg"}],"author":"R\u00e9dac. NEWS","twitter_card":"summary_large_image","twitter_misc":{"\u00c9crit par":"R\u00e9dac. NEWS","Dur\u00e9e de lecture estim\u00e9e":"1 minute"},"schema":{"@context":"https:\/\/schema.org","@graph":[{"@type":"Article","@id":"https:\/\/newsestlyonnais.fr\/site\/2017\/02\/27\/villeurbanne-249-participants-au-tournoi-dhiver-de-lasul-tennis\/#article","isPartOf":{"@id":"https:\/\/newsestlyonnais.fr\/site\/2017\/02\/27\/villeurbanne-249-participants-au-tournoi-dhiver-de-lasul-tennis\/"},"author":{"name":"R\u00e9dac. NEWS","@id":"https:\/\/newsestlyonnais.fr\/site\/#\/schema\/person\/3230d5615f390bb808365d673001e887"},"headline":"VILLEURBANNE | 249 participants au tournoi d&rsquo;Hiver de L&rsquo;Asul Tennis","datePublished":"2017-02-27T18:20:31+00:00","dateModified":"2020-11-05T07:00:55+00:00","mainEntityOfPage":{"@id":"https:\/\/newsestlyonnais.fr\/site\/2017\/02\/27\/villeurbanne-249-participants-au-tournoi-dhiver-de-lasul-tennis\/"},"wordCount":320,"commentCount":0,"publisher":{"@id":"https:\/\/newsestlyonnais.fr\/site\/#organization"},"image":{"@id":"https:\/\/newsestlyonnais.fr\/site\/2017\/02\/27\/villeurbanne-249-participants-au-tournoi-dhiver-de-lasul-tennis\/#primaryimage"},"thumbnailUrl":"https:\/\/newsestlyonnais.fr\/site\/wp-content\/uploads\/2017\/02\/NEWSESTLYONNAIS-FINALE-OPEN-HIVER-ASUL.jpg","articleSection":["Tennis | Padel","Tennis | Tennis de table","Villeurbanne"],"inLanguage":"fr-FR","potentialAction":[{"@type":"CommentAction","name":"Comment","target":["https:\/\/newsestlyonnais.fr\/site\/2017\/02\/27\/villeurbanne-249-participants-au-tournoi-dhiver-de-lasul-tennis\/#respond"]}]},{"@type":"WebPage","@id":"https:\/\/newsestlyonnais.fr\/site\/2017\/02\/27\/villeurbanne-249-participants-au-tournoi-dhiver-de-lasul-tennis\/","url":"https:\/\/newsestlyonnais.fr\/site\/2017\/02\/27\/villeurbanne-249-participants-au-tournoi-dhiver-de-lasul-tennis\/","name":"VILLEURBANNE : 249 PARTICIPANTS AU TOURNOI D'HIVER DE L'Asul TENNIS","isPartOf":{"@id":"https:\/\/newsestlyonnais.fr\/site\/#website"},"primaryImageOfPage":{"@id":"https:\/\/newsestlyonnais.fr\/site\/2017\/02\/27\/villeurbanne-249-participants-au-tournoi-dhiver-de-lasul-tennis\/#primaryimage"},"image":{"@id":"https:\/\/newsestlyonnais.fr\/site\/2017\/02\/27\/villeurbanne-249-participants-au-tournoi-dhiver-de-lasul-tennis\/#primaryimage"},"thumbnailUrl":"https:\/\/newsestlyonnais.fr\/site\/wp-content\/uploads\/2017\/02\/NEWSESTLYONNAIS-FINALE-OPEN-HIVER-ASUL.jpg","datePublished":"2017-02-27T18:20:31+00:00","dateModified":"2020-11-05T07:00:55+00:00","description":"VILLEURBANNE : 249 PARTICIPANTS AU TOURNOI D'HIVER DE L'Asul TENNIS","breadcrumb":{"@id":"https:\/\/newsestlyonnais.fr\/site\/2017\/02\/27\/villeurbanne-249-participants-au-tournoi-dhiver-de-lasul-tennis\/#breadcrumb"},"inLanguage":"fr-FR","potentialAction":[{"@type":"ReadAction","target":["https:\/\/newsestlyonnais.fr\/site\/2017\/02\/27\/villeurbanne-249-participants-au-tournoi-dhiver-de-lasul-tennis\/"]}]},{"@type":"ImageObject","inLanguage":"fr-FR","@id":"https:\/\/newsestlyonnais.fr\/site\/2017\/02\/27\/villeurbanne-249-participants-au-tournoi-dhiver-de-lasul-tennis\/#primaryimage","url":"https:\/\/newsestlyonnais.fr\/site\/wp-content\/uploads\/2017\/02\/NEWSESTLYONNAIS-FINALE-OPEN-HIVER-ASUL.jpg","contentUrl":"https:\/\/newsestlyonnais.fr\/site\/wp-content\/uploads\/2017\/02\/NEWSESTLYONNAIS-FINALE-OPEN-HIVER-ASUL.jpg","width":1000,"height":750,"caption":"NEWSESTLYONNAIS - FINALE OPEN HIVER ASUL"},{"@type":"BreadcrumbList","@id":"https:\/\/newsestlyonnais.fr\/site\/2017\/02\/27\/villeurbanne-249-participants-au-tournoi-dhiver-de-lasul-tennis\/#breadcrumb","itemListElement":[{"@type":"ListItem","position":1,"name":"Accueil","item":"https:\/\/newsestlyonnais.fr\/site\/"},{"@type":"ListItem","position":2,"name":"VILLEURBANNE | 249 participants au tournoi d&rsquo;Hiver de L&rsquo;Asul Tennis"}]},{"@type":"WebSite","@id":"https:\/\/newsestlyonnais.fr\/site\/#website","url":"https:\/\/newsestlyonnais.fr\/site\/","name":"News Est Lyonnais","description":"L&#039;actualit\u00e9 au plus pr\u00e8s","publisher":{"@id":"https:\/\/newsestlyonnais.fr\/site\/#organization"},"potentialAction":[{"@type":"SearchAction","target":{"@type":"EntryPoint","urlTemplate":"https:\/\/newsestlyonnais.fr\/site\/?s={search_term_string}"},"query-input":{"@type":"PropertyValueSpecification","valueRequired":true,"valueName":"search_term_string"}}],"inLanguage":"fr-FR"},{"@type":"Organization","@id":"https:\/\/newsestlyonnais.fr\/site\/#organization","name":"News EST LYONNAIS","url":"https:\/\/newsestlyonnais.fr\/site\/","logo":{"@type":"ImageObject","inLanguage":"fr-FR","@id":"https:\/\/newsestlyonnais.fr\/site\/#\/schema\/logo\/image\/","url":"","contentUrl":"","caption":"News EST LYONNAIS"},"image":{"@id":"https:\/\/newsestlyonnais.fr\/site\/#\/schema\/logo\/image\/"}},{"@type":"Person","@id":"https:\/\/newsestlyonnais.fr\/site\/#\/schema\/person\/3230d5615f390bb808365d673001e887","name":"R\u00e9dac. NEWS","sameAs":["http:\/\/www.newsestlyonnais.fr","https:\/\/www.facebook.com\/pascal.oberson.1?fref=ts","https:\/\/fr.linkedin.com\/in\/pascal-oberson-b17045113"],"url":"https:\/\/newsestlyonnais.fr\/site\/author\/nel\/"}]}},"_links":{"self":[{"href":"https:\/\/newsestlyonnais.fr\/site\/wp-json\/wp\/v2\/posts\/21574","targetHints":{"allow":["GET"]}}],"collection":[{"href":"https:\/\/newsestlyonnais.fr\/site\/wp-json\/wp\/v2\/posts"}],"about":[{"href":"https:\/\/newsestlyonnais.fr\/site\/wp-json\/wp\/v2\/types\/post"}],"author":[{"embeddable":true,"href":"https:\/\/newsestlyonnais.fr\/site\/wp-json\/wp\/v2\/users\/4"}],"replies":[{"embeddable":true,"href":"https:\/\/newsestlyonnais.fr\/site\/wp-json\/wp\/v2\/comments?post=21574"}],"version-history":[{"count":0,"href":"https:\/\/newsestlyonnais.fr\/site\/wp-json\/wp\/v2\/posts\/21574\/revisions"}],"wp:featuredmedia":[{"embeddable":true,"href":"https:\/\/newsestlyonnais.fr\/site\/wp-json\/wp\/v2\/media\/21661"}],"wp:attachment":[{"href":"https:\/\/newsestlyonnais.fr\/site\/wp-json\/wp\/v2\/media?parent=21574"}],"wp:term":[{"taxonomy":"category","embeddable":true,"href":"https:\/\/newsestlyonnais.fr\/site\/wp-json\/wp\/v2\/categories?post=21574"},{"taxonomy":"post_tag","embeddable":true,"href":"https:\/\/newsestlyonnais.fr\/site\/wp-json\/wp\/v2\/tags?post=21574"}],"curies":[{"name":"wp","href":"https:\/\/api.w.org\/{rel}","templated":true}]}}