{"id":21595,"date":"2017-02-26T18:27:13","date_gmt":"2017-02-26T17:27:13","guid":{"rendered":"http:\/\/newsestlyonnais.fr\/site\/?p=21595"},"modified":"2020-10-27T15:37:48","modified_gmt":"2020-10-27T14:37:48","slug":"lyon-basket-handisport-simpose-a-meylan","status":"publish","type":"post","link":"https:\/\/newsestlyonnais.fr\/site\/2017\/02\/26\/lyon-basket-handisport-simpose-a-meylan\/","title":{"rendered":"Lyon Basket Handisport s&rsquo;impose \u00e0 Meylan"},"content":{"rendered":"<div class=\"ox-25bee2875e-gmail-text_exposed_show\">\n<h4>Pour le compte de la 17\u00b0 journ\u00e9e de championnat, les Gones se rendaient \u00e0 Meylan dans la banlieue de Grenoble pour affronter une \u00e9quipe qui, en cas de victoire, pouvait revenir dans la course aux play-offs.<\/h4>\n<p>C\u00f4t\u00e9 lyonnais, il s&rsquo;agissait de gagner afin de conserver la t\u00eate du championnat. Le match aller avait \u00e9t\u00e9 tr\u00e8s disput\u00e9, les lyonnais l&#8217;emportant 54-50.<\/p>\n<div>Le d\u00e9but de match a \u00e9t\u00e9 appliqu\u00e9 c\u00f4t\u00e9 lyonnais. Le travail sur le jeu collectif effectu\u00e9 durant la semaine a port\u00e9 ses fruits et des shoots ouverts ont \u00e9t\u00e9 trouv\u00e9s gr\u00e2ce \u00e0 de beaux mouvements. La d\u00e9fense, elle aussi en progr\u00e8s emp\u00eache les locaux de d\u00e9velopper leur jeu. Malheureusement, des oublis d\u00e9fensifs et des attaques pr\u00e9cipit\u00e9es permettent aux locaux de revenir et de m\u00eame \u00eatre devant <strong><u>12-10 au bout de 10 minutes<\/u>.<\/strong><\/div>\n<div><\/div>\n<div>Le deuxi\u00e8me quart a \u00e9t\u00e9 la copie conforme du premier. 5 premi\u00e8res minutes de beau basket qui permettent de compter 9 points d&rsquo;avance pour Lyon. Mais comme pr\u00e9c\u00e9demment, rel\u00e2chement et pr\u00e9cipitation des lyonnais ont permis aux locaux de r\u00e9duire l&rsquo;\u00e9cart <strong><u>26-29 \u00e0 la mi-temps.\u00a0<\/u><\/strong><\/div>\n<div><u>\u00a0<\/u><\/div>\n<div>Le retour des vestiaires a vu des is\u00e9rois d\u00e9velopper un jeu collectif bien huil\u00e9 posant des difficult\u00e9s aux lyonnais. L&rsquo;attaque des Gones est encore brouillonne m\u00eame si elle permet de rester dans la course <strong><u>41-41 \u00e0 l&rsquo;entame du dernier quart-temps.\u00a0<\/u><\/strong><\/div>\n<div><b>\u00a0<\/b><\/div>\n<h4><b>Tension et suspense \u00e9taient bel et bien pr\u00e9sent pour le gain du match&#8230;<\/b><\/h4>\n<div>Le d\u00e9but du dernier quart-temps a vu un mano a mano entre les deux \u00e9quipes qui se rendent panier sur panier. Mais le match a tourn\u00e9 en faveur des lyonnais gr\u00e2ce \u00e0 une d\u00e9fense rigoureuse ne permettant pas aux locaux d&rsquo;\u00eatre dominateurs dans la raquette. Les shoots ne rentraient plus du c\u00f4t\u00e9 Meylannais tandis que les Gones, gr\u00e2ce une nouvelle fois \u00e0 de belles phases de jeux collectifs s&rsquo;assurent la victoire. <u><b>Score final 55-59.<\/b><\/u><\/div>\n<div><\/div>\n<div>En r\u00e9sum\u00e9, un match dans lequel les lyonnais ont manqu\u00e9 de r\u00e9gularit\u00e9 que ce soit en d\u00e9fense ou en attaque. Heureusement, l&rsquo;exp\u00e9rience et l&rsquo;\u00e9tat d&rsquo;esprit \u00e0 toute \u00e9preuve des Gones ont permis de gagner ce match, et ce collectivement !<\/div>\n<\/div>\n<div><\/div>\n<h4>Lyon Basket Handisport (ex Lyon MHBC) bat Meylan Grenoble Handibasket 59\/55. Evolution du score : (<b>12-10 \/ 14-19 \/ 15-12 \/ 14-18).<\/b><\/h4>\n<div class=\"ox-25bee2875e-gmail-text_exposed_show\">\n<div><b><u>&#8211; Prochain rendez-vous dimanche 5 mars \u00e0 17 heures \u00e0 Lyon pour la r\u00e9ception de la JDA Dijon Basket Fauteuil.<\/u><\/b><\/div>\n<\/div>\n","protected":false},"excerpt":{"rendered":"<p>Pour le compte de la 17\u00b0 journ\u00e9e de championnat, les Gones se rendaient \u00e0 Meylan dans la banlieue de Grenoble pour affronter une \u00e9quipe qui, en cas de victoire, pouvait revenir dans la course aux play-offs. C\u00f4t\u00e9 lyonnais, il s&rsquo;agissait de gagner afin de conserver la t\u00eate du championnat. Le match aller avait \u00e9t\u00e9 tr\u00e8s [&hellip;]<\/p>\n","protected":false},"author":4,"featured_media":21602,"comment_status":"open","ping_status":"open","sticky":false,"template":"","format":"standard","meta":{"footnotes":""},"categories":[1357,2975,166,3015,1625],"tags":[],"class_list":["post-21595","post","type-post","status-publish","format-standard","has-post-thumbnail","hentry","category-basket","category-basket-hand-volley-sports","category-divers-sports","category-handi-adapte","category-lyon"],"yoast_head":"<!-- This site is optimized with the Yoast SEO plugin v27.2 - https:\/\/yoast.com\/product\/yoast-seo-wordpress\/ -->\n<title>Le Lyon Basket Handisport s&#039;impose \u00e0 Meylan<\/title>\n<meta name=\"description\" content=\"Le Lyon Basket Handisport s&#039;impose \u00e0 Meylan\" \/>\n<meta name=\"robots\" content=\"index, follow, max-snippet:-1, max-image-preview:large, max-video-preview:-1\" \/>\n<link rel=\"canonical\" href=\"https:\/\/newsestlyonnais.fr\/site\/2017\/02\/26\/lyon-basket-handisport-simpose-a-meylan\/\" \/>\n<meta property=\"og:locale\" content=\"fr_FR\" \/>\n<meta property=\"og:type\" content=\"article\" \/>\n<meta property=\"og:title\" content=\"Le Lyon Basket Handisport s&#039;impose \u00e0 Meylan\" \/>\n<meta property=\"og:description\" content=\"Le Lyon Basket Handisport s&#039;impose \u00e0 Meylan\" \/>\n<meta property=\"og:url\" content=\"https:\/\/newsestlyonnais.fr\/site\/2017\/02\/26\/lyon-basket-handisport-simpose-a-meylan\/\" \/>\n<meta property=\"og:site_name\" content=\"News Est Lyonnais\" \/>\n<meta property=\"article:author\" content=\"https:\/\/www.facebook.com\/pascal.oberson.1?fref=ts\" \/>\n<meta property=\"article:published_time\" content=\"2017-02-26T17:27:13+00:00\" \/>\n<meta property=\"article:modified_time\" content=\"2020-10-27T14:37:48+00:00\" \/>\n<meta property=\"og:image\" content=\"https:\/\/i2.wp.com\/newsestlyonnais.fr\/site\/wp-content\/uploads\/2017\/02\/NEWSESTLYONNAIS-LOGO-LYON-LOGO-LYON-BASKET.png?fit=1000%2C750&ssl=1\" \/>\n\t<meta property=\"og:image:width\" content=\"1000\" \/>\n\t<meta property=\"og:image:height\" content=\"750\" \/>\n\t<meta property=\"og:image:type\" content=\"image\/png\" \/>\n<meta name=\"author\" content=\"R\u00e9dac. NEWS\" \/>\n<meta name=\"twitter:card\" content=\"summary_large_image\" \/>\n<meta name=\"twitter:label1\" content=\"\u00c9crit par\" \/>\n\t<meta name=\"twitter:data1\" content=\"R\u00e9dac. NEWS\" \/>\n\t<meta name=\"twitter:label2\" content=\"Dur\u00e9e de lecture estim\u00e9e\" \/>\n\t<meta name=\"twitter:data2\" content=\"2 minutes\" \/>\n<script type=\"application\/ld+json\" class=\"yoast-schema-graph\">{\"@context\":\"https:\/\/schema.org\",\"@graph\":[{\"@type\":\"Article\",\"@id\":\"https:\/\/newsestlyonnais.fr\/site\/2017\/02\/26\/lyon-basket-handisport-simpose-a-meylan\/#article\",\"isPartOf\":{\"@id\":\"https:\/\/newsestlyonnais.fr\/site\/2017\/02\/26\/lyon-basket-handisport-simpose-a-meylan\/\"},\"author\":{\"name\":\"R\u00e9dac. NEWS\",\"@id\":\"https:\/\/newsestlyonnais.fr\/site\/#\/schema\/person\/3230d5615f390bb808365d673001e887\"},\"headline\":\"Lyon Basket Handisport s&rsquo;impose \u00e0 Meylan\",\"datePublished\":\"2017-02-26T17:27:13+00:00\",\"dateModified\":\"2020-10-27T14:37:48+00:00\",\"mainEntityOfPage\":{\"@id\":\"https:\/\/newsestlyonnais.fr\/site\/2017\/02\/26\/lyon-basket-handisport-simpose-a-meylan\/\"},\"wordCount\":419,\"commentCount\":0,\"publisher\":{\"@id\":\"https:\/\/newsestlyonnais.fr\/site\/#organization\"},\"image\":{\"@id\":\"https:\/\/newsestlyonnais.fr\/site\/2017\/02\/26\/lyon-basket-handisport-simpose-a-meylan\/#primaryimage\"},\"thumbnailUrl\":\"https:\/\/newsestlyonnais.fr\/site\/wp-content\/uploads\/2017\/02\/NEWSESTLYONNAIS-LOGO-LYON-LOGO-LYON-BASKET.png\",\"articleSection\":[\"Basket\",\"Basket | Hand | Volley\",\"Divers Sports\",\"Handi &amp; adapt\u00e9\",\"Lyon\"],\"inLanguage\":\"fr-FR\",\"potentialAction\":[{\"@type\":\"CommentAction\",\"name\":\"Comment\",\"target\":[\"https:\/\/newsestlyonnais.fr\/site\/2017\/02\/26\/lyon-basket-handisport-simpose-a-meylan\/#respond\"]}]},{\"@type\":\"WebPage\",\"@id\":\"https:\/\/newsestlyonnais.fr\/site\/2017\/02\/26\/lyon-basket-handisport-simpose-a-meylan\/\",\"url\":\"https:\/\/newsestlyonnais.fr\/site\/2017\/02\/26\/lyon-basket-handisport-simpose-a-meylan\/\",\"name\":\"Le Lyon Basket Handisport s'impose \u00e0 Meylan\",\"isPartOf\":{\"@id\":\"https:\/\/newsestlyonnais.fr\/site\/#website\"},\"primaryImageOfPage\":{\"@id\":\"https:\/\/newsestlyonnais.fr\/site\/2017\/02\/26\/lyon-basket-handisport-simpose-a-meylan\/#primaryimage\"},\"image\":{\"@id\":\"https:\/\/newsestlyonnais.fr\/site\/2017\/02\/26\/lyon-basket-handisport-simpose-a-meylan\/#primaryimage\"},\"thumbnailUrl\":\"https:\/\/newsestlyonnais.fr\/site\/wp-content\/uploads\/2017\/02\/NEWSESTLYONNAIS-LOGO-LYON-LOGO-LYON-BASKET.png\",\"datePublished\":\"2017-02-26T17:27:13+00:00\",\"dateModified\":\"2020-10-27T14:37:48+00:00\",\"description\":\"Le Lyon Basket Handisport s'impose \u00e0 Meylan\",\"breadcrumb\":{\"@id\":\"https:\/\/newsestlyonnais.fr\/site\/2017\/02\/26\/lyon-basket-handisport-simpose-a-meylan\/#breadcrumb\"},\"inLanguage\":\"fr-FR\",\"potentialAction\":[{\"@type\":\"ReadAction\",\"target\":[\"https:\/\/newsestlyonnais.fr\/site\/2017\/02\/26\/lyon-basket-handisport-simpose-a-meylan\/\"]}]},{\"@type\":\"ImageObject\",\"inLanguage\":\"fr-FR\",\"@id\":\"https:\/\/newsestlyonnais.fr\/site\/2017\/02\/26\/lyon-basket-handisport-simpose-a-meylan\/#primaryimage\",\"url\":\"https:\/\/newsestlyonnais.fr\/site\/wp-content\/uploads\/2017\/02\/NEWSESTLYONNAIS-LOGO-LYON-LOGO-LYON-BASKET.png\",\"contentUrl\":\"https:\/\/newsestlyonnais.fr\/site\/wp-content\/uploads\/2017\/02\/NEWSESTLYONNAIS-LOGO-LYON-LOGO-LYON-BASKET.png\",\"width\":1000,\"height\":750,\"caption\":\"NEWSESTLYONNAIS - LOGO LYON LOGO LYON BASKET\"},{\"@type\":\"BreadcrumbList\",\"@id\":\"https:\/\/newsestlyonnais.fr\/site\/2017\/02\/26\/lyon-basket-handisport-simpose-a-meylan\/#breadcrumb\",\"itemListElement\":[{\"@type\":\"ListItem\",\"position\":1,\"name\":\"Accueil\",\"item\":\"https:\/\/newsestlyonnais.fr\/site\/\"},{\"@type\":\"ListItem\",\"position\":2,\"name\":\"Lyon Basket Handisport s&rsquo;impose \u00e0 Meylan\"}]},{\"@type\":\"WebSite\",\"@id\":\"https:\/\/newsestlyonnais.fr\/site\/#website\",\"url\":\"https:\/\/newsestlyonnais.fr\/site\/\",\"name\":\"News Est Lyonnais\",\"description\":\"L&#039;actualit\u00e9 au plus pr\u00e8s\",\"publisher\":{\"@id\":\"https:\/\/newsestlyonnais.fr\/site\/#organization\"},\"potentialAction\":[{\"@type\":\"SearchAction\",\"target\":{\"@type\":\"EntryPoint\",\"urlTemplate\":\"https:\/\/newsestlyonnais.fr\/site\/?s={search_term_string}\"},\"query-input\":{\"@type\":\"PropertyValueSpecification\",\"valueRequired\":true,\"valueName\":\"search_term_string\"}}],\"inLanguage\":\"fr-FR\"},{\"@type\":\"Organization\",\"@id\":\"https:\/\/newsestlyonnais.fr\/site\/#organization\",\"name\":\"News EST LYONNAIS\",\"url\":\"https:\/\/newsestlyonnais.fr\/site\/\",\"logo\":{\"@type\":\"ImageObject\",\"inLanguage\":\"fr-FR\",\"@id\":\"https:\/\/newsestlyonnais.fr\/site\/#\/schema\/logo\/image\/\",\"url\":\"\",\"contentUrl\":\"\",\"caption\":\"News EST LYONNAIS\"},\"image\":{\"@id\":\"https:\/\/newsestlyonnais.fr\/site\/#\/schema\/logo\/image\/\"}},{\"@type\":\"Person\",\"@id\":\"https:\/\/newsestlyonnais.fr\/site\/#\/schema\/person\/3230d5615f390bb808365d673001e887\",\"name\":\"R\u00e9dac. NEWS\",\"sameAs\":[\"http:\/\/www.newsestlyonnais.fr\",\"https:\/\/www.facebook.com\/pascal.oberson.1?fref=ts\",\"https:\/\/fr.linkedin.com\/in\/pascal-oberson-b17045113\"],\"url\":\"https:\/\/newsestlyonnais.fr\/site\/author\/nel\/\"}]}<\/script>\n<!-- \/ Yoast SEO plugin. -->","yoast_head_json":{"title":"Le Lyon Basket Handisport s'impose \u00e0 Meylan","description":"Le Lyon Basket Handisport s'impose \u00e0 Meylan","robots":{"index":"index","follow":"follow","max-snippet":"max-snippet:-1","max-image-preview":"max-image-preview:large","max-video-preview":"max-video-preview:-1"},"canonical":"https:\/\/newsestlyonnais.fr\/site\/2017\/02\/26\/lyon-basket-handisport-simpose-a-meylan\/","og_locale":"fr_FR","og_type":"article","og_title":"Le Lyon Basket Handisport s'impose \u00e0 Meylan","og_description":"Le Lyon Basket Handisport s'impose \u00e0 Meylan","og_url":"https:\/\/newsestlyonnais.fr\/site\/2017\/02\/26\/lyon-basket-handisport-simpose-a-meylan\/","og_site_name":"News Est Lyonnais","article_author":"https:\/\/www.facebook.com\/pascal.oberson.1?fref=ts","article_published_time":"2017-02-26T17:27:13+00:00","article_modified_time":"2020-10-27T14:37:48+00:00","og_image":[{"width":1000,"height":750,"url":"https:\/\/i2.wp.com\/newsestlyonnais.fr\/site\/wp-content\/uploads\/2017\/02\/NEWSESTLYONNAIS-LOGO-LYON-LOGO-LYON-BASKET.png?fit=1000%2C750&ssl=1","type":"image\/png"}],"author":"R\u00e9dac. NEWS","twitter_card":"summary_large_image","twitter_misc":{"\u00c9crit par":"R\u00e9dac. NEWS","Dur\u00e9e de lecture estim\u00e9e":"2 minutes"},"schema":{"@context":"https:\/\/schema.org","@graph":[{"@type":"Article","@id":"https:\/\/newsestlyonnais.fr\/site\/2017\/02\/26\/lyon-basket-handisport-simpose-a-meylan\/#article","isPartOf":{"@id":"https:\/\/newsestlyonnais.fr\/site\/2017\/02\/26\/lyon-basket-handisport-simpose-a-meylan\/"},"author":{"name":"R\u00e9dac. NEWS","@id":"https:\/\/newsestlyonnais.fr\/site\/#\/schema\/person\/3230d5615f390bb808365d673001e887"},"headline":"Lyon Basket Handisport s&rsquo;impose \u00e0 Meylan","datePublished":"2017-02-26T17:27:13+00:00","dateModified":"2020-10-27T14:37:48+00:00","mainEntityOfPage":{"@id":"https:\/\/newsestlyonnais.fr\/site\/2017\/02\/26\/lyon-basket-handisport-simpose-a-meylan\/"},"wordCount":419,"commentCount":0,"publisher":{"@id":"https:\/\/newsestlyonnais.fr\/site\/#organization"},"image":{"@id":"https:\/\/newsestlyonnais.fr\/site\/2017\/02\/26\/lyon-basket-handisport-simpose-a-meylan\/#primaryimage"},"thumbnailUrl":"https:\/\/newsestlyonnais.fr\/site\/wp-content\/uploads\/2017\/02\/NEWSESTLYONNAIS-LOGO-LYON-LOGO-LYON-BASKET.png","articleSection":["Basket","Basket | Hand | Volley","Divers Sports","Handi &amp; adapt\u00e9","Lyon"],"inLanguage":"fr-FR","potentialAction":[{"@type":"CommentAction","name":"Comment","target":["https:\/\/newsestlyonnais.fr\/site\/2017\/02\/26\/lyon-basket-handisport-simpose-a-meylan\/#respond"]}]},{"@type":"WebPage","@id":"https:\/\/newsestlyonnais.fr\/site\/2017\/02\/26\/lyon-basket-handisport-simpose-a-meylan\/","url":"https:\/\/newsestlyonnais.fr\/site\/2017\/02\/26\/lyon-basket-handisport-simpose-a-meylan\/","name":"Le Lyon Basket Handisport s'impose \u00e0 Meylan","isPartOf":{"@id":"https:\/\/newsestlyonnais.fr\/site\/#website"},"primaryImageOfPage":{"@id":"https:\/\/newsestlyonnais.fr\/site\/2017\/02\/26\/lyon-basket-handisport-simpose-a-meylan\/#primaryimage"},"image":{"@id":"https:\/\/newsestlyonnais.fr\/site\/2017\/02\/26\/lyon-basket-handisport-simpose-a-meylan\/#primaryimage"},"thumbnailUrl":"https:\/\/newsestlyonnais.fr\/site\/wp-content\/uploads\/2017\/02\/NEWSESTLYONNAIS-LOGO-LYON-LOGO-LYON-BASKET.png","datePublished":"2017-02-26T17:27:13+00:00","dateModified":"2020-10-27T14:37:48+00:00","description":"Le Lyon Basket Handisport s'impose \u00e0 Meylan","breadcrumb":{"@id":"https:\/\/newsestlyonnais.fr\/site\/2017\/02\/26\/lyon-basket-handisport-simpose-a-meylan\/#breadcrumb"},"inLanguage":"fr-FR","potentialAction":[{"@type":"ReadAction","target":["https:\/\/newsestlyonnais.fr\/site\/2017\/02\/26\/lyon-basket-handisport-simpose-a-meylan\/"]}]},{"@type":"ImageObject","inLanguage":"fr-FR","@id":"https:\/\/newsestlyonnais.fr\/site\/2017\/02\/26\/lyon-basket-handisport-simpose-a-meylan\/#primaryimage","url":"https:\/\/newsestlyonnais.fr\/site\/wp-content\/uploads\/2017\/02\/NEWSESTLYONNAIS-LOGO-LYON-LOGO-LYON-BASKET.png","contentUrl":"https:\/\/newsestlyonnais.fr\/site\/wp-content\/uploads\/2017\/02\/NEWSESTLYONNAIS-LOGO-LYON-LOGO-LYON-BASKET.png","width":1000,"height":750,"caption":"NEWSESTLYONNAIS - LOGO LYON LOGO LYON BASKET"},{"@type":"BreadcrumbList","@id":"https:\/\/newsestlyonnais.fr\/site\/2017\/02\/26\/lyon-basket-handisport-simpose-a-meylan\/#breadcrumb","itemListElement":[{"@type":"ListItem","position":1,"name":"Accueil","item":"https:\/\/newsestlyonnais.fr\/site\/"},{"@type":"ListItem","position":2,"name":"Lyon Basket Handisport s&rsquo;impose \u00e0 Meylan"}]},{"@type":"WebSite","@id":"https:\/\/newsestlyonnais.fr\/site\/#website","url":"https:\/\/newsestlyonnais.fr\/site\/","name":"News Est Lyonnais","description":"L&#039;actualit\u00e9 au plus pr\u00e8s","publisher":{"@id":"https:\/\/newsestlyonnais.fr\/site\/#organization"},"potentialAction":[{"@type":"SearchAction","target":{"@type":"EntryPoint","urlTemplate":"https:\/\/newsestlyonnais.fr\/site\/?s={search_term_string}"},"query-input":{"@type":"PropertyValueSpecification","valueRequired":true,"valueName":"search_term_string"}}],"inLanguage":"fr-FR"},{"@type":"Organization","@id":"https:\/\/newsestlyonnais.fr\/site\/#organization","name":"News EST LYONNAIS","url":"https:\/\/newsestlyonnais.fr\/site\/","logo":{"@type":"ImageObject","inLanguage":"fr-FR","@id":"https:\/\/newsestlyonnais.fr\/site\/#\/schema\/logo\/image\/","url":"","contentUrl":"","caption":"News EST LYONNAIS"},"image":{"@id":"https:\/\/newsestlyonnais.fr\/site\/#\/schema\/logo\/image\/"}},{"@type":"Person","@id":"https:\/\/newsestlyonnais.fr\/site\/#\/schema\/person\/3230d5615f390bb808365d673001e887","name":"R\u00e9dac. NEWS","sameAs":["http:\/\/www.newsestlyonnais.fr","https:\/\/www.facebook.com\/pascal.oberson.1?fref=ts","https:\/\/fr.linkedin.com\/in\/pascal-oberson-b17045113"],"url":"https:\/\/newsestlyonnais.fr\/site\/author\/nel\/"}]}},"_links":{"self":[{"href":"https:\/\/newsestlyonnais.fr\/site\/wp-json\/wp\/v2\/posts\/21595","targetHints":{"allow":["GET"]}}],"collection":[{"href":"https:\/\/newsestlyonnais.fr\/site\/wp-json\/wp\/v2\/posts"}],"about":[{"href":"https:\/\/newsestlyonnais.fr\/site\/wp-json\/wp\/v2\/types\/post"}],"author":[{"embeddable":true,"href":"https:\/\/newsestlyonnais.fr\/site\/wp-json\/wp\/v2\/users\/4"}],"replies":[{"embeddable":true,"href":"https:\/\/newsestlyonnais.fr\/site\/wp-json\/wp\/v2\/comments?post=21595"}],"version-history":[{"count":0,"href":"https:\/\/newsestlyonnais.fr\/site\/wp-json\/wp\/v2\/posts\/21595\/revisions"}],"wp:featuredmedia":[{"embeddable":true,"href":"https:\/\/newsestlyonnais.fr\/site\/wp-json\/wp\/v2\/media\/21602"}],"wp:attachment":[{"href":"https:\/\/newsestlyonnais.fr\/site\/wp-json\/wp\/v2\/media?parent=21595"}],"wp:term":[{"taxonomy":"category","embeddable":true,"href":"https:\/\/newsestlyonnais.fr\/site\/wp-json\/wp\/v2\/categories?post=21595"},{"taxonomy":"post_tag","embeddable":true,"href":"https:\/\/newsestlyonnais.fr\/site\/wp-json\/wp\/v2\/tags?post=21595"}],"curies":[{"name":"wp","href":"https:\/\/api.w.org\/{rel}","templated":true}]}}