{"id":216227,"date":"2024-12-03T08:42:33","date_gmt":"2024-12-03T07:42:33","guid":{"rendered":"https:\/\/newsestlyonnais.fr\/site\/?p=216227"},"modified":"2025-01-09T16:44:49","modified_gmt":"2025-01-09T15:44:49","slug":"saint-priest-les-evenements-de-decembre-3","status":"publish","type":"post","link":"https:\/\/newsestlyonnais.fr\/site\/2024\/12\/03\/saint-priest-les-evenements-de-decembre-3\/","title":{"rendered":"SAINT-PRIEST | Les \u00e9v\u00e8nements de d\u00e9cembre"},"content":{"rendered":"<p><span style=\"font-size: 14pt;\"><span style=\"background-color: #000000; color: #ffffff;\"><strong>Du 3 au 20 d\u00e9cembre<\/strong><\/span> &gt; <span style=\"background-color: #000000; color: #ffcc00;\">F\u00caTE DES LUMI\u00c8RES DANS LES QUARTIERS<\/span><\/span><\/p>\n<ul>\n<li><strong>Mardi 3 d\u00e9cembre<\/strong> : Marendiers \/ M\u00e9nival \/ La Cordi\u00e8re.<br \/>\nDistribution des lampions \u00e0 17 h 30 devant les groupes scolaires Honor\u00e9 de Balzac, Jules Ferry et Marendiers. D\u00e9part en musique \u00e0 18 h pour un spectacle final \u00e0 18h 45 devant le centre commercial M\u00e9nival avec collation partag\u00e9e, friandises, chocolat et vin chauds servis par les conseillers de quartier.<\/li>\n<li><strong>Mercredi 4 d\u00e9cembre<\/strong> : Plaine de Saythe \/ Bel Air<br \/>\nDistribution des lampions \u00e0 17 h 30 devant la maison de quartier Claude Farr\u00e8re, puis d\u00e9part du d\u00e9fil\u00e9 \u00e0 18 h jusqu\u2019\u00e0 la MJC Jean Cocteau. Spectacle de feu sur le parvis de la MJC \u00e0 18 h 30 avec collation partag\u00e9e, friandises, chocolat et vin chauds servis par les conseillers de quartier.<\/li>\n<li><strong>Jeudi 5 d\u00e9cembre<\/strong> : Revaison<br \/>\nDistribution des lampions \u00e0 17 h 30 sur le parvis du groupe scolaire Revaison et d\u00e9part en musique du d\u00e9fil\u00e9 \u00e0 18 h. Final \u00e0 18 h 30 sur le parvis du groupe scolaire Revaison avec collation partag\u00e9e, friandises, chocolat et vin chauds servis par les conseillers de quartier.<\/li>\n<li><strong>Dimanche 8 d\u00e9cembre<\/strong> : Manissieux \/ Mi-Plaine \/ La Fouillouse<br \/>\nDe 16 h 30 \u00e0 21 h 30, l\u2019AIL Manissieux organise sa traditionnelle f\u00eate des lumi\u00e8res. D\u00e9fil\u00e9 de lampions \u00e0 17 h avec l\u2019ACM des Petits Manissians et distribution de bonbons et de cl\u00e9mentines. D\u00e8s 19 h, concerts et d\u00e9monstrations de danse country. Seront propos\u00e9s \u00e0 la vente marrons chauds, gaufres, hot-dogs, vin chaud et sp\u00e9cialit\u00e9s des commer\u00e7ants de Manissieux. Les b\u00e9n\u00e9fices seront revers\u00e9s \u00e0 l\u2019association \u00ab Mains tendues \u00bb.<\/li>\n<li><strong>Mardi 10 d\u00e9cembre<\/strong> : Centre-ville \/ Village<br \/>\nDistribution des lampions \u00e0 17 h sur les places Salengro et Bruno Polga pour un d\u00e9part des d\u00e9fil\u00e9s \u00e0 18 h jusqu\u2019\u00e0 la place Ferdinand Buisson. Final \u00ab Music &amp; Dance \u00bb sur la rue Henri Mar\u00e9chal \u00e0 18 h 45.<\/li>\n<li><strong>Vendredi 20 d\u00e9cembre<\/strong> : Berliet et environs. Distribution des lampions \u00e0 17 h 30 devant le groupe scolaire Berliet. D\u00e9part du d\u00e9fil\u00e9 \u00e0 18 h sur la sente jusqu\u2019\u00e0 la ferme Berliet pour les festivit\u00e9s de No\u00ebl de l\u2019ACS Berliet.<\/li>\n<\/ul>\n<hr \/>\n<p><span style=\"background-color: #000000; color: #ffffff;\"><strong>Mardi 3 d\u00e9cembre<\/strong><\/span><\/p>\n<ul>\n<li>20 h \/ Th\u00e9\u00e2tre Th\u00e9o Argence \/ <strong>SPECTACLE \u00ab JE SUIS L\u00c0 MAIS JE NE SUIS PAS L\u00c0 \u00bb<\/strong> avec Pierre Richard.<\/li>\n<\/ul>\n<p><strong><span style=\"background-color: #000000; color: #ffffff;\">Jeudi 5 d\u00e9cembre<\/span><\/strong><\/p>\n<ul>\n<li>16 h 30 \/ Jardin de la m\u00e9moire &#8211; Ch\u00e2teau. <strong>C\u00c9R\u00c9MONIE COMM\u00c9MORATIVE DE LA JOURN\u00c9E NATIONALE D\u2019HOMMAGE AUX MORTS POUR LA FRANCE DE LA GUERRE D\u2019ALG\u00c9RIE ET DES COMBATS DU MAROC ET DE LA TUNISIE<\/strong>. D\u00e9p\u00f4t de gerbes par la Municipalit\u00e9 et le Comit\u00e9 de Liaison des Anciens Combattants \u2022 Sonnerie aux Morts \u2022 Minute de silence \u2022 Allocution du repr\u00e9sentant du Comit\u00e9 de Liaison des Anciens Combattants \u2022 Lecture du message du ministre des Arm\u00e9es et des Anciens combattants par monsieur le maire \u2022 Hymne national cl\u00f4turant la c\u00e9r\u00e9monie. C\u00e9r\u00e9monie ouverte \u00e0 tous<\/li>\n<\/ul>\n<p><strong><span style=\"background-color: #000000; color: #ffffff;\">Du 6 au 15 d\u00e9cembre<\/span><\/strong><\/p>\n<ul>\n<li>Esplanade des arts et place Buisson \/ <strong>VILLAGE DE NO\u00cbL<\/strong>. L\u2019esplanade des arts et la place Buisson s\u2019illuminent. (animations gratuites). Du 6 au 15 d\u00e9cembre : <strong>Parcours d\u2019automates sur les contes de No\u00eb<\/strong>l. Du 6 au 8 d\u00e9cembre \/ Parc du Ch\u00e2teau : <strong>Installation artistique dans le parc du Ch\u00e2teau<\/strong>. Horaires : Vendredi 6\/12 de 18 h \u00e0 22 h \/ Samedi 7\/12 de 18 h \u00e0 21 h \/ Dimanche 8\/12 de 18 h \u00e0 20 h. Mardi 10 d\u00e9cembre \/ 19h \/ Parc du Ch\u00e2teau : <strong>Feu d\u2019artifice<\/strong>. \u00c0 noter aussi : Rencontre avec le P\u00e8re No\u00ebl \u2022 Le Courrier du P\u00e8re No\u00ebl \u2022 D\u00e9ambulation de mascottes \u2022 Collecte solidaire de jouets \u2022 Chants de No\u00ebl avec les chanteurs de l\u2019association \u00ab Ensemble Francophonique San-Priod \u00bb(8, 11 et 15\/12 \u00e0 16h) \u2022 Concert de gospel avec la chorale de la MJC Jean Cocteau de Saint-Priest (14\/12 \u00e0 16h) \u2022 Man\u00e8ges Samedi 7 d\u00e9cembre \/ 14h \u00e0 17h \/ Centre socioculturel Louis Braille. <strong>NO\u00cbL SOLIDAIRE : <\/strong>Un apr\u00e8s-midi convivial et festif avec au programme : activit\u00e9s cr\u00e9atives pour les enfants, cr\u00e9ation de couronne de No\u00ebl pour les adultes, march\u00e9 de No\u00ebl et buvette. Samedi 7 d\u00e9cembre \/ 19h30 \/ Th\u00e9\u00e2tre Th\u00e9o Argence : <strong>T\u00c9L\u00c9THON \u00c0 SAINT-PRIEST. <\/strong>Soir\u00e9e familiale organis\u00e9e avec les associations de Saint-Priest autour de plusieurs spectacles de danse, th\u00e9\u00e2tre, musique, chansons, orchestre ou encore cheerleading avec les WAC, et autres surprises\u2026<\/li>\n<\/ul>\n<hr \/>\n<p><span style=\"background-color: #000000; color: #ffffff;\"><strong>Dimanche 8 d\u00e9cembre<\/strong><\/span> \/ 9 h \u00e0 16 h \/ Espace Mosa\u00efque \/ <strong>BOURSE AUX MONNAIES<\/strong><br \/>\nOrganis\u00e9e par le Club Numismatique Rhodanien. Vente de monnaies et billets, fran\u00e7ais et \u00e9trangers, de toutes \u00e9poques.<\/p>\n<p><span style=\"background-color: #000000; color: #ffffff;\"><strong>Vendredi 13 et samedi 14 d\u00e9cembre<\/strong><\/span> \/ 20 h \/ Th\u00e9\u00e2tre Th\u00e9o Argence \/ <strong>SPECTACLE \u00ab BLIZZARD \u00bb<\/strong> &#8211; COMPAGNIE FLIP FABRIQUE. Le cirque canadien est de nouveau \u00e0 l\u2019honneur.<\/p>\n<p><strong><span style=\"background-color: #000000; color: #ffffff;\">Mardi 17 d\u00e9cembre<\/span><\/strong> \/ 20 h \/ Th\u00e9\u00e2tre Th\u00e9o Argence \/ <strong>SPECTACLE \u00ab LE SOLDAT ROSE.<\/strong><\/p>\n<p><strong><span style=\"background-color: #000000; color: #ffffff;\">Mercredi 18 d\u00e9cembre<\/span><\/strong> \/ <strong>FESTIVAL D\u2019HIVER<\/strong>. Pour la 4\u00b0 ann\u00e9e cons\u00e9cutive, la Ville de Saint-Priest et la MJC Jean Cocteau proposent \u00e0 des structures de proximit\u00e9, le centre social L\u2019Olivier, le centre social Louis Braille, le P\u00f4le Zodiac et le P\u00f4le Enfance Famille, d\u2019accueillir chacune un spectacle (magie, spectacle de feu, com\u00e9die, chant :<br \/>\n&gt; 10 h \/ P\u00f4le Zodiac &amp; 17 h \/ Centre socioculturel Louis Braille : <strong>Les Myst\u00e8res de la For\u00eat Enchant\u00e9e<\/strong>. Spectacle musical avec la Cie William Arribart Entertainment. 45 minutes \/ \u00c0 partir de 3 ans. 13 h 30 et 15 h 30 \/ MJC Jean Cocteau : <strong>Le Bal des Fant\u00f4mes, la sorci\u00e8re et le magicien<\/strong>. Spectacle de magie, d\u2019humour et d\u2019illusions avec la Cie le Th\u00e9\u00e2tre des Illusions. 1 h \/ \u00c0 partir de 4 ans. 14 h 30 \/ Centre socioculturel L\u2019Olivier : <strong>La Bwat Magique<\/strong>. Com\u00e9die magique avec S\u00e9bastien Drecq. 55 minutes \/ \u00c0 partir de 5 ans.\u00a0 18 h \/ Esplanade Garibaldi (en ext\u00e9rieur) : <strong>\u00c9tincelle. Spectacle de feu<\/strong> avec la Cie SuperCho. 30 minutes \/ Tout public.<\/p>\n<p><span style=\"color: #ffffff; background-color: #000000;\"><strong>Jeudi 19 d\u00e9cembre <\/strong><\/span><\/p>\n<ul>\n<li>\u00a019 h \/ Salle du Conseil &#8211; Mairie \/ <strong>CONSEIL MUNICIPAL<\/strong><\/li>\n<li>20 h 30 \/ Th\u00e9\u00e2tre Th\u00e9o Argence. <strong>LE CONCERT DU CONSERVATOIRE \u00ab TEMPS VARIABLES<\/strong> \u00bb.<\/li>\n<\/ul>\n<hr \/>\n<p><span style=\"font-size: 18pt; background-color: #000000;\"><em><strong><span style=\"color: #ffffff;\">&gt;&gt; L\u2019ACTU de la commune :<\/span> <a style=\"background-color: #000000;\" href=\"http:\/\/www.ville-saint-priest.fr\/accueil.547.0.html\" target=\"_blank\" rel=\"noreferrer noopener\"><span style=\"color: #3366ff;\">http:\/\/www.ville-saint-priest.fr<\/span><\/a><\/strong><\/em><\/span><\/p>\n<p>&nbsp;<\/p>\n","protected":false},"excerpt":{"rendered":"<p>Nombreuses sont les programmations locales pour ce dernier mois de l&rsquo;ann\u00e9e.<\/p>\n","protected":false},"author":4,"featured_media":95577,"comment_status":"open","ping_status":"open","sticky":false,"template":"","format":"standard","meta":{"footnotes":""},"categories":[1296],"tags":[1991,2120,2039],"class_list":["post-216227","post","type-post","status-publish","format-standard","has-post-thumbnail","hentry","category-sain-priest","tag-agenda","tag-evenements","tag-saint-priest"],"yoast_head":"<!-- This site is optimized with the Yoast SEO plugin v27.2 - https:\/\/yoast.com\/product\/yoast-seo-wordpress\/ -->\n<title>SAINT-PRIEST | Les \u00e9v\u00e8nements de d\u00e9cembre - News Est Lyonnais<\/title>\n<meta name=\"description\" content=\"SAINT-PRIEST | Les \u00e9v\u00e8nements de d\u00e9cembre\" \/>\n<meta name=\"robots\" content=\"index, follow, max-snippet:-1, max-image-preview:large, max-video-preview:-1\" \/>\n<link rel=\"canonical\" href=\"https:\/\/newsestlyonnais.fr\/site\/2024\/12\/03\/saint-priest-les-evenements-de-decembre-3\/\" \/>\n<meta property=\"og:locale\" content=\"fr_FR\" \/>\n<meta property=\"og:type\" content=\"article\" \/>\n<meta property=\"og:title\" content=\"SAINT-PRIEST | Les \u00e9v\u00e8nements de d\u00e9cembre - News Est Lyonnais\" \/>\n<meta property=\"og:description\" content=\"SAINT-PRIEST | Les \u00e9v\u00e8nements de d\u00e9cembre\" \/>\n<meta property=\"og:url\" content=\"https:\/\/newsestlyonnais.fr\/site\/2024\/12\/03\/saint-priest-les-evenements-de-decembre-3\/\" \/>\n<meta property=\"og:site_name\" content=\"News Est Lyonnais\" \/>\n<meta property=\"article:author\" content=\"https:\/\/www.facebook.com\/pascal.oberson.1?fref=ts\" \/>\n<meta property=\"article:published_time\" content=\"2024-12-03T07:42:33+00:00\" \/>\n<meta property=\"article:modified_time\" content=\"2025-01-09T15:44:49+00:00\" \/>\n<meta property=\"og:image\" content=\"https:\/\/newsestlyonnais.fr\/site\/wp-content\/uploads\/2020\/02\/NEWSESTLYONNAIS-ST-PRIEST01.jpg\" \/>\n\t<meta property=\"og:image:width\" content=\"1200\" \/>\n\t<meta property=\"og:image:height\" content=\"800\" \/>\n\t<meta property=\"og:image:type\" content=\"image\/jpeg\" \/>\n<meta name=\"author\" content=\"R\u00e9dac. NEWS\" \/>\n<meta name=\"twitter:card\" content=\"summary_large_image\" \/>\n<meta name=\"twitter:label1\" content=\"\u00c9crit par\" \/>\n\t<meta name=\"twitter:data1\" content=\"R\u00e9dac. NEWS\" \/>\n\t<meta name=\"twitter:label2\" content=\"Dur\u00e9e de lecture estim\u00e9e\" \/>\n\t<meta name=\"twitter:data2\" content=\"6 minutes\" \/>\n<script type=\"application\/ld+json\" class=\"yoast-schema-graph\">{\"@context\":\"https:\/\/schema.org\",\"@graph\":[{\"@type\":\"Article\",\"@id\":\"https:\/\/newsestlyonnais.fr\/site\/2024\/12\/03\/saint-priest-les-evenements-de-decembre-3\/#article\",\"isPartOf\":{\"@id\":\"https:\/\/newsestlyonnais.fr\/site\/2024\/12\/03\/saint-priest-les-evenements-de-decembre-3\/\"},\"author\":{\"name\":\"R\u00e9dac. NEWS\",\"@id\":\"https:\/\/newsestlyonnais.fr\/site\/#\/schema\/person\/3230d5615f390bb808365d673001e887\"},\"headline\":\"SAINT-PRIEST | Les \u00e9v\u00e8nements de d\u00e9cembre\",\"datePublished\":\"2024-12-03T07:42:33+00:00\",\"dateModified\":\"2025-01-09T15:44:49+00:00\",\"mainEntityOfPage\":{\"@id\":\"https:\/\/newsestlyonnais.fr\/site\/2024\/12\/03\/saint-priest-les-evenements-de-decembre-3\/\"},\"wordCount\":956,\"commentCount\":0,\"publisher\":{\"@id\":\"https:\/\/newsestlyonnais.fr\/site\/#organization\"},\"image\":{\"@id\":\"https:\/\/newsestlyonnais.fr\/site\/2024\/12\/03\/saint-priest-les-evenements-de-decembre-3\/#primaryimage\"},\"thumbnailUrl\":\"https:\/\/newsestlyonnais.fr\/site\/wp-content\/uploads\/2020\/02\/NEWSESTLYONNAIS-ST-PRIEST01.jpg\",\"keywords\":[\"AGENDA\",\"EVENEMENTS\",\"SAINT PRIEST\"],\"articleSection\":[\"Saint-Priest\"],\"inLanguage\":\"fr-FR\",\"potentialAction\":[{\"@type\":\"CommentAction\",\"name\":\"Comment\",\"target\":[\"https:\/\/newsestlyonnais.fr\/site\/2024\/12\/03\/saint-priest-les-evenements-de-decembre-3\/#respond\"]}]},{\"@type\":\"WebPage\",\"@id\":\"https:\/\/newsestlyonnais.fr\/site\/2024\/12\/03\/saint-priest-les-evenements-de-decembre-3\/\",\"url\":\"https:\/\/newsestlyonnais.fr\/site\/2024\/12\/03\/saint-priest-les-evenements-de-decembre-3\/\",\"name\":\"SAINT-PRIEST | Les \u00e9v\u00e8nements de d\u00e9cembre - News Est Lyonnais\",\"isPartOf\":{\"@id\":\"https:\/\/newsestlyonnais.fr\/site\/#website\"},\"primaryImageOfPage\":{\"@id\":\"https:\/\/newsestlyonnais.fr\/site\/2024\/12\/03\/saint-priest-les-evenements-de-decembre-3\/#primaryimage\"},\"image\":{\"@id\":\"https:\/\/newsestlyonnais.fr\/site\/2024\/12\/03\/saint-priest-les-evenements-de-decembre-3\/#primaryimage\"},\"thumbnailUrl\":\"https:\/\/newsestlyonnais.fr\/site\/wp-content\/uploads\/2020\/02\/NEWSESTLYONNAIS-ST-PRIEST01.jpg\",\"datePublished\":\"2024-12-03T07:42:33+00:00\",\"dateModified\":\"2025-01-09T15:44:49+00:00\",\"description\":\"SAINT-PRIEST | Les \u00e9v\u00e8nements de d\u00e9cembre\",\"breadcrumb\":{\"@id\":\"https:\/\/newsestlyonnais.fr\/site\/2024\/12\/03\/saint-priest-les-evenements-de-decembre-3\/#breadcrumb\"},\"inLanguage\":\"fr-FR\",\"potentialAction\":[{\"@type\":\"ReadAction\",\"target\":[\"https:\/\/newsestlyonnais.fr\/site\/2024\/12\/03\/saint-priest-les-evenements-de-decembre-3\/\"]}]},{\"@type\":\"ImageObject\",\"inLanguage\":\"fr-FR\",\"@id\":\"https:\/\/newsestlyonnais.fr\/site\/2024\/12\/03\/saint-priest-les-evenements-de-decembre-3\/#primaryimage\",\"url\":\"https:\/\/newsestlyonnais.fr\/site\/wp-content\/uploads\/2020\/02\/NEWSESTLYONNAIS-ST-PRIEST01.jpg\",\"contentUrl\":\"https:\/\/newsestlyonnais.fr\/site\/wp-content\/uploads\/2020\/02\/NEWSESTLYONNAIS-ST-PRIEST01.jpg\",\"width\":1200,\"height\":800},{\"@type\":\"BreadcrumbList\",\"@id\":\"https:\/\/newsestlyonnais.fr\/site\/2024\/12\/03\/saint-priest-les-evenements-de-decembre-3\/#breadcrumb\",\"itemListElement\":[{\"@type\":\"ListItem\",\"position\":1,\"name\":\"Accueil\",\"item\":\"https:\/\/newsestlyonnais.fr\/site\/\"},{\"@type\":\"ListItem\",\"position\":2,\"name\":\"SAINT-PRIEST | Les \u00e9v\u00e8nements de d\u00e9cembre\"}]},{\"@type\":\"WebSite\",\"@id\":\"https:\/\/newsestlyonnais.fr\/site\/#website\",\"url\":\"https:\/\/newsestlyonnais.fr\/site\/\",\"name\":\"News Est Lyonnais\",\"description\":\"L&#039;actualit\u00e9 au plus pr\u00e8s\",\"publisher\":{\"@id\":\"https:\/\/newsestlyonnais.fr\/site\/#organization\"},\"potentialAction\":[{\"@type\":\"SearchAction\",\"target\":{\"@type\":\"EntryPoint\",\"urlTemplate\":\"https:\/\/newsestlyonnais.fr\/site\/?s={search_term_string}\"},\"query-input\":{\"@type\":\"PropertyValueSpecification\",\"valueRequired\":true,\"valueName\":\"search_term_string\"}}],\"inLanguage\":\"fr-FR\"},{\"@type\":\"Organization\",\"@id\":\"https:\/\/newsestlyonnais.fr\/site\/#organization\",\"name\":\"News EST LYONNAIS\",\"url\":\"https:\/\/newsestlyonnais.fr\/site\/\",\"logo\":{\"@type\":\"ImageObject\",\"inLanguage\":\"fr-FR\",\"@id\":\"https:\/\/newsestlyonnais.fr\/site\/#\/schema\/logo\/image\/\",\"url\":\"\",\"contentUrl\":\"\",\"caption\":\"News EST LYONNAIS\"},\"image\":{\"@id\":\"https:\/\/newsestlyonnais.fr\/site\/#\/schema\/logo\/image\/\"}},{\"@type\":\"Person\",\"@id\":\"https:\/\/newsestlyonnais.fr\/site\/#\/schema\/person\/3230d5615f390bb808365d673001e887\",\"name\":\"R\u00e9dac. NEWS\",\"sameAs\":[\"http:\/\/www.newsestlyonnais.fr\",\"https:\/\/www.facebook.com\/pascal.oberson.1?fref=ts\",\"https:\/\/fr.linkedin.com\/in\/pascal-oberson-b17045113\"],\"url\":\"https:\/\/newsestlyonnais.fr\/site\/author\/nel\/\"}]}<\/script>\n<!-- \/ Yoast SEO plugin. -->","yoast_head_json":{"title":"SAINT-PRIEST | Les \u00e9v\u00e8nements de d\u00e9cembre - News Est Lyonnais","description":"SAINT-PRIEST | Les \u00e9v\u00e8nements de d\u00e9cembre","robots":{"index":"index","follow":"follow","max-snippet":"max-snippet:-1","max-image-preview":"max-image-preview:large","max-video-preview":"max-video-preview:-1"},"canonical":"https:\/\/newsestlyonnais.fr\/site\/2024\/12\/03\/saint-priest-les-evenements-de-decembre-3\/","og_locale":"fr_FR","og_type":"article","og_title":"SAINT-PRIEST | Les \u00e9v\u00e8nements de d\u00e9cembre - News Est Lyonnais","og_description":"SAINT-PRIEST | Les \u00e9v\u00e8nements de d\u00e9cembre","og_url":"https:\/\/newsestlyonnais.fr\/site\/2024\/12\/03\/saint-priest-les-evenements-de-decembre-3\/","og_site_name":"News Est Lyonnais","article_author":"https:\/\/www.facebook.com\/pascal.oberson.1?fref=ts","article_published_time":"2024-12-03T07:42:33+00:00","article_modified_time":"2025-01-09T15:44:49+00:00","og_image":[{"width":1200,"height":800,"url":"https:\/\/newsestlyonnais.fr\/site\/wp-content\/uploads\/2020\/02\/NEWSESTLYONNAIS-ST-PRIEST01.jpg","type":"image\/jpeg"}],"author":"R\u00e9dac. NEWS","twitter_card":"summary_large_image","twitter_misc":{"\u00c9crit par":"R\u00e9dac. NEWS","Dur\u00e9e de lecture estim\u00e9e":"6 minutes"},"schema":{"@context":"https:\/\/schema.org","@graph":[{"@type":"Article","@id":"https:\/\/newsestlyonnais.fr\/site\/2024\/12\/03\/saint-priest-les-evenements-de-decembre-3\/#article","isPartOf":{"@id":"https:\/\/newsestlyonnais.fr\/site\/2024\/12\/03\/saint-priest-les-evenements-de-decembre-3\/"},"author":{"name":"R\u00e9dac. NEWS","@id":"https:\/\/newsestlyonnais.fr\/site\/#\/schema\/person\/3230d5615f390bb808365d673001e887"},"headline":"SAINT-PRIEST | Les \u00e9v\u00e8nements de d\u00e9cembre","datePublished":"2024-12-03T07:42:33+00:00","dateModified":"2025-01-09T15:44:49+00:00","mainEntityOfPage":{"@id":"https:\/\/newsestlyonnais.fr\/site\/2024\/12\/03\/saint-priest-les-evenements-de-decembre-3\/"},"wordCount":956,"commentCount":0,"publisher":{"@id":"https:\/\/newsestlyonnais.fr\/site\/#organization"},"image":{"@id":"https:\/\/newsestlyonnais.fr\/site\/2024\/12\/03\/saint-priest-les-evenements-de-decembre-3\/#primaryimage"},"thumbnailUrl":"https:\/\/newsestlyonnais.fr\/site\/wp-content\/uploads\/2020\/02\/NEWSESTLYONNAIS-ST-PRIEST01.jpg","keywords":["AGENDA","EVENEMENTS","SAINT PRIEST"],"articleSection":["Saint-Priest"],"inLanguage":"fr-FR","potentialAction":[{"@type":"CommentAction","name":"Comment","target":["https:\/\/newsestlyonnais.fr\/site\/2024\/12\/03\/saint-priest-les-evenements-de-decembre-3\/#respond"]}]},{"@type":"WebPage","@id":"https:\/\/newsestlyonnais.fr\/site\/2024\/12\/03\/saint-priest-les-evenements-de-decembre-3\/","url":"https:\/\/newsestlyonnais.fr\/site\/2024\/12\/03\/saint-priest-les-evenements-de-decembre-3\/","name":"SAINT-PRIEST | Les \u00e9v\u00e8nements de d\u00e9cembre - News Est Lyonnais","isPartOf":{"@id":"https:\/\/newsestlyonnais.fr\/site\/#website"},"primaryImageOfPage":{"@id":"https:\/\/newsestlyonnais.fr\/site\/2024\/12\/03\/saint-priest-les-evenements-de-decembre-3\/#primaryimage"},"image":{"@id":"https:\/\/newsestlyonnais.fr\/site\/2024\/12\/03\/saint-priest-les-evenements-de-decembre-3\/#primaryimage"},"thumbnailUrl":"https:\/\/newsestlyonnais.fr\/site\/wp-content\/uploads\/2020\/02\/NEWSESTLYONNAIS-ST-PRIEST01.jpg","datePublished":"2024-12-03T07:42:33+00:00","dateModified":"2025-01-09T15:44:49+00:00","description":"SAINT-PRIEST | Les \u00e9v\u00e8nements de d\u00e9cembre","breadcrumb":{"@id":"https:\/\/newsestlyonnais.fr\/site\/2024\/12\/03\/saint-priest-les-evenements-de-decembre-3\/#breadcrumb"},"inLanguage":"fr-FR","potentialAction":[{"@type":"ReadAction","target":["https:\/\/newsestlyonnais.fr\/site\/2024\/12\/03\/saint-priest-les-evenements-de-decembre-3\/"]}]},{"@type":"ImageObject","inLanguage":"fr-FR","@id":"https:\/\/newsestlyonnais.fr\/site\/2024\/12\/03\/saint-priest-les-evenements-de-decembre-3\/#primaryimage","url":"https:\/\/newsestlyonnais.fr\/site\/wp-content\/uploads\/2020\/02\/NEWSESTLYONNAIS-ST-PRIEST01.jpg","contentUrl":"https:\/\/newsestlyonnais.fr\/site\/wp-content\/uploads\/2020\/02\/NEWSESTLYONNAIS-ST-PRIEST01.jpg","width":1200,"height":800},{"@type":"BreadcrumbList","@id":"https:\/\/newsestlyonnais.fr\/site\/2024\/12\/03\/saint-priest-les-evenements-de-decembre-3\/#breadcrumb","itemListElement":[{"@type":"ListItem","position":1,"name":"Accueil","item":"https:\/\/newsestlyonnais.fr\/site\/"},{"@type":"ListItem","position":2,"name":"SAINT-PRIEST | Les \u00e9v\u00e8nements de d\u00e9cembre"}]},{"@type":"WebSite","@id":"https:\/\/newsestlyonnais.fr\/site\/#website","url":"https:\/\/newsestlyonnais.fr\/site\/","name":"News Est Lyonnais","description":"L&#039;actualit\u00e9 au plus pr\u00e8s","publisher":{"@id":"https:\/\/newsestlyonnais.fr\/site\/#organization"},"potentialAction":[{"@type":"SearchAction","target":{"@type":"EntryPoint","urlTemplate":"https:\/\/newsestlyonnais.fr\/site\/?s={search_term_string}"},"query-input":{"@type":"PropertyValueSpecification","valueRequired":true,"valueName":"search_term_string"}}],"inLanguage":"fr-FR"},{"@type":"Organization","@id":"https:\/\/newsestlyonnais.fr\/site\/#organization","name":"News EST LYONNAIS","url":"https:\/\/newsestlyonnais.fr\/site\/","logo":{"@type":"ImageObject","inLanguage":"fr-FR","@id":"https:\/\/newsestlyonnais.fr\/site\/#\/schema\/logo\/image\/","url":"","contentUrl":"","caption":"News EST LYONNAIS"},"image":{"@id":"https:\/\/newsestlyonnais.fr\/site\/#\/schema\/logo\/image\/"}},{"@type":"Person","@id":"https:\/\/newsestlyonnais.fr\/site\/#\/schema\/person\/3230d5615f390bb808365d673001e887","name":"R\u00e9dac. NEWS","sameAs":["http:\/\/www.newsestlyonnais.fr","https:\/\/www.facebook.com\/pascal.oberson.1?fref=ts","https:\/\/fr.linkedin.com\/in\/pascal-oberson-b17045113"],"url":"https:\/\/newsestlyonnais.fr\/site\/author\/nel\/"}]}},"_links":{"self":[{"href":"https:\/\/newsestlyonnais.fr\/site\/wp-json\/wp\/v2\/posts\/216227","targetHints":{"allow":["GET"]}}],"collection":[{"href":"https:\/\/newsestlyonnais.fr\/site\/wp-json\/wp\/v2\/posts"}],"about":[{"href":"https:\/\/newsestlyonnais.fr\/site\/wp-json\/wp\/v2\/types\/post"}],"author":[{"embeddable":true,"href":"https:\/\/newsestlyonnais.fr\/site\/wp-json\/wp\/v2\/users\/4"}],"replies":[{"embeddable":true,"href":"https:\/\/newsestlyonnais.fr\/site\/wp-json\/wp\/v2\/comments?post=216227"}],"version-history":[{"count":0,"href":"https:\/\/newsestlyonnais.fr\/site\/wp-json\/wp\/v2\/posts\/216227\/revisions"}],"wp:featuredmedia":[{"embeddable":true,"href":"https:\/\/newsestlyonnais.fr\/site\/wp-json\/wp\/v2\/media\/95577"}],"wp:attachment":[{"href":"https:\/\/newsestlyonnais.fr\/site\/wp-json\/wp\/v2\/media?parent=216227"}],"wp:term":[{"taxonomy":"category","embeddable":true,"href":"https:\/\/newsestlyonnais.fr\/site\/wp-json\/wp\/v2\/categories?post=216227"},{"taxonomy":"post_tag","embeddable":true,"href":"https:\/\/newsestlyonnais.fr\/site\/wp-json\/wp\/v2\/tags?post=216227"}],"curies":[{"name":"wp","href":"https:\/\/api.w.org\/{rel}","templated":true}]}}