{"id":21737,"date":"2017-02-28T14:38:09","date_gmt":"2017-02-28T13:38:09","guid":{"rendered":"http:\/\/newsestlyonnais.fr\/site\/?p=21737"},"modified":"2021-09-17T10:01:06","modified_gmt":"2021-09-17T09:01:06","slug":"lyon-8-1-open-de-france-de-goalball","status":"publish","type":"post","link":"https:\/\/newsestlyonnais.fr\/site\/2017\/02\/28\/lyon-8-1-open-de-france-de-goalball\/","title":{"rendered":"LYON 8 | 1\u00b0 Open de France de Goalball"},"content":{"rendered":"<p>En France le Goalball d\u00e9bute son d\u00e9veloppement. Cette manifestation sera la premi\u00e8re comp\u00e9tition nationale organis\u00e9e sur le territoire fran\u00e7ais, les meilleurs fran\u00e7ais et fran\u00e7aises titulaires des \u00e9quipes de France seront pr\u00e9sents.<\/p>\n<p>Deux tournois sont propos\u00e9s :<br \/>\n&#8211; Un open hommes avec les \u00e9quipes de Lyon, Marseille, Paris, et Toulouse<br \/>\n&#8211; Un open femmes avec les \u00e9quipes de Besan\u00e7on, D\u00e9cines, Paris Toulouse.<\/p>\n<p>La F\u00e9d\u00e9ration Fran\u00e7aise Handisport a confi\u00e9 l&rsquo;organisation de cette 1\u00b0 \u00e9dition \u00e0 la Ligue Rh\u00f4ne Alpes Handisport sur le secteur Lyonnais au regard de la situation g\u00e9ographique mais surtout au regard de son expertise en terme d&rsquo;organisation de manifestations sportives (Championnat du monde d\u2019athl\u00e9tisme, coupe du monde de ski \u2026)<br \/>\nL&rsquo;enjeu est important, puisque cet \u00e9v\u00e9nement a pour objectif de f\u00e9d\u00e9rer et d\u00e9velopper cette discipline sportive en France. En effet la France doit pourvoir \u00eatre pr\u00e9sente et comp\u00e9titive sur la sc\u00e8ne internationale pour les prochaines \u00e9ch\u00e9ances europ\u00e9ennes, mondiales et peut-\u00eatre paralympiques \u00e0 Tokyo en 2020.<br \/>\nL\u2019\u00e9quipe de France f\u00e9minine dont toutes les athl\u00e8tes seront pr\u00e9sentes \u00e0 Lyon le 4 mars est depuis peu grandi de sa premi\u00e8re exp\u00e9rience internationale importante : 7\u00b0 place au championnat d\u2019Europe B qui s\u2019est tenu au Portugal du 4 au 8 octobre 2016.<\/p>\n<p>Pour le Goaball Fran\u00e7ais, la \u00ab ligne de mire \u00bb reste le d\u00e9veloppement d\u2019\u00e9quipes nationales performantes pour les Jeux paralympiques de 2024, \u00e0 Paris, nous l&rsquo;esp\u00e9rons !<\/p>\n<h4><span style=\"text-decoration: underline;\">NOTA<\/span>: Le Goalball est un sport collectif paralympique pratiqu\u00e9 par les d\u00e9ficients visuels. Pour plus d&rsquo;\u00e9quit\u00e9, l&rsquo;ensemble des participants est en situation d&rsquo;aveugle.<\/h4>\n<hr \/>\n<ul>\n<li><strong>Samedi 4 Mars 2017 (9 h 30\/16 h 30) : Gymnase Lyc\u00e9e Lumi\u00e8re : 50 boulevard des Etats Unis &#8211; Lyon 8\u00b0<\/strong><\/li>\n<\/ul>\n<p>Plus d&rsquo;infos sur: <a href=\"http:\/\/www.handisport-rhonealpes.org\/news\/open-de-france-goalball\/392\/\" target=\"_blank\" rel=\"noopener noreferrer\">http:\/\/www.handisport-rhonealpes.org\/news\/open-de-france-goalball\/392\/<\/a><\/p>\n<hr \/>\n<hr \/>\n<p>&nbsp;<\/p>\n","protected":false},"excerpt":{"rendered":"<p>La Ligue Rh\u00f4ne-Alpes Handisport organise samedi, au gymnase du Lyc\u00e9e Lumi\u00e8re, le premier Open de France de Goalball.<\/p>\n","protected":false},"author":4,"featured_media":21736,"comment_status":"open","ping_status":"open","sticky":false,"template":"","format":"standard","meta":{"footnotes":""},"categories":[574,166,3015,1625],"tags":[],"class_list":["post-21737","post","type-post","status-publish","format-standard","has-post-thumbnail","hentry","category-autres-sports","category-divers-sports","category-handi-adapte","category-lyon"],"yoast_head":"<!-- This site is optimized with the Yoast SEO plugin v27.2 - https:\/\/yoast.com\/product\/yoast-seo-wordpress\/ -->\n<title>LYON 8 | 1\u00b0 Open de France de Goalball - News Est Lyonnais<\/title>\n<meta name=\"robots\" content=\"index, follow, max-snippet:-1, max-image-preview:large, max-video-preview:-1\" \/>\n<link rel=\"canonical\" href=\"https:\/\/newsestlyonnais.fr\/site\/2017\/02\/28\/lyon-8-1-open-de-france-de-goalball\/\" \/>\n<meta property=\"og:locale\" content=\"fr_FR\" \/>\n<meta property=\"og:type\" content=\"article\" \/>\n<meta property=\"og:title\" content=\"LYON 8 | 1\u00b0 Open de France de Goalball - News Est Lyonnais\" \/>\n<meta property=\"og:description\" content=\"La Ligue Rh\u00f4ne-Alpes Handisport organise samedi, au gymnase du Lyc\u00e9e Lumi\u00e8re, le premier Open de France de Goalball.\" \/>\n<meta property=\"og:url\" content=\"https:\/\/newsestlyonnais.fr\/site\/2017\/02\/28\/lyon-8-1-open-de-france-de-goalball\/\" \/>\n<meta property=\"og:site_name\" content=\"News Est Lyonnais\" \/>\n<meta property=\"article:author\" content=\"https:\/\/www.facebook.com\/pascal.oberson.1?fref=ts\" \/>\n<meta property=\"article:published_time\" content=\"2017-02-28T13:38:09+00:00\" \/>\n<meta property=\"article:modified_time\" content=\"2021-09-17T09:01:06+00:00\" \/>\n<meta property=\"og:image\" content=\"https:\/\/i2.wp.com\/newsestlyonnais.fr\/site\/wp-content\/uploads\/2017\/02\/NEWSESTLYONNAIS-Goalball.jpeg?fit=1000%2C750&ssl=1\" \/>\n\t<meta property=\"og:image:width\" content=\"1000\" \/>\n\t<meta property=\"og:image:height\" content=\"750\" \/>\n\t<meta property=\"og:image:type\" content=\"image\/jpeg\" \/>\n<meta name=\"author\" content=\"R\u00e9dac. NEWS\" \/>\n<meta name=\"twitter:card\" content=\"summary_large_image\" \/>\n<meta name=\"twitter:label1\" content=\"\u00c9crit par\" \/>\n\t<meta name=\"twitter:data1\" content=\"R\u00e9dac. NEWS\" \/>\n\t<meta name=\"twitter:label2\" content=\"Dur\u00e9e de lecture estim\u00e9e\" \/>\n\t<meta name=\"twitter:data2\" content=\"2 minutes\" \/>\n<script type=\"application\/ld+json\" class=\"yoast-schema-graph\">{\"@context\":\"https:\/\/schema.org\",\"@graph\":[{\"@type\":\"Article\",\"@id\":\"https:\/\/newsestlyonnais.fr\/site\/2017\/02\/28\/lyon-8-1-open-de-france-de-goalball\/#article\",\"isPartOf\":{\"@id\":\"https:\/\/newsestlyonnais.fr\/site\/2017\/02\/28\/lyon-8-1-open-de-france-de-goalball\/\"},\"author\":{\"name\":\"R\u00e9dac. NEWS\",\"@id\":\"https:\/\/newsestlyonnais.fr\/site\/#\/schema\/person\/3230d5615f390bb808365d673001e887\"},\"headline\":\"LYON 8 | 1\u00b0 Open de France de Goalball\",\"datePublished\":\"2017-02-28T13:38:09+00:00\",\"dateModified\":\"2021-09-17T09:01:06+00:00\",\"mainEntityOfPage\":{\"@id\":\"https:\/\/newsestlyonnais.fr\/site\/2017\/02\/28\/lyon-8-1-open-de-france-de-goalball\/\"},\"wordCount\":312,\"commentCount\":0,\"publisher\":{\"@id\":\"https:\/\/newsestlyonnais.fr\/site\/#organization\"},\"image\":{\"@id\":\"https:\/\/newsestlyonnais.fr\/site\/2017\/02\/28\/lyon-8-1-open-de-france-de-goalball\/#primaryimage\"},\"thumbnailUrl\":\"https:\/\/newsestlyonnais.fr\/site\/wp-content\/uploads\/2017\/02\/NEWSESTLYONNAIS-Goalball.jpeg\",\"articleSection\":[\"Autres sports\",\"Divers Sports\",\"Handi &amp; adapt\u00e9\",\"Lyon\"],\"inLanguage\":\"fr-FR\",\"potentialAction\":[{\"@type\":\"CommentAction\",\"name\":\"Comment\",\"target\":[\"https:\/\/newsestlyonnais.fr\/site\/2017\/02\/28\/lyon-8-1-open-de-france-de-goalball\/#respond\"]}]},{\"@type\":\"WebPage\",\"@id\":\"https:\/\/newsestlyonnais.fr\/site\/2017\/02\/28\/lyon-8-1-open-de-france-de-goalball\/\",\"url\":\"https:\/\/newsestlyonnais.fr\/site\/2017\/02\/28\/lyon-8-1-open-de-france-de-goalball\/\",\"name\":\"LYON 8 | 1\u00b0 Open de France de Goalball - News Est Lyonnais\",\"isPartOf\":{\"@id\":\"https:\/\/newsestlyonnais.fr\/site\/#website\"},\"primaryImageOfPage\":{\"@id\":\"https:\/\/newsestlyonnais.fr\/site\/2017\/02\/28\/lyon-8-1-open-de-france-de-goalball\/#primaryimage\"},\"image\":{\"@id\":\"https:\/\/newsestlyonnais.fr\/site\/2017\/02\/28\/lyon-8-1-open-de-france-de-goalball\/#primaryimage\"},\"thumbnailUrl\":\"https:\/\/newsestlyonnais.fr\/site\/wp-content\/uploads\/2017\/02\/NEWSESTLYONNAIS-Goalball.jpeg\",\"datePublished\":\"2017-02-28T13:38:09+00:00\",\"dateModified\":\"2021-09-17T09:01:06+00:00\",\"breadcrumb\":{\"@id\":\"https:\/\/newsestlyonnais.fr\/site\/2017\/02\/28\/lyon-8-1-open-de-france-de-goalball\/#breadcrumb\"},\"inLanguage\":\"fr-FR\",\"potentialAction\":[{\"@type\":\"ReadAction\",\"target\":[\"https:\/\/newsestlyonnais.fr\/site\/2017\/02\/28\/lyon-8-1-open-de-france-de-goalball\/\"]}]},{\"@type\":\"ImageObject\",\"inLanguage\":\"fr-FR\",\"@id\":\"https:\/\/newsestlyonnais.fr\/site\/2017\/02\/28\/lyon-8-1-open-de-france-de-goalball\/#primaryimage\",\"url\":\"https:\/\/newsestlyonnais.fr\/site\/wp-content\/uploads\/2017\/02\/NEWSESTLYONNAIS-Goalball.jpeg\",\"contentUrl\":\"https:\/\/newsestlyonnais.fr\/site\/wp-content\/uploads\/2017\/02\/NEWSESTLYONNAIS-Goalball.jpeg\",\"width\":1000,\"height\":750,\"caption\":\"NEWSESTLYONNAIS - Goalball\"},{\"@type\":\"BreadcrumbList\",\"@id\":\"https:\/\/newsestlyonnais.fr\/site\/2017\/02\/28\/lyon-8-1-open-de-france-de-goalball\/#breadcrumb\",\"itemListElement\":[{\"@type\":\"ListItem\",\"position\":1,\"name\":\"Accueil\",\"item\":\"https:\/\/newsestlyonnais.fr\/site\/\"},{\"@type\":\"ListItem\",\"position\":2,\"name\":\"LYON 8 | 1\u00b0 Open de France de Goalball\"}]},{\"@type\":\"WebSite\",\"@id\":\"https:\/\/newsestlyonnais.fr\/site\/#website\",\"url\":\"https:\/\/newsestlyonnais.fr\/site\/\",\"name\":\"News Est Lyonnais\",\"description\":\"L&#039;actualit\u00e9 au plus pr\u00e8s\",\"publisher\":{\"@id\":\"https:\/\/newsestlyonnais.fr\/site\/#organization\"},\"potentialAction\":[{\"@type\":\"SearchAction\",\"target\":{\"@type\":\"EntryPoint\",\"urlTemplate\":\"https:\/\/newsestlyonnais.fr\/site\/?s={search_term_string}\"},\"query-input\":{\"@type\":\"PropertyValueSpecification\",\"valueRequired\":true,\"valueName\":\"search_term_string\"}}],\"inLanguage\":\"fr-FR\"},{\"@type\":\"Organization\",\"@id\":\"https:\/\/newsestlyonnais.fr\/site\/#organization\",\"name\":\"News EST LYONNAIS\",\"url\":\"https:\/\/newsestlyonnais.fr\/site\/\",\"logo\":{\"@type\":\"ImageObject\",\"inLanguage\":\"fr-FR\",\"@id\":\"https:\/\/newsestlyonnais.fr\/site\/#\/schema\/logo\/image\/\",\"url\":\"\",\"contentUrl\":\"\",\"caption\":\"News EST LYONNAIS\"},\"image\":{\"@id\":\"https:\/\/newsestlyonnais.fr\/site\/#\/schema\/logo\/image\/\"}},{\"@type\":\"Person\",\"@id\":\"https:\/\/newsestlyonnais.fr\/site\/#\/schema\/person\/3230d5615f390bb808365d673001e887\",\"name\":\"R\u00e9dac. NEWS\",\"sameAs\":[\"http:\/\/www.newsestlyonnais.fr\",\"https:\/\/www.facebook.com\/pascal.oberson.1?fref=ts\",\"https:\/\/fr.linkedin.com\/in\/pascal-oberson-b17045113\"],\"url\":\"https:\/\/newsestlyonnais.fr\/site\/author\/nel\/\"}]}<\/script>\n<!-- \/ Yoast SEO plugin. -->","yoast_head_json":{"title":"LYON 8 | 1\u00b0 Open de France de Goalball - News Est Lyonnais","robots":{"index":"index","follow":"follow","max-snippet":"max-snippet:-1","max-image-preview":"max-image-preview:large","max-video-preview":"max-video-preview:-1"},"canonical":"https:\/\/newsestlyonnais.fr\/site\/2017\/02\/28\/lyon-8-1-open-de-france-de-goalball\/","og_locale":"fr_FR","og_type":"article","og_title":"LYON 8 | 1\u00b0 Open de France de Goalball - News Est Lyonnais","og_description":"La Ligue Rh\u00f4ne-Alpes Handisport organise samedi, au gymnase du Lyc\u00e9e Lumi\u00e8re, le premier Open de France de Goalball.","og_url":"https:\/\/newsestlyonnais.fr\/site\/2017\/02\/28\/lyon-8-1-open-de-france-de-goalball\/","og_site_name":"News Est Lyonnais","article_author":"https:\/\/www.facebook.com\/pascal.oberson.1?fref=ts","article_published_time":"2017-02-28T13:38:09+00:00","article_modified_time":"2021-09-17T09:01:06+00:00","og_image":[{"width":1000,"height":750,"url":"https:\/\/i2.wp.com\/newsestlyonnais.fr\/site\/wp-content\/uploads\/2017\/02\/NEWSESTLYONNAIS-Goalball.jpeg?fit=1000%2C750&ssl=1","type":"image\/jpeg"}],"author":"R\u00e9dac. NEWS","twitter_card":"summary_large_image","twitter_misc":{"\u00c9crit par":"R\u00e9dac. NEWS","Dur\u00e9e de lecture estim\u00e9e":"2 minutes"},"schema":{"@context":"https:\/\/schema.org","@graph":[{"@type":"Article","@id":"https:\/\/newsestlyonnais.fr\/site\/2017\/02\/28\/lyon-8-1-open-de-france-de-goalball\/#article","isPartOf":{"@id":"https:\/\/newsestlyonnais.fr\/site\/2017\/02\/28\/lyon-8-1-open-de-france-de-goalball\/"},"author":{"name":"R\u00e9dac. NEWS","@id":"https:\/\/newsestlyonnais.fr\/site\/#\/schema\/person\/3230d5615f390bb808365d673001e887"},"headline":"LYON 8 | 1\u00b0 Open de France de Goalball","datePublished":"2017-02-28T13:38:09+00:00","dateModified":"2021-09-17T09:01:06+00:00","mainEntityOfPage":{"@id":"https:\/\/newsestlyonnais.fr\/site\/2017\/02\/28\/lyon-8-1-open-de-france-de-goalball\/"},"wordCount":312,"commentCount":0,"publisher":{"@id":"https:\/\/newsestlyonnais.fr\/site\/#organization"},"image":{"@id":"https:\/\/newsestlyonnais.fr\/site\/2017\/02\/28\/lyon-8-1-open-de-france-de-goalball\/#primaryimage"},"thumbnailUrl":"https:\/\/newsestlyonnais.fr\/site\/wp-content\/uploads\/2017\/02\/NEWSESTLYONNAIS-Goalball.jpeg","articleSection":["Autres sports","Divers Sports","Handi &amp; adapt\u00e9","Lyon"],"inLanguage":"fr-FR","potentialAction":[{"@type":"CommentAction","name":"Comment","target":["https:\/\/newsestlyonnais.fr\/site\/2017\/02\/28\/lyon-8-1-open-de-france-de-goalball\/#respond"]}]},{"@type":"WebPage","@id":"https:\/\/newsestlyonnais.fr\/site\/2017\/02\/28\/lyon-8-1-open-de-france-de-goalball\/","url":"https:\/\/newsestlyonnais.fr\/site\/2017\/02\/28\/lyon-8-1-open-de-france-de-goalball\/","name":"LYON 8 | 1\u00b0 Open de France de Goalball - News Est Lyonnais","isPartOf":{"@id":"https:\/\/newsestlyonnais.fr\/site\/#website"},"primaryImageOfPage":{"@id":"https:\/\/newsestlyonnais.fr\/site\/2017\/02\/28\/lyon-8-1-open-de-france-de-goalball\/#primaryimage"},"image":{"@id":"https:\/\/newsestlyonnais.fr\/site\/2017\/02\/28\/lyon-8-1-open-de-france-de-goalball\/#primaryimage"},"thumbnailUrl":"https:\/\/newsestlyonnais.fr\/site\/wp-content\/uploads\/2017\/02\/NEWSESTLYONNAIS-Goalball.jpeg","datePublished":"2017-02-28T13:38:09+00:00","dateModified":"2021-09-17T09:01:06+00:00","breadcrumb":{"@id":"https:\/\/newsestlyonnais.fr\/site\/2017\/02\/28\/lyon-8-1-open-de-france-de-goalball\/#breadcrumb"},"inLanguage":"fr-FR","potentialAction":[{"@type":"ReadAction","target":["https:\/\/newsestlyonnais.fr\/site\/2017\/02\/28\/lyon-8-1-open-de-france-de-goalball\/"]}]},{"@type":"ImageObject","inLanguage":"fr-FR","@id":"https:\/\/newsestlyonnais.fr\/site\/2017\/02\/28\/lyon-8-1-open-de-france-de-goalball\/#primaryimage","url":"https:\/\/newsestlyonnais.fr\/site\/wp-content\/uploads\/2017\/02\/NEWSESTLYONNAIS-Goalball.jpeg","contentUrl":"https:\/\/newsestlyonnais.fr\/site\/wp-content\/uploads\/2017\/02\/NEWSESTLYONNAIS-Goalball.jpeg","width":1000,"height":750,"caption":"NEWSESTLYONNAIS - Goalball"},{"@type":"BreadcrumbList","@id":"https:\/\/newsestlyonnais.fr\/site\/2017\/02\/28\/lyon-8-1-open-de-france-de-goalball\/#breadcrumb","itemListElement":[{"@type":"ListItem","position":1,"name":"Accueil","item":"https:\/\/newsestlyonnais.fr\/site\/"},{"@type":"ListItem","position":2,"name":"LYON 8 | 1\u00b0 Open de France de Goalball"}]},{"@type":"WebSite","@id":"https:\/\/newsestlyonnais.fr\/site\/#website","url":"https:\/\/newsestlyonnais.fr\/site\/","name":"News Est Lyonnais","description":"L&#039;actualit\u00e9 au plus pr\u00e8s","publisher":{"@id":"https:\/\/newsestlyonnais.fr\/site\/#organization"},"potentialAction":[{"@type":"SearchAction","target":{"@type":"EntryPoint","urlTemplate":"https:\/\/newsestlyonnais.fr\/site\/?s={search_term_string}"},"query-input":{"@type":"PropertyValueSpecification","valueRequired":true,"valueName":"search_term_string"}}],"inLanguage":"fr-FR"},{"@type":"Organization","@id":"https:\/\/newsestlyonnais.fr\/site\/#organization","name":"News EST LYONNAIS","url":"https:\/\/newsestlyonnais.fr\/site\/","logo":{"@type":"ImageObject","inLanguage":"fr-FR","@id":"https:\/\/newsestlyonnais.fr\/site\/#\/schema\/logo\/image\/","url":"","contentUrl":"","caption":"News EST LYONNAIS"},"image":{"@id":"https:\/\/newsestlyonnais.fr\/site\/#\/schema\/logo\/image\/"}},{"@type":"Person","@id":"https:\/\/newsestlyonnais.fr\/site\/#\/schema\/person\/3230d5615f390bb808365d673001e887","name":"R\u00e9dac. NEWS","sameAs":["http:\/\/www.newsestlyonnais.fr","https:\/\/www.facebook.com\/pascal.oberson.1?fref=ts","https:\/\/fr.linkedin.com\/in\/pascal-oberson-b17045113"],"url":"https:\/\/newsestlyonnais.fr\/site\/author\/nel\/"}]}},"_links":{"self":[{"href":"https:\/\/newsestlyonnais.fr\/site\/wp-json\/wp\/v2\/posts\/21737","targetHints":{"allow":["GET"]}}],"collection":[{"href":"https:\/\/newsestlyonnais.fr\/site\/wp-json\/wp\/v2\/posts"}],"about":[{"href":"https:\/\/newsestlyonnais.fr\/site\/wp-json\/wp\/v2\/types\/post"}],"author":[{"embeddable":true,"href":"https:\/\/newsestlyonnais.fr\/site\/wp-json\/wp\/v2\/users\/4"}],"replies":[{"embeddable":true,"href":"https:\/\/newsestlyonnais.fr\/site\/wp-json\/wp\/v2\/comments?post=21737"}],"version-history":[{"count":0,"href":"https:\/\/newsestlyonnais.fr\/site\/wp-json\/wp\/v2\/posts\/21737\/revisions"}],"wp:featuredmedia":[{"embeddable":true,"href":"https:\/\/newsestlyonnais.fr\/site\/wp-json\/wp\/v2\/media\/21736"}],"wp:attachment":[{"href":"https:\/\/newsestlyonnais.fr\/site\/wp-json\/wp\/v2\/media?parent=21737"}],"wp:term":[{"taxonomy":"category","embeddable":true,"href":"https:\/\/newsestlyonnais.fr\/site\/wp-json\/wp\/v2\/categories?post=21737"},{"taxonomy":"post_tag","embeddable":true,"href":"https:\/\/newsestlyonnais.fr\/site\/wp-json\/wp\/v2\/tags?post=21737"}],"curies":[{"name":"wp","href":"https:\/\/api.w.org\/{rel}","templated":true}]}}