{"id":21827,"date":"2017-03-01T16:16:58","date_gmt":"2017-03-01T15:16:58","guid":{"rendered":"http:\/\/newsestlyonnais.fr\/site\/?p=21827"},"modified":"2020-11-20T13:23:46","modified_gmt":"2020-11-20T12:23:46","slug":"vaulx-en-velin-11","status":"publish","type":"post","link":"https:\/\/newsestlyonnais.fr\/site\/2017\/03\/01\/vaulx-en-velin-11\/","title":{"rendered":"VAULX-EN-VELIN | Une nouvelle saison d\u00e9bute pour le Club Nautique"},"content":{"rendered":"<h4>Cette premi\u00e8re journ\u00e9e permettra de remettre les installations en route, nettoyer les d\u00e9riveurs, l\u2019int\u00e9rieur de la base , faire le point sur l\u2019accastillage manquant et remettre \u00e0 l\u2019eau les bateaux si la grue du SAL est disponible.<\/h4>\n<p>\u00ab\u00a0L\u2019hiver ayant \u00e9t\u00e9 assez rude par rapport \u00e0 l\u2019ann\u00e9e derni\u00e8re il y a tr\u00e8s peu de choses \u00e0 faire en ce qui concerne les abords. Apr\u00e8s le repas de midi pris en commun, nous ferons une petite r\u00e9union pour d\u00e9finir le programme de cette nouvelle saison et Eug\u00e8ne pr\u00e9sentera les comptes d\u00e9finitifs de 2016. Nous pourrons \u00e9galement pr\u00e9parer aussi la premi\u00e8re r\u00e9gate de la saison et Philippe sera \u00e0 disposition pour les inscriptions\u00a0\u00bb confie Pierre Bertocchi, pr\u00e9sident du C.N.V.V.<\/p>\n<ul>\n<li>Pour tout renseignement: secretaire@cnvv.fr<\/li>\n<\/ul>\n<p><span style=\"text-decoration: underline\"><strong>Les r\u00e9gates \u00e0 venir et organis\u00e9es par le C.N.V.V<\/strong><\/span>. :<\/p>\n<ul>\n<li><strong>12 mars 2017<\/strong> : Voile radio command\u00e9e : s\u00e9lective de ligue classe M (Marblehead)et IOM (International One Meter )<\/li>\n<li><strong>26 mars 2017<\/strong>: Voile radio command\u00e9e : Coupe de la Soie classe MicroMagic<\/li>\n<li><strong>1 et 2 avril 2017<\/strong>: Voiliers habitables : Challenge Denis Naudin<\/li>\n<\/ul>\n<h4>Retrouvez toute l&rsquo;ACTU du C.N.V.V. sur: <a href=\"http:\/\/www.cnvv.fr\" target=\"_blank\" rel=\"noopener noreferrer\">http:\/\/www.cnvv.fr<\/a><\/h4>\n","protected":false},"excerpt":{"rendered":"<p>Cette premi\u00e8re journ\u00e9e permettra de remettre les installations en route, nettoyer les d\u00e9riveurs, l\u2019int\u00e9rieur de la base , faire le point sur l\u2019accastillage manquant et remettre \u00e0 l\u2019eau les bateaux si la grue du SAL est disponible. \u00ab\u00a0L\u2019hiver ayant \u00e9t\u00e9 assez rude par rapport \u00e0 l\u2019ann\u00e9e derni\u00e8re il y a tr\u00e8s peu de choses \u00e0 [&hellip;]<\/p>\n","protected":false},"author":4,"featured_media":21829,"comment_status":"open","ping_status":"open","sticky":false,"template":"","format":"standard","meta":{"footnotes":""},"categories":[3443,2973,3003,2,28,1349],"tags":[],"class_list":["post-21827","post","type-post","status-publish","format-standard","has-post-thumbnail","hentry","category-aviation-nautisme","category-aviron-kayak-voile-sports","category-bibliotheque-mediatheque-mjc","category-sports","category-vaulx-en-velin","category-voile"],"yoast_head":"<!-- This site is optimized with the Yoast SEO plugin v27.2 - https:\/\/yoast.com\/product\/yoast-seo-wordpress\/ -->\n<title>VAULX EN VELIN : Une nouvelle saison d\u00e9bute d\u00e8s samedi pour le Club Nautique<\/title>\n<meta name=\"description\" content=\"VAULX EN VELIN : Une nouvelle saison d\u00e9bute d\u00e8s samedi pour le Club Nautique\" \/>\n<meta name=\"robots\" content=\"index, follow, max-snippet:-1, max-image-preview:large, max-video-preview:-1\" \/>\n<link rel=\"canonical\" href=\"https:\/\/newsestlyonnais.fr\/site\/2017\/03\/01\/vaulx-en-velin-11\/\" \/>\n<meta property=\"og:locale\" content=\"fr_FR\" \/>\n<meta property=\"og:type\" content=\"article\" \/>\n<meta property=\"og:title\" content=\"VAULX EN VELIN : Une nouvelle saison d\u00e9bute d\u00e8s samedi pour le Club Nautique\" \/>\n<meta property=\"og:description\" content=\"VAULX EN VELIN : Une nouvelle saison d\u00e9bute d\u00e8s samedi pour le Club Nautique\" \/>\n<meta property=\"og:url\" content=\"https:\/\/newsestlyonnais.fr\/site\/2017\/03\/01\/vaulx-en-velin-11\/\" \/>\n<meta property=\"og:site_name\" content=\"News Est Lyonnais\" \/>\n<meta property=\"article:author\" content=\"https:\/\/www.facebook.com\/pascal.oberson.1?fref=ts\" \/>\n<meta property=\"article:published_time\" content=\"2017-03-01T15:16:58+00:00\" \/>\n<meta property=\"article:modified_time\" content=\"2020-11-20T12:23:46+00:00\" \/>\n<meta property=\"og:image\" content=\"https:\/\/i1.wp.com\/newsestlyonnais.fr\/site\/wp-content\/uploads\/2017\/03\/NEWSESTLYONNAIS-VOILE-MJC-CNVV.jpg?fit=1000%2C750&ssl=1\" \/>\n\t<meta property=\"og:image:width\" content=\"1000\" \/>\n\t<meta property=\"og:image:height\" content=\"750\" \/>\n\t<meta property=\"og:image:type\" content=\"image\/jpeg\" \/>\n<meta name=\"author\" content=\"R\u00e9dac. NEWS\" \/>\n<meta name=\"twitter:card\" content=\"summary_large_image\" \/>\n<meta name=\"twitter:label1\" content=\"\u00c9crit par\" \/>\n\t<meta name=\"twitter:data1\" content=\"R\u00e9dac. NEWS\" \/>\n\t<meta name=\"twitter:label2\" content=\"Dur\u00e9e de lecture estim\u00e9e\" \/>\n\t<meta name=\"twitter:data2\" content=\"1 minute\" \/>\n<script type=\"application\/ld+json\" class=\"yoast-schema-graph\">{\"@context\":\"https:\/\/schema.org\",\"@graph\":[{\"@type\":\"Article\",\"@id\":\"https:\/\/newsestlyonnais.fr\/site\/2017\/03\/01\/vaulx-en-velin-11\/#article\",\"isPartOf\":{\"@id\":\"https:\/\/newsestlyonnais.fr\/site\/2017\/03\/01\/vaulx-en-velin-11\/\"},\"author\":{\"name\":\"R\u00e9dac. NEWS\",\"@id\":\"https:\/\/newsestlyonnais.fr\/site\/#\/schema\/person\/3230d5615f390bb808365d673001e887\"},\"headline\":\"VAULX-EN-VELIN | Une nouvelle saison d\u00e9bute pour le Club Nautique\",\"datePublished\":\"2017-03-01T15:16:58+00:00\",\"dateModified\":\"2020-11-20T12:23:46+00:00\",\"mainEntityOfPage\":{\"@id\":\"https:\/\/newsestlyonnais.fr\/site\/2017\/03\/01\/vaulx-en-velin-11\/\"},\"wordCount\":213,\"commentCount\":0,\"publisher\":{\"@id\":\"https:\/\/newsestlyonnais.fr\/site\/#organization\"},\"image\":{\"@id\":\"https:\/\/newsestlyonnais.fr\/site\/2017\/03\/01\/vaulx-en-velin-11\/#primaryimage\"},\"thumbnailUrl\":\"https:\/\/newsestlyonnais.fr\/site\/wp-content\/uploads\/2017\/03\/NEWSESTLYONNAIS-VOILE-MJC-CNVV.jpg\",\"articleSection\":[\"Aviation | Nautisme\",\"Aviron | Kayak | Voile\",\"Biblioth\u00e8que | M\u00e9diath\u00e8que | MJC\",\"Sports\",\"Vaulx-en-Velin\",\"Voile\"],\"inLanguage\":\"fr-FR\",\"potentialAction\":[{\"@type\":\"CommentAction\",\"name\":\"Comment\",\"target\":[\"https:\/\/newsestlyonnais.fr\/site\/2017\/03\/01\/vaulx-en-velin-11\/#respond\"]}]},{\"@type\":\"WebPage\",\"@id\":\"https:\/\/newsestlyonnais.fr\/site\/2017\/03\/01\/vaulx-en-velin-11\/\",\"url\":\"https:\/\/newsestlyonnais.fr\/site\/2017\/03\/01\/vaulx-en-velin-11\/\",\"name\":\"VAULX EN VELIN : Une nouvelle saison d\u00e9bute d\u00e8s samedi pour le Club Nautique\",\"isPartOf\":{\"@id\":\"https:\/\/newsestlyonnais.fr\/site\/#website\"},\"primaryImageOfPage\":{\"@id\":\"https:\/\/newsestlyonnais.fr\/site\/2017\/03\/01\/vaulx-en-velin-11\/#primaryimage\"},\"image\":{\"@id\":\"https:\/\/newsestlyonnais.fr\/site\/2017\/03\/01\/vaulx-en-velin-11\/#primaryimage\"},\"thumbnailUrl\":\"https:\/\/newsestlyonnais.fr\/site\/wp-content\/uploads\/2017\/03\/NEWSESTLYONNAIS-VOILE-MJC-CNVV.jpg\",\"datePublished\":\"2017-03-01T15:16:58+00:00\",\"dateModified\":\"2020-11-20T12:23:46+00:00\",\"description\":\"VAULX EN VELIN : Une nouvelle saison d\u00e9bute d\u00e8s samedi pour le Club Nautique\",\"breadcrumb\":{\"@id\":\"https:\/\/newsestlyonnais.fr\/site\/2017\/03\/01\/vaulx-en-velin-11\/#breadcrumb\"},\"inLanguage\":\"fr-FR\",\"potentialAction\":[{\"@type\":\"ReadAction\",\"target\":[\"https:\/\/newsestlyonnais.fr\/site\/2017\/03\/01\/vaulx-en-velin-11\/\"]}]},{\"@type\":\"ImageObject\",\"inLanguage\":\"fr-FR\",\"@id\":\"https:\/\/newsestlyonnais.fr\/site\/2017\/03\/01\/vaulx-en-velin-11\/#primaryimage\",\"url\":\"https:\/\/newsestlyonnais.fr\/site\/wp-content\/uploads\/2017\/03\/NEWSESTLYONNAIS-VOILE-MJC-CNVV.jpg\",\"contentUrl\":\"https:\/\/newsestlyonnais.fr\/site\/wp-content\/uploads\/2017\/03\/NEWSESTLYONNAIS-VOILE-MJC-CNVV.jpg\",\"width\":1000,\"height\":750,\"caption\":\"NEWSESTLYONNAIS - VOILE MJC CNVV\"},{\"@type\":\"BreadcrumbList\",\"@id\":\"https:\/\/newsestlyonnais.fr\/site\/2017\/03\/01\/vaulx-en-velin-11\/#breadcrumb\",\"itemListElement\":[{\"@type\":\"ListItem\",\"position\":1,\"name\":\"Accueil\",\"item\":\"https:\/\/newsestlyonnais.fr\/site\/\"},{\"@type\":\"ListItem\",\"position\":2,\"name\":\"VAULX-EN-VELIN | Une nouvelle saison d\u00e9bute pour le Club Nautique\"}]},{\"@type\":\"WebSite\",\"@id\":\"https:\/\/newsestlyonnais.fr\/site\/#website\",\"url\":\"https:\/\/newsestlyonnais.fr\/site\/\",\"name\":\"News Est Lyonnais\",\"description\":\"L&#039;actualit\u00e9 au plus pr\u00e8s\",\"publisher\":{\"@id\":\"https:\/\/newsestlyonnais.fr\/site\/#organization\"},\"potentialAction\":[{\"@type\":\"SearchAction\",\"target\":{\"@type\":\"EntryPoint\",\"urlTemplate\":\"https:\/\/newsestlyonnais.fr\/site\/?s={search_term_string}\"},\"query-input\":{\"@type\":\"PropertyValueSpecification\",\"valueRequired\":true,\"valueName\":\"search_term_string\"}}],\"inLanguage\":\"fr-FR\"},{\"@type\":\"Organization\",\"@id\":\"https:\/\/newsestlyonnais.fr\/site\/#organization\",\"name\":\"News EST LYONNAIS\",\"url\":\"https:\/\/newsestlyonnais.fr\/site\/\",\"logo\":{\"@type\":\"ImageObject\",\"inLanguage\":\"fr-FR\",\"@id\":\"https:\/\/newsestlyonnais.fr\/site\/#\/schema\/logo\/image\/\",\"url\":\"\",\"contentUrl\":\"\",\"caption\":\"News EST LYONNAIS\"},\"image\":{\"@id\":\"https:\/\/newsestlyonnais.fr\/site\/#\/schema\/logo\/image\/\"}},{\"@type\":\"Person\",\"@id\":\"https:\/\/newsestlyonnais.fr\/site\/#\/schema\/person\/3230d5615f390bb808365d673001e887\",\"name\":\"R\u00e9dac. NEWS\",\"sameAs\":[\"http:\/\/www.newsestlyonnais.fr\",\"https:\/\/www.facebook.com\/pascal.oberson.1?fref=ts\",\"https:\/\/fr.linkedin.com\/in\/pascal-oberson-b17045113\"],\"url\":\"https:\/\/newsestlyonnais.fr\/site\/author\/nel\/\"}]}<\/script>\n<!-- \/ Yoast SEO plugin. -->","yoast_head_json":{"title":"VAULX EN VELIN : Une nouvelle saison d\u00e9bute d\u00e8s samedi pour le Club Nautique","description":"VAULX EN VELIN : Une nouvelle saison d\u00e9bute d\u00e8s samedi pour le Club Nautique","robots":{"index":"index","follow":"follow","max-snippet":"max-snippet:-1","max-image-preview":"max-image-preview:large","max-video-preview":"max-video-preview:-1"},"canonical":"https:\/\/newsestlyonnais.fr\/site\/2017\/03\/01\/vaulx-en-velin-11\/","og_locale":"fr_FR","og_type":"article","og_title":"VAULX EN VELIN : Une nouvelle saison d\u00e9bute d\u00e8s samedi pour le Club Nautique","og_description":"VAULX EN VELIN : Une nouvelle saison d\u00e9bute d\u00e8s samedi pour le Club Nautique","og_url":"https:\/\/newsestlyonnais.fr\/site\/2017\/03\/01\/vaulx-en-velin-11\/","og_site_name":"News Est Lyonnais","article_author":"https:\/\/www.facebook.com\/pascal.oberson.1?fref=ts","article_published_time":"2017-03-01T15:16:58+00:00","article_modified_time":"2020-11-20T12:23:46+00:00","og_image":[{"width":1000,"height":750,"url":"https:\/\/i1.wp.com\/newsestlyonnais.fr\/site\/wp-content\/uploads\/2017\/03\/NEWSESTLYONNAIS-VOILE-MJC-CNVV.jpg?fit=1000%2C750&ssl=1","type":"image\/jpeg"}],"author":"R\u00e9dac. NEWS","twitter_card":"summary_large_image","twitter_misc":{"\u00c9crit par":"R\u00e9dac. NEWS","Dur\u00e9e de lecture estim\u00e9e":"1 minute"},"schema":{"@context":"https:\/\/schema.org","@graph":[{"@type":"Article","@id":"https:\/\/newsestlyonnais.fr\/site\/2017\/03\/01\/vaulx-en-velin-11\/#article","isPartOf":{"@id":"https:\/\/newsestlyonnais.fr\/site\/2017\/03\/01\/vaulx-en-velin-11\/"},"author":{"name":"R\u00e9dac. NEWS","@id":"https:\/\/newsestlyonnais.fr\/site\/#\/schema\/person\/3230d5615f390bb808365d673001e887"},"headline":"VAULX-EN-VELIN | Une nouvelle saison d\u00e9bute pour le Club Nautique","datePublished":"2017-03-01T15:16:58+00:00","dateModified":"2020-11-20T12:23:46+00:00","mainEntityOfPage":{"@id":"https:\/\/newsestlyonnais.fr\/site\/2017\/03\/01\/vaulx-en-velin-11\/"},"wordCount":213,"commentCount":0,"publisher":{"@id":"https:\/\/newsestlyonnais.fr\/site\/#organization"},"image":{"@id":"https:\/\/newsestlyonnais.fr\/site\/2017\/03\/01\/vaulx-en-velin-11\/#primaryimage"},"thumbnailUrl":"https:\/\/newsestlyonnais.fr\/site\/wp-content\/uploads\/2017\/03\/NEWSESTLYONNAIS-VOILE-MJC-CNVV.jpg","articleSection":["Aviation | Nautisme","Aviron | Kayak | Voile","Biblioth\u00e8que | M\u00e9diath\u00e8que | MJC","Sports","Vaulx-en-Velin","Voile"],"inLanguage":"fr-FR","potentialAction":[{"@type":"CommentAction","name":"Comment","target":["https:\/\/newsestlyonnais.fr\/site\/2017\/03\/01\/vaulx-en-velin-11\/#respond"]}]},{"@type":"WebPage","@id":"https:\/\/newsestlyonnais.fr\/site\/2017\/03\/01\/vaulx-en-velin-11\/","url":"https:\/\/newsestlyonnais.fr\/site\/2017\/03\/01\/vaulx-en-velin-11\/","name":"VAULX EN VELIN : Une nouvelle saison d\u00e9bute d\u00e8s samedi pour le Club Nautique","isPartOf":{"@id":"https:\/\/newsestlyonnais.fr\/site\/#website"},"primaryImageOfPage":{"@id":"https:\/\/newsestlyonnais.fr\/site\/2017\/03\/01\/vaulx-en-velin-11\/#primaryimage"},"image":{"@id":"https:\/\/newsestlyonnais.fr\/site\/2017\/03\/01\/vaulx-en-velin-11\/#primaryimage"},"thumbnailUrl":"https:\/\/newsestlyonnais.fr\/site\/wp-content\/uploads\/2017\/03\/NEWSESTLYONNAIS-VOILE-MJC-CNVV.jpg","datePublished":"2017-03-01T15:16:58+00:00","dateModified":"2020-11-20T12:23:46+00:00","description":"VAULX EN VELIN : Une nouvelle saison d\u00e9bute d\u00e8s samedi pour le Club Nautique","breadcrumb":{"@id":"https:\/\/newsestlyonnais.fr\/site\/2017\/03\/01\/vaulx-en-velin-11\/#breadcrumb"},"inLanguage":"fr-FR","potentialAction":[{"@type":"ReadAction","target":["https:\/\/newsestlyonnais.fr\/site\/2017\/03\/01\/vaulx-en-velin-11\/"]}]},{"@type":"ImageObject","inLanguage":"fr-FR","@id":"https:\/\/newsestlyonnais.fr\/site\/2017\/03\/01\/vaulx-en-velin-11\/#primaryimage","url":"https:\/\/newsestlyonnais.fr\/site\/wp-content\/uploads\/2017\/03\/NEWSESTLYONNAIS-VOILE-MJC-CNVV.jpg","contentUrl":"https:\/\/newsestlyonnais.fr\/site\/wp-content\/uploads\/2017\/03\/NEWSESTLYONNAIS-VOILE-MJC-CNVV.jpg","width":1000,"height":750,"caption":"NEWSESTLYONNAIS - VOILE MJC CNVV"},{"@type":"BreadcrumbList","@id":"https:\/\/newsestlyonnais.fr\/site\/2017\/03\/01\/vaulx-en-velin-11\/#breadcrumb","itemListElement":[{"@type":"ListItem","position":1,"name":"Accueil","item":"https:\/\/newsestlyonnais.fr\/site\/"},{"@type":"ListItem","position":2,"name":"VAULX-EN-VELIN | Une nouvelle saison d\u00e9bute pour le Club Nautique"}]},{"@type":"WebSite","@id":"https:\/\/newsestlyonnais.fr\/site\/#website","url":"https:\/\/newsestlyonnais.fr\/site\/","name":"News Est Lyonnais","description":"L&#039;actualit\u00e9 au plus pr\u00e8s","publisher":{"@id":"https:\/\/newsestlyonnais.fr\/site\/#organization"},"potentialAction":[{"@type":"SearchAction","target":{"@type":"EntryPoint","urlTemplate":"https:\/\/newsestlyonnais.fr\/site\/?s={search_term_string}"},"query-input":{"@type":"PropertyValueSpecification","valueRequired":true,"valueName":"search_term_string"}}],"inLanguage":"fr-FR"},{"@type":"Organization","@id":"https:\/\/newsestlyonnais.fr\/site\/#organization","name":"News EST LYONNAIS","url":"https:\/\/newsestlyonnais.fr\/site\/","logo":{"@type":"ImageObject","inLanguage":"fr-FR","@id":"https:\/\/newsestlyonnais.fr\/site\/#\/schema\/logo\/image\/","url":"","contentUrl":"","caption":"News EST LYONNAIS"},"image":{"@id":"https:\/\/newsestlyonnais.fr\/site\/#\/schema\/logo\/image\/"}},{"@type":"Person","@id":"https:\/\/newsestlyonnais.fr\/site\/#\/schema\/person\/3230d5615f390bb808365d673001e887","name":"R\u00e9dac. NEWS","sameAs":["http:\/\/www.newsestlyonnais.fr","https:\/\/www.facebook.com\/pascal.oberson.1?fref=ts","https:\/\/fr.linkedin.com\/in\/pascal-oberson-b17045113"],"url":"https:\/\/newsestlyonnais.fr\/site\/author\/nel\/"}]}},"_links":{"self":[{"href":"https:\/\/newsestlyonnais.fr\/site\/wp-json\/wp\/v2\/posts\/21827","targetHints":{"allow":["GET"]}}],"collection":[{"href":"https:\/\/newsestlyonnais.fr\/site\/wp-json\/wp\/v2\/posts"}],"about":[{"href":"https:\/\/newsestlyonnais.fr\/site\/wp-json\/wp\/v2\/types\/post"}],"author":[{"embeddable":true,"href":"https:\/\/newsestlyonnais.fr\/site\/wp-json\/wp\/v2\/users\/4"}],"replies":[{"embeddable":true,"href":"https:\/\/newsestlyonnais.fr\/site\/wp-json\/wp\/v2\/comments?post=21827"}],"version-history":[{"count":0,"href":"https:\/\/newsestlyonnais.fr\/site\/wp-json\/wp\/v2\/posts\/21827\/revisions"}],"wp:featuredmedia":[{"embeddable":true,"href":"https:\/\/newsestlyonnais.fr\/site\/wp-json\/wp\/v2\/media\/21829"}],"wp:attachment":[{"href":"https:\/\/newsestlyonnais.fr\/site\/wp-json\/wp\/v2\/media?parent=21827"}],"wp:term":[{"taxonomy":"category","embeddable":true,"href":"https:\/\/newsestlyonnais.fr\/site\/wp-json\/wp\/v2\/categories?post=21827"},{"taxonomy":"post_tag","embeddable":true,"href":"https:\/\/newsestlyonnais.fr\/site\/wp-json\/wp\/v2\/tags?post=21827"}],"curies":[{"name":"wp","href":"https:\/\/api.w.org\/{rel}","templated":true}]}}