{"id":21877,"date":"2017-03-02T06:51:24","date_gmt":"2017-03-02T05:51:24","guid":{"rendered":"http:\/\/newsestlyonnais.fr\/site\/?p=21877"},"modified":"2020-10-23T20:04:33","modified_gmt":"2020-10-23T19:04:33","slug":"villeurbanne-on-peut-sinscrire-au-12-aquathlon-de-lasvel-triathlon","status":"publish","type":"post","link":"https:\/\/newsestlyonnais.fr\/site\/2017\/03\/02\/villeurbanne-on-peut-sinscrire-au-12-aquathlon-de-lasvel-triathlon\/","title":{"rendered":"VILLEURBANNE | On peut s&rsquo;inscrire au 12\u00b0 Aquathlon de l&rsquo;Asvel triathlon"},"content":{"rendered":"<h4>L&rsquo;ASVEL triathlon d\u00e9sormais pr\u00e9sid\u00e9e par Nicolas Evrard organisera le dimanche 26 mars \u00e0 la piscine Etienne Gagnaire son 12\u00b0 Aquathlon*.<\/h4>\n<p>Guillaume Rochat et Jean-Charles Petithory se sont charg\u00e9s au sein du club asv\u00e9lien de la mise en place de cette\u00a0 \u00e9dition qui proposera aux participants plusieurs nouveaut\u00e9s.<\/p>\n<p>Une formule in\u00e9dite et plus conviviale et qui devrait permettre d&rsquo;accueillir un nouveau public pr\u00eat \u00e0 d\u00e9couvrir ce mode d&rsquo;enchainement (en solo ou par \u00e9quipes et licenci\u00e9s(e) ou non) de deux disciplines (natation et course \u00e0 pied) tr\u00e8s populaires.<\/p>\n<p>Trois labels ont \u00e9t\u00e9 d\u00e9cern\u00e9s (f\u00e9minin, d\u00e9veloppement durable et paratriathlon) pour cette \u00e9preuve qui aura pour cadre le Centre Nautique bas\u00e9 \u00e0 Cusset avec son bassin olympique de 50 m\u00e8tres.<\/p>\n<p><span style=\"text-decoration: underline\"><em><strong>Parmi les nouveaut\u00e9s:<\/strong><\/em><\/span><\/p>\n<ul>\n<li><b>AQUATHLON Par Equipes: <\/b>(2, 3 ou 4 \u00e9quipiers\u00a0 en contre la montre) :<br \/>\n&#8211; distances : 400 m de natation \/ 4000 m de course \u00e0 pieds,<br \/>\n&#8211; d\u00e9part toutes les minutes,<br \/>\n&#8211; ouvert aux licenci\u00e9s ou non-licenci\u00e9s,<br \/>\n&#8211; ouvert aux entreprises, aux familles, \u00e9tudiants, clubs.<\/li>\n<li><b>PASTA PARTY : <\/b>pr\u00e9par\u00e9e par le chef cuistot du partenaire <b>MRS<\/b> (restauration d&rsquo;entreprise) sera propos\u00e9e toute la journ\u00e9e d\u00e8s 10 h du matin, servie par les b\u00e9n\u00e9voles. Possibilit\u00e9 de r\u00e9server sa <b>formule Pasta \u00e0 7 \u20ac<\/b> (au lieu de 8 \u20ac sur place) lors de l&rsquo; inscription en ligne.<\/li>\n<\/ul>\n<p><span style=\"text-decoration: underline\"><strong>LE PROGRAMME<\/strong><\/span>:<\/p>\n<ul>\n<li><b>A partir de 12 h 35 : <\/b>&#8211; les courses S,<br \/>\n&#8211; les courses Jeunes,<br \/>\n&#8211; les courses XS.<br \/>\n<i>avec possibilit\u00e9s de relais sur les courses S et XS<\/i><br \/>\nD\u00e9parts des f\u00e9minines s\u00e9par\u00e9s !<\/li>\n<li>\u00a0<b>A 14 h 30<\/b>, <b>show de Natation Synchronis\u00e9e <\/b>par l&rsquo;\u00e9quipe Espoirs de l&rsquo;ASL &#8211; Niveau national !Tous les d\u00e9tails de cette journ\u00e9e dans les rubriques <b>EPREUVES<\/b> et <b>PROGRAMME<\/b><br \/>\nDeq questions sur l&rsquo;organisation de la journ\u00e9e : <a href=\"mailto:aquathlon.asveltri@gmail.com\">aquathlon.asveltri@gmail.com<\/a>Attention, comme chaque ann\u00e9e, le nombre de places est limit\u00e9, alors ne tardez pas !<br \/>\n<b>Inscription en ligne uniquement !<\/b> en cliquant <a href=\"http:\/\/www.sportcommunication.info\/inscription_en_ligne\/liste_parcours.php?epreuve=222\" target=\"_blank\" rel=\"noopener noreferrer\">ici<\/a>Liste des inscrits : <a href=\"http:\/\/www.sportcommunication.info\/inscription_en_ligne\/liste_inscrits.php?N=03201726O222O692620170\" target=\"_blank\" rel=\"noopener noreferrer\">http:\/\/www.sportcommunication.info\/inscription_en_ligne\/liste_inscrits.php?N=03201726O222O692620170<\/a><strong><br \/>\n<\/strong><\/li>\n<li>Centre Nautique Etienne Gagnaire : 59, rue Marcel Cerdan, \u00e0 Villeurbanne.<\/li>\n<\/ul>\n<ul>\n<li>Retrouvez + d&rsquo;infos sur cet aquathlon sur :\u00a0<a href=\"http:\/\/www.asveltri.com\/index.php?id=260\" target=\"_blank\" rel=\"noopener noreferrer\">http:\/\/www.asveltri.com\/index.php?id=260<\/a><\/li>\n<\/ul>\n<p><strong>NOTA<\/strong>: * <em>L&rsquo;aquathlon est une discipline atypique et d\u00e9riv\u00e9e du triathlon qui demande d&rsquo;enchainer natation et course \u00e0 pied.<\/em><\/p>\n<figure id=\"attachment_21878\" aria-describedby=\"caption-attachment-21878\" style=\"width: 2048px\" class=\"wp-caption alignleft\"><img loading=\"lazy\" decoding=\"async\" class=\"size-full wp-image-21878\" src=\"https:\/\/newsestlyonnais.fr\/site\/medias\/2017\/03\/P1090350.jpg\" alt=\"NEWSESTLYONNAIS - AQUATHLON VILLEUR\" width=\"2048\" height=\"1536\" srcset=\"https:\/\/newsestlyonnais.fr\/site\/wp-content\/uploads\/2017\/03\/P1090350.jpg 2048w, https:\/\/newsestlyonnais.fr\/site\/wp-content\/uploads\/2017\/03\/P1090350-400x300.jpg 400w, https:\/\/newsestlyonnais.fr\/site\/wp-content\/uploads\/2017\/03\/P1090350-768x576.jpg 768w, https:\/\/newsestlyonnais.fr\/site\/wp-content\/uploads\/2017\/03\/P1090350-1000x750.jpg 1000w, https:\/\/newsestlyonnais.fr\/site\/wp-content\/uploads\/2017\/03\/P1090350-600x450.jpg 600w, https:\/\/newsestlyonnais.fr\/site\/wp-content\/uploads\/2017\/03\/P1090350-100x75.jpg 100w\" sizes=\"auto, (max-width: 2048px) 100vw, 2048px\" \/><figcaption id=\"caption-attachment-21878\" class=\"wp-caption-text\">Une discipline o\u00f9 l&rsquo;on doit enchainer natation en piscine et course \u00e0 pied le long du canal<\/figcaption><\/figure>\n","protected":false},"excerpt":{"rendered":"<p>L&rsquo;ASVEL triathlon d\u00e9sormais pr\u00e9sid\u00e9e par Nicolas Evrard organisera le dimanche 26 mars \u00e0 la piscine Etienne Gagnaire son 12\u00b0 Aquathlon*. Guillaume Rochat et Jean-Charles Petithory se sont charg\u00e9s au sein du club asv\u00e9lien de la mise en place de cette\u00a0 \u00e9dition qui proposera aux participants plusieurs nouveaut\u00e9s. Une formule in\u00e9dite et plus conviviale et qui [&hellip;]<\/p>\n","protected":false},"author":4,"featured_media":20537,"comment_status":"open","ping_status":"open","sticky":false,"template":"","format":"standard","meta":{"footnotes":""},"categories":[2988,2990,29],"tags":[],"class_list":["post-21877","post","type-post","status-publish","format-standard","has-post-thumbnail","hentry","category-natation-triathlon","category-triathlon","category-villeurbanne"],"yoast_head":"<!-- This site is optimized with the Yoast SEO plugin v27.2 - https:\/\/yoast.com\/product\/yoast-seo-wordpress\/ -->\n<title>VILLEURBANNE : On peut s&#039;inscrire pour le 12\u00b0 Aquathlon organis\u00e9 par l&#039;Asvel triathlon<\/title>\n<meta name=\"description\" content=\"VILLEURBANNE : On peut s&#039;inscrire pour le 12\u00b0 Aquathlon organis\u00e9 par l&#039;Asvel triathlon\" \/>\n<meta name=\"robots\" content=\"index, follow, max-snippet:-1, max-image-preview:large, max-video-preview:-1\" \/>\n<link rel=\"canonical\" href=\"https:\/\/newsestlyonnais.fr\/site\/2017\/03\/02\/villeurbanne-on-peut-sinscrire-au-12-aquathlon-de-lasvel-triathlon\/\" \/>\n<meta property=\"og:locale\" content=\"fr_FR\" \/>\n<meta property=\"og:type\" content=\"article\" \/>\n<meta property=\"og:title\" content=\"VILLEURBANNE : On peut s&#039;inscrire pour le 12\u00b0 Aquathlon organis\u00e9 par l&#039;Asvel triathlon\" \/>\n<meta property=\"og:description\" content=\"VILLEURBANNE : On peut s&#039;inscrire pour le 12\u00b0 Aquathlon organis\u00e9 par l&#039;Asvel triathlon\" \/>\n<meta property=\"og:url\" content=\"https:\/\/newsestlyonnais.fr\/site\/2017\/03\/02\/villeurbanne-on-peut-sinscrire-au-12-aquathlon-de-lasvel-triathlon\/\" \/>\n<meta property=\"og:site_name\" content=\"News Est Lyonnais\" \/>\n<meta property=\"article:author\" content=\"https:\/\/www.facebook.com\/pascal.oberson.1?fref=ts\" \/>\n<meta property=\"article:published_time\" content=\"2017-03-02T05:51:24+00:00\" \/>\n<meta property=\"article:modified_time\" content=\"2020-10-23T19:04:33+00:00\" \/>\n<meta property=\"og:image\" content=\"https:\/\/i0.wp.com\/newsestlyonnais.fr\/site\/wp-content\/uploads\/2017\/02\/NEWSESTLYONNAIS-affiche-aquathlon-villeurbanne-2017.jpg?fit=1000%2C750&ssl=1\" \/>\n\t<meta property=\"og:image:width\" content=\"1000\" \/>\n\t<meta property=\"og:image:height\" content=\"750\" \/>\n\t<meta property=\"og:image:type\" content=\"image\/jpeg\" \/>\n<meta name=\"author\" content=\"R\u00e9dac. NEWS\" \/>\n<meta name=\"twitter:card\" content=\"summary_large_image\" \/>\n<meta name=\"twitter:label1\" content=\"\u00c9crit par\" \/>\n\t<meta name=\"twitter:data1\" content=\"R\u00e9dac. NEWS\" \/>\n\t<meta name=\"twitter:label2\" content=\"Dur\u00e9e de lecture estim\u00e9e\" \/>\n\t<meta name=\"twitter:data2\" content=\"2 minutes\" \/>\n<script type=\"application\/ld+json\" class=\"yoast-schema-graph\">{\"@context\":\"https:\/\/schema.org\",\"@graph\":[{\"@type\":\"Article\",\"@id\":\"https:\/\/newsestlyonnais.fr\/site\/2017\/03\/02\/villeurbanne-on-peut-sinscrire-au-12-aquathlon-de-lasvel-triathlon\/#article\",\"isPartOf\":{\"@id\":\"https:\/\/newsestlyonnais.fr\/site\/2017\/03\/02\/villeurbanne-on-peut-sinscrire-au-12-aquathlon-de-lasvel-triathlon\/\"},\"author\":{\"name\":\"R\u00e9dac. NEWS\",\"@id\":\"https:\/\/newsestlyonnais.fr\/site\/#\/schema\/person\/3230d5615f390bb808365d673001e887\"},\"headline\":\"VILLEURBANNE | On peut s&rsquo;inscrire au 12\u00b0 Aquathlon de l&rsquo;Asvel triathlon\",\"datePublished\":\"2017-03-02T05:51:24+00:00\",\"dateModified\":\"2020-10-23T19:04:33+00:00\",\"mainEntityOfPage\":{\"@id\":\"https:\/\/newsestlyonnais.fr\/site\/2017\/03\/02\/villeurbanne-on-peut-sinscrire-au-12-aquathlon-de-lasvel-triathlon\/\"},\"wordCount\":419,\"commentCount\":0,\"publisher\":{\"@id\":\"https:\/\/newsestlyonnais.fr\/site\/#organization\"},\"image\":{\"@id\":\"https:\/\/newsestlyonnais.fr\/site\/2017\/03\/02\/villeurbanne-on-peut-sinscrire-au-12-aquathlon-de-lasvel-triathlon\/#primaryimage\"},\"thumbnailUrl\":\"https:\/\/newsestlyonnais.fr\/site\/wp-content\/uploads\/2017\/02\/NEWSESTLYONNAIS-affiche-aquathlon-villeurbanne-2017.jpg\",\"articleSection\":[\"Natation | Triathlon\",\"Triathlon\",\"Villeurbanne\"],\"inLanguage\":\"fr-FR\",\"potentialAction\":[{\"@type\":\"CommentAction\",\"name\":\"Comment\",\"target\":[\"https:\/\/newsestlyonnais.fr\/site\/2017\/03\/02\/villeurbanne-on-peut-sinscrire-au-12-aquathlon-de-lasvel-triathlon\/#respond\"]}]},{\"@type\":\"WebPage\",\"@id\":\"https:\/\/newsestlyonnais.fr\/site\/2017\/03\/02\/villeurbanne-on-peut-sinscrire-au-12-aquathlon-de-lasvel-triathlon\/\",\"url\":\"https:\/\/newsestlyonnais.fr\/site\/2017\/03\/02\/villeurbanne-on-peut-sinscrire-au-12-aquathlon-de-lasvel-triathlon\/\",\"name\":\"VILLEURBANNE : On peut s'inscrire pour le 12\u00b0 Aquathlon organis\u00e9 par l'Asvel triathlon\",\"isPartOf\":{\"@id\":\"https:\/\/newsestlyonnais.fr\/site\/#website\"},\"primaryImageOfPage\":{\"@id\":\"https:\/\/newsestlyonnais.fr\/site\/2017\/03\/02\/villeurbanne-on-peut-sinscrire-au-12-aquathlon-de-lasvel-triathlon\/#primaryimage\"},\"image\":{\"@id\":\"https:\/\/newsestlyonnais.fr\/site\/2017\/03\/02\/villeurbanne-on-peut-sinscrire-au-12-aquathlon-de-lasvel-triathlon\/#primaryimage\"},\"thumbnailUrl\":\"https:\/\/newsestlyonnais.fr\/site\/wp-content\/uploads\/2017\/02\/NEWSESTLYONNAIS-affiche-aquathlon-villeurbanne-2017.jpg\",\"datePublished\":\"2017-03-02T05:51:24+00:00\",\"dateModified\":\"2020-10-23T19:04:33+00:00\",\"description\":\"VILLEURBANNE : On peut s'inscrire pour le 12\u00b0 Aquathlon organis\u00e9 par l'Asvel triathlon\",\"breadcrumb\":{\"@id\":\"https:\/\/newsestlyonnais.fr\/site\/2017\/03\/02\/villeurbanne-on-peut-sinscrire-au-12-aquathlon-de-lasvel-triathlon\/#breadcrumb\"},\"inLanguage\":\"fr-FR\",\"potentialAction\":[{\"@type\":\"ReadAction\",\"target\":[\"https:\/\/newsestlyonnais.fr\/site\/2017\/03\/02\/villeurbanne-on-peut-sinscrire-au-12-aquathlon-de-lasvel-triathlon\/\"]}]},{\"@type\":\"ImageObject\",\"inLanguage\":\"fr-FR\",\"@id\":\"https:\/\/newsestlyonnais.fr\/site\/2017\/03\/02\/villeurbanne-on-peut-sinscrire-au-12-aquathlon-de-lasvel-triathlon\/#primaryimage\",\"url\":\"https:\/\/newsestlyonnais.fr\/site\/wp-content\/uploads\/2017\/02\/NEWSESTLYONNAIS-affiche-aquathlon-villeurbanne-2017.jpg\",\"contentUrl\":\"https:\/\/newsestlyonnais.fr\/site\/wp-content\/uploads\/2017\/02\/NEWSESTLYONNAIS-affiche-aquathlon-villeurbanne-2017.jpg\",\"width\":1000,\"height\":750,\"caption\":\"NEWSESTLYONNAIS - affiche aquathlon villeurbanne 2017\"},{\"@type\":\"BreadcrumbList\",\"@id\":\"https:\/\/newsestlyonnais.fr\/site\/2017\/03\/02\/villeurbanne-on-peut-sinscrire-au-12-aquathlon-de-lasvel-triathlon\/#breadcrumb\",\"itemListElement\":[{\"@type\":\"ListItem\",\"position\":1,\"name\":\"Accueil\",\"item\":\"https:\/\/newsestlyonnais.fr\/site\/\"},{\"@type\":\"ListItem\",\"position\":2,\"name\":\"VILLEURBANNE | On peut s&rsquo;inscrire au 12\u00b0 Aquathlon de l&rsquo;Asvel triathlon\"}]},{\"@type\":\"WebSite\",\"@id\":\"https:\/\/newsestlyonnais.fr\/site\/#website\",\"url\":\"https:\/\/newsestlyonnais.fr\/site\/\",\"name\":\"News Est Lyonnais\",\"description\":\"L&#039;actualit\u00e9 au plus pr\u00e8s\",\"publisher\":{\"@id\":\"https:\/\/newsestlyonnais.fr\/site\/#organization\"},\"potentialAction\":[{\"@type\":\"SearchAction\",\"target\":{\"@type\":\"EntryPoint\",\"urlTemplate\":\"https:\/\/newsestlyonnais.fr\/site\/?s={search_term_string}\"},\"query-input\":{\"@type\":\"PropertyValueSpecification\",\"valueRequired\":true,\"valueName\":\"search_term_string\"}}],\"inLanguage\":\"fr-FR\"},{\"@type\":\"Organization\",\"@id\":\"https:\/\/newsestlyonnais.fr\/site\/#organization\",\"name\":\"News EST LYONNAIS\",\"url\":\"https:\/\/newsestlyonnais.fr\/site\/\",\"logo\":{\"@type\":\"ImageObject\",\"inLanguage\":\"fr-FR\",\"@id\":\"https:\/\/newsestlyonnais.fr\/site\/#\/schema\/logo\/image\/\",\"url\":\"\",\"contentUrl\":\"\",\"caption\":\"News EST LYONNAIS\"},\"image\":{\"@id\":\"https:\/\/newsestlyonnais.fr\/site\/#\/schema\/logo\/image\/\"}},{\"@type\":\"Person\",\"@id\":\"https:\/\/newsestlyonnais.fr\/site\/#\/schema\/person\/3230d5615f390bb808365d673001e887\",\"name\":\"R\u00e9dac. NEWS\",\"sameAs\":[\"http:\/\/www.newsestlyonnais.fr\",\"https:\/\/www.facebook.com\/pascal.oberson.1?fref=ts\",\"https:\/\/fr.linkedin.com\/in\/pascal-oberson-b17045113\"],\"url\":\"https:\/\/newsestlyonnais.fr\/site\/author\/nel\/\"}]}<\/script>\n<!-- \/ Yoast SEO plugin. -->","yoast_head_json":{"title":"VILLEURBANNE : On peut s'inscrire pour le 12\u00b0 Aquathlon organis\u00e9 par l'Asvel triathlon","description":"VILLEURBANNE : On peut s'inscrire pour le 12\u00b0 Aquathlon organis\u00e9 par l'Asvel triathlon","robots":{"index":"index","follow":"follow","max-snippet":"max-snippet:-1","max-image-preview":"max-image-preview:large","max-video-preview":"max-video-preview:-1"},"canonical":"https:\/\/newsestlyonnais.fr\/site\/2017\/03\/02\/villeurbanne-on-peut-sinscrire-au-12-aquathlon-de-lasvel-triathlon\/","og_locale":"fr_FR","og_type":"article","og_title":"VILLEURBANNE : On peut s'inscrire pour le 12\u00b0 Aquathlon organis\u00e9 par l'Asvel triathlon","og_description":"VILLEURBANNE : On peut s'inscrire pour le 12\u00b0 Aquathlon organis\u00e9 par l'Asvel triathlon","og_url":"https:\/\/newsestlyonnais.fr\/site\/2017\/03\/02\/villeurbanne-on-peut-sinscrire-au-12-aquathlon-de-lasvel-triathlon\/","og_site_name":"News Est Lyonnais","article_author":"https:\/\/www.facebook.com\/pascal.oberson.1?fref=ts","article_published_time":"2017-03-02T05:51:24+00:00","article_modified_time":"2020-10-23T19:04:33+00:00","og_image":[{"width":1000,"height":750,"url":"https:\/\/i0.wp.com\/newsestlyonnais.fr\/site\/wp-content\/uploads\/2017\/02\/NEWSESTLYONNAIS-affiche-aquathlon-villeurbanne-2017.jpg?fit=1000%2C750&ssl=1","type":"image\/jpeg"}],"author":"R\u00e9dac. NEWS","twitter_card":"summary_large_image","twitter_misc":{"\u00c9crit par":"R\u00e9dac. NEWS","Dur\u00e9e de lecture estim\u00e9e":"2 minutes"},"schema":{"@context":"https:\/\/schema.org","@graph":[{"@type":"Article","@id":"https:\/\/newsestlyonnais.fr\/site\/2017\/03\/02\/villeurbanne-on-peut-sinscrire-au-12-aquathlon-de-lasvel-triathlon\/#article","isPartOf":{"@id":"https:\/\/newsestlyonnais.fr\/site\/2017\/03\/02\/villeurbanne-on-peut-sinscrire-au-12-aquathlon-de-lasvel-triathlon\/"},"author":{"name":"R\u00e9dac. NEWS","@id":"https:\/\/newsestlyonnais.fr\/site\/#\/schema\/person\/3230d5615f390bb808365d673001e887"},"headline":"VILLEURBANNE | On peut s&rsquo;inscrire au 12\u00b0 Aquathlon de l&rsquo;Asvel triathlon","datePublished":"2017-03-02T05:51:24+00:00","dateModified":"2020-10-23T19:04:33+00:00","mainEntityOfPage":{"@id":"https:\/\/newsestlyonnais.fr\/site\/2017\/03\/02\/villeurbanne-on-peut-sinscrire-au-12-aquathlon-de-lasvel-triathlon\/"},"wordCount":419,"commentCount":0,"publisher":{"@id":"https:\/\/newsestlyonnais.fr\/site\/#organization"},"image":{"@id":"https:\/\/newsestlyonnais.fr\/site\/2017\/03\/02\/villeurbanne-on-peut-sinscrire-au-12-aquathlon-de-lasvel-triathlon\/#primaryimage"},"thumbnailUrl":"https:\/\/newsestlyonnais.fr\/site\/wp-content\/uploads\/2017\/02\/NEWSESTLYONNAIS-affiche-aquathlon-villeurbanne-2017.jpg","articleSection":["Natation | Triathlon","Triathlon","Villeurbanne"],"inLanguage":"fr-FR","potentialAction":[{"@type":"CommentAction","name":"Comment","target":["https:\/\/newsestlyonnais.fr\/site\/2017\/03\/02\/villeurbanne-on-peut-sinscrire-au-12-aquathlon-de-lasvel-triathlon\/#respond"]}]},{"@type":"WebPage","@id":"https:\/\/newsestlyonnais.fr\/site\/2017\/03\/02\/villeurbanne-on-peut-sinscrire-au-12-aquathlon-de-lasvel-triathlon\/","url":"https:\/\/newsestlyonnais.fr\/site\/2017\/03\/02\/villeurbanne-on-peut-sinscrire-au-12-aquathlon-de-lasvel-triathlon\/","name":"VILLEURBANNE : On peut s'inscrire pour le 12\u00b0 Aquathlon organis\u00e9 par l'Asvel triathlon","isPartOf":{"@id":"https:\/\/newsestlyonnais.fr\/site\/#website"},"primaryImageOfPage":{"@id":"https:\/\/newsestlyonnais.fr\/site\/2017\/03\/02\/villeurbanne-on-peut-sinscrire-au-12-aquathlon-de-lasvel-triathlon\/#primaryimage"},"image":{"@id":"https:\/\/newsestlyonnais.fr\/site\/2017\/03\/02\/villeurbanne-on-peut-sinscrire-au-12-aquathlon-de-lasvel-triathlon\/#primaryimage"},"thumbnailUrl":"https:\/\/newsestlyonnais.fr\/site\/wp-content\/uploads\/2017\/02\/NEWSESTLYONNAIS-affiche-aquathlon-villeurbanne-2017.jpg","datePublished":"2017-03-02T05:51:24+00:00","dateModified":"2020-10-23T19:04:33+00:00","description":"VILLEURBANNE : On peut s'inscrire pour le 12\u00b0 Aquathlon organis\u00e9 par l'Asvel triathlon","breadcrumb":{"@id":"https:\/\/newsestlyonnais.fr\/site\/2017\/03\/02\/villeurbanne-on-peut-sinscrire-au-12-aquathlon-de-lasvel-triathlon\/#breadcrumb"},"inLanguage":"fr-FR","potentialAction":[{"@type":"ReadAction","target":["https:\/\/newsestlyonnais.fr\/site\/2017\/03\/02\/villeurbanne-on-peut-sinscrire-au-12-aquathlon-de-lasvel-triathlon\/"]}]},{"@type":"ImageObject","inLanguage":"fr-FR","@id":"https:\/\/newsestlyonnais.fr\/site\/2017\/03\/02\/villeurbanne-on-peut-sinscrire-au-12-aquathlon-de-lasvel-triathlon\/#primaryimage","url":"https:\/\/newsestlyonnais.fr\/site\/wp-content\/uploads\/2017\/02\/NEWSESTLYONNAIS-affiche-aquathlon-villeurbanne-2017.jpg","contentUrl":"https:\/\/newsestlyonnais.fr\/site\/wp-content\/uploads\/2017\/02\/NEWSESTLYONNAIS-affiche-aquathlon-villeurbanne-2017.jpg","width":1000,"height":750,"caption":"NEWSESTLYONNAIS - affiche aquathlon villeurbanne 2017"},{"@type":"BreadcrumbList","@id":"https:\/\/newsestlyonnais.fr\/site\/2017\/03\/02\/villeurbanne-on-peut-sinscrire-au-12-aquathlon-de-lasvel-triathlon\/#breadcrumb","itemListElement":[{"@type":"ListItem","position":1,"name":"Accueil","item":"https:\/\/newsestlyonnais.fr\/site\/"},{"@type":"ListItem","position":2,"name":"VILLEURBANNE | On peut s&rsquo;inscrire au 12\u00b0 Aquathlon de l&rsquo;Asvel triathlon"}]},{"@type":"WebSite","@id":"https:\/\/newsestlyonnais.fr\/site\/#website","url":"https:\/\/newsestlyonnais.fr\/site\/","name":"News Est Lyonnais","description":"L&#039;actualit\u00e9 au plus pr\u00e8s","publisher":{"@id":"https:\/\/newsestlyonnais.fr\/site\/#organization"},"potentialAction":[{"@type":"SearchAction","target":{"@type":"EntryPoint","urlTemplate":"https:\/\/newsestlyonnais.fr\/site\/?s={search_term_string}"},"query-input":{"@type":"PropertyValueSpecification","valueRequired":true,"valueName":"search_term_string"}}],"inLanguage":"fr-FR"},{"@type":"Organization","@id":"https:\/\/newsestlyonnais.fr\/site\/#organization","name":"News EST LYONNAIS","url":"https:\/\/newsestlyonnais.fr\/site\/","logo":{"@type":"ImageObject","inLanguage":"fr-FR","@id":"https:\/\/newsestlyonnais.fr\/site\/#\/schema\/logo\/image\/","url":"","contentUrl":"","caption":"News EST LYONNAIS"},"image":{"@id":"https:\/\/newsestlyonnais.fr\/site\/#\/schema\/logo\/image\/"}},{"@type":"Person","@id":"https:\/\/newsestlyonnais.fr\/site\/#\/schema\/person\/3230d5615f390bb808365d673001e887","name":"R\u00e9dac. NEWS","sameAs":["http:\/\/www.newsestlyonnais.fr","https:\/\/www.facebook.com\/pascal.oberson.1?fref=ts","https:\/\/fr.linkedin.com\/in\/pascal-oberson-b17045113"],"url":"https:\/\/newsestlyonnais.fr\/site\/author\/nel\/"}]}},"_links":{"self":[{"href":"https:\/\/newsestlyonnais.fr\/site\/wp-json\/wp\/v2\/posts\/21877","targetHints":{"allow":["GET"]}}],"collection":[{"href":"https:\/\/newsestlyonnais.fr\/site\/wp-json\/wp\/v2\/posts"}],"about":[{"href":"https:\/\/newsestlyonnais.fr\/site\/wp-json\/wp\/v2\/types\/post"}],"author":[{"embeddable":true,"href":"https:\/\/newsestlyonnais.fr\/site\/wp-json\/wp\/v2\/users\/4"}],"replies":[{"embeddable":true,"href":"https:\/\/newsestlyonnais.fr\/site\/wp-json\/wp\/v2\/comments?post=21877"}],"version-history":[{"count":0,"href":"https:\/\/newsestlyonnais.fr\/site\/wp-json\/wp\/v2\/posts\/21877\/revisions"}],"wp:featuredmedia":[{"embeddable":true,"href":"https:\/\/newsestlyonnais.fr\/site\/wp-json\/wp\/v2\/media\/20537"}],"wp:attachment":[{"href":"https:\/\/newsestlyonnais.fr\/site\/wp-json\/wp\/v2\/media?parent=21877"}],"wp:term":[{"taxonomy":"category","embeddable":true,"href":"https:\/\/newsestlyonnais.fr\/site\/wp-json\/wp\/v2\/categories?post=21877"},{"taxonomy":"post_tag","embeddable":true,"href":"https:\/\/newsestlyonnais.fr\/site\/wp-json\/wp\/v2\/tags?post=21877"}],"curies":[{"name":"wp","href":"https:\/\/api.w.org\/{rel}","templated":true}]}}