{"id":218843,"date":"2025-04-11T15:15:08","date_gmt":"2025-04-11T14:15:08","guid":{"rendered":"https:\/\/newsestlyonnais.fr\/site\/?p=218843"},"modified":"2025-05-06T05:36:37","modified_gmt":"2025-05-06T04:36:37","slug":"chasse-aux-oeufs-demandez-le-programme-dans-la-region","status":"publish","type":"post","link":"https:\/\/newsestlyonnais.fr\/site\/2025\/04\/11\/chasse-aux-oeufs-demandez-le-programme-dans-la-region\/","title":{"rendered":"Chasse aux oeufs | Demandez le programme dans la r\u00e9gion !"},"content":{"rendered":"<p style=\"text-align: center;\"><span style=\"font-size: 24pt; background-color: #000000; color: #ff6600;\"><strong>RHONE<\/strong><\/span><\/p>\n<p><span style=\"background-color: #000000; color: #ffffff;\"><strong>BRON<\/strong><\/span><\/p>\n<p class=\"page-header\"><a href=\"https:\/\/www.ville-bron.fr\/agenda\/chasse-aux-oeufs-au-parc-accrobranche-france-aventures\"><span style=\"background-color: #000000; color: #3366ff;\"><strong>Chasse aux oeufs<\/strong><\/span><\/a><strong><span style=\"background-color: #000000; color: #3366ff;\"> au Parc accrobranche<\/span><\/strong><\/p>\n<p><strong>Dimanche 20 avril \/ 10 h \u00e0 18 h<\/strong> \/ Fort de Bron.<\/p>\n<hr \/>\n<p><span style=\"background-color: #000000; color: #ffffff;\"><strong>CALUIRE<\/strong><\/span><\/p>\n<p class=\"page-header\"><a href=\"https:\/\/www.ville-caluire.fr\/agenda\/chasse-aux-oeufs-0\"><span style=\"background-color: #000000; color: #3366ff;\"><strong>Chasse aux oeufs<\/strong><\/span><\/a><\/p>\n<p><strong>Lundi 21 avril \/ <\/strong><span class=\"date-display-start\"><strong>9 h 30<\/strong> \/ <\/span>Parc des Berges de Saint-Clair.<\/p>\n<p><span style=\"background-color: #000000; color: #ffffff;\"><strong>CHASSIEU<\/strong><\/span><\/p>\n<p class=\"heading__title\"><a href=\"https:\/\/www.chassieu.fr\/actualites\/chasse-aux-oeufs-a-la-piscine\/\"><span style=\"background-color: #000000; color: #3366ff;\"><strong>Chasse aux \u0153ufs \u00e0 la piscine<\/strong><\/span><\/a><\/p>\n<p><strong>Samedi 19 avril \/ 10 h 15 \u00e0 11 h 30 \/ <\/strong>Centre nautique.<\/p>\n<p><span style=\"background-color: #000000; color: #ffffff;\"><strong>COLOMBIER-SAUGNIEU<\/strong><\/span><\/p>\n<p><a href=\"https:\/\/www.mairie-colombiersaugnieu.fr\/agenda\/\"><span style=\"background-color: #000000; color: #3366ff;\"><b>P\u00e2ques &amp; Chasse aux \u0153ufs<\/b><\/span><\/a><\/p>\n<p><strong>Dimanche 13 avril \/ 10 h \u00e0 15 h<\/strong> \/ Parvis dauphinoises.<strong>\u00a0<\/strong><\/p>\n<hr \/>\n<p><strong><span style=\"background-color: #000000; color: #ffffff;\">DECINES<\/span><\/strong><\/p>\n<p><strong><span style=\"background-color: #000000; color: #3366ff;\"><a href=\"https:\/\/www.decines-charpieu.fr\/agenda\/41\/217-chasse-aux-oeufs.htm\"><span style=\"color: #3366ff;\"><span style=\"background-color: #000000;\">Chasse aux \u0152ufs d&rsquo;Or<\/span><\/span><\/a> <\/span><\/strong><\/p>\n<p><strong data-start=\"568\" data-end=\"589\">Du 19 avril au 4 mai \/ <\/strong>Centre Aquatique Camille Muffat &#8211; 110 rue Emile Zola.<strong data-start=\"568\" data-end=\"589\"><br \/>\n<\/strong><\/p>\n<hr \/>\n<p><span style=\"background-color: #000000; color: #ffffff;\"><strong>FEYZIN<\/strong><\/span><\/p>\n<div class=\"event-header ic-event-header ic-clearfix\">\n<div class=\"title-header ic-title-header ic-float-left\">\n<p><a href=\"https:\/\/www.ville-feyzin.fr\/agenda\/96-chasse-aux-oeufs\/2025-04-12-14-00\"><span style=\"background-color: #000000; color: #3366ff;\"><strong>Chasse aux oeufs<\/strong><\/span><\/a><\/p>\n<p><strong><span class=\"ic-single-next\">Samedi 12 avril \/ <\/span><\/strong><span class=\"ic-single-starttime\"><strong>14 h<\/strong> \/ <\/span>Parc de l&rsquo;Europe.<\/p>\n<hr \/>\n<p><span style=\"color: #ffffff;\"><strong><span style=\"background-color: #000000;\">GENAS<\/span><\/strong><\/span><\/p>\n<p><a href=\"https:\/\/genas.fr\/events\/oeufs-de-paques\/\"><span style=\"background-color: #000000; color: #3366ff;\"><strong>\u0152ufs de P\u00e2ques<\/strong><\/span><\/a><\/p>\n<p><strong><span class=\"day\">Lundi 21 avril \/ <\/span>\u00e0 <\/strong><span class=\"time\"><strong>11 h<\/strong> \/ <\/span><span class=\"location\">Salle Marius Berliet, 14 rue de l&rsquo;Avenir.<\/span><\/p>\n<\/div>\n<\/div>\n<hr \/>\n<p><span style=\"background-color: #000000; color: #ffffff;\"><strong>JONAGE<\/strong><\/span><\/p>\n<p><span style=\"background-color: #000000; color: #3366ff;\"><a style=\"background-color: #000000; color: #3366ff;\" href=\"https:\/\/www.ville-feyzin.fr\/agenda\/96-chasse-aux-oeufs\/2025-04-12-14-00\"><strong>Chasse aux oeufs<\/strong><\/a><\/span><\/p>\n<p><strong><span class=\"ic-single-next\">Samedi 19 avril \/ 9 h \u00e0 <\/span><\/strong><span class=\"ic-single-starttime\"><strong>12 h<\/strong> \/ RDV \u00e0 la Boule Jonageoise \/ 17 B rue de Verdun.<br \/>\n<\/span><\/p>\n<hr \/>\n<p><strong><span style=\"background-color: #000000; color: #ffffff;\">LYON 4<\/span><\/strong><\/p>\n<p><a href=\"https:\/\/mairie4.lyon.fr\/evenement\/sport\/la-chasse-aux-oeufs-est-ouverte\"><strong><span style=\"background-color: #000000; color: #3366ff;\">Chasse aux \u0153ufs Smiley<\/span><\/strong><\/a><\/p>\n<p><strong>Samedi 12 et dimanche 13 avril \/ 9 h \u00e0 12 h <\/strong>\/ Piscine Saint-Exup\u00e9ry, 11 rue Petrus Sambardier.<\/p>\n<hr \/>\n<p><span style=\"background-color: #000000; color: #ffffff;\"><strong>MARCY-L\u2019ETOILE<\/strong><\/span><\/p>\n<p><a href=\"https:\/\/www.marcyletoile.fr\/actualites\/la-chasse-aux-oeufs-edition-2025\/\"><strong><span style=\"background-color: #000000; color: #3366ff;\">Course aux Oeufs<\/span><\/strong><\/a><\/p>\n<p><strong>Dimanche 20 avril<\/strong> \/ <strong>9 h \u00e0 11 h 30 \/ <\/strong>D\u00e9part du complexe sportif.<\/p>\n<p><span style=\"background-color: #000000; color: #ffffff;\"><strong>MARENNES<\/strong><\/span><\/p>\n<p class=\"entry-title\"><a href=\"https:\/\/www.marennes.net\/chasse-aux-oeufs-3\/\"><span style=\"background-color: #000000; color: #3366ff;\"><strong>Chasse aux oeufs<\/strong><\/span><\/a><\/p>\n<p><strong>Dimanche 13 avril \/ 10 h \u00e0 12 h<\/strong> \/ pour les enfants de Marennes de 0 \u00e0 10 ans (CM2) \/ Route de Chaponnay (parking du cimeti\u00e8re).<\/p>\n<p><span style=\"background-color: #000000; color: #ffffff;\"><strong class=\"ui-sortable-handle\">MEYZIEU <\/strong><\/span><\/p>\n<p class=\"heading__title\"><a href=\"https:\/\/www.meyzieu.fr\/information-transversale\/agenda\/chasse-aux-oeufs-2960\"><strong><span style=\"background-color: #000000; color: #3366ff;\">Chasse aux \u0153ufs traditionnelle<\/span><\/strong><\/a><\/p>\n<p><strong>Samedi 12 avril \/ 10 h \u00e0 11 h <\/strong>\/ pour les enfants de 2 ans jusqu\u2019aux \u00e9l\u00e8ves de CP inclus \/ Parc R\u00e9publique.<\/p>\n<p><span style=\"background-color: #000000; color: #ffffff;\"><strong>MIRIBEL-JONAGE<\/strong><\/span><\/p>\n<p><a href=\"https:\/\/www.grand-parc.fr\/agenda\/chasse-aux-oeufs-2025\"><strong><span style=\"background-color: #000000; color: #3366ff;\">Chasse aux \u0153ufs \/ Chasse aux tr\u00e9sors en autonomie<\/span><\/strong><\/a><\/p>\n<p><strong>Du dimanche 20 au mercredi 30 avril<\/strong> \/ Atol.<\/p>\n<p><span style=\"background-color: #000000; color: #ffffff;\"><strong>MONTROTTIER<\/strong><\/span><\/p>\n<p><a href=\"https:\/\/montrottier.fr\/fete-des-oeufs-2025-dimanche-20-avril\/\"><strong><span style=\"background-color: #000000; color: #3366ff;\">F\u00eate des Oeufs<\/span><\/strong><\/a><\/p>\n<p><strong>Dimanche 20 avril \/ 10 h \u00e0 18 h<\/strong>.<\/p>\n<hr \/>\n<p><span style=\"background-color: #000000; color: #ffffff;\"><strong>PUSIGNAN<\/strong><\/span><\/p>\n<div class=\"com-content-article__body\">\n<p><a href=\"https:\/\/www.pusignan.fr\/decouvrir-bouger\/animations-et-festivites\/agenda\/302-chasse-aux-oeufs\"><strong><span style=\"background-color: #000000; color: #3366ff;\">Chasse aux oeufs<\/span><\/strong><\/a><\/p>\n<p><strong>Dimanche 20 et lundi 21 Avril<\/strong> \/ Sur l&rsquo;ensemble de la commune<\/p>\n<\/div>\n<hr \/>\n<p><span style=\"background-color: #000000; color: #ffffff;\"><strong>SAINT-BONNET-DE-MURE<\/strong><\/span><\/p>\n<p class=\"heading__title\"><a href=\"https:\/\/www.saintbonnetdemure.com\/evenements\/chasse-aux-oeufs-3\/\"><strong><span style=\"background-color: #000000; color: #3366ff;\">Chasse aux oeufs<\/span><\/strong><\/a><\/p>\n<p><strong>Samedi 19 avril \/ D\u00e9part \u00e0 10 h<\/strong> \/ Parc du Ch\u00e2teau.<\/p>\n<p><strong><span style=\"background-color: #000000; color: #ffffff;\">SAINTE FOY LES LYON<\/span><\/strong><\/p>\n<p class=\"heading__title\"><a href=\"https:\/\/www.saintefoyleslyon.fr\/evenements\/chasse-aux-oeufs-3\/\"><span style=\"background-color: #000000; color: #3366ff;\"><strong><span class=\"heading__title-text\">Chasse aux \u0153ufs<\/span><\/strong><\/span><\/a><\/p>\n<p><strong>Mercredi 16 avril \/ d\u00e8s 14 h<\/strong> \/ Centre Bourg.<\/p>\n<p><span style=\"background-color: #000000; color: #ffffff;\"><strong>SEREZIN-DU-RHONE<\/strong><\/span><\/p>\n<p><a href=\"https:\/\/www.serezin-du-rhone.fr\/decouvrir-et-bouger\/evenements-culturels\/1322-chasse-aux-oeufs\"><span style=\"background-color: #000000; color: #3366ff;\"><strong>Chasse aux \u0153ufs<\/strong><\/span><\/a><\/p>\n<p><strong>Mercredi 16 avril de 14 h 30 \u00e0 16 h 30<\/strong> \/ Parc de l&rsquo;Ozon.<\/p>\n<p><span style=\"background-color: #000000; color: #ffffff;\"><strong>SIMANDRES<\/strong><\/span><\/p>\n<p><a href=\"https:\/\/www.simandres.fr\/_files\/ugd\/e59b43_f1bf3551abb943f8952484b58bebe65b.pdf\"><strong><span style=\"background-color: #000000; color: #3366ff;\">Chasse aux Oeufs<\/span><\/strong><\/a><\/p>\n<p><strong>Dimanche 20 avril \/ de 10 h \u00e0 12 h<\/strong> \/ Parc des Pachottes.<\/p>\n<hr \/>\n<p style=\"text-align: center;\"><span style=\"font-size: 24pt; background-color: #000000; color: #ff6600;\"><strong>AIN<\/strong><\/span><\/p>\n<p><span style=\"background-color: #000000; color: #ffffff;\"><strong>SAINT-MAURICE-DE-BEYNOST<\/strong><\/span><\/p>\n<p><a href=\"https:\/\/www.intramuros.org\/jons\/agenda\/504740\"><strong><span style=\"background-color: #000000; color: #3366ff;\">Chasse aux oeufs \u2013 Lil\u00f4<\/span><\/strong><\/a><\/p>\n<p><strong>Mercredi 23 avril \/ 13 h \u00e0 15 h<\/strong> \/ Forum des sports.<\/p>\n<p><span style=\"background-color: #000000; color: #ffffff;\"><strong>VILLARS-LES-DOMBES<\/strong><\/span><\/p>\n<p><a href=\"https:\/\/www.parcdesoiseaux.com\"><strong><span style=\"background-color: #000000; color: #3366ff;\">Traditionnelle Chasse aux \u0153ufs de P\u00e2ques<\/span><\/strong><\/a><\/p>\n<p><strong>Du samedi 19 au lundi 21 avril \/ <\/strong>Tous les enfants de 3 \u00e0 12 ans en visite au parc sur ces trois journ\u00e9es sont invit\u00e9s \u00e0 participer.<\/p>\n<hr \/>\n<hr \/>\n<p style=\"text-align: center;\"><span style=\"font-size: 24pt; background-color: #000000; color: #ff6600;\"><strong>ISERE<\/strong><\/span><\/p>\n<p><span style=\"background-color: #000000; color: #ffffff;\"><strong>BOURGOIN-JALLIEU<\/strong><\/span><\/p>\n<p><span style=\"background-color: #000000; color: #3366ff;\"><a href=\"https:\/\/www.bourgoinjallieu.fr\/agenda\/1737-chasse-aux-oeufs-avec-equirenait-sens\"><strong><span style=\"background-color: #000000; color: #3366ff;\">Chasse aux oeufs avec Equirenait&rsquo;sens !<\/span><\/strong><\/a><\/span><\/p>\n<p><strong>Dimanche 13 avril \/ \u00e0 14 h \/ <\/strong>Maison des associations de Montbernier.<\/p>\n<p><span style=\"background-color: #000000; color: #ffffff;\"><strong>VILLETTE-D\u2019ANTHON<\/strong><\/span><\/p>\n<p class=\"titre mb-5 mt-0\"><strong><a href=\"https:\/\/www.mairie-villettedanthon.fr\/\/index.php\/agenda?idpage=34&amp;scope=all\"><span style=\"background-color: #000000; color: #3366ff;\">La traditionnelle chasse aux oeufs<\/span><\/a><br \/>\n<\/strong><\/p>\n<div class=\"date_manif date_start\">\n<div class=\"wrapp_date-start\"><strong><span class=\"date-start_jour_lettre\">Dimanche<\/span> <span class=\"date-start_jour_nbre\">13<\/span> <span class=\"date-start_mois_lettre\">avril<\/span> \/ <span class=\"heuremanif\">de 15 h \u00e0 18 h \/ <\/span><\/strong><span class=\"heuremanif\">Parc de la maison de retraite<\/span><\/div>\n<\/div>\n<hr \/>\n<hr \/>\n<p>&nbsp;<\/p>\n","protected":false},"excerpt":{"rendered":"<p>Ce traditionnel \u00e9v\u00e8nement de P\u00e2ques tant attendu par les enfants, se d\u00e9roulera sous diverses formes sur plusieurs communes de la r\u00e9gion. <\/p>\n","protected":false},"author":4,"featured_media":18294,"comment_status":"open","ping_status":"open","sticky":false,"template":"","format":"standard","meta":{"footnotes":""},"categories":[156,4153,19,1620,4152,270,1283,1280,1287,21,1598,164,1303,1279,1625,24],"tags":[3674,3675],"class_list":["post-218843","post","type-post","status-publish","format-standard","has-post-thumbnail","hentry","category-ain","category-ain-isere","category-bron","category-caluire","category-caluire-rillieux-la-pape","category-cte-de-communes-c-c-e-l","category-chassieu-communes-diverses","category-colombier-saugnieu","category-corbas-feyzin","category-decines-charpieu","category-genas","category-isere","category-jonage","category-jons-pusignan","category-lyon","category-meyzieu","tag-chasse-aux-oeufs","tag-paques"],"yoast_head":"<!-- This site is optimized with the Yoast SEO plugin v27.2 - https:\/\/yoast.com\/product\/yoast-seo-wordpress\/ -->\n<title>Chasse aux oeufs | Demandez le programme dans la r\u00e9gion ! - News Est Lyonnais<\/title>\n<meta name=\"description\" content=\"Chasse aux oeufs | Demandez le programme dans la r\u00e9gion !\" \/>\n<meta name=\"robots\" content=\"index, follow, max-snippet:-1, max-image-preview:large, max-video-preview:-1\" \/>\n<link rel=\"canonical\" href=\"https:\/\/newsestlyonnais.fr\/site\/2025\/04\/11\/chasse-aux-oeufs-demandez-le-programme-dans-la-region\/\" \/>\n<meta property=\"og:locale\" content=\"fr_FR\" \/>\n<meta property=\"og:type\" content=\"article\" \/>\n<meta property=\"og:title\" content=\"Chasse aux oeufs | Demandez le programme dans la r\u00e9gion ! - News Est Lyonnais\" \/>\n<meta property=\"og:description\" content=\"Chasse aux oeufs | Demandez le programme dans la r\u00e9gion !\" \/>\n<meta property=\"og:url\" content=\"https:\/\/newsestlyonnais.fr\/site\/2025\/04\/11\/chasse-aux-oeufs-demandez-le-programme-dans-la-region\/\" \/>\n<meta property=\"og:site_name\" content=\"News Est Lyonnais\" \/>\n<meta property=\"article:author\" content=\"https:\/\/www.facebook.com\/pascal.oberson.1?fref=ts\" \/>\n<meta property=\"article:published_time\" content=\"2025-04-11T14:15:08+00:00\" \/>\n<meta property=\"article:modified_time\" content=\"2025-05-06T04:36:37+00:00\" \/>\n<meta property=\"og:image\" content=\"https:\/\/newsestlyonnais.fr\/site\/wp-content\/uploads\/2017\/01\/NEWSESTLYONNAIS-chasse-oeufs-paques-2016.jpg\" \/>\n\t<meta property=\"og:image:width\" content=\"1000\" \/>\n\t<meta property=\"og:image:height\" content=\"750\" \/>\n\t<meta property=\"og:image:type\" content=\"image\/jpeg\" \/>\n<meta name=\"author\" content=\"R\u00e9dac. NEWS\" \/>\n<meta name=\"twitter:card\" content=\"summary_large_image\" \/>\n<meta name=\"twitter:label1\" content=\"\u00c9crit par\" \/>\n\t<meta name=\"twitter:data1\" content=\"R\u00e9dac. NEWS\" \/>\n\t<meta name=\"twitter:label2\" content=\"Dur\u00e9e de lecture estim\u00e9e\" \/>\n\t<meta name=\"twitter:data2\" content=\"3 minutes\" \/>\n<script type=\"application\/ld+json\" class=\"yoast-schema-graph\">{\"@context\":\"https:\/\/schema.org\",\"@graph\":[{\"@type\":\"Article\",\"@id\":\"https:\/\/newsestlyonnais.fr\/site\/2025\/04\/11\/chasse-aux-oeufs-demandez-le-programme-dans-la-region\/#article\",\"isPartOf\":{\"@id\":\"https:\/\/newsestlyonnais.fr\/site\/2025\/04\/11\/chasse-aux-oeufs-demandez-le-programme-dans-la-region\/\"},\"author\":{\"name\":\"R\u00e9dac. NEWS\",\"@id\":\"https:\/\/newsestlyonnais.fr\/site\/#\/schema\/person\/3230d5615f390bb808365d673001e887\"},\"headline\":\"Chasse aux oeufs | Demandez le programme dans la r\u00e9gion !\",\"datePublished\":\"2025-04-11T14:15:08+00:00\",\"dateModified\":\"2025-05-06T04:36:37+00:00\",\"mainEntityOfPage\":{\"@id\":\"https:\/\/newsestlyonnais.fr\/site\/2025\/04\/11\/chasse-aux-oeufs-demandez-le-programme-dans-la-region\/\"},\"wordCount\":370,\"commentCount\":0,\"publisher\":{\"@id\":\"https:\/\/newsestlyonnais.fr\/site\/#organization\"},\"image\":{\"@id\":\"https:\/\/newsestlyonnais.fr\/site\/2025\/04\/11\/chasse-aux-oeufs-demandez-le-programme-dans-la-region\/#primaryimage\"},\"thumbnailUrl\":\"https:\/\/newsestlyonnais.fr\/site\/wp-content\/uploads\/2017\/01\/NEWSESTLYONNAIS-chasse-oeufs-paques-2016.jpg\",\"keywords\":[\"CHASSE AUX OEUFS\",\"PAQUES\"],\"articleSection\":[\"Ain (01)\",\"Ain | Is\u00e8re\",\"Bron\",\"Caluire\",\"CALUIRE | RILLIEUX LA PAPE\",\"CCEL | Communes\",\"Chassieu | Communes diverses\",\"Colombier-Saugnieu\",\"Corbas | Feyzin\",\"D\u00e9cines-Charpieu\",\"Genas\",\"Is\u00e8re (38)\",\"Jonage\",\"Jons | Pusignan\",\"Lyon\",\"Meyzieu\"],\"inLanguage\":\"fr-FR\",\"potentialAction\":[{\"@type\":\"CommentAction\",\"name\":\"Comment\",\"target\":[\"https:\/\/newsestlyonnais.fr\/site\/2025\/04\/11\/chasse-aux-oeufs-demandez-le-programme-dans-la-region\/#respond\"]}]},{\"@type\":\"WebPage\",\"@id\":\"https:\/\/newsestlyonnais.fr\/site\/2025\/04\/11\/chasse-aux-oeufs-demandez-le-programme-dans-la-region\/\",\"url\":\"https:\/\/newsestlyonnais.fr\/site\/2025\/04\/11\/chasse-aux-oeufs-demandez-le-programme-dans-la-region\/\",\"name\":\"Chasse aux oeufs | Demandez le programme dans la r\u00e9gion ! - News Est Lyonnais\",\"isPartOf\":{\"@id\":\"https:\/\/newsestlyonnais.fr\/site\/#website\"},\"primaryImageOfPage\":{\"@id\":\"https:\/\/newsestlyonnais.fr\/site\/2025\/04\/11\/chasse-aux-oeufs-demandez-le-programme-dans-la-region\/#primaryimage\"},\"image\":{\"@id\":\"https:\/\/newsestlyonnais.fr\/site\/2025\/04\/11\/chasse-aux-oeufs-demandez-le-programme-dans-la-region\/#primaryimage\"},\"thumbnailUrl\":\"https:\/\/newsestlyonnais.fr\/site\/wp-content\/uploads\/2017\/01\/NEWSESTLYONNAIS-chasse-oeufs-paques-2016.jpg\",\"datePublished\":\"2025-04-11T14:15:08+00:00\",\"dateModified\":\"2025-05-06T04:36:37+00:00\",\"description\":\"Chasse aux oeufs | Demandez le programme dans la r\u00e9gion !\",\"breadcrumb\":{\"@id\":\"https:\/\/newsestlyonnais.fr\/site\/2025\/04\/11\/chasse-aux-oeufs-demandez-le-programme-dans-la-region\/#breadcrumb\"},\"inLanguage\":\"fr-FR\",\"potentialAction\":[{\"@type\":\"ReadAction\",\"target\":[\"https:\/\/newsestlyonnais.fr\/site\/2025\/04\/11\/chasse-aux-oeufs-demandez-le-programme-dans-la-region\/\"]}]},{\"@type\":\"ImageObject\",\"inLanguage\":\"fr-FR\",\"@id\":\"https:\/\/newsestlyonnais.fr\/site\/2025\/04\/11\/chasse-aux-oeufs-demandez-le-programme-dans-la-region\/#primaryimage\",\"url\":\"https:\/\/newsestlyonnais.fr\/site\/wp-content\/uploads\/2017\/01\/NEWSESTLYONNAIS-chasse-oeufs-paques-2016.jpg\",\"contentUrl\":\"https:\/\/newsestlyonnais.fr\/site\/wp-content\/uploads\/2017\/01\/NEWSESTLYONNAIS-chasse-oeufs-paques-2016.jpg\",\"width\":1000,\"height\":750,\"caption\":\"newsestlyonnais-chasse-oeufs-paques-2016\"},{\"@type\":\"BreadcrumbList\",\"@id\":\"https:\/\/newsestlyonnais.fr\/site\/2025\/04\/11\/chasse-aux-oeufs-demandez-le-programme-dans-la-region\/#breadcrumb\",\"itemListElement\":[{\"@type\":\"ListItem\",\"position\":1,\"name\":\"Accueil\",\"item\":\"https:\/\/newsestlyonnais.fr\/site\/\"},{\"@type\":\"ListItem\",\"position\":2,\"name\":\"Chasse aux oeufs | Demandez le programme dans la r\u00e9gion !\"}]},{\"@type\":\"WebSite\",\"@id\":\"https:\/\/newsestlyonnais.fr\/site\/#website\",\"url\":\"https:\/\/newsestlyonnais.fr\/site\/\",\"name\":\"News Est Lyonnais\",\"description\":\"L&#039;actualit\u00e9 au plus pr\u00e8s\",\"publisher\":{\"@id\":\"https:\/\/newsestlyonnais.fr\/site\/#organization\"},\"potentialAction\":[{\"@type\":\"SearchAction\",\"target\":{\"@type\":\"EntryPoint\",\"urlTemplate\":\"https:\/\/newsestlyonnais.fr\/site\/?s={search_term_string}\"},\"query-input\":{\"@type\":\"PropertyValueSpecification\",\"valueRequired\":true,\"valueName\":\"search_term_string\"}}],\"inLanguage\":\"fr-FR\"},{\"@type\":\"Organization\",\"@id\":\"https:\/\/newsestlyonnais.fr\/site\/#organization\",\"name\":\"News EST LYONNAIS\",\"url\":\"https:\/\/newsestlyonnais.fr\/site\/\",\"logo\":{\"@type\":\"ImageObject\",\"inLanguage\":\"fr-FR\",\"@id\":\"https:\/\/newsestlyonnais.fr\/site\/#\/schema\/logo\/image\/\",\"url\":\"\",\"contentUrl\":\"\",\"caption\":\"News EST LYONNAIS\"},\"image\":{\"@id\":\"https:\/\/newsestlyonnais.fr\/site\/#\/schema\/logo\/image\/\"}},{\"@type\":\"Person\",\"@id\":\"https:\/\/newsestlyonnais.fr\/site\/#\/schema\/person\/3230d5615f390bb808365d673001e887\",\"name\":\"R\u00e9dac. NEWS\",\"sameAs\":[\"http:\/\/www.newsestlyonnais.fr\",\"https:\/\/www.facebook.com\/pascal.oberson.1?fref=ts\",\"https:\/\/fr.linkedin.com\/in\/pascal-oberson-b17045113\"],\"url\":\"https:\/\/newsestlyonnais.fr\/site\/author\/nel\/\"}]}<\/script>\n<!-- \/ Yoast SEO plugin. -->","yoast_head_json":{"title":"Chasse aux oeufs | Demandez le programme dans la r\u00e9gion ! - News Est Lyonnais","description":"Chasse aux oeufs | Demandez le programme dans la r\u00e9gion !","robots":{"index":"index","follow":"follow","max-snippet":"max-snippet:-1","max-image-preview":"max-image-preview:large","max-video-preview":"max-video-preview:-1"},"canonical":"https:\/\/newsestlyonnais.fr\/site\/2025\/04\/11\/chasse-aux-oeufs-demandez-le-programme-dans-la-region\/","og_locale":"fr_FR","og_type":"article","og_title":"Chasse aux oeufs | Demandez le programme dans la r\u00e9gion ! - News Est Lyonnais","og_description":"Chasse aux oeufs | Demandez le programme dans la r\u00e9gion !","og_url":"https:\/\/newsestlyonnais.fr\/site\/2025\/04\/11\/chasse-aux-oeufs-demandez-le-programme-dans-la-region\/","og_site_name":"News Est Lyonnais","article_author":"https:\/\/www.facebook.com\/pascal.oberson.1?fref=ts","article_published_time":"2025-04-11T14:15:08+00:00","article_modified_time":"2025-05-06T04:36:37+00:00","og_image":[{"width":1000,"height":750,"url":"https:\/\/newsestlyonnais.fr\/site\/wp-content\/uploads\/2017\/01\/NEWSESTLYONNAIS-chasse-oeufs-paques-2016.jpg","type":"image\/jpeg"}],"author":"R\u00e9dac. NEWS","twitter_card":"summary_large_image","twitter_misc":{"\u00c9crit par":"R\u00e9dac. NEWS","Dur\u00e9e de lecture estim\u00e9e":"3 minutes"},"schema":{"@context":"https:\/\/schema.org","@graph":[{"@type":"Article","@id":"https:\/\/newsestlyonnais.fr\/site\/2025\/04\/11\/chasse-aux-oeufs-demandez-le-programme-dans-la-region\/#article","isPartOf":{"@id":"https:\/\/newsestlyonnais.fr\/site\/2025\/04\/11\/chasse-aux-oeufs-demandez-le-programme-dans-la-region\/"},"author":{"name":"R\u00e9dac. NEWS","@id":"https:\/\/newsestlyonnais.fr\/site\/#\/schema\/person\/3230d5615f390bb808365d673001e887"},"headline":"Chasse aux oeufs | Demandez le programme dans la r\u00e9gion !","datePublished":"2025-04-11T14:15:08+00:00","dateModified":"2025-05-06T04:36:37+00:00","mainEntityOfPage":{"@id":"https:\/\/newsestlyonnais.fr\/site\/2025\/04\/11\/chasse-aux-oeufs-demandez-le-programme-dans-la-region\/"},"wordCount":370,"commentCount":0,"publisher":{"@id":"https:\/\/newsestlyonnais.fr\/site\/#organization"},"image":{"@id":"https:\/\/newsestlyonnais.fr\/site\/2025\/04\/11\/chasse-aux-oeufs-demandez-le-programme-dans-la-region\/#primaryimage"},"thumbnailUrl":"https:\/\/newsestlyonnais.fr\/site\/wp-content\/uploads\/2017\/01\/NEWSESTLYONNAIS-chasse-oeufs-paques-2016.jpg","keywords":["CHASSE AUX OEUFS","PAQUES"],"articleSection":["Ain (01)","Ain | Is\u00e8re","Bron","Caluire","CALUIRE | RILLIEUX LA PAPE","CCEL | Communes","Chassieu | Communes diverses","Colombier-Saugnieu","Corbas | Feyzin","D\u00e9cines-Charpieu","Genas","Is\u00e8re (38)","Jonage","Jons | Pusignan","Lyon","Meyzieu"],"inLanguage":"fr-FR","potentialAction":[{"@type":"CommentAction","name":"Comment","target":["https:\/\/newsestlyonnais.fr\/site\/2025\/04\/11\/chasse-aux-oeufs-demandez-le-programme-dans-la-region\/#respond"]}]},{"@type":"WebPage","@id":"https:\/\/newsestlyonnais.fr\/site\/2025\/04\/11\/chasse-aux-oeufs-demandez-le-programme-dans-la-region\/","url":"https:\/\/newsestlyonnais.fr\/site\/2025\/04\/11\/chasse-aux-oeufs-demandez-le-programme-dans-la-region\/","name":"Chasse aux oeufs | Demandez le programme dans la r\u00e9gion ! - News Est Lyonnais","isPartOf":{"@id":"https:\/\/newsestlyonnais.fr\/site\/#website"},"primaryImageOfPage":{"@id":"https:\/\/newsestlyonnais.fr\/site\/2025\/04\/11\/chasse-aux-oeufs-demandez-le-programme-dans-la-region\/#primaryimage"},"image":{"@id":"https:\/\/newsestlyonnais.fr\/site\/2025\/04\/11\/chasse-aux-oeufs-demandez-le-programme-dans-la-region\/#primaryimage"},"thumbnailUrl":"https:\/\/newsestlyonnais.fr\/site\/wp-content\/uploads\/2017\/01\/NEWSESTLYONNAIS-chasse-oeufs-paques-2016.jpg","datePublished":"2025-04-11T14:15:08+00:00","dateModified":"2025-05-06T04:36:37+00:00","description":"Chasse aux oeufs | Demandez le programme dans la r\u00e9gion !","breadcrumb":{"@id":"https:\/\/newsestlyonnais.fr\/site\/2025\/04\/11\/chasse-aux-oeufs-demandez-le-programme-dans-la-region\/#breadcrumb"},"inLanguage":"fr-FR","potentialAction":[{"@type":"ReadAction","target":["https:\/\/newsestlyonnais.fr\/site\/2025\/04\/11\/chasse-aux-oeufs-demandez-le-programme-dans-la-region\/"]}]},{"@type":"ImageObject","inLanguage":"fr-FR","@id":"https:\/\/newsestlyonnais.fr\/site\/2025\/04\/11\/chasse-aux-oeufs-demandez-le-programme-dans-la-region\/#primaryimage","url":"https:\/\/newsestlyonnais.fr\/site\/wp-content\/uploads\/2017\/01\/NEWSESTLYONNAIS-chasse-oeufs-paques-2016.jpg","contentUrl":"https:\/\/newsestlyonnais.fr\/site\/wp-content\/uploads\/2017\/01\/NEWSESTLYONNAIS-chasse-oeufs-paques-2016.jpg","width":1000,"height":750,"caption":"newsestlyonnais-chasse-oeufs-paques-2016"},{"@type":"BreadcrumbList","@id":"https:\/\/newsestlyonnais.fr\/site\/2025\/04\/11\/chasse-aux-oeufs-demandez-le-programme-dans-la-region\/#breadcrumb","itemListElement":[{"@type":"ListItem","position":1,"name":"Accueil","item":"https:\/\/newsestlyonnais.fr\/site\/"},{"@type":"ListItem","position":2,"name":"Chasse aux oeufs | Demandez le programme dans la r\u00e9gion !"}]},{"@type":"WebSite","@id":"https:\/\/newsestlyonnais.fr\/site\/#website","url":"https:\/\/newsestlyonnais.fr\/site\/","name":"News Est Lyonnais","description":"L&#039;actualit\u00e9 au plus pr\u00e8s","publisher":{"@id":"https:\/\/newsestlyonnais.fr\/site\/#organization"},"potentialAction":[{"@type":"SearchAction","target":{"@type":"EntryPoint","urlTemplate":"https:\/\/newsestlyonnais.fr\/site\/?s={search_term_string}"},"query-input":{"@type":"PropertyValueSpecification","valueRequired":true,"valueName":"search_term_string"}}],"inLanguage":"fr-FR"},{"@type":"Organization","@id":"https:\/\/newsestlyonnais.fr\/site\/#organization","name":"News EST LYONNAIS","url":"https:\/\/newsestlyonnais.fr\/site\/","logo":{"@type":"ImageObject","inLanguage":"fr-FR","@id":"https:\/\/newsestlyonnais.fr\/site\/#\/schema\/logo\/image\/","url":"","contentUrl":"","caption":"News EST LYONNAIS"},"image":{"@id":"https:\/\/newsestlyonnais.fr\/site\/#\/schema\/logo\/image\/"}},{"@type":"Person","@id":"https:\/\/newsestlyonnais.fr\/site\/#\/schema\/person\/3230d5615f390bb808365d673001e887","name":"R\u00e9dac. NEWS","sameAs":["http:\/\/www.newsestlyonnais.fr","https:\/\/www.facebook.com\/pascal.oberson.1?fref=ts","https:\/\/fr.linkedin.com\/in\/pascal-oberson-b17045113"],"url":"https:\/\/newsestlyonnais.fr\/site\/author\/nel\/"}]}},"_links":{"self":[{"href":"https:\/\/newsestlyonnais.fr\/site\/wp-json\/wp\/v2\/posts\/218843","targetHints":{"allow":["GET"]}}],"collection":[{"href":"https:\/\/newsestlyonnais.fr\/site\/wp-json\/wp\/v2\/posts"}],"about":[{"href":"https:\/\/newsestlyonnais.fr\/site\/wp-json\/wp\/v2\/types\/post"}],"author":[{"embeddable":true,"href":"https:\/\/newsestlyonnais.fr\/site\/wp-json\/wp\/v2\/users\/4"}],"replies":[{"embeddable":true,"href":"https:\/\/newsestlyonnais.fr\/site\/wp-json\/wp\/v2\/comments?post=218843"}],"version-history":[{"count":0,"href":"https:\/\/newsestlyonnais.fr\/site\/wp-json\/wp\/v2\/posts\/218843\/revisions"}],"wp:featuredmedia":[{"embeddable":true,"href":"https:\/\/newsestlyonnais.fr\/site\/wp-json\/wp\/v2\/media\/18294"}],"wp:attachment":[{"href":"https:\/\/newsestlyonnais.fr\/site\/wp-json\/wp\/v2\/media?parent=218843"}],"wp:term":[{"taxonomy":"category","embeddable":true,"href":"https:\/\/newsestlyonnais.fr\/site\/wp-json\/wp\/v2\/categories?post=218843"},{"taxonomy":"post_tag","embeddable":true,"href":"https:\/\/newsestlyonnais.fr\/site\/wp-json\/wp\/v2\/tags?post=218843"}],"curies":[{"name":"wp","href":"https:\/\/api.w.org\/{rel}","templated":true}]}}