{"id":21889,"date":"2017-03-02T09:50:04","date_gmt":"2017-03-02T08:50:04","guid":{"rendered":"http:\/\/newsestlyonnais.fr\/site\/?p=21889"},"modified":"2020-11-16T19:21:49","modified_gmt":"2020-11-16T18:21:49","slug":"bron-la-litterature-en-scene-a-la-fete-du-livre-de-bron","status":"publish","type":"post","link":"https:\/\/newsestlyonnais.fr\/site\/2017\/03\/02\/bron-la-litterature-en-scene-a-la-fete-du-livre-de-bron\/","title":{"rendered":"BRON | La litt\u00e9rature en sc\u00e8ne \u00e0 la F\u00eate du Livre de Bron"},"content":{"rendered":"<h4>Entre concerts litt\u00e9raires, lectures dessin\u00e9es, chant\u00e9es, projection\u00a0vid\u00e9os, les \u00e9crivains mettent en sc\u00e8ne leurs romans les plus r\u00e9cents.<\/h4>\n<ul>\n<li><strong>Mercredi 8 Mars \u00e0 20 heures<\/strong>: <span style=\"text-decoration: underline\">LECTURE PROJECTION<\/span>: <strong><em>ON N&rsquo;EST PAS L\u00c0 POUR\u00a0DISPARA\u00ceTRE (<\/em><\/strong><em><br \/>\n<\/em><\/p>\n<div>\n<div>EMMANUELLE PAGANO):Dans\u00a0<em>Saufs riverains<\/em>, Emmanuelle Pagano a le souci de mettre en mots, pour m\u00e9moire, ce qui dispara\u00eet ou va dispara\u00eetre, et qui provoque chez les hommes et les terres de profonds bouleversements.La rencontre sera accompagn\u00e9e d\u2019une lecture et d\u2019une projection d\u2019images, qui sont autant de documents que l\u2019auteur a glan\u00e9s pour raconter et \u00e9prouver cette histoire. (<strong>Ferme du Vinatier, en entr\u00e9e libre)<\/strong><\/div>\n<div><\/div>\n<\/div>\n<\/li>\n<li>\n<div><strong>Jeudi 9 Mars \u00e0 20 heures<\/strong>: <span style=\"text-decoration: underline\">CONCERT LITT\u00c9RAIRE<\/span>: <strong><em>LONGUE HALEINE <\/em><\/strong><em>(<\/em>MAGYD CHERFI) accompagn\u00e9 de Samir Laroche au clavier. L\u2019ex parolier et chanteur du groupe Zebda, auteur de trois livres, propose une lecture musicale dans laquelle on retrouve notamment des extraits de son nouveau roman, <em>Ma part de Gaulois<\/em>, entrecoup\u00e9s de chansons issues de ses albums solo et des morceaux cultes du groupe toulousain. Une mani\u00e8re d\u2019entrer dans l\u2019\u0153uvre musicale et litt\u00e9raire de celui qui se r\u00e9clame d\u2019influences diverses, notamment les Clash, <em>Madame Bovary <\/em>et Jean-Paul Sartre ! <strong>(Jack Jack \/ MJC de Bron. Tarifs : pr\u00e9vente 10\u20ac \/ vente sur place 12 \u20ac)<\/strong><\/div>\n<\/li>\n<\/ul>\n<ul>\n<li>\n<div>\u00a0<strong>Vendredi\u00a0 10 Mars \u00e0 20 h 30<\/strong>: <span style=\"text-decoration: underline\">LECTURE MUSICALE DESSIN\u00c9E<\/span>: <strong><em>SOYEZ IMPRUDENTS LES ENFANTS <\/em><\/strong>(CHARLES BERB\u00c9RIAN, BASTIEN LALLEMANT et V\u00c9RONIQUE OVALD\u00c9). Quand une romanci\u00e8re rencontre l\u2019univers d\u2019un dessinateur de Bd et d\u2019un chanteur&#8230; Les trois artistes tissent une toile in\u00e9dite faite de textes, de chansons, de dessins, croisent leurs mondes, avec une gr\u00e2ce infinie, de la joie et une douce m\u00e9lancolie autour du roman de V\u00e9ronique Ovald\u00e9, <em>Soyez imprudents les enfants<\/em>. <strong>(Magic Mirror, Hippodrome de Parilly en entr\u00e9e libre).<\/strong><\/div>\n<\/li>\n<li>\n<div>\n<p><strong>Samedi 11 Mars \u00e0 20 h 30<\/strong>:\u00a0 <span style=\"text-decoration: underline\">LECTURE MUSICALE:<\/span> LA F\u00caTE DU LIVRE PROPOSE \u00c0 L\u2019ESPACE ALBERT CAMUS, DEUX CONCERTS QUI METTENT EN LIEN LA MUSIQUE ET LA LITT\u00c9RATURE. <strong><em>LOINTAIN <\/em><\/strong>(MARIE MODIANO \/ PETER VON POEHL), accompagn\u00e9s par S\u00e9bastien Grandgambe au violoncelle. Dans le nouveau roman de Marie Modiano, <em>Lointain<\/em>, une jeune femme se souvient de ses vingt ans. Les mots pleins de charme de Marie Modiano font \u00e9cho aux chansons non moins envo\u00fbtantes de Peter von Poehl, et \u00e0 ses propres chansons. <strong>(Espace Albert Camus, tarifs pour les 2 concerts: 12 \u20ac Tarif r\u00e9duit \/15 \u20ac Tarif plein).<\/strong><\/p>\n<\/div>\n<p>&#8211; <strong>Samedi 11 Mars \u00e0 22 heures<\/strong>: <span style=\"text-decoration: underline\">CONCERT LITT\u00c9RAIRE DESSIN\u00c9<\/span>: <strong><em>APOLOGIE DU SLOW <\/em><\/strong><em>(<\/em>JOCHEN GERNER \/ FABIO VISCOGLIOSI). Concert en avant-premi\u00e8re des nouvelles chansons de Fabio Viscogliosi, qui se d\u00e9clinent pour la premi\u00e8re fois en fran\u00e7ais, pendant que Jochen Gerner imagine sur grand \u00e9cran le dessin de cette rencontre \u00e0 plusieurs voix. <strong>(Espace Albert Camus,\u00a0 tarifs pour les 2 concerts: 12 \u20ac Tarif r\u00e9duit \/15 \u20ac Tarif plein).<\/strong><\/li>\n<li>\u00a0<strong>Dimanche 12 Mars \u00e0 17 heures 30<\/strong>: <span style=\"text-decoration: underline\">LECTURE MUSICALE<\/span>: <strong><em>LITTORAL <\/em><\/strong><em>(<\/em>BERTRAND BELIN)<strong>,\u00a0 <\/strong>accompagn\u00e9 par Thibault Frisoni aux machines et clavier. Apr\u00e8s <em>Requin<\/em>, un premier roman \u00e9minemment po\u00e9tique, Bertrand Belin revient avec un texte bref et de haute densit\u00e9 o\u00f9 l\u2019on retrouve toute l\u2019\u00e9tranget\u00e9 et l\u2019art de l\u2019ellipse de l\u2019artiste-\u00e9crivain. Bertrand Belin sait densifier la moindre phrase, le moindre mot, les charger d\u2019informations cach\u00e9es, les rendre mena\u00e7ants. <strong>(Magic Mirror, Hippodrome de Parilly en entr\u00e9e libre).<\/strong><\/li>\n<\/ul>\n<p>&nbsp;<\/p>\n<ul>\n<li>Retrouvez le programme de la F\u00eate du Livre sur: <a href=\"http:\/\/www.fetedulivredebron.com\/festival\" target=\"_blank\" rel=\"noopener noreferrer\">http:\/\/www.fetedulivredebron.com\/festival<\/a><\/li>\n<\/ul>\n","protected":false},"excerpt":{"rendered":"<p>Entre concerts litt\u00e9raires, lectures dessin\u00e9es, chant\u00e9es, projection\u00a0vid\u00e9os, les \u00e9crivains mettent en sc\u00e8ne leurs romans les plus r\u00e9cents. Mercredi 8 Mars \u00e0 20 heures: LECTURE PROJECTION: ON N&rsquo;EST PAS L\u00c0 POUR\u00a0DISPARA\u00ceTRE ( EMMANUELLE PAGANO):Dans\u00a0Saufs riverains, Emmanuelle Pagano a le souci de mettre en mots, pour m\u00e9moire, ce qui dispara\u00eet ou va dispara\u00eetre, et qui provoque chez [&hellip;]<\/p>\n","protected":false},"author":4,"featured_media":16589,"comment_status":"open","ping_status":"open","sticky":false,"template":"","format":"standard","meta":{"footnotes":""},"categories":[19,3329,2983],"tags":[],"class_list":["post-21889","post","type-post","status-publish","format-standard","has-post-thumbnail","hentry","category-bron","category-expos-foires-musees-salons","category-litterature-bd-mags-2"],"yoast_head":"<!-- This site is optimized with the Yoast SEO plugin v27.2 - https:\/\/yoast.com\/product\/yoast-seo-wordpress\/ -->\n<title>BRON : La litt\u00e9rature en sc\u00e8ne \u00e0 la F\u00eate du Livre de Bron du 10 au 12 Mars<\/title>\n<meta name=\"description\" content=\"BRON : La litt\u00e9rature en sc\u00e8ne \u00e0 la F\u00eate du Livre de Bron du 10 au 12 Mars\" \/>\n<meta name=\"robots\" content=\"index, follow, max-snippet:-1, max-image-preview:large, max-video-preview:-1\" \/>\n<link rel=\"canonical\" href=\"https:\/\/newsestlyonnais.fr\/site\/2017\/03\/02\/bron-la-litterature-en-scene-a-la-fete-du-livre-de-bron\/\" \/>\n<meta property=\"og:locale\" content=\"fr_FR\" \/>\n<meta property=\"og:type\" content=\"article\" \/>\n<meta property=\"og:title\" content=\"BRON : La litt\u00e9rature en sc\u00e8ne \u00e0 la F\u00eate du Livre de Bron du 10 au 12 Mars\" \/>\n<meta property=\"og:description\" content=\"BRON : La litt\u00e9rature en sc\u00e8ne \u00e0 la F\u00eate du Livre de Bron du 10 au 12 Mars\" \/>\n<meta property=\"og:url\" content=\"https:\/\/newsestlyonnais.fr\/site\/2017\/03\/02\/bron-la-litterature-en-scene-a-la-fete-du-livre-de-bron\/\" \/>\n<meta property=\"og:site_name\" content=\"News Est Lyonnais\" \/>\n<meta property=\"article:author\" content=\"https:\/\/www.facebook.com\/pascal.oberson.1?fref=ts\" \/>\n<meta property=\"article:published_time\" content=\"2017-03-02T08:50:04+00:00\" \/>\n<meta property=\"article:modified_time\" content=\"2020-11-16T18:21:49+00:00\" \/>\n<meta property=\"og:image\" content=\"https:\/\/i2.wp.com\/newsestlyonnais.fr\/site\/wp-content\/uploads\/2016\/11\/NEWSESTLYONNAIS-fetedulivre-1.jpg?fit=1000%2C750&ssl=1\" \/>\n\t<meta property=\"og:image:width\" content=\"1000\" \/>\n\t<meta property=\"og:image:height\" content=\"750\" \/>\n\t<meta property=\"og:image:type\" content=\"image\/jpeg\" \/>\n<meta name=\"author\" content=\"R\u00e9dac. NEWS\" \/>\n<meta name=\"twitter:card\" content=\"summary_large_image\" \/>\n<meta name=\"twitter:label1\" content=\"\u00c9crit par\" \/>\n\t<meta name=\"twitter:data1\" content=\"R\u00e9dac. NEWS\" \/>\n\t<meta name=\"twitter:label2\" content=\"Dur\u00e9e de lecture estim\u00e9e\" \/>\n\t<meta name=\"twitter:data2\" content=\"3 minutes\" \/>\n<script type=\"application\/ld+json\" class=\"yoast-schema-graph\">{\"@context\":\"https:\/\/schema.org\",\"@graph\":[{\"@type\":\"Article\",\"@id\":\"https:\/\/newsestlyonnais.fr\/site\/2017\/03\/02\/bron-la-litterature-en-scene-a-la-fete-du-livre-de-bron\/#article\",\"isPartOf\":{\"@id\":\"https:\/\/newsestlyonnais.fr\/site\/2017\/03\/02\/bron-la-litterature-en-scene-a-la-fete-du-livre-de-bron\/\"},\"author\":{\"name\":\"R\u00e9dac. NEWS\",\"@id\":\"https:\/\/newsestlyonnais.fr\/site\/#\/schema\/person\/3230d5615f390bb808365d673001e887\"},\"headline\":\"BRON | La litt\u00e9rature en sc\u00e8ne \u00e0 la F\u00eate du Livre de Bron\",\"datePublished\":\"2017-03-02T08:50:04+00:00\",\"dateModified\":\"2020-11-16T18:21:49+00:00\",\"mainEntityOfPage\":{\"@id\":\"https:\/\/newsestlyonnais.fr\/site\/2017\/03\/02\/bron-la-litterature-en-scene-a-la-fete-du-livre-de-bron\/\"},\"wordCount\":572,\"commentCount\":0,\"publisher\":{\"@id\":\"https:\/\/newsestlyonnais.fr\/site\/#organization\"},\"image\":{\"@id\":\"https:\/\/newsestlyonnais.fr\/site\/2017\/03\/02\/bron-la-litterature-en-scene-a-la-fete-du-livre-de-bron\/#primaryimage\"},\"thumbnailUrl\":\"https:\/\/newsestlyonnais.fr\/site\/wp-content\/uploads\/2016\/11\/NEWSESTLYONNAIS-fetedulivre-1.jpg\",\"articleSection\":[\"Bron\",\"Expos | Foires | Mus\u00e9es | Salons\",\"Litt\u00e9rature | Bd | Mags\"],\"inLanguage\":\"fr-FR\",\"potentialAction\":[{\"@type\":\"CommentAction\",\"name\":\"Comment\",\"target\":[\"https:\/\/newsestlyonnais.fr\/site\/2017\/03\/02\/bron-la-litterature-en-scene-a-la-fete-du-livre-de-bron\/#respond\"]}]},{\"@type\":\"WebPage\",\"@id\":\"https:\/\/newsestlyonnais.fr\/site\/2017\/03\/02\/bron-la-litterature-en-scene-a-la-fete-du-livre-de-bron\/\",\"url\":\"https:\/\/newsestlyonnais.fr\/site\/2017\/03\/02\/bron-la-litterature-en-scene-a-la-fete-du-livre-de-bron\/\",\"name\":\"BRON : La litt\u00e9rature en sc\u00e8ne \u00e0 la F\u00eate du Livre de Bron du 10 au 12 Mars\",\"isPartOf\":{\"@id\":\"https:\/\/newsestlyonnais.fr\/site\/#website\"},\"primaryImageOfPage\":{\"@id\":\"https:\/\/newsestlyonnais.fr\/site\/2017\/03\/02\/bron-la-litterature-en-scene-a-la-fete-du-livre-de-bron\/#primaryimage\"},\"image\":{\"@id\":\"https:\/\/newsestlyonnais.fr\/site\/2017\/03\/02\/bron-la-litterature-en-scene-a-la-fete-du-livre-de-bron\/#primaryimage\"},\"thumbnailUrl\":\"https:\/\/newsestlyonnais.fr\/site\/wp-content\/uploads\/2016\/11\/NEWSESTLYONNAIS-fetedulivre-1.jpg\",\"datePublished\":\"2017-03-02T08:50:04+00:00\",\"dateModified\":\"2020-11-16T18:21:49+00:00\",\"description\":\"BRON : La litt\u00e9rature en sc\u00e8ne \u00e0 la F\u00eate du Livre de Bron du 10 au 12 Mars\",\"breadcrumb\":{\"@id\":\"https:\/\/newsestlyonnais.fr\/site\/2017\/03\/02\/bron-la-litterature-en-scene-a-la-fete-du-livre-de-bron\/#breadcrumb\"},\"inLanguage\":\"fr-FR\",\"potentialAction\":[{\"@type\":\"ReadAction\",\"target\":[\"https:\/\/newsestlyonnais.fr\/site\/2017\/03\/02\/bron-la-litterature-en-scene-a-la-fete-du-livre-de-bron\/\"]}]},{\"@type\":\"ImageObject\",\"inLanguage\":\"fr-FR\",\"@id\":\"https:\/\/newsestlyonnais.fr\/site\/2017\/03\/02\/bron-la-litterature-en-scene-a-la-fete-du-livre-de-bron\/#primaryimage\",\"url\":\"https:\/\/newsestlyonnais.fr\/site\/wp-content\/uploads\/2016\/11\/NEWSESTLYONNAIS-fetedulivre-1.jpg\",\"contentUrl\":\"https:\/\/newsestlyonnais.fr\/site\/wp-content\/uploads\/2016\/11\/NEWSESTLYONNAIS-fetedulivre-1.jpg\",\"width\":1000,\"height\":750,\"caption\":\"newsestlyonnais-fetedulivre\"},{\"@type\":\"BreadcrumbList\",\"@id\":\"https:\/\/newsestlyonnais.fr\/site\/2017\/03\/02\/bron-la-litterature-en-scene-a-la-fete-du-livre-de-bron\/#breadcrumb\",\"itemListElement\":[{\"@type\":\"ListItem\",\"position\":1,\"name\":\"Accueil\",\"item\":\"https:\/\/newsestlyonnais.fr\/site\/\"},{\"@type\":\"ListItem\",\"position\":2,\"name\":\"BRON | La litt\u00e9rature en sc\u00e8ne \u00e0 la F\u00eate du Livre de Bron\"}]},{\"@type\":\"WebSite\",\"@id\":\"https:\/\/newsestlyonnais.fr\/site\/#website\",\"url\":\"https:\/\/newsestlyonnais.fr\/site\/\",\"name\":\"News Est Lyonnais\",\"description\":\"L&#039;actualit\u00e9 au plus pr\u00e8s\",\"publisher\":{\"@id\":\"https:\/\/newsestlyonnais.fr\/site\/#organization\"},\"potentialAction\":[{\"@type\":\"SearchAction\",\"target\":{\"@type\":\"EntryPoint\",\"urlTemplate\":\"https:\/\/newsestlyonnais.fr\/site\/?s={search_term_string}\"},\"query-input\":{\"@type\":\"PropertyValueSpecification\",\"valueRequired\":true,\"valueName\":\"search_term_string\"}}],\"inLanguage\":\"fr-FR\"},{\"@type\":\"Organization\",\"@id\":\"https:\/\/newsestlyonnais.fr\/site\/#organization\",\"name\":\"News EST LYONNAIS\",\"url\":\"https:\/\/newsestlyonnais.fr\/site\/\",\"logo\":{\"@type\":\"ImageObject\",\"inLanguage\":\"fr-FR\",\"@id\":\"https:\/\/newsestlyonnais.fr\/site\/#\/schema\/logo\/image\/\",\"url\":\"\",\"contentUrl\":\"\",\"caption\":\"News EST LYONNAIS\"},\"image\":{\"@id\":\"https:\/\/newsestlyonnais.fr\/site\/#\/schema\/logo\/image\/\"}},{\"@type\":\"Person\",\"@id\":\"https:\/\/newsestlyonnais.fr\/site\/#\/schema\/person\/3230d5615f390bb808365d673001e887\",\"name\":\"R\u00e9dac. NEWS\",\"sameAs\":[\"http:\/\/www.newsestlyonnais.fr\",\"https:\/\/www.facebook.com\/pascal.oberson.1?fref=ts\",\"https:\/\/fr.linkedin.com\/in\/pascal-oberson-b17045113\"],\"url\":\"https:\/\/newsestlyonnais.fr\/site\/author\/nel\/\"}]}<\/script>\n<!-- \/ Yoast SEO plugin. -->","yoast_head_json":{"title":"BRON : La litt\u00e9rature en sc\u00e8ne \u00e0 la F\u00eate du Livre de Bron du 10 au 12 Mars","description":"BRON : La litt\u00e9rature en sc\u00e8ne \u00e0 la F\u00eate du Livre de Bron du 10 au 12 Mars","robots":{"index":"index","follow":"follow","max-snippet":"max-snippet:-1","max-image-preview":"max-image-preview:large","max-video-preview":"max-video-preview:-1"},"canonical":"https:\/\/newsestlyonnais.fr\/site\/2017\/03\/02\/bron-la-litterature-en-scene-a-la-fete-du-livre-de-bron\/","og_locale":"fr_FR","og_type":"article","og_title":"BRON : La litt\u00e9rature en sc\u00e8ne \u00e0 la F\u00eate du Livre de Bron du 10 au 12 Mars","og_description":"BRON : La litt\u00e9rature en sc\u00e8ne \u00e0 la F\u00eate du Livre de Bron du 10 au 12 Mars","og_url":"https:\/\/newsestlyonnais.fr\/site\/2017\/03\/02\/bron-la-litterature-en-scene-a-la-fete-du-livre-de-bron\/","og_site_name":"News Est Lyonnais","article_author":"https:\/\/www.facebook.com\/pascal.oberson.1?fref=ts","article_published_time":"2017-03-02T08:50:04+00:00","article_modified_time":"2020-11-16T18:21:49+00:00","og_image":[{"width":1000,"height":750,"url":"https:\/\/i2.wp.com\/newsestlyonnais.fr\/site\/wp-content\/uploads\/2016\/11\/NEWSESTLYONNAIS-fetedulivre-1.jpg?fit=1000%2C750&ssl=1","type":"image\/jpeg"}],"author":"R\u00e9dac. NEWS","twitter_card":"summary_large_image","twitter_misc":{"\u00c9crit par":"R\u00e9dac. NEWS","Dur\u00e9e de lecture estim\u00e9e":"3 minutes"},"schema":{"@context":"https:\/\/schema.org","@graph":[{"@type":"Article","@id":"https:\/\/newsestlyonnais.fr\/site\/2017\/03\/02\/bron-la-litterature-en-scene-a-la-fete-du-livre-de-bron\/#article","isPartOf":{"@id":"https:\/\/newsestlyonnais.fr\/site\/2017\/03\/02\/bron-la-litterature-en-scene-a-la-fete-du-livre-de-bron\/"},"author":{"name":"R\u00e9dac. NEWS","@id":"https:\/\/newsestlyonnais.fr\/site\/#\/schema\/person\/3230d5615f390bb808365d673001e887"},"headline":"BRON | La litt\u00e9rature en sc\u00e8ne \u00e0 la F\u00eate du Livre de Bron","datePublished":"2017-03-02T08:50:04+00:00","dateModified":"2020-11-16T18:21:49+00:00","mainEntityOfPage":{"@id":"https:\/\/newsestlyonnais.fr\/site\/2017\/03\/02\/bron-la-litterature-en-scene-a-la-fete-du-livre-de-bron\/"},"wordCount":572,"commentCount":0,"publisher":{"@id":"https:\/\/newsestlyonnais.fr\/site\/#organization"},"image":{"@id":"https:\/\/newsestlyonnais.fr\/site\/2017\/03\/02\/bron-la-litterature-en-scene-a-la-fete-du-livre-de-bron\/#primaryimage"},"thumbnailUrl":"https:\/\/newsestlyonnais.fr\/site\/wp-content\/uploads\/2016\/11\/NEWSESTLYONNAIS-fetedulivre-1.jpg","articleSection":["Bron","Expos | Foires | Mus\u00e9es | Salons","Litt\u00e9rature | Bd | Mags"],"inLanguage":"fr-FR","potentialAction":[{"@type":"CommentAction","name":"Comment","target":["https:\/\/newsestlyonnais.fr\/site\/2017\/03\/02\/bron-la-litterature-en-scene-a-la-fete-du-livre-de-bron\/#respond"]}]},{"@type":"WebPage","@id":"https:\/\/newsestlyonnais.fr\/site\/2017\/03\/02\/bron-la-litterature-en-scene-a-la-fete-du-livre-de-bron\/","url":"https:\/\/newsestlyonnais.fr\/site\/2017\/03\/02\/bron-la-litterature-en-scene-a-la-fete-du-livre-de-bron\/","name":"BRON : La litt\u00e9rature en sc\u00e8ne \u00e0 la F\u00eate du Livre de Bron du 10 au 12 Mars","isPartOf":{"@id":"https:\/\/newsestlyonnais.fr\/site\/#website"},"primaryImageOfPage":{"@id":"https:\/\/newsestlyonnais.fr\/site\/2017\/03\/02\/bron-la-litterature-en-scene-a-la-fete-du-livre-de-bron\/#primaryimage"},"image":{"@id":"https:\/\/newsestlyonnais.fr\/site\/2017\/03\/02\/bron-la-litterature-en-scene-a-la-fete-du-livre-de-bron\/#primaryimage"},"thumbnailUrl":"https:\/\/newsestlyonnais.fr\/site\/wp-content\/uploads\/2016\/11\/NEWSESTLYONNAIS-fetedulivre-1.jpg","datePublished":"2017-03-02T08:50:04+00:00","dateModified":"2020-11-16T18:21:49+00:00","description":"BRON : La litt\u00e9rature en sc\u00e8ne \u00e0 la F\u00eate du Livre de Bron du 10 au 12 Mars","breadcrumb":{"@id":"https:\/\/newsestlyonnais.fr\/site\/2017\/03\/02\/bron-la-litterature-en-scene-a-la-fete-du-livre-de-bron\/#breadcrumb"},"inLanguage":"fr-FR","potentialAction":[{"@type":"ReadAction","target":["https:\/\/newsestlyonnais.fr\/site\/2017\/03\/02\/bron-la-litterature-en-scene-a-la-fete-du-livre-de-bron\/"]}]},{"@type":"ImageObject","inLanguage":"fr-FR","@id":"https:\/\/newsestlyonnais.fr\/site\/2017\/03\/02\/bron-la-litterature-en-scene-a-la-fete-du-livre-de-bron\/#primaryimage","url":"https:\/\/newsestlyonnais.fr\/site\/wp-content\/uploads\/2016\/11\/NEWSESTLYONNAIS-fetedulivre-1.jpg","contentUrl":"https:\/\/newsestlyonnais.fr\/site\/wp-content\/uploads\/2016\/11\/NEWSESTLYONNAIS-fetedulivre-1.jpg","width":1000,"height":750,"caption":"newsestlyonnais-fetedulivre"},{"@type":"BreadcrumbList","@id":"https:\/\/newsestlyonnais.fr\/site\/2017\/03\/02\/bron-la-litterature-en-scene-a-la-fete-du-livre-de-bron\/#breadcrumb","itemListElement":[{"@type":"ListItem","position":1,"name":"Accueil","item":"https:\/\/newsestlyonnais.fr\/site\/"},{"@type":"ListItem","position":2,"name":"BRON | La litt\u00e9rature en sc\u00e8ne \u00e0 la F\u00eate du Livre de Bron"}]},{"@type":"WebSite","@id":"https:\/\/newsestlyonnais.fr\/site\/#website","url":"https:\/\/newsestlyonnais.fr\/site\/","name":"News Est Lyonnais","description":"L&#039;actualit\u00e9 au plus pr\u00e8s","publisher":{"@id":"https:\/\/newsestlyonnais.fr\/site\/#organization"},"potentialAction":[{"@type":"SearchAction","target":{"@type":"EntryPoint","urlTemplate":"https:\/\/newsestlyonnais.fr\/site\/?s={search_term_string}"},"query-input":{"@type":"PropertyValueSpecification","valueRequired":true,"valueName":"search_term_string"}}],"inLanguage":"fr-FR"},{"@type":"Organization","@id":"https:\/\/newsestlyonnais.fr\/site\/#organization","name":"News EST LYONNAIS","url":"https:\/\/newsestlyonnais.fr\/site\/","logo":{"@type":"ImageObject","inLanguage":"fr-FR","@id":"https:\/\/newsestlyonnais.fr\/site\/#\/schema\/logo\/image\/","url":"","contentUrl":"","caption":"News EST LYONNAIS"},"image":{"@id":"https:\/\/newsestlyonnais.fr\/site\/#\/schema\/logo\/image\/"}},{"@type":"Person","@id":"https:\/\/newsestlyonnais.fr\/site\/#\/schema\/person\/3230d5615f390bb808365d673001e887","name":"R\u00e9dac. NEWS","sameAs":["http:\/\/www.newsestlyonnais.fr","https:\/\/www.facebook.com\/pascal.oberson.1?fref=ts","https:\/\/fr.linkedin.com\/in\/pascal-oberson-b17045113"],"url":"https:\/\/newsestlyonnais.fr\/site\/author\/nel\/"}]}},"_links":{"self":[{"href":"https:\/\/newsestlyonnais.fr\/site\/wp-json\/wp\/v2\/posts\/21889","targetHints":{"allow":["GET"]}}],"collection":[{"href":"https:\/\/newsestlyonnais.fr\/site\/wp-json\/wp\/v2\/posts"}],"about":[{"href":"https:\/\/newsestlyonnais.fr\/site\/wp-json\/wp\/v2\/types\/post"}],"author":[{"embeddable":true,"href":"https:\/\/newsestlyonnais.fr\/site\/wp-json\/wp\/v2\/users\/4"}],"replies":[{"embeddable":true,"href":"https:\/\/newsestlyonnais.fr\/site\/wp-json\/wp\/v2\/comments?post=21889"}],"version-history":[{"count":0,"href":"https:\/\/newsestlyonnais.fr\/site\/wp-json\/wp\/v2\/posts\/21889\/revisions"}],"wp:featuredmedia":[{"embeddable":true,"href":"https:\/\/newsestlyonnais.fr\/site\/wp-json\/wp\/v2\/media\/16589"}],"wp:attachment":[{"href":"https:\/\/newsestlyonnais.fr\/site\/wp-json\/wp\/v2\/media?parent=21889"}],"wp:term":[{"taxonomy":"category","embeddable":true,"href":"https:\/\/newsestlyonnais.fr\/site\/wp-json\/wp\/v2\/categories?post=21889"},{"taxonomy":"post_tag","embeddable":true,"href":"https:\/\/newsestlyonnais.fr\/site\/wp-json\/wp\/v2\/tags?post=21889"}],"curies":[{"name":"wp","href":"https:\/\/api.w.org\/{rel}","templated":true}]}}