{"id":21924,"date":"2017-03-02T16:17:40","date_gmt":"2017-03-02T15:17:40","guid":{"rendered":"http:\/\/newsestlyonnais.fr\/site\/?p=21924"},"modified":"2020-11-12T14:25:38","modified_gmt":"2020-11-12T13:25:38","slug":"vaulx-en-velin-le-projet-10-10-ensemble-pour-lemploi-est-lance","status":"publish","type":"post","link":"https:\/\/newsestlyonnais.fr\/site\/2017\/03\/02\/vaulx-en-velin-le-projet-10-10-ensemble-pour-lemploi-est-lance\/","title":{"rendered":"VAULX-EN-VELIN | Le projet 10\/10 \u00ab Ensemble pour l\u2019emploi \u00bb est lanc\u00e9"},"content":{"rendered":"<h4>La journ\u00e9e \u00ab\u00a0Ensemble pour l&rsquo;Emploi\u00a0\u00bb organis\u00e9e jeudi \u00e0 la salle Victor Jara a fait le plein et permis de nombreux \u00e9changes entre les parties pr\u00e9sentes (chefs d&rsquo;entreprises, \u00e9lus, sportifs, dirigeants et \u00e9ducateurs).<\/h4>\n<p>Elle a aussi \u00e9t\u00e9 l&rsquo;occasion de d\u00e9voiler au grand jour une action <strong>(10\/10)<\/strong> lanc\u00e9e par Maria Lamier (directrice du groupe UBIC et membre du CA de l&rsquo;Asul Vaulx), coordonn\u00e9e par Richard Bonin (fondateur d&rsquo;Insert&rsquo;Sport et sp\u00e9cialiste du recrutement) en partenariat avec l&rsquo;OMS de Vaulx en Velin, pr\u00e9sid\u00e9e par Jean Yves Coutant et la ville de Vaulx de Velin repr\u00e9sent\u00e9e par son maire Pierre Dussurgey.<\/p>\n<p><strong>10\/10<\/strong> n&rsquo;\u00e9tait encore il y a 6 mois qu&rsquo;un projet devenu une action transform\u00e9e en une association qui vient de voir le jour. Ce dispositif alliant insertion et emploi a d\u00e9j\u00e0 vu l&rsquo;engagement de 13 entreprises locales dans cette action. Son but initial \u00e9tant de faire recruter 10 jeunes sportifs vaudais, pas forc\u00e9ment de haut niveau, par 10 entreprises locales. Une action devenue une r\u00e9alit\u00e9 \u00e0 l&rsquo;occasion de l&#8217;embauche par UBIC, le 9 janvier dernier d&rsquo;un premier sportif, Ahmed Hamyani, \u00e9ducateur de foot et venu apporter son t\u00e9moignage. 19 postes ont ainsi \u00e9t\u00e9 int\u00e9gr\u00e9s en CDI,CDD ou alternance et 25 offres d&#8217;emploi sont actuellement disponibles.<\/p>\n<p>Yassin Arbib, directeur de l&rsquo;OMS qui a men\u00e9 \u00e0 bien en amont cette journ\u00e9e avait convi\u00e9 <strong>Mohamed Belkacemi (PHOTO A LA UNE)<\/strong>, ex footballeur professionnel et qui a travaill\u00e9 pendant plus de 20 ans pour la F\u00e9d\u00e9ration Fran\u00e7aise de Football (F.F.F.). Cet expert en insertion professionnelle a soulign\u00e9 la haute importance de ce projet vaudais lui qui a d\u00e9j\u00e0 mis en place sur Montreuil d&rsquo;o\u00f9 il est originaire, mais aussi dans de nombreuses autres villes de France divers dispositifs d&rsquo;insertion sociale pour les jeunes.<\/p>\n<ul>\n<li>Une journ\u00e9e d\u00e9di\u00e9e \u00e0 la jeune handballeuse vaudaise S\u00e9phora Zozime, r\u00e9cemment disparue lors d&rsquo;un tragique accident de la route.\n<p><figure id=\"attachment_21928\" aria-describedby=\"caption-attachment-21928\" style=\"width: 1000px\" class=\"wp-caption alignleft\"><img loading=\"lazy\" decoding=\"async\" class=\"size-full wp-image-21928\" src=\"https:\/\/newsestlyonnais.fr\/site\/medias\/2017\/03\/NEWSESTLYONNAIS-INTERVENANTS-OMS.jpg\" alt=\"NEWSESTLYONNAIS - INTERVENANTS OMS\" width=\"1000\" height=\"750\" srcset=\"https:\/\/newsestlyonnais.fr\/site\/wp-content\/uploads\/2017\/03\/NEWSESTLYONNAIS-INTERVENANTS-OMS.jpg 1000w, https:\/\/newsestlyonnais.fr\/site\/wp-content\/uploads\/2017\/03\/NEWSESTLYONNAIS-INTERVENANTS-OMS-400x300.jpg 400w, https:\/\/newsestlyonnais.fr\/site\/wp-content\/uploads\/2017\/03\/NEWSESTLYONNAIS-INTERVENANTS-OMS-768x576.jpg 768w, https:\/\/newsestlyonnais.fr\/site\/wp-content\/uploads\/2017\/03\/NEWSESTLYONNAIS-INTERVENANTS-OMS-600x450.jpg 600w, https:\/\/newsestlyonnais.fr\/site\/wp-content\/uploads\/2017\/03\/NEWSESTLYONNAIS-INTERVENANTS-OMS-100x75.jpg 100w\" sizes=\"auto, (max-width: 1000px) 100vw, 1000px\" \/><figcaption id=\"caption-attachment-21928\" class=\"wp-caption-text\">Pierre Dussurgey (maire de Vaulx en Velin), Maria Lamier (UBIC), Richard Bonin (Insert&rsquo;Sport) et Jean -Yves Coutant (pr\u00e9sident de l&rsquo;OMS) sont successivement intervenus<\/figcaption><\/figure><\/li>\n<\/ul>\n<p>&nbsp;<\/p>\n<p>&nbsp;<\/p>\n<p>&nbsp;<\/p>\n<p>&nbsp;<\/p>\n<p>&nbsp;<\/p>\n<p>&nbsp;<\/p>\n<p>&nbsp;<\/p>\n<p>&nbsp;<\/p>\n<p>&nbsp;<\/p>\n<p>&nbsp;<\/p>\n<p>&nbsp;<\/p>\n<figure id=\"attachment_21930\" aria-describedby=\"caption-attachment-21930\" style=\"width: 1000px\" class=\"wp-caption alignleft\"><img loading=\"lazy\" decoding=\"async\" class=\"size-full wp-image-21930\" src=\"https:\/\/newsestlyonnais.fr\/site\/medias\/2017\/03\/NEWSESTLYONNAIS-10-10-TEM.-.jpg\" alt=\"NEWSESTLYONNAIS - 10 10 TEM.\" width=\"1000\" height=\"750\" srcset=\"https:\/\/newsestlyonnais.fr\/site\/wp-content\/uploads\/2017\/03\/NEWSESTLYONNAIS-10-10-TEM.-.jpg 1000w, https:\/\/newsestlyonnais.fr\/site\/wp-content\/uploads\/2017\/03\/NEWSESTLYONNAIS-10-10-TEM.--400x300.jpg 400w, https:\/\/newsestlyonnais.fr\/site\/wp-content\/uploads\/2017\/03\/NEWSESTLYONNAIS-10-10-TEM.--768x576.jpg 768w, https:\/\/newsestlyonnais.fr\/site\/wp-content\/uploads\/2017\/03\/NEWSESTLYONNAIS-10-10-TEM.--600x450.jpg 600w, https:\/\/newsestlyonnais.fr\/site\/wp-content\/uploads\/2017\/03\/NEWSESTLYONNAIS-10-10-TEM.--100x75.jpg 100w\" sizes=\"auto, (max-width: 1000px) 100vw, 1000px\" \/><figcaption id=\"caption-attachment-21930\" class=\"wp-caption-text\">Emouvant t\u00e9moignage d&rsquo;Ahmed Hamyani, premier sportif embauch\u00e9 dans le cadre de ce dispositif<\/figcaption><\/figure>\n<figure id=\"attachment_21932\" aria-describedby=\"caption-attachment-21932\" style=\"width: 1000px\" class=\"wp-caption alignleft\"><img loading=\"lazy\" decoding=\"async\" class=\"size-full wp-image-21932\" src=\"https:\/\/newsestlyonnais.fr\/site\/medias\/2017\/03\/NEWSESTLYONNAIS-ASSISTANCE-.jpg\" alt=\"NEWSESTLYONNAIS ASSISTANCE\" width=\"1000\" height=\"750\" srcset=\"https:\/\/newsestlyonnais.fr\/site\/wp-content\/uploads\/2017\/03\/NEWSESTLYONNAIS-ASSISTANCE-.jpg 1000w, https:\/\/newsestlyonnais.fr\/site\/wp-content\/uploads\/2017\/03\/NEWSESTLYONNAIS-ASSISTANCE--400x300.jpg 400w, https:\/\/newsestlyonnais.fr\/site\/wp-content\/uploads\/2017\/03\/NEWSESTLYONNAIS-ASSISTANCE--768x576.jpg 768w, https:\/\/newsestlyonnais.fr\/site\/wp-content\/uploads\/2017\/03\/NEWSESTLYONNAIS-ASSISTANCE--600x450.jpg 600w, https:\/\/newsestlyonnais.fr\/site\/wp-content\/uploads\/2017\/03\/NEWSESTLYONNAIS-ASSISTANCE--100x75.jpg 100w\" sizes=\"auto, (max-width: 1000px) 100vw, 1000px\" \/><figcaption id=\"caption-attachment-21932\" class=\"wp-caption-text\">De nombreux chefs d&rsquo;entreprises, \u00e9lus, sportifs, dirigeants et \u00e9ducateurs \u00e9taient pr\u00e9sents lors de cette journ\u00e9e<\/figcaption><\/figure>\n<p>&nbsp;<\/p>\n<p>&nbsp;<\/p>\n<p>&nbsp;<\/p>\n<p>&nbsp;<\/p>\n<p>&nbsp;<\/p>\n<p>&nbsp;<\/p>\n<p>&nbsp;<\/p>\n<p>&nbsp;<\/p>\n<p>&nbsp;<\/p>\n<p>&nbsp;<\/p>\n<p>&nbsp;<\/p>\n<p>&nbsp;<\/p>\n<p>&nbsp;<\/p>\n<p>&nbsp;<\/p>\n<p>&nbsp;<\/p>\n<p>&nbsp;<\/p>\n<p>&nbsp;<\/p>\n<p>&nbsp;<\/p>\n<p>&nbsp;<\/p>\n<p>&nbsp;<\/p>\n<p>&nbsp;<\/p>\n<p>&nbsp;<\/p>\n<p>&nbsp;<\/p>\n<p>&nbsp;<\/p>\n<p>&nbsp;<\/p>\n<p>&nbsp;<\/p>\n<p>&nbsp;<\/p>\n<p>&nbsp;<\/p>\n","protected":false},"excerpt":{"rendered":"<p>La journ\u00e9e \u00ab\u00a0Ensemble pour l&rsquo;Emploi\u00a0\u00bb organis\u00e9e jeudi \u00e0 la salle Victor Jara a fait le plein et permis de nombreux \u00e9changes entre les parties pr\u00e9sentes (chefs d&rsquo;entreprises, \u00e9lus, sportifs, dirigeants et \u00e9ducateurs). Elle a aussi \u00e9t\u00e9 l&rsquo;occasion de d\u00e9voiler au grand jour une action (10\/10) lanc\u00e9e par Maria Lamier (directrice du groupe UBIC et membre [&hellip;]<\/p>\n","protected":false},"author":4,"featured_media":21925,"comment_status":"open","ping_status":"open","sticky":false,"template":"","format":"standard","meta":{"footnotes":""},"categories":[574,166,10,3016,28],"tags":[],"class_list":["post-21924","post","type-post","status-publish","format-standard","has-post-thumbnail","hentry","category-autres-sports","category-divers-sports","category-emplois","category-institutions-trophees-jo","category-vaulx-en-velin"],"yoast_head":"<!-- This site is optimized with the Yoast SEO plugin v27.2 - https:\/\/yoast.com\/product\/yoast-seo-wordpress\/ -->\n<title>VAULX EN VELIN: Le projet 10\/10 \u00ab Ensemble pour l\u2019emploi \u00bb officiellement lanc\u00e9<\/title>\n<meta name=\"description\" content=\"VAULX EN VELIN: Le projet 10\/10 \u00ab Ensemble pour l\u2019emploi \u00bb officiellement lanc\u00e9\" \/>\n<meta name=\"robots\" content=\"index, follow, max-snippet:-1, max-image-preview:large, max-video-preview:-1\" \/>\n<link rel=\"canonical\" href=\"https:\/\/newsestlyonnais.fr\/site\/2017\/03\/02\/vaulx-en-velin-le-projet-10-10-ensemble-pour-lemploi-est-lance\/\" \/>\n<meta property=\"og:locale\" content=\"fr_FR\" \/>\n<meta property=\"og:type\" content=\"article\" \/>\n<meta property=\"og:title\" content=\"VAULX EN VELIN: Le projet 10\/10 \u00ab Ensemble pour l\u2019emploi \u00bb officiellement lanc\u00e9\" \/>\n<meta property=\"og:description\" content=\"VAULX EN VELIN: Le projet 10\/10 \u00ab Ensemble pour l\u2019emploi \u00bb officiellement lanc\u00e9\" \/>\n<meta property=\"og:url\" content=\"https:\/\/newsestlyonnais.fr\/site\/2017\/03\/02\/vaulx-en-velin-le-projet-10-10-ensemble-pour-lemploi-est-lance\/\" \/>\n<meta property=\"og:site_name\" content=\"News Est Lyonnais\" \/>\n<meta property=\"article:author\" content=\"https:\/\/www.facebook.com\/pascal.oberson.1?fref=ts\" \/>\n<meta property=\"article:published_time\" content=\"2017-03-02T15:17:40+00:00\" \/>\n<meta property=\"article:modified_time\" content=\"2020-11-12T13:25:38+00:00\" \/>\n<meta property=\"og:image\" content=\"https:\/\/i0.wp.com\/newsestlyonnais.fr\/site\/wp-content\/uploads\/2017\/03\/NEWSESTLYONNAIS-MOH.-BELKACEMI-.jpg?fit=1000%2C750&ssl=1\" \/>\n\t<meta property=\"og:image:width\" content=\"1000\" \/>\n\t<meta property=\"og:image:height\" content=\"750\" \/>\n\t<meta property=\"og:image:type\" content=\"image\/jpeg\" \/>\n<meta name=\"author\" content=\"R\u00e9dac. NEWS\" \/>\n<meta name=\"twitter:card\" content=\"summary_large_image\" \/>\n<meta name=\"twitter:label1\" content=\"\u00c9crit par\" \/>\n\t<meta name=\"twitter:data1\" content=\"R\u00e9dac. NEWS\" \/>\n\t<meta name=\"twitter:label2\" content=\"Dur\u00e9e de lecture estim\u00e9e\" \/>\n\t<meta name=\"twitter:data2\" content=\"2 minutes\" \/>\n<script type=\"application\/ld+json\" class=\"yoast-schema-graph\">{\"@context\":\"https:\/\/schema.org\",\"@graph\":[{\"@type\":\"Article\",\"@id\":\"https:\/\/newsestlyonnais.fr\/site\/2017\/03\/02\/vaulx-en-velin-le-projet-10-10-ensemble-pour-lemploi-est-lance\/#article\",\"isPartOf\":{\"@id\":\"https:\/\/newsestlyonnais.fr\/site\/2017\/03\/02\/vaulx-en-velin-le-projet-10-10-ensemble-pour-lemploi-est-lance\/\"},\"author\":{\"name\":\"R\u00e9dac. NEWS\",\"@id\":\"https:\/\/newsestlyonnais.fr\/site\/#\/schema\/person\/3230d5615f390bb808365d673001e887\"},\"headline\":\"VAULX-EN-VELIN | Le projet 10\/10 \u00ab Ensemble pour l\u2019emploi \u00bb est lanc\u00e9\",\"datePublished\":\"2017-03-02T15:17:40+00:00\",\"dateModified\":\"2020-11-12T13:25:38+00:00\",\"mainEntityOfPage\":{\"@id\":\"https:\/\/newsestlyonnais.fr\/site\/2017\/03\/02\/vaulx-en-velin-le-projet-10-10-ensemble-pour-lemploi-est-lance\/\"},\"wordCount\":467,\"commentCount\":0,\"publisher\":{\"@id\":\"https:\/\/newsestlyonnais.fr\/site\/#organization\"},\"image\":{\"@id\":\"https:\/\/newsestlyonnais.fr\/site\/2017\/03\/02\/vaulx-en-velin-le-projet-10-10-ensemble-pour-lemploi-est-lance\/#primaryimage\"},\"thumbnailUrl\":\"https:\/\/newsestlyonnais.fr\/site\/wp-content\/uploads\/2017\/03\/NEWSESTLYONNAIS-MOH.-BELKACEMI-.jpg\",\"articleSection\":[\"Autres sports\",\"Divers Sports\",\"Emplois\",\"Institutions | Troph\u00e9es | J.O.\",\"Vaulx-en-Velin\"],\"inLanguage\":\"fr-FR\",\"potentialAction\":[{\"@type\":\"CommentAction\",\"name\":\"Comment\",\"target\":[\"https:\/\/newsestlyonnais.fr\/site\/2017\/03\/02\/vaulx-en-velin-le-projet-10-10-ensemble-pour-lemploi-est-lance\/#respond\"]}]},{\"@type\":\"WebPage\",\"@id\":\"https:\/\/newsestlyonnais.fr\/site\/2017\/03\/02\/vaulx-en-velin-le-projet-10-10-ensemble-pour-lemploi-est-lance\/\",\"url\":\"https:\/\/newsestlyonnais.fr\/site\/2017\/03\/02\/vaulx-en-velin-le-projet-10-10-ensemble-pour-lemploi-est-lance\/\",\"name\":\"VAULX EN VELIN: Le projet 10\/10 \u00ab Ensemble pour l\u2019emploi \u00bb officiellement lanc\u00e9\",\"isPartOf\":{\"@id\":\"https:\/\/newsestlyonnais.fr\/site\/#website\"},\"primaryImageOfPage\":{\"@id\":\"https:\/\/newsestlyonnais.fr\/site\/2017\/03\/02\/vaulx-en-velin-le-projet-10-10-ensemble-pour-lemploi-est-lance\/#primaryimage\"},\"image\":{\"@id\":\"https:\/\/newsestlyonnais.fr\/site\/2017\/03\/02\/vaulx-en-velin-le-projet-10-10-ensemble-pour-lemploi-est-lance\/#primaryimage\"},\"thumbnailUrl\":\"https:\/\/newsestlyonnais.fr\/site\/wp-content\/uploads\/2017\/03\/NEWSESTLYONNAIS-MOH.-BELKACEMI-.jpg\",\"datePublished\":\"2017-03-02T15:17:40+00:00\",\"dateModified\":\"2020-11-12T13:25:38+00:00\",\"description\":\"VAULX EN VELIN: Le projet 10\/10 \u00ab Ensemble pour l\u2019emploi \u00bb officiellement lanc\u00e9\",\"breadcrumb\":{\"@id\":\"https:\/\/newsestlyonnais.fr\/site\/2017\/03\/02\/vaulx-en-velin-le-projet-10-10-ensemble-pour-lemploi-est-lance\/#breadcrumb\"},\"inLanguage\":\"fr-FR\",\"potentialAction\":[{\"@type\":\"ReadAction\",\"target\":[\"https:\/\/newsestlyonnais.fr\/site\/2017\/03\/02\/vaulx-en-velin-le-projet-10-10-ensemble-pour-lemploi-est-lance\/\"]}]},{\"@type\":\"ImageObject\",\"inLanguage\":\"fr-FR\",\"@id\":\"https:\/\/newsestlyonnais.fr\/site\/2017\/03\/02\/vaulx-en-velin-le-projet-10-10-ensemble-pour-lemploi-est-lance\/#primaryimage\",\"url\":\"https:\/\/newsestlyonnais.fr\/site\/wp-content\/uploads\/2017\/03\/NEWSESTLYONNAIS-MOH.-BELKACEMI-.jpg\",\"contentUrl\":\"https:\/\/newsestlyonnais.fr\/site\/wp-content\/uploads\/2017\/03\/NEWSESTLYONNAIS-MOH.-BELKACEMI-.jpg\",\"width\":1000,\"height\":750,\"caption\":\"NEWSESTLYONNAIS - MOH. BELKACEMI\"},{\"@type\":\"BreadcrumbList\",\"@id\":\"https:\/\/newsestlyonnais.fr\/site\/2017\/03\/02\/vaulx-en-velin-le-projet-10-10-ensemble-pour-lemploi-est-lance\/#breadcrumb\",\"itemListElement\":[{\"@type\":\"ListItem\",\"position\":1,\"name\":\"Accueil\",\"item\":\"https:\/\/newsestlyonnais.fr\/site\/\"},{\"@type\":\"ListItem\",\"position\":2,\"name\":\"VAULX-EN-VELIN | Le projet 10\/10 \u00ab Ensemble pour l\u2019emploi \u00bb est lanc\u00e9\"}]},{\"@type\":\"WebSite\",\"@id\":\"https:\/\/newsestlyonnais.fr\/site\/#website\",\"url\":\"https:\/\/newsestlyonnais.fr\/site\/\",\"name\":\"News Est Lyonnais\",\"description\":\"L&#039;actualit\u00e9 au plus pr\u00e8s\",\"publisher\":{\"@id\":\"https:\/\/newsestlyonnais.fr\/site\/#organization\"},\"potentialAction\":[{\"@type\":\"SearchAction\",\"target\":{\"@type\":\"EntryPoint\",\"urlTemplate\":\"https:\/\/newsestlyonnais.fr\/site\/?s={search_term_string}\"},\"query-input\":{\"@type\":\"PropertyValueSpecification\",\"valueRequired\":true,\"valueName\":\"search_term_string\"}}],\"inLanguage\":\"fr-FR\"},{\"@type\":\"Organization\",\"@id\":\"https:\/\/newsestlyonnais.fr\/site\/#organization\",\"name\":\"News EST LYONNAIS\",\"url\":\"https:\/\/newsestlyonnais.fr\/site\/\",\"logo\":{\"@type\":\"ImageObject\",\"inLanguage\":\"fr-FR\",\"@id\":\"https:\/\/newsestlyonnais.fr\/site\/#\/schema\/logo\/image\/\",\"url\":\"\",\"contentUrl\":\"\",\"caption\":\"News EST LYONNAIS\"},\"image\":{\"@id\":\"https:\/\/newsestlyonnais.fr\/site\/#\/schema\/logo\/image\/\"}},{\"@type\":\"Person\",\"@id\":\"https:\/\/newsestlyonnais.fr\/site\/#\/schema\/person\/3230d5615f390bb808365d673001e887\",\"name\":\"R\u00e9dac. NEWS\",\"sameAs\":[\"http:\/\/www.newsestlyonnais.fr\",\"https:\/\/www.facebook.com\/pascal.oberson.1?fref=ts\",\"https:\/\/fr.linkedin.com\/in\/pascal-oberson-b17045113\"],\"url\":\"https:\/\/newsestlyonnais.fr\/site\/author\/nel\/\"}]}<\/script>\n<!-- \/ Yoast SEO plugin. -->","yoast_head_json":{"title":"VAULX EN VELIN: Le projet 10\/10 \u00ab Ensemble pour l\u2019emploi \u00bb officiellement lanc\u00e9","description":"VAULX EN VELIN: Le projet 10\/10 \u00ab Ensemble pour l\u2019emploi \u00bb officiellement lanc\u00e9","robots":{"index":"index","follow":"follow","max-snippet":"max-snippet:-1","max-image-preview":"max-image-preview:large","max-video-preview":"max-video-preview:-1"},"canonical":"https:\/\/newsestlyonnais.fr\/site\/2017\/03\/02\/vaulx-en-velin-le-projet-10-10-ensemble-pour-lemploi-est-lance\/","og_locale":"fr_FR","og_type":"article","og_title":"VAULX EN VELIN: Le projet 10\/10 \u00ab Ensemble pour l\u2019emploi \u00bb officiellement lanc\u00e9","og_description":"VAULX EN VELIN: Le projet 10\/10 \u00ab Ensemble pour l\u2019emploi \u00bb officiellement lanc\u00e9","og_url":"https:\/\/newsestlyonnais.fr\/site\/2017\/03\/02\/vaulx-en-velin-le-projet-10-10-ensemble-pour-lemploi-est-lance\/","og_site_name":"News Est Lyonnais","article_author":"https:\/\/www.facebook.com\/pascal.oberson.1?fref=ts","article_published_time":"2017-03-02T15:17:40+00:00","article_modified_time":"2020-11-12T13:25:38+00:00","og_image":[{"width":1000,"height":750,"url":"https:\/\/i0.wp.com\/newsestlyonnais.fr\/site\/wp-content\/uploads\/2017\/03\/NEWSESTLYONNAIS-MOH.-BELKACEMI-.jpg?fit=1000%2C750&ssl=1","type":"image\/jpeg"}],"author":"R\u00e9dac. NEWS","twitter_card":"summary_large_image","twitter_misc":{"\u00c9crit par":"R\u00e9dac. NEWS","Dur\u00e9e de lecture estim\u00e9e":"2 minutes"},"schema":{"@context":"https:\/\/schema.org","@graph":[{"@type":"Article","@id":"https:\/\/newsestlyonnais.fr\/site\/2017\/03\/02\/vaulx-en-velin-le-projet-10-10-ensemble-pour-lemploi-est-lance\/#article","isPartOf":{"@id":"https:\/\/newsestlyonnais.fr\/site\/2017\/03\/02\/vaulx-en-velin-le-projet-10-10-ensemble-pour-lemploi-est-lance\/"},"author":{"name":"R\u00e9dac. NEWS","@id":"https:\/\/newsestlyonnais.fr\/site\/#\/schema\/person\/3230d5615f390bb808365d673001e887"},"headline":"VAULX-EN-VELIN | Le projet 10\/10 \u00ab Ensemble pour l\u2019emploi \u00bb est lanc\u00e9","datePublished":"2017-03-02T15:17:40+00:00","dateModified":"2020-11-12T13:25:38+00:00","mainEntityOfPage":{"@id":"https:\/\/newsestlyonnais.fr\/site\/2017\/03\/02\/vaulx-en-velin-le-projet-10-10-ensemble-pour-lemploi-est-lance\/"},"wordCount":467,"commentCount":0,"publisher":{"@id":"https:\/\/newsestlyonnais.fr\/site\/#organization"},"image":{"@id":"https:\/\/newsestlyonnais.fr\/site\/2017\/03\/02\/vaulx-en-velin-le-projet-10-10-ensemble-pour-lemploi-est-lance\/#primaryimage"},"thumbnailUrl":"https:\/\/newsestlyonnais.fr\/site\/wp-content\/uploads\/2017\/03\/NEWSESTLYONNAIS-MOH.-BELKACEMI-.jpg","articleSection":["Autres sports","Divers Sports","Emplois","Institutions | Troph\u00e9es | J.O.","Vaulx-en-Velin"],"inLanguage":"fr-FR","potentialAction":[{"@type":"CommentAction","name":"Comment","target":["https:\/\/newsestlyonnais.fr\/site\/2017\/03\/02\/vaulx-en-velin-le-projet-10-10-ensemble-pour-lemploi-est-lance\/#respond"]}]},{"@type":"WebPage","@id":"https:\/\/newsestlyonnais.fr\/site\/2017\/03\/02\/vaulx-en-velin-le-projet-10-10-ensemble-pour-lemploi-est-lance\/","url":"https:\/\/newsestlyonnais.fr\/site\/2017\/03\/02\/vaulx-en-velin-le-projet-10-10-ensemble-pour-lemploi-est-lance\/","name":"VAULX EN VELIN: Le projet 10\/10 \u00ab Ensemble pour l\u2019emploi \u00bb officiellement lanc\u00e9","isPartOf":{"@id":"https:\/\/newsestlyonnais.fr\/site\/#website"},"primaryImageOfPage":{"@id":"https:\/\/newsestlyonnais.fr\/site\/2017\/03\/02\/vaulx-en-velin-le-projet-10-10-ensemble-pour-lemploi-est-lance\/#primaryimage"},"image":{"@id":"https:\/\/newsestlyonnais.fr\/site\/2017\/03\/02\/vaulx-en-velin-le-projet-10-10-ensemble-pour-lemploi-est-lance\/#primaryimage"},"thumbnailUrl":"https:\/\/newsestlyonnais.fr\/site\/wp-content\/uploads\/2017\/03\/NEWSESTLYONNAIS-MOH.-BELKACEMI-.jpg","datePublished":"2017-03-02T15:17:40+00:00","dateModified":"2020-11-12T13:25:38+00:00","description":"VAULX EN VELIN: Le projet 10\/10 \u00ab Ensemble pour l\u2019emploi \u00bb officiellement lanc\u00e9","breadcrumb":{"@id":"https:\/\/newsestlyonnais.fr\/site\/2017\/03\/02\/vaulx-en-velin-le-projet-10-10-ensemble-pour-lemploi-est-lance\/#breadcrumb"},"inLanguage":"fr-FR","potentialAction":[{"@type":"ReadAction","target":["https:\/\/newsestlyonnais.fr\/site\/2017\/03\/02\/vaulx-en-velin-le-projet-10-10-ensemble-pour-lemploi-est-lance\/"]}]},{"@type":"ImageObject","inLanguage":"fr-FR","@id":"https:\/\/newsestlyonnais.fr\/site\/2017\/03\/02\/vaulx-en-velin-le-projet-10-10-ensemble-pour-lemploi-est-lance\/#primaryimage","url":"https:\/\/newsestlyonnais.fr\/site\/wp-content\/uploads\/2017\/03\/NEWSESTLYONNAIS-MOH.-BELKACEMI-.jpg","contentUrl":"https:\/\/newsestlyonnais.fr\/site\/wp-content\/uploads\/2017\/03\/NEWSESTLYONNAIS-MOH.-BELKACEMI-.jpg","width":1000,"height":750,"caption":"NEWSESTLYONNAIS - MOH. BELKACEMI"},{"@type":"BreadcrumbList","@id":"https:\/\/newsestlyonnais.fr\/site\/2017\/03\/02\/vaulx-en-velin-le-projet-10-10-ensemble-pour-lemploi-est-lance\/#breadcrumb","itemListElement":[{"@type":"ListItem","position":1,"name":"Accueil","item":"https:\/\/newsestlyonnais.fr\/site\/"},{"@type":"ListItem","position":2,"name":"VAULX-EN-VELIN | Le projet 10\/10 \u00ab Ensemble pour l\u2019emploi \u00bb est lanc\u00e9"}]},{"@type":"WebSite","@id":"https:\/\/newsestlyonnais.fr\/site\/#website","url":"https:\/\/newsestlyonnais.fr\/site\/","name":"News Est Lyonnais","description":"L&#039;actualit\u00e9 au plus pr\u00e8s","publisher":{"@id":"https:\/\/newsestlyonnais.fr\/site\/#organization"},"potentialAction":[{"@type":"SearchAction","target":{"@type":"EntryPoint","urlTemplate":"https:\/\/newsestlyonnais.fr\/site\/?s={search_term_string}"},"query-input":{"@type":"PropertyValueSpecification","valueRequired":true,"valueName":"search_term_string"}}],"inLanguage":"fr-FR"},{"@type":"Organization","@id":"https:\/\/newsestlyonnais.fr\/site\/#organization","name":"News EST LYONNAIS","url":"https:\/\/newsestlyonnais.fr\/site\/","logo":{"@type":"ImageObject","inLanguage":"fr-FR","@id":"https:\/\/newsestlyonnais.fr\/site\/#\/schema\/logo\/image\/","url":"","contentUrl":"","caption":"News EST LYONNAIS"},"image":{"@id":"https:\/\/newsestlyonnais.fr\/site\/#\/schema\/logo\/image\/"}},{"@type":"Person","@id":"https:\/\/newsestlyonnais.fr\/site\/#\/schema\/person\/3230d5615f390bb808365d673001e887","name":"R\u00e9dac. NEWS","sameAs":["http:\/\/www.newsestlyonnais.fr","https:\/\/www.facebook.com\/pascal.oberson.1?fref=ts","https:\/\/fr.linkedin.com\/in\/pascal-oberson-b17045113"],"url":"https:\/\/newsestlyonnais.fr\/site\/author\/nel\/"}]}},"_links":{"self":[{"href":"https:\/\/newsestlyonnais.fr\/site\/wp-json\/wp\/v2\/posts\/21924","targetHints":{"allow":["GET"]}}],"collection":[{"href":"https:\/\/newsestlyonnais.fr\/site\/wp-json\/wp\/v2\/posts"}],"about":[{"href":"https:\/\/newsestlyonnais.fr\/site\/wp-json\/wp\/v2\/types\/post"}],"author":[{"embeddable":true,"href":"https:\/\/newsestlyonnais.fr\/site\/wp-json\/wp\/v2\/users\/4"}],"replies":[{"embeddable":true,"href":"https:\/\/newsestlyonnais.fr\/site\/wp-json\/wp\/v2\/comments?post=21924"}],"version-history":[{"count":0,"href":"https:\/\/newsestlyonnais.fr\/site\/wp-json\/wp\/v2\/posts\/21924\/revisions"}],"wp:featuredmedia":[{"embeddable":true,"href":"https:\/\/newsestlyonnais.fr\/site\/wp-json\/wp\/v2\/media\/21925"}],"wp:attachment":[{"href":"https:\/\/newsestlyonnais.fr\/site\/wp-json\/wp\/v2\/media?parent=21924"}],"wp:term":[{"taxonomy":"category","embeddable":true,"href":"https:\/\/newsestlyonnais.fr\/site\/wp-json\/wp\/v2\/categories?post=21924"},{"taxonomy":"post_tag","embeddable":true,"href":"https:\/\/newsestlyonnais.fr\/site\/wp-json\/wp\/v2\/tags?post=21924"}],"curies":[{"name":"wp","href":"https:\/\/api.w.org\/{rel}","templated":true}]}}