{"id":219257,"date":"2025-04-29T10:32:44","date_gmt":"2025-04-29T09:32:44","guid":{"rendered":"https:\/\/newsestlyonnais.fr\/site\/?p=219257"},"modified":"2025-06-02T06:04:37","modified_gmt":"2025-06-02T05:04:37","slug":"saint-priest-les-evenements-du-mois-de-mai","status":"publish","type":"post","link":"https:\/\/newsestlyonnais.fr\/site\/2025\/04\/29\/saint-priest-les-evenements-du-mois-de-mai\/","title":{"rendered":"SAINT-PRIEST | Les \u00e9v\u00e8nements du mois de mai"},"content":{"rendered":"<p><span style=\"font-size: 14pt;\"><strong><span style=\"background-color: #000000; color: #ffffff;\">Mardi 6 mai <\/span><\/strong><\/span><\/p>\n<ul>\n<li>17 h \/ Th\u00e9\u00e2tre Th\u00e9o Argence \/ <strong>JOURN\u00c9E DE SENSIBILISATION AU HARC\u00c8LEMENT SCOLAIRE<\/strong>. Tout public.<\/li>\n<\/ul>\n<p><span style=\"font-size: 14pt;\"><strong><span style=\"background-color: #000000; color: #ffffff;\">Du 6 au 27 mai <\/span><\/strong><\/span><\/p>\n<ul>\n<li>Artoth\u00e8que \/ <strong>NUIT DE L\u2019ARTOTH\u00c8QUE<\/strong>. Exposition de paysages, de portraits et de photomontages. Tout public \/ Sur inscription.<\/li>\n<\/ul>\n<p><span style=\"font-size: 14pt;\"><strong><span style=\"background-color: #000000; color: #ffffff;\">Du 7 au 28 mai <\/span><\/strong><\/span><\/p>\n<ul>\n<li>MJC Jean Cocteau \/ <strong>EXPRESSIONS MULTIPLES<\/strong>. Exposition d\u2019Acrylique, de gouache, de modelage de fleurs en papier, d\u2018encre de chine et de cr\u00e9ations sur divers supports. Vernissage organis\u00e9 le jeudi 22 mai \u00e0 19 h. Entr\u00e9e libre.<\/li>\n<\/ul>\n<p><span style=\"font-size: 14pt;\"><strong><span style=\"background-color: #000000; color: #ffffff;\">Mercredi 8 mai<\/span><\/strong><\/span><\/p>\n<ul>\n<li>10 h 45 \/ Jardin de la m\u00e9moire &#8211; Parc du Ch\u00e2teau \/ <strong>C\u00c9R\u00c9MONIE DU 80\u00b0 ANNIVERSAIRE DE LA CAPITULATION DE L\u2019ALLEMAGNE NAZIE ET DE LA FIN DE LA SECONDE GUERRE MONDIALE<\/strong>. Avec la participation des \u00e9l\u00e8ves de la commune.<\/li>\n<\/ul>\n<p><span style=\"font-size: 14pt; background-color: #000000; color: #ffffff;\"><strong>Mercredi 14 mai<\/strong><\/span><\/p>\n<ul>\n<li>15 h \/ Th\u00e9\u00e2tre Th\u00e9o Argence \/<strong> SPECTACLE \u00ab LE BLEU DES ARBRES \u00bb<\/strong> PAR LA COMPAGNIE GIROUETTE. Dur\u00e9e 50 minutes . D\u00e8s 3 ans.<\/li>\n<\/ul>\n<p><span style=\"font-size: 14pt;\"><strong><span style=\"background-color: #000000; color: #ffffff;\">Samedi 17 mai <\/span><\/strong><\/span><\/p>\n<ul>\n<li>19 h 30 \/ Salle le Concorde \/ <strong>WOMEN ROCK THE STAGE<\/strong>. Les d\u00e9partements de Musiques Amplifi\u00e9es du Conservatoire de Saint-Priest, de l\u2019ENM de Villeurbanne et de l\u2019\u00c9cole des Arts de Vaulx-en-Velin r\u00e9it\u00e8rent leur collaboration biennale. Gratuit \/ Entr\u00e9e libre.<\/li>\n<\/ul>\n<ul>\n<li>20 h \/ Th\u00e9\u00e2tre Th\u00e9o Argence.\u00a0 <strong>\u00ab LES SERGE (GAINSBOURG POINT BARRE) \u00bb<\/strong> par la Com\u00e9die Fran\u00e7aise. Dur\u00e9e : 1 h 20.<\/li>\n<\/ul>\n<p><span style=\"font-size: 14pt;\"><strong><span style=\"background-color: #000000; color: #ffffff;\">Vendredi 23 mai<\/span><\/strong><\/span><\/p>\n<ul>\n<li>20 h \/ Th\u00e9\u00e2tre Th\u00e9o Argence. <strong>\u00ab C\u00c9PAGE(S) \u00bb<\/strong> par le Quatuor DEBUSSY ET FRANCK TORTILLER. Concert surprenant t n\u00e9 de la rencontre entre le Quatuor Debussy, formation de musique classique c\u00e9l\u00e8bre pour ses projets atypiques, le vigneron Rapha\u00ebl Pommier du Domaine de Cousignac en Ard\u00e8che, et le compositeur et musicien de jazz Franck Tortiller. L\u2019id\u00e9e \u00e9tait de cr\u00e9er des compositions musicales originales exprimant le caract\u00e8re de certains c\u00e9pages de la vall\u00e9e du Rh\u00f4ne : Grenache, Syrah, Cinsault\u2026\u00a0 Concert suivi d\u2019une d\u00e9gustation de vins.\u00a0 Dur\u00e9e : 1 h 15.<\/li>\n<\/ul>\n<p><span style=\"font-size: 14pt;\"><strong><span style=\"background-color: #000000; color: #ffffff;\">Samedi 24 mai<\/span><\/strong><\/span><\/p>\n<ul>\n<li>14 h \/ Gymnase Colette et parvis devant le Gymnase Colette \/ <strong>JOURN\u00c9E DE LA JEUNESSE. <\/strong>Pour valoriser les projets et l\u2019engagement des jeunes San-Priots dans la vie de la commune, la Ville organise une Journ\u00e9e de la jeunesse pour tous les 11-25 ans, autour de nombreuses animations r\u00e9parties en 3 espaces : &gt; Espace projets et engagement : stands anim\u00e9s par des jeunes San-Priots qui vous informent et partagent leurs projets : CMJ, jeunes sapeurs-pompiers, langue des signes, live Twitch, slam, quizz \u2026 &gt; Espace terrains libres : Initiation et d\u00e9couverte sportives anim\u00e9es par des professionnels et une trentaine de jeunes \u00e2g\u00e9s de 11 \u00e0 17 ans issus des projets ados : rugby, trampoline, danse, tennis de table, basket 3&#215;3, babyfoot g\u00e9ant, tour d\u2019escalade, parcours Ninja Warrior, relais marathon. Des lots seront \u00e0 gagner et le record de 139,7 kilom\u00e8tres courus, l\u2019\u00e9dition pr\u00e9c\u00e9dente, sera \u00e0 battre.<br \/>\n&gt; Espace e-sport : R\u00e9trogaming, Micromachine, tournois Nintendo Switch, mario kart, virtua cop \u2026 Cet apr\u00e8s-midi se terminera sur un show freestyle \u00e0 18 h. Animations gratuites.<\/li>\n<\/ul>\n<hr \/>\n<p><span style=\"background-color: #000000; font-size: 14pt;\"><em><strong><span style=\"color: #ffffff;\">L\u2019ACTU de la commune : <\/span><span style=\"color: #3366ff;\"><a style=\"background-color: #000000; color: #3366ff;\" href=\"http:\/\/www.ville-saint-priest.fr\/accueil.547.0.html\" target=\"_blank\" rel=\"noreferrer noopener\">http:\/\/www.ville-saint-priest.fr<\/a><\/span><\/strong><\/em><\/span><\/p>\n","protected":false},"excerpt":{"rendered":"<p>Nombreuses seront les programmations locales au cours de ce prochain mois.<\/p>\n","protected":false},"author":4,"featured_media":95577,"comment_status":"open","ping_status":"open","sticky":false,"template":"","format":"standard","meta":{"footnotes":""},"categories":[1296],"tags":[],"class_list":["post-219257","post","type-post","status-publish","format-standard","has-post-thumbnail","hentry","category-sain-priest"],"yoast_head":"<!-- This site is optimized with the Yoast SEO plugin v27.2 - https:\/\/yoast.com\/product\/yoast-seo-wordpress\/ -->\n<title>SAINT-PRIEST | Les \u00e9v\u00e8nements du mois de mai - News Est Lyonnais<\/title>\n<meta name=\"description\" content=\"SAINT-PRIEST | Les \u00e9v\u00e8nements du mois de mai\" \/>\n<meta name=\"robots\" content=\"index, follow, max-snippet:-1, max-image-preview:large, max-video-preview:-1\" \/>\n<link rel=\"canonical\" href=\"https:\/\/newsestlyonnais.fr\/site\/2025\/04\/29\/saint-priest-les-evenements-du-mois-de-mai\/\" \/>\n<meta property=\"og:locale\" content=\"fr_FR\" \/>\n<meta property=\"og:type\" content=\"article\" \/>\n<meta property=\"og:title\" content=\"SAINT-PRIEST | Les \u00e9v\u00e8nements du mois de mai - News Est Lyonnais\" \/>\n<meta property=\"og:description\" content=\"SAINT-PRIEST | Les \u00e9v\u00e8nements du mois de mai\" \/>\n<meta property=\"og:url\" content=\"https:\/\/newsestlyonnais.fr\/site\/2025\/04\/29\/saint-priest-les-evenements-du-mois-de-mai\/\" \/>\n<meta property=\"og:site_name\" content=\"News Est Lyonnais\" \/>\n<meta property=\"article:author\" content=\"https:\/\/www.facebook.com\/pascal.oberson.1?fref=ts\" \/>\n<meta property=\"article:published_time\" content=\"2025-04-29T09:32:44+00:00\" \/>\n<meta property=\"article:modified_time\" content=\"2025-06-02T05:04:37+00:00\" \/>\n<meta property=\"og:image\" content=\"https:\/\/newsestlyonnais.fr\/site\/wp-content\/uploads\/2020\/02\/NEWSESTLYONNAIS-ST-PRIEST01.jpg\" \/>\n\t<meta property=\"og:image:width\" content=\"1200\" \/>\n\t<meta property=\"og:image:height\" content=\"800\" \/>\n\t<meta property=\"og:image:type\" content=\"image\/jpeg\" \/>\n<meta name=\"author\" content=\"R\u00e9dac. NEWS\" \/>\n<meta name=\"twitter:card\" content=\"summary_large_image\" \/>\n<meta name=\"twitter:label1\" content=\"\u00c9crit par\" \/>\n\t<meta name=\"twitter:data1\" content=\"R\u00e9dac. NEWS\" \/>\n\t<meta name=\"twitter:label2\" content=\"Dur\u00e9e de lecture estim\u00e9e\" \/>\n\t<meta name=\"twitter:data2\" content=\"3 minutes\" \/>\n<script type=\"application\/ld+json\" class=\"yoast-schema-graph\">{\"@context\":\"https:\/\/schema.org\",\"@graph\":[{\"@type\":\"Article\",\"@id\":\"https:\/\/newsestlyonnais.fr\/site\/2025\/04\/29\/saint-priest-les-evenements-du-mois-de-mai\/#article\",\"isPartOf\":{\"@id\":\"https:\/\/newsestlyonnais.fr\/site\/2025\/04\/29\/saint-priest-les-evenements-du-mois-de-mai\/\"},\"author\":{\"name\":\"R\u00e9dac. NEWS\",\"@id\":\"https:\/\/newsestlyonnais.fr\/site\/#\/schema\/person\/3230d5615f390bb808365d673001e887\"},\"headline\":\"SAINT-PRIEST | Les \u00e9v\u00e8nements du mois de mai\",\"datePublished\":\"2025-04-29T09:32:44+00:00\",\"dateModified\":\"2025-06-02T05:04:37+00:00\",\"mainEntityOfPage\":{\"@id\":\"https:\/\/newsestlyonnais.fr\/site\/2025\/04\/29\/saint-priest-les-evenements-du-mois-de-mai\/\"},\"wordCount\":499,\"commentCount\":0,\"publisher\":{\"@id\":\"https:\/\/newsestlyonnais.fr\/site\/#organization\"},\"image\":{\"@id\":\"https:\/\/newsestlyonnais.fr\/site\/2025\/04\/29\/saint-priest-les-evenements-du-mois-de-mai\/#primaryimage\"},\"thumbnailUrl\":\"https:\/\/newsestlyonnais.fr\/site\/wp-content\/uploads\/2020\/02\/NEWSESTLYONNAIS-ST-PRIEST01.jpg\",\"articleSection\":[\"Saint-Priest\"],\"inLanguage\":\"fr-FR\",\"potentialAction\":[{\"@type\":\"CommentAction\",\"name\":\"Comment\",\"target\":[\"https:\/\/newsestlyonnais.fr\/site\/2025\/04\/29\/saint-priest-les-evenements-du-mois-de-mai\/#respond\"]}]},{\"@type\":\"WebPage\",\"@id\":\"https:\/\/newsestlyonnais.fr\/site\/2025\/04\/29\/saint-priest-les-evenements-du-mois-de-mai\/\",\"url\":\"https:\/\/newsestlyonnais.fr\/site\/2025\/04\/29\/saint-priest-les-evenements-du-mois-de-mai\/\",\"name\":\"SAINT-PRIEST | Les \u00e9v\u00e8nements du mois de mai - News Est Lyonnais\",\"isPartOf\":{\"@id\":\"https:\/\/newsestlyonnais.fr\/site\/#website\"},\"primaryImageOfPage\":{\"@id\":\"https:\/\/newsestlyonnais.fr\/site\/2025\/04\/29\/saint-priest-les-evenements-du-mois-de-mai\/#primaryimage\"},\"image\":{\"@id\":\"https:\/\/newsestlyonnais.fr\/site\/2025\/04\/29\/saint-priest-les-evenements-du-mois-de-mai\/#primaryimage\"},\"thumbnailUrl\":\"https:\/\/newsestlyonnais.fr\/site\/wp-content\/uploads\/2020\/02\/NEWSESTLYONNAIS-ST-PRIEST01.jpg\",\"datePublished\":\"2025-04-29T09:32:44+00:00\",\"dateModified\":\"2025-06-02T05:04:37+00:00\",\"description\":\"SAINT-PRIEST | Les \u00e9v\u00e8nements du mois de mai\",\"breadcrumb\":{\"@id\":\"https:\/\/newsestlyonnais.fr\/site\/2025\/04\/29\/saint-priest-les-evenements-du-mois-de-mai\/#breadcrumb\"},\"inLanguage\":\"fr-FR\",\"potentialAction\":[{\"@type\":\"ReadAction\",\"target\":[\"https:\/\/newsestlyonnais.fr\/site\/2025\/04\/29\/saint-priest-les-evenements-du-mois-de-mai\/\"]}]},{\"@type\":\"ImageObject\",\"inLanguage\":\"fr-FR\",\"@id\":\"https:\/\/newsestlyonnais.fr\/site\/2025\/04\/29\/saint-priest-les-evenements-du-mois-de-mai\/#primaryimage\",\"url\":\"https:\/\/newsestlyonnais.fr\/site\/wp-content\/uploads\/2020\/02\/NEWSESTLYONNAIS-ST-PRIEST01.jpg\",\"contentUrl\":\"https:\/\/newsestlyonnais.fr\/site\/wp-content\/uploads\/2020\/02\/NEWSESTLYONNAIS-ST-PRIEST01.jpg\",\"width\":1200,\"height\":800},{\"@type\":\"BreadcrumbList\",\"@id\":\"https:\/\/newsestlyonnais.fr\/site\/2025\/04\/29\/saint-priest-les-evenements-du-mois-de-mai\/#breadcrumb\",\"itemListElement\":[{\"@type\":\"ListItem\",\"position\":1,\"name\":\"Accueil\",\"item\":\"https:\/\/newsestlyonnais.fr\/site\/\"},{\"@type\":\"ListItem\",\"position\":2,\"name\":\"SAINT-PRIEST | Les \u00e9v\u00e8nements du mois de mai\"}]},{\"@type\":\"WebSite\",\"@id\":\"https:\/\/newsestlyonnais.fr\/site\/#website\",\"url\":\"https:\/\/newsestlyonnais.fr\/site\/\",\"name\":\"News Est Lyonnais\",\"description\":\"L&#039;actualit\u00e9 au plus pr\u00e8s\",\"publisher\":{\"@id\":\"https:\/\/newsestlyonnais.fr\/site\/#organization\"},\"potentialAction\":[{\"@type\":\"SearchAction\",\"target\":{\"@type\":\"EntryPoint\",\"urlTemplate\":\"https:\/\/newsestlyonnais.fr\/site\/?s={search_term_string}\"},\"query-input\":{\"@type\":\"PropertyValueSpecification\",\"valueRequired\":true,\"valueName\":\"search_term_string\"}}],\"inLanguage\":\"fr-FR\"},{\"@type\":\"Organization\",\"@id\":\"https:\/\/newsestlyonnais.fr\/site\/#organization\",\"name\":\"News EST LYONNAIS\",\"url\":\"https:\/\/newsestlyonnais.fr\/site\/\",\"logo\":{\"@type\":\"ImageObject\",\"inLanguage\":\"fr-FR\",\"@id\":\"https:\/\/newsestlyonnais.fr\/site\/#\/schema\/logo\/image\/\",\"url\":\"\",\"contentUrl\":\"\",\"caption\":\"News EST LYONNAIS\"},\"image\":{\"@id\":\"https:\/\/newsestlyonnais.fr\/site\/#\/schema\/logo\/image\/\"}},{\"@type\":\"Person\",\"@id\":\"https:\/\/newsestlyonnais.fr\/site\/#\/schema\/person\/3230d5615f390bb808365d673001e887\",\"name\":\"R\u00e9dac. NEWS\",\"sameAs\":[\"http:\/\/www.newsestlyonnais.fr\",\"https:\/\/www.facebook.com\/pascal.oberson.1?fref=ts\",\"https:\/\/fr.linkedin.com\/in\/pascal-oberson-b17045113\"],\"url\":\"https:\/\/newsestlyonnais.fr\/site\/author\/nel\/\"}]}<\/script>\n<!-- \/ Yoast SEO plugin. -->","yoast_head_json":{"title":"SAINT-PRIEST | Les \u00e9v\u00e8nements du mois de mai - News Est Lyonnais","description":"SAINT-PRIEST | Les \u00e9v\u00e8nements du mois de mai","robots":{"index":"index","follow":"follow","max-snippet":"max-snippet:-1","max-image-preview":"max-image-preview:large","max-video-preview":"max-video-preview:-1"},"canonical":"https:\/\/newsestlyonnais.fr\/site\/2025\/04\/29\/saint-priest-les-evenements-du-mois-de-mai\/","og_locale":"fr_FR","og_type":"article","og_title":"SAINT-PRIEST | Les \u00e9v\u00e8nements du mois de mai - News Est Lyonnais","og_description":"SAINT-PRIEST | Les \u00e9v\u00e8nements du mois de mai","og_url":"https:\/\/newsestlyonnais.fr\/site\/2025\/04\/29\/saint-priest-les-evenements-du-mois-de-mai\/","og_site_name":"News Est Lyonnais","article_author":"https:\/\/www.facebook.com\/pascal.oberson.1?fref=ts","article_published_time":"2025-04-29T09:32:44+00:00","article_modified_time":"2025-06-02T05:04:37+00:00","og_image":[{"width":1200,"height":800,"url":"https:\/\/newsestlyonnais.fr\/site\/wp-content\/uploads\/2020\/02\/NEWSESTLYONNAIS-ST-PRIEST01.jpg","type":"image\/jpeg"}],"author":"R\u00e9dac. NEWS","twitter_card":"summary_large_image","twitter_misc":{"\u00c9crit par":"R\u00e9dac. NEWS","Dur\u00e9e de lecture estim\u00e9e":"3 minutes"},"schema":{"@context":"https:\/\/schema.org","@graph":[{"@type":"Article","@id":"https:\/\/newsestlyonnais.fr\/site\/2025\/04\/29\/saint-priest-les-evenements-du-mois-de-mai\/#article","isPartOf":{"@id":"https:\/\/newsestlyonnais.fr\/site\/2025\/04\/29\/saint-priest-les-evenements-du-mois-de-mai\/"},"author":{"name":"R\u00e9dac. NEWS","@id":"https:\/\/newsestlyonnais.fr\/site\/#\/schema\/person\/3230d5615f390bb808365d673001e887"},"headline":"SAINT-PRIEST | Les \u00e9v\u00e8nements du mois de mai","datePublished":"2025-04-29T09:32:44+00:00","dateModified":"2025-06-02T05:04:37+00:00","mainEntityOfPage":{"@id":"https:\/\/newsestlyonnais.fr\/site\/2025\/04\/29\/saint-priest-les-evenements-du-mois-de-mai\/"},"wordCount":499,"commentCount":0,"publisher":{"@id":"https:\/\/newsestlyonnais.fr\/site\/#organization"},"image":{"@id":"https:\/\/newsestlyonnais.fr\/site\/2025\/04\/29\/saint-priest-les-evenements-du-mois-de-mai\/#primaryimage"},"thumbnailUrl":"https:\/\/newsestlyonnais.fr\/site\/wp-content\/uploads\/2020\/02\/NEWSESTLYONNAIS-ST-PRIEST01.jpg","articleSection":["Saint-Priest"],"inLanguage":"fr-FR","potentialAction":[{"@type":"CommentAction","name":"Comment","target":["https:\/\/newsestlyonnais.fr\/site\/2025\/04\/29\/saint-priest-les-evenements-du-mois-de-mai\/#respond"]}]},{"@type":"WebPage","@id":"https:\/\/newsestlyonnais.fr\/site\/2025\/04\/29\/saint-priest-les-evenements-du-mois-de-mai\/","url":"https:\/\/newsestlyonnais.fr\/site\/2025\/04\/29\/saint-priest-les-evenements-du-mois-de-mai\/","name":"SAINT-PRIEST | Les \u00e9v\u00e8nements du mois de mai - News Est Lyonnais","isPartOf":{"@id":"https:\/\/newsestlyonnais.fr\/site\/#website"},"primaryImageOfPage":{"@id":"https:\/\/newsestlyonnais.fr\/site\/2025\/04\/29\/saint-priest-les-evenements-du-mois-de-mai\/#primaryimage"},"image":{"@id":"https:\/\/newsestlyonnais.fr\/site\/2025\/04\/29\/saint-priest-les-evenements-du-mois-de-mai\/#primaryimage"},"thumbnailUrl":"https:\/\/newsestlyonnais.fr\/site\/wp-content\/uploads\/2020\/02\/NEWSESTLYONNAIS-ST-PRIEST01.jpg","datePublished":"2025-04-29T09:32:44+00:00","dateModified":"2025-06-02T05:04:37+00:00","description":"SAINT-PRIEST | Les \u00e9v\u00e8nements du mois de mai","breadcrumb":{"@id":"https:\/\/newsestlyonnais.fr\/site\/2025\/04\/29\/saint-priest-les-evenements-du-mois-de-mai\/#breadcrumb"},"inLanguage":"fr-FR","potentialAction":[{"@type":"ReadAction","target":["https:\/\/newsestlyonnais.fr\/site\/2025\/04\/29\/saint-priest-les-evenements-du-mois-de-mai\/"]}]},{"@type":"ImageObject","inLanguage":"fr-FR","@id":"https:\/\/newsestlyonnais.fr\/site\/2025\/04\/29\/saint-priest-les-evenements-du-mois-de-mai\/#primaryimage","url":"https:\/\/newsestlyonnais.fr\/site\/wp-content\/uploads\/2020\/02\/NEWSESTLYONNAIS-ST-PRIEST01.jpg","contentUrl":"https:\/\/newsestlyonnais.fr\/site\/wp-content\/uploads\/2020\/02\/NEWSESTLYONNAIS-ST-PRIEST01.jpg","width":1200,"height":800},{"@type":"BreadcrumbList","@id":"https:\/\/newsestlyonnais.fr\/site\/2025\/04\/29\/saint-priest-les-evenements-du-mois-de-mai\/#breadcrumb","itemListElement":[{"@type":"ListItem","position":1,"name":"Accueil","item":"https:\/\/newsestlyonnais.fr\/site\/"},{"@type":"ListItem","position":2,"name":"SAINT-PRIEST | Les \u00e9v\u00e8nements du mois de mai"}]},{"@type":"WebSite","@id":"https:\/\/newsestlyonnais.fr\/site\/#website","url":"https:\/\/newsestlyonnais.fr\/site\/","name":"News Est Lyonnais","description":"L&#039;actualit\u00e9 au plus pr\u00e8s","publisher":{"@id":"https:\/\/newsestlyonnais.fr\/site\/#organization"},"potentialAction":[{"@type":"SearchAction","target":{"@type":"EntryPoint","urlTemplate":"https:\/\/newsestlyonnais.fr\/site\/?s={search_term_string}"},"query-input":{"@type":"PropertyValueSpecification","valueRequired":true,"valueName":"search_term_string"}}],"inLanguage":"fr-FR"},{"@type":"Organization","@id":"https:\/\/newsestlyonnais.fr\/site\/#organization","name":"News EST LYONNAIS","url":"https:\/\/newsestlyonnais.fr\/site\/","logo":{"@type":"ImageObject","inLanguage":"fr-FR","@id":"https:\/\/newsestlyonnais.fr\/site\/#\/schema\/logo\/image\/","url":"","contentUrl":"","caption":"News EST LYONNAIS"},"image":{"@id":"https:\/\/newsestlyonnais.fr\/site\/#\/schema\/logo\/image\/"}},{"@type":"Person","@id":"https:\/\/newsestlyonnais.fr\/site\/#\/schema\/person\/3230d5615f390bb808365d673001e887","name":"R\u00e9dac. NEWS","sameAs":["http:\/\/www.newsestlyonnais.fr","https:\/\/www.facebook.com\/pascal.oberson.1?fref=ts","https:\/\/fr.linkedin.com\/in\/pascal-oberson-b17045113"],"url":"https:\/\/newsestlyonnais.fr\/site\/author\/nel\/"}]}},"_links":{"self":[{"href":"https:\/\/newsestlyonnais.fr\/site\/wp-json\/wp\/v2\/posts\/219257","targetHints":{"allow":["GET"]}}],"collection":[{"href":"https:\/\/newsestlyonnais.fr\/site\/wp-json\/wp\/v2\/posts"}],"about":[{"href":"https:\/\/newsestlyonnais.fr\/site\/wp-json\/wp\/v2\/types\/post"}],"author":[{"embeddable":true,"href":"https:\/\/newsestlyonnais.fr\/site\/wp-json\/wp\/v2\/users\/4"}],"replies":[{"embeddable":true,"href":"https:\/\/newsestlyonnais.fr\/site\/wp-json\/wp\/v2\/comments?post=219257"}],"version-history":[{"count":0,"href":"https:\/\/newsestlyonnais.fr\/site\/wp-json\/wp\/v2\/posts\/219257\/revisions"}],"wp:featuredmedia":[{"embeddable":true,"href":"https:\/\/newsestlyonnais.fr\/site\/wp-json\/wp\/v2\/media\/95577"}],"wp:attachment":[{"href":"https:\/\/newsestlyonnais.fr\/site\/wp-json\/wp\/v2\/media?parent=219257"}],"wp:term":[{"taxonomy":"category","embeddable":true,"href":"https:\/\/newsestlyonnais.fr\/site\/wp-json\/wp\/v2\/categories?post=219257"},{"taxonomy":"post_tag","embeddable":true,"href":"https:\/\/newsestlyonnais.fr\/site\/wp-json\/wp\/v2\/tags?post=219257"}],"curies":[{"name":"wp","href":"https:\/\/api.w.org\/{rel}","templated":true}]}}