{"id":219700,"date":"2025-06-10T16:08:50","date_gmt":"2025-06-10T15:08:50","guid":{"rendered":"https:\/\/newsestlyonnais.fr\/site\/?p=219700"},"modified":"2025-06-24T10:54:33","modified_gmt":"2025-06-24T09:54:33","slug":"open-seniors-du-tennis-club-de-genas","status":"publish","type":"post","link":"https:\/\/newsestlyonnais.fr\/site\/2025\/06\/10\/open-seniors-du-tennis-club-de-genas\/","title":{"rendered":"Open seniors du Tennis Club de Genas"},"content":{"rendered":"<p style=\"text-align: center;\"><span style=\"background-color: #000000; color: #ff6600;\"><strong><span style=\"font-size: 14pt; background-color: #000000;\">Tous les r\u00e9sultats :<\/span><\/strong><\/span><\/p>\n<p class=\"entry-title post-title\"><a href=\"https:\/\/newsestlyonnais.fr\/site\/2025\/06\/14\/genas-verdict-rendu-a-lopen-seniors-de-tennis\/\"><span style=\"color: #0000ff;\"><strong><span style=\"font-size: 14pt;\"><img loading=\"lazy\" decoding=\"async\" class=\"alignleft size-thumbnail wp-image-222346\" src=\"https:\/\/newsestlyonnais.fr\/site\/wp-content\/uploads\/2025\/06\/P1510122-250x188.jpg\" alt=\"\" width=\"150\" height=\"113\" srcset=\"https:\/\/newsestlyonnais.fr\/site\/wp-content\/uploads\/2025\/06\/P1510122-250x188.jpg 250w, https:\/\/newsestlyonnais.fr\/site\/wp-content\/uploads\/2025\/06\/P1510122-400x300.jpg 400w, https:\/\/newsestlyonnais.fr\/site\/wp-content\/uploads\/2025\/06\/P1510122-650x488.jpg 650w, https:\/\/newsestlyonnais.fr\/site\/wp-content\/uploads\/2025\/06\/P1510122-768x576.jpg 768w, https:\/\/newsestlyonnais.fr\/site\/wp-content\/uploads\/2025\/06\/P1510122-150x113.jpg 150w, https:\/\/newsestlyonnais.fr\/site\/wp-content\/uploads\/2025\/06\/P1510122-50x38.jpg 50w, https:\/\/newsestlyonnais.fr\/site\/wp-content\/uploads\/2025\/06\/P1510122-100x75.jpg 100w, https:\/\/newsestlyonnais.fr\/site\/wp-content\/uploads\/2025\/06\/P1510122-200x150.jpg 200w, https:\/\/newsestlyonnais.fr\/site\/wp-content\/uploads\/2025\/06\/P1510122-300x225.jpg 300w, https:\/\/newsestlyonnais.fr\/site\/wp-content\/uploads\/2025\/06\/P1510122-350x263.jpg 350w, https:\/\/newsestlyonnais.fr\/site\/wp-content\/uploads\/2025\/06\/P1510122-450x338.jpg 450w, https:\/\/newsestlyonnais.fr\/site\/wp-content\/uploads\/2025\/06\/P1510122-500x375.jpg 500w, https:\/\/newsestlyonnais.fr\/site\/wp-content\/uploads\/2025\/06\/P1510122-550x413.jpg 550w, https:\/\/newsestlyonnais.fr\/site\/wp-content\/uploads\/2025\/06\/P1510122-800x600.jpg 800w, https:\/\/newsestlyonnais.fr\/site\/wp-content\/uploads\/2025\/06\/P1510122.jpg 1200w\" sizes=\"auto, (max-width: 150px) 100vw, 150px\" \/><\/span><\/strong><\/span><\/a><\/p>\n<p>&nbsp;<\/p>\n<p class=\"entry-title post-title\"><a href=\"https:\/\/newsestlyonnais.fr\/site\/2025\/06\/14\/genas-verdict-rendu-a-lopen-seniors-de-tennis\/\"><span style=\"color: #0000ff;\"><strong><span style=\"font-size: 14pt;\"><span style=\"font-size: 18pt;\">Verdict rendu \u00e0 l\u2019open seniors de tennis<\/span><\/span><\/strong><\/span><\/a><\/p>\n<hr \/>\n<p><span style=\"background-color: #000000; color: #ffcc00;\"><strong>4\u00b0 semaine<\/strong><\/span><\/p>\n<p><a href=\"https:\/\/newsestlyonnais.fr\/site\/2025\/06\/14\/genas-un-samedi-de-finales-a-lopen-seniors-de-tennis\/\"><span style=\"font-size: 14pt; color: #0000ff;\"><strong>Vendredi 13 juin 2025<\/strong><\/span><\/a> \/ <a href=\"https:\/\/newsestlyonnais.fr\/site\/2025\/06\/13\/genas-derniere-ligne-droite-a-lopen-seniors-de-tennis\/\"><strong><span style=\"font-size: 14pt;\"><span style=\"color: #0000ff;\">Jeudi 12 juin 2025<\/span><\/span><\/strong><\/a> \/ <a href=\"https:\/\/newsestlyonnais.fr\/site\/2025\/06\/12\/genas-les-resultats-de-mercredi-a-lopen-seniors-de-tennis-7\/\"><span style=\"color: #0000ff;\"><strong><span style=\"font-size: 14pt;\">Mercredi 11 juin 2025<\/span><\/strong><\/span><\/a> \/ <a href=\"https:\/\/newsestlyonnais.fr\/site\/2025\/06\/11\/genas-les-resultats-de-mardi-a-lopen-seniors-de-tennis-7\/\"><span style=\"color: #0000ff;\"><strong><span style=\"font-size: 14pt;\">Mardi 10 juin 2025<\/span><\/strong><\/span><\/a> \/ <a href=\"https:\/\/newsestlyonnais.fr\/site\/2025\/06\/10\/genas-les-resultats-de-lundi-a-lopen-seniors-de-tennis-7\/\"><span style=\"color: #0000ff;\"><strong><span style=\"font-size: 14pt;\">Lundi 9 juin 2025<\/span><\/strong><\/span><\/a> \/ <a href=\"https:\/\/newsestlyonnais.fr\/site\/2025\/06\/09\/genas-les-resultats-de-dimanche-a-lopen-seniors-de-tennis-5\/\"><span style=\"color: #0000ff;\"><strong><span style=\"font-size: 14pt;\">Dimanche 8 juin 2025<\/span><\/strong><\/span><\/a> \/ <a href=\"https:\/\/newsestlyonnais.fr\/site\/2025\/06\/08\/genas-les-resultats-de-samedi-a-lopen-seniors-de-tennis-6\/\"><span style=\"color: #0000ff;\"><strong><span style=\"font-size: 14pt;\">Samedi 7 juin 2025<\/span><\/strong><\/span><\/a> \/ <a href=\"https:\/\/newsestlyonnais.fr\/site\/2025\/06\/07\/genas-les-resultats-de-vendredi-a-lopen-seniors-de-tennis-5\/\"><strong><span style=\"color: #0000ff; font-size: 14pt;\">Vendredi 6 juin 2025<\/span><\/strong><\/a><\/p>\n<p><span style=\"background-color: #000000; color: #ffcc00;\"><strong>3\u00b0 semaine<\/strong><\/span><\/p>\n<p><span style=\"font-size: 14pt;\"><strong><a href=\"https:\/\/newsestlyonnais.fr\/site\/2025\/06\/06\/genas-les-resultats-de-jeudi-a-lopen-seniors-de-tennis-6\/\"><span style=\"color: #0000ff;\">Jeudi 5 juin 2025<\/span><\/a> \/ <a href=\"https:\/\/newsestlyonnais.fr\/site\/2025\/06\/03\/genas-les-resultats-de-lundi-a-lopen-seniors-de-tennis-6\/\"><span style=\"color: #0000ff;\">Mercredi 4 juin 2025<\/span><\/a><\/strong><\/span> \/ <span style=\"color: #0000ff;\"><a style=\"color: #0000ff;\" href=\"https:\/\/newsestlyonnais.fr\/site\/2025\/06\/05\/genas-les-resultats-de-mercredi-a-lopen-seniors-de-tennis-6\/\"><span style=\"font-size: 14pt;\"><strong>Mardi 3 juin 2025<\/strong><\/span><\/a><\/span> \/ <a href=\"https:\/\/newsestlyonnais.fr\/site\/2025\/06\/03\/genas-les-resultats-de-lundi-a-lopen-seniors-de-tennis-6\/\"><span style=\"font-size: 14pt; color: #0000ff;\"><strong>Lundi 2 juin 2025<\/strong><\/span><\/a> \/ <a href=\"https:\/\/newsestlyonnais.fr\/site\/2025\/06\/02\/genas-les-derniers-resultats-de-lopen-seniors-de-tennis\/\"><span style=\"font-size: 14pt;\"><strong><span style=\"color: #0000ff;\">Vendredi 30, samedi 31 mai &amp; dimanche 1\u00b0 juin 2025 <\/span><\/strong><\/span><\/a><\/p>\n<p><span style=\"background-color: #000000; color: #ffcc00;\"><strong>2\u00b0 semaine<\/strong><\/span><\/p>\n<p><a href=\"https:\/\/newsestlyonnais.fr\/site\/2025\/05\/30\/genas-les-resultats-de-jeudi-a-lopen-seniors-de-tennis-5\/\"><span style=\"font-size: 14pt;\"><strong><span style=\"color: #3366ff;\"><span style=\"color: #0000ff;\">Jeudi 29 mai 2025<\/span><\/span><\/strong><\/span><\/a> \/ <a href=\"https:\/\/newsestlyonnais.fr\/site\/2025\/05\/29\/genas-les-resultats-de-mercredi-a-lopen-seniors-de-tennis-5\/\"><span style=\"font-size: 14pt;\"><strong><span style=\"color: #0000ff;\">Mercredi 28 mai 2025<\/span><\/strong><\/span><\/a> \/ <a href=\"https:\/\/newsestlyonnais.fr\/site\/2025\/05\/28\/genas-les-resultats-de-mardi-a-lopen-seniors-de-tennis-5\/\"><span style=\"font-size: 14pt; color: #0000ff;\"><strong>Mardi 27 mai 2025<\/strong><\/span><\/a> \/ <a href=\"https:\/\/newsestlyonnais.fr\/site\/2025\/05\/27\/genas-les-resultats-de-lundi-a-lopen-seniors-de-tennis-5\/\"><span style=\"font-size: 14pt;\"><strong><span style=\"color: #0000ff;\">Lundi 26 mai 2025<\/span><\/strong><\/span><\/a> \/ <a href=\"https:\/\/newsestlyonnais.fr\/site\/2025\/05\/26\/genas-les-resultats-de-dimanche-a-lopen-seniors-de-tennis-4\/\"><span style=\"font-size: 14pt;\"><strong><span style=\"color: #0000ff;\">Dimanche 25 mai 2025<\/span><\/strong><\/span><\/a> \/ <a href=\"https:\/\/newsestlyonnais.fr\/site\/2025\/05\/25\/genas-les-resultats-de-samedi-a-lopen-seniors-de-tennis-5\/\"><span style=\"font-size: 14pt; color: #0000ff;\"><strong>Samedi 24 mai 2025<\/strong><\/span><\/a> \/ <a href=\"https:\/\/newsestlyonnais.fr\/site\/2025\/05\/24\/genas-les-resultats-de-vendredi-a-lopen-seniors-de-tennis-4\/\"><span style=\"font-size: 14pt;\"><strong><span style=\"color: #0000ff;\">Vendredi 23 mai 2025<\/span><\/strong><\/span><\/a>.<\/p>\n<p><span style=\"background-color: #000000; color: #ffcc00;\"><strong>1\u00b0 semaine<\/strong><\/span><\/p>\n<p><a href=\"https:\/\/newsestlyonnais.fr\/site\/2025\/05\/23\/genas-les-resultats-de-jeudi-a-lopen-seniors-de-tennis-4\/\"><span style=\"font-size: 14pt; color: #0000ff;\"><strong>Jeudi 22 mai 2025<\/strong><\/span><\/a> \/ <a href=\"https:\/\/newsestlyonnais.fr\/site\/2025\/05\/22\/genas-les-resultats-de-mercredi-a-lopen-seniors-de-tennis-4\/\"><span style=\"color: #0000ff;\"><strong><span style=\"font-size: 14pt;\">Mercredi 21 mai 2025<\/span><\/strong><\/span><\/a> \/ <a href=\"https:\/\/newsestlyonnais.fr\/site\/2025\/05\/21\/genas-les-resultats-de-mardi-a-lopen-seniors-de-tennis-4\/\"><span style=\"color: #0000ff;\"><strong><span style=\"font-size: 14pt;\">Mardi 20 mai 2025<\/span><\/strong><\/span><\/a> \/ <a href=\"https:\/\/newsestlyonnais.fr\/site\/2025\/05\/20\/genas-les-resultats-de-lundi-a-lopen-seniors-de-tennis-4\/\"><span style=\"color: #0000ff;\"><strong><span style=\"font-size: 14pt;\">Lundi 19 mai 2025<\/span><\/strong><\/span><\/a><span style=\"font-size: 14pt;\"> \/ <a href=\"https:\/\/newsestlyonnais.fr\/site\/2025\/05\/19\/genas-les-resultats-de-dimanche-a-lopen-seniors-de-tennis-3\/\"><span style=\"color: #0000ff;\"><strong>Dimanche 18 mai 2025<\/strong><\/span><\/a> \/ <a href=\"https:\/\/newsestlyonnais.fr\/site\/2025\/05\/18\/genas-les-resultats-de-samedi-a-lopen-seniors-de-tennis-4\/\"><span style=\"color: #0000ff;\"><strong>Samedi 17 mai 2025<\/strong><\/span><\/a> \/ <\/span><strong><span style=\"font-size: 14pt;\"><span style=\"color: #0000ff;\"><a style=\"color: #0000ff;\" href=\"https:\/\/newsestlyonnais.fr\/site\/2025\/05\/17\/genas-les-tous-premiers-resultats-de-lopen-seniors-de-tennis\/\">Vendredi 16 mai 2025<\/a><\/span>.<\/span><br \/>\n<\/strong><\/p>\n<hr \/>\n<p><span style=\"background-color: #000000; color: #ffcc00;\"><strong><img loading=\"lazy\" decoding=\"async\" class=\"alignleft size-thumbnail wp-image-219443\" src=\"https:\/\/newsestlyonnais.fr\/site\/wp-content\/uploads\/2025\/05\/P1510094-250x188.jpg\" alt=\"\" width=\"150\" height=\"113\" srcset=\"https:\/\/newsestlyonnais.fr\/site\/wp-content\/uploads\/2025\/05\/P1510094-250x188.jpg 250w, https:\/\/newsestlyonnais.fr\/site\/wp-content\/uploads\/2025\/05\/P1510094-400x300.jpg 400w, https:\/\/newsestlyonnais.fr\/site\/wp-content\/uploads\/2025\/05\/P1510094-650x488.jpg 650w, https:\/\/newsestlyonnais.fr\/site\/wp-content\/uploads\/2025\/05\/P1510094-768x576.jpg 768w, https:\/\/newsestlyonnais.fr\/site\/wp-content\/uploads\/2025\/05\/P1510094-150x113.jpg 150w, https:\/\/newsestlyonnais.fr\/site\/wp-content\/uploads\/2025\/05\/P1510094-50x38.jpg 50w, https:\/\/newsestlyonnais.fr\/site\/wp-content\/uploads\/2025\/05\/P1510094-100x75.jpg 100w, https:\/\/newsestlyonnais.fr\/site\/wp-content\/uploads\/2025\/05\/P1510094-200x150.jpg 200w, https:\/\/newsestlyonnais.fr\/site\/wp-content\/uploads\/2025\/05\/P1510094-300x225.jpg 300w, https:\/\/newsestlyonnais.fr\/site\/wp-content\/uploads\/2025\/05\/P1510094-350x263.jpg 350w, https:\/\/newsestlyonnais.fr\/site\/wp-content\/uploads\/2025\/05\/P1510094-450x338.jpg 450w, https:\/\/newsestlyonnais.fr\/site\/wp-content\/uploads\/2025\/05\/P1510094-500x375.jpg 500w, https:\/\/newsestlyonnais.fr\/site\/wp-content\/uploads\/2025\/05\/P1510094-550x413.jpg 550w, https:\/\/newsestlyonnais.fr\/site\/wp-content\/uploads\/2025\/05\/P1510094-800x600.jpg 800w, https:\/\/newsestlyonnais.fr\/site\/wp-content\/uploads\/2025\/05\/P1510094.jpg 1200w\" sizes=\"auto, (max-width: 150px) 100vw, 150px\" \/>Annonce du tournoi<\/strong> :<\/span><\/p>\n<p class=\"entry-title post-title\"><span style=\"font-size: 14pt;\"><a href=\"https:\/\/newsestlyonnais.fr\/site\/2025\/05\/14\/genas-premiers-coups-de-raquette-vendredi-soir-de-lopen-seniors-de-tennis\/\"><span style=\"color: #0000ff;\"><strong><span style=\"font-size: 18pt;\">Premiers coups de raquette vendredi soir de l\u2019Open seniors de tennis<\/span><\/strong><\/span><\/a><\/span><\/p>\n<hr \/>\n<p><img loading=\"lazy\" decoding=\"async\" class=\"aligncenter size-large wp-image-219423\" src=\"https:\/\/newsestlyonnais.fr\/site\/wp-content\/uploads\/2025\/03\/CIRCUIT-EST-Genas-2025-RESEAUX-650x917.jpg\" alt=\"\" width=\"532\" height=\"750\" srcset=\"https:\/\/newsestlyonnais.fr\/site\/wp-content\/uploads\/2025\/03\/CIRCUIT-EST-Genas-2025-RESEAUX-650x917.jpg 650w, https:\/\/newsestlyonnais.fr\/site\/wp-content\/uploads\/2025\/03\/CIRCUIT-EST-Genas-2025-RESEAUX-400x564.jpg 400w, https:\/\/newsestlyonnais.fr\/site\/wp-content\/uploads\/2025\/03\/CIRCUIT-EST-Genas-2025-RESEAUX-250x353.jpg 250w, https:\/\/newsestlyonnais.fr\/site\/wp-content\/uploads\/2025\/03\/CIRCUIT-EST-Genas-2025-RESEAUX-768x1083.jpg 768w, https:\/\/newsestlyonnais.fr\/site\/wp-content\/uploads\/2025\/03\/CIRCUIT-EST-Genas-2025-RESEAUX-150x212.jpg 150w, https:\/\/newsestlyonnais.fr\/site\/wp-content\/uploads\/2025\/03\/CIRCUIT-EST-Genas-2025-RESEAUX-50x71.jpg 50w, https:\/\/newsestlyonnais.fr\/site\/wp-content\/uploads\/2025\/03\/CIRCUIT-EST-Genas-2025-RESEAUX-100x141.jpg 100w, https:\/\/newsestlyonnais.fr\/site\/wp-content\/uploads\/2025\/03\/CIRCUIT-EST-Genas-2025-RESEAUX-200x282.jpg 200w, https:\/\/newsestlyonnais.fr\/site\/wp-content\/uploads\/2025\/03\/CIRCUIT-EST-Genas-2025-RESEAUX-300x423.jpg 300w, https:\/\/newsestlyonnais.fr\/site\/wp-content\/uploads\/2025\/03\/CIRCUIT-EST-Genas-2025-RESEAUX-350x494.jpg 350w, https:\/\/newsestlyonnais.fr\/site\/wp-content\/uploads\/2025\/03\/CIRCUIT-EST-Genas-2025-RESEAUX-450x635.jpg 450w, https:\/\/newsestlyonnais.fr\/site\/wp-content\/uploads\/2025\/03\/CIRCUIT-EST-Genas-2025-RESEAUX-500x705.jpg 500w, https:\/\/newsestlyonnais.fr\/site\/wp-content\/uploads\/2025\/03\/CIRCUIT-EST-Genas-2025-RESEAUX-550x776.jpg 550w, https:\/\/newsestlyonnais.fr\/site\/wp-content\/uploads\/2025\/03\/CIRCUIT-EST-Genas-2025-RESEAUX-800x1128.jpg 800w, https:\/\/newsestlyonnais.fr\/site\/wp-content\/uploads\/2025\/03\/CIRCUIT-EST-Genas-2025-RESEAUX.jpg 851w\" sizes=\"auto, (max-width: 532px) 100vw, 532px\" \/><\/p>\n","protected":false},"excerpt":{"rendered":"<p>Retour sur ce tournoi (article de lancement de la comp\u00e9tition, r\u00e9sultats de chaque journ\u00e9e), 1\u00b0 \u00e9tape du 4\u00b0 Circuit de l&rsquo;Est Lyonnais, qui s&rsquo;est d\u00e9roul\u00e9 du 16 mai au 14 juin 2025.<\/p>\n","protected":false},"author":4,"featured_media":0,"comment_status":"open","ping_status":"open","sticky":false,"template":"","format":"standard","meta":{"footnotes":""},"categories":[4879,270,1598,2992,2991],"tags":[],"class_list":["post-219700","post","type-post","status-publish","format-standard","hentry","category-animation","category-cte-de-communes-c-c-e-l","category-genas","category-tennis-padel","category-tennis-tennis-table-sports"],"yoast_head":"<!-- This site is optimized with the Yoast SEO plugin v27.2 - https:\/\/yoast.com\/product\/yoast-seo-wordpress\/ -->\n<title>Open seniors du Tennis Club de Genas - News Est Lyonnais<\/title>\n<meta name=\"description\" content=\"Open seniors du Tennis Club de Genas\" \/>\n<meta name=\"robots\" content=\"index, follow, max-snippet:-1, max-image-preview:large, max-video-preview:-1\" \/>\n<link rel=\"canonical\" href=\"https:\/\/newsestlyonnais.fr\/site\/2025\/06\/10\/open-seniors-du-tennis-club-de-genas\/\" \/>\n<meta property=\"og:locale\" content=\"fr_FR\" \/>\n<meta property=\"og:type\" content=\"article\" \/>\n<meta property=\"og:title\" content=\"Open seniors du Tennis Club de Genas - News Est Lyonnais\" \/>\n<meta property=\"og:description\" content=\"Open seniors du Tennis Club de Genas\" \/>\n<meta property=\"og:url\" content=\"https:\/\/newsestlyonnais.fr\/site\/2025\/06\/10\/open-seniors-du-tennis-club-de-genas\/\" \/>\n<meta property=\"og:site_name\" content=\"News Est Lyonnais\" \/>\n<meta property=\"article:author\" content=\"https:\/\/www.facebook.com\/pascal.oberson.1?fref=ts\" \/>\n<meta property=\"article:published_time\" content=\"2025-06-10T15:08:50+00:00\" \/>\n<meta property=\"article:modified_time\" content=\"2025-06-24T09:54:33+00:00\" \/>\n<meta property=\"og:image\" content=\"https:\/\/newsestlyonnais.fr\/site\/wp-content\/uploads\/2025\/06\/P1510122.jpg\" \/>\n\t<meta property=\"og:image:width\" content=\"1200\" \/>\n\t<meta property=\"og:image:height\" content=\"900\" \/>\n\t<meta property=\"og:image:type\" content=\"image\/jpeg\" \/>\n<meta name=\"author\" content=\"R\u00e9dac. NEWS\" \/>\n<meta name=\"twitter:card\" content=\"summary_large_image\" \/>\n<meta name=\"twitter:label1\" content=\"\u00c9crit par\" \/>\n\t<meta name=\"twitter:data1\" content=\"R\u00e9dac. NEWS\" \/>\n\t<meta name=\"twitter:label2\" content=\"Dur\u00e9e de lecture estim\u00e9e\" \/>\n\t<meta name=\"twitter:data2\" content=\"2 minutes\" \/>\n<script type=\"application\/ld+json\" class=\"yoast-schema-graph\">{\"@context\":\"https:\/\/schema.org\",\"@graph\":[{\"@type\":\"Article\",\"@id\":\"https:\/\/newsestlyonnais.fr\/site\/2025\/06\/10\/open-seniors-du-tennis-club-de-genas\/#article\",\"isPartOf\":{\"@id\":\"https:\/\/newsestlyonnais.fr\/site\/2025\/06\/10\/open-seniors-du-tennis-club-de-genas\/\"},\"author\":{\"name\":\"R\u00e9dac. NEWS\",\"@id\":\"https:\/\/newsestlyonnais.fr\/site\/#\/schema\/person\/3230d5615f390bb808365d673001e887\"},\"headline\":\"Open seniors du Tennis Club de Genas\",\"datePublished\":\"2025-06-10T15:08:50+00:00\",\"dateModified\":\"2025-06-24T09:54:33+00:00\",\"mainEntityOfPage\":{\"@id\":\"https:\/\/newsestlyonnais.fr\/site\/2025\/06\/10\/open-seniors-du-tennis-club-de-genas\/\"},\"wordCount\":96,\"commentCount\":0,\"publisher\":{\"@id\":\"https:\/\/newsestlyonnais.fr\/site\/#organization\"},\"image\":{\"@id\":\"https:\/\/newsestlyonnais.fr\/site\/2025\/06\/10\/open-seniors-du-tennis-club-de-genas\/#primaryimage\"},\"thumbnailUrl\":\"https:\/\/newsestlyonnais.fr\/site\/wp-content\/uploads\/2025\/06\/P1510122-250x188.jpg\",\"articleSection\":[\"Animation\",\"CCEL | Communes\",\"Genas\",\"Tennis | Padel\",\"Tennis | Tennis de table\"],\"inLanguage\":\"fr-FR\",\"potentialAction\":[{\"@type\":\"CommentAction\",\"name\":\"Comment\",\"target\":[\"https:\/\/newsestlyonnais.fr\/site\/2025\/06\/10\/open-seniors-du-tennis-club-de-genas\/#respond\"]}]},{\"@type\":\"WebPage\",\"@id\":\"https:\/\/newsestlyonnais.fr\/site\/2025\/06\/10\/open-seniors-du-tennis-club-de-genas\/\",\"url\":\"https:\/\/newsestlyonnais.fr\/site\/2025\/06\/10\/open-seniors-du-tennis-club-de-genas\/\",\"name\":\"Open seniors du Tennis Club de Genas - News Est Lyonnais\",\"isPartOf\":{\"@id\":\"https:\/\/newsestlyonnais.fr\/site\/#website\"},\"primaryImageOfPage\":{\"@id\":\"https:\/\/newsestlyonnais.fr\/site\/2025\/06\/10\/open-seniors-du-tennis-club-de-genas\/#primaryimage\"},\"image\":{\"@id\":\"https:\/\/newsestlyonnais.fr\/site\/2025\/06\/10\/open-seniors-du-tennis-club-de-genas\/#primaryimage\"},\"thumbnailUrl\":\"https:\/\/newsestlyonnais.fr\/site\/wp-content\/uploads\/2025\/06\/P1510122-250x188.jpg\",\"datePublished\":\"2025-06-10T15:08:50+00:00\",\"dateModified\":\"2025-06-24T09:54:33+00:00\",\"description\":\"Open seniors du Tennis Club de Genas\",\"breadcrumb\":{\"@id\":\"https:\/\/newsestlyonnais.fr\/site\/2025\/06\/10\/open-seniors-du-tennis-club-de-genas\/#breadcrumb\"},\"inLanguage\":\"fr-FR\",\"potentialAction\":[{\"@type\":\"ReadAction\",\"target\":[\"https:\/\/newsestlyonnais.fr\/site\/2025\/06\/10\/open-seniors-du-tennis-club-de-genas\/\"]}]},{\"@type\":\"ImageObject\",\"inLanguage\":\"fr-FR\",\"@id\":\"https:\/\/newsestlyonnais.fr\/site\/2025\/06\/10\/open-seniors-du-tennis-club-de-genas\/#primaryimage\",\"url\":\"https:\/\/newsestlyonnais.fr\/site\/wp-content\/uploads\/2025\/06\/P1510122.jpg\",\"contentUrl\":\"https:\/\/newsestlyonnais.fr\/site\/wp-content\/uploads\/2025\/06\/P1510122.jpg\",\"width\":1200,\"height\":900},{\"@type\":\"BreadcrumbList\",\"@id\":\"https:\/\/newsestlyonnais.fr\/site\/2025\/06\/10\/open-seniors-du-tennis-club-de-genas\/#breadcrumb\",\"itemListElement\":[{\"@type\":\"ListItem\",\"position\":1,\"name\":\"Accueil\",\"item\":\"https:\/\/newsestlyonnais.fr\/site\/\"},{\"@type\":\"ListItem\",\"position\":2,\"name\":\"Open seniors du Tennis Club de Genas\"}]},{\"@type\":\"WebSite\",\"@id\":\"https:\/\/newsestlyonnais.fr\/site\/#website\",\"url\":\"https:\/\/newsestlyonnais.fr\/site\/\",\"name\":\"News Est Lyonnais\",\"description\":\"L&#039;actualit\u00e9 au plus pr\u00e8s\",\"publisher\":{\"@id\":\"https:\/\/newsestlyonnais.fr\/site\/#organization\"},\"potentialAction\":[{\"@type\":\"SearchAction\",\"target\":{\"@type\":\"EntryPoint\",\"urlTemplate\":\"https:\/\/newsestlyonnais.fr\/site\/?s={search_term_string}\"},\"query-input\":{\"@type\":\"PropertyValueSpecification\",\"valueRequired\":true,\"valueName\":\"search_term_string\"}}],\"inLanguage\":\"fr-FR\"},{\"@type\":\"Organization\",\"@id\":\"https:\/\/newsestlyonnais.fr\/site\/#organization\",\"name\":\"News EST LYONNAIS\",\"url\":\"https:\/\/newsestlyonnais.fr\/site\/\",\"logo\":{\"@type\":\"ImageObject\",\"inLanguage\":\"fr-FR\",\"@id\":\"https:\/\/newsestlyonnais.fr\/site\/#\/schema\/logo\/image\/\",\"url\":\"\",\"contentUrl\":\"\",\"caption\":\"News EST LYONNAIS\"},\"image\":{\"@id\":\"https:\/\/newsestlyonnais.fr\/site\/#\/schema\/logo\/image\/\"}},{\"@type\":\"Person\",\"@id\":\"https:\/\/newsestlyonnais.fr\/site\/#\/schema\/person\/3230d5615f390bb808365d673001e887\",\"name\":\"R\u00e9dac. NEWS\",\"sameAs\":[\"http:\/\/www.newsestlyonnais.fr\",\"https:\/\/www.facebook.com\/pascal.oberson.1?fref=ts\",\"https:\/\/fr.linkedin.com\/in\/pascal-oberson-b17045113\"],\"url\":\"https:\/\/newsestlyonnais.fr\/site\/author\/nel\/\"}]}<\/script>\n<!-- \/ Yoast SEO plugin. -->","yoast_head_json":{"title":"Open seniors du Tennis Club de Genas - News Est Lyonnais","description":"Open seniors du Tennis Club de Genas","robots":{"index":"index","follow":"follow","max-snippet":"max-snippet:-1","max-image-preview":"max-image-preview:large","max-video-preview":"max-video-preview:-1"},"canonical":"https:\/\/newsestlyonnais.fr\/site\/2025\/06\/10\/open-seniors-du-tennis-club-de-genas\/","og_locale":"fr_FR","og_type":"article","og_title":"Open seniors du Tennis Club de Genas - News Est Lyonnais","og_description":"Open seniors du Tennis Club de Genas","og_url":"https:\/\/newsestlyonnais.fr\/site\/2025\/06\/10\/open-seniors-du-tennis-club-de-genas\/","og_site_name":"News Est Lyonnais","article_author":"https:\/\/www.facebook.com\/pascal.oberson.1?fref=ts","article_published_time":"2025-06-10T15:08:50+00:00","article_modified_time":"2025-06-24T09:54:33+00:00","og_image":[{"width":1200,"height":900,"url":"https:\/\/newsestlyonnais.fr\/site\/wp-content\/uploads\/2025\/06\/P1510122.jpg","type":"image\/jpeg"}],"author":"R\u00e9dac. NEWS","twitter_card":"summary_large_image","twitter_misc":{"\u00c9crit par":"R\u00e9dac. NEWS","Dur\u00e9e de lecture estim\u00e9e":"2 minutes"},"schema":{"@context":"https:\/\/schema.org","@graph":[{"@type":"Article","@id":"https:\/\/newsestlyonnais.fr\/site\/2025\/06\/10\/open-seniors-du-tennis-club-de-genas\/#article","isPartOf":{"@id":"https:\/\/newsestlyonnais.fr\/site\/2025\/06\/10\/open-seniors-du-tennis-club-de-genas\/"},"author":{"name":"R\u00e9dac. NEWS","@id":"https:\/\/newsestlyonnais.fr\/site\/#\/schema\/person\/3230d5615f390bb808365d673001e887"},"headline":"Open seniors du Tennis Club de Genas","datePublished":"2025-06-10T15:08:50+00:00","dateModified":"2025-06-24T09:54:33+00:00","mainEntityOfPage":{"@id":"https:\/\/newsestlyonnais.fr\/site\/2025\/06\/10\/open-seniors-du-tennis-club-de-genas\/"},"wordCount":96,"commentCount":0,"publisher":{"@id":"https:\/\/newsestlyonnais.fr\/site\/#organization"},"image":{"@id":"https:\/\/newsestlyonnais.fr\/site\/2025\/06\/10\/open-seniors-du-tennis-club-de-genas\/#primaryimage"},"thumbnailUrl":"https:\/\/newsestlyonnais.fr\/site\/wp-content\/uploads\/2025\/06\/P1510122-250x188.jpg","articleSection":["Animation","CCEL | Communes","Genas","Tennis | Padel","Tennis | Tennis de table"],"inLanguage":"fr-FR","potentialAction":[{"@type":"CommentAction","name":"Comment","target":["https:\/\/newsestlyonnais.fr\/site\/2025\/06\/10\/open-seniors-du-tennis-club-de-genas\/#respond"]}]},{"@type":"WebPage","@id":"https:\/\/newsestlyonnais.fr\/site\/2025\/06\/10\/open-seniors-du-tennis-club-de-genas\/","url":"https:\/\/newsestlyonnais.fr\/site\/2025\/06\/10\/open-seniors-du-tennis-club-de-genas\/","name":"Open seniors du Tennis Club de Genas - News Est Lyonnais","isPartOf":{"@id":"https:\/\/newsestlyonnais.fr\/site\/#website"},"primaryImageOfPage":{"@id":"https:\/\/newsestlyonnais.fr\/site\/2025\/06\/10\/open-seniors-du-tennis-club-de-genas\/#primaryimage"},"image":{"@id":"https:\/\/newsestlyonnais.fr\/site\/2025\/06\/10\/open-seniors-du-tennis-club-de-genas\/#primaryimage"},"thumbnailUrl":"https:\/\/newsestlyonnais.fr\/site\/wp-content\/uploads\/2025\/06\/P1510122-250x188.jpg","datePublished":"2025-06-10T15:08:50+00:00","dateModified":"2025-06-24T09:54:33+00:00","description":"Open seniors du Tennis Club de Genas","breadcrumb":{"@id":"https:\/\/newsestlyonnais.fr\/site\/2025\/06\/10\/open-seniors-du-tennis-club-de-genas\/#breadcrumb"},"inLanguage":"fr-FR","potentialAction":[{"@type":"ReadAction","target":["https:\/\/newsestlyonnais.fr\/site\/2025\/06\/10\/open-seniors-du-tennis-club-de-genas\/"]}]},{"@type":"ImageObject","inLanguage":"fr-FR","@id":"https:\/\/newsestlyonnais.fr\/site\/2025\/06\/10\/open-seniors-du-tennis-club-de-genas\/#primaryimage","url":"https:\/\/newsestlyonnais.fr\/site\/wp-content\/uploads\/2025\/06\/P1510122.jpg","contentUrl":"https:\/\/newsestlyonnais.fr\/site\/wp-content\/uploads\/2025\/06\/P1510122.jpg","width":1200,"height":900},{"@type":"BreadcrumbList","@id":"https:\/\/newsestlyonnais.fr\/site\/2025\/06\/10\/open-seniors-du-tennis-club-de-genas\/#breadcrumb","itemListElement":[{"@type":"ListItem","position":1,"name":"Accueil","item":"https:\/\/newsestlyonnais.fr\/site\/"},{"@type":"ListItem","position":2,"name":"Open seniors du Tennis Club de Genas"}]},{"@type":"WebSite","@id":"https:\/\/newsestlyonnais.fr\/site\/#website","url":"https:\/\/newsestlyonnais.fr\/site\/","name":"News Est Lyonnais","description":"L&#039;actualit\u00e9 au plus pr\u00e8s","publisher":{"@id":"https:\/\/newsestlyonnais.fr\/site\/#organization"},"potentialAction":[{"@type":"SearchAction","target":{"@type":"EntryPoint","urlTemplate":"https:\/\/newsestlyonnais.fr\/site\/?s={search_term_string}"},"query-input":{"@type":"PropertyValueSpecification","valueRequired":true,"valueName":"search_term_string"}}],"inLanguage":"fr-FR"},{"@type":"Organization","@id":"https:\/\/newsestlyonnais.fr\/site\/#organization","name":"News EST LYONNAIS","url":"https:\/\/newsestlyonnais.fr\/site\/","logo":{"@type":"ImageObject","inLanguage":"fr-FR","@id":"https:\/\/newsestlyonnais.fr\/site\/#\/schema\/logo\/image\/","url":"","contentUrl":"","caption":"News EST LYONNAIS"},"image":{"@id":"https:\/\/newsestlyonnais.fr\/site\/#\/schema\/logo\/image\/"}},{"@type":"Person","@id":"https:\/\/newsestlyonnais.fr\/site\/#\/schema\/person\/3230d5615f390bb808365d673001e887","name":"R\u00e9dac. NEWS","sameAs":["http:\/\/www.newsestlyonnais.fr","https:\/\/www.facebook.com\/pascal.oberson.1?fref=ts","https:\/\/fr.linkedin.com\/in\/pascal-oberson-b17045113"],"url":"https:\/\/newsestlyonnais.fr\/site\/author\/nel\/"}]}},"_links":{"self":[{"href":"https:\/\/newsestlyonnais.fr\/site\/wp-json\/wp\/v2\/posts\/219700","targetHints":{"allow":["GET"]}}],"collection":[{"href":"https:\/\/newsestlyonnais.fr\/site\/wp-json\/wp\/v2\/posts"}],"about":[{"href":"https:\/\/newsestlyonnais.fr\/site\/wp-json\/wp\/v2\/types\/post"}],"author":[{"embeddable":true,"href":"https:\/\/newsestlyonnais.fr\/site\/wp-json\/wp\/v2\/users\/4"}],"replies":[{"embeddable":true,"href":"https:\/\/newsestlyonnais.fr\/site\/wp-json\/wp\/v2\/comments?post=219700"}],"version-history":[{"count":0,"href":"https:\/\/newsestlyonnais.fr\/site\/wp-json\/wp\/v2\/posts\/219700\/revisions"}],"wp:attachment":[{"href":"https:\/\/newsestlyonnais.fr\/site\/wp-json\/wp\/v2\/media?parent=219700"}],"wp:term":[{"taxonomy":"category","embeddable":true,"href":"https:\/\/newsestlyonnais.fr\/site\/wp-json\/wp\/v2\/categories?post=219700"},{"taxonomy":"post_tag","embeddable":true,"href":"https:\/\/newsestlyonnais.fr\/site\/wp-json\/wp\/v2\/tags?post=219700"}],"curies":[{"name":"wp","href":"https:\/\/api.w.org\/{rel}","templated":true}]}}