{"id":22076,"date":"2017-03-05T11:44:00","date_gmt":"2017-03-05T10:44:00","guid":{"rendered":"http:\/\/newsestlyonnais.fr\/site\/?p=22076"},"modified":"2020-10-22T17:12:02","modified_gmt":"2020-10-22T16:12:02","slug":"vaulx-en-velin-cest-reparti-pour-le-club-nautique","status":"publish","type":"post","link":"https:\/\/newsestlyonnais.fr\/site\/2017\/03\/05\/vaulx-en-velin-cest-reparti-pour-le-club-nautique\/","title":{"rendered":"VAULX-EN-VELIN | C&rsquo;est reparti pour le Club Nautique"},"content":{"rendered":"<h4>Malgr\u00e9 la pluie et le vent, le Club Nautique de Vaulx en Velin (CNVV), section voile de la MJC lan\u00e7ait samedi sa saison 2017 sur sa base du Grand Large.<\/h4>\n<p>L&rsquo;occasion de faire un point sur l&rsquo;\u00e9tat du mat\u00e9riel et des embarcations mais aussi d&rsquo;aborder le point financier et d&rsquo;\u00e9voquer les prochaines grandes \u00e9ch\u00e9ances.<\/p>\n<p>\u00ab\u00a0Nous en avons aussi profit\u00e9 pour prendre les premi\u00e8res inscriptions et enregistr\u00e9 13 nouveaux adh\u00e9rents. La derni\u00e8re saison a \u00e9t\u00e9 termin\u00e9e avec plus de 100 licenci\u00e9s et sommes en \u00e9volution constante depuis ces derni\u00e8res ann\u00e9es. Ces nouvelles arriv\u00e9es \u00e9tant la cons\u00e9quence de notre pr\u00e9sence au Salon Nautique \u00e0 Eurexpo et au Forum des Associations de Vaulx en Velin qui ont permis de nouer des premiers contacts\u00a0\u00bb. confie Pierre Bertocchi, pr\u00e9sident du C.N.V.V.<\/p>\n<ul>\n<li>Retrouvez l&rsquo;ACTU du club sur: <a href=\"http:\/\/www.cnvv.fr\" target=\"_blank\" rel=\"noopener noreferrer\">http:\/\/www.cnvv.fr<\/a><\/li>\n<\/ul>\n<p><strong>NOTA<\/strong>: Le C.N.V.V. organisera dimanche 12 Mars, une r\u00e9gate de voile radio-command\u00e9e o\u00f9 une vingtaine de participants sont attendus.\u00a0<img loading=\"lazy\" decoding=\"async\" class=\"size-full wp-image-21755 aligncenter\" src=\"https:\/\/newsestlyonnais.fr\/site\/medias\/2017\/02\/NEWSESTLYONNAIS-REHGATE-VOILE-COMMANDEE.jpg\" alt=\"NEWSESTLYONNAIS - REHGATE VOILE COMMANDEE\" width=\"640\" height=\"480\" srcset=\"https:\/\/newsestlyonnais.fr\/site\/wp-content\/uploads\/2017\/02\/NEWSESTLYONNAIS-REHGATE-VOILE-COMMANDEE.jpg 640w, https:\/\/newsestlyonnais.fr\/site\/wp-content\/uploads\/2017\/02\/NEWSESTLYONNAIS-REHGATE-VOILE-COMMANDEE-400x300.jpg 400w, https:\/\/newsestlyonnais.fr\/site\/wp-content\/uploads\/2017\/02\/NEWSESTLYONNAIS-REHGATE-VOILE-COMMANDEE-600x450.jpg 600w, https:\/\/newsestlyonnais.fr\/site\/wp-content\/uploads\/2017\/02\/NEWSESTLYONNAIS-REHGATE-VOILE-COMMANDEE-100x75.jpg 100w\" sizes=\"auto, (max-width: 640px) 100vw, 640px\" \/><\/p>\n<p>&nbsp;<\/p>\n<ul>\n<li>Retrouvez l&rsquo;ACTU du club sur: <a href=\"http:\/\/www.cnvv.fr\" target=\"_blank\" rel=\"noopener noreferrer\">http:\/\/www.cnvv.fr<\/a><\/li>\n<\/ul>\n<p><strong>NOTA<\/strong>: Le C.N.V.V. organisera dimanche 12 Mars, une r\u00e9gate de voile radio-command\u00e9e o\u00f9 une vingtaine de participants sont attendus.\u00a0<img loading=\"lazy\" decoding=\"async\" class=\"size-full wp-image-21755 aligncenter\" src=\"https:\/\/newsestlyonnais.fr\/site\/medias\/2017\/02\/NEWSESTLYONNAIS-REHGATE-VOILE-COMMANDEE.jpg\" alt=\"NEWSESTLYONNAIS - REHGATE VOILE COMMANDEE\" width=\"640\" height=\"480\" srcset=\"https:\/\/newsestlyonnais.fr\/site\/wp-content\/uploads\/2017\/02\/NEWSESTLYONNAIS-REHGATE-VOILE-COMMANDEE.jpg 640w, https:\/\/newsestlyonnais.fr\/site\/wp-content\/uploads\/2017\/02\/NEWSESTLYONNAIS-REHGATE-VOILE-COMMANDEE-400x300.jpg 400w, https:\/\/newsestlyonnais.fr\/site\/wp-content\/uploads\/2017\/02\/NEWSESTLYONNAIS-REHGATE-VOILE-COMMANDEE-600x450.jpg 600w, https:\/\/newsestlyonnais.fr\/site\/wp-content\/uploads\/2017\/02\/NEWSESTLYONNAIS-REHGATE-VOILE-COMMANDEE-100x75.jpg 100w\" sizes=\"auto, (max-width: 640px) 100vw, 640px\" \/><\/p>\n<p>&nbsp;<\/p>\n","protected":false},"excerpt":{"rendered":"<p>Malgr\u00e9 la pluie et le vent, le Club Nautique de Vaulx en Velin (CNVV), section voile de la MJC lan\u00e7ait samedi sa saison 2017 sur sa base du Grand Large. L&rsquo;occasion de faire un point sur l&rsquo;\u00e9tat du mat\u00e9riel et des embarcations mais aussi d&rsquo;aborder le point financier et d&rsquo;\u00e9voquer les prochaines grandes \u00e9ch\u00e9ances. \u00ab\u00a0Nous [&hellip;]<\/p>\n","protected":false},"author":4,"featured_media":22077,"comment_status":"open","ping_status":"open","sticky":false,"template":"","format":"standard","meta":{"footnotes":""},"categories":[30,2973,3003,2,28,1349],"tags":[],"class_list":["post-22076","post","type-post","status-publish","format-standard","has-post-thumbnail","hentry","category-a-la-une","category-aviron-kayak-voile-sports","category-bibliotheque-mediatheque-mjc","category-sports","category-vaulx-en-velin","category-voile"],"yoast_head":"<!-- This site is optimized with the Yoast SEO plugin v27.2 - https:\/\/yoast.com\/product\/yoast-seo-wordpress\/ -->\n<title>VAULX EN VELIN : C&#039;est reparti pour le Club Nautique de Vaulx en Velin<\/title>\n<meta name=\"description\" content=\"VAULX EN VELIN : C&#039;est reparti pour le Club Nautique de Vaulx en Velin\" \/>\n<meta name=\"robots\" content=\"index, follow, max-snippet:-1, max-image-preview:large, max-video-preview:-1\" \/>\n<link rel=\"canonical\" href=\"https:\/\/newsestlyonnais.fr\/site\/2017\/03\/05\/vaulx-en-velin-cest-reparti-pour-le-club-nautique\/\" \/>\n<meta property=\"og:locale\" content=\"fr_FR\" \/>\n<meta property=\"og:type\" content=\"article\" \/>\n<meta property=\"og:title\" content=\"VAULX EN VELIN : C&#039;est reparti pour le Club Nautique de Vaulx en Velin\" \/>\n<meta property=\"og:description\" content=\"VAULX EN VELIN : C&#039;est reparti pour le Club Nautique de Vaulx en Velin\" \/>\n<meta property=\"og:url\" content=\"https:\/\/newsestlyonnais.fr\/site\/2017\/03\/05\/vaulx-en-velin-cest-reparti-pour-le-club-nautique\/\" \/>\n<meta property=\"og:site_name\" content=\"News Est Lyonnais\" \/>\n<meta property=\"article:author\" content=\"https:\/\/www.facebook.com\/pascal.oberson.1?fref=ts\" \/>\n<meta property=\"article:published_time\" content=\"2017-03-05T10:44:00+00:00\" \/>\n<meta property=\"article:modified_time\" content=\"2020-10-22T16:12:02+00:00\" \/>\n<meta property=\"og:image\" content=\"https:\/\/i1.wp.com\/newsestlyonnais.fr\/site\/wp-content\/uploads\/2017\/03\/NEWSESTLYONNAIS-VOILE-CNVV.jpg?fit=1000%2C750&ssl=1\" \/>\n\t<meta property=\"og:image:width\" content=\"1000\" \/>\n\t<meta property=\"og:image:height\" content=\"750\" \/>\n\t<meta property=\"og:image:type\" content=\"image\/jpeg\" \/>\n<meta name=\"author\" content=\"R\u00e9dac. NEWS\" \/>\n<meta name=\"twitter:card\" content=\"summary_large_image\" \/>\n<meta name=\"twitter:label1\" content=\"\u00c9crit par\" \/>\n\t<meta name=\"twitter:data1\" content=\"R\u00e9dac. NEWS\" \/>\n\t<meta name=\"twitter:label2\" content=\"Dur\u00e9e de lecture estim\u00e9e\" \/>\n\t<meta name=\"twitter:data2\" content=\"1 minute\" \/>\n<script type=\"application\/ld+json\" class=\"yoast-schema-graph\">{\"@context\":\"https:\/\/schema.org\",\"@graph\":[{\"@type\":\"Article\",\"@id\":\"https:\/\/newsestlyonnais.fr\/site\/2017\/03\/05\/vaulx-en-velin-cest-reparti-pour-le-club-nautique\/#article\",\"isPartOf\":{\"@id\":\"https:\/\/newsestlyonnais.fr\/site\/2017\/03\/05\/vaulx-en-velin-cest-reparti-pour-le-club-nautique\/\"},\"author\":{\"name\":\"R\u00e9dac. NEWS\",\"@id\":\"https:\/\/newsestlyonnais.fr\/site\/#\/schema\/person\/3230d5615f390bb808365d673001e887\"},\"headline\":\"VAULX-EN-VELIN | C&rsquo;est reparti pour le Club Nautique\",\"datePublished\":\"2017-03-05T10:44:00+00:00\",\"dateModified\":\"2020-10-22T16:12:02+00:00\",\"mainEntityOfPage\":{\"@id\":\"https:\/\/newsestlyonnais.fr\/site\/2017\/03\/05\/vaulx-en-velin-cest-reparti-pour-le-club-nautique\/\"},\"wordCount\":219,\"commentCount\":0,\"publisher\":{\"@id\":\"https:\/\/newsestlyonnais.fr\/site\/#organization\"},\"image\":{\"@id\":\"https:\/\/newsestlyonnais.fr\/site\/2017\/03\/05\/vaulx-en-velin-cest-reparti-pour-le-club-nautique\/#primaryimage\"},\"thumbnailUrl\":\"https:\/\/newsestlyonnais.fr\/site\/wp-content\/uploads\/2017\/03\/NEWSESTLYONNAIS-VOILE-CNVV.jpg\",\"articleSection\":[\"\u00e0 la une\",\"Aviron | Kayak | Voile\",\"Biblioth\u00e8que | M\u00e9diath\u00e8que | MJC\",\"Sports\",\"Vaulx-en-Velin\",\"Voile\"],\"inLanguage\":\"fr-FR\",\"potentialAction\":[{\"@type\":\"CommentAction\",\"name\":\"Comment\",\"target\":[\"https:\/\/newsestlyonnais.fr\/site\/2017\/03\/05\/vaulx-en-velin-cest-reparti-pour-le-club-nautique\/#respond\"]}]},{\"@type\":\"WebPage\",\"@id\":\"https:\/\/newsestlyonnais.fr\/site\/2017\/03\/05\/vaulx-en-velin-cest-reparti-pour-le-club-nautique\/\",\"url\":\"https:\/\/newsestlyonnais.fr\/site\/2017\/03\/05\/vaulx-en-velin-cest-reparti-pour-le-club-nautique\/\",\"name\":\"VAULX EN VELIN : C'est reparti pour le Club Nautique de Vaulx en Velin\",\"isPartOf\":{\"@id\":\"https:\/\/newsestlyonnais.fr\/site\/#website\"},\"primaryImageOfPage\":{\"@id\":\"https:\/\/newsestlyonnais.fr\/site\/2017\/03\/05\/vaulx-en-velin-cest-reparti-pour-le-club-nautique\/#primaryimage\"},\"image\":{\"@id\":\"https:\/\/newsestlyonnais.fr\/site\/2017\/03\/05\/vaulx-en-velin-cest-reparti-pour-le-club-nautique\/#primaryimage\"},\"thumbnailUrl\":\"https:\/\/newsestlyonnais.fr\/site\/wp-content\/uploads\/2017\/03\/NEWSESTLYONNAIS-VOILE-CNVV.jpg\",\"datePublished\":\"2017-03-05T10:44:00+00:00\",\"dateModified\":\"2020-10-22T16:12:02+00:00\",\"description\":\"VAULX EN VELIN : C'est reparti pour le Club Nautique de Vaulx en Velin\",\"breadcrumb\":{\"@id\":\"https:\/\/newsestlyonnais.fr\/site\/2017\/03\/05\/vaulx-en-velin-cest-reparti-pour-le-club-nautique\/#breadcrumb\"},\"inLanguage\":\"fr-FR\",\"potentialAction\":[{\"@type\":\"ReadAction\",\"target\":[\"https:\/\/newsestlyonnais.fr\/site\/2017\/03\/05\/vaulx-en-velin-cest-reparti-pour-le-club-nautique\/\"]}]},{\"@type\":\"ImageObject\",\"inLanguage\":\"fr-FR\",\"@id\":\"https:\/\/newsestlyonnais.fr\/site\/2017\/03\/05\/vaulx-en-velin-cest-reparti-pour-le-club-nautique\/#primaryimage\",\"url\":\"https:\/\/newsestlyonnais.fr\/site\/wp-content\/uploads\/2017\/03\/NEWSESTLYONNAIS-VOILE-CNVV.jpg\",\"contentUrl\":\"https:\/\/newsestlyonnais.fr\/site\/wp-content\/uploads\/2017\/03\/NEWSESTLYONNAIS-VOILE-CNVV.jpg\",\"width\":1000,\"height\":750,\"caption\":\"NEWSESTLYONNAIS - VOILE CNVV\"},{\"@type\":\"BreadcrumbList\",\"@id\":\"https:\/\/newsestlyonnais.fr\/site\/2017\/03\/05\/vaulx-en-velin-cest-reparti-pour-le-club-nautique\/#breadcrumb\",\"itemListElement\":[{\"@type\":\"ListItem\",\"position\":1,\"name\":\"Accueil\",\"item\":\"https:\/\/newsestlyonnais.fr\/site\/\"},{\"@type\":\"ListItem\",\"position\":2,\"name\":\"VAULX-EN-VELIN | C&rsquo;est reparti pour le Club Nautique\"}]},{\"@type\":\"WebSite\",\"@id\":\"https:\/\/newsestlyonnais.fr\/site\/#website\",\"url\":\"https:\/\/newsestlyonnais.fr\/site\/\",\"name\":\"News Est Lyonnais\",\"description\":\"L&#039;actualit\u00e9 au plus pr\u00e8s\",\"publisher\":{\"@id\":\"https:\/\/newsestlyonnais.fr\/site\/#organization\"},\"potentialAction\":[{\"@type\":\"SearchAction\",\"target\":{\"@type\":\"EntryPoint\",\"urlTemplate\":\"https:\/\/newsestlyonnais.fr\/site\/?s={search_term_string}\"},\"query-input\":{\"@type\":\"PropertyValueSpecification\",\"valueRequired\":true,\"valueName\":\"search_term_string\"}}],\"inLanguage\":\"fr-FR\"},{\"@type\":\"Organization\",\"@id\":\"https:\/\/newsestlyonnais.fr\/site\/#organization\",\"name\":\"News EST LYONNAIS\",\"url\":\"https:\/\/newsestlyonnais.fr\/site\/\",\"logo\":{\"@type\":\"ImageObject\",\"inLanguage\":\"fr-FR\",\"@id\":\"https:\/\/newsestlyonnais.fr\/site\/#\/schema\/logo\/image\/\",\"url\":\"\",\"contentUrl\":\"\",\"caption\":\"News EST LYONNAIS\"},\"image\":{\"@id\":\"https:\/\/newsestlyonnais.fr\/site\/#\/schema\/logo\/image\/\"}},{\"@type\":\"Person\",\"@id\":\"https:\/\/newsestlyonnais.fr\/site\/#\/schema\/person\/3230d5615f390bb808365d673001e887\",\"name\":\"R\u00e9dac. NEWS\",\"sameAs\":[\"http:\/\/www.newsestlyonnais.fr\",\"https:\/\/www.facebook.com\/pascal.oberson.1?fref=ts\",\"https:\/\/fr.linkedin.com\/in\/pascal-oberson-b17045113\"],\"url\":\"https:\/\/newsestlyonnais.fr\/site\/author\/nel\/\"}]}<\/script>\n<!-- \/ Yoast SEO plugin. -->","yoast_head_json":{"title":"VAULX EN VELIN : C'est reparti pour le Club Nautique de Vaulx en Velin","description":"VAULX EN VELIN : C'est reparti pour le Club Nautique de Vaulx en Velin","robots":{"index":"index","follow":"follow","max-snippet":"max-snippet:-1","max-image-preview":"max-image-preview:large","max-video-preview":"max-video-preview:-1"},"canonical":"https:\/\/newsestlyonnais.fr\/site\/2017\/03\/05\/vaulx-en-velin-cest-reparti-pour-le-club-nautique\/","og_locale":"fr_FR","og_type":"article","og_title":"VAULX EN VELIN : C'est reparti pour le Club Nautique de Vaulx en Velin","og_description":"VAULX EN VELIN : C'est reparti pour le Club Nautique de Vaulx en Velin","og_url":"https:\/\/newsestlyonnais.fr\/site\/2017\/03\/05\/vaulx-en-velin-cest-reparti-pour-le-club-nautique\/","og_site_name":"News Est Lyonnais","article_author":"https:\/\/www.facebook.com\/pascal.oberson.1?fref=ts","article_published_time":"2017-03-05T10:44:00+00:00","article_modified_time":"2020-10-22T16:12:02+00:00","og_image":[{"width":1000,"height":750,"url":"https:\/\/i1.wp.com\/newsestlyonnais.fr\/site\/wp-content\/uploads\/2017\/03\/NEWSESTLYONNAIS-VOILE-CNVV.jpg?fit=1000%2C750&ssl=1","type":"image\/jpeg"}],"author":"R\u00e9dac. NEWS","twitter_card":"summary_large_image","twitter_misc":{"\u00c9crit par":"R\u00e9dac. NEWS","Dur\u00e9e de lecture estim\u00e9e":"1 minute"},"schema":{"@context":"https:\/\/schema.org","@graph":[{"@type":"Article","@id":"https:\/\/newsestlyonnais.fr\/site\/2017\/03\/05\/vaulx-en-velin-cest-reparti-pour-le-club-nautique\/#article","isPartOf":{"@id":"https:\/\/newsestlyonnais.fr\/site\/2017\/03\/05\/vaulx-en-velin-cest-reparti-pour-le-club-nautique\/"},"author":{"name":"R\u00e9dac. NEWS","@id":"https:\/\/newsestlyonnais.fr\/site\/#\/schema\/person\/3230d5615f390bb808365d673001e887"},"headline":"VAULX-EN-VELIN | C&rsquo;est reparti pour le Club Nautique","datePublished":"2017-03-05T10:44:00+00:00","dateModified":"2020-10-22T16:12:02+00:00","mainEntityOfPage":{"@id":"https:\/\/newsestlyonnais.fr\/site\/2017\/03\/05\/vaulx-en-velin-cest-reparti-pour-le-club-nautique\/"},"wordCount":219,"commentCount":0,"publisher":{"@id":"https:\/\/newsestlyonnais.fr\/site\/#organization"},"image":{"@id":"https:\/\/newsestlyonnais.fr\/site\/2017\/03\/05\/vaulx-en-velin-cest-reparti-pour-le-club-nautique\/#primaryimage"},"thumbnailUrl":"https:\/\/newsestlyonnais.fr\/site\/wp-content\/uploads\/2017\/03\/NEWSESTLYONNAIS-VOILE-CNVV.jpg","articleSection":["\u00e0 la une","Aviron | Kayak | Voile","Biblioth\u00e8que | M\u00e9diath\u00e8que | MJC","Sports","Vaulx-en-Velin","Voile"],"inLanguage":"fr-FR","potentialAction":[{"@type":"CommentAction","name":"Comment","target":["https:\/\/newsestlyonnais.fr\/site\/2017\/03\/05\/vaulx-en-velin-cest-reparti-pour-le-club-nautique\/#respond"]}]},{"@type":"WebPage","@id":"https:\/\/newsestlyonnais.fr\/site\/2017\/03\/05\/vaulx-en-velin-cest-reparti-pour-le-club-nautique\/","url":"https:\/\/newsestlyonnais.fr\/site\/2017\/03\/05\/vaulx-en-velin-cest-reparti-pour-le-club-nautique\/","name":"VAULX EN VELIN : C'est reparti pour le Club Nautique de Vaulx en Velin","isPartOf":{"@id":"https:\/\/newsestlyonnais.fr\/site\/#website"},"primaryImageOfPage":{"@id":"https:\/\/newsestlyonnais.fr\/site\/2017\/03\/05\/vaulx-en-velin-cest-reparti-pour-le-club-nautique\/#primaryimage"},"image":{"@id":"https:\/\/newsestlyonnais.fr\/site\/2017\/03\/05\/vaulx-en-velin-cest-reparti-pour-le-club-nautique\/#primaryimage"},"thumbnailUrl":"https:\/\/newsestlyonnais.fr\/site\/wp-content\/uploads\/2017\/03\/NEWSESTLYONNAIS-VOILE-CNVV.jpg","datePublished":"2017-03-05T10:44:00+00:00","dateModified":"2020-10-22T16:12:02+00:00","description":"VAULX EN VELIN : C'est reparti pour le Club Nautique de Vaulx en Velin","breadcrumb":{"@id":"https:\/\/newsestlyonnais.fr\/site\/2017\/03\/05\/vaulx-en-velin-cest-reparti-pour-le-club-nautique\/#breadcrumb"},"inLanguage":"fr-FR","potentialAction":[{"@type":"ReadAction","target":["https:\/\/newsestlyonnais.fr\/site\/2017\/03\/05\/vaulx-en-velin-cest-reparti-pour-le-club-nautique\/"]}]},{"@type":"ImageObject","inLanguage":"fr-FR","@id":"https:\/\/newsestlyonnais.fr\/site\/2017\/03\/05\/vaulx-en-velin-cest-reparti-pour-le-club-nautique\/#primaryimage","url":"https:\/\/newsestlyonnais.fr\/site\/wp-content\/uploads\/2017\/03\/NEWSESTLYONNAIS-VOILE-CNVV.jpg","contentUrl":"https:\/\/newsestlyonnais.fr\/site\/wp-content\/uploads\/2017\/03\/NEWSESTLYONNAIS-VOILE-CNVV.jpg","width":1000,"height":750,"caption":"NEWSESTLYONNAIS - VOILE CNVV"},{"@type":"BreadcrumbList","@id":"https:\/\/newsestlyonnais.fr\/site\/2017\/03\/05\/vaulx-en-velin-cest-reparti-pour-le-club-nautique\/#breadcrumb","itemListElement":[{"@type":"ListItem","position":1,"name":"Accueil","item":"https:\/\/newsestlyonnais.fr\/site\/"},{"@type":"ListItem","position":2,"name":"VAULX-EN-VELIN | C&rsquo;est reparti pour le Club Nautique"}]},{"@type":"WebSite","@id":"https:\/\/newsestlyonnais.fr\/site\/#website","url":"https:\/\/newsestlyonnais.fr\/site\/","name":"News Est Lyonnais","description":"L&#039;actualit\u00e9 au plus pr\u00e8s","publisher":{"@id":"https:\/\/newsestlyonnais.fr\/site\/#organization"},"potentialAction":[{"@type":"SearchAction","target":{"@type":"EntryPoint","urlTemplate":"https:\/\/newsestlyonnais.fr\/site\/?s={search_term_string}"},"query-input":{"@type":"PropertyValueSpecification","valueRequired":true,"valueName":"search_term_string"}}],"inLanguage":"fr-FR"},{"@type":"Organization","@id":"https:\/\/newsestlyonnais.fr\/site\/#organization","name":"News EST LYONNAIS","url":"https:\/\/newsestlyonnais.fr\/site\/","logo":{"@type":"ImageObject","inLanguage":"fr-FR","@id":"https:\/\/newsestlyonnais.fr\/site\/#\/schema\/logo\/image\/","url":"","contentUrl":"","caption":"News EST LYONNAIS"},"image":{"@id":"https:\/\/newsestlyonnais.fr\/site\/#\/schema\/logo\/image\/"}},{"@type":"Person","@id":"https:\/\/newsestlyonnais.fr\/site\/#\/schema\/person\/3230d5615f390bb808365d673001e887","name":"R\u00e9dac. NEWS","sameAs":["http:\/\/www.newsestlyonnais.fr","https:\/\/www.facebook.com\/pascal.oberson.1?fref=ts","https:\/\/fr.linkedin.com\/in\/pascal-oberson-b17045113"],"url":"https:\/\/newsestlyonnais.fr\/site\/author\/nel\/"}]}},"_links":{"self":[{"href":"https:\/\/newsestlyonnais.fr\/site\/wp-json\/wp\/v2\/posts\/22076","targetHints":{"allow":["GET"]}}],"collection":[{"href":"https:\/\/newsestlyonnais.fr\/site\/wp-json\/wp\/v2\/posts"}],"about":[{"href":"https:\/\/newsestlyonnais.fr\/site\/wp-json\/wp\/v2\/types\/post"}],"author":[{"embeddable":true,"href":"https:\/\/newsestlyonnais.fr\/site\/wp-json\/wp\/v2\/users\/4"}],"replies":[{"embeddable":true,"href":"https:\/\/newsestlyonnais.fr\/site\/wp-json\/wp\/v2\/comments?post=22076"}],"version-history":[{"count":0,"href":"https:\/\/newsestlyonnais.fr\/site\/wp-json\/wp\/v2\/posts\/22076\/revisions"}],"wp:featuredmedia":[{"embeddable":true,"href":"https:\/\/newsestlyonnais.fr\/site\/wp-json\/wp\/v2\/media\/22077"}],"wp:attachment":[{"href":"https:\/\/newsestlyonnais.fr\/site\/wp-json\/wp\/v2\/media?parent=22076"}],"wp:term":[{"taxonomy":"category","embeddable":true,"href":"https:\/\/newsestlyonnais.fr\/site\/wp-json\/wp\/v2\/categories?post=22076"},{"taxonomy":"post_tag","embeddable":true,"href":"https:\/\/newsestlyonnais.fr\/site\/wp-json\/wp\/v2\/tags?post=22076"}],"curies":[{"name":"wp","href":"https:\/\/api.w.org\/{rel}","templated":true}]}}