{"id":22079,"date":"2017-03-06T14:24:25","date_gmt":"2017-03-06T13:24:25","guid":{"rendered":"http:\/\/newsestlyonnais.fr\/site\/?p=22079"},"modified":"2019-08-29T05:33:06","modified_gmt":"2019-08-29T04:33:06","slug":"vaulx-en-velin-lamicale-laique-judo-organise-un-interclubs-pour-la-bonne-cause","status":"publish","type":"post","link":"https:\/\/newsestlyonnais.fr\/site\/2017\/03\/06\/vaulx-en-velin-lamicale-laique-judo-organise-un-interclubs-pour-la-bonne-cause\/","title":{"rendered":"VAULX EN VELIN : L&rsquo;Amicale Laique Judo organise un interclubs pour la bonne cause"},"content":{"rendered":"<h4>L&rsquo;Amicale Vaulx en Velin Judo organisera samedi un interclubs au cours duquel une action de solidarit\u00e9 a d&rsquo;autre part \u00e9t\u00e9 men\u00e9e en parall\u00e8le.<\/h4>\n<p>Pour la partie purement sportive, la section vaudaise a en effet convi\u00e9 8 clubs amis de la r\u00e9gion pour une comp\u00e9tition amicale qui rassemblera des jeunes n\u00e9s de 2006 \u00e0 2012.<\/p>\n<p><span style=\"text-decoration: underline\">Clubs participants<\/span>: Arts Martiaux de Genay, JC Albigny, ALV Parilly, Nouvelle Renaissance Lyonnaise, Villette d&rsquo;Anthon, JC Pontcharra sur Turdine, JO St Quentin et Ch\u00e2tillon d&rsquo;Azergues.<\/p>\n<p>\u00ab\u00a0Pour la 3\u00b0 fois, nous r\u00e9coltons des dons pour la recherche sur les cancers de l\u2019enfant men\u00e9e au Centre L\u00e9on B\u00e9rard. Chaque ann\u00e9e, 250 enfants sont soign\u00e9s dans ce centre. Il sera demand\u00e9 aux parents 1 \u20ac pour chaque engagement de judoka. Ce don se fera le jour de la comp\u00e9tition par les parents au moment de l\u2019inscription. De son cot\u00e9, l\u2019ALVV donnera en plus 1 \u20ac par judoka inscrit. Le b\u00e9n\u00e9fice de la buvette sera enti\u00e8rement revers\u00e9\u00a0\u00bb confie Pascal Tchukriel, pr\u00e9sident de l&rsquo;Amicale Laique Vaulx en Velin Judo.<\/p>\n<p><span style=\"text-decoration: underline\">Le programme de la journ\u00e9e du samedi 11 MARS:<\/span><\/p>\n<ul>\n<li><strong>Matin<\/strong> : Ann\u00e9es 2009 &amp; 2010: pr\u00e9sence \u00e0 9 h 30, d\u00e9but \u00e0 10 heures.<\/li>\n<li><strong>Apr\u00e8s-Midi<\/strong>: Ann\u00e9es 2011 &amp; 2012: pr\u00e9sence \u00e0 13 h 45 d\u00e9but \u00e0 14 h 15.<br \/>\n2008 &amp; 2007: pr\u00e9sence \u00e0 16 h et d\u00e9but 16 h 30 et 2006 (ceinture blanche)<br \/>\nCombats au sol pour 2010 \u2013 2011- 2012<\/li>\n<\/ul>\n<p>Contacts: amicalelaiquevaulxenvelin@yahoo.fr ou 06. 85. 94. 37. 44<\/p>\n<p>&nbsp;<\/p>\n","protected":false},"excerpt":{"rendered":"<p>L&rsquo;Amicale Vaulx en Velin Judo organisera samedi un interclubs au cours duquel une action de solidarit\u00e9 a d&rsquo;autre part \u00e9t\u00e9 men\u00e9e en parall\u00e8le. Pour la partie purement sportive, la section vaudaise a en effet convi\u00e9 8 clubs amis de la r\u00e9gion pour une comp\u00e9tition amicale qui rassemblera des jeunes n\u00e9s de 2006 \u00e0 2012. Clubs [&hellip;]<\/p>\n","protected":false},"author":4,"featured_media":22167,"comment_status":"open","ping_status":"open","sticky":false,"template":"","format":"standard","meta":{"footnotes":""},"categories":[30,1352,18,2,28],"tags":[],"class_list":["post-22079","post","type-post","status-publish","format-standard","has-post-thumbnail","hentry","category-a-la-une","category-judo","category-sante-bien-etre-solidarite","category-sports","category-vaulx-en-velin"],"yoast_head":"<!-- This site is optimized with the Yoast SEO plugin v27.2 - https:\/\/yoast.com\/product\/yoast-seo-wordpress\/ -->\n<title>VAULX EN VELIN : L&#039;Amicale Laique Judo organise un interclubs pour la bonne cause<\/title>\n<meta name=\"description\" content=\"VAULX EN VELIN : L&#039;Amicale Laique Judo organise un interclubs pour la bonne cause\" \/>\n<meta name=\"robots\" content=\"index, follow, max-snippet:-1, max-image-preview:large, max-video-preview:-1\" \/>\n<link rel=\"canonical\" href=\"https:\/\/newsestlyonnais.fr\/site\/2017\/03\/06\/vaulx-en-velin-lamicale-laique-judo-organise-un-interclubs-pour-la-bonne-cause\/\" \/>\n<meta property=\"og:locale\" content=\"fr_FR\" \/>\n<meta property=\"og:type\" content=\"article\" \/>\n<meta property=\"og:title\" content=\"VAULX EN VELIN : L&#039;Amicale Laique Judo organise un interclubs pour la bonne cause\" \/>\n<meta property=\"og:description\" content=\"VAULX EN VELIN : L&#039;Amicale Laique Judo organise un interclubs pour la bonne cause\" \/>\n<meta property=\"og:url\" content=\"https:\/\/newsestlyonnais.fr\/site\/2017\/03\/06\/vaulx-en-velin-lamicale-laique-judo-organise-un-interclubs-pour-la-bonne-cause\/\" \/>\n<meta property=\"og:site_name\" content=\"News Est Lyonnais\" \/>\n<meta property=\"article:author\" content=\"https:\/\/www.facebook.com\/pascal.oberson.1?fref=ts\" \/>\n<meta property=\"article:published_time\" content=\"2017-03-06T13:24:25+00:00\" \/>\n<meta property=\"article:modified_time\" content=\"2019-08-29T04:33:06+00:00\" \/>\n<meta property=\"og:image\" content=\"https:\/\/i0.wp.com\/newsestlyonnais.fr\/site\/wp-content\/uploads\/2017\/03\/NEWSESTLYONNAIS-VAULX-JUDO-.jpg?fit=1000%2C750&ssl=1\" \/>\n\t<meta property=\"og:image:width\" content=\"1000\" \/>\n\t<meta property=\"og:image:height\" content=\"750\" \/>\n\t<meta property=\"og:image:type\" content=\"image\/jpeg\" \/>\n<meta name=\"author\" content=\"R\u00e9dac. NEWS\" \/>\n<meta name=\"twitter:card\" content=\"summary_large_image\" \/>\n<meta name=\"twitter:label1\" content=\"\u00c9crit par\" \/>\n\t<meta name=\"twitter:data1\" content=\"R\u00e9dac. NEWS\" \/>\n\t<meta name=\"twitter:label2\" content=\"Dur\u00e9e de lecture estim\u00e9e\" \/>\n\t<meta name=\"twitter:data2\" content=\"1 minute\" \/>\n<script type=\"application\/ld+json\" class=\"yoast-schema-graph\">{\"@context\":\"https:\/\/schema.org\",\"@graph\":[{\"@type\":\"Article\",\"@id\":\"https:\/\/newsestlyonnais.fr\/site\/2017\/03\/06\/vaulx-en-velin-lamicale-laique-judo-organise-un-interclubs-pour-la-bonne-cause\/#article\",\"isPartOf\":{\"@id\":\"https:\/\/newsestlyonnais.fr\/site\/2017\/03\/06\/vaulx-en-velin-lamicale-laique-judo-organise-un-interclubs-pour-la-bonne-cause\/\"},\"author\":{\"name\":\"R\u00e9dac. NEWS\",\"@id\":\"https:\/\/newsestlyonnais.fr\/site\/#\/schema\/person\/3230d5615f390bb808365d673001e887\"},\"headline\":\"VAULX EN VELIN : L&rsquo;Amicale Laique Judo organise un interclubs pour la bonne cause\",\"datePublished\":\"2017-03-06T13:24:25+00:00\",\"dateModified\":\"2019-08-29T04:33:06+00:00\",\"mainEntityOfPage\":{\"@id\":\"https:\/\/newsestlyonnais.fr\/site\/2017\/03\/06\/vaulx-en-velin-lamicale-laique-judo-organise-un-interclubs-pour-la-bonne-cause\/\"},\"wordCount\":249,\"commentCount\":0,\"publisher\":{\"@id\":\"https:\/\/newsestlyonnais.fr\/site\/#organization\"},\"image\":{\"@id\":\"https:\/\/newsestlyonnais.fr\/site\/2017\/03\/06\/vaulx-en-velin-lamicale-laique-judo-organise-un-interclubs-pour-la-bonne-cause\/#primaryimage\"},\"thumbnailUrl\":\"https:\/\/newsestlyonnais.fr\/site\/wp-content\/uploads\/2017\/03\/NEWSESTLYONNAIS-VAULX-JUDO-.jpg\",\"articleSection\":[\"\u00e0 la une\",\"Judo\",\"Sant\u00e9 | Bien Etre | Solidarit\u00e9\",\"Sports\",\"Vaulx-en-Velin\"],\"inLanguage\":\"fr-FR\",\"potentialAction\":[{\"@type\":\"CommentAction\",\"name\":\"Comment\",\"target\":[\"https:\/\/newsestlyonnais.fr\/site\/2017\/03\/06\/vaulx-en-velin-lamicale-laique-judo-organise-un-interclubs-pour-la-bonne-cause\/#respond\"]}]},{\"@type\":\"WebPage\",\"@id\":\"https:\/\/newsestlyonnais.fr\/site\/2017\/03\/06\/vaulx-en-velin-lamicale-laique-judo-organise-un-interclubs-pour-la-bonne-cause\/\",\"url\":\"https:\/\/newsestlyonnais.fr\/site\/2017\/03\/06\/vaulx-en-velin-lamicale-laique-judo-organise-un-interclubs-pour-la-bonne-cause\/\",\"name\":\"VAULX EN VELIN : L'Amicale Laique Judo organise un interclubs pour la bonne cause\",\"isPartOf\":{\"@id\":\"https:\/\/newsestlyonnais.fr\/site\/#website\"},\"primaryImageOfPage\":{\"@id\":\"https:\/\/newsestlyonnais.fr\/site\/2017\/03\/06\/vaulx-en-velin-lamicale-laique-judo-organise-un-interclubs-pour-la-bonne-cause\/#primaryimage\"},\"image\":{\"@id\":\"https:\/\/newsestlyonnais.fr\/site\/2017\/03\/06\/vaulx-en-velin-lamicale-laique-judo-organise-un-interclubs-pour-la-bonne-cause\/#primaryimage\"},\"thumbnailUrl\":\"https:\/\/newsestlyonnais.fr\/site\/wp-content\/uploads\/2017\/03\/NEWSESTLYONNAIS-VAULX-JUDO-.jpg\",\"datePublished\":\"2017-03-06T13:24:25+00:00\",\"dateModified\":\"2019-08-29T04:33:06+00:00\",\"description\":\"VAULX EN VELIN : L'Amicale Laique Judo organise un interclubs pour la bonne cause\",\"breadcrumb\":{\"@id\":\"https:\/\/newsestlyonnais.fr\/site\/2017\/03\/06\/vaulx-en-velin-lamicale-laique-judo-organise-un-interclubs-pour-la-bonne-cause\/#breadcrumb\"},\"inLanguage\":\"fr-FR\",\"potentialAction\":[{\"@type\":\"ReadAction\",\"target\":[\"https:\/\/newsestlyonnais.fr\/site\/2017\/03\/06\/vaulx-en-velin-lamicale-laique-judo-organise-un-interclubs-pour-la-bonne-cause\/\"]}]},{\"@type\":\"ImageObject\",\"inLanguage\":\"fr-FR\",\"@id\":\"https:\/\/newsestlyonnais.fr\/site\/2017\/03\/06\/vaulx-en-velin-lamicale-laique-judo-organise-un-interclubs-pour-la-bonne-cause\/#primaryimage\",\"url\":\"https:\/\/newsestlyonnais.fr\/site\/wp-content\/uploads\/2017\/03\/NEWSESTLYONNAIS-VAULX-JUDO-.jpg\",\"contentUrl\":\"https:\/\/newsestlyonnais.fr\/site\/wp-content\/uploads\/2017\/03\/NEWSESTLYONNAIS-VAULX-JUDO-.jpg\",\"width\":1000,\"height\":750,\"caption\":\"NEWSESTLYONNAIS - AL VAULX JUDO\"},{\"@type\":\"BreadcrumbList\",\"@id\":\"https:\/\/newsestlyonnais.fr\/site\/2017\/03\/06\/vaulx-en-velin-lamicale-laique-judo-organise-un-interclubs-pour-la-bonne-cause\/#breadcrumb\",\"itemListElement\":[{\"@type\":\"ListItem\",\"position\":1,\"name\":\"Accueil\",\"item\":\"https:\/\/newsestlyonnais.fr\/site\/\"},{\"@type\":\"ListItem\",\"position\":2,\"name\":\"VAULX EN VELIN : L&rsquo;Amicale Laique Judo organise un interclubs pour la bonne cause\"}]},{\"@type\":\"WebSite\",\"@id\":\"https:\/\/newsestlyonnais.fr\/site\/#website\",\"url\":\"https:\/\/newsestlyonnais.fr\/site\/\",\"name\":\"News Est Lyonnais\",\"description\":\"L&#039;actualit\u00e9 au plus pr\u00e8s\",\"publisher\":{\"@id\":\"https:\/\/newsestlyonnais.fr\/site\/#organization\"},\"potentialAction\":[{\"@type\":\"SearchAction\",\"target\":{\"@type\":\"EntryPoint\",\"urlTemplate\":\"https:\/\/newsestlyonnais.fr\/site\/?s={search_term_string}\"},\"query-input\":{\"@type\":\"PropertyValueSpecification\",\"valueRequired\":true,\"valueName\":\"search_term_string\"}}],\"inLanguage\":\"fr-FR\"},{\"@type\":\"Organization\",\"@id\":\"https:\/\/newsestlyonnais.fr\/site\/#organization\",\"name\":\"News EST LYONNAIS\",\"url\":\"https:\/\/newsestlyonnais.fr\/site\/\",\"logo\":{\"@type\":\"ImageObject\",\"inLanguage\":\"fr-FR\",\"@id\":\"https:\/\/newsestlyonnais.fr\/site\/#\/schema\/logo\/image\/\",\"url\":\"\",\"contentUrl\":\"\",\"caption\":\"News EST LYONNAIS\"},\"image\":{\"@id\":\"https:\/\/newsestlyonnais.fr\/site\/#\/schema\/logo\/image\/\"}},{\"@type\":\"Person\",\"@id\":\"https:\/\/newsestlyonnais.fr\/site\/#\/schema\/person\/3230d5615f390bb808365d673001e887\",\"name\":\"R\u00e9dac. NEWS\",\"sameAs\":[\"http:\/\/www.newsestlyonnais.fr\",\"https:\/\/www.facebook.com\/pascal.oberson.1?fref=ts\",\"https:\/\/fr.linkedin.com\/in\/pascal-oberson-b17045113\"],\"url\":\"https:\/\/newsestlyonnais.fr\/site\/author\/nel\/\"}]}<\/script>\n<!-- \/ Yoast SEO plugin. -->","yoast_head_json":{"title":"VAULX EN VELIN : L'Amicale Laique Judo organise un interclubs pour la bonne cause","description":"VAULX EN VELIN : L'Amicale Laique Judo organise un interclubs pour la bonne cause","robots":{"index":"index","follow":"follow","max-snippet":"max-snippet:-1","max-image-preview":"max-image-preview:large","max-video-preview":"max-video-preview:-1"},"canonical":"https:\/\/newsestlyonnais.fr\/site\/2017\/03\/06\/vaulx-en-velin-lamicale-laique-judo-organise-un-interclubs-pour-la-bonne-cause\/","og_locale":"fr_FR","og_type":"article","og_title":"VAULX EN VELIN : L'Amicale Laique Judo organise un interclubs pour la bonne cause","og_description":"VAULX EN VELIN : L'Amicale Laique Judo organise un interclubs pour la bonne cause","og_url":"https:\/\/newsestlyonnais.fr\/site\/2017\/03\/06\/vaulx-en-velin-lamicale-laique-judo-organise-un-interclubs-pour-la-bonne-cause\/","og_site_name":"News Est Lyonnais","article_author":"https:\/\/www.facebook.com\/pascal.oberson.1?fref=ts","article_published_time":"2017-03-06T13:24:25+00:00","article_modified_time":"2019-08-29T04:33:06+00:00","og_image":[{"width":1000,"height":750,"url":"https:\/\/i0.wp.com\/newsestlyonnais.fr\/site\/wp-content\/uploads\/2017\/03\/NEWSESTLYONNAIS-VAULX-JUDO-.jpg?fit=1000%2C750&ssl=1","type":"image\/jpeg"}],"author":"R\u00e9dac. NEWS","twitter_card":"summary_large_image","twitter_misc":{"\u00c9crit par":"R\u00e9dac. NEWS","Dur\u00e9e de lecture estim\u00e9e":"1 minute"},"schema":{"@context":"https:\/\/schema.org","@graph":[{"@type":"Article","@id":"https:\/\/newsestlyonnais.fr\/site\/2017\/03\/06\/vaulx-en-velin-lamicale-laique-judo-organise-un-interclubs-pour-la-bonne-cause\/#article","isPartOf":{"@id":"https:\/\/newsestlyonnais.fr\/site\/2017\/03\/06\/vaulx-en-velin-lamicale-laique-judo-organise-un-interclubs-pour-la-bonne-cause\/"},"author":{"name":"R\u00e9dac. NEWS","@id":"https:\/\/newsestlyonnais.fr\/site\/#\/schema\/person\/3230d5615f390bb808365d673001e887"},"headline":"VAULX EN VELIN : L&rsquo;Amicale Laique Judo organise un interclubs pour la bonne cause","datePublished":"2017-03-06T13:24:25+00:00","dateModified":"2019-08-29T04:33:06+00:00","mainEntityOfPage":{"@id":"https:\/\/newsestlyonnais.fr\/site\/2017\/03\/06\/vaulx-en-velin-lamicale-laique-judo-organise-un-interclubs-pour-la-bonne-cause\/"},"wordCount":249,"commentCount":0,"publisher":{"@id":"https:\/\/newsestlyonnais.fr\/site\/#organization"},"image":{"@id":"https:\/\/newsestlyonnais.fr\/site\/2017\/03\/06\/vaulx-en-velin-lamicale-laique-judo-organise-un-interclubs-pour-la-bonne-cause\/#primaryimage"},"thumbnailUrl":"https:\/\/newsestlyonnais.fr\/site\/wp-content\/uploads\/2017\/03\/NEWSESTLYONNAIS-VAULX-JUDO-.jpg","articleSection":["\u00e0 la une","Judo","Sant\u00e9 | Bien Etre | Solidarit\u00e9","Sports","Vaulx-en-Velin"],"inLanguage":"fr-FR","potentialAction":[{"@type":"CommentAction","name":"Comment","target":["https:\/\/newsestlyonnais.fr\/site\/2017\/03\/06\/vaulx-en-velin-lamicale-laique-judo-organise-un-interclubs-pour-la-bonne-cause\/#respond"]}]},{"@type":"WebPage","@id":"https:\/\/newsestlyonnais.fr\/site\/2017\/03\/06\/vaulx-en-velin-lamicale-laique-judo-organise-un-interclubs-pour-la-bonne-cause\/","url":"https:\/\/newsestlyonnais.fr\/site\/2017\/03\/06\/vaulx-en-velin-lamicale-laique-judo-organise-un-interclubs-pour-la-bonne-cause\/","name":"VAULX EN VELIN : L'Amicale Laique Judo organise un interclubs pour la bonne cause","isPartOf":{"@id":"https:\/\/newsestlyonnais.fr\/site\/#website"},"primaryImageOfPage":{"@id":"https:\/\/newsestlyonnais.fr\/site\/2017\/03\/06\/vaulx-en-velin-lamicale-laique-judo-organise-un-interclubs-pour-la-bonne-cause\/#primaryimage"},"image":{"@id":"https:\/\/newsestlyonnais.fr\/site\/2017\/03\/06\/vaulx-en-velin-lamicale-laique-judo-organise-un-interclubs-pour-la-bonne-cause\/#primaryimage"},"thumbnailUrl":"https:\/\/newsestlyonnais.fr\/site\/wp-content\/uploads\/2017\/03\/NEWSESTLYONNAIS-VAULX-JUDO-.jpg","datePublished":"2017-03-06T13:24:25+00:00","dateModified":"2019-08-29T04:33:06+00:00","description":"VAULX EN VELIN : L'Amicale Laique Judo organise un interclubs pour la bonne cause","breadcrumb":{"@id":"https:\/\/newsestlyonnais.fr\/site\/2017\/03\/06\/vaulx-en-velin-lamicale-laique-judo-organise-un-interclubs-pour-la-bonne-cause\/#breadcrumb"},"inLanguage":"fr-FR","potentialAction":[{"@type":"ReadAction","target":["https:\/\/newsestlyonnais.fr\/site\/2017\/03\/06\/vaulx-en-velin-lamicale-laique-judo-organise-un-interclubs-pour-la-bonne-cause\/"]}]},{"@type":"ImageObject","inLanguage":"fr-FR","@id":"https:\/\/newsestlyonnais.fr\/site\/2017\/03\/06\/vaulx-en-velin-lamicale-laique-judo-organise-un-interclubs-pour-la-bonne-cause\/#primaryimage","url":"https:\/\/newsestlyonnais.fr\/site\/wp-content\/uploads\/2017\/03\/NEWSESTLYONNAIS-VAULX-JUDO-.jpg","contentUrl":"https:\/\/newsestlyonnais.fr\/site\/wp-content\/uploads\/2017\/03\/NEWSESTLYONNAIS-VAULX-JUDO-.jpg","width":1000,"height":750,"caption":"NEWSESTLYONNAIS - AL VAULX JUDO"},{"@type":"BreadcrumbList","@id":"https:\/\/newsestlyonnais.fr\/site\/2017\/03\/06\/vaulx-en-velin-lamicale-laique-judo-organise-un-interclubs-pour-la-bonne-cause\/#breadcrumb","itemListElement":[{"@type":"ListItem","position":1,"name":"Accueil","item":"https:\/\/newsestlyonnais.fr\/site\/"},{"@type":"ListItem","position":2,"name":"VAULX EN VELIN : L&rsquo;Amicale Laique Judo organise un interclubs pour la bonne cause"}]},{"@type":"WebSite","@id":"https:\/\/newsestlyonnais.fr\/site\/#website","url":"https:\/\/newsestlyonnais.fr\/site\/","name":"News Est Lyonnais","description":"L&#039;actualit\u00e9 au plus pr\u00e8s","publisher":{"@id":"https:\/\/newsestlyonnais.fr\/site\/#organization"},"potentialAction":[{"@type":"SearchAction","target":{"@type":"EntryPoint","urlTemplate":"https:\/\/newsestlyonnais.fr\/site\/?s={search_term_string}"},"query-input":{"@type":"PropertyValueSpecification","valueRequired":true,"valueName":"search_term_string"}}],"inLanguage":"fr-FR"},{"@type":"Organization","@id":"https:\/\/newsestlyonnais.fr\/site\/#organization","name":"News EST LYONNAIS","url":"https:\/\/newsestlyonnais.fr\/site\/","logo":{"@type":"ImageObject","inLanguage":"fr-FR","@id":"https:\/\/newsestlyonnais.fr\/site\/#\/schema\/logo\/image\/","url":"","contentUrl":"","caption":"News EST LYONNAIS"},"image":{"@id":"https:\/\/newsestlyonnais.fr\/site\/#\/schema\/logo\/image\/"}},{"@type":"Person","@id":"https:\/\/newsestlyonnais.fr\/site\/#\/schema\/person\/3230d5615f390bb808365d673001e887","name":"R\u00e9dac. NEWS","sameAs":["http:\/\/www.newsestlyonnais.fr","https:\/\/www.facebook.com\/pascal.oberson.1?fref=ts","https:\/\/fr.linkedin.com\/in\/pascal-oberson-b17045113"],"url":"https:\/\/newsestlyonnais.fr\/site\/author\/nel\/"}]}},"_links":{"self":[{"href":"https:\/\/newsestlyonnais.fr\/site\/wp-json\/wp\/v2\/posts\/22079","targetHints":{"allow":["GET"]}}],"collection":[{"href":"https:\/\/newsestlyonnais.fr\/site\/wp-json\/wp\/v2\/posts"}],"about":[{"href":"https:\/\/newsestlyonnais.fr\/site\/wp-json\/wp\/v2\/types\/post"}],"author":[{"embeddable":true,"href":"https:\/\/newsestlyonnais.fr\/site\/wp-json\/wp\/v2\/users\/4"}],"replies":[{"embeddable":true,"href":"https:\/\/newsestlyonnais.fr\/site\/wp-json\/wp\/v2\/comments?post=22079"}],"version-history":[{"count":0,"href":"https:\/\/newsestlyonnais.fr\/site\/wp-json\/wp\/v2\/posts\/22079\/revisions"}],"wp:featuredmedia":[{"embeddable":true,"href":"https:\/\/newsestlyonnais.fr\/site\/wp-json\/wp\/v2\/media\/22167"}],"wp:attachment":[{"href":"https:\/\/newsestlyonnais.fr\/site\/wp-json\/wp\/v2\/media?parent=22079"}],"wp:term":[{"taxonomy":"category","embeddable":true,"href":"https:\/\/newsestlyonnais.fr\/site\/wp-json\/wp\/v2\/categories?post=22079"},{"taxonomy":"post_tag","embeddable":true,"href":"https:\/\/newsestlyonnais.fr\/site\/wp-json\/wp\/v2\/tags?post=22079"}],"curies":[{"name":"wp","href":"https:\/\/api.w.org\/{rel}","templated":true}]}}