{"id":22140,"date":"2017-03-06T07:34:36","date_gmt":"2017-03-06T06:34:36","guid":{"rendered":"http:\/\/newsestlyonnais.fr\/site\/?p=22140"},"modified":"2020-11-08T20:43:11","modified_gmt":"2020-11-08T19:43:11","slug":"genas-des-temps-forts-en-mars-et-avril-a-la-mediatheque","status":"publish","type":"post","link":"https:\/\/newsestlyonnais.fr\/site\/2017\/03\/06\/genas-des-temps-forts-en-mars-et-avril-a-la-mediatheque\/","title":{"rendered":"GENAS | Des temps forts en mars et avril \u00e0 la M\u00e9diath\u00e8que"},"content":{"rendered":"<h4>Cette ann\u00e9e la M\u00e9diath\u00e8que \u00ab\u00a0Le Jardin des Lecteurs\u00a0\u00bb propose \u00ab L\u2019envers du d\u00e9cor \u00bb, temps fort qui se d\u00e9roulera en mars et avril 2017.<\/h4>\n<ul>\n<li>Tout commence par un <strong>cycle de 3 cin\u00e9-conf\u00e9rences<\/strong> avec Fabrice Calzettoni, historien du cin\u00e9ma.<\/li>\n<\/ul>\n<p>Musiques de film:\u00a0 A partir d\u2019extraits, mesurez le r\u00f4le et l\u2019importance de la musique et des sons.<\/p>\n<p><span style=\"text-decoration: underline;\">Samedi 11 mars \u00e0 11 h<\/span> (dur\u00e9e 1 h 15 &#8211; petit auditorium). Tout public &#8211; entr\u00e9e libre.<\/p>\n<p>Ecriture du cin\u00e9ma:\u00a0 Percez les secrets de fabrication et les bases du langage cin\u00e9matographique.<\/p>\n<p><span style=\"text-decoration: underline;\">Samedi 25 mars \u00e0 11 h<\/span> (dur\u00e9e 1 h 15 &#8211; petit auditorium). Tout public &#8211; entr\u00e9e libre<\/p>\n<p>BD et cin\u00e9ma: D\u00e9couvrez la rencontre des deux entre le 7\u00b0 et 9\u00b0 art.<\/p>\n<p><span style=\"text-decoration: underline;\">Samedi 1er avril \u00e0 11 h<\/span>\u00a0 (dur\u00e9e 1 h 15 &#8211; petit auditorium). Tout public &#8211; entr\u00e9e libre<\/p>\n<ul>\n<li>En avril, <strong>focus sur Camille Jourdy, auteure-illustratrice lyonnaise de BD<\/strong> adulte et albums enfant.<br \/>\nExposition d\u2019une partie de son oeuvre.<\/li>\n<\/ul>\n<p>Du 1\u00b0 avril au 30 avril : <span style=\"text-decoration: underline;\">Mercredi 5 avril<\/span> : Soir\u00e9e en 2 temps avec la pr\u00e9sence de Camille Jourdy.<\/p>\n<p>&#8211; 18 h: Vernissage de l\u2019exposition &#8211; Tout public. &#8211; <span style=\"text-decoration: underline;\">20 h:<\/span> Projection du film \u00ab Rosalie Blum \u00bb de Julien Rappeneau, com\u00e9die adapt\u00e9e de la trilogie \u00e9ponyme de Camille Jourdy. (Dur\u00e9e\u00a0 1h 35). Echange avec l\u2019auteure \u00e0 l\u2019issue de la projection. Public \u00e0 partir de 15 ans<\/p>\n<p>Graines de tablette \u00ab Fabrique ton livre num\u00e9rique \u00bb: Imagine et invente ta premi\u00e8re histoire avec une tablette num\u00e9rique.<\/p>\n<p><span style=\"text-decoration: underline;\">Mercredi 12 avril de 16 h \u00e0 18 h<\/span>. (D\u00e8s 7 ans &#8211; petit auditorium).<\/p>\n<p>Soir\u00e9e jeu autour de la BD. Entrez dans la peau d\u2019un collectionneur du 9\u00b0 art.<\/p>\n<p><span style=\"text-decoration: underline;\">Vendredi 14 avril \u00e0 19 h 30<\/span> (Public d\u00e8s 12 ans\u00b0.<\/p>\n<ul>\n<li><strong>Animations gratuites sur r\u00e9servation: T\u00e9l: 04.72.47.11.24 ou mail <a href=\"mailto:mediatheque@ville-genas.fr\">mediatheque@ville-genas.fr<\/a><\/strong><\/li>\n<\/ul>\n<h4>Retrouvez l&rsquo;ACTU de la M\u00e9diath\u00e8que sur:\u00a0<a href=\"http:\/\/www.mediatheque-genas.fr\/index\" target=\"_blank\" rel=\"noopener noreferrer\">http:\/\/www.mediatheque-genas.fr\/index<\/a><\/h4>\n","protected":false},"excerpt":{"rendered":"<p>Cette ann\u00e9e la M\u00e9diath\u00e8que \u00ab\u00a0Le Jardin des Lecteurs\u00a0\u00bb propose \u00ab L\u2019envers du d\u00e9cor \u00bb, temps fort qui se d\u00e9roulera en mars et avril 2017. Tout commence par un cycle de 3 cin\u00e9-conf\u00e9rences avec Fabrice Calzettoni, historien du cin\u00e9ma. Musiques de film:\u00a0 A partir d\u2019extraits, mesurez le r\u00f4le et l\u2019importance de la musique et des sons. [&hellip;]<\/p>\n","protected":false},"author":4,"featured_media":7336,"comment_status":"open","ping_status":"open","sticky":false,"template":"","format":"standard","meta":{"footnotes":""},"categories":[3003,270,1598],"tags":[],"class_list":["post-22140","post","type-post","status-publish","format-standard","has-post-thumbnail","hentry","category-bibliotheque-mediatheque-mjc","category-cte-de-communes-c-c-e-l","category-genas"],"yoast_head":"<!-- This site is optimized with the Yoast SEO plugin v27.2 - https:\/\/yoast.com\/product\/yoast-seo-wordpress\/ -->\n<title>GENAS: DES TEMPS FORTS EN MARS ET AVRIL A LA MEDIATHEQUE<\/title>\n<meta name=\"description\" content=\"GENAS: DES TEMPS FORTS EN MARS ET AVRIL A LA MEDIATHEQUE\" \/>\n<meta name=\"robots\" content=\"index, follow, max-snippet:-1, max-image-preview:large, max-video-preview:-1\" \/>\n<link rel=\"canonical\" href=\"https:\/\/newsestlyonnais.fr\/site\/2017\/03\/06\/genas-des-temps-forts-en-mars-et-avril-a-la-mediatheque\/\" \/>\n<meta property=\"og:locale\" content=\"fr_FR\" \/>\n<meta property=\"og:type\" content=\"article\" \/>\n<meta property=\"og:title\" content=\"GENAS: DES TEMPS FORTS EN MARS ET AVRIL A LA MEDIATHEQUE\" \/>\n<meta property=\"og:description\" content=\"GENAS: DES TEMPS FORTS EN MARS ET AVRIL A LA MEDIATHEQUE\" \/>\n<meta property=\"og:url\" content=\"https:\/\/newsestlyonnais.fr\/site\/2017\/03\/06\/genas-des-temps-forts-en-mars-et-avril-a-la-mediatheque\/\" \/>\n<meta property=\"og:site_name\" content=\"News Est Lyonnais\" \/>\n<meta property=\"article:author\" content=\"https:\/\/www.facebook.com\/pascal.oberson.1?fref=ts\" \/>\n<meta property=\"article:published_time\" content=\"2017-03-06T06:34:36+00:00\" \/>\n<meta property=\"article:modified_time\" content=\"2020-11-08T19:43:11+00:00\" \/>\n<meta property=\"og:image\" content=\"https:\/\/i1.wp.com\/newsestlyonnais.fr\/site\/wp-content\/uploads\/2016\/05\/NEWSESTLYONNAISPANNEAUGENAS.jpg?fit=1000%2C750&ssl=1\" \/>\n\t<meta property=\"og:image:width\" content=\"1000\" \/>\n\t<meta property=\"og:image:height\" content=\"750\" \/>\n\t<meta property=\"og:image:type\" content=\"image\/jpeg\" \/>\n<meta name=\"author\" content=\"R\u00e9dac. NEWS\" \/>\n<meta name=\"twitter:card\" content=\"summary_large_image\" \/>\n<meta name=\"twitter:label1\" content=\"\u00c9crit par\" \/>\n\t<meta name=\"twitter:data1\" content=\"R\u00e9dac. NEWS\" \/>\n\t<meta name=\"twitter:label2\" content=\"Dur\u00e9e de lecture estim\u00e9e\" \/>\n\t<meta name=\"twitter:data2\" content=\"2 minutes\" \/>\n<script type=\"application\/ld+json\" class=\"yoast-schema-graph\">{\"@context\":\"https:\/\/schema.org\",\"@graph\":[{\"@type\":\"Article\",\"@id\":\"https:\/\/newsestlyonnais.fr\/site\/2017\/03\/06\/genas-des-temps-forts-en-mars-et-avril-a-la-mediatheque\/#article\",\"isPartOf\":{\"@id\":\"https:\/\/newsestlyonnais.fr\/site\/2017\/03\/06\/genas-des-temps-forts-en-mars-et-avril-a-la-mediatheque\/\"},\"author\":{\"name\":\"R\u00e9dac. NEWS\",\"@id\":\"https:\/\/newsestlyonnais.fr\/site\/#\/schema\/person\/3230d5615f390bb808365d673001e887\"},\"headline\":\"GENAS | Des temps forts en mars et avril \u00e0 la M\u00e9diath\u00e8que\",\"datePublished\":\"2017-03-06T06:34:36+00:00\",\"dateModified\":\"2020-11-08T19:43:11+00:00\",\"mainEntityOfPage\":{\"@id\":\"https:\/\/newsestlyonnais.fr\/site\/2017\/03\/06\/genas-des-temps-forts-en-mars-et-avril-a-la-mediatheque\/\"},\"wordCount\":315,\"commentCount\":0,\"publisher\":{\"@id\":\"https:\/\/newsestlyonnais.fr\/site\/#organization\"},\"image\":{\"@id\":\"https:\/\/newsestlyonnais.fr\/site\/2017\/03\/06\/genas-des-temps-forts-en-mars-et-avril-a-la-mediatheque\/#primaryimage\"},\"thumbnailUrl\":\"https:\/\/newsestlyonnais.fr\/site\/wp-content\/uploads\/2016\/05\/NEWSESTLYONNAISPANNEAUGENAS.jpg\",\"articleSection\":[\"Biblioth\u00e8que | M\u00e9diath\u00e8que | MJC\",\"CCEL | Communes\",\"Genas\"],\"inLanguage\":\"fr-FR\",\"potentialAction\":[{\"@type\":\"CommentAction\",\"name\":\"Comment\",\"target\":[\"https:\/\/newsestlyonnais.fr\/site\/2017\/03\/06\/genas-des-temps-forts-en-mars-et-avril-a-la-mediatheque\/#respond\"]}]},{\"@type\":\"WebPage\",\"@id\":\"https:\/\/newsestlyonnais.fr\/site\/2017\/03\/06\/genas-des-temps-forts-en-mars-et-avril-a-la-mediatheque\/\",\"url\":\"https:\/\/newsestlyonnais.fr\/site\/2017\/03\/06\/genas-des-temps-forts-en-mars-et-avril-a-la-mediatheque\/\",\"name\":\"GENAS: DES TEMPS FORTS EN MARS ET AVRIL A LA MEDIATHEQUE\",\"isPartOf\":{\"@id\":\"https:\/\/newsestlyonnais.fr\/site\/#website\"},\"primaryImageOfPage\":{\"@id\":\"https:\/\/newsestlyonnais.fr\/site\/2017\/03\/06\/genas-des-temps-forts-en-mars-et-avril-a-la-mediatheque\/#primaryimage\"},\"image\":{\"@id\":\"https:\/\/newsestlyonnais.fr\/site\/2017\/03\/06\/genas-des-temps-forts-en-mars-et-avril-a-la-mediatheque\/#primaryimage\"},\"thumbnailUrl\":\"https:\/\/newsestlyonnais.fr\/site\/wp-content\/uploads\/2016\/05\/NEWSESTLYONNAISPANNEAUGENAS.jpg\",\"datePublished\":\"2017-03-06T06:34:36+00:00\",\"dateModified\":\"2020-11-08T19:43:11+00:00\",\"description\":\"GENAS: DES TEMPS FORTS EN MARS ET AVRIL A LA MEDIATHEQUE\",\"breadcrumb\":{\"@id\":\"https:\/\/newsestlyonnais.fr\/site\/2017\/03\/06\/genas-des-temps-forts-en-mars-et-avril-a-la-mediatheque\/#breadcrumb\"},\"inLanguage\":\"fr-FR\",\"potentialAction\":[{\"@type\":\"ReadAction\",\"target\":[\"https:\/\/newsestlyonnais.fr\/site\/2017\/03\/06\/genas-des-temps-forts-en-mars-et-avril-a-la-mediatheque\/\"]}]},{\"@type\":\"ImageObject\",\"inLanguage\":\"fr-FR\",\"@id\":\"https:\/\/newsestlyonnais.fr\/site\/2017\/03\/06\/genas-des-temps-forts-en-mars-et-avril-a-la-mediatheque\/#primaryimage\",\"url\":\"https:\/\/newsestlyonnais.fr\/site\/wp-content\/uploads\/2016\/05\/NEWSESTLYONNAISPANNEAUGENAS.jpg\",\"contentUrl\":\"https:\/\/newsestlyonnais.fr\/site\/wp-content\/uploads\/2016\/05\/NEWSESTLYONNAISPANNEAUGENAS.jpg\",\"width\":1000,\"height\":750,\"caption\":\"NEWSESTLYONNAISPANNEAUGENAS\"},{\"@type\":\"BreadcrumbList\",\"@id\":\"https:\/\/newsestlyonnais.fr\/site\/2017\/03\/06\/genas-des-temps-forts-en-mars-et-avril-a-la-mediatheque\/#breadcrumb\",\"itemListElement\":[{\"@type\":\"ListItem\",\"position\":1,\"name\":\"Accueil\",\"item\":\"https:\/\/newsestlyonnais.fr\/site\/\"},{\"@type\":\"ListItem\",\"position\":2,\"name\":\"GENAS | Des temps forts en mars et avril \u00e0 la M\u00e9diath\u00e8que\"}]},{\"@type\":\"WebSite\",\"@id\":\"https:\/\/newsestlyonnais.fr\/site\/#website\",\"url\":\"https:\/\/newsestlyonnais.fr\/site\/\",\"name\":\"News Est Lyonnais\",\"description\":\"L&#039;actualit\u00e9 au plus pr\u00e8s\",\"publisher\":{\"@id\":\"https:\/\/newsestlyonnais.fr\/site\/#organization\"},\"potentialAction\":[{\"@type\":\"SearchAction\",\"target\":{\"@type\":\"EntryPoint\",\"urlTemplate\":\"https:\/\/newsestlyonnais.fr\/site\/?s={search_term_string}\"},\"query-input\":{\"@type\":\"PropertyValueSpecification\",\"valueRequired\":true,\"valueName\":\"search_term_string\"}}],\"inLanguage\":\"fr-FR\"},{\"@type\":\"Organization\",\"@id\":\"https:\/\/newsestlyonnais.fr\/site\/#organization\",\"name\":\"News EST LYONNAIS\",\"url\":\"https:\/\/newsestlyonnais.fr\/site\/\",\"logo\":{\"@type\":\"ImageObject\",\"inLanguage\":\"fr-FR\",\"@id\":\"https:\/\/newsestlyonnais.fr\/site\/#\/schema\/logo\/image\/\",\"url\":\"\",\"contentUrl\":\"\",\"caption\":\"News EST LYONNAIS\"},\"image\":{\"@id\":\"https:\/\/newsestlyonnais.fr\/site\/#\/schema\/logo\/image\/\"}},{\"@type\":\"Person\",\"@id\":\"https:\/\/newsestlyonnais.fr\/site\/#\/schema\/person\/3230d5615f390bb808365d673001e887\",\"name\":\"R\u00e9dac. NEWS\",\"sameAs\":[\"http:\/\/www.newsestlyonnais.fr\",\"https:\/\/www.facebook.com\/pascal.oberson.1?fref=ts\",\"https:\/\/fr.linkedin.com\/in\/pascal-oberson-b17045113\"],\"url\":\"https:\/\/newsestlyonnais.fr\/site\/author\/nel\/\"}]}<\/script>\n<!-- \/ Yoast SEO plugin. -->","yoast_head_json":{"title":"GENAS: DES TEMPS FORTS EN MARS ET AVRIL A LA MEDIATHEQUE","description":"GENAS: DES TEMPS FORTS EN MARS ET AVRIL A LA MEDIATHEQUE","robots":{"index":"index","follow":"follow","max-snippet":"max-snippet:-1","max-image-preview":"max-image-preview:large","max-video-preview":"max-video-preview:-1"},"canonical":"https:\/\/newsestlyonnais.fr\/site\/2017\/03\/06\/genas-des-temps-forts-en-mars-et-avril-a-la-mediatheque\/","og_locale":"fr_FR","og_type":"article","og_title":"GENAS: DES TEMPS FORTS EN MARS ET AVRIL A LA MEDIATHEQUE","og_description":"GENAS: DES TEMPS FORTS EN MARS ET AVRIL A LA MEDIATHEQUE","og_url":"https:\/\/newsestlyonnais.fr\/site\/2017\/03\/06\/genas-des-temps-forts-en-mars-et-avril-a-la-mediatheque\/","og_site_name":"News Est Lyonnais","article_author":"https:\/\/www.facebook.com\/pascal.oberson.1?fref=ts","article_published_time":"2017-03-06T06:34:36+00:00","article_modified_time":"2020-11-08T19:43:11+00:00","og_image":[{"width":1000,"height":750,"url":"https:\/\/i1.wp.com\/newsestlyonnais.fr\/site\/wp-content\/uploads\/2016\/05\/NEWSESTLYONNAISPANNEAUGENAS.jpg?fit=1000%2C750&ssl=1","type":"image\/jpeg"}],"author":"R\u00e9dac. NEWS","twitter_card":"summary_large_image","twitter_misc":{"\u00c9crit par":"R\u00e9dac. NEWS","Dur\u00e9e de lecture estim\u00e9e":"2 minutes"},"schema":{"@context":"https:\/\/schema.org","@graph":[{"@type":"Article","@id":"https:\/\/newsestlyonnais.fr\/site\/2017\/03\/06\/genas-des-temps-forts-en-mars-et-avril-a-la-mediatheque\/#article","isPartOf":{"@id":"https:\/\/newsestlyonnais.fr\/site\/2017\/03\/06\/genas-des-temps-forts-en-mars-et-avril-a-la-mediatheque\/"},"author":{"name":"R\u00e9dac. NEWS","@id":"https:\/\/newsestlyonnais.fr\/site\/#\/schema\/person\/3230d5615f390bb808365d673001e887"},"headline":"GENAS | Des temps forts en mars et avril \u00e0 la M\u00e9diath\u00e8que","datePublished":"2017-03-06T06:34:36+00:00","dateModified":"2020-11-08T19:43:11+00:00","mainEntityOfPage":{"@id":"https:\/\/newsestlyonnais.fr\/site\/2017\/03\/06\/genas-des-temps-forts-en-mars-et-avril-a-la-mediatheque\/"},"wordCount":315,"commentCount":0,"publisher":{"@id":"https:\/\/newsestlyonnais.fr\/site\/#organization"},"image":{"@id":"https:\/\/newsestlyonnais.fr\/site\/2017\/03\/06\/genas-des-temps-forts-en-mars-et-avril-a-la-mediatheque\/#primaryimage"},"thumbnailUrl":"https:\/\/newsestlyonnais.fr\/site\/wp-content\/uploads\/2016\/05\/NEWSESTLYONNAISPANNEAUGENAS.jpg","articleSection":["Biblioth\u00e8que | M\u00e9diath\u00e8que | MJC","CCEL | Communes","Genas"],"inLanguage":"fr-FR","potentialAction":[{"@type":"CommentAction","name":"Comment","target":["https:\/\/newsestlyonnais.fr\/site\/2017\/03\/06\/genas-des-temps-forts-en-mars-et-avril-a-la-mediatheque\/#respond"]}]},{"@type":"WebPage","@id":"https:\/\/newsestlyonnais.fr\/site\/2017\/03\/06\/genas-des-temps-forts-en-mars-et-avril-a-la-mediatheque\/","url":"https:\/\/newsestlyonnais.fr\/site\/2017\/03\/06\/genas-des-temps-forts-en-mars-et-avril-a-la-mediatheque\/","name":"GENAS: DES TEMPS FORTS EN MARS ET AVRIL A LA MEDIATHEQUE","isPartOf":{"@id":"https:\/\/newsestlyonnais.fr\/site\/#website"},"primaryImageOfPage":{"@id":"https:\/\/newsestlyonnais.fr\/site\/2017\/03\/06\/genas-des-temps-forts-en-mars-et-avril-a-la-mediatheque\/#primaryimage"},"image":{"@id":"https:\/\/newsestlyonnais.fr\/site\/2017\/03\/06\/genas-des-temps-forts-en-mars-et-avril-a-la-mediatheque\/#primaryimage"},"thumbnailUrl":"https:\/\/newsestlyonnais.fr\/site\/wp-content\/uploads\/2016\/05\/NEWSESTLYONNAISPANNEAUGENAS.jpg","datePublished":"2017-03-06T06:34:36+00:00","dateModified":"2020-11-08T19:43:11+00:00","description":"GENAS: DES TEMPS FORTS EN MARS ET AVRIL A LA MEDIATHEQUE","breadcrumb":{"@id":"https:\/\/newsestlyonnais.fr\/site\/2017\/03\/06\/genas-des-temps-forts-en-mars-et-avril-a-la-mediatheque\/#breadcrumb"},"inLanguage":"fr-FR","potentialAction":[{"@type":"ReadAction","target":["https:\/\/newsestlyonnais.fr\/site\/2017\/03\/06\/genas-des-temps-forts-en-mars-et-avril-a-la-mediatheque\/"]}]},{"@type":"ImageObject","inLanguage":"fr-FR","@id":"https:\/\/newsestlyonnais.fr\/site\/2017\/03\/06\/genas-des-temps-forts-en-mars-et-avril-a-la-mediatheque\/#primaryimage","url":"https:\/\/newsestlyonnais.fr\/site\/wp-content\/uploads\/2016\/05\/NEWSESTLYONNAISPANNEAUGENAS.jpg","contentUrl":"https:\/\/newsestlyonnais.fr\/site\/wp-content\/uploads\/2016\/05\/NEWSESTLYONNAISPANNEAUGENAS.jpg","width":1000,"height":750,"caption":"NEWSESTLYONNAISPANNEAUGENAS"},{"@type":"BreadcrumbList","@id":"https:\/\/newsestlyonnais.fr\/site\/2017\/03\/06\/genas-des-temps-forts-en-mars-et-avril-a-la-mediatheque\/#breadcrumb","itemListElement":[{"@type":"ListItem","position":1,"name":"Accueil","item":"https:\/\/newsestlyonnais.fr\/site\/"},{"@type":"ListItem","position":2,"name":"GENAS | Des temps forts en mars et avril \u00e0 la M\u00e9diath\u00e8que"}]},{"@type":"WebSite","@id":"https:\/\/newsestlyonnais.fr\/site\/#website","url":"https:\/\/newsestlyonnais.fr\/site\/","name":"News Est Lyonnais","description":"L&#039;actualit\u00e9 au plus pr\u00e8s","publisher":{"@id":"https:\/\/newsestlyonnais.fr\/site\/#organization"},"potentialAction":[{"@type":"SearchAction","target":{"@type":"EntryPoint","urlTemplate":"https:\/\/newsestlyonnais.fr\/site\/?s={search_term_string}"},"query-input":{"@type":"PropertyValueSpecification","valueRequired":true,"valueName":"search_term_string"}}],"inLanguage":"fr-FR"},{"@type":"Organization","@id":"https:\/\/newsestlyonnais.fr\/site\/#organization","name":"News EST LYONNAIS","url":"https:\/\/newsestlyonnais.fr\/site\/","logo":{"@type":"ImageObject","inLanguage":"fr-FR","@id":"https:\/\/newsestlyonnais.fr\/site\/#\/schema\/logo\/image\/","url":"","contentUrl":"","caption":"News EST LYONNAIS"},"image":{"@id":"https:\/\/newsestlyonnais.fr\/site\/#\/schema\/logo\/image\/"}},{"@type":"Person","@id":"https:\/\/newsestlyonnais.fr\/site\/#\/schema\/person\/3230d5615f390bb808365d673001e887","name":"R\u00e9dac. NEWS","sameAs":["http:\/\/www.newsestlyonnais.fr","https:\/\/www.facebook.com\/pascal.oberson.1?fref=ts","https:\/\/fr.linkedin.com\/in\/pascal-oberson-b17045113"],"url":"https:\/\/newsestlyonnais.fr\/site\/author\/nel\/"}]}},"_links":{"self":[{"href":"https:\/\/newsestlyonnais.fr\/site\/wp-json\/wp\/v2\/posts\/22140","targetHints":{"allow":["GET"]}}],"collection":[{"href":"https:\/\/newsestlyonnais.fr\/site\/wp-json\/wp\/v2\/posts"}],"about":[{"href":"https:\/\/newsestlyonnais.fr\/site\/wp-json\/wp\/v2\/types\/post"}],"author":[{"embeddable":true,"href":"https:\/\/newsestlyonnais.fr\/site\/wp-json\/wp\/v2\/users\/4"}],"replies":[{"embeddable":true,"href":"https:\/\/newsestlyonnais.fr\/site\/wp-json\/wp\/v2\/comments?post=22140"}],"version-history":[{"count":0,"href":"https:\/\/newsestlyonnais.fr\/site\/wp-json\/wp\/v2\/posts\/22140\/revisions"}],"wp:featuredmedia":[{"embeddable":true,"href":"https:\/\/newsestlyonnais.fr\/site\/wp-json\/wp\/v2\/media\/7336"}],"wp:attachment":[{"href":"https:\/\/newsestlyonnais.fr\/site\/wp-json\/wp\/v2\/media?parent=22140"}],"wp:term":[{"taxonomy":"category","embeddable":true,"href":"https:\/\/newsestlyonnais.fr\/site\/wp-json\/wp\/v2\/categories?post=22140"},{"taxonomy":"post_tag","embeddable":true,"href":"https:\/\/newsestlyonnais.fr\/site\/wp-json\/wp\/v2\/tags?post=22140"}],"curies":[{"name":"wp","href":"https:\/\/api.w.org\/{rel}","templated":true}]}}